{"id":1091,"date":"2020-08-18T14:33:27","date_gmt":"2020-08-18T17:33:27","guid":{"rendered":"http:\/\/www.comunidadeativa.jor.br\/?p=1091"},"modified":"2020-09-04T16:05:49","modified_gmt":"2020-09-04T19:05:49","slug":"agosto-e-mes-de-prevencao-a-leishmaniose-canina-e-de-palestra-gratuita-sobre-a-doenca","status":"publish","type":"post","link":"https:\/\/www.comunidadeativa.jor.br\/index.php\/2020\/08\/18\/agosto-e-mes-de-prevencao-a-leishmaniose-canina-e-de-palestra-gratuita-sobre-a-doenca\/","title":{"rendered":"Agosto \u00e9 m\u00eas de preven\u00e7\u00e3o \u00e0 leishmaniose canina e de palestra gratuita sobre a doen\u00e7a"},"content":{"rendered":"<p>Com a maior parte das aten\u00e7\u00f5es voltadas para a Covid-19, a campanha Agosto Verde, iniciativa do Centro de Estudos em Cl\u00ednica e Cirurgia de Animais (CECCA), da PUC Minas, vem para lembrar de outra zoonose que n\u00e3o pode ser negligenciada: a leishmaniose visceral canina. Com a\u00e7\u00f5es voltadas para a conscientiza\u00e7\u00e3o do p\u00fablico, a campanha pretende incentivar o combate a uma doen\u00e7a que, segundo dados da Organiza\u00e7\u00e3o Mundial de Sa\u00fade (OMS), afeta 2 milh\u00f5es de pessoas anualmente no mundo e tamb\u00e9m \u00e9 preocupante no Brasil.<\/p>\n<p>De acordo com o Minist\u00e9rio da Sa\u00fade, a doen\u00e7a est\u00e1 presente em praticamente todo o territ\u00f3rio nacional, afetando 25 dos 27 estados brasileiros, onde est\u00e3o concentrados 90% de todos os casos registrados na Am\u00e9rica do Sul. \u201cEm fun\u00e7\u00e3o das modifica\u00e7\u00f5es socioambientais e a crescente urbaniza\u00e7\u00e3o da doen\u00e7a ocorrida nos \u00faltimos 20 anos, estrat\u00e9gias de controle e preven\u00e7\u00e3o devem ser amplamente discutidas em cada munic\u00edpio\u201d, afirma o professor Rafael Carvalho de Souza, um dos organizadores da campanha.<\/p>\n<h6>Transmiss\u00e3o e sintomas<\/h6>\n<p>Com grande potencial end\u00eamico, esse tipo de leishmaniose encontra o c\u00e3o como principal reservat\u00f3rio da doen\u00e7a no meio urbano. A transmiss\u00e3o ocorre a partir da picada do mosquito <em>Lutzomyia longipalpis<\/em>, o mosquito palha, tamb\u00e9m conhecido como fleb\u00f3tomo, que funciona como vetor do protozo\u00e1rio <em>Leishmania infantum chagasi<\/em>, causador da zoonose no Brasil.<\/p>\n<figure style=\"width: 617px\" class=\"wp-caption aligncenter\"><img loading=\"lazy\" decoding=\"async\" class=\"\" src=\"data:image\/jpeg;base64,\/9j\/4AAQSkZJRgABAQAAAQABAAD\/2wCEAAkGBxISEhUSERIVFhUVFRUVFRgVFxUXFRYVGBUWFhUWFRUYHSggGBolGxUVITEhJSkrLi4uFx8zODMtNygtLisBCgoKDg0OGhAQGi0fHx0tLS0tLS0tLS0tLS0tLS0tLS0tLS0tLS0tLS0tLS0tLS0tLS0tLS0tLS0tLS0tLS0tLf\/AABEIALgBEgMBIgACEQEDEQH\/xAAbAAACAwEBAQAAAAAAAAAAAAACAwABBAUGB\/\/EADwQAAEDAgMFBQgBAwIHAQAAAAEAAhEDIRIxQQQFUWFxBhMigZEyQqGxwdHh8FIUFvEHYiMkM3KCksIV\/8QAGAEAAwEBAAAAAAAAAAAAAAAAAAECAwT\/xAAiEQEBAQEAAgICAgMAAAAAAAAAARECAyESMSJRE0FCcYH\/2gAMAwEAAhEDEQA\/APjSkKwrhYoDCqEcK4Ro0qFYCOFcI0tRoTmNQNC0Uws+qSBqpzU6ELgs9Nmc1JcFpeEhy15ogFFais0UhMo0i5waBJJAA4r3u6uwdOA6u8yb4Rp1SOTXz6Exi+mbb2P2amwuYCYs+bkdPkvnu8aGB5FszYaDT4JUdc2JRK2UiufTctVN65++SjeHKnPWcVEL6ix+BjqVFjrPV1KizPct+OGdU4oCrVwtgFXCLCrhGloIVFGQqIQNCqRKkzRUrVIMUqIVEAIRBCEYRRUhRWFaRBhRWomFtT2OSETSpsDUHIXFKDlJUfE9C8pTkwpZC0hwKsBXC9L2D3N\/UbS0OaTTbJf0j8qlfb1PZXszT2ai3aa16rhIaR7AnTic12WbQSXO4WHU8CtW+6hLvDlcZ+6BAHXNcwg2A6n8\/JONMz00hxdTqAH3JuNRDphfM9+7NHiyJJNzeOfEn0C+nMOGlUcOEDzt9SfJfPu0GzkjEcvn90uhZseaBRtqICFdOmXEBokmwCmxib3yE1V3v7VfSomvtThSb7jffedLaBecKn4wWWfYi5CqVqsJEQQogiktRWopSqEJRFCU4AqQrCNrU7TBhVEJ2FCWpfIEwomQonpkhEEIRBVVUSkqlalKKK4VhqAoIgrDUYYptLQKFMLEJaloAVUIoUVGoNX1b\/THd7qFCvVqNwl4aGzmQQ1wI5EfJfNt1bL3tVlP+ZwjS5Bi\/WF9uq0hSoMpiwAv\/wCIgT8Alb\/Tbxz3rjObij+Jc4n1EA\/BCRmcgdelgfqjpSKbGjMggHWCc+VimVwDAAi0AcTFp9Ft9Rf2XW2tjKUO972W3JI4x6LwfaTbS60QIiw+bjl5C69VvitORMNGEfG\/K8rwu82OqVcLWmSYAi56XlZaffqOZSoue4Na0kkwALknkF9E3LuOju6l\/VbWQasSxs2Yb2HF3PRadw7FQ3ds5q1Y7wjxutneKdP6nUrwXaHfdTaqhc6zR7DdGj780t31Ezn4TartBvyptdTHU09kDJo4flcpWrAVfTK3fsMK0YaqwpakKishUmYpUlBKkowYIlAVFEYME1NalNTGlT0miVFXKoqQGFSKVSYZgrCoIlrVVYRgIWhPptUW4mqaxObSTWMTmMWPXZYQKKLu1qDEL2LP5jGUtQOatDmpTwqlNmcEKNwQraCPVdgtgNSo94ALqQa9nNzXThvlibiE8YX0jtBXMW1AAzzcbjlmvnXYqqGtqlr4e7C3DfjIPziOBytP0SuA7BNyKhIHSMz1U\/5OzifgyBkHk0Bv3Sdr2vBMtOIg4eDGn6mPlwXQqbPmQ2Q28cTn6Cf2Fw9uD5c5zSTrdw8pAzVXrVSOPt+2xZrHE5CBr6yte7djZsrH7VtEAnKwmNGt5k5rXsdBrR39URFgAS4uOjWTmT0Xkd\/7fW2xxfhhjSQ1g90ATMamFnetPr8fbm7+3zU2l+J1mj2GjJo+\/NcuF6DYuz5qUXVOEkHSwMggXmQfQLJT3FWcakNJFNsktvcizYzzt8VpOp9Rz3nq+65bWpjWLo09yViC4MMXLZsXATJaNRbPmEg0SCRGRItcW5pXpGEhihYmwpCjSxkc1LIWt7EA2dxyBWvNPGWFS3Dd9Q+6fRaKe5Kp91VqvhXKUXZO4KvBKO5Kv8UfKH\/H1+nLCIFb3bnqj3Ss1TYntzaUtlTeL+i8SEvVmk7gUBaUZEfFMSiqFE\/QwsIghCMKqdG0LTRCzsC1Ull2hqYE5jUFJaWhcnVPEDVVWmQASDfL5Ji62794U3U+5rzhE4HWlhOccQdQo591XM30844JFRd7e25HUx3jIfTPsuZJHnq052K442V7smk+S35hXiz0wuCENXWbuSufcKOhuCu6RgMgTfW4ED4nyWuqnj6\/S+xp\/wCaFMiQ7C4cWua9vi6YXOHnyX1fZgbGYAbMnK8uk8gCD6LyvZvdLtmINRgD8JBcIMtd\/mJ5L0e0YnXsGi1rQLA\/L4LPrub6dvj8dnPtdPa3Pou7trHEPjC5xxO4EgWzty5rnbLQL3kvIiYgSGzwE5ou6FItZTdJwgE8miJPUAfFYd7VqgaQxwYGtL7xJtFgM9R6JfK\/TXx+L5Vo3hTYagc8x3TrNyAi4IMxNh5Txtlq1GV5fSY0TJOIkBxIgwBytzWbddYPEvhwAl4OttT5n9ldF23wyGAECDha1jTIJiSB0khTLrW+Kc3LGilsT6YDazMFM3EMgEuuMuUHKeSN9BjCMDm92DGAHxY4ysLyZ8oPIcLbN9WLS8eJugIEg3hwBEZgwdc11N2VmOaHPwzIIa5stgAxD56W5hVPf0q+GybY7dHYmk99hABbhiZLWm8Z6kJ+3dnqNalDmmDYOaSJyBjpbisWxVyC6DnaYvkR9T6rq7NRdVaALAdYslbZcjC8R4UdjACcyJMHiOKazscP4r6XT2cAZJgpt4LVH8cfPtn7Ht\/gujQ7MNHuhexAHBVhCapzI8s3s63gE4bgaNF6PulMCDx5wbibwVO3A0aL0TgEqoUB5iruRvBc\/aezwOi9i5qQ+nKRvC1ezg\/islfs0w+6veVaKyVKaMGSvA\/2qzgqXuu6CiPafhz+nwhoTGhdWl2d2gicC6O7uydV\/tWW1rg\/j6rzzGrVRpE5BfStz9iqbbuE9V6Gj2bogyGj0Wd2tJ4P2+W7Fues\/Jh810\/7ZrxML6tQ2JjbBoWnu28FlfFFzw8vlDeydciVt3N2RcXf8RfTSRkAIRNDQbt\/KJ4uYqeKT+nD2HcDafsWnMaHqNUipuumxwD2gA2BA8IOgPBeirGJwCOqy1XvcC11NrgbG8LRp8Sm7pYBkkbTsTG8uBsjbttSjFNzfCT4C45f7SQL8kO8A948UDkLwOvFT19Kkec257m+GS4aSNeTkzYKRLCHVJE2YAficlddwYSc4GEExN87Hql7r2gAF1Np8IJdy5\/Fcn1Ws+mihu4hrohz3zi\/2wJzOmnkvF7+qvZVtqMOUDDmB5zK91SrtJuTcHxSYysLX4rLte72PDsMHI+MjlYDW\/DTgqs\/uOjwdzjr8njuzjYFYAR4SPMBc9lSo18h5kRBvE5wve1t3UWNZUptwF5c14km8WIk5ZrFtf8Ap5ULsTKrS03AdY30kZoktrp58vjvXV69a8yTSrOExTq8fceTbxcFdHZywhuFwdwAgAcQdQvTj\/T6wl8O11C7+w9nnUGgh+Nw0IsRqATktJKjvzccz8Ls\/TP2d3c97Zc0xAgmw+5Xr6NDC2GgABI3bU720YXDNutuAGi0hjm6rTnnHB1doRzTMDUs1+Ko1FaR4eaGVKb25HNC8SbFIxPYVWEi8oX03JRcQg8NfUS8IKYKjSPE3zSqjQMkyA8KoEIH1SNEkvKCxVQFZXiVpdVskvbOSZE90orwqIGAbso4BPoUGjRXSHEpzLq8Qa1oT2u4LOKZTqYA1QDrDmiBkTosrnkyBnx0T6VRzWkHAZ\/lmOilWCa4qngZucABqTAWQtg2e4nhaPklM3S1zi4txHPxEn4FJWGf\/q0ycDHYjwYC71Isn06xcJFoMGf\/AJb9SgFADg0aAWUhvuybXPPopsp4t7GuBBvNjOZ81gqFzR3TnTPsOi5H8TzHFbKhjQz5JG01A5pDraTqDnI9FNmnfUea3o3DcwOJOf8AlTc20U6j3MZcFrgbEEmPisnaAvaRyBMfzi\/quP2E326ttjGYBfEZBm0GZ9QsufHbd\/R7JMd97HUzEWPHRONbME3GRGR5rrbRs4M2E6zeeRXLGxlhlwGE2\/7ScjKi8WfTQFOk6qQIsCCToI1joSvVtrMyk26rkUdmDbiZ66LQHQnxLydmuidpDcijbXkXPkuaIRNozeVrtTeY6BqXsI6SmDbakQcuYn45rA15Gp804VeKqJsjWdtZHskHrPzyWTad5ge4882gH6rS1lN0\/vwSsGgH+VWVORnbvCmT7NSebCp\/WTkH\/wDo77JwYW5jP9sibUIF\/wAowINtgS5wjnIITmVQUpxa4XFkPdxlloFRHvHCVnkqxUcmtcDnII0CMGld6IgpTmyiq0+qQAb3KZBdThJeIyTy+1ykOqowtBJUR4+SpB6DGdAm0gZv+9VlpPcNVsZlYjjdWk\/Z28ITYkSTAGnFYmbS4nwQOJj5BXLp+pSPK2VKt\/AIHE5\/hU0N1MlZIGWKeibECdAkr6O705D4BEa7oi\/DOySzaQNIGnGOiZ\/UN6D4owf8DTok68vNOY0A5wRqPws7nA2lEKWk+h+fNGGOvVGk+f5WPasORTjSBzJ9Pys1RjdCp65VMee31sceJptz0WjsxuylQIdTY1pe5uJwEGJmBwHLknb0pEgBse0J6X\/C17KILTmARl1+CxksouYOrUMnqfmgaMQjQ5o6lIlxMZkxwzVmmeac4q99M2yucHGk43b7JzxN09Fqwnis+2UiQCD4m3b9uhTdleKjcXqOB1CfwTOs9Ck\/5TW1jqPTVDhRtaOKc5O0+m5p0jqmilwP7ms1uMomE8VUiKa5js0QcYzyQirP6Uym9psR9+qrC1P6nj++SIPacs+Y+qCpShJe4cIKC9H4UXeEaeqSKhHRG3aW5EWTwjHVw4kuEfvJJqM\/iqfTSiSLgoLRguGvlogfVnM+SptbiAge0G4KBS3sVtIGalSRokh4m4RmFrRbiqS8Q5K1RayGpCOmCZnpe0LM1xN55Iw\/Qg+X1Q0amOj2R5og4uF548gFmc8A+WX3RmsTkIjznogNYAAtmVYpk8Pqs52qcxMQOXzQt2wJeh7aT0tpKgjmVbNqBEIyOH6E8GhbIytqrAMiJHzRSFZNv2yMHyKJdPHqqfBzMcuKIEJb45pYelvYJMX\/AHVJpMv09eqvFBRB8AxmRl8wosO30Om3hxTarrfspFB8Xv0Tqpm\/EKpPQtJa7it27djY9lQM\/wCp7eftDURx1WFpA0WjY9sLHBzcwf0dEsLr69C9nPqrLwfyPqn7zpjHjBlr7jkdQswBOn71TKXYNj2prWiLJAEaKPcRBt0TBrgW9Cl4kylVm0KnMn2UYWqbWPCRzTO8m376pGIjMI2VhFwfIoKmhvOyp4Nmi\/RZ5IRMrQZ4IIbpbafJV30G4tKNjQbWy1lIeItojChjqYNwkkxmEAdGRRCrJvmmAmsdb\/FUQCieMJnTNIqVCciEF\/o\/+mH8h6q1lxniPQK0F+TnbPV46pjqh\/fokupcExkjmk3MYYsRfh90Rc7LQhLJI0uYRNGLX4IB7cIs53yUFVk5\/CUljR1zTKbmibZ5IB\/etI1+Sv6pDqomzU9m0M94FMhhpiQfJRtTir8J9l10txIsUYRmMInOJ0ySHFQVoRpjqX1lYmh18XH00WqC2HSlvbqlZtOFtcQntcSk4UdJ5HNEOntaFbLIKpJvmLFWxpdmU8SbUqaOP4UY4c0LYNsxzVsqNPKLEfVGJ\/sw1RxlDiRYJuVTXQUwkcZRBxAnNGagiCk38uiMBmJ2SoQckIZIuY+SUQYlIml4tmhY+TfRKa4jNUHaoB1QyZSxVIzTiMvolVWEZ5FBCcwETIlZyFQJCYHg5oAe9jMz9kBANwpUZF9EuEAyOQ9FFMR4BRBMLHxnGWguVGnlHp8SlBhPJMFx9vqhqsO\/KkFU1kK3sQBSBkLprXcQhZAAA\/CLvI0+CAd4eKmEESEnGgc4I0Y0sPBG13ELK1PZUhOUWGPCEkcFfehVE3CElvamRItoFHtEC90skhJSOug4Rn80wOGoSu64IB1C416LQaQsedwsLC7RaqIJ6XTgsHiGiWcMyLSETLKOc20cUVCCoipVBqkucNFduCDw55GalNxSnPmyhqmIRow7HaEBlKx8lYcIzRoE4EX0UcJyUFRTAkQmVDF1BVGUoHk5FKDDxRoxoqMGiQWKnEjVTveIQPZjKloKB7Y6qpm6tt0EHEojLGq08DDhhD0J+6iiTRbnE9PifsiaAoog5BEwikq1EjLDuKjnTkoog8W0puMKKIGKBCsPcMlFEyQ1ZzWhkYVFEQrCXNQuJVKIAA8haKdcjI+StREPBc46pjGkjKyiirE4ruRwVYosoohIMPJPosBzMKKJYZbmxnkqbSsoojAU5hCNjyookBl82QEx9FFEFnsJMq8I1UUQMGQADhWcuIsoogsDiKiiiDx\/\/9k=\" alt=\"\" width=\"617\" height=\"415\" \/><figcaption class=\"wp-caption-text\">Min\u00fasculo, o fleb\u00f3tomo se reproduz em ambientes \u00famidos, ricos em mat\u00e9ria org\u00e2nica e sombreados (Imagem: Wikipedia)<\/figcaption><\/figure>\n<p>Nos c\u00e3es, em geral a doen\u00e7a provoca o aumento de volume dos g\u00e2nglios linf\u00e1ticos, crescimento exagerado das unhas, perda de pelo, \u00falceras e descama\u00e7\u00e3o da pele, emagrecimento e atrofia muscular, hemorragias nasais, anemia e altera\u00e7\u00f5es nos rins, f\u00edgado e articula\u00e7\u00f5es.\u00a0Em humanos, os principais sintomas da leishmaniose visceral s\u00e3o febre intermitente por semanas, fraqueza, perda de apetite, emagrecimento, anemia, palidez, aumento do ba\u00e7o e do f\u00edgado, comprometimento da medula \u00f3ssea, problemas respirat\u00f3rios, diarreia, sangramento na boca e nos intestinos.<\/p>\n<p>Sem cura parasitol\u00f3gica tanto para os c\u00e3es quanto para humanos, a preven\u00e7\u00e3o \u00e9 uma a\u00e7\u00e3o poderosa no combate a esta zoonose.<\/p>\n<h6>Preven\u00e7\u00e3o<\/h6>\n<p>O uso de coleiras que repelem o fleb\u00f3tomo e a vacina\u00e7\u00e3o s\u00e3o as duas formas mais eficientes para afastar a leishmaniose. Entretanto, tamb\u00e9m \u00e9 importante evitar que o mosquito se reproduza, o que pode ser feito por meio da limpeza de ambientes externos, como quintais e jardins.<\/p>\n<figure style=\"width: 626px\" class=\"wp-caption aligncenter\"><img loading=\"lazy\" decoding=\"async\" class=\"size-medium\" src=\"https:\/\/image.freepik.com\/free-photo\/veterinarian-latex-loves-dong-injection-dog-vet-holds-syringe-hands_176532-10518.jpg\" width=\"626\" height=\"417\" \/><figcaption class=\"wp-caption-text\">A vacina\u00e7\u00e3o, o uso de coleiras repelentes e a elimina\u00e7\u00e3o dos ambientes onde o fleb\u00f3tomo se reproduz s\u00e3o meios eficazes de preven\u00e7\u00e3o (Imagem: <a href=\"https:\/\/image.freepik.com\/free-photo\/veterinarian-latex-loves-dong-injection-dog-vet-holds-syringe-hands_176532-10518.jpg\" target=\"_blank\" rel=\"noopener noreferrer\">Freepik<\/a>)<\/figcaption><\/figure>\n<p>O mosquito palha se desenvolve em locais \u00famidos, ricos em mat\u00e9ria org\u00e2nica e protegidos pela sombra. Assim, espa\u00e7os onde se acumulam folhas e res\u00edduos de poda, fezes de animais e entulho criam os ambientes perfeitos para que o fleb\u00f3tomo se reproduza e, a partir da\u00ed, possa picar um animal contaminado pelo protozo\u00e1rio causador da doen\u00e7a e iniciar o processo de contamina\u00e7\u00e3o.<\/p>\n<p>\u00c9 importante ressaltar que mesmo os c\u00e3es que vivem em \u00e1reas onde a leishmaniose n\u00e3o \u00e9 end\u00eamica precisam estar protegidos. Afinal, \u00e9 poss\u00edvel que ele seja levado a passear em um local onde a doen\u00e7a esteja presente ou que algum c\u00e3o na vizinhan\u00e7a tenha se infectado desta forma, favorecendo a propaga\u00e7\u00e3o.<\/p>\n<p>Palestra<\/p>\n<p>Como parte das a\u00e7\u00f5es da campanha Agosto Verde, no pr\u00f3ximo dia 22 de agosto, a PUC Minas transmitir\u00e1 uma s\u00e9rie de palestras online, que ser\u00e3o ministradas por m\u00e9dicos veterin\u00e1rios espacializados no assunto. Confira a programa\u00e7\u00e3o!<\/p>\n<ul>\n<li><strong>09h \u00e0s 10h <\/strong><em>&#8211; M\u00e9todos de Preven\u00e7\u00e3o da Leishmaniose Visceral Canina &#8211; Mitos e Verdades <\/em>(Romeika Reis Lima)<\/li>\n<li><strong>10h \u00e0s 11h <\/strong>&#8211; \u00a0<em>Efic\u00e1cia da vacina em c\u00e3es com Leishmaniose, bem como na Imunoterapia<\/em> (Vitor M\u00e1rcio Ribeiro)<\/li>\n<li><strong>11h20 \u00e0s 12h30<\/strong> &#8211; <em>Como realizar o controle por meio de exames em paciente com Leishmaniose Visceral Canina <\/em>(Jo\u00e3o Carlos Toledo Junior)<\/li>\n<li><strong>15h \u00e0s 16h<\/strong> &#8211; <em>Tratamento de altera\u00e7\u00f5es ortop\u00e9dicas de c\u00e3es positivos com Leishmaniose Visceral <\/em>(M\u00e1rio Renn\u00f3)<\/li>\n<li><strong>16h \u00e0s 17h <\/strong>&#8211; <em>Estadiamento da Leishmaniose Visceral Canina: um importante passo para o sucesso terap\u00eautico <\/em>(Paulo Tabanez)<\/li>\n<\/ul>\n<p>As palestras ser\u00e3o transmitidas pelo Sympla e t\u00eam inscri\u00e7\u00f5es gratuitas (<a href=\"https:\/\/www.sympla.com.br\/agosto-verde----puc-minas__936916\" target=\"_blank\" rel=\"noopener noreferrer\">clique aqui<\/a>).<\/p>\n<p>Para mais informa\u00e7\u00f5es sobre a leishmaniose visceral canina, voc\u00ea tamb\u00e9m pode entrar em contato com o Centro Sa\u00fade Animal, pelo telefone e WhatsApp <a href=\"https:\/\/api.whatsapp.com\/send?phone=5531998286550\" target=\"_blank\" rel=\"noopener noreferrer\">31 998286550.<\/a><\/p>\n<p style=\"text-align: center;\">Oferecimento<img loading=\"lazy\" decoding=\"async\" class=\"wp-image-995 aligncenter\" src=\"http:\/\/www.comunidadeativa.jor.br\/wp-content\/uploads\/2020\/07\/A-sa\u00fade-e-bem-estar-do-seu-Pet-s\u00e3o-nossa-prioridade-3-1024x1024.jpg\" alt=\"\" width=\"477\" height=\"477\" srcset=\"https:\/\/www.comunidadeativa.jor.br\/wp-content\/uploads\/2020\/07\/A-sa\u00fade-e-bem-estar-do-seu-Pet-s\u00e3o-nossa-prioridade-3-1024x1024.jpg 1024w, https:\/\/www.comunidadeativa.jor.br\/wp-content\/uploads\/2020\/07\/A-sa\u00fade-e-bem-estar-do-seu-Pet-s\u00e3o-nossa-prioridade-3-300x300.jpg 300w, https:\/\/www.comunidadeativa.jor.br\/wp-content\/uploads\/2020\/07\/A-sa\u00fade-e-bem-estar-do-seu-Pet-s\u00e3o-nossa-prioridade-3-150x150.jpg 150w, https:\/\/www.comunidadeativa.jor.br\/wp-content\/uploads\/2020\/07\/A-sa\u00fade-e-bem-estar-do-seu-Pet-s\u00e3o-nossa-prioridade-3-768x768.jpg 768w, https:\/\/www.comunidadeativa.jor.br\/wp-content\/uploads\/2020\/07\/A-sa\u00fade-e-bem-estar-do-seu-Pet-s\u00e3o-nossa-prioridade-3-1536x1536.jpg 1536w, https:\/\/www.comunidadeativa.jor.br\/wp-content\/uploads\/2020\/07\/A-sa\u00fade-e-bem-estar-do-seu-Pet-s\u00e3o-nossa-prioridade-3-1320x1320.jpg 1320w, https:\/\/www.comunidadeativa.jor.br\/wp-content\/uploads\/2020\/07\/A-sa\u00fade-e-bem-estar-do-seu-Pet-s\u00e3o-nossa-prioridade-3.jpg 1654w\" sizes=\"auto, (max-width: 477px) 100vw, 477px\" \/><\/p>\n<p>&nbsp;<\/p>\n<p>&nbsp;<\/p>\n<p>&nbsp;<\/p>\n","protected":false},"excerpt":{"rendered":"<p>Com a maior parte das aten\u00e7\u00f5es voltadas para a Covid-19, a campanha Agosto Verde, iniciativa do Centro de Estudos em<\/p>\n","protected":false},"author":1,"featured_media":1093,"comment_status":"closed","ping_status":"open","sticky":false,"template":"","format":"standard","meta":{"footnotes":""},"categories":[14],"tags":[],"class_list":["post-1091","post","type-post","status-publish","format-standard","has-post-thumbnail","hentry","category-pets"],"yoast_head":"<!-- This site is optimized with the Yoast SEO plugin v26.0 - https:\/\/yoast.com\/wordpress\/plugins\/seo\/ -->\n<title>Agosto \u00e9 m\u00eas de preven\u00e7\u00e3o \u00e0 leishmaniose canina e de palestra gratuita sobre a doen\u00e7a - Comunidade Ativa<\/title>\n<meta name=\"robots\" content=\"index, follow, max-snippet:-1, max-image-preview:large, max-video-preview:-1\" \/>\n<link rel=\"canonical\" href=\"https:\/\/www.comunidadeativa.jor.br\/index.php\/2020\/08\/18\/agosto-e-mes-de-prevencao-a-leishmaniose-canina-e-de-palestra-gratuita-sobre-a-doenca\/\" \/>\n<meta property=\"og:locale\" content=\"pt_BR\" \/>\n<meta property=\"og:type\" content=\"article\" \/>\n<meta property=\"og:title\" content=\"Agosto \u00e9 m\u00eas de preven\u00e7\u00e3o \u00e0 leishmaniose canina e de palestra gratuita sobre a doen\u00e7a - Comunidade Ativa\" \/>\n<meta property=\"og:description\" content=\"Com a maior parte das aten\u00e7\u00f5es voltadas para a Covid-19, a campanha Agosto Verde, iniciativa do Centro de Estudos em\" \/>\n<meta property=\"og:url\" content=\"https:\/\/www.comunidadeativa.jor.br\/index.php\/2020\/08\/18\/agosto-e-mes-de-prevencao-a-leishmaniose-canina-e-de-palestra-gratuita-sobre-a-doenca\/\" \/>\n<meta property=\"og:site_name\" content=\"Comunidade Ativa\" \/>\n<meta property=\"article:publisher\" content=\"https:\/\/www.facebook.com\/comunidadeativa\" \/>\n<meta property=\"article:published_time\" content=\"2020-08-18T17:33:27+00:00\" \/>\n<meta property=\"article:modified_time\" content=\"2020-09-04T19:05:49+00:00\" \/>\n<meta property=\"og:image\" content=\"https:\/\/www.comunidadeativa.jor.br\/wp-content\/uploads\/2020\/08\/capa-10.jpg\" \/>\n\t<meta property=\"og:image:width\" content=\"640\" \/>\n\t<meta property=\"og:image:height\" content=\"352\" \/>\n\t<meta property=\"og:image:type\" content=\"image\/jpeg\" \/>\n<meta name=\"author\" content=\"Comunidade Ativa\" \/>\n<meta name=\"twitter:card\" content=\"summary_large_image\" \/>\n<meta name=\"twitter:label1\" content=\"Escrito por\" \/>\n\t<meta name=\"twitter:data1\" content=\"Comunidade Ativa\" \/>\n\t<meta name=\"twitter:label2\" content=\"Est. tempo de leitura\" \/>\n\t<meta name=\"twitter:data2\" content=\"4 minutos\" \/>\n<script type=\"application\/ld+json\" class=\"yoast-schema-graph\">{\"@context\":\"https:\/\/schema.org\",\"@graph\":[{\"@type\":\"Article\",\"@id\":\"https:\/\/www.comunidadeativa.jor.br\/index.php\/2020\/08\/18\/agosto-e-mes-de-prevencao-a-leishmaniose-canina-e-de-palestra-gratuita-sobre-a-doenca\/#article\",\"isPartOf\":{\"@id\":\"https:\/\/www.comunidadeativa.jor.br\/index.php\/2020\/08\/18\/agosto-e-mes-de-prevencao-a-leishmaniose-canina-e-de-palestra-gratuita-sobre-a-doenca\/\"},\"author\":{\"name\":\"Comunidade Ativa\",\"@id\":\"https:\/\/www.comunidadeativa.jor.br\/#\/schema\/person\/dcaa1f1c51c1f0c47a33b2b734cad6e1\"},\"headline\":\"Agosto \u00e9 m\u00eas de preven\u00e7\u00e3o \u00e0 leishmaniose canina e de palestra gratuita sobre a doen\u00e7a\",\"datePublished\":\"2020-08-18T17:33:27+00:00\",\"dateModified\":\"2020-09-04T19:05:49+00:00\",\"mainEntityOfPage\":{\"@id\":\"https:\/\/www.comunidadeativa.jor.br\/index.php\/2020\/08\/18\/agosto-e-mes-de-prevencao-a-leishmaniose-canina-e-de-palestra-gratuita-sobre-a-doenca\/\"},\"wordCount\":800,\"publisher\":{\"@id\":\"https:\/\/www.comunidadeativa.jor.br\/#organization\"},\"image\":{\"@id\":\"https:\/\/www.comunidadeativa.jor.br\/index.php\/2020\/08\/18\/agosto-e-mes-de-prevencao-a-leishmaniose-canina-e-de-palestra-gratuita-sobre-a-doenca\/#primaryimage\"},\"thumbnailUrl\":\"https:\/\/www.comunidadeativa.jor.br\/wp-content\/uploads\/2020\/08\/capa-10.jpg\",\"articleSection\":[\"Pets\"],\"inLanguage\":\"pt-BR\"},{\"@type\":\"WebPage\",\"@id\":\"https:\/\/www.comunidadeativa.jor.br\/index.php\/2020\/08\/18\/agosto-e-mes-de-prevencao-a-leishmaniose-canina-e-de-palestra-gratuita-sobre-a-doenca\/\",\"url\":\"https:\/\/www.comunidadeativa.jor.br\/index.php\/2020\/08\/18\/agosto-e-mes-de-prevencao-a-leishmaniose-canina-e-de-palestra-gratuita-sobre-a-doenca\/\",\"name\":\"Agosto \u00e9 m\u00eas de preven\u00e7\u00e3o \u00e0 leishmaniose canina e de palestra gratuita sobre a doen\u00e7a - Comunidade Ativa\",\"isPartOf\":{\"@id\":\"https:\/\/www.comunidadeativa.jor.br\/#website\"},\"primaryImageOfPage\":{\"@id\":\"https:\/\/www.comunidadeativa.jor.br\/index.php\/2020\/08\/18\/agosto-e-mes-de-prevencao-a-leishmaniose-canina-e-de-palestra-gratuita-sobre-a-doenca\/#primaryimage\"},\"image\":{\"@id\":\"https:\/\/www.comunidadeativa.jor.br\/index.php\/2020\/08\/18\/agosto-e-mes-de-prevencao-a-leishmaniose-canina-e-de-palestra-gratuita-sobre-a-doenca\/#primaryimage\"},\"thumbnailUrl\":\"https:\/\/www.comunidadeativa.jor.br\/wp-content\/uploads\/2020\/08\/capa-10.jpg\",\"datePublished\":\"2020-08-18T17:33:27+00:00\",\"dateModified\":\"2020-09-04T19:05:49+00:00\",\"breadcrumb\":{\"@id\":\"https:\/\/www.comunidadeativa.jor.br\/index.php\/2020\/08\/18\/agosto-e-mes-de-prevencao-a-leishmaniose-canina-e-de-palestra-gratuita-sobre-a-doenca\/#breadcrumb\"},\"inLanguage\":\"pt-BR\",\"potentialAction\":[{\"@type\":\"ReadAction\",\"target\":[\"https:\/\/www.comunidadeativa.jor.br\/index.php\/2020\/08\/18\/agosto-e-mes-de-prevencao-a-leishmaniose-canina-e-de-palestra-gratuita-sobre-a-doenca\/\"]}]},{\"@type\":\"ImageObject\",\"inLanguage\":\"pt-BR\",\"@id\":\"https:\/\/www.comunidadeativa.jor.br\/index.php\/2020\/08\/18\/agosto-e-mes-de-prevencao-a-leishmaniose-canina-e-de-palestra-gratuita-sobre-a-doenca\/#primaryimage\",\"url\":\"https:\/\/www.comunidadeativa.jor.br\/wp-content\/uploads\/2020\/08\/capa-10.jpg\",\"contentUrl\":\"https:\/\/www.comunidadeativa.jor.br\/wp-content\/uploads\/2020\/08\/capa-10.jpg\",\"width\":640,\"height\":352},{\"@type\":\"BreadcrumbList\",\"@id\":\"https:\/\/www.comunidadeativa.jor.br\/index.php\/2020\/08\/18\/agosto-e-mes-de-prevencao-a-leishmaniose-canina-e-de-palestra-gratuita-sobre-a-doenca\/#breadcrumb\",\"itemListElement\":[{\"@type\":\"ListItem\",\"position\":1,\"name\":\"In\u00edcio\",\"item\":\"https:\/\/www.comunidadeativa.jor.br\/\"},{\"@type\":\"ListItem\",\"position\":2,\"name\":\"Agosto \u00e9 m\u00eas de preven\u00e7\u00e3o \u00e0 leishmaniose canina e de palestra gratuita sobre a doen\u00e7a\"}]},{\"@type\":\"WebSite\",\"@id\":\"https:\/\/www.comunidadeativa.jor.br\/#website\",\"url\":\"https:\/\/www.comunidadeativa.jor.br\/\",\"name\":\"Comunidade Ativa\",\"description\":\"\",\"publisher\":{\"@id\":\"https:\/\/www.comunidadeativa.jor.br\/#organization\"},\"potentialAction\":[{\"@type\":\"SearchAction\",\"target\":{\"@type\":\"EntryPoint\",\"urlTemplate\":\"https:\/\/www.comunidadeativa.jor.br\/?s={search_term_string}\"},\"query-input\":{\"@type\":\"PropertyValueSpecification\",\"valueRequired\":true,\"valueName\":\"search_term_string\"}}],\"inLanguage\":\"pt-BR\"},{\"@type\":\"Organization\",\"@id\":\"https:\/\/www.comunidadeativa.jor.br\/#organization\",\"name\":\"Comunidade Ativa\",\"url\":\"https:\/\/www.comunidadeativa.jor.br\/\",\"logo\":{\"@type\":\"ImageObject\",\"inLanguage\":\"pt-BR\",\"@id\":\"https:\/\/www.comunidadeativa.jor.br\/#\/schema\/logo\/image\/\",\"url\":\"https:\/\/www.comunidadeativa.jor.br\/wp-content\/uploads\/2018\/03\/cropped-LOGOPNG-1.png\",\"contentUrl\":\"https:\/\/www.comunidadeativa.jor.br\/wp-content\/uploads\/2018\/03\/cropped-LOGOPNG-1.png\",\"width\":318,\"height\":90,\"caption\":\"Comunidade Ativa\"},\"image\":{\"@id\":\"https:\/\/www.comunidadeativa.jor.br\/#\/schema\/logo\/image\/\"},\"sameAs\":[\"https:\/\/www.facebook.com\/comunidadeativa\"]},{\"@type\":\"Person\",\"@id\":\"https:\/\/www.comunidadeativa.jor.br\/#\/schema\/person\/dcaa1f1c51c1f0c47a33b2b734cad6e1\",\"name\":\"Comunidade Ativa\",\"image\":{\"@type\":\"ImageObject\",\"inLanguage\":\"pt-BR\",\"@id\":\"https:\/\/www.comunidadeativa.jor.br\/#\/schema\/person\/image\/\",\"url\":\"https:\/\/secure.gravatar.com\/avatar\/09a9a1f85fedf41e81b47f7c1d40084f?s=96&d=mm&r=g\",\"contentUrl\":\"https:\/\/secure.gravatar.com\/avatar\/09a9a1f85fedf41e81b47f7c1d40084f?s=96&d=mm&r=g\",\"caption\":\"Comunidade Ativa\"},\"url\":\"https:\/\/www.comunidadeativa.jor.br\/index.php\/author\/casalberto\/\"}]}<\/script>\n<!-- \/ Yoast SEO plugin. -->","yoast_head_json":{"title":"Agosto \u00e9 m\u00eas de preven\u00e7\u00e3o \u00e0 leishmaniose canina e de palestra gratuita sobre a doen\u00e7a - Comunidade Ativa","robots":{"index":"index","follow":"follow","max-snippet":"max-snippet:-1","max-image-preview":"max-image-preview:large","max-video-preview":"max-video-preview:-1"},"canonical":"https:\/\/www.comunidadeativa.jor.br\/index.php\/2020\/08\/18\/agosto-e-mes-de-prevencao-a-leishmaniose-canina-e-de-palestra-gratuita-sobre-a-doenca\/","og_locale":"pt_BR","og_type":"article","og_title":"Agosto \u00e9 m\u00eas de preven\u00e7\u00e3o \u00e0 leishmaniose canina e de palestra gratuita sobre a doen\u00e7a - Comunidade Ativa","og_description":"Com a maior parte das aten\u00e7\u00f5es voltadas para a Covid-19, a campanha Agosto Verde, iniciativa do Centro de Estudos em","og_url":"https:\/\/www.comunidadeativa.jor.br\/index.php\/2020\/08\/18\/agosto-e-mes-de-prevencao-a-leishmaniose-canina-e-de-palestra-gratuita-sobre-a-doenca\/","og_site_name":"Comunidade Ativa","article_publisher":"https:\/\/www.facebook.com\/comunidadeativa","article_published_time":"2020-08-18T17:33:27+00:00","article_modified_time":"2020-09-04T19:05:49+00:00","og_image":[{"width":640,"height":352,"url":"https:\/\/www.comunidadeativa.jor.br\/wp-content\/uploads\/2020\/08\/capa-10.jpg","type":"image\/jpeg"}],"author":"Comunidade Ativa","twitter_card":"summary_large_image","twitter_misc":{"Escrito por":"Comunidade Ativa","Est. tempo de leitura":"4 minutos"},"schema":{"@context":"https:\/\/schema.org","@graph":[{"@type":"Article","@id":"https:\/\/www.comunidadeativa.jor.br\/index.php\/2020\/08\/18\/agosto-e-mes-de-prevencao-a-leishmaniose-canina-e-de-palestra-gratuita-sobre-a-doenca\/#article","isPartOf":{"@id":"https:\/\/www.comunidadeativa.jor.br\/index.php\/2020\/08\/18\/agosto-e-mes-de-prevencao-a-leishmaniose-canina-e-de-palestra-gratuita-sobre-a-doenca\/"},"author":{"name":"Comunidade Ativa","@id":"https:\/\/www.comunidadeativa.jor.br\/#\/schema\/person\/dcaa1f1c51c1f0c47a33b2b734cad6e1"},"headline":"Agosto \u00e9 m\u00eas de preven\u00e7\u00e3o \u00e0 leishmaniose canina e de palestra gratuita sobre a doen\u00e7a","datePublished":"2020-08-18T17:33:27+00:00","dateModified":"2020-09-04T19:05:49+00:00","mainEntityOfPage":{"@id":"https:\/\/www.comunidadeativa.jor.br\/index.php\/2020\/08\/18\/agosto-e-mes-de-prevencao-a-leishmaniose-canina-e-de-palestra-gratuita-sobre-a-doenca\/"},"wordCount":800,"publisher":{"@id":"https:\/\/www.comunidadeativa.jor.br\/#organization"},"image":{"@id":"https:\/\/www.comunidadeativa.jor.br\/index.php\/2020\/08\/18\/agosto-e-mes-de-prevencao-a-leishmaniose-canina-e-de-palestra-gratuita-sobre-a-doenca\/#primaryimage"},"thumbnailUrl":"https:\/\/www.comunidadeativa.jor.br\/wp-content\/uploads\/2020\/08\/capa-10.jpg","articleSection":["Pets"],"inLanguage":"pt-BR"},{"@type":"WebPage","@id":"https:\/\/www.comunidadeativa.jor.br\/index.php\/2020\/08\/18\/agosto-e-mes-de-prevencao-a-leishmaniose-canina-e-de-palestra-gratuita-sobre-a-doenca\/","url":"https:\/\/www.comunidadeativa.jor.br\/index.php\/2020\/08\/18\/agosto-e-mes-de-prevencao-a-leishmaniose-canina-e-de-palestra-gratuita-sobre-a-doenca\/","name":"Agosto \u00e9 m\u00eas de preven\u00e7\u00e3o \u00e0 leishmaniose canina e de palestra gratuita sobre a doen\u00e7a - Comunidade Ativa","isPartOf":{"@id":"https:\/\/www.comunidadeativa.jor.br\/#website"},"primaryImageOfPage":{"@id":"https:\/\/www.comunidadeativa.jor.br\/index.php\/2020\/08\/18\/agosto-e-mes-de-prevencao-a-leishmaniose-canina-e-de-palestra-gratuita-sobre-a-doenca\/#primaryimage"},"image":{"@id":"https:\/\/www.comunidadeativa.jor.br\/index.php\/2020\/08\/18\/agosto-e-mes-de-prevencao-a-leishmaniose-canina-e-de-palestra-gratuita-sobre-a-doenca\/#primaryimage"},"thumbnailUrl":"https:\/\/www.comunidadeativa.jor.br\/wp-content\/uploads\/2020\/08\/capa-10.jpg","datePublished":"2020-08-18T17:33:27+00:00","dateModified":"2020-09-04T19:05:49+00:00","breadcrumb":{"@id":"https:\/\/www.comunidadeativa.jor.br\/index.php\/2020\/08\/18\/agosto-e-mes-de-prevencao-a-leishmaniose-canina-e-de-palestra-gratuita-sobre-a-doenca\/#breadcrumb"},"inLanguage":"pt-BR","potentialAction":[{"@type":"ReadAction","target":["https:\/\/www.comunidadeativa.jor.br\/index.php\/2020\/08\/18\/agosto-e-mes-de-prevencao-a-leishmaniose-canina-e-de-palestra-gratuita-sobre-a-doenca\/"]}]},{"@type":"ImageObject","inLanguage":"pt-BR","@id":"https:\/\/www.comunidadeativa.jor.br\/index.php\/2020\/08\/18\/agosto-e-mes-de-prevencao-a-leishmaniose-canina-e-de-palestra-gratuita-sobre-a-doenca\/#primaryimage","url":"https:\/\/www.comunidadeativa.jor.br\/wp-content\/uploads\/2020\/08\/capa-10.jpg","contentUrl":"https:\/\/www.comunidadeativa.jor.br\/wp-content\/uploads\/2020\/08\/capa-10.jpg","width":640,"height":352},{"@type":"BreadcrumbList","@id":"https:\/\/www.comunidadeativa.jor.br\/index.php\/2020\/08\/18\/agosto-e-mes-de-prevencao-a-leishmaniose-canina-e-de-palestra-gratuita-sobre-a-doenca\/#breadcrumb","itemListElement":[{"@type":"ListItem","position":1,"name":"In\u00edcio","item":"https:\/\/www.comunidadeativa.jor.br\/"},{"@type":"ListItem","position":2,"name":"Agosto \u00e9 m\u00eas de preven\u00e7\u00e3o \u00e0 leishmaniose canina e de palestra gratuita sobre a doen\u00e7a"}]},{"@type":"WebSite","@id":"https:\/\/www.comunidadeativa.jor.br\/#website","url":"https:\/\/www.comunidadeativa.jor.br\/","name":"Comunidade Ativa","description":"","publisher":{"@id":"https:\/\/www.comunidadeativa.jor.br\/#organization"},"potentialAction":[{"@type":"SearchAction","target":{"@type":"EntryPoint","urlTemplate":"https:\/\/www.comunidadeativa.jor.br\/?s={search_term_string}"},"query-input":{"@type":"PropertyValueSpecification","valueRequired":true,"valueName":"search_term_string"}}],"inLanguage":"pt-BR"},{"@type":"Organization","@id":"https:\/\/www.comunidadeativa.jor.br\/#organization","name":"Comunidade Ativa","url":"https:\/\/www.comunidadeativa.jor.br\/","logo":{"@type":"ImageObject","inLanguage":"pt-BR","@id":"https:\/\/www.comunidadeativa.jor.br\/#\/schema\/logo\/image\/","url":"https:\/\/www.comunidadeativa.jor.br\/wp-content\/uploads\/2018\/03\/cropped-LOGOPNG-1.png","contentUrl":"https:\/\/www.comunidadeativa.jor.br\/wp-content\/uploads\/2018\/03\/cropped-LOGOPNG-1.png","width":318,"height":90,"caption":"Comunidade Ativa"},"image":{"@id":"https:\/\/www.comunidadeativa.jor.br\/#\/schema\/logo\/image\/"},"sameAs":["https:\/\/www.facebook.com\/comunidadeativa"]},{"@type":"Person","@id":"https:\/\/www.comunidadeativa.jor.br\/#\/schema\/person\/dcaa1f1c51c1f0c47a33b2b734cad6e1","name":"Comunidade Ativa","image":{"@type":"ImageObject","inLanguage":"pt-BR","@id":"https:\/\/www.comunidadeativa.jor.br\/#\/schema\/person\/image\/","url":"https:\/\/secure.gravatar.com\/avatar\/09a9a1f85fedf41e81b47f7c1d40084f?s=96&d=mm&r=g","contentUrl":"https:\/\/secure.gravatar.com\/avatar\/09a9a1f85fedf41e81b47f7c1d40084f?s=96&d=mm&r=g","caption":"Comunidade Ativa"},"url":"https:\/\/www.comunidadeativa.jor.br\/index.php\/author\/casalberto\/"}]}},"_links":{"self":[{"href":"https:\/\/www.comunidadeativa.jor.br\/index.php\/wp-json\/wp\/v2\/posts\/1091","targetHints":{"allow":["GET"]}}],"collection":[{"href":"https:\/\/www.comunidadeativa.jor.br\/index.php\/wp-json\/wp\/v2\/posts"}],"about":[{"href":"https:\/\/www.comunidadeativa.jor.br\/index.php\/wp-json\/wp\/v2\/types\/post"}],"author":[{"embeddable":true,"href":"https:\/\/www.comunidadeativa.jor.br\/index.php\/wp-json\/wp\/v2\/users\/1"}],"replies":[{"embeddable":true,"href":"https:\/\/www.comunidadeativa.jor.br\/index.php\/wp-json\/wp\/v2\/comments?post=1091"}],"version-history":[{"count":2,"href":"https:\/\/www.comunidadeativa.jor.br\/index.php\/wp-json\/wp\/v2\/posts\/1091\/revisions"}],"predecessor-version":[{"id":1103,"href":"https:\/\/www.comunidadeativa.jor.br\/index.php\/wp-json\/wp\/v2\/posts\/1091\/revisions\/1103"}],"wp:featuredmedia":[{"embeddable":true,"href":"https:\/\/www.comunidadeativa.jor.br\/index.php\/wp-json\/wp\/v2\/media\/1093"}],"wp:attachment":[{"href":"https:\/\/www.comunidadeativa.jor.br\/index.php\/wp-json\/wp\/v2\/media?parent=1091"}],"wp:term":[{"taxonomy":"category","embeddable":true,"href":"https:\/\/www.comunidadeativa.jor.br\/index.php\/wp-json\/wp\/v2\/categories?post=1091"},{"taxonomy":"post_tag","embeddable":true,"href":"https:\/\/www.comunidadeativa.jor.br\/index.php\/wp-json\/wp\/v2\/tags?post=1091"}],"curies":[{"name":"wp","href":"https:\/\/api.w.org\/{rel}","templated":true}]}}