{"id":1119,"date":"2020-08-25T16:34:15","date_gmt":"2020-08-25T19:34:15","guid":{"rendered":"https:\/\/www.comunidadeativa.jor.br\/?p=1119"},"modified":"2023-08-11T16:09:06","modified_gmt":"2023-08-11T19:09:06","slug":"calcule-sua-pegada-ecologica-e-entenda-a-importancia-que-ela-tem-para-a-sua-vida","status":"publish","type":"post","link":"https:\/\/www.comunidadeativa.jor.br\/index.php\/2020\/08\/25\/calcule-sua-pegada-ecologica-e-entenda-a-importancia-que-ela-tem-para-a-sua-vida\/","title":{"rendered":"Calcule a sua Pegada Ecol\u00f3gica e entenda a import\u00e2ncia que ela tem para a sua vida"},"content":{"rendered":"<p><em>por Carlos Alberto Rocha<\/em>*<\/p>\n<p>Mesmo que voc\u00ea ainda n\u00e3o tenha familiaridade com o termo Pegada Ecol\u00f3gica, \u00e9 bastante prov\u00e1vel que j\u00e1 o tenha encontrado em alguma publica\u00e7\u00e3o com tem\u00e1tica ambiental. Mais do que um jarg\u00e3o especializado, estamos diante de um conceito muito importante, que deveria orientar a vida das pessoas e das organiza\u00e7\u00f5es. Por isso, vale a pena entend\u00ea-lo.<\/p>\n<h6>Origem<\/h6>\n<p>Como todo mundo sabe, uma pegada \u00e9 o vest\u00edgio que o p\u00e9 de uma pessoa ou de um animal deixa sobre uma superf\u00edcie qualquer. Um conjunto de pegadas, portanto, sinaliza as marcas que aquele indiv\u00edduo deixa por onde passa. Partindo desta defini\u00e7\u00e3o, podemos ampliar o significado do termo e tamb\u00e9m compreend\u00ea-lo como\u00a0 <em>o conjunto de marcas que resulta de uma a\u00e7\u00e3o ou o percurso<\/em> ou o <em>comportamento de algu\u00e9m, que pode ser seguido ou imitado<\/em>, na forma como define o <a href=\"https:\/\/dicionario.priberam.org\/pegada\" target=\"_blank\" rel=\"noopener noreferrer\">Dicion\u00e1rio Priberam<\/a>.<\/p>\n<p>Sendo assim, entender as pegadas de algu\u00e9m ou as nossas pr\u00f3prias nos permite verificar padr\u00f5es de comportamento, que podem ser mantidos ou modificados, conforme o caso.<\/p>\n<p>No in\u00edcio dos anos 1990, quando buscavam meios para dimensionar as marcas que os padr\u00f5es de comportamento humano deixam sobre a Terra, o bioecologista canadense e professor da Universidade da Col\u00fambia Brit\u00e2nica, no Canad\u00e1, <a href=\"https:\/\/www.postcarbon.org\/our-people\/william-rees\/\" target=\"_blank\" rel=\"noopener noreferrer\">William Ree<\/a>s e o advogado su\u00ed\u00e7o <a href=\"https:\/\/www.footprintnetwork.org\/about-us\/people\/\" target=\"_blank\" rel=\"noopener noreferrer\">Mathis Wackernagel<\/a>, ent\u00e3o orientado por Rees no curso de dourado em Comunidade e Planejamento Regional, encontraram nessas defini\u00e7\u00f5es uma tradu\u00e7\u00e3o simplificada para o trabalho que, na \u00e9poca, estavam conduzindo. Em 1996, os resultados das pesquisas do professor e do aluno foram reunidos no livro <em>Pegada Ecol\u00f3gica \u2013 reduzindo o impacto do ser humano na Terra<\/em>, dando acesso p\u00fablico aos conceitos e t\u00e9cnicas que ambos desenvolveram.<\/p>\n<p>A partir de ent\u00e3o, o termo passou a ser aceito pela comunidade cient\u00edfica como a defini\u00e7\u00e3o de um padr\u00e3o de medida para o quanto de recursos naturais n\u00f3s, humanos, consumimos para sustentar o nosso estilo de vida. Mais do que isso, tamb\u00e9m passou a ser utilizado por organiza\u00e7\u00f5es de todos os n\u00edveis, inclusive governamentais, como refer\u00eancia que orienta as mais variadas pol\u00edticas ambientais que visam a redu\u00e7\u00e3o do impacto das atividades humanas sobre o planeta.<\/p>\n<p>Por\u00e9m, como a apura\u00e7\u00e3o detalhada de uma Pegada Ecol\u00f3gica \u00e9 algo complexo, durante muito tempo, ela foi utilizada somente por quem det\u00e9m os conhecimentos espec\u00edficos para lidar com o assunto. At\u00e9 que, felizmente,\u00a0 foram desenvolvidas ferramentas de f\u00e1cil acesso pela internet \u2014 como a que ser\u00e1 apresentada a seguir \u2014 que permitem que qualquer pessoa consiga compreender a marca que ela pr\u00f3pria deixa sobre a Terra, o que se tornou um recurso did\u00e1tico muito interessante.<\/p>\n<p>Afinal, conhecendo a dimens\u00e3o desta marca \u00e9 poss\u00edvel que uma pessoa modifique h\u00e1bitos e, com isso, passe a agir de maneira mais sustent\u00e1vel<\/p>\n<h6>O que o c\u00e1lculo considera?<\/h6>\n<p>Como j\u00e1 foi dito, o c\u00e1lculo da Pegada Ecol\u00f3gica tem aceita\u00e7\u00e3o cient\u00edfica e isso ocorre porque parte de princ\u00edpios t\u00e9cnicos e segue normas reconhecidas mundialmente. Para regular estas normas, foi criada a <a href=\"https:\/\/www.footprintnetwork.org\/\" target=\"_blank\" rel=\"noopener noreferrer\">Global Footprint Network<\/a> (Rede Global da Pegada Ecol\u00f3gica), organiza\u00e7\u00e3o que \u00e9 presidida por Mathis Wackernagel e que publica o documento <a href=\"https:\/\/www.footprintnetwork.org\/content\/images\/uploads\/Ecological_Footprint_Standards_2009.pdf\" target=\"_blank\" rel=\"noopener noreferrer\">Ecological Footprint Standarts<\/a> (Normas da Pegada Ecol\u00f3gica). Neste documento encontram-se os crit\u00e9rios que orientam os profissionais no mundo todo.<\/p>\n<div class=\"mceTemp\"><\/div>\n<p>Portanto, de acordo com o Ecologica Footprint Standarts, a Pegada Ecol\u00f3gica se destina a medir a \u00e1rea da superf\u00edcie do planeta \u2014 incluindo a composta por terra firme e pelo meio aqu\u00e1tico \u2014 que \u00e9 necess\u00e1ria para produzir recursos suficientes para absorver todos os res\u00edduos que um indiv\u00edduo, uma organiza\u00e7\u00e3o ou uma atividade gera. No primeiro momento, o resultado das medi\u00e7\u00f5es \u00e9 expresso em hectares globais (gha), mas tamb\u00e9m pode ser interpretado de outras formas. Por exemplo, pode ser associado ao volume de g\u00e1s de efeito estufa \u2014 medido em di\u00f3xido de carbono (CO2) \u2014 que uma determinada atividade gera ou em quantidade de planetas Terra necess\u00e1rios para manter um determinado padr\u00e3o de consumo.<\/p>\n<h6>Utilidade<\/h6>\n<p>Anualmente, a Global Footprint Network publica os resultados da pegada ecol\u00f3gica e da capacidade biol\u00f3gica de cada pa\u00eds para sustentar o consumo local e planet\u00e1rio. A organiza\u00e7\u00e3o tamb\u00e9m estimula os governos dos pa\u00edses a aprimorarem as pr\u00f3prias metodologias que permitam estabelecer os balan\u00e7os nacionais de Pegada Ecol\u00f3gica.<\/p>\n<p>De acordo com a organiza\u00e7\u00e3o ambientalista WWF, Su\u00ed\u00e7a, B\u00e9lgica, Equador, Finl\u00e2ndia, Alemanha, Irlanda, Jap\u00e3o e Estados Unidos j\u00e1 se dedicam \u00e0s revis\u00f5es dos pr\u00f3prios balan\u00e7os. Este \u00e9 um par\u00e2metro importante a ser considerado, uma vez que as an\u00e1lises da Pegada Ecol\u00f3gica podem ser produzidas em qualquer escala e havendo par\u00e2metros nacionais \u00e9 poss\u00edvel criar programas de medi\u00e7\u00e3o em todos os \u00e2mbitos.<\/p>\n<p>Portanto, da mesma forma que \u00e9 poss\u00edvel estabelecer a Pegada Ecol\u00f3gica de um pa\u00eds, tamb\u00e9m \u00e9 poss\u00edvel calcul\u00e1-la na dimens\u00e3o de um estado, de um munic\u00edpio e de uma organiza\u00e7\u00e3o de qualquer tamanho \u2014 que pode ser uma grande companhia ou uma pequena escola ou com\u00e9rcio \u2014 e at\u00e9 na dimens\u00e3o de um produto, de uma fam\u00edlia ou de uma pessoa. Assim, entendendo a dimens\u00e3o das marcas que qualquer atividade humana deixa sobre a Terra e tendo em vista a necessidade de buscar a sustentabilidade destas atividades, fica mais f\u00e1cil orientar a\u00e7\u00f5es e prefer\u00eancias de consumo, inclusive as adotadas individualmente.<\/p>\n<h6>Calculadora de Pegada Ecol\u00f3gica simplificada<\/h6>\n<p>De fato, para chegar a resultados consistentes de uma Pegada Ecol\u00f3gica de qualquer dimens\u00e3o \u00e9 preciso desenvolver um trabalho extenso, que envolve levantamento de dados e c\u00e1lculos complexos. Contudo, a Global Footprint Network disponibiliza uma <a href=\"http:\/\/www.footprintcalculator.org\/\" target=\"_blank\" rel=\"noopener noreferrer\">Calculadora de Pegada Ecol\u00f3gica<\/a> que, por meio de um question\u00e1rio bastante simples de preencher e com vers\u00e3o em portugu\u00eas, permite que voc\u00ea descubra a sua marca sobre a Terra.<\/p>\n<p>As quest\u00f5es envolvem h\u00e1bitos alimentares, caracter\u00edsticas de habita\u00e7\u00e3o, de consumo de energia, de gera\u00e7\u00e3o de res\u00edduos e de transporte, entre outras, que possibilitam que voc\u00ea avalie de uma forma generalizada o seu estilo de vida. Al\u00e9m do resultado em gha, tamb\u00e9m \u00e9 poss\u00edvel entender quantas vezes o planeta Terra deveria existir para sustentar o seu estilo de vida e tamb\u00e9m o dia do ano no qual o planeta extinguiria todos os seus recursos se a humanidade inteira vivesse como voc\u00ea.<\/p>\n<p>Para estabelecermos uma base de compara\u00e7\u00e3o, podemos dizer que se todos os habitantes da Terra vivessem como vive o americano m\u00e9dio seriam necess\u00e1rios cinco planetas para sustent\u00e1-los por um ano. Se todos os humanos fossem brasileiros, seria preciso 1,8 Terra para garantir o estilo de vida de cada um pelo mesmo per\u00edodo. De acordo com a Calculadora de Pegada Ecol\u00f3gica, se o Brasil ocupasse todo o planeta, os recursos globais de um ano teriam acabados no \u00faltimo dia 19 de julho. D\u00e1 o que pensar, no \u00e9 mesmo.<\/p>\n<p>Pois bem, agora que voc\u00ea j\u00e1 sabe a import\u00e2ncia da Pegada Ecol\u00f3gica, <a href=\"http:\/\/www.footprintcalculator.org\/\" target=\"_blank\" rel=\"noopener noreferrer\">clique aqui<\/a> e fa\u00e7a o seu pr\u00f3prio c\u00e1lculo. Diante do resultado, \u00e9 poss\u00edvel que voc\u00ea tenha uma surpresa n\u00e3o muito agrad\u00e1vel sobre o tamanho da sua pegada. Por outro lado, esta informa\u00e7\u00e3o pode lhe ajudar a pensar mais sobre os seus h\u00e1bitos de consumo e sobre como voc\u00ea pode melhor\u00e1-los, a fim de tornar a sua vida mais sustent\u00e1vel. Mais do que isso e com efeito ainda mais potente do que as mudan\u00e7as pessoais, o que voc\u00ea conseguir apurar sobre o seu estilo de vida tamb\u00e9m pode lhe dar argumentos que permitir\u00e3o a voc\u00ea pressionar os governos e as empresas para que adotem pol\u00edticas e processos sustent\u00e1veis, que ajudem a diminuir o impacto da vida humana sobre a Terra.<\/p>\n<p>&nbsp;<\/p>\n<p>(*) <em>Carlos Alberto \u00e9 jornalista e especialista em Educa\u00e7\u00e3o Ambiental<\/em><\/p>\n","protected":false},"excerpt":{"rendered":"<p>por Carlos Alberto Rocha* Mesmo que voc\u00ea ainda n\u00e3o tenha familiaridade com o termo Pegada Ecol\u00f3gica, \u00e9 bastante prov\u00e1vel que<\/p>\n","protected":false},"author":1,"featured_media":1123,"comment_status":"closed","ping_status":"open","sticky":false,"template":"","format":"standard","meta":{"footnotes":""},"categories":[3],"tags":[],"class_list":["post-1119","post","type-post","status-publish","format-standard","has-post-thumbnail","hentry","category-meio-ambiente"],"yoast_head":"<!-- This site is optimized with the Yoast SEO plugin v26.0 - https:\/\/yoast.com\/wordpress\/plugins\/seo\/ -->\n<title>Calcule a sua Pegada Ecol\u00f3gica e entenda a import\u00e2ncia que ela tem para a sua vida - Comunidade Ativa<\/title>\n<meta name=\"robots\" content=\"index, follow, max-snippet:-1, max-image-preview:large, max-video-preview:-1\" \/>\n<link rel=\"canonical\" href=\"https:\/\/www.comunidadeativa.jor.br\/index.php\/2020\/08\/25\/calcule-sua-pegada-ecologica-e-entenda-a-importancia-que-ela-tem-para-a-sua-vida\/\" \/>\n<meta property=\"og:locale\" content=\"pt_BR\" \/>\n<meta property=\"og:type\" content=\"article\" \/>\n<meta property=\"og:title\" content=\"Calcule a sua Pegada Ecol\u00f3gica e entenda a import\u00e2ncia que ela tem para a sua vida - Comunidade Ativa\" \/>\n<meta property=\"og:description\" content=\"por Carlos Alberto Rocha* Mesmo que voc\u00ea ainda n\u00e3o tenha familiaridade com o termo Pegada Ecol\u00f3gica, \u00e9 bastante prov\u00e1vel que\" \/>\n<meta property=\"og:url\" content=\"https:\/\/www.comunidadeativa.jor.br\/index.php\/2020\/08\/25\/calcule-sua-pegada-ecologica-e-entenda-a-importancia-que-ela-tem-para-a-sua-vida\/\" \/>\n<meta property=\"og:site_name\" content=\"Comunidade Ativa\" \/>\n<meta property=\"article:publisher\" content=\"https:\/\/www.facebook.com\/comunidadeativa\" \/>\n<meta property=\"article:published_time\" content=\"2020-08-25T19:34:15+00:00\" \/>\n<meta property=\"article:modified_time\" content=\"2023-08-11T19:09:06+00:00\" \/>\n<meta property=\"og:image\" content=\"https:\/\/www.comunidadeativa.jor.br\/wp-content\/uploads\/2020\/08\/capa-16.jpg\" \/>\n\t<meta property=\"og:image:width\" content=\"640\" \/>\n\t<meta property=\"og:image:height\" content=\"352\" \/>\n\t<meta property=\"og:image:type\" content=\"image\/jpeg\" \/>\n<meta name=\"author\" content=\"Comunidade Ativa\" \/>\n<meta name=\"twitter:card\" content=\"summary_large_image\" \/>\n<meta name=\"twitter:label1\" content=\"Escrito por\" \/>\n\t<meta name=\"twitter:data1\" content=\"Comunidade Ativa\" \/>\n\t<meta name=\"twitter:label2\" content=\"Est. tempo de leitura\" \/>\n\t<meta name=\"twitter:data2\" content=\"7 minutos\" \/>\n<script type=\"application\/ld+json\" class=\"yoast-schema-graph\">{\"@context\":\"https:\/\/schema.org\",\"@graph\":[{\"@type\":\"Article\",\"@id\":\"https:\/\/www.comunidadeativa.jor.br\/index.php\/2020\/08\/25\/calcule-sua-pegada-ecologica-e-entenda-a-importancia-que-ela-tem-para-a-sua-vida\/#article\",\"isPartOf\":{\"@id\":\"https:\/\/www.comunidadeativa.jor.br\/index.php\/2020\/08\/25\/calcule-sua-pegada-ecologica-e-entenda-a-importancia-que-ela-tem-para-a-sua-vida\/\"},\"author\":{\"name\":\"Comunidade Ativa\",\"@id\":\"https:\/\/www.comunidadeativa.jor.br\/#\/schema\/person\/dcaa1f1c51c1f0c47a33b2b734cad6e1\"},\"headline\":\"Calcule a sua Pegada Ecol\u00f3gica e entenda a import\u00e2ncia que ela tem para a sua vida\",\"datePublished\":\"2020-08-25T19:34:15+00:00\",\"dateModified\":\"2023-08-11T19:09:06+00:00\",\"mainEntityOfPage\":{\"@id\":\"https:\/\/www.comunidadeativa.jor.br\/index.php\/2020\/08\/25\/calcule-sua-pegada-ecologica-e-entenda-a-importancia-que-ela-tem-para-a-sua-vida\/\"},\"wordCount\":1372,\"publisher\":{\"@id\":\"https:\/\/www.comunidadeativa.jor.br\/#organization\"},\"image\":{\"@id\":\"https:\/\/www.comunidadeativa.jor.br\/index.php\/2020\/08\/25\/calcule-sua-pegada-ecologica-e-entenda-a-importancia-que-ela-tem-para-a-sua-vida\/#primaryimage\"},\"thumbnailUrl\":\"https:\/\/www.comunidadeativa.jor.br\/wp-content\/uploads\/2020\/08\/capa-16.jpg\",\"articleSection\":[\"Meio Ambiente\"],\"inLanguage\":\"pt-BR\"},{\"@type\":\"WebPage\",\"@id\":\"https:\/\/www.comunidadeativa.jor.br\/index.php\/2020\/08\/25\/calcule-sua-pegada-ecologica-e-entenda-a-importancia-que-ela-tem-para-a-sua-vida\/\",\"url\":\"https:\/\/www.comunidadeativa.jor.br\/index.php\/2020\/08\/25\/calcule-sua-pegada-ecologica-e-entenda-a-importancia-que-ela-tem-para-a-sua-vida\/\",\"name\":\"Calcule a sua Pegada Ecol\u00f3gica e entenda a import\u00e2ncia que ela tem para a sua vida - Comunidade Ativa\",\"isPartOf\":{\"@id\":\"https:\/\/www.comunidadeativa.jor.br\/#website\"},\"primaryImageOfPage\":{\"@id\":\"https:\/\/www.comunidadeativa.jor.br\/index.php\/2020\/08\/25\/calcule-sua-pegada-ecologica-e-entenda-a-importancia-que-ela-tem-para-a-sua-vida\/#primaryimage\"},\"image\":{\"@id\":\"https:\/\/www.comunidadeativa.jor.br\/index.php\/2020\/08\/25\/calcule-sua-pegada-ecologica-e-entenda-a-importancia-que-ela-tem-para-a-sua-vida\/#primaryimage\"},\"thumbnailUrl\":\"https:\/\/www.comunidadeativa.jor.br\/wp-content\/uploads\/2020\/08\/capa-16.jpg\",\"datePublished\":\"2020-08-25T19:34:15+00:00\",\"dateModified\":\"2023-08-11T19:09:06+00:00\",\"breadcrumb\":{\"@id\":\"https:\/\/www.comunidadeativa.jor.br\/index.php\/2020\/08\/25\/calcule-sua-pegada-ecologica-e-entenda-a-importancia-que-ela-tem-para-a-sua-vida\/#breadcrumb\"},\"inLanguage\":\"pt-BR\",\"potentialAction\":[{\"@type\":\"ReadAction\",\"target\":[\"https:\/\/www.comunidadeativa.jor.br\/index.php\/2020\/08\/25\/calcule-sua-pegada-ecologica-e-entenda-a-importancia-que-ela-tem-para-a-sua-vida\/\"]}]},{\"@type\":\"ImageObject\",\"inLanguage\":\"pt-BR\",\"@id\":\"https:\/\/www.comunidadeativa.jor.br\/index.php\/2020\/08\/25\/calcule-sua-pegada-ecologica-e-entenda-a-importancia-que-ela-tem-para-a-sua-vida\/#primaryimage\",\"url\":\"https:\/\/www.comunidadeativa.jor.br\/wp-content\/uploads\/2020\/08\/capa-16.jpg\",\"contentUrl\":\"https:\/\/www.comunidadeativa.jor.br\/wp-content\/uploads\/2020\/08\/capa-16.jpg\",\"width\":640,\"height\":352},{\"@type\":\"BreadcrumbList\",\"@id\":\"https:\/\/www.comunidadeativa.jor.br\/index.php\/2020\/08\/25\/calcule-sua-pegada-ecologica-e-entenda-a-importancia-que-ela-tem-para-a-sua-vida\/#breadcrumb\",\"itemListElement\":[{\"@type\":\"ListItem\",\"position\":1,\"name\":\"In\u00edcio\",\"item\":\"https:\/\/www.comunidadeativa.jor.br\/\"},{\"@type\":\"ListItem\",\"position\":2,\"name\":\"Calcule a sua Pegada Ecol\u00f3gica e entenda a import\u00e2ncia que ela tem para a sua vida\"}]},{\"@type\":\"WebSite\",\"@id\":\"https:\/\/www.comunidadeativa.jor.br\/#website\",\"url\":\"https:\/\/www.comunidadeativa.jor.br\/\",\"name\":\"Comunidade Ativa\",\"description\":\"\",\"publisher\":{\"@id\":\"https:\/\/www.comunidadeativa.jor.br\/#organization\"},\"potentialAction\":[{\"@type\":\"SearchAction\",\"target\":{\"@type\":\"EntryPoint\",\"urlTemplate\":\"https:\/\/www.comunidadeativa.jor.br\/?s={search_term_string}\"},\"query-input\":{\"@type\":\"PropertyValueSpecification\",\"valueRequired\":true,\"valueName\":\"search_term_string\"}}],\"inLanguage\":\"pt-BR\"},{\"@type\":\"Organization\",\"@id\":\"https:\/\/www.comunidadeativa.jor.br\/#organization\",\"name\":\"Comunidade Ativa\",\"url\":\"https:\/\/www.comunidadeativa.jor.br\/\",\"logo\":{\"@type\":\"ImageObject\",\"inLanguage\":\"pt-BR\",\"@id\":\"https:\/\/www.comunidadeativa.jor.br\/#\/schema\/logo\/image\/\",\"url\":\"https:\/\/www.comunidadeativa.jor.br\/wp-content\/uploads\/2018\/03\/cropped-LOGOPNG-1.png\",\"contentUrl\":\"https:\/\/www.comunidadeativa.jor.br\/wp-content\/uploads\/2018\/03\/cropped-LOGOPNG-1.png\",\"width\":318,\"height\":90,\"caption\":\"Comunidade Ativa\"},\"image\":{\"@id\":\"https:\/\/www.comunidadeativa.jor.br\/#\/schema\/logo\/image\/\"},\"sameAs\":[\"https:\/\/www.facebook.com\/comunidadeativa\"]},{\"@type\":\"Person\",\"@id\":\"https:\/\/www.comunidadeativa.jor.br\/#\/schema\/person\/dcaa1f1c51c1f0c47a33b2b734cad6e1\",\"name\":\"Comunidade Ativa\",\"image\":{\"@type\":\"ImageObject\",\"inLanguage\":\"pt-BR\",\"@id\":\"https:\/\/www.comunidadeativa.jor.br\/#\/schema\/person\/image\/\",\"url\":\"https:\/\/secure.gravatar.com\/avatar\/09a9a1f85fedf41e81b47f7c1d40084f?s=96&d=mm&r=g\",\"contentUrl\":\"https:\/\/secure.gravatar.com\/avatar\/09a9a1f85fedf41e81b47f7c1d40084f?s=96&d=mm&r=g\",\"caption\":\"Comunidade Ativa\"},\"url\":\"https:\/\/www.comunidadeativa.jor.br\/index.php\/author\/casalberto\/\"}]}<\/script>\n<!-- \/ Yoast SEO plugin. -->","yoast_head_json":{"title":"Calcule a sua Pegada Ecol\u00f3gica e entenda a import\u00e2ncia que ela tem para a sua vida - Comunidade Ativa","robots":{"index":"index","follow":"follow","max-snippet":"max-snippet:-1","max-image-preview":"max-image-preview:large","max-video-preview":"max-video-preview:-1"},"canonical":"https:\/\/www.comunidadeativa.jor.br\/index.php\/2020\/08\/25\/calcule-sua-pegada-ecologica-e-entenda-a-importancia-que-ela-tem-para-a-sua-vida\/","og_locale":"pt_BR","og_type":"article","og_title":"Calcule a sua Pegada Ecol\u00f3gica e entenda a import\u00e2ncia que ela tem para a sua vida - Comunidade Ativa","og_description":"por Carlos Alberto Rocha* Mesmo que voc\u00ea ainda n\u00e3o tenha familiaridade com o termo Pegada Ecol\u00f3gica, \u00e9 bastante prov\u00e1vel que","og_url":"https:\/\/www.comunidadeativa.jor.br\/index.php\/2020\/08\/25\/calcule-sua-pegada-ecologica-e-entenda-a-importancia-que-ela-tem-para-a-sua-vida\/","og_site_name":"Comunidade Ativa","article_publisher":"https:\/\/www.facebook.com\/comunidadeativa","article_published_time":"2020-08-25T19:34:15+00:00","article_modified_time":"2023-08-11T19:09:06+00:00","og_image":[{"width":640,"height":352,"url":"https:\/\/www.comunidadeativa.jor.br\/wp-content\/uploads\/2020\/08\/capa-16.jpg","type":"image\/jpeg"}],"author":"Comunidade Ativa","twitter_card":"summary_large_image","twitter_misc":{"Escrito por":"Comunidade Ativa","Est. tempo de leitura":"7 minutos"},"schema":{"@context":"https:\/\/schema.org","@graph":[{"@type":"Article","@id":"https:\/\/www.comunidadeativa.jor.br\/index.php\/2020\/08\/25\/calcule-sua-pegada-ecologica-e-entenda-a-importancia-que-ela-tem-para-a-sua-vida\/#article","isPartOf":{"@id":"https:\/\/www.comunidadeativa.jor.br\/index.php\/2020\/08\/25\/calcule-sua-pegada-ecologica-e-entenda-a-importancia-que-ela-tem-para-a-sua-vida\/"},"author":{"name":"Comunidade Ativa","@id":"https:\/\/www.comunidadeativa.jor.br\/#\/schema\/person\/dcaa1f1c51c1f0c47a33b2b734cad6e1"},"headline":"Calcule a sua Pegada Ecol\u00f3gica e entenda a import\u00e2ncia que ela tem para a sua vida","datePublished":"2020-08-25T19:34:15+00:00","dateModified":"2023-08-11T19:09:06+00:00","mainEntityOfPage":{"@id":"https:\/\/www.comunidadeativa.jor.br\/index.php\/2020\/08\/25\/calcule-sua-pegada-ecologica-e-entenda-a-importancia-que-ela-tem-para-a-sua-vida\/"},"wordCount":1372,"publisher":{"@id":"https:\/\/www.comunidadeativa.jor.br\/#organization"},"image":{"@id":"https:\/\/www.comunidadeativa.jor.br\/index.php\/2020\/08\/25\/calcule-sua-pegada-ecologica-e-entenda-a-importancia-que-ela-tem-para-a-sua-vida\/#primaryimage"},"thumbnailUrl":"https:\/\/www.comunidadeativa.jor.br\/wp-content\/uploads\/2020\/08\/capa-16.jpg","articleSection":["Meio Ambiente"],"inLanguage":"pt-BR"},{"@type":"WebPage","@id":"https:\/\/www.comunidadeativa.jor.br\/index.php\/2020\/08\/25\/calcule-sua-pegada-ecologica-e-entenda-a-importancia-que-ela-tem-para-a-sua-vida\/","url":"https:\/\/www.comunidadeativa.jor.br\/index.php\/2020\/08\/25\/calcule-sua-pegada-ecologica-e-entenda-a-importancia-que-ela-tem-para-a-sua-vida\/","name":"Calcule a sua Pegada Ecol\u00f3gica e entenda a import\u00e2ncia que ela tem para a sua vida - Comunidade Ativa","isPartOf":{"@id":"https:\/\/www.comunidadeativa.jor.br\/#website"},"primaryImageOfPage":{"@id":"https:\/\/www.comunidadeativa.jor.br\/index.php\/2020\/08\/25\/calcule-sua-pegada-ecologica-e-entenda-a-importancia-que-ela-tem-para-a-sua-vida\/#primaryimage"},"image":{"@id":"https:\/\/www.comunidadeativa.jor.br\/index.php\/2020\/08\/25\/calcule-sua-pegada-ecologica-e-entenda-a-importancia-que-ela-tem-para-a-sua-vida\/#primaryimage"},"thumbnailUrl":"https:\/\/www.comunidadeativa.jor.br\/wp-content\/uploads\/2020\/08\/capa-16.jpg","datePublished":"2020-08-25T19:34:15+00:00","dateModified":"2023-08-11T19:09:06+00:00","breadcrumb":{"@id":"https:\/\/www.comunidadeativa.jor.br\/index.php\/2020\/08\/25\/calcule-sua-pegada-ecologica-e-entenda-a-importancia-que-ela-tem-para-a-sua-vida\/#breadcrumb"},"inLanguage":"pt-BR","potentialAction":[{"@type":"ReadAction","target":["https:\/\/www.comunidadeativa.jor.br\/index.php\/2020\/08\/25\/calcule-sua-pegada-ecologica-e-entenda-a-importancia-que-ela-tem-para-a-sua-vida\/"]}]},{"@type":"ImageObject","inLanguage":"pt-BR","@id":"https:\/\/www.comunidadeativa.jor.br\/index.php\/2020\/08\/25\/calcule-sua-pegada-ecologica-e-entenda-a-importancia-que-ela-tem-para-a-sua-vida\/#primaryimage","url":"https:\/\/www.comunidadeativa.jor.br\/wp-content\/uploads\/2020\/08\/capa-16.jpg","contentUrl":"https:\/\/www.comunidadeativa.jor.br\/wp-content\/uploads\/2020\/08\/capa-16.jpg","width":640,"height":352},{"@type":"BreadcrumbList","@id":"https:\/\/www.comunidadeativa.jor.br\/index.php\/2020\/08\/25\/calcule-sua-pegada-ecologica-e-entenda-a-importancia-que-ela-tem-para-a-sua-vida\/#breadcrumb","itemListElement":[{"@type":"ListItem","position":1,"name":"In\u00edcio","item":"https:\/\/www.comunidadeativa.jor.br\/"},{"@type":"ListItem","position":2,"name":"Calcule a sua Pegada Ecol\u00f3gica e entenda a import\u00e2ncia que ela tem para a sua vida"}]},{"@type":"WebSite","@id":"https:\/\/www.comunidadeativa.jor.br\/#website","url":"https:\/\/www.comunidadeativa.jor.br\/","name":"Comunidade Ativa","description":"","publisher":{"@id":"https:\/\/www.comunidadeativa.jor.br\/#organization"},"potentialAction":[{"@type":"SearchAction","target":{"@type":"EntryPoint","urlTemplate":"https:\/\/www.comunidadeativa.jor.br\/?s={search_term_string}"},"query-input":{"@type":"PropertyValueSpecification","valueRequired":true,"valueName":"search_term_string"}}],"inLanguage":"pt-BR"},{"@type":"Organization","@id":"https:\/\/www.comunidadeativa.jor.br\/#organization","name":"Comunidade Ativa","url":"https:\/\/www.comunidadeativa.jor.br\/","logo":{"@type":"ImageObject","inLanguage":"pt-BR","@id":"https:\/\/www.comunidadeativa.jor.br\/#\/schema\/logo\/image\/","url":"https:\/\/www.comunidadeativa.jor.br\/wp-content\/uploads\/2018\/03\/cropped-LOGOPNG-1.png","contentUrl":"https:\/\/www.comunidadeativa.jor.br\/wp-content\/uploads\/2018\/03\/cropped-LOGOPNG-1.png","width":318,"height":90,"caption":"Comunidade Ativa"},"image":{"@id":"https:\/\/www.comunidadeativa.jor.br\/#\/schema\/logo\/image\/"},"sameAs":["https:\/\/www.facebook.com\/comunidadeativa"]},{"@type":"Person","@id":"https:\/\/www.comunidadeativa.jor.br\/#\/schema\/person\/dcaa1f1c51c1f0c47a33b2b734cad6e1","name":"Comunidade Ativa","image":{"@type":"ImageObject","inLanguage":"pt-BR","@id":"https:\/\/www.comunidadeativa.jor.br\/#\/schema\/person\/image\/","url":"https:\/\/secure.gravatar.com\/avatar\/09a9a1f85fedf41e81b47f7c1d40084f?s=96&d=mm&r=g","contentUrl":"https:\/\/secure.gravatar.com\/avatar\/09a9a1f85fedf41e81b47f7c1d40084f?s=96&d=mm&r=g","caption":"Comunidade Ativa"},"url":"https:\/\/www.comunidadeativa.jor.br\/index.php\/author\/casalberto\/"}]}},"_links":{"self":[{"href":"https:\/\/www.comunidadeativa.jor.br\/index.php\/wp-json\/wp\/v2\/posts\/1119","targetHints":{"allow":["GET"]}}],"collection":[{"href":"https:\/\/www.comunidadeativa.jor.br\/index.php\/wp-json\/wp\/v2\/posts"}],"about":[{"href":"https:\/\/www.comunidadeativa.jor.br\/index.php\/wp-json\/wp\/v2\/types\/post"}],"author":[{"embeddable":true,"href":"https:\/\/www.comunidadeativa.jor.br\/index.php\/wp-json\/wp\/v2\/users\/1"}],"replies":[{"embeddable":true,"href":"https:\/\/www.comunidadeativa.jor.br\/index.php\/wp-json\/wp\/v2\/comments?post=1119"}],"version-history":[{"count":5,"href":"https:\/\/www.comunidadeativa.jor.br\/index.php\/wp-json\/wp\/v2\/posts\/1119\/revisions"}],"predecessor-version":[{"id":3717,"href":"https:\/\/www.comunidadeativa.jor.br\/index.php\/wp-json\/wp\/v2\/posts\/1119\/revisions\/3717"}],"wp:featuredmedia":[{"embeddable":true,"href":"https:\/\/www.comunidadeativa.jor.br\/index.php\/wp-json\/wp\/v2\/media\/1123"}],"wp:attachment":[{"href":"https:\/\/www.comunidadeativa.jor.br\/index.php\/wp-json\/wp\/v2\/media?parent=1119"}],"wp:term":[{"taxonomy":"category","embeddable":true,"href":"https:\/\/www.comunidadeativa.jor.br\/index.php\/wp-json\/wp\/v2\/categories?post=1119"},{"taxonomy":"post_tag","embeddable":true,"href":"https:\/\/www.comunidadeativa.jor.br\/index.php\/wp-json\/wp\/v2\/tags?post=1119"}],"curies":[{"name":"wp","href":"https:\/\/api.w.org\/{rel}","templated":true}]}}