{"id":1125,"date":"2020-08-26T14:01:45","date_gmt":"2020-08-26T17:01:45","guid":{"rendered":"https:\/\/www.comunidadeativa.jor.br\/?p=1125"},"modified":"2023-08-11T16:09:53","modified_gmt":"2023-08-11T19:09:53","slug":"por-que-devemos-ter-maior-cuidado-com-a-hidratacao-no-inverno","status":"publish","type":"post","link":"https:\/\/www.comunidadeativa.jor.br\/index.php\/2020\/08\/26\/por-que-devemos-ter-maior-cuidado-com-a-hidratacao-no-inverno\/","title":{"rendered":"Por que devemos ter maior cuidado com a hidrata\u00e7\u00e3o no inverno?"},"content":{"rendered":"<p>Com a queda das temperaturas devemos ficar mais atentos para os riscos de desidrata\u00e7\u00e3o. Afinal, ao contr\u00e1rio do tempo quente, quando o calor, por si, favorece a ingest\u00e3o de l\u00edquidos refrescantes, no frio as pessoas tendem a beber menos \u00e1gua, o que n\u00e3o \u00e9 nada saud\u00e1vel.<\/p>\n<p>De acordo com a m\u00e9dica e professora da Faculdade de Medicina da USP Ana Escobar, \u00e9 natural que as pessoas sintam menos sede nos dias mais frios. \u201cPor isso precisamos estar mais atentos \u00e0 nossa hidrata\u00e7\u00e3o. Como suamos menos acreditamos que necessitamos de menos \u00e1gua. Mas n\u00e3o \u00e9 bem assim. A perda insens\u00edvel de \u00e1gua pode ser um pouco menor, mas a necessidade corporal de \u00e1gua continua sendo essencial e se n\u00e3o for corretamente suprida pode at\u00e9 levar \u00e0 desidrata\u00e7\u00e3o\u201d, alerta a m\u00e9dica.<\/p>\n<p>Para a professora, a melhor dica \u00e9 manter uma garrafinha de \u00e1gua pr\u00f3xima para facilitar a ingest\u00e3o sempre que o corpo indicar um m\u00ednimo de sede. \u201cTamb\u00e9m observe o xixi, pois a urina escura \u00e9 tamb\u00e9m um sinal de que voc\u00ea precisa tomar mais \u00e1gua\u201d, ela aconselha.<\/p>\n<h6>Mais aten\u00e7\u00e3o com crian\u00e7as e com idosos<\/h6>\n<p>Por terem mecanismos de sede mais delicados, as crian\u00e7as e os idosos constituem dois grupos que precisam ser acompanhados de perto. No primeiro caso, porque, comprovadamente, h\u00e1 uma tend\u00eancia de os pequenos ingerirem menos \u00e1gua. Levantamentos da Pesquisa Nacional de Exames de Sa\u00fade e Nutri\u00e7\u00e3o dos Estados Unidos indicam que, na m\u00e9dia, as crian\u00e7as bebem menos \u00e1gua do que deveriam, situa\u00e7\u00e3o que pode se agravar ainda mais no inverno.<\/p>\n<p>A esta tend\u00eancia podem se somar outras situa\u00e7\u00f5es que contribuem para que a crian\u00e7a se desidrate, como exemplifica a pediatra Neuma Kormann . \u201cQuando a crian\u00e7a fica muito agasalhada em uma temperatura que n\u00e3o est\u00e1 t\u00e3o baixa, ela tamb\u00e9m vai suar e desidratar\u201d, alerta. Segundo m\u00e9dica, o uso de aquecedores, que \u00e9 frequente nesta \u00e9poca do ano, tamb\u00e9m contribui para que a desidrata\u00e7\u00e3o dos pequenos ocorra no inverno.<\/p>\n<p>Os idosos, por sua vez, s\u00e3o normalmente suscet\u00edveis a se desidratarem em qualquer tempo. \u201cPor causa da diminui\u00e7\u00e3o do sistema de termostase (mecanismo que ajusta a temperatura do corpo), eles acabam desidratando mais rapidamente, porque o organismo apresenta uma diminui\u00e7\u00e3o do n\u00famero e da sensibilidade de receptores corporais que controlam a sede\u201d, explica o neurologista Andr\u00e9 Lima.<\/p>\n<p>Al\u00e9m disso, como esclarece a geriatra S\u00edlvia Lagrotta, as pessoas mais velhas s\u00e3o normalmente menos hidratadas do que as mais jovens e tendem a perder \u00e1gua mais facilmente. \u201cElas n\u00e3o conseguem segurar esta \u00e1gua, que j\u00e1 \u00e9 pouca. \u00c9 por isso que sentem mais calor e tamb\u00e9m mais frio, j\u00e1 que as camadas da pele s\u00e3o mais finas\u201d, diz S\u00edlvia.<\/p>\n<p>A m\u00e9dica destaca ainda que o uso de determinados medicamentos \u2014 como anti-hipertensivos e diur\u00e9ticos, por exemplo \u2014 favorece a elimina\u00e7\u00e3o de \u00e1gua, o que exige reposi\u00e7\u00e3o cont\u00ednua.<\/p>\n<h6>Ar seco<\/h6>\n<p>A baixa umidade do ar, que \u00e9 frequente nesta \u00e9poca do ano, \u00e9 outro fator que precisa ser considerado. O otorrinolaringologista Victor Lam\u00f4nica destaca que, com o ar mais seco, h\u00e1 o ressecamento das mucosas do nariz e da garganta, o que torna o surgimento de doen\u00e7as respirat\u00f3rias mais frequentes no inverno.<\/p>\n<p>Segundo Lam\u00f4nica, nesta \u00e9poca do ano a polui\u00e7\u00e3o atmosf\u00e9rica tende a ficar mais dispersa, o que aumenta o risco de os poluentes atingirem as vias respirat\u00f3rias. &#8221; Os v\u00edrus e bact\u00e9rias tamb\u00e9m permanecem por muito mais tempo em contato com nossas mucosas, aumentando os \u00edndices de infec\u00e7\u00f5es\u201d, explica.<\/p>\n<h6>Alimenta\u00e7\u00e3o e ingest\u00e3o de l\u00edquidos<\/h6>\n<p>De acordo com Lam\u00f4nica, a alimenta\u00e7\u00e3o correta \u00e9 fundamental para amenizar os riscos \u00e0 sa\u00fade que a desidrata\u00e7\u00e3o pode causar no inverno. \u201cH\u00e1 alimentos que n\u00e3o favorecem a hidrata\u00e7\u00e3o e que devem ser evitados em \u00e9pocas muito quente ou de baixa umidade do ar. Por exemplo, peixes, carne seca, queijos, chocolates em excesso, frituras, alimentos gordurosos e enlatados, temperos industrializados, manteiga com sal e tamb\u00e9m bebidas alco\u00f3licas. Alimentos como abacate, a\u00e7a\u00ed, arroz integral, ab\u00f3bora, acerola, agri\u00e3o, banana, batata cozida, br\u00f3colis, couve, cenoura, espinafre, feij\u00e3o, laranja, kiwi, manga, melancia, mexerica, pepino, piment\u00e3o e tomate cru s\u00e3o indicados como forma de hidrata\u00e7\u00e3o alimentar\u201d, recomenda o m\u00e9dico.<\/p>\n<p>Usar soro fisiol\u00f3gico no nariz e l\u00e1grima artificial nos olhos tamb\u00e9m s\u00e3o medidas aconselhadas pelo especialista. \u201cDeixar uma toalha molhada nos c\u00f4modos da casa, evitar exerc\u00edcios f\u00edsicos entre 11h e 18h, per\u00edodo de maiores temperaturas e menor \u00edndice de umidade do ar, ingerir grande quantidade de l\u00edquidos tamb\u00e9m \u00e9 recomendado\u201d, diz Lam\u00f4nica.<\/p>\n<h6>Quanto de \u00e1gua beber?<\/h6>\n<p>De maneira simplificada, inclusive corroborada por alguns m\u00e9dicos, recomenda-se ingest\u00e3o de 1,5 a 2 litros de \u00e1gua por dia. Entretanto, a partir de um crit\u00e9rio mais aprimorado, \u00e9 sabido que o volume de \u00e1gua que cada pessoa deve ingerir precisa levar em conta uma s\u00e9rie de fatores, tais como idade, peso corporal, atividade f\u00edsica desenvolvida, entre outras.<\/p>\n<p>De acordo com as especialistas em nutri\u00e7\u00e3o Carrol Lutz e Karen Perzytulski, autoras do guia <em><a href=\"https:\/\/www.amazon.in\/Nutrition-Diet-Therapy-DavisPlus-Carroll-ebook\/dp\/B00HYX3XDC\" target=\"_blank\" rel=\"noopener noreferrer\">Nutrition and Diet Therapy<\/a><\/em>, pessoas que praticam atividades f\u00edsicas intensas, por exemplo, precisariam tomar entre 500 ml e 1 litro de \u00e1gua a cada hora de exerc\u00edcio, o que dependeria de uma avalia\u00e7\u00e3o profissional, conforme o tipo de exerc\u00edcio praticado. Para facilitar as avalia\u00e7\u00f5es em atividades normais, as autoras relacionaram a idade com a quantidade de \u00e1gua que deve ser ingerida diariamente, de acordo com o peso da pessoa.\u00a0Confira!<\/p>\n<ul>\n<li>Jovem ativo at\u00e9 os 17 anos: 40 ml por cada kg de peso.<\/li>\n<li>Dos 18 aos 55 anos:\u00a035 ml por\u00a0 kg de peso.<\/li>\n<li>Dos 55 aos 65 anos: 30 ml por kg de peso.<\/li>\n<li>Mais de 66 anos: 25 ml por kg de peso.<\/li>\n<\/ul>\n<p>Portanto, de acordo com estas recomenda\u00e7\u00f5es, algu\u00e9m que tenha 40 anos e 60 quilos\u00a0 precisa ingerir cerca de 2 litros de \u00e1gua por dia, ou quatro copos de 250 ml. Outra pessoa com a mesma idade e 80 quilos de peso teria que ingerir dois copos a mais, atingindo os 2,8 litros di\u00e1rios recomendados para ela.<\/p>\n<p>Entretanto, tenha cuidado. Como j\u00e1 foi dito, a necessidade de hidrata\u00e7\u00e3o est\u00e1 relacionada a v\u00e1rios fatores e, inclusive, pode ter v\u00ednculo com algum quadro de sa\u00fade que a pessoa apresente e, eventualmente, com o uso de medicamentos. Al\u00e9m disso, excesso de \u00e1gua tamb\u00e9m \u00e9 prejudicial \u00e0 sa\u00fade.<\/p>\n<p>Na d\u00favida, converse com o seu m\u00e9dico ou nutricionista.<\/p>\n<p>&nbsp;<\/p>\n<p>&nbsp;<\/p>\n","protected":false},"excerpt":{"rendered":"<p>Com a queda das temperaturas devemos ficar mais atentos para os riscos de desidrata\u00e7\u00e3o. Afinal, ao contr\u00e1rio do tempo quente,<\/p>\n","protected":false},"author":1,"featured_media":1126,"comment_status":"closed","ping_status":"open","sticky":false,"template":"","format":"standard","meta":{"footnotes":""},"categories":[9],"tags":[],"class_list":["post-1125","post","type-post","status-publish","format-standard","has-post-thumbnail","hentry","category-saude-qualidade-de-vida"],"yoast_head":"<!-- This site is optimized with the Yoast SEO plugin v26.0 - https:\/\/yoast.com\/wordpress\/plugins\/seo\/ -->\n<title>Por que devemos ter maior cuidado com a hidrata\u00e7\u00e3o no inverno? - Comunidade Ativa<\/title>\n<meta name=\"robots\" content=\"index, follow, max-snippet:-1, max-image-preview:large, max-video-preview:-1\" \/>\n<link rel=\"canonical\" href=\"https:\/\/www.comunidadeativa.jor.br\/index.php\/2020\/08\/26\/por-que-devemos-ter-maior-cuidado-com-a-hidratacao-no-inverno\/\" \/>\n<meta property=\"og:locale\" content=\"pt_BR\" \/>\n<meta property=\"og:type\" content=\"article\" \/>\n<meta property=\"og:title\" content=\"Por que devemos ter maior cuidado com a hidrata\u00e7\u00e3o no inverno? - Comunidade Ativa\" \/>\n<meta property=\"og:description\" content=\"Com a queda das temperaturas devemos ficar mais atentos para os riscos de desidrata\u00e7\u00e3o. Afinal, ao contr\u00e1rio do tempo quente,\" \/>\n<meta property=\"og:url\" content=\"https:\/\/www.comunidadeativa.jor.br\/index.php\/2020\/08\/26\/por-que-devemos-ter-maior-cuidado-com-a-hidratacao-no-inverno\/\" \/>\n<meta property=\"og:site_name\" content=\"Comunidade Ativa\" \/>\n<meta property=\"article:publisher\" content=\"https:\/\/www.facebook.com\/comunidadeativa\" \/>\n<meta property=\"article:published_time\" content=\"2020-08-26T17:01:45+00:00\" \/>\n<meta property=\"article:modified_time\" content=\"2023-08-11T19:09:53+00:00\" \/>\n<meta property=\"og:image\" content=\"https:\/\/www.comunidadeativa.jor.br\/wp-content\/uploads\/2020\/08\/capa-17.jpg\" \/>\n\t<meta property=\"og:image:width\" content=\"640\" \/>\n\t<meta property=\"og:image:height\" content=\"352\" \/>\n\t<meta property=\"og:image:type\" content=\"image\/jpeg\" \/>\n<meta name=\"author\" content=\"Comunidade Ativa\" \/>\n<meta name=\"twitter:card\" content=\"summary_large_image\" \/>\n<meta name=\"twitter:label1\" content=\"Escrito por\" \/>\n\t<meta name=\"twitter:data1\" content=\"Comunidade Ativa\" \/>\n\t<meta name=\"twitter:label2\" content=\"Est. tempo de leitura\" \/>\n\t<meta name=\"twitter:data2\" content=\"6 minutos\" \/>\n<script type=\"application\/ld+json\" class=\"yoast-schema-graph\">{\"@context\":\"https:\/\/schema.org\",\"@graph\":[{\"@type\":\"Article\",\"@id\":\"https:\/\/www.comunidadeativa.jor.br\/index.php\/2020\/08\/26\/por-que-devemos-ter-maior-cuidado-com-a-hidratacao-no-inverno\/#article\",\"isPartOf\":{\"@id\":\"https:\/\/www.comunidadeativa.jor.br\/index.php\/2020\/08\/26\/por-que-devemos-ter-maior-cuidado-com-a-hidratacao-no-inverno\/\"},\"author\":{\"name\":\"Comunidade Ativa\",\"@id\":\"https:\/\/www.comunidadeativa.jor.br\/#\/schema\/person\/dcaa1f1c51c1f0c47a33b2b734cad6e1\"},\"headline\":\"Por que devemos ter maior cuidado com a hidrata\u00e7\u00e3o no inverno?\",\"datePublished\":\"2020-08-26T17:01:45+00:00\",\"dateModified\":\"2023-08-11T19:09:53+00:00\",\"mainEntityOfPage\":{\"@id\":\"https:\/\/www.comunidadeativa.jor.br\/index.php\/2020\/08\/26\/por-que-devemos-ter-maior-cuidado-com-a-hidratacao-no-inverno\/\"},\"wordCount\":1122,\"publisher\":{\"@id\":\"https:\/\/www.comunidadeativa.jor.br\/#organization\"},\"image\":{\"@id\":\"https:\/\/www.comunidadeativa.jor.br\/index.php\/2020\/08\/26\/por-que-devemos-ter-maior-cuidado-com-a-hidratacao-no-inverno\/#primaryimage\"},\"thumbnailUrl\":\"https:\/\/www.comunidadeativa.jor.br\/wp-content\/uploads\/2020\/08\/capa-17.jpg\",\"articleSection\":[\"Sa\u00fade &amp; Qualidade de Vida\"],\"inLanguage\":\"pt-BR\"},{\"@type\":\"WebPage\",\"@id\":\"https:\/\/www.comunidadeativa.jor.br\/index.php\/2020\/08\/26\/por-que-devemos-ter-maior-cuidado-com-a-hidratacao-no-inverno\/\",\"url\":\"https:\/\/www.comunidadeativa.jor.br\/index.php\/2020\/08\/26\/por-que-devemos-ter-maior-cuidado-com-a-hidratacao-no-inverno\/\",\"name\":\"Por que devemos ter maior cuidado com a hidrata\u00e7\u00e3o no inverno? - Comunidade Ativa\",\"isPartOf\":{\"@id\":\"https:\/\/www.comunidadeativa.jor.br\/#website\"},\"primaryImageOfPage\":{\"@id\":\"https:\/\/www.comunidadeativa.jor.br\/index.php\/2020\/08\/26\/por-que-devemos-ter-maior-cuidado-com-a-hidratacao-no-inverno\/#primaryimage\"},\"image\":{\"@id\":\"https:\/\/www.comunidadeativa.jor.br\/index.php\/2020\/08\/26\/por-que-devemos-ter-maior-cuidado-com-a-hidratacao-no-inverno\/#primaryimage\"},\"thumbnailUrl\":\"https:\/\/www.comunidadeativa.jor.br\/wp-content\/uploads\/2020\/08\/capa-17.jpg\",\"datePublished\":\"2020-08-26T17:01:45+00:00\",\"dateModified\":\"2023-08-11T19:09:53+00:00\",\"breadcrumb\":{\"@id\":\"https:\/\/www.comunidadeativa.jor.br\/index.php\/2020\/08\/26\/por-que-devemos-ter-maior-cuidado-com-a-hidratacao-no-inverno\/#breadcrumb\"},\"inLanguage\":\"pt-BR\",\"potentialAction\":[{\"@type\":\"ReadAction\",\"target\":[\"https:\/\/www.comunidadeativa.jor.br\/index.php\/2020\/08\/26\/por-que-devemos-ter-maior-cuidado-com-a-hidratacao-no-inverno\/\"]}]},{\"@type\":\"ImageObject\",\"inLanguage\":\"pt-BR\",\"@id\":\"https:\/\/www.comunidadeativa.jor.br\/index.php\/2020\/08\/26\/por-que-devemos-ter-maior-cuidado-com-a-hidratacao-no-inverno\/#primaryimage\",\"url\":\"https:\/\/www.comunidadeativa.jor.br\/wp-content\/uploads\/2020\/08\/capa-17.jpg\",\"contentUrl\":\"https:\/\/www.comunidadeativa.jor.br\/wp-content\/uploads\/2020\/08\/capa-17.jpg\",\"width\":640,\"height\":352},{\"@type\":\"BreadcrumbList\",\"@id\":\"https:\/\/www.comunidadeativa.jor.br\/index.php\/2020\/08\/26\/por-que-devemos-ter-maior-cuidado-com-a-hidratacao-no-inverno\/#breadcrumb\",\"itemListElement\":[{\"@type\":\"ListItem\",\"position\":1,\"name\":\"In\u00edcio\",\"item\":\"https:\/\/www.comunidadeativa.jor.br\/\"},{\"@type\":\"ListItem\",\"position\":2,\"name\":\"Por que devemos ter maior cuidado com a hidrata\u00e7\u00e3o no inverno?\"}]},{\"@type\":\"WebSite\",\"@id\":\"https:\/\/www.comunidadeativa.jor.br\/#website\",\"url\":\"https:\/\/www.comunidadeativa.jor.br\/\",\"name\":\"Comunidade Ativa\",\"description\":\"\",\"publisher\":{\"@id\":\"https:\/\/www.comunidadeativa.jor.br\/#organization\"},\"potentialAction\":[{\"@type\":\"SearchAction\",\"target\":{\"@type\":\"EntryPoint\",\"urlTemplate\":\"https:\/\/www.comunidadeativa.jor.br\/?s={search_term_string}\"},\"query-input\":{\"@type\":\"PropertyValueSpecification\",\"valueRequired\":true,\"valueName\":\"search_term_string\"}}],\"inLanguage\":\"pt-BR\"},{\"@type\":\"Organization\",\"@id\":\"https:\/\/www.comunidadeativa.jor.br\/#organization\",\"name\":\"Comunidade Ativa\",\"url\":\"https:\/\/www.comunidadeativa.jor.br\/\",\"logo\":{\"@type\":\"ImageObject\",\"inLanguage\":\"pt-BR\",\"@id\":\"https:\/\/www.comunidadeativa.jor.br\/#\/schema\/logo\/image\/\",\"url\":\"https:\/\/www.comunidadeativa.jor.br\/wp-content\/uploads\/2018\/03\/cropped-LOGOPNG-1.png\",\"contentUrl\":\"https:\/\/www.comunidadeativa.jor.br\/wp-content\/uploads\/2018\/03\/cropped-LOGOPNG-1.png\",\"width\":318,\"height\":90,\"caption\":\"Comunidade Ativa\"},\"image\":{\"@id\":\"https:\/\/www.comunidadeativa.jor.br\/#\/schema\/logo\/image\/\"},\"sameAs\":[\"https:\/\/www.facebook.com\/comunidadeativa\"]},{\"@type\":\"Person\",\"@id\":\"https:\/\/www.comunidadeativa.jor.br\/#\/schema\/person\/dcaa1f1c51c1f0c47a33b2b734cad6e1\",\"name\":\"Comunidade Ativa\",\"image\":{\"@type\":\"ImageObject\",\"inLanguage\":\"pt-BR\",\"@id\":\"https:\/\/www.comunidadeativa.jor.br\/#\/schema\/person\/image\/\",\"url\":\"https:\/\/secure.gravatar.com\/avatar\/09a9a1f85fedf41e81b47f7c1d40084f?s=96&d=mm&r=g\",\"contentUrl\":\"https:\/\/secure.gravatar.com\/avatar\/09a9a1f85fedf41e81b47f7c1d40084f?s=96&d=mm&r=g\",\"caption\":\"Comunidade Ativa\"},\"url\":\"https:\/\/www.comunidadeativa.jor.br\/index.php\/author\/casalberto\/\"}]}<\/script>\n<!-- \/ Yoast SEO plugin. -->","yoast_head_json":{"title":"Por que devemos ter maior cuidado com a hidrata\u00e7\u00e3o no inverno? - Comunidade Ativa","robots":{"index":"index","follow":"follow","max-snippet":"max-snippet:-1","max-image-preview":"max-image-preview:large","max-video-preview":"max-video-preview:-1"},"canonical":"https:\/\/www.comunidadeativa.jor.br\/index.php\/2020\/08\/26\/por-que-devemos-ter-maior-cuidado-com-a-hidratacao-no-inverno\/","og_locale":"pt_BR","og_type":"article","og_title":"Por que devemos ter maior cuidado com a hidrata\u00e7\u00e3o no inverno? - Comunidade Ativa","og_description":"Com a queda das temperaturas devemos ficar mais atentos para os riscos de desidrata\u00e7\u00e3o. Afinal, ao contr\u00e1rio do tempo quente,","og_url":"https:\/\/www.comunidadeativa.jor.br\/index.php\/2020\/08\/26\/por-que-devemos-ter-maior-cuidado-com-a-hidratacao-no-inverno\/","og_site_name":"Comunidade Ativa","article_publisher":"https:\/\/www.facebook.com\/comunidadeativa","article_published_time":"2020-08-26T17:01:45+00:00","article_modified_time":"2023-08-11T19:09:53+00:00","og_image":[{"width":640,"height":352,"url":"https:\/\/www.comunidadeativa.jor.br\/wp-content\/uploads\/2020\/08\/capa-17.jpg","type":"image\/jpeg"}],"author":"Comunidade Ativa","twitter_card":"summary_large_image","twitter_misc":{"Escrito por":"Comunidade Ativa","Est. tempo de leitura":"6 minutos"},"schema":{"@context":"https:\/\/schema.org","@graph":[{"@type":"Article","@id":"https:\/\/www.comunidadeativa.jor.br\/index.php\/2020\/08\/26\/por-que-devemos-ter-maior-cuidado-com-a-hidratacao-no-inverno\/#article","isPartOf":{"@id":"https:\/\/www.comunidadeativa.jor.br\/index.php\/2020\/08\/26\/por-que-devemos-ter-maior-cuidado-com-a-hidratacao-no-inverno\/"},"author":{"name":"Comunidade Ativa","@id":"https:\/\/www.comunidadeativa.jor.br\/#\/schema\/person\/dcaa1f1c51c1f0c47a33b2b734cad6e1"},"headline":"Por que devemos ter maior cuidado com a hidrata\u00e7\u00e3o no inverno?","datePublished":"2020-08-26T17:01:45+00:00","dateModified":"2023-08-11T19:09:53+00:00","mainEntityOfPage":{"@id":"https:\/\/www.comunidadeativa.jor.br\/index.php\/2020\/08\/26\/por-que-devemos-ter-maior-cuidado-com-a-hidratacao-no-inverno\/"},"wordCount":1122,"publisher":{"@id":"https:\/\/www.comunidadeativa.jor.br\/#organization"},"image":{"@id":"https:\/\/www.comunidadeativa.jor.br\/index.php\/2020\/08\/26\/por-que-devemos-ter-maior-cuidado-com-a-hidratacao-no-inverno\/#primaryimage"},"thumbnailUrl":"https:\/\/www.comunidadeativa.jor.br\/wp-content\/uploads\/2020\/08\/capa-17.jpg","articleSection":["Sa\u00fade &amp; Qualidade de Vida"],"inLanguage":"pt-BR"},{"@type":"WebPage","@id":"https:\/\/www.comunidadeativa.jor.br\/index.php\/2020\/08\/26\/por-que-devemos-ter-maior-cuidado-com-a-hidratacao-no-inverno\/","url":"https:\/\/www.comunidadeativa.jor.br\/index.php\/2020\/08\/26\/por-que-devemos-ter-maior-cuidado-com-a-hidratacao-no-inverno\/","name":"Por que devemos ter maior cuidado com a hidrata\u00e7\u00e3o no inverno? - Comunidade Ativa","isPartOf":{"@id":"https:\/\/www.comunidadeativa.jor.br\/#website"},"primaryImageOfPage":{"@id":"https:\/\/www.comunidadeativa.jor.br\/index.php\/2020\/08\/26\/por-que-devemos-ter-maior-cuidado-com-a-hidratacao-no-inverno\/#primaryimage"},"image":{"@id":"https:\/\/www.comunidadeativa.jor.br\/index.php\/2020\/08\/26\/por-que-devemos-ter-maior-cuidado-com-a-hidratacao-no-inverno\/#primaryimage"},"thumbnailUrl":"https:\/\/www.comunidadeativa.jor.br\/wp-content\/uploads\/2020\/08\/capa-17.jpg","datePublished":"2020-08-26T17:01:45+00:00","dateModified":"2023-08-11T19:09:53+00:00","breadcrumb":{"@id":"https:\/\/www.comunidadeativa.jor.br\/index.php\/2020\/08\/26\/por-que-devemos-ter-maior-cuidado-com-a-hidratacao-no-inverno\/#breadcrumb"},"inLanguage":"pt-BR","potentialAction":[{"@type":"ReadAction","target":["https:\/\/www.comunidadeativa.jor.br\/index.php\/2020\/08\/26\/por-que-devemos-ter-maior-cuidado-com-a-hidratacao-no-inverno\/"]}]},{"@type":"ImageObject","inLanguage":"pt-BR","@id":"https:\/\/www.comunidadeativa.jor.br\/index.php\/2020\/08\/26\/por-que-devemos-ter-maior-cuidado-com-a-hidratacao-no-inverno\/#primaryimage","url":"https:\/\/www.comunidadeativa.jor.br\/wp-content\/uploads\/2020\/08\/capa-17.jpg","contentUrl":"https:\/\/www.comunidadeativa.jor.br\/wp-content\/uploads\/2020\/08\/capa-17.jpg","width":640,"height":352},{"@type":"BreadcrumbList","@id":"https:\/\/www.comunidadeativa.jor.br\/index.php\/2020\/08\/26\/por-que-devemos-ter-maior-cuidado-com-a-hidratacao-no-inverno\/#breadcrumb","itemListElement":[{"@type":"ListItem","position":1,"name":"In\u00edcio","item":"https:\/\/www.comunidadeativa.jor.br\/"},{"@type":"ListItem","position":2,"name":"Por que devemos ter maior cuidado com a hidrata\u00e7\u00e3o no inverno?"}]},{"@type":"WebSite","@id":"https:\/\/www.comunidadeativa.jor.br\/#website","url":"https:\/\/www.comunidadeativa.jor.br\/","name":"Comunidade Ativa","description":"","publisher":{"@id":"https:\/\/www.comunidadeativa.jor.br\/#organization"},"potentialAction":[{"@type":"SearchAction","target":{"@type":"EntryPoint","urlTemplate":"https:\/\/www.comunidadeativa.jor.br\/?s={search_term_string}"},"query-input":{"@type":"PropertyValueSpecification","valueRequired":true,"valueName":"search_term_string"}}],"inLanguage":"pt-BR"},{"@type":"Organization","@id":"https:\/\/www.comunidadeativa.jor.br\/#organization","name":"Comunidade Ativa","url":"https:\/\/www.comunidadeativa.jor.br\/","logo":{"@type":"ImageObject","inLanguage":"pt-BR","@id":"https:\/\/www.comunidadeativa.jor.br\/#\/schema\/logo\/image\/","url":"https:\/\/www.comunidadeativa.jor.br\/wp-content\/uploads\/2018\/03\/cropped-LOGOPNG-1.png","contentUrl":"https:\/\/www.comunidadeativa.jor.br\/wp-content\/uploads\/2018\/03\/cropped-LOGOPNG-1.png","width":318,"height":90,"caption":"Comunidade Ativa"},"image":{"@id":"https:\/\/www.comunidadeativa.jor.br\/#\/schema\/logo\/image\/"},"sameAs":["https:\/\/www.facebook.com\/comunidadeativa"]},{"@type":"Person","@id":"https:\/\/www.comunidadeativa.jor.br\/#\/schema\/person\/dcaa1f1c51c1f0c47a33b2b734cad6e1","name":"Comunidade Ativa","image":{"@type":"ImageObject","inLanguage":"pt-BR","@id":"https:\/\/www.comunidadeativa.jor.br\/#\/schema\/person\/image\/","url":"https:\/\/secure.gravatar.com\/avatar\/09a9a1f85fedf41e81b47f7c1d40084f?s=96&d=mm&r=g","contentUrl":"https:\/\/secure.gravatar.com\/avatar\/09a9a1f85fedf41e81b47f7c1d40084f?s=96&d=mm&r=g","caption":"Comunidade Ativa"},"url":"https:\/\/www.comunidadeativa.jor.br\/index.php\/author\/casalberto\/"}]}},"_links":{"self":[{"href":"https:\/\/www.comunidadeativa.jor.br\/index.php\/wp-json\/wp\/v2\/posts\/1125","targetHints":{"allow":["GET"]}}],"collection":[{"href":"https:\/\/www.comunidadeativa.jor.br\/index.php\/wp-json\/wp\/v2\/posts"}],"about":[{"href":"https:\/\/www.comunidadeativa.jor.br\/index.php\/wp-json\/wp\/v2\/types\/post"}],"author":[{"embeddable":true,"href":"https:\/\/www.comunidadeativa.jor.br\/index.php\/wp-json\/wp\/v2\/users\/1"}],"replies":[{"embeddable":true,"href":"https:\/\/www.comunidadeativa.jor.br\/index.php\/wp-json\/wp\/v2\/comments?post=1125"}],"version-history":[{"count":5,"href":"https:\/\/www.comunidadeativa.jor.br\/index.php\/wp-json\/wp\/v2\/posts\/1125\/revisions"}],"predecessor-version":[{"id":3718,"href":"https:\/\/www.comunidadeativa.jor.br\/index.php\/wp-json\/wp\/v2\/posts\/1125\/revisions\/3718"}],"wp:featuredmedia":[{"embeddable":true,"href":"https:\/\/www.comunidadeativa.jor.br\/index.php\/wp-json\/wp\/v2\/media\/1126"}],"wp:attachment":[{"href":"https:\/\/www.comunidadeativa.jor.br\/index.php\/wp-json\/wp\/v2\/media?parent=1125"}],"wp:term":[{"taxonomy":"category","embeddable":true,"href":"https:\/\/www.comunidadeativa.jor.br\/index.php\/wp-json\/wp\/v2\/categories?post=1125"},{"taxonomy":"post_tag","embeddable":true,"href":"https:\/\/www.comunidadeativa.jor.br\/index.php\/wp-json\/wp\/v2\/tags?post=1125"}],"curies":[{"name":"wp","href":"https:\/\/api.w.org\/{rel}","templated":true}]}}