{"id":1261,"date":"2020-10-05T19:11:14","date_gmt":"2020-10-05T22:11:14","guid":{"rendered":"https:\/\/www.comunidadeativa.jor.br\/?p=1261"},"modified":"2023-08-11T16:23:05","modified_gmt":"2023-08-11T19:23:05","slug":"por-mais-conexoes-que-estejam-a-poucos-graus-de-separacao","status":"publish","type":"post","link":"https:\/\/www.comunidadeativa.jor.br\/index.php\/2020\/10\/05\/por-mais-conexoes-que-estejam-a-poucos-graus-de-separacao\/","title":{"rendered":"Por mais conex\u00f5es que estejam e menos graus de separa\u00e7\u00e3o"},"content":{"rendered":"<p><em>por Carlos Alberto Rocha *<\/em><\/p>\n<p>Por quantas vezes nos demos conta de que vivemos em um mundo pequeno, n\u00e3o \u00e9 mesmo? Afinal, n\u00e3o \u00e9 raro conhecermos uma pessoa e, logo na primeira conversa, descobrirmos que temos com ela alguma conex\u00e3o anterior, que, sab\u00edamos que existia.<\/p>\n<p>Uma conex\u00e3o que pode ser mais pr\u00f3xima \u2014 formada por amigos em comum, por ter estudado na mesma escola ou trabalhado na mesma empresa, por exemplo \u2014 ou nem tanto \u2014 do tipo conhecer o amigo do amigo do amigo. N\u00e3o importa. Investigar a poss\u00edvel liga\u00e7\u00e3o e encontr\u00e1-la quando conhecemos algu\u00e9m nos d\u00e1 certa satisfa\u00e7\u00e3o, o que talvez ocorra por podermos nos sentir um pouco mais seguros diante de um novo contato.<\/p>\n<h6>Seis graus<\/h6>\n<p>Pois foi essa curiosidade quanto ao n\u00edvel de proximidade que existe entre as pessoas que levou o psic\u00f3logo norte-americano <a href=\"https:\/\/www.goodtherapy.org\/famous-psychologists\/stanley-milgram.html#:~:text=Stanley%20Milgram%20was%20born%20in%20New%20York%20City%20in%201933.&amp;text=In%201961%2C%20Milgram%20became%20an,ethical%20nature%20of%20his%20studies.\" target=\"_blank\" rel=\"noopener noreferrer\">Stanley Milgran<\/a> a desenvolver um experimento que se tornaria bastante popular no mundo todo. Em 1967, Milgran pediu a 300 moradores do centro-oeste dos Estados Unidos para que fizessem chegar uma correspond\u00eancia \u00e0s m\u00e3os de um cidad\u00e3o residente em Boston, no nordeste do pa\u00eds, que, portanto, estava a milhares de quil\u00f4metros de dist\u00e2ncia de onde viviam e quem nenhum deles conhecia.<\/p>\n<p>Para cumprir a miss\u00e3o, duas condi\u00e7\u00f5es deviam ser seguidas. Naturalmente, a correspond\u00eancia n\u00e3o poderia ser enviada diretamente ao destinat\u00e1rio e s\u00f3 deveria ser entregue a um portador que os participantes do experimento conhecessem pessoalmente e que eles acreditassem que poderia encurtar o caminho do envelope.<\/p>\n<p>Como resultado, Milgran divulgou que um ter\u00e7o dos envelopes chegou ao destinat\u00e1rio, cumprindo, cada um, uma m\u00e9dia de seis passos entre o envio e a recep\u00e7\u00e3o da correspond\u00eancia. Era a base que ele precisava pra lan\u00e7ar a teoria dos \u201cseis graus de separa\u00e7\u00e3o\u201d, que, at\u00e9 hoje \u00e9<a href=\"https:\/\/www.theguardian.com\/technology\/2008\/aug\/03\/internet.email\" target=\"_blank\" rel=\"noopener noreferrer\"> aceita por alguns<\/a> e <a href=\"http:\/\/news.bbc.co.uk\/2\/hi\/programmes\/more_or_less\/5176698.stm\" target=\"_blank\" rel=\"noopener noreferrer\">rejeitada por outros<\/a>.<\/p>\n<h6>De Eistein a Whiderson Nunes<\/h6>\n<p>Mesmo diante dos questionamentos sobre a real validade do estudo de Milgran, suas conclus\u00f5es foram amplamente divulgadas e alcan\u00e7aram popularidade mundial com o filme \u201cSeis Graus de Separa\u00e7\u00e3o\u201d, de 1993. De l\u00e1 pra c\u00e1, surgiram jogos e brincadeiras que buscam confirmar uma tese que continua sendo testada e contestada.<\/p>\n<h6>Mas, qual a relev\u00e2ncia disso?<\/h6>\n<p>Por\u00e9m, a n\u00e3o ser pela satisfa\u00e7\u00e3o de uma de curiosidade, qual relev\u00e2ncia existe em um experimento como o de Milgran? Ainda que o resultado seja verdadeiro, o que importa se voc\u00ea est\u00e1 a seis graus de separa\u00e7\u00e3o da rainha da Inglaterra ou do rei da Ar\u00e1bia Saudita?<\/p>\n<p>Ora, se considerarmos que a dist\u00e2ncia entre as pessoas n\u00e3o \u00e9 assim t\u00e3o grande, talvez seja mais f\u00e1cil compreendermos que cada de n\u00f3s pode, de alguma forma, ter um significado maior no mundo em que vivemos e que v\u00e1 al\u00e9m dos nossos interesses mais diretos e imediatos. Pra isso, nem precisamos buscar conex\u00f5es com grandes celebridades ou com pessoas que est\u00e3o do outro lado do mundo.<\/p>\n<p>Ao contr\u00e1rio, talvez nos baste encontramos coincid\u00eancias simples, que nos acompanham em nosso cotidiano. Como a de compartilharmos o mesmo local de vida com tantas pessoas que, em grande parte das vezes, sequer sabemos o nome.<\/p>\n<p>Para termos uma influ\u00eancia real sobre o mundo \u00e0 nossa volta,\u00a0 pode ser suficiente apenas nos conectarmos com estas pessoas que est\u00e3o pr\u00f3ximas a n\u00f3s, a menos graus de uma separa\u00e7\u00e3o que pode ser facilmente vencida. Com um sorriso, por meio de um bom dia ou com outra atitude simples, de mera civilidade, podemos criar ambientes favor\u00e1veis para que nos conectemos \u00e0s pessoas, que, afinal, s\u00e3o nossos vizinhos e vizinhas de todos os dias.<\/p>\n<p>Certamente, feitas estas conex\u00f5es, al\u00e9m de criarmos uma ambiente muito mais agrad\u00e1vel em torno de n\u00f3s, de maneira muito produtiva, certamente poderemos atuar com maior for\u00e7a sobre as quest\u00f5es que influenciam a qualidade de vida no lugar onde existimos em nosso cotidiano.<\/p>\n<p><em>* Carlos Alberto \u00e9 jornalista, editor do Comunidade Ativa e presidente da Amoran<\/em><\/p>\n<p>&nbsp;<\/p>\n<p><em>Para mais informa\u00e7\u00f5es sobre os temas abordados nesse artigo, acesse os links dispon\u00edveis ao longo do texto. Eles remetem \u00e0s fontes utilizadas aqui.\u00a0<\/em><\/p>\n<p><em>Uma dica: os artigos que n\u00e3o estiverem em portugu\u00eas podem ser traduzidos automaticamente pela maioria dos navegadores. Pra isso, basta clicar com o bot\u00e3o direito em qualquer ponto do texto a ser traduzido e escolher a op\u00e7\u00e3o \u201cTraduzir para o portugu\u00eas\u201d.\u00a0<\/em><\/p>\n","protected":false},"excerpt":{"rendered":"<p>por Carlos Alberto Rocha * Por quantas vezes nos demos conta de que vivemos em um mundo pequeno, n\u00e3o \u00e9<\/p>\n","protected":false},"author":1,"featured_media":1262,"comment_status":"closed","ping_status":"open","sticky":false,"template":"","format":"standard","meta":{"footnotes":""},"categories":[12],"tags":[],"class_list":["post-1261","post","type-post","status-publish","format-standard","has-post-thumbnail","hentry","category-cidadania"],"yoast_head":"<!-- This site is optimized with the Yoast SEO plugin v26.0 - https:\/\/yoast.com\/wordpress\/plugins\/seo\/ -->\n<title>Por mais conex\u00f5es que estejam e menos graus de separa\u00e7\u00e3o - Comunidade Ativa<\/title>\n<meta name=\"robots\" content=\"index, follow, max-snippet:-1, max-image-preview:large, max-video-preview:-1\" \/>\n<link rel=\"canonical\" href=\"https:\/\/www.comunidadeativa.jor.br\/index.php\/2020\/10\/05\/por-mais-conexoes-que-estejam-a-poucos-graus-de-separacao\/\" \/>\n<meta property=\"og:locale\" content=\"pt_BR\" \/>\n<meta property=\"og:type\" content=\"article\" \/>\n<meta property=\"og:title\" content=\"Por mais conex\u00f5es que estejam e menos graus de separa\u00e7\u00e3o - Comunidade Ativa\" \/>\n<meta property=\"og:description\" content=\"por Carlos Alberto Rocha * Por quantas vezes nos demos conta de que vivemos em um mundo pequeno, n\u00e3o \u00e9\" \/>\n<meta property=\"og:url\" content=\"https:\/\/www.comunidadeativa.jor.br\/index.php\/2020\/10\/05\/por-mais-conexoes-que-estejam-a-poucos-graus-de-separacao\/\" \/>\n<meta property=\"og:site_name\" content=\"Comunidade Ativa\" \/>\n<meta property=\"article:publisher\" content=\"https:\/\/www.facebook.com\/comunidadeativa\" \/>\n<meta property=\"article:published_time\" content=\"2020-10-05T22:11:14+00:00\" \/>\n<meta property=\"article:modified_time\" content=\"2023-08-11T19:23:05+00:00\" \/>\n<meta property=\"og:image\" content=\"https:\/\/www.comunidadeativa.jor.br\/wp-content\/uploads\/2020\/10\/capa-2.jpg\" \/>\n\t<meta property=\"og:image:width\" content=\"640\" \/>\n\t<meta property=\"og:image:height\" content=\"352\" \/>\n\t<meta property=\"og:image:type\" content=\"image\/jpeg\" \/>\n<meta name=\"author\" content=\"Comunidade Ativa\" \/>\n<meta name=\"twitter:card\" content=\"summary_large_image\" \/>\n<meta name=\"twitter:label1\" content=\"Escrito por\" \/>\n\t<meta name=\"twitter:data1\" content=\"Comunidade Ativa\" \/>\n\t<meta name=\"twitter:label2\" content=\"Est. tempo de leitura\" \/>\n\t<meta name=\"twitter:data2\" content=\"4 minutos\" \/>\n<script type=\"application\/ld+json\" class=\"yoast-schema-graph\">{\"@context\":\"https:\/\/schema.org\",\"@graph\":[{\"@type\":\"Article\",\"@id\":\"https:\/\/www.comunidadeativa.jor.br\/index.php\/2020\/10\/05\/por-mais-conexoes-que-estejam-a-poucos-graus-de-separacao\/#article\",\"isPartOf\":{\"@id\":\"https:\/\/www.comunidadeativa.jor.br\/index.php\/2020\/10\/05\/por-mais-conexoes-que-estejam-a-poucos-graus-de-separacao\/\"},\"author\":{\"name\":\"Comunidade Ativa\",\"@id\":\"https:\/\/www.comunidadeativa.jor.br\/#\/schema\/person\/dcaa1f1c51c1f0c47a33b2b734cad6e1\"},\"headline\":\"Por mais conex\u00f5es que estejam e menos graus de separa\u00e7\u00e3o\",\"datePublished\":\"2020-10-05T22:11:14+00:00\",\"dateModified\":\"2023-08-11T19:23:05+00:00\",\"mainEntityOfPage\":{\"@id\":\"https:\/\/www.comunidadeativa.jor.br\/index.php\/2020\/10\/05\/por-mais-conexoes-que-estejam-a-poucos-graus-de-separacao\/\"},\"wordCount\":770,\"publisher\":{\"@id\":\"https:\/\/www.comunidadeativa.jor.br\/#organization\"},\"image\":{\"@id\":\"https:\/\/www.comunidadeativa.jor.br\/index.php\/2020\/10\/05\/por-mais-conexoes-que-estejam-a-poucos-graus-de-separacao\/#primaryimage\"},\"thumbnailUrl\":\"https:\/\/www.comunidadeativa.jor.br\/wp-content\/uploads\/2020\/10\/capa-2.jpg\",\"articleSection\":[\"Cidadania\"],\"inLanguage\":\"pt-BR\"},{\"@type\":\"WebPage\",\"@id\":\"https:\/\/www.comunidadeativa.jor.br\/index.php\/2020\/10\/05\/por-mais-conexoes-que-estejam-a-poucos-graus-de-separacao\/\",\"url\":\"https:\/\/www.comunidadeativa.jor.br\/index.php\/2020\/10\/05\/por-mais-conexoes-que-estejam-a-poucos-graus-de-separacao\/\",\"name\":\"Por mais conex\u00f5es que estejam e menos graus de separa\u00e7\u00e3o - Comunidade Ativa\",\"isPartOf\":{\"@id\":\"https:\/\/www.comunidadeativa.jor.br\/#website\"},\"primaryImageOfPage\":{\"@id\":\"https:\/\/www.comunidadeativa.jor.br\/index.php\/2020\/10\/05\/por-mais-conexoes-que-estejam-a-poucos-graus-de-separacao\/#primaryimage\"},\"image\":{\"@id\":\"https:\/\/www.comunidadeativa.jor.br\/index.php\/2020\/10\/05\/por-mais-conexoes-que-estejam-a-poucos-graus-de-separacao\/#primaryimage\"},\"thumbnailUrl\":\"https:\/\/www.comunidadeativa.jor.br\/wp-content\/uploads\/2020\/10\/capa-2.jpg\",\"datePublished\":\"2020-10-05T22:11:14+00:00\",\"dateModified\":\"2023-08-11T19:23:05+00:00\",\"breadcrumb\":{\"@id\":\"https:\/\/www.comunidadeativa.jor.br\/index.php\/2020\/10\/05\/por-mais-conexoes-que-estejam-a-poucos-graus-de-separacao\/#breadcrumb\"},\"inLanguage\":\"pt-BR\",\"potentialAction\":[{\"@type\":\"ReadAction\",\"target\":[\"https:\/\/www.comunidadeativa.jor.br\/index.php\/2020\/10\/05\/por-mais-conexoes-que-estejam-a-poucos-graus-de-separacao\/\"]}]},{\"@type\":\"ImageObject\",\"inLanguage\":\"pt-BR\",\"@id\":\"https:\/\/www.comunidadeativa.jor.br\/index.php\/2020\/10\/05\/por-mais-conexoes-que-estejam-a-poucos-graus-de-separacao\/#primaryimage\",\"url\":\"https:\/\/www.comunidadeativa.jor.br\/wp-content\/uploads\/2020\/10\/capa-2.jpg\",\"contentUrl\":\"https:\/\/www.comunidadeativa.jor.br\/wp-content\/uploads\/2020\/10\/capa-2.jpg\",\"width\":640,\"height\":352},{\"@type\":\"BreadcrumbList\",\"@id\":\"https:\/\/www.comunidadeativa.jor.br\/index.php\/2020\/10\/05\/por-mais-conexoes-que-estejam-a-poucos-graus-de-separacao\/#breadcrumb\",\"itemListElement\":[{\"@type\":\"ListItem\",\"position\":1,\"name\":\"In\u00edcio\",\"item\":\"https:\/\/www.comunidadeativa.jor.br\/\"},{\"@type\":\"ListItem\",\"position\":2,\"name\":\"Por mais conex\u00f5es que estejam e menos graus de separa\u00e7\u00e3o\"}]},{\"@type\":\"WebSite\",\"@id\":\"https:\/\/www.comunidadeativa.jor.br\/#website\",\"url\":\"https:\/\/www.comunidadeativa.jor.br\/\",\"name\":\"Comunidade Ativa\",\"description\":\"\",\"publisher\":{\"@id\":\"https:\/\/www.comunidadeativa.jor.br\/#organization\"},\"potentialAction\":[{\"@type\":\"SearchAction\",\"target\":{\"@type\":\"EntryPoint\",\"urlTemplate\":\"https:\/\/www.comunidadeativa.jor.br\/?s={search_term_string}\"},\"query-input\":{\"@type\":\"PropertyValueSpecification\",\"valueRequired\":true,\"valueName\":\"search_term_string\"}}],\"inLanguage\":\"pt-BR\"},{\"@type\":\"Organization\",\"@id\":\"https:\/\/www.comunidadeativa.jor.br\/#organization\",\"name\":\"Comunidade Ativa\",\"url\":\"https:\/\/www.comunidadeativa.jor.br\/\",\"logo\":{\"@type\":\"ImageObject\",\"inLanguage\":\"pt-BR\",\"@id\":\"https:\/\/www.comunidadeativa.jor.br\/#\/schema\/logo\/image\/\",\"url\":\"https:\/\/www.comunidadeativa.jor.br\/wp-content\/uploads\/2018\/03\/cropped-LOGOPNG-1.png\",\"contentUrl\":\"https:\/\/www.comunidadeativa.jor.br\/wp-content\/uploads\/2018\/03\/cropped-LOGOPNG-1.png\",\"width\":318,\"height\":90,\"caption\":\"Comunidade Ativa\"},\"image\":{\"@id\":\"https:\/\/www.comunidadeativa.jor.br\/#\/schema\/logo\/image\/\"},\"sameAs\":[\"https:\/\/www.facebook.com\/comunidadeativa\"]},{\"@type\":\"Person\",\"@id\":\"https:\/\/www.comunidadeativa.jor.br\/#\/schema\/person\/dcaa1f1c51c1f0c47a33b2b734cad6e1\",\"name\":\"Comunidade Ativa\",\"image\":{\"@type\":\"ImageObject\",\"inLanguage\":\"pt-BR\",\"@id\":\"https:\/\/www.comunidadeativa.jor.br\/#\/schema\/person\/image\/\",\"url\":\"https:\/\/secure.gravatar.com\/avatar\/09a9a1f85fedf41e81b47f7c1d40084f?s=96&d=mm&r=g\",\"contentUrl\":\"https:\/\/secure.gravatar.com\/avatar\/09a9a1f85fedf41e81b47f7c1d40084f?s=96&d=mm&r=g\",\"caption\":\"Comunidade Ativa\"},\"url\":\"https:\/\/www.comunidadeativa.jor.br\/index.php\/author\/casalberto\/\"}]}<\/script>\n<!-- \/ Yoast SEO plugin. -->","yoast_head_json":{"title":"Por mais conex\u00f5es que estejam e menos graus de separa\u00e7\u00e3o - Comunidade Ativa","robots":{"index":"index","follow":"follow","max-snippet":"max-snippet:-1","max-image-preview":"max-image-preview:large","max-video-preview":"max-video-preview:-1"},"canonical":"https:\/\/www.comunidadeativa.jor.br\/index.php\/2020\/10\/05\/por-mais-conexoes-que-estejam-a-poucos-graus-de-separacao\/","og_locale":"pt_BR","og_type":"article","og_title":"Por mais conex\u00f5es que estejam e menos graus de separa\u00e7\u00e3o - Comunidade Ativa","og_description":"por Carlos Alberto Rocha * Por quantas vezes nos demos conta de que vivemos em um mundo pequeno, n\u00e3o \u00e9","og_url":"https:\/\/www.comunidadeativa.jor.br\/index.php\/2020\/10\/05\/por-mais-conexoes-que-estejam-a-poucos-graus-de-separacao\/","og_site_name":"Comunidade Ativa","article_publisher":"https:\/\/www.facebook.com\/comunidadeativa","article_published_time":"2020-10-05T22:11:14+00:00","article_modified_time":"2023-08-11T19:23:05+00:00","og_image":[{"width":640,"height":352,"url":"https:\/\/www.comunidadeativa.jor.br\/wp-content\/uploads\/2020\/10\/capa-2.jpg","type":"image\/jpeg"}],"author":"Comunidade Ativa","twitter_card":"summary_large_image","twitter_misc":{"Escrito por":"Comunidade Ativa","Est. tempo de leitura":"4 minutos"},"schema":{"@context":"https:\/\/schema.org","@graph":[{"@type":"Article","@id":"https:\/\/www.comunidadeativa.jor.br\/index.php\/2020\/10\/05\/por-mais-conexoes-que-estejam-a-poucos-graus-de-separacao\/#article","isPartOf":{"@id":"https:\/\/www.comunidadeativa.jor.br\/index.php\/2020\/10\/05\/por-mais-conexoes-que-estejam-a-poucos-graus-de-separacao\/"},"author":{"name":"Comunidade Ativa","@id":"https:\/\/www.comunidadeativa.jor.br\/#\/schema\/person\/dcaa1f1c51c1f0c47a33b2b734cad6e1"},"headline":"Por mais conex\u00f5es que estejam e menos graus de separa\u00e7\u00e3o","datePublished":"2020-10-05T22:11:14+00:00","dateModified":"2023-08-11T19:23:05+00:00","mainEntityOfPage":{"@id":"https:\/\/www.comunidadeativa.jor.br\/index.php\/2020\/10\/05\/por-mais-conexoes-que-estejam-a-poucos-graus-de-separacao\/"},"wordCount":770,"publisher":{"@id":"https:\/\/www.comunidadeativa.jor.br\/#organization"},"image":{"@id":"https:\/\/www.comunidadeativa.jor.br\/index.php\/2020\/10\/05\/por-mais-conexoes-que-estejam-a-poucos-graus-de-separacao\/#primaryimage"},"thumbnailUrl":"https:\/\/www.comunidadeativa.jor.br\/wp-content\/uploads\/2020\/10\/capa-2.jpg","articleSection":["Cidadania"],"inLanguage":"pt-BR"},{"@type":"WebPage","@id":"https:\/\/www.comunidadeativa.jor.br\/index.php\/2020\/10\/05\/por-mais-conexoes-que-estejam-a-poucos-graus-de-separacao\/","url":"https:\/\/www.comunidadeativa.jor.br\/index.php\/2020\/10\/05\/por-mais-conexoes-que-estejam-a-poucos-graus-de-separacao\/","name":"Por mais conex\u00f5es que estejam e menos graus de separa\u00e7\u00e3o - Comunidade Ativa","isPartOf":{"@id":"https:\/\/www.comunidadeativa.jor.br\/#website"},"primaryImageOfPage":{"@id":"https:\/\/www.comunidadeativa.jor.br\/index.php\/2020\/10\/05\/por-mais-conexoes-que-estejam-a-poucos-graus-de-separacao\/#primaryimage"},"image":{"@id":"https:\/\/www.comunidadeativa.jor.br\/index.php\/2020\/10\/05\/por-mais-conexoes-que-estejam-a-poucos-graus-de-separacao\/#primaryimage"},"thumbnailUrl":"https:\/\/www.comunidadeativa.jor.br\/wp-content\/uploads\/2020\/10\/capa-2.jpg","datePublished":"2020-10-05T22:11:14+00:00","dateModified":"2023-08-11T19:23:05+00:00","breadcrumb":{"@id":"https:\/\/www.comunidadeativa.jor.br\/index.php\/2020\/10\/05\/por-mais-conexoes-que-estejam-a-poucos-graus-de-separacao\/#breadcrumb"},"inLanguage":"pt-BR","potentialAction":[{"@type":"ReadAction","target":["https:\/\/www.comunidadeativa.jor.br\/index.php\/2020\/10\/05\/por-mais-conexoes-que-estejam-a-poucos-graus-de-separacao\/"]}]},{"@type":"ImageObject","inLanguage":"pt-BR","@id":"https:\/\/www.comunidadeativa.jor.br\/index.php\/2020\/10\/05\/por-mais-conexoes-que-estejam-a-poucos-graus-de-separacao\/#primaryimage","url":"https:\/\/www.comunidadeativa.jor.br\/wp-content\/uploads\/2020\/10\/capa-2.jpg","contentUrl":"https:\/\/www.comunidadeativa.jor.br\/wp-content\/uploads\/2020\/10\/capa-2.jpg","width":640,"height":352},{"@type":"BreadcrumbList","@id":"https:\/\/www.comunidadeativa.jor.br\/index.php\/2020\/10\/05\/por-mais-conexoes-que-estejam-a-poucos-graus-de-separacao\/#breadcrumb","itemListElement":[{"@type":"ListItem","position":1,"name":"In\u00edcio","item":"https:\/\/www.comunidadeativa.jor.br\/"},{"@type":"ListItem","position":2,"name":"Por mais conex\u00f5es que estejam e menos graus de separa\u00e7\u00e3o"}]},{"@type":"WebSite","@id":"https:\/\/www.comunidadeativa.jor.br\/#website","url":"https:\/\/www.comunidadeativa.jor.br\/","name":"Comunidade Ativa","description":"","publisher":{"@id":"https:\/\/www.comunidadeativa.jor.br\/#organization"},"potentialAction":[{"@type":"SearchAction","target":{"@type":"EntryPoint","urlTemplate":"https:\/\/www.comunidadeativa.jor.br\/?s={search_term_string}"},"query-input":{"@type":"PropertyValueSpecification","valueRequired":true,"valueName":"search_term_string"}}],"inLanguage":"pt-BR"},{"@type":"Organization","@id":"https:\/\/www.comunidadeativa.jor.br\/#organization","name":"Comunidade Ativa","url":"https:\/\/www.comunidadeativa.jor.br\/","logo":{"@type":"ImageObject","inLanguage":"pt-BR","@id":"https:\/\/www.comunidadeativa.jor.br\/#\/schema\/logo\/image\/","url":"https:\/\/www.comunidadeativa.jor.br\/wp-content\/uploads\/2018\/03\/cropped-LOGOPNG-1.png","contentUrl":"https:\/\/www.comunidadeativa.jor.br\/wp-content\/uploads\/2018\/03\/cropped-LOGOPNG-1.png","width":318,"height":90,"caption":"Comunidade Ativa"},"image":{"@id":"https:\/\/www.comunidadeativa.jor.br\/#\/schema\/logo\/image\/"},"sameAs":["https:\/\/www.facebook.com\/comunidadeativa"]},{"@type":"Person","@id":"https:\/\/www.comunidadeativa.jor.br\/#\/schema\/person\/dcaa1f1c51c1f0c47a33b2b734cad6e1","name":"Comunidade Ativa","image":{"@type":"ImageObject","inLanguage":"pt-BR","@id":"https:\/\/www.comunidadeativa.jor.br\/#\/schema\/person\/image\/","url":"https:\/\/secure.gravatar.com\/avatar\/09a9a1f85fedf41e81b47f7c1d40084f?s=96&d=mm&r=g","contentUrl":"https:\/\/secure.gravatar.com\/avatar\/09a9a1f85fedf41e81b47f7c1d40084f?s=96&d=mm&r=g","caption":"Comunidade Ativa"},"url":"https:\/\/www.comunidadeativa.jor.br\/index.php\/author\/casalberto\/"}]}},"_links":{"self":[{"href":"https:\/\/www.comunidadeativa.jor.br\/index.php\/wp-json\/wp\/v2\/posts\/1261","targetHints":{"allow":["GET"]}}],"collection":[{"href":"https:\/\/www.comunidadeativa.jor.br\/index.php\/wp-json\/wp\/v2\/posts"}],"about":[{"href":"https:\/\/www.comunidadeativa.jor.br\/index.php\/wp-json\/wp\/v2\/types\/post"}],"author":[{"embeddable":true,"href":"https:\/\/www.comunidadeativa.jor.br\/index.php\/wp-json\/wp\/v2\/users\/1"}],"replies":[{"embeddable":true,"href":"https:\/\/www.comunidadeativa.jor.br\/index.php\/wp-json\/wp\/v2\/comments?post=1261"}],"version-history":[{"count":4,"href":"https:\/\/www.comunidadeativa.jor.br\/index.php\/wp-json\/wp\/v2\/posts\/1261\/revisions"}],"predecessor-version":[{"id":3733,"href":"https:\/\/www.comunidadeativa.jor.br\/index.php\/wp-json\/wp\/v2\/posts\/1261\/revisions\/3733"}],"wp:featuredmedia":[{"embeddable":true,"href":"https:\/\/www.comunidadeativa.jor.br\/index.php\/wp-json\/wp\/v2\/media\/1262"}],"wp:attachment":[{"href":"https:\/\/www.comunidadeativa.jor.br\/index.php\/wp-json\/wp\/v2\/media?parent=1261"}],"wp:term":[{"taxonomy":"category","embeddable":true,"href":"https:\/\/www.comunidadeativa.jor.br\/index.php\/wp-json\/wp\/v2\/categories?post=1261"},{"taxonomy":"post_tag","embeddable":true,"href":"https:\/\/www.comunidadeativa.jor.br\/index.php\/wp-json\/wp\/v2\/tags?post=1261"}],"curies":[{"name":"wp","href":"https:\/\/api.w.org\/{rel}","templated":true}]}}