{"id":1272,"date":"2020-10-08T16:42:55","date_gmt":"2020-10-08T19:42:55","guid":{"rendered":"https:\/\/www.comunidadeativa.jor.br\/?p=1272"},"modified":"2023-08-11T16:24:50","modified_gmt":"2023-08-11T19:24:50","slug":"vacina-contra-a-covid-19-saiba-como-se-cadastrar-para-os-testes-da-ufmg","status":"publish","type":"post","link":"https:\/\/www.comunidadeativa.jor.br\/index.php\/2020\/10\/08\/vacina-contra-a-covid-19-saiba-como-se-cadastrar-para-os-testes-da-ufmg\/","title":{"rendered":"Vacina contra a Covid-19: saiba como se cadastrar para os testes da UFMG"},"content":{"rendered":"<p>A Faculdade de Medicina da Universidade Federal de Minas Gerais (UFMG) abriu o cadastro para as pessoas interessadas em participarem voluntariamente dos testes da vacina Ad26.COV2.S, em desenvolvimento pela farmac\u00eautica norte-americana Johnson &amp; Johnson. Os participantes devem ter idade a partir de 18 anos e precisam <a href=\"https:\/\/docs.google.com\/forms\/d\/e\/1FAIpQLScQs0sF1ViTaijIl69KXjP9Pey4fTn12xK_7qld2jTC3fAh-w\/viewform?vc=0&amp;c=0&amp;w=1&amp;flr=0&amp;gxids=7628\" target=\"_blank\" rel=\"noopener noreferrer\">preencher um formul\u00e1rio<\/a>, destinado coletar dados pessoais e de sa\u00fade dos candidatos.<\/p>\n<p>Ap\u00f3s a an\u00e1lise dos perfis, que ser\u00e1 feita sob a supervis\u00e3o do Comit\u00ea de \u00c9tica em Pesquisa da UFMG, os candidatos selecionados ser\u00e3o contatados por um representante da Universidade, que se encarregar\u00e1 de passar informa\u00e7\u00f5es complementares sobre as eventuais participa\u00e7\u00f5es. Portanto, o simples preenchimento do formul\u00e1rio n\u00e3o \u00e9 garantia de que a pessoa participar\u00e1 da testagem.<\/p>\n<h6>Rede internacional<\/h6>\n<p>Em sua primeira participa\u00e7\u00e3o como <a href=\"https:\/\/ufmg.br\/comunicacao\/noticias\/faculdade-de-medicina-integra-rede-internacional-de-pesquisa-sobre-o-novo-coronavirus\">centro colaborador da rede internacional CoVPN,\u00a0a UFMG testar\u00e1 vacinas e anticorpos monoclonais produzidos por diversos laborat\u00f3rios para combater o v\u00edrus SARS-CoV-2<\/a>. O objetivo \u00e9 testar diferentes produtos com o m\u00e1ximo rigor cient\u00edfico poss\u00edvel para obter resultados consistentes.<\/p>\n<p>Os centros vinculados \u00e0 CoVPN e \u00e0 Johnson &amp; Johnson far\u00e3o o recrutamento de 30 a 60 mil participantes nos seguintes pa\u00edses: Argentina, Brasil, Chile, \u00a0Col\u00f4mbia, M\u00e9xico, Peru, \u00c1frica do Sul e Estados Unidos. No Brasil, a Faculdade de Medicina da UFMG \u00e9 a respons\u00e1vel por testar esta candidata \u00e0 vacina em at\u00e9 dois mil participantes.<\/p>\n<h6>Fase 3<\/h6>\n<p>O estudo faz parte da fase 3 da vacina Ad26.COV2.S, candidata da Johnson &amp; Johnson. As etapas anteriores realizaram testes de avalia\u00e7\u00e3o da seguran\u00e7a e da \u00a0imunogenicidade, que \u00e9 a capacidade de uma vacina gerar respostas em volunt\u00e1rios sadios. A fase 3 \u00e9 a \u00faltima etapa que antecede o registro das vacinas nas ag\u00eancias reguladoras, respons\u00e1veis pela libera\u00e7\u00e3o para uso pela popula\u00e7\u00e3o geral.<\/p>\n<p>A vacina da Johnson &amp; Johnson utiliza como vetor um adenov\u00edrus humano que n\u00e3o tem capacidade de se replicar, no qual \u00e9 inserido o material gen\u00e9tico do SARS-CoV-2. Os resultados dos primeiros testes da Ad26.COV2.S indicam que ela \u00e9 bastante promissora. Al\u00e9m da boa pot\u00eancia imunog\u00eanica detectada, j\u00e1 se sabe que uma \u00fanica dose da vacina \u00e9 suficiente para a imuniza\u00e7\u00e3o, o que n\u00e3o ocorre com outros produtos que est\u00e3o em desenvolvimento.<\/p>\n<h6>Condi\u00e7\u00f5es<\/h6>\n<p>Inicialmente, a vacina ser\u00e1 testada em grupos de pessoas com idade de 18 a 60 anos que n\u00e3o apresentem patologias pr\u00e9vias. Ap\u00f3s constatada a seguran\u00e7a do produto, haver\u00e1 a segunda etapa, com a testagem em pessoas da mesma faixa et\u00e1ria, mas que apresentem alguma comorbidade \u2014 obesidade, problemas card\u00edacos, hipertens\u00e3o arterial, entre outras.<\/p>\n<p>Diferente de outros testes que est\u00e3o em andamento, a sele\u00e7\u00e3o dos candidatos que est\u00e1 sendo feita pela UFMG n\u00e3o estabelece crit\u00e9rio de ocupa\u00e7\u00e3o profissional \u2014 como o ser profissional da sa\u00fade, por exemplo. Em vez disso, a expectativa \u00e9 de que o conjunto de volunt\u00e1rios reflita ao m\u00e1ximo a diversidade populacional, segundo vari\u00e1veis como faixa et\u00e1ria, condi\u00e7\u00e3o social, ra\u00e7a e g\u00eanero, tendo como prioridade o alcance de quaisquer pessoas que corram mais risco de infec\u00e7\u00e3o pelo novo coronav\u00edrus.<\/p>\n<h6>Duplo cego<\/h6>\n<p>Da mesma forma como ocorre em outros estudos de avalia\u00e7\u00e3o da efic\u00e1cia de um f\u00e1rmaco, na testagem que est\u00e1 sendo iniciada pela UFMG, um sorteio far\u00e1 a divis\u00e3o dos participantes em dois grupos. Um deles receber\u00e1 um placebo \u2014 uma subst\u00e2ncia neutra \u2014, enquanto o outro que receber\u00e1 a vacina verdadeira. Nesse estudo conhecido como \u201cduplo-cego\u201c, pacientes e investigadores n\u00e3o sabem quem recebeu o placebo e quem recebeu o produto real.<\/p>\n<p>Todos os volunt\u00e1rios ser\u00e3o acompanhados por 24 meses. Ap\u00f3s a confirma\u00e7\u00e3o da efic\u00e1cia da vacina, aqueles que tomaram o placebo ter\u00e3o prioridade receb\u00ea-la logo que ela for liberada pelos \u00f3rg\u00e3os reguladores.<\/p>\n<p>O Termo de Consentimento que h\u00e1 junto ao formul\u00e1rio de cadastro (<a href=\"https:\/\/docs.google.com\/forms\/d\/e\/1FAIpQLScQs0sF1ViTaijIl69KXjP9Pey4fTn12xK_7qld2jTC3fAh-w\/viewform?vc=0&amp;c=0&amp;w=1&amp;flr=0&amp;gxids=7628\" target=\"_blank\" rel=\"noopener noreferrer\">clique aqui para acessar<\/a>) apresenta informa\u00e7\u00f5es complementares sobre a pesquisa. Em caso de d\u00favida ou se houver a inten\u00e7\u00e3o de apresentar alguma sugest\u00e3o, o pesquisador respons\u00e1vel pela testagem, professor Jorge Pinto, coloca-se \u00e0 disposi\u00e7\u00e3o para atendimento pelo e-mail: <a href=\"mailto:COV3001.UFMG@gmail.com\">COV3001.UFMG@gmail.com<\/a> e pelos telefones 31- 34099111 e 31-98205-5076. O Comit\u00ea de \u00c9tica em Pesquisa da UFMG tamb\u00e9m est\u00e1 dispon\u00edvel pelo email <a href=\"mailto:coep@prpq.ufmg.br\">coep@prpq.ufmg.br<\/a> e telefone 31 34094592.<\/p>\n<p>Fonte: Centro de Comunica\u00e7\u00e3o Social da Faculdade de Medicina<\/p>\n","protected":false},"excerpt":{"rendered":"<p>A Faculdade de Medicina da Universidade Federal de Minas Gerais (UFMG) abriu o cadastro para as pessoas interessadas em participarem<\/p>\n","protected":false},"author":1,"featured_media":1273,"comment_status":"closed","ping_status":"open","sticky":false,"template":"","format":"standard","meta":{"footnotes":""},"categories":[9],"tags":[],"class_list":["post-1272","post","type-post","status-publish","format-standard","has-post-thumbnail","hentry","category-saude-qualidade-de-vida"],"yoast_head":"<!-- This site is optimized with the Yoast SEO plugin v26.0 - https:\/\/yoast.com\/wordpress\/plugins\/seo\/ -->\n<title>Vacina contra a Covid-19: saiba como se cadastrar para os testes da UFMG - Comunidade Ativa<\/title>\n<meta name=\"robots\" content=\"index, follow, max-snippet:-1, max-image-preview:large, max-video-preview:-1\" \/>\n<link rel=\"canonical\" href=\"https:\/\/www.comunidadeativa.jor.br\/index.php\/2020\/10\/08\/vacina-contra-a-covid-19-saiba-como-se-cadastrar-para-os-testes-da-ufmg\/\" \/>\n<meta property=\"og:locale\" content=\"pt_BR\" \/>\n<meta property=\"og:type\" content=\"article\" \/>\n<meta property=\"og:title\" content=\"Vacina contra a Covid-19: saiba como se cadastrar para os testes da UFMG - Comunidade Ativa\" \/>\n<meta property=\"og:description\" content=\"A Faculdade de Medicina da Universidade Federal de Minas Gerais (UFMG) abriu o cadastro para as pessoas interessadas em participarem\" \/>\n<meta property=\"og:url\" content=\"https:\/\/www.comunidadeativa.jor.br\/index.php\/2020\/10\/08\/vacina-contra-a-covid-19-saiba-como-se-cadastrar-para-os-testes-da-ufmg\/\" \/>\n<meta property=\"og:site_name\" content=\"Comunidade Ativa\" \/>\n<meta property=\"article:publisher\" content=\"https:\/\/www.facebook.com\/comunidadeativa\" \/>\n<meta property=\"article:published_time\" content=\"2020-10-08T19:42:55+00:00\" \/>\n<meta property=\"article:modified_time\" content=\"2023-08-11T19:24:50+00:00\" \/>\n<meta property=\"og:image\" content=\"https:\/\/www.comunidadeativa.jor.br\/wp-content\/uploads\/2020\/10\/capa-4.jpg\" \/>\n\t<meta property=\"og:image:width\" content=\"640\" \/>\n\t<meta property=\"og:image:height\" content=\"352\" \/>\n\t<meta property=\"og:image:type\" content=\"image\/jpeg\" \/>\n<meta name=\"author\" content=\"Comunidade Ativa\" \/>\n<meta name=\"twitter:card\" content=\"summary_large_image\" \/>\n<meta name=\"twitter:label1\" content=\"Escrito por\" \/>\n\t<meta name=\"twitter:data1\" content=\"Comunidade Ativa\" \/>\n\t<meta name=\"twitter:label2\" content=\"Est. tempo de leitura\" \/>\n\t<meta name=\"twitter:data2\" content=\"4 minutos\" \/>\n<script type=\"application\/ld+json\" class=\"yoast-schema-graph\">{\"@context\":\"https:\/\/schema.org\",\"@graph\":[{\"@type\":\"Article\",\"@id\":\"https:\/\/www.comunidadeativa.jor.br\/index.php\/2020\/10\/08\/vacina-contra-a-covid-19-saiba-como-se-cadastrar-para-os-testes-da-ufmg\/#article\",\"isPartOf\":{\"@id\":\"https:\/\/www.comunidadeativa.jor.br\/index.php\/2020\/10\/08\/vacina-contra-a-covid-19-saiba-como-se-cadastrar-para-os-testes-da-ufmg\/\"},\"author\":{\"name\":\"Comunidade Ativa\",\"@id\":\"https:\/\/www.comunidadeativa.jor.br\/#\/schema\/person\/dcaa1f1c51c1f0c47a33b2b734cad6e1\"},\"headline\":\"Vacina contra a Covid-19: saiba como se cadastrar para os testes da UFMG\",\"datePublished\":\"2020-10-08T19:42:55+00:00\",\"dateModified\":\"2023-08-11T19:24:50+00:00\",\"mainEntityOfPage\":{\"@id\":\"https:\/\/www.comunidadeativa.jor.br\/index.php\/2020\/10\/08\/vacina-contra-a-covid-19-saiba-como-se-cadastrar-para-os-testes-da-ufmg\/\"},\"wordCount\":754,\"publisher\":{\"@id\":\"https:\/\/www.comunidadeativa.jor.br\/#organization\"},\"image\":{\"@id\":\"https:\/\/www.comunidadeativa.jor.br\/index.php\/2020\/10\/08\/vacina-contra-a-covid-19-saiba-como-se-cadastrar-para-os-testes-da-ufmg\/#primaryimage\"},\"thumbnailUrl\":\"https:\/\/www.comunidadeativa.jor.br\/wp-content\/uploads\/2020\/10\/capa-4.jpg\",\"articleSection\":[\"Sa\u00fade &amp; Qualidade de Vida\"],\"inLanguage\":\"pt-BR\"},{\"@type\":\"WebPage\",\"@id\":\"https:\/\/www.comunidadeativa.jor.br\/index.php\/2020\/10\/08\/vacina-contra-a-covid-19-saiba-como-se-cadastrar-para-os-testes-da-ufmg\/\",\"url\":\"https:\/\/www.comunidadeativa.jor.br\/index.php\/2020\/10\/08\/vacina-contra-a-covid-19-saiba-como-se-cadastrar-para-os-testes-da-ufmg\/\",\"name\":\"Vacina contra a Covid-19: saiba como se cadastrar para os testes da UFMG - Comunidade Ativa\",\"isPartOf\":{\"@id\":\"https:\/\/www.comunidadeativa.jor.br\/#website\"},\"primaryImageOfPage\":{\"@id\":\"https:\/\/www.comunidadeativa.jor.br\/index.php\/2020\/10\/08\/vacina-contra-a-covid-19-saiba-como-se-cadastrar-para-os-testes-da-ufmg\/#primaryimage\"},\"image\":{\"@id\":\"https:\/\/www.comunidadeativa.jor.br\/index.php\/2020\/10\/08\/vacina-contra-a-covid-19-saiba-como-se-cadastrar-para-os-testes-da-ufmg\/#primaryimage\"},\"thumbnailUrl\":\"https:\/\/www.comunidadeativa.jor.br\/wp-content\/uploads\/2020\/10\/capa-4.jpg\",\"datePublished\":\"2020-10-08T19:42:55+00:00\",\"dateModified\":\"2023-08-11T19:24:50+00:00\",\"breadcrumb\":{\"@id\":\"https:\/\/www.comunidadeativa.jor.br\/index.php\/2020\/10\/08\/vacina-contra-a-covid-19-saiba-como-se-cadastrar-para-os-testes-da-ufmg\/#breadcrumb\"},\"inLanguage\":\"pt-BR\",\"potentialAction\":[{\"@type\":\"ReadAction\",\"target\":[\"https:\/\/www.comunidadeativa.jor.br\/index.php\/2020\/10\/08\/vacina-contra-a-covid-19-saiba-como-se-cadastrar-para-os-testes-da-ufmg\/\"]}]},{\"@type\":\"ImageObject\",\"inLanguage\":\"pt-BR\",\"@id\":\"https:\/\/www.comunidadeativa.jor.br\/index.php\/2020\/10\/08\/vacina-contra-a-covid-19-saiba-como-se-cadastrar-para-os-testes-da-ufmg\/#primaryimage\",\"url\":\"https:\/\/www.comunidadeativa.jor.br\/wp-content\/uploads\/2020\/10\/capa-4.jpg\",\"contentUrl\":\"https:\/\/www.comunidadeativa.jor.br\/wp-content\/uploads\/2020\/10\/capa-4.jpg\",\"width\":640,\"height\":352},{\"@type\":\"BreadcrumbList\",\"@id\":\"https:\/\/www.comunidadeativa.jor.br\/index.php\/2020\/10\/08\/vacina-contra-a-covid-19-saiba-como-se-cadastrar-para-os-testes-da-ufmg\/#breadcrumb\",\"itemListElement\":[{\"@type\":\"ListItem\",\"position\":1,\"name\":\"In\u00edcio\",\"item\":\"https:\/\/www.comunidadeativa.jor.br\/\"},{\"@type\":\"ListItem\",\"position\":2,\"name\":\"Vacina contra a Covid-19: saiba como se cadastrar para os testes da UFMG\"}]},{\"@type\":\"WebSite\",\"@id\":\"https:\/\/www.comunidadeativa.jor.br\/#website\",\"url\":\"https:\/\/www.comunidadeativa.jor.br\/\",\"name\":\"Comunidade Ativa\",\"description\":\"\",\"publisher\":{\"@id\":\"https:\/\/www.comunidadeativa.jor.br\/#organization\"},\"potentialAction\":[{\"@type\":\"SearchAction\",\"target\":{\"@type\":\"EntryPoint\",\"urlTemplate\":\"https:\/\/www.comunidadeativa.jor.br\/?s={search_term_string}\"},\"query-input\":{\"@type\":\"PropertyValueSpecification\",\"valueRequired\":true,\"valueName\":\"search_term_string\"}}],\"inLanguage\":\"pt-BR\"},{\"@type\":\"Organization\",\"@id\":\"https:\/\/www.comunidadeativa.jor.br\/#organization\",\"name\":\"Comunidade Ativa\",\"url\":\"https:\/\/www.comunidadeativa.jor.br\/\",\"logo\":{\"@type\":\"ImageObject\",\"inLanguage\":\"pt-BR\",\"@id\":\"https:\/\/www.comunidadeativa.jor.br\/#\/schema\/logo\/image\/\",\"url\":\"https:\/\/www.comunidadeativa.jor.br\/wp-content\/uploads\/2018\/03\/cropped-LOGOPNG-1.png\",\"contentUrl\":\"https:\/\/www.comunidadeativa.jor.br\/wp-content\/uploads\/2018\/03\/cropped-LOGOPNG-1.png\",\"width\":318,\"height\":90,\"caption\":\"Comunidade Ativa\"},\"image\":{\"@id\":\"https:\/\/www.comunidadeativa.jor.br\/#\/schema\/logo\/image\/\"},\"sameAs\":[\"https:\/\/www.facebook.com\/comunidadeativa\"]},{\"@type\":\"Person\",\"@id\":\"https:\/\/www.comunidadeativa.jor.br\/#\/schema\/person\/dcaa1f1c51c1f0c47a33b2b734cad6e1\",\"name\":\"Comunidade Ativa\",\"image\":{\"@type\":\"ImageObject\",\"inLanguage\":\"pt-BR\",\"@id\":\"https:\/\/www.comunidadeativa.jor.br\/#\/schema\/person\/image\/\",\"url\":\"https:\/\/secure.gravatar.com\/avatar\/09a9a1f85fedf41e81b47f7c1d40084f?s=96&d=mm&r=g\",\"contentUrl\":\"https:\/\/secure.gravatar.com\/avatar\/09a9a1f85fedf41e81b47f7c1d40084f?s=96&d=mm&r=g\",\"caption\":\"Comunidade Ativa\"},\"url\":\"https:\/\/www.comunidadeativa.jor.br\/index.php\/author\/casalberto\/\"}]}<\/script>\n<!-- \/ Yoast SEO plugin. -->","yoast_head_json":{"title":"Vacina contra a Covid-19: saiba como se cadastrar para os testes da UFMG - Comunidade Ativa","robots":{"index":"index","follow":"follow","max-snippet":"max-snippet:-1","max-image-preview":"max-image-preview:large","max-video-preview":"max-video-preview:-1"},"canonical":"https:\/\/www.comunidadeativa.jor.br\/index.php\/2020\/10\/08\/vacina-contra-a-covid-19-saiba-como-se-cadastrar-para-os-testes-da-ufmg\/","og_locale":"pt_BR","og_type":"article","og_title":"Vacina contra a Covid-19: saiba como se cadastrar para os testes da UFMG - Comunidade Ativa","og_description":"A Faculdade de Medicina da Universidade Federal de Minas Gerais (UFMG) abriu o cadastro para as pessoas interessadas em participarem","og_url":"https:\/\/www.comunidadeativa.jor.br\/index.php\/2020\/10\/08\/vacina-contra-a-covid-19-saiba-como-se-cadastrar-para-os-testes-da-ufmg\/","og_site_name":"Comunidade Ativa","article_publisher":"https:\/\/www.facebook.com\/comunidadeativa","article_published_time":"2020-10-08T19:42:55+00:00","article_modified_time":"2023-08-11T19:24:50+00:00","og_image":[{"width":640,"height":352,"url":"https:\/\/www.comunidadeativa.jor.br\/wp-content\/uploads\/2020\/10\/capa-4.jpg","type":"image\/jpeg"}],"author":"Comunidade Ativa","twitter_card":"summary_large_image","twitter_misc":{"Escrito por":"Comunidade Ativa","Est. tempo de leitura":"4 minutos"},"schema":{"@context":"https:\/\/schema.org","@graph":[{"@type":"Article","@id":"https:\/\/www.comunidadeativa.jor.br\/index.php\/2020\/10\/08\/vacina-contra-a-covid-19-saiba-como-se-cadastrar-para-os-testes-da-ufmg\/#article","isPartOf":{"@id":"https:\/\/www.comunidadeativa.jor.br\/index.php\/2020\/10\/08\/vacina-contra-a-covid-19-saiba-como-se-cadastrar-para-os-testes-da-ufmg\/"},"author":{"name":"Comunidade Ativa","@id":"https:\/\/www.comunidadeativa.jor.br\/#\/schema\/person\/dcaa1f1c51c1f0c47a33b2b734cad6e1"},"headline":"Vacina contra a Covid-19: saiba como se cadastrar para os testes da UFMG","datePublished":"2020-10-08T19:42:55+00:00","dateModified":"2023-08-11T19:24:50+00:00","mainEntityOfPage":{"@id":"https:\/\/www.comunidadeativa.jor.br\/index.php\/2020\/10\/08\/vacina-contra-a-covid-19-saiba-como-se-cadastrar-para-os-testes-da-ufmg\/"},"wordCount":754,"publisher":{"@id":"https:\/\/www.comunidadeativa.jor.br\/#organization"},"image":{"@id":"https:\/\/www.comunidadeativa.jor.br\/index.php\/2020\/10\/08\/vacina-contra-a-covid-19-saiba-como-se-cadastrar-para-os-testes-da-ufmg\/#primaryimage"},"thumbnailUrl":"https:\/\/www.comunidadeativa.jor.br\/wp-content\/uploads\/2020\/10\/capa-4.jpg","articleSection":["Sa\u00fade &amp; Qualidade de Vida"],"inLanguage":"pt-BR"},{"@type":"WebPage","@id":"https:\/\/www.comunidadeativa.jor.br\/index.php\/2020\/10\/08\/vacina-contra-a-covid-19-saiba-como-se-cadastrar-para-os-testes-da-ufmg\/","url":"https:\/\/www.comunidadeativa.jor.br\/index.php\/2020\/10\/08\/vacina-contra-a-covid-19-saiba-como-se-cadastrar-para-os-testes-da-ufmg\/","name":"Vacina contra a Covid-19: saiba como se cadastrar para os testes da UFMG - Comunidade Ativa","isPartOf":{"@id":"https:\/\/www.comunidadeativa.jor.br\/#website"},"primaryImageOfPage":{"@id":"https:\/\/www.comunidadeativa.jor.br\/index.php\/2020\/10\/08\/vacina-contra-a-covid-19-saiba-como-se-cadastrar-para-os-testes-da-ufmg\/#primaryimage"},"image":{"@id":"https:\/\/www.comunidadeativa.jor.br\/index.php\/2020\/10\/08\/vacina-contra-a-covid-19-saiba-como-se-cadastrar-para-os-testes-da-ufmg\/#primaryimage"},"thumbnailUrl":"https:\/\/www.comunidadeativa.jor.br\/wp-content\/uploads\/2020\/10\/capa-4.jpg","datePublished":"2020-10-08T19:42:55+00:00","dateModified":"2023-08-11T19:24:50+00:00","breadcrumb":{"@id":"https:\/\/www.comunidadeativa.jor.br\/index.php\/2020\/10\/08\/vacina-contra-a-covid-19-saiba-como-se-cadastrar-para-os-testes-da-ufmg\/#breadcrumb"},"inLanguage":"pt-BR","potentialAction":[{"@type":"ReadAction","target":["https:\/\/www.comunidadeativa.jor.br\/index.php\/2020\/10\/08\/vacina-contra-a-covid-19-saiba-como-se-cadastrar-para-os-testes-da-ufmg\/"]}]},{"@type":"ImageObject","inLanguage":"pt-BR","@id":"https:\/\/www.comunidadeativa.jor.br\/index.php\/2020\/10\/08\/vacina-contra-a-covid-19-saiba-como-se-cadastrar-para-os-testes-da-ufmg\/#primaryimage","url":"https:\/\/www.comunidadeativa.jor.br\/wp-content\/uploads\/2020\/10\/capa-4.jpg","contentUrl":"https:\/\/www.comunidadeativa.jor.br\/wp-content\/uploads\/2020\/10\/capa-4.jpg","width":640,"height":352},{"@type":"BreadcrumbList","@id":"https:\/\/www.comunidadeativa.jor.br\/index.php\/2020\/10\/08\/vacina-contra-a-covid-19-saiba-como-se-cadastrar-para-os-testes-da-ufmg\/#breadcrumb","itemListElement":[{"@type":"ListItem","position":1,"name":"In\u00edcio","item":"https:\/\/www.comunidadeativa.jor.br\/"},{"@type":"ListItem","position":2,"name":"Vacina contra a Covid-19: saiba como se cadastrar para os testes da UFMG"}]},{"@type":"WebSite","@id":"https:\/\/www.comunidadeativa.jor.br\/#website","url":"https:\/\/www.comunidadeativa.jor.br\/","name":"Comunidade Ativa","description":"","publisher":{"@id":"https:\/\/www.comunidadeativa.jor.br\/#organization"},"potentialAction":[{"@type":"SearchAction","target":{"@type":"EntryPoint","urlTemplate":"https:\/\/www.comunidadeativa.jor.br\/?s={search_term_string}"},"query-input":{"@type":"PropertyValueSpecification","valueRequired":true,"valueName":"search_term_string"}}],"inLanguage":"pt-BR"},{"@type":"Organization","@id":"https:\/\/www.comunidadeativa.jor.br\/#organization","name":"Comunidade Ativa","url":"https:\/\/www.comunidadeativa.jor.br\/","logo":{"@type":"ImageObject","inLanguage":"pt-BR","@id":"https:\/\/www.comunidadeativa.jor.br\/#\/schema\/logo\/image\/","url":"https:\/\/www.comunidadeativa.jor.br\/wp-content\/uploads\/2018\/03\/cropped-LOGOPNG-1.png","contentUrl":"https:\/\/www.comunidadeativa.jor.br\/wp-content\/uploads\/2018\/03\/cropped-LOGOPNG-1.png","width":318,"height":90,"caption":"Comunidade Ativa"},"image":{"@id":"https:\/\/www.comunidadeativa.jor.br\/#\/schema\/logo\/image\/"},"sameAs":["https:\/\/www.facebook.com\/comunidadeativa"]},{"@type":"Person","@id":"https:\/\/www.comunidadeativa.jor.br\/#\/schema\/person\/dcaa1f1c51c1f0c47a33b2b734cad6e1","name":"Comunidade Ativa","image":{"@type":"ImageObject","inLanguage":"pt-BR","@id":"https:\/\/www.comunidadeativa.jor.br\/#\/schema\/person\/image\/","url":"https:\/\/secure.gravatar.com\/avatar\/09a9a1f85fedf41e81b47f7c1d40084f?s=96&d=mm&r=g","contentUrl":"https:\/\/secure.gravatar.com\/avatar\/09a9a1f85fedf41e81b47f7c1d40084f?s=96&d=mm&r=g","caption":"Comunidade Ativa"},"url":"https:\/\/www.comunidadeativa.jor.br\/index.php\/author\/casalberto\/"}]}},"_links":{"self":[{"href":"https:\/\/www.comunidadeativa.jor.br\/index.php\/wp-json\/wp\/v2\/posts\/1272","targetHints":{"allow":["GET"]}}],"collection":[{"href":"https:\/\/www.comunidadeativa.jor.br\/index.php\/wp-json\/wp\/v2\/posts"}],"about":[{"href":"https:\/\/www.comunidadeativa.jor.br\/index.php\/wp-json\/wp\/v2\/types\/post"}],"author":[{"embeddable":true,"href":"https:\/\/www.comunidadeativa.jor.br\/index.php\/wp-json\/wp\/v2\/users\/1"}],"replies":[{"embeddable":true,"href":"https:\/\/www.comunidadeativa.jor.br\/index.php\/wp-json\/wp\/v2\/comments?post=1272"}],"version-history":[{"count":4,"href":"https:\/\/www.comunidadeativa.jor.br\/index.php\/wp-json\/wp\/v2\/posts\/1272\/revisions"}],"predecessor-version":[{"id":3736,"href":"https:\/\/www.comunidadeativa.jor.br\/index.php\/wp-json\/wp\/v2\/posts\/1272\/revisions\/3736"}],"wp:featuredmedia":[{"embeddable":true,"href":"https:\/\/www.comunidadeativa.jor.br\/index.php\/wp-json\/wp\/v2\/media\/1273"}],"wp:attachment":[{"href":"https:\/\/www.comunidadeativa.jor.br\/index.php\/wp-json\/wp\/v2\/media?parent=1272"}],"wp:term":[{"taxonomy":"category","embeddable":true,"href":"https:\/\/www.comunidadeativa.jor.br\/index.php\/wp-json\/wp\/v2\/categories?post=1272"},{"taxonomy":"post_tag","embeddable":true,"href":"https:\/\/www.comunidadeativa.jor.br\/index.php\/wp-json\/wp\/v2\/tags?post=1272"}],"curies":[{"name":"wp","href":"https:\/\/api.w.org\/{rel}","templated":true}]}}