{"id":1303,"date":"2020-10-20T17:01:47","date_gmt":"2020-10-20T20:01:47","guid":{"rendered":"https:\/\/www.comunidadeativa.jor.br\/?p=1303"},"modified":"2023-08-11T16:27:45","modified_gmt":"2023-08-11T19:27:45","slug":"com-antecedencia-prepare-o-seu-pet-para-lidar-com-as-queimas-de-fogos","status":"publish","type":"post","link":"https:\/\/www.comunidadeativa.jor.br\/index.php\/2020\/10\/20\/com-antecedencia-prepare-o-seu-pet-para-lidar-com-as-queimas-de-fogos\/","title":{"rendered":"Com anteced\u00eancia, prepare o seu pet para lidar com as queimas de fogos"},"content":{"rendered":"<p>Para comemorar a vit\u00f3ria do pr\u00f3prio time ou a derrota do advers\u00e1rio, em dia santo, em anivers\u00e1rios, na passagem de ano, como a que j\u00e1 se aproxima, e em tantas outras datas, h\u00e1 quem n\u00e3o dispense uma queima de fogos, o que cria um grande problema. Afinal, o mesmo foguet\u00f3rio que significa alegria para alguns representa susto e afli\u00e7\u00e3o para quem n\u00e3o est\u00e1 preparado para a surpresa e para quem n\u00e3o lida bem com ru\u00eddos muito altos.<\/p>\n<p>No grupo dos viventes que sofrem bastante com as explos\u00f5es est\u00e3o os beb\u00eas, os idosos, pessoas que apresentam maior sensibilidade a sons intensos e, claro, os animais. No caso dos pets, muitos entram em verdadeiro desespero por causa dos estampidos, o que pode provocar desde uma agita\u00e7\u00e3o intensa e tentativas de fuga, que muitos conseguem realizar, at\u00e9 a situa\u00e7\u00f5es de choque e de morte.<\/p>\n<p>Para entender como \u00e9 poss\u00edvel evitar que as festividades sejam traum\u00e1ticas para c\u00e3es e para gatos, \u00a0o Comunidade Ativa conversou com a consultora em comportamento animal Let\u00edcia Orlandi, que passou dicas muita interessantes.<\/p>\n<h6>Alto, imprevis\u00edvel e incompreens\u00edvel<\/h6>\n<p>A <a href=\"https:\/\/www.lsu.edu\/deafness\/HearingRange.html\">audi\u00e7\u00e3o humana percebe sons que v\u00e3o de 64 Hertz (Hz) a 23 quilohertz<\/a> (1 kHz, equivalente a 1000 vezes um Hz). O ouvido canino, por sua vez, percebe frequ\u00eancias sonoras entre 67 Hz e 45 kHz. J\u00e1 os gatos ouvem em uma faixa de frequ\u00eancia ainda mais ampla, que vai de 45 Hz a 64 kHz.<\/p>\n<p>Ou seja, a audi\u00e7\u00e3o canina alcan\u00e7a sons com praticamente o dobro da frequ\u00eancia mais alta que n\u00f3s ouvimos, enquanto nos gatos esta sensibilidade quase triplica em compara\u00e7\u00e3o com a dos ouvidos humanos. Portanto, se um foguet\u00f3rio j\u00e1 \u00e9 algo barulhento para os nossos ouvidos, imagine para os c\u00e3es e para os gatos que t\u00eam uma capacidade auditiva muito superior \u00e0 humana.<\/p>\n<p>Por\u00e9m, de acordo com Let\u00edcia Orlandi, n\u00e3o \u00e9 s\u00f3 o barulho das explos\u00f5es que causam sofrimento aos peludos. \u201cA audi\u00e7\u00e3o de c\u00e3es e de gatos \u00e9 muito mais apurada do que a nossa, o que, por si s\u00f3, justifica o inc\u00f4modo deles com a explos\u00e3o de fogos. S\u00f3 que, al\u00e9m de muito alto, o barulho dos fogos \u00e9 imprevis\u00edvel e incompreens\u00edvel para eles, o que contribui para a sensa\u00e7\u00e3o de inseguran\u00e7a\u201d, explica a consultora.<\/p>\n<h6>Adapta\u00e7\u00e3o<\/h6>\n<p>Felizmente, segundo Let\u00edcia, h\u00e1 uma s\u00e9rie de medidas que podem ser adotadas para que o sofrimento dos pets durante uma queima de fogos seja evitado ou pelo menos minimizado e tudo come\u00e7a pelo conhecimento da linguagem corporal do bichinho. \u201cRecentemente, no dia de Nossa Senhora Aparecida, tivemos um foguet\u00f3rio em menor escala, como acontece em alguns dias de jogos de futebol. Em ocasi\u00f5es assim, \u00e9 interessante os tutores de c\u00e3es e de gatos observarem as rea\u00e7\u00f5es que eles apresentam. Eles se escondem? Colocam as orelhas para tr\u00e1s? Bocejam e lambem os l\u00e1bios fora do contexto em que isso normalmente aconteceria? Buscam colo? No caso dos gatos, ficam com as pupilas dilatadas? Estes s\u00e3o sinais que podem ser discutidos com um consultor da \u00e1rea de comportamento animal ou com um veterin\u00e1rio de confian\u00e7a. A partir deles \u00e9 poss\u00edvel planejar algumas a\u00e7\u00f5es\u201d, recomenda.<\/p>\n<p>De acordo com Let\u00edcia, o ideal \u00e9 preparar os pets para o conv\u00edvio com barulhos variados, inclusive com o dos fogos, quando eles ainda s\u00e3o filhotes. Essa prepara\u00e7\u00e3o pode ser realizada a partir de grava\u00e7\u00f5es, como as da playlist apresentada pela consultora no final da mat\u00e9ria. \u201cO per\u00edodo mais sens\u00edvel a esse processo varia de acordo com as esp\u00e9cies, sendo mais intenso em gatinhos de at\u00e9 nove semanas e c\u00e3es de at\u00e9 14 semanas, aproximadamente. De forma um pouco menos intensa, essa fase de habitua\u00e7\u00e3o aos est\u00edmulos pode se estender at\u00e9 os quatro meses para os gatinhos e at\u00e9 os seis meses para os c\u00e3es&#8221;, explica.<\/p>\n<p>Let\u00edcia ressalta que a apresenta\u00e7\u00e3o dos sons deve ser feita de forma gradual e, tendo em mente que a audi\u00e7\u00e3o dos pets \u00e9 agu\u00e7ada, partindo de um volume bem baixo. \u201cNa medida em que aumentar o volume, observe se eles mexem as orelhinhas, levantam cabe\u00e7a, olham na dire\u00e7\u00e3o do som, sem se alarmar. Observe se eles voltam a fazer o que estavam fazendo antes e ofere\u00e7a petiscos. Deixe nesse volume por um tempo, depois aumente mais um pouquinho, at\u00e9 que ele mostre algum sinal de aten\u00e7\u00e3o novamente, e v\u00e1 fazendo progressos graduais. A associa\u00e7\u00e3o positiva com alimentos, brinquedos e carinho deve come\u00e7ar nessa fase, construindo um caminho de toler\u00e2ncia, tranquilidade e bem-estar para o animalzinho em rela\u00e7\u00e3o a esses barulhos desagrad\u00e1veis que n\u00e3o conseguimos evitar\u201d, explica.<\/p>\n<p>No caso dos animais adultos e j\u00e1 sens\u00edveis a determinados sons, Let\u00edcia diz que, ainda que mais demorado, \u00e9 poss\u00edvel realizar um processo de dessensibiliza\u00e7\u00e3o. \u201cCom bastante cuidado e muito respeito aos limites de cada indiv\u00edduo, ao longo do tempo a experi\u00eancia vai se tornando menos assustadora. No entanto, tanto no caso dos filhotes quanto dos adultos, o acompanhamento profissional \u00e9 fundamental. Se o processo for mais r\u00e1pido ou intenso do que o indicado, pode ocorrer uma sensibiliza\u00e7\u00e3o ou trauma ainda maiores\u201d, alerta.<\/p>\n<p>Let\u00edcia destaca que, como o processo de adapta\u00e7\u00e3o aos sons leva tempo, n\u00e3o poderia ser realizado at\u00e9 o final do ano, por exemplo, quando os fogos de R\u00e9veillon sempre acontecem. Por\u00e9m, felizmente, existem outras provid\u00eancias que podem ser adotadas e que diminuem os riscos que os pets correm nos dias de foguet\u00f3rio.<\/p>\n<h6>Medidas de prote\u00e7\u00e3o<\/h6>\n<p>Let\u00edcia Orlandi preparou uma lista das provid\u00eancias que voc\u00ea pode adotar para proteger o seu pet em dias de foguet\u00f3rio.<\/p>\n<p>Confira!<\/p>\n<ul>\n<li>Como as fugas s\u00e3o muito comuns nos dias em que ocorrem queimas de fogos, reforce ou providencie a identifica\u00e7\u00e3o do animal na coleira e por meio de microchip, facilitando assim a recupera\u00e7\u00e3o.<\/li>\n<li>Para os c\u00e3es, programe uma rotina com passeios em hor\u00e1rios mais distantes do momento da queima.<\/li>\n<li>Crie um\u00a0ambiente seguro e confort\u00e1vel, com recursos b\u00e1sicos \u2014 \u00e1gua, comida, banheirinho \u2014 e mantenha janelas e cortinas fechadas. Neste ambiente, que deve se tornar uma esp\u00e9cie de santu\u00e1rio para o bichinho, toque m\u00fasicas adequadas para a esp\u00e9cie \u2014 no caso dos c\u00e3es, al\u00e9m das trilhas sonoras espec\u00edficas, como\u00a0<a href=\"https:\/\/www.youtube.com\/channel\/UC2BDs0pu-C1A4POY0g9rZxw\">Relax my dog<\/a>, e da m\u00fasica cl\u00e1ssica, h\u00e1 estudos que indicam o reggae como \u00f3tima op\u00e7\u00e3o para acalmar; para os gatos, playlists\u00a0<a href=\"https:\/\/www.youtube.com\/user\/relaxmycat\">Relax my cat<\/a>\u00a0e\u00a0<a href=\"https:\/\/www.youtube.com\/playlist?list=PLjklez_2ajImRrWZmsNsz70x8RRKGbNZK\">David Teie<\/a>.\u00a0 Uma op\u00e7\u00e3o \u00e0 m\u00fasica \u00e9 manter a televis\u00e3o ou o r\u00e1dio ligado, em um volume confort\u00e1vel.\n<div class=\"mceTemp\"><\/div>\n<p>No santu\u00e1rio, com caixas de papel\u00e3o ou caminhas cobertas com colchas ou len\u00e7\u00f3is, prepare abrigos que sirvam de tocas para o animal. Coloque ali pe\u00e7as de roupa da pessoa com quem o animal tem mais v\u00ednculo. Prepare esconderijos variados \u2014 inclusive em locais elevados, para os gatos.<\/li>\n<li>Prepare atividades atraentes, com brinquedos reche\u00e1veis, comedouros interativos e tapetes ou caixas para ca\u00e7ar petiscos, cascos, chifres e outros materiais de roer, por exemplo, que possam ser oferecidos logo depois que os fogos come\u00e7arem \u2014 evite oferecer antes, considerando que a associa\u00e7\u00e3o n\u00e3o ser\u00e1 positiva.<\/li>\n<\/ul>\n<h6>Rotina<\/h6>\n<p>Let\u00edcia recomenda que as atividades, as m\u00fasicas e os locais seguros comecem a fazer parte da rotina do animal desde j\u00e1, para que sejam, de fato, uma experi\u00eancia agrad\u00e1vel consolidada. \u201cEle j\u00e1 vai entender que ali existe um porto seguro. Tentar obrig\u00e1-lo a desfrutar desse espa\u00e7o e das atividades de repente, apenas na hora dos fogos, quando ele j\u00e1 estiver com medo, provavelmente n\u00e3o vai funcionar\u201d, considera.<\/p>\n<p>De acordo com a Let\u00edcia, se o animal fica incomodado com outros moradores da casa, com outros animais ou quando surgem estranhos, \u00e9 interessante manter o local seguro livre dessas influ\u00eancias. \u201cO santu\u00e1rio deve ser em um c\u00f4modo sem acesso para esses agentes estressores. Mas, \u00e9 importante que o pet tenha a companhia da pessoa com quem mais se relaciona positivamente\u201d, diz.<\/p>\n<p>Caso busque colo e carinho na hora dos fogos, Let\u00edcia aconselha que o animal seja acolhido de forma tranquila. Se ele quiser se esconder, deixe que se esconda. &#8220;N\u00e3o d\u00ea bronca e n\u00e3o force-o a enfrentar a situa\u00e7\u00e3o aterrorizante, porque isso vai potencializar o trauma e dificultar que esse medo possa ser amenizado no futuro&#8221;, observa.<\/p>\n<p>O ideal \u00e9 que voc\u00ea fique com seu bichinho quando ocorrem os foguet\u00f3rios. &#8220;Se optar por sair, al\u00e9m de criar um ambiente seguro, contrate um profissional, de prefer\u00eancia algu\u00e9m que ele j\u00e1 conhe\u00e7a e confie\u201d, recomenda.<\/p>\n<h6>Ferom\u00f4nios<\/h6>\n<p>Let\u00edcia considera que o uso de ferom\u00f4nios sint\u00e9ticos \u2014 <a href=\"https:\/\/www.feliway.com\/br\/Produtos\/FELIWAY-CLASSIC-Difusor\">Feliway Classic\u00a0<\/a>no caso dos gatos e\u00a0<a href=\"https:\/\/www.adaptil.com\/br\">Adaptil\u00a0<\/a>para os c\u00e3es \u2014 tamb\u00e9m pode contribuir para que os bichinhos fiquem mais confort\u00e1veis. \u201cEles podem ser usados simultaneamente e devem ser plugados na tomada, preferencialmente, na semana anterior ao in\u00edcio dos fogos. Al\u00e9m disso, existem suplementos e medicamentos seguros que podem ser indicados em alguns casos, especialmente nos mais extremos&#8221;, diz.<\/p>\n<p>Segundo Let\u00edcia, estas indica\u00e7\u00f5es devem ser feitas por um veterin\u00e1rio de confian\u00e7a \u2014 e nunca por conta pr\u00f3pria \u2014 em uma consulta que deve ser marcada com a maior anteced\u00eancia poss\u00edvel. Assim, al\u00e9m de evitar os problemas de agenda que ocorrem quando as festividades se aproximam, o profissional poder\u00e1 fazer uma boa avalia\u00e7\u00e3o e a melhor indica\u00e7\u00e3o para o pet.<\/p>\n<h6>Telling Touch funciona?<\/h6>\n<p>Muito propagadas pela internet, existem orienta\u00e7\u00f5es que mostram o uso de faixas amarradas no corpo do animal que dariam a ele uma sensa\u00e7\u00e3o de conforto. Conhecida como \u201ctruque do pano\u201d, essa t\u00e9cnica tem o nome de <em>Tellington Touch<\/em>. No entanto, segundo Let\u00edcia, quando a amarra\u00e7\u00e3o n\u00e3o \u00e9 executada adequadamente, pode gerar ainda mais desconforto.<\/p>\n<p>\u201cCom a mesma inten\u00e7\u00e3o, j\u00e1 existem no mercado roupinhas e coletes, conhecidos como <em>thundershirts<\/em>. Embora muitos tutores relatem que a roupa realmente acalma o animal, <a href=\"https:\/\/vcahospitals.com\/know-your-pet\/anxiety-vests-for-dogs\">pesquisadores alertam que esta pode ser apenas uma impress\u00e3o, fruto da leitura errada da linguagem corporal<\/a>. O c\u00e3o pode estar paralisado pelo uso da vestimenta, especialmente se n\u00e3o tiver sido apresentado a ela antes, e isso pode ser confundido com calma. \u00c9 muito importante discutir essas possibilidades com profissionais qualificados, porque elas podem at\u00e9 ajudar em alguns casos espec\u00edficos. Mas, n\u00e3o s\u00e3o solu\u00e7\u00f5es m\u00e1gicas e nem dispensam as outras medidas\u201d, explica Let\u00edcia.<\/p>\n<h6>Anteced\u00eancia<\/h6>\n<p>Como foi visto, os animais aprendem a lidar com o barulho ap\u00f3s um tempo consider\u00e1vel de treinamento. Portanto, n\u00e3o haveria prazo suficiente para treinar o seu bichinho para enfrentar os tormentos das queimas de fogos do R\u00e9veillon, por exemplo. Por outro lado, como ocorrem foguet\u00f3rios o ano, quanto antes o seu pet passar pelo processo de adapta\u00e7\u00e3o melhor ser\u00e1.<\/p>\n<p>Com rela\u00e7\u00e3o as medidas protetivas, considerando que exigem algumas provid\u00eancias que precisam ser tomadas, seria conveniente planej\u00e1-las agora, tendo em vista as festas de final de ano. Se voc\u00ea pretende sair no R\u00e9veillon, por exemplo, \u00e9 aconselh\u00e1vel criar a oportunidade para que, desde j\u00e1, o seu pet comece a conviver com algu\u00e9m que esteja preparado para dar a aten\u00e7\u00e3o que ele merece no momento da queima de fogos.<\/p>\n<p>Afinal, o seu bichinho conta s\u00f3 com voc\u00ea para proteg\u00ea-lo e s\u00f3 voc\u00ea pode fazer com que ele se sinta seguro, mesmo se voc\u00ea n\u00e3o estiver por perto.<\/p>\n<p>&nbsp;<\/p>\n<p>&nbsp;<\/p>\n<p>Play list para c\u00e3es<\/p>\n<p><iframe loading=\"lazy\" src=\"https:\/\/open.spotify.com\/embed?uri=spotify%3Aalbum%3A4poJuTsjg1r7l7QAUNnseh\" width=\"150\" height=\"190\" frameborder=\"0\"><span data-mce-type=\"bookmark\" style=\"display: inline-block; width: 0px; overflow: hidden; line-height: 0;\" class=\"mce_SELRES_start\">\ufeff<\/span><\/iframe><\/p>\n<p>Play list para gatos<br \/>\n<iframe loading=\"lazy\" src=\"https:\/\/w.soundcloud.com\/player\/?url=https%3A\/\/api.soundcloud.com\/tracks\/502501872&amp;color=%23ff5500&amp;auto_play=false&amp;hide_related=false&amp;show_comments=true&amp;show_user=true&amp;show_reposts=false&amp;show_teaser=true&amp;visual=true\" width=\"150\" height=\"190\" frameborder=\"0\"><span data-mce-type=\"bookmark\" style=\"display: inline-block; width: 0px; overflow: hidden; line-height: 0;\" class=\"mce_SELRES_start\">\ufeff<\/span><span data-mce-type=\"bookmark\" style=\"display: inline-block; width: 0px; overflow: hidden; line-height: 0;\" class=\"mce_SELRES_start\">\ufeff<\/span><\/iframe><\/p>\n","protected":false},"excerpt":{"rendered":"<p>Para comemorar a vit\u00f3ria do pr\u00f3prio time ou a derrota do advers\u00e1rio, em dia santo, em anivers\u00e1rios, na passagem de<\/p>\n","protected":false},"author":1,"featured_media":1304,"comment_status":"closed","ping_status":"open","sticky":false,"template":"","format":"standard","meta":{"footnotes":""},"categories":[14],"tags":[],"class_list":["post-1303","post","type-post","status-publish","format-standard","has-post-thumbnail","hentry","category-pets"],"yoast_head":"<!-- This site is optimized with the Yoast SEO plugin v26.0 - https:\/\/yoast.com\/wordpress\/plugins\/seo\/ -->\n<title>Com anteced\u00eancia, prepare o seu pet para lidar com as queimas de fogos - Comunidade Ativa<\/title>\n<meta name=\"robots\" content=\"index, follow, max-snippet:-1, max-image-preview:large, max-video-preview:-1\" \/>\n<link rel=\"canonical\" href=\"https:\/\/www.comunidadeativa.jor.br\/index.php\/2020\/10\/20\/com-antecedencia-prepare-o-seu-pet-para-lidar-com-as-queimas-de-fogos\/\" \/>\n<meta property=\"og:locale\" content=\"pt_BR\" \/>\n<meta property=\"og:type\" content=\"article\" \/>\n<meta property=\"og:title\" content=\"Com anteced\u00eancia, prepare o seu pet para lidar com as queimas de fogos - Comunidade Ativa\" \/>\n<meta property=\"og:description\" content=\"Para comemorar a vit\u00f3ria do pr\u00f3prio time ou a derrota do advers\u00e1rio, em dia santo, em anivers\u00e1rios, na passagem de\" \/>\n<meta property=\"og:url\" content=\"https:\/\/www.comunidadeativa.jor.br\/index.php\/2020\/10\/20\/com-antecedencia-prepare-o-seu-pet-para-lidar-com-as-queimas-de-fogos\/\" \/>\n<meta property=\"og:site_name\" content=\"Comunidade Ativa\" \/>\n<meta property=\"article:publisher\" content=\"https:\/\/www.facebook.com\/comunidadeativa\" \/>\n<meta property=\"article:published_time\" content=\"2020-10-20T20:01:47+00:00\" \/>\n<meta property=\"article:modified_time\" content=\"2023-08-11T19:27:45+00:00\" \/>\n<meta property=\"og:image\" content=\"https:\/\/www.comunidadeativa.jor.br\/wp-content\/uploads\/2020\/10\/capa-6.jpg\" \/>\n\t<meta property=\"og:image:width\" content=\"640\" \/>\n\t<meta property=\"og:image:height\" content=\"352\" \/>\n\t<meta property=\"og:image:type\" content=\"image\/jpeg\" \/>\n<meta name=\"author\" content=\"Comunidade Ativa\" \/>\n<meta name=\"twitter:card\" content=\"summary_large_image\" \/>\n<meta name=\"twitter:label1\" content=\"Escrito por\" \/>\n\t<meta name=\"twitter:data1\" content=\"Comunidade Ativa\" \/>\n\t<meta name=\"twitter:label2\" content=\"Est. tempo de leitura\" \/>\n\t<meta name=\"twitter:data2\" content=\"10 minutos\" \/>\n<script type=\"application\/ld+json\" class=\"yoast-schema-graph\">{\"@context\":\"https:\/\/schema.org\",\"@graph\":[{\"@type\":\"Article\",\"@id\":\"https:\/\/www.comunidadeativa.jor.br\/index.php\/2020\/10\/20\/com-antecedencia-prepare-o-seu-pet-para-lidar-com-as-queimas-de-fogos\/#article\",\"isPartOf\":{\"@id\":\"https:\/\/www.comunidadeativa.jor.br\/index.php\/2020\/10\/20\/com-antecedencia-prepare-o-seu-pet-para-lidar-com-as-queimas-de-fogos\/\"},\"author\":{\"name\":\"Comunidade Ativa\",\"@id\":\"https:\/\/www.comunidadeativa.jor.br\/#\/schema\/person\/dcaa1f1c51c1f0c47a33b2b734cad6e1\"},\"headline\":\"Com anteced\u00eancia, prepare o seu pet para lidar com as queimas de fogos\",\"datePublished\":\"2020-10-20T20:01:47+00:00\",\"dateModified\":\"2023-08-11T19:27:45+00:00\",\"mainEntityOfPage\":{\"@id\":\"https:\/\/www.comunidadeativa.jor.br\/index.php\/2020\/10\/20\/com-antecedencia-prepare-o-seu-pet-para-lidar-com-as-queimas-de-fogos\/\"},\"wordCount\":1996,\"publisher\":{\"@id\":\"https:\/\/www.comunidadeativa.jor.br\/#organization\"},\"image\":{\"@id\":\"https:\/\/www.comunidadeativa.jor.br\/index.php\/2020\/10\/20\/com-antecedencia-prepare-o-seu-pet-para-lidar-com-as-queimas-de-fogos\/#primaryimage\"},\"thumbnailUrl\":\"https:\/\/www.comunidadeativa.jor.br\/wp-content\/uploads\/2020\/10\/capa-6.jpg\",\"articleSection\":[\"Pets\"],\"inLanguage\":\"pt-BR\"},{\"@type\":\"WebPage\",\"@id\":\"https:\/\/www.comunidadeativa.jor.br\/index.php\/2020\/10\/20\/com-antecedencia-prepare-o-seu-pet-para-lidar-com-as-queimas-de-fogos\/\",\"url\":\"https:\/\/www.comunidadeativa.jor.br\/index.php\/2020\/10\/20\/com-antecedencia-prepare-o-seu-pet-para-lidar-com-as-queimas-de-fogos\/\",\"name\":\"Com anteced\u00eancia, prepare o seu pet para lidar com as queimas de fogos - Comunidade Ativa\",\"isPartOf\":{\"@id\":\"https:\/\/www.comunidadeativa.jor.br\/#website\"},\"primaryImageOfPage\":{\"@id\":\"https:\/\/www.comunidadeativa.jor.br\/index.php\/2020\/10\/20\/com-antecedencia-prepare-o-seu-pet-para-lidar-com-as-queimas-de-fogos\/#primaryimage\"},\"image\":{\"@id\":\"https:\/\/www.comunidadeativa.jor.br\/index.php\/2020\/10\/20\/com-antecedencia-prepare-o-seu-pet-para-lidar-com-as-queimas-de-fogos\/#primaryimage\"},\"thumbnailUrl\":\"https:\/\/www.comunidadeativa.jor.br\/wp-content\/uploads\/2020\/10\/capa-6.jpg\",\"datePublished\":\"2020-10-20T20:01:47+00:00\",\"dateModified\":\"2023-08-11T19:27:45+00:00\",\"breadcrumb\":{\"@id\":\"https:\/\/www.comunidadeativa.jor.br\/index.php\/2020\/10\/20\/com-antecedencia-prepare-o-seu-pet-para-lidar-com-as-queimas-de-fogos\/#breadcrumb\"},\"inLanguage\":\"pt-BR\",\"potentialAction\":[{\"@type\":\"ReadAction\",\"target\":[\"https:\/\/www.comunidadeativa.jor.br\/index.php\/2020\/10\/20\/com-antecedencia-prepare-o-seu-pet-para-lidar-com-as-queimas-de-fogos\/\"]}]},{\"@type\":\"ImageObject\",\"inLanguage\":\"pt-BR\",\"@id\":\"https:\/\/www.comunidadeativa.jor.br\/index.php\/2020\/10\/20\/com-antecedencia-prepare-o-seu-pet-para-lidar-com-as-queimas-de-fogos\/#primaryimage\",\"url\":\"https:\/\/www.comunidadeativa.jor.br\/wp-content\/uploads\/2020\/10\/capa-6.jpg\",\"contentUrl\":\"https:\/\/www.comunidadeativa.jor.br\/wp-content\/uploads\/2020\/10\/capa-6.jpg\",\"width\":640,\"height\":352},{\"@type\":\"BreadcrumbList\",\"@id\":\"https:\/\/www.comunidadeativa.jor.br\/index.php\/2020\/10\/20\/com-antecedencia-prepare-o-seu-pet-para-lidar-com-as-queimas-de-fogos\/#breadcrumb\",\"itemListElement\":[{\"@type\":\"ListItem\",\"position\":1,\"name\":\"In\u00edcio\",\"item\":\"https:\/\/www.comunidadeativa.jor.br\/\"},{\"@type\":\"ListItem\",\"position\":2,\"name\":\"Com anteced\u00eancia, prepare o seu pet para lidar com as queimas de fogos\"}]},{\"@type\":\"WebSite\",\"@id\":\"https:\/\/www.comunidadeativa.jor.br\/#website\",\"url\":\"https:\/\/www.comunidadeativa.jor.br\/\",\"name\":\"Comunidade Ativa\",\"description\":\"\",\"publisher\":{\"@id\":\"https:\/\/www.comunidadeativa.jor.br\/#organization\"},\"potentialAction\":[{\"@type\":\"SearchAction\",\"target\":{\"@type\":\"EntryPoint\",\"urlTemplate\":\"https:\/\/www.comunidadeativa.jor.br\/?s={search_term_string}\"},\"query-input\":{\"@type\":\"PropertyValueSpecification\",\"valueRequired\":true,\"valueName\":\"search_term_string\"}}],\"inLanguage\":\"pt-BR\"},{\"@type\":\"Organization\",\"@id\":\"https:\/\/www.comunidadeativa.jor.br\/#organization\",\"name\":\"Comunidade Ativa\",\"url\":\"https:\/\/www.comunidadeativa.jor.br\/\",\"logo\":{\"@type\":\"ImageObject\",\"inLanguage\":\"pt-BR\",\"@id\":\"https:\/\/www.comunidadeativa.jor.br\/#\/schema\/logo\/image\/\",\"url\":\"https:\/\/www.comunidadeativa.jor.br\/wp-content\/uploads\/2018\/03\/cropped-LOGOPNG-1.png\",\"contentUrl\":\"https:\/\/www.comunidadeativa.jor.br\/wp-content\/uploads\/2018\/03\/cropped-LOGOPNG-1.png\",\"width\":318,\"height\":90,\"caption\":\"Comunidade Ativa\"},\"image\":{\"@id\":\"https:\/\/www.comunidadeativa.jor.br\/#\/schema\/logo\/image\/\"},\"sameAs\":[\"https:\/\/www.facebook.com\/comunidadeativa\"]},{\"@type\":\"Person\",\"@id\":\"https:\/\/www.comunidadeativa.jor.br\/#\/schema\/person\/dcaa1f1c51c1f0c47a33b2b734cad6e1\",\"name\":\"Comunidade Ativa\",\"image\":{\"@type\":\"ImageObject\",\"inLanguage\":\"pt-BR\",\"@id\":\"https:\/\/www.comunidadeativa.jor.br\/#\/schema\/person\/image\/\",\"url\":\"https:\/\/secure.gravatar.com\/avatar\/09a9a1f85fedf41e81b47f7c1d40084f?s=96&d=mm&r=g\",\"contentUrl\":\"https:\/\/secure.gravatar.com\/avatar\/09a9a1f85fedf41e81b47f7c1d40084f?s=96&d=mm&r=g\",\"caption\":\"Comunidade Ativa\"},\"url\":\"https:\/\/www.comunidadeativa.jor.br\/index.php\/author\/casalberto\/\"}]}<\/script>\n<!-- \/ Yoast SEO plugin. -->","yoast_head_json":{"title":"Com anteced\u00eancia, prepare o seu pet para lidar com as queimas de fogos - Comunidade Ativa","robots":{"index":"index","follow":"follow","max-snippet":"max-snippet:-1","max-image-preview":"max-image-preview:large","max-video-preview":"max-video-preview:-1"},"canonical":"https:\/\/www.comunidadeativa.jor.br\/index.php\/2020\/10\/20\/com-antecedencia-prepare-o-seu-pet-para-lidar-com-as-queimas-de-fogos\/","og_locale":"pt_BR","og_type":"article","og_title":"Com anteced\u00eancia, prepare o seu pet para lidar com as queimas de fogos - Comunidade Ativa","og_description":"Para comemorar a vit\u00f3ria do pr\u00f3prio time ou a derrota do advers\u00e1rio, em dia santo, em anivers\u00e1rios, na passagem de","og_url":"https:\/\/www.comunidadeativa.jor.br\/index.php\/2020\/10\/20\/com-antecedencia-prepare-o-seu-pet-para-lidar-com-as-queimas-de-fogos\/","og_site_name":"Comunidade Ativa","article_publisher":"https:\/\/www.facebook.com\/comunidadeativa","article_published_time":"2020-10-20T20:01:47+00:00","article_modified_time":"2023-08-11T19:27:45+00:00","og_image":[{"width":640,"height":352,"url":"https:\/\/www.comunidadeativa.jor.br\/wp-content\/uploads\/2020\/10\/capa-6.jpg","type":"image\/jpeg"}],"author":"Comunidade Ativa","twitter_card":"summary_large_image","twitter_misc":{"Escrito por":"Comunidade Ativa","Est. tempo de leitura":"10 minutos"},"schema":{"@context":"https:\/\/schema.org","@graph":[{"@type":"Article","@id":"https:\/\/www.comunidadeativa.jor.br\/index.php\/2020\/10\/20\/com-antecedencia-prepare-o-seu-pet-para-lidar-com-as-queimas-de-fogos\/#article","isPartOf":{"@id":"https:\/\/www.comunidadeativa.jor.br\/index.php\/2020\/10\/20\/com-antecedencia-prepare-o-seu-pet-para-lidar-com-as-queimas-de-fogos\/"},"author":{"name":"Comunidade Ativa","@id":"https:\/\/www.comunidadeativa.jor.br\/#\/schema\/person\/dcaa1f1c51c1f0c47a33b2b734cad6e1"},"headline":"Com anteced\u00eancia, prepare o seu pet para lidar com as queimas de fogos","datePublished":"2020-10-20T20:01:47+00:00","dateModified":"2023-08-11T19:27:45+00:00","mainEntityOfPage":{"@id":"https:\/\/www.comunidadeativa.jor.br\/index.php\/2020\/10\/20\/com-antecedencia-prepare-o-seu-pet-para-lidar-com-as-queimas-de-fogos\/"},"wordCount":1996,"publisher":{"@id":"https:\/\/www.comunidadeativa.jor.br\/#organization"},"image":{"@id":"https:\/\/www.comunidadeativa.jor.br\/index.php\/2020\/10\/20\/com-antecedencia-prepare-o-seu-pet-para-lidar-com-as-queimas-de-fogos\/#primaryimage"},"thumbnailUrl":"https:\/\/www.comunidadeativa.jor.br\/wp-content\/uploads\/2020\/10\/capa-6.jpg","articleSection":["Pets"],"inLanguage":"pt-BR"},{"@type":"WebPage","@id":"https:\/\/www.comunidadeativa.jor.br\/index.php\/2020\/10\/20\/com-antecedencia-prepare-o-seu-pet-para-lidar-com-as-queimas-de-fogos\/","url":"https:\/\/www.comunidadeativa.jor.br\/index.php\/2020\/10\/20\/com-antecedencia-prepare-o-seu-pet-para-lidar-com-as-queimas-de-fogos\/","name":"Com anteced\u00eancia, prepare o seu pet para lidar com as queimas de fogos - Comunidade Ativa","isPartOf":{"@id":"https:\/\/www.comunidadeativa.jor.br\/#website"},"primaryImageOfPage":{"@id":"https:\/\/www.comunidadeativa.jor.br\/index.php\/2020\/10\/20\/com-antecedencia-prepare-o-seu-pet-para-lidar-com-as-queimas-de-fogos\/#primaryimage"},"image":{"@id":"https:\/\/www.comunidadeativa.jor.br\/index.php\/2020\/10\/20\/com-antecedencia-prepare-o-seu-pet-para-lidar-com-as-queimas-de-fogos\/#primaryimage"},"thumbnailUrl":"https:\/\/www.comunidadeativa.jor.br\/wp-content\/uploads\/2020\/10\/capa-6.jpg","datePublished":"2020-10-20T20:01:47+00:00","dateModified":"2023-08-11T19:27:45+00:00","breadcrumb":{"@id":"https:\/\/www.comunidadeativa.jor.br\/index.php\/2020\/10\/20\/com-antecedencia-prepare-o-seu-pet-para-lidar-com-as-queimas-de-fogos\/#breadcrumb"},"inLanguage":"pt-BR","potentialAction":[{"@type":"ReadAction","target":["https:\/\/www.comunidadeativa.jor.br\/index.php\/2020\/10\/20\/com-antecedencia-prepare-o-seu-pet-para-lidar-com-as-queimas-de-fogos\/"]}]},{"@type":"ImageObject","inLanguage":"pt-BR","@id":"https:\/\/www.comunidadeativa.jor.br\/index.php\/2020\/10\/20\/com-antecedencia-prepare-o-seu-pet-para-lidar-com-as-queimas-de-fogos\/#primaryimage","url":"https:\/\/www.comunidadeativa.jor.br\/wp-content\/uploads\/2020\/10\/capa-6.jpg","contentUrl":"https:\/\/www.comunidadeativa.jor.br\/wp-content\/uploads\/2020\/10\/capa-6.jpg","width":640,"height":352},{"@type":"BreadcrumbList","@id":"https:\/\/www.comunidadeativa.jor.br\/index.php\/2020\/10\/20\/com-antecedencia-prepare-o-seu-pet-para-lidar-com-as-queimas-de-fogos\/#breadcrumb","itemListElement":[{"@type":"ListItem","position":1,"name":"In\u00edcio","item":"https:\/\/www.comunidadeativa.jor.br\/"},{"@type":"ListItem","position":2,"name":"Com anteced\u00eancia, prepare o seu pet para lidar com as queimas de fogos"}]},{"@type":"WebSite","@id":"https:\/\/www.comunidadeativa.jor.br\/#website","url":"https:\/\/www.comunidadeativa.jor.br\/","name":"Comunidade Ativa","description":"","publisher":{"@id":"https:\/\/www.comunidadeativa.jor.br\/#organization"},"potentialAction":[{"@type":"SearchAction","target":{"@type":"EntryPoint","urlTemplate":"https:\/\/www.comunidadeativa.jor.br\/?s={search_term_string}"},"query-input":{"@type":"PropertyValueSpecification","valueRequired":true,"valueName":"search_term_string"}}],"inLanguage":"pt-BR"},{"@type":"Organization","@id":"https:\/\/www.comunidadeativa.jor.br\/#organization","name":"Comunidade Ativa","url":"https:\/\/www.comunidadeativa.jor.br\/","logo":{"@type":"ImageObject","inLanguage":"pt-BR","@id":"https:\/\/www.comunidadeativa.jor.br\/#\/schema\/logo\/image\/","url":"https:\/\/www.comunidadeativa.jor.br\/wp-content\/uploads\/2018\/03\/cropped-LOGOPNG-1.png","contentUrl":"https:\/\/www.comunidadeativa.jor.br\/wp-content\/uploads\/2018\/03\/cropped-LOGOPNG-1.png","width":318,"height":90,"caption":"Comunidade Ativa"},"image":{"@id":"https:\/\/www.comunidadeativa.jor.br\/#\/schema\/logo\/image\/"},"sameAs":["https:\/\/www.facebook.com\/comunidadeativa"]},{"@type":"Person","@id":"https:\/\/www.comunidadeativa.jor.br\/#\/schema\/person\/dcaa1f1c51c1f0c47a33b2b734cad6e1","name":"Comunidade Ativa","image":{"@type":"ImageObject","inLanguage":"pt-BR","@id":"https:\/\/www.comunidadeativa.jor.br\/#\/schema\/person\/image\/","url":"https:\/\/secure.gravatar.com\/avatar\/09a9a1f85fedf41e81b47f7c1d40084f?s=96&d=mm&r=g","contentUrl":"https:\/\/secure.gravatar.com\/avatar\/09a9a1f85fedf41e81b47f7c1d40084f?s=96&d=mm&r=g","caption":"Comunidade Ativa"},"url":"https:\/\/www.comunidadeativa.jor.br\/index.php\/author\/casalberto\/"}]}},"_links":{"self":[{"href":"https:\/\/www.comunidadeativa.jor.br\/index.php\/wp-json\/wp\/v2\/posts\/1303","targetHints":{"allow":["GET"]}}],"collection":[{"href":"https:\/\/www.comunidadeativa.jor.br\/index.php\/wp-json\/wp\/v2\/posts"}],"about":[{"href":"https:\/\/www.comunidadeativa.jor.br\/index.php\/wp-json\/wp\/v2\/types\/post"}],"author":[{"embeddable":true,"href":"https:\/\/www.comunidadeativa.jor.br\/index.php\/wp-json\/wp\/v2\/users\/1"}],"replies":[{"embeddable":true,"href":"https:\/\/www.comunidadeativa.jor.br\/index.php\/wp-json\/wp\/v2\/comments?post=1303"}],"version-history":[{"count":3,"href":"https:\/\/www.comunidadeativa.jor.br\/index.php\/wp-json\/wp\/v2\/posts\/1303\/revisions"}],"predecessor-version":[{"id":3739,"href":"https:\/\/www.comunidadeativa.jor.br\/index.php\/wp-json\/wp\/v2\/posts\/1303\/revisions\/3739"}],"wp:featuredmedia":[{"embeddable":true,"href":"https:\/\/www.comunidadeativa.jor.br\/index.php\/wp-json\/wp\/v2\/media\/1304"}],"wp:attachment":[{"href":"https:\/\/www.comunidadeativa.jor.br\/index.php\/wp-json\/wp\/v2\/media?parent=1303"}],"wp:term":[{"taxonomy":"category","embeddable":true,"href":"https:\/\/www.comunidadeativa.jor.br\/index.php\/wp-json\/wp\/v2\/categories?post=1303"},{"taxonomy":"post_tag","embeddable":true,"href":"https:\/\/www.comunidadeativa.jor.br\/index.php\/wp-json\/wp\/v2\/tags?post=1303"}],"curies":[{"name":"wp","href":"https:\/\/api.w.org\/{rel}","templated":true}]}}