{"id":1328,"date":"2020-10-28T20:44:25","date_gmt":"2020-10-28T23:44:25","guid":{"rendered":"https:\/\/www.comunidadeativa.jor.br\/?p=1328"},"modified":"2023-08-11T16:32:05","modified_gmt":"2023-08-11T19:32:05","slug":"voce-sabe-a-origem-do-halloween","status":"publish","type":"post","link":"https:\/\/www.comunidadeativa.jor.br\/index.php\/2020\/10\/28\/voce-sabe-a-origem-do-halloween\/","title":{"rendered":"Voc\u00ea sabe a origem do Halloween?"},"content":{"rendered":"<p>Mesmo sem chegar perto da import\u00e2ncia que tem nos Estados Unidos, o Halloween tem marcado presen\u00e7a cada vez maior entre os brasileiros. Como um tipo de Carnaval macabro, a celebra\u00e7\u00e3o atrai especialmente as crian\u00e7as, que costumam se divertir bastante com as fantasias de monstros e de bruxas que s\u00e3o a marca registrada da festa. Mas, n\u00e3o s\u00e3o s\u00f3 os pequenos que gostam dessa divers\u00e3o. Jovens e adultos tamb\u00e9m j\u00e1 se renderam \u00e0 vers\u00e3o brasileira do Dia das Bruxas e todos os anos adoram se fantasiar para comemor\u00e1-lo.<\/p>\n<p>Sendo assim, n\u00e3o custa nada entender um pouco sobre o real significado desta celebra\u00e7\u00e3o, que j\u00e1 reservou data nos calend\u00e1rios daqui.<\/p>\n<h6>Festival de Samhain<\/h6>\n<p>Como tantas outras festividades ocidentais \u2014 festas juninas e Natal, por exemplo \u2014, o Halloween tamb\u00e9m tem suas origens em uma celebra\u00e7\u00e3o que antecede o cristianismo. H\u00e1 cerca de 2.500 anos, os povos celtas que viviam onde hoje \u00e9 o Reino Unido e a Irlanda celebravam o Festival de <a href=\"https:\/\/www.britannica.com\/topic\/Samhain\" target=\"_blank\" rel=\"noopener noreferrer\">Samhain<\/a>, que era uma esp\u00e9cie de R\u00e9veillon tenebroso, comemorado para marcar o fim do ver\u00e3o e o encerramento do ano no calend\u00e1rio que eles usavam.<\/p>\n<p>No dia que coincide com o 1\u00ba de novembro do nosso calend\u00e1rio, acreditava-se que no Samhain o mundo das divindades se tornasse vis\u00edvel para os homens, permitindo que elas pregassem pe\u00e7as nos mortais, dando in\u00edcio a\u00a0 um tempo repleto de perigos, carregado de medo e de epis\u00f3dios sobrenaturais. Outras vers\u00f5es da hist\u00f3ria contam que o Samhain tamb\u00e9m seria o <a href=\"https:\/\/www.conhecimentoantigo.com.br\/sabbaths\/samhain\" target=\"_blank\" rel=\"noopener noreferrer\">Festival de Retorno da Morte<\/a>, que estabelecia o tempo mais apropriado para que as pessoas que morreram durante o ano retornassem \u00e0s suas casas.<\/p>\n<p>Celebrando o fim do ano velho e o in\u00edcio do ano novo, os celtas tamb\u00e9m celebravam a morte e o renascimento da terra, o que os fazia pensar na mortalidade humana e na perspectiva de renascimento. Era com esse esp\u00edrito que, para espantar as amea\u00e7as do inverno que come\u00e7ava e as maldades que se aproximavam, eles realizam sacrif\u00edcios, acendiam fogueiras no topo das colinas e usavam m\u00e1scaras para despistarem os deuses e os fantasmas.<\/p>\n<p>Por isso, as bruxas, os duendes, as fadas, os dem\u00f4nios e monstros foram associados ao que acabou se tornando o Dia das Bruxas da atualidade.<\/p>\n<h6>O Dia de Todos os Santos<\/h6>\n<p>Foi <a href=\"https:\/\/www.britannica.com\/topic\/Halloween\" target=\"_blank\" rel=\"noopener noreferrer\">no s\u00e9culo 7 que o papa Bonif\u00e1cio IV<\/a> estabeleceu o dia 13 de maio como sendo o Dia de Todos os Santos. Um s\u00e9culo mais tarde, <a href=\"https:\/\/www.history.com\/topics\/halloween\/history-of-halloween\" target=\"_blank\" rel=\"noopener noreferrer\">a celebra\u00e7\u00e3o de Todos os Santos foi pelo papa Greg\u00f3rio III<\/a> movida para o dia 1\u00ba de novembro, coincidindo com o Samhain. \u00c9 quase certo que esta coincid\u00eancia tenha sido proposital e teve o intuito de suprimir a festival celta.<\/p>\n<p>Por\u00e9m, considerando que, na maioria das vezes, a tradi\u00e7\u00e3o popular \u00e9 muito mais forte do que os decretos, a Festival dos Mortos apenas migrou para o Dia 31 de outubro, na v\u00e9spera do Dia de Todos os Santos. Da\u00ed a origem do nome \u201cHalloween\u201d, que nada mais \u00e9 do que a contra\u00e7\u00e3o das palavras do ingl\u00eas \u201challow\u201d e \u201ceve\u201d, que singificam \u201csagrado\u201d e \u201cv\u00e9spera\u201d.<\/p>\n<p>Ou seja, <em>Halloween<\/em> nada mais seria do que a festa de v\u00e9spera do Dia de Todos os Santos, que \u00e9 sagrado.<\/p>\n<h6>Chegada aos Estados Unidos<\/h6>\n<p>Da mesma forma como aconteceu com outras celebra\u00e7\u00f5es antigas, o Halloween foi proibido pela Igreja Cat\u00f3lica. Contudo, como a proibi\u00e7\u00e3o tamb\u00e9m n\u00e3o foi suficiente para extinguir as outras festas, que apenas foram combinadas com as tradi\u00e7\u00f5es crist\u00e3s,<a href=\"https:\/\/www.bbc.com\/portuguese\/curiosidades-41778799#:~:text=O%20Halloween%20tem%20suas%20ra%C3%ADzes,%22All%20Hallows'%20Eve%22.&amp;text=%22Hallow%22%20%C3%A9%20um%20termo%20antigo,celebrado%20em%201%C2%BA%20de%20novembro.\" target=\"_blank\" rel=\"noopener noreferrer\"> ao longo dos s\u00e9culos, muitas das caracter\u00edsticas do Samhain foram mantidas<\/a> marcando presen\u00e7a nos festivais de plantio e de colheita que foram mantidos na Europa e mais tarde transferidos para a Am\u00e9rica do Norte.<\/p>\n<p>No s\u00e9culo 19, quando ocorreu uma maci\u00e7a migra\u00e7\u00e3o de irlandeses para os Estados Unidos, estas tradi\u00e7\u00f5es viajaram junto com eles e encontrou terreno j\u00e1 preparado para cair no gosto popular. Fez isso com tanta for\u00e7a que, ao longo do s\u00e9culo 20, se tornou uma das principais celebra\u00e7\u00f5es para os americanos e se tornou um s\u00edmbolo das tradi\u00e7\u00f5es daquele pa\u00eds.<\/p>\n<p>S\u00f3 para termos <a href=\"https:\/\/www.thoughtco.com\/fascinating-facts-about-halloween-3026186\" target=\"_blank\" rel=\"noopener noreferrer\">uma ideia sobre o quanto o Halloween \u00e9 importante<\/a>, estima-se que em 2019 a celebra\u00e7\u00e3o tenha movimentado um total de aproximadamente US$ 90 bilh\u00f5es. Estima-se que somente no dia da festa cada um dos\u00a0 mais de 170 milh\u00f5es de americanos de todas as idades que celebram o Halloween, gastem em torno de US$ 80, ou aproximadamente R$ 450.<\/p>\n<p>N\u00e3o \u00e9 \u00e0 toa que o Dia das Bruxas vem se propagando pelo mundo todo, inclusive aqui no Brasil.<\/p>\n<h6>Dia do Saci<\/h6>\n<p>Numa tentativa de defender as tradi\u00e7\u00f5es brasileiras, em 2013 o ent\u00e3o deputado federal Aldo Rebelo prop\u00f4s por meio deu <a href=\"https:\/\/revistacrescer.globo.com\/Curiosidades\/noticia\/2019\/10\/dia-do-saci-por-que-comemorar-ou-nao-lenda-brasileira-no-dia-das-bruxas.html\" target=\"_blank\" rel=\"noopener noreferrer\">Projeto de Lei (PL) prop\u00f4s a cria\u00e7\u00e3o do Dia do Saci<\/a>, que tamb\u00e9m seria celebrado no dia 31 de outubro. Por\u00e9m, o PL acabou arquivado.<\/p>\n<p>Mesmo assim, n\u00e3o s\u00e3o poucos os ativistas culturais que, no lugar de abrir espa\u00e7o para tradi\u00e7\u00f5es importadas, a data deveria servir para celebrar um dos principais personagens do nosso folclore e, assim, valorizar as nossas pr\u00f3prias tradi\u00e7\u00f5es nacionais.<\/p>\n<p>&nbsp;<\/p>\n<p><strong><em>Uma dica<\/em><\/strong><\/p>\n<p><em>Para mais informa\u00e7\u00f5es sobre os temas abordados nessa mat\u00e9ria, acesse os links dispon\u00edveis ao longo do texto. Eles remetem \u00e0s fontes utilizadas aqui.\u00a0<\/em><\/p>\n<p><em>Uma dica: os artigos fora da p\u00e1gina do Comunidade Ativa que n\u00e3o estiverem em portugu\u00eas podem ser traduzidos automaticamente pelo navegador pelo seu navegador. Pra isso, basta clicar com o bot\u00e3o direito em qualquer ponto do texto a ser traduzido e escolher a op\u00e7\u00e3o \u201cTraduzir para o portugu\u00eas\u201d.\u00a0<\/em><\/p>\n","protected":false},"excerpt":{"rendered":"<p>Mesmo sem chegar perto da import\u00e2ncia que tem nos Estados Unidos, o Halloween tem marcado presen\u00e7a cada vez maior entre<\/p>\n","protected":false},"author":1,"featured_media":1329,"comment_status":"closed","ping_status":"open","sticky":false,"template":"","format":"standard","meta":{"footnotes":""},"categories":[15],"tags":[],"class_list":["post-1328","post","type-post","status-publish","format-standard","has-post-thumbnail","hentry","category-cultura"],"yoast_head":"<!-- This site is optimized with the Yoast SEO plugin v26.0 - https:\/\/yoast.com\/wordpress\/plugins\/seo\/ -->\n<title>Voc\u00ea sabe a origem do Halloween? - Comunidade Ativa<\/title>\n<meta name=\"robots\" content=\"index, follow, max-snippet:-1, max-image-preview:large, max-video-preview:-1\" \/>\n<link rel=\"canonical\" href=\"https:\/\/www.comunidadeativa.jor.br\/index.php\/2020\/10\/28\/voce-sabe-a-origem-do-halloween\/\" \/>\n<meta property=\"og:locale\" content=\"pt_BR\" \/>\n<meta property=\"og:type\" content=\"article\" \/>\n<meta property=\"og:title\" content=\"Voc\u00ea sabe a origem do Halloween? - Comunidade Ativa\" \/>\n<meta property=\"og:description\" content=\"Mesmo sem chegar perto da import\u00e2ncia que tem nos Estados Unidos, o Halloween tem marcado presen\u00e7a cada vez maior entre\" \/>\n<meta property=\"og:url\" content=\"https:\/\/www.comunidadeativa.jor.br\/index.php\/2020\/10\/28\/voce-sabe-a-origem-do-halloween\/\" \/>\n<meta property=\"og:site_name\" content=\"Comunidade Ativa\" \/>\n<meta property=\"article:publisher\" content=\"https:\/\/www.facebook.com\/comunidadeativa\" \/>\n<meta property=\"article:published_time\" content=\"2020-10-28T23:44:25+00:00\" \/>\n<meta property=\"article:modified_time\" content=\"2023-08-11T19:32:05+00:00\" \/>\n<meta property=\"og:image\" content=\"https:\/\/www.comunidadeativa.jor.br\/wp-content\/uploads\/2020\/10\/capa-12.jpg\" \/>\n\t<meta property=\"og:image:width\" content=\"640\" \/>\n\t<meta property=\"og:image:height\" content=\"352\" \/>\n\t<meta property=\"og:image:type\" content=\"image\/jpeg\" \/>\n<meta name=\"author\" content=\"Comunidade Ativa\" \/>\n<meta name=\"twitter:card\" content=\"summary_large_image\" \/>\n<meta name=\"twitter:label1\" content=\"Escrito por\" \/>\n\t<meta name=\"twitter:data1\" content=\"Comunidade Ativa\" \/>\n\t<meta name=\"twitter:label2\" content=\"Est. tempo de leitura\" \/>\n\t<meta name=\"twitter:data2\" content=\"5 minutos\" \/>\n<script type=\"application\/ld+json\" class=\"yoast-schema-graph\">{\"@context\":\"https:\/\/schema.org\",\"@graph\":[{\"@type\":\"Article\",\"@id\":\"https:\/\/www.comunidadeativa.jor.br\/index.php\/2020\/10\/28\/voce-sabe-a-origem-do-halloween\/#article\",\"isPartOf\":{\"@id\":\"https:\/\/www.comunidadeativa.jor.br\/index.php\/2020\/10\/28\/voce-sabe-a-origem-do-halloween\/\"},\"author\":{\"name\":\"Comunidade Ativa\",\"@id\":\"https:\/\/www.comunidadeativa.jor.br\/#\/schema\/person\/dcaa1f1c51c1f0c47a33b2b734cad6e1\"},\"headline\":\"Voc\u00ea sabe a origem do Halloween?\",\"datePublished\":\"2020-10-28T23:44:25+00:00\",\"dateModified\":\"2023-08-11T19:32:05+00:00\",\"mainEntityOfPage\":{\"@id\":\"https:\/\/www.comunidadeativa.jor.br\/index.php\/2020\/10\/28\/voce-sabe-a-origem-do-halloween\/\"},\"wordCount\":974,\"publisher\":{\"@id\":\"https:\/\/www.comunidadeativa.jor.br\/#organization\"},\"image\":{\"@id\":\"https:\/\/www.comunidadeativa.jor.br\/index.php\/2020\/10\/28\/voce-sabe-a-origem-do-halloween\/#primaryimage\"},\"thumbnailUrl\":\"https:\/\/www.comunidadeativa.jor.br\/wp-content\/uploads\/2020\/10\/capa-12.jpg\",\"articleSection\":[\"Cultura\"],\"inLanguage\":\"pt-BR\"},{\"@type\":\"WebPage\",\"@id\":\"https:\/\/www.comunidadeativa.jor.br\/index.php\/2020\/10\/28\/voce-sabe-a-origem-do-halloween\/\",\"url\":\"https:\/\/www.comunidadeativa.jor.br\/index.php\/2020\/10\/28\/voce-sabe-a-origem-do-halloween\/\",\"name\":\"Voc\u00ea sabe a origem do Halloween? - Comunidade Ativa\",\"isPartOf\":{\"@id\":\"https:\/\/www.comunidadeativa.jor.br\/#website\"},\"primaryImageOfPage\":{\"@id\":\"https:\/\/www.comunidadeativa.jor.br\/index.php\/2020\/10\/28\/voce-sabe-a-origem-do-halloween\/#primaryimage\"},\"image\":{\"@id\":\"https:\/\/www.comunidadeativa.jor.br\/index.php\/2020\/10\/28\/voce-sabe-a-origem-do-halloween\/#primaryimage\"},\"thumbnailUrl\":\"https:\/\/www.comunidadeativa.jor.br\/wp-content\/uploads\/2020\/10\/capa-12.jpg\",\"datePublished\":\"2020-10-28T23:44:25+00:00\",\"dateModified\":\"2023-08-11T19:32:05+00:00\",\"breadcrumb\":{\"@id\":\"https:\/\/www.comunidadeativa.jor.br\/index.php\/2020\/10\/28\/voce-sabe-a-origem-do-halloween\/#breadcrumb\"},\"inLanguage\":\"pt-BR\",\"potentialAction\":[{\"@type\":\"ReadAction\",\"target\":[\"https:\/\/www.comunidadeativa.jor.br\/index.php\/2020\/10\/28\/voce-sabe-a-origem-do-halloween\/\"]}]},{\"@type\":\"ImageObject\",\"inLanguage\":\"pt-BR\",\"@id\":\"https:\/\/www.comunidadeativa.jor.br\/index.php\/2020\/10\/28\/voce-sabe-a-origem-do-halloween\/#primaryimage\",\"url\":\"https:\/\/www.comunidadeativa.jor.br\/wp-content\/uploads\/2020\/10\/capa-12.jpg\",\"contentUrl\":\"https:\/\/www.comunidadeativa.jor.br\/wp-content\/uploads\/2020\/10\/capa-12.jpg\",\"width\":640,\"height\":352},{\"@type\":\"BreadcrumbList\",\"@id\":\"https:\/\/www.comunidadeativa.jor.br\/index.php\/2020\/10\/28\/voce-sabe-a-origem-do-halloween\/#breadcrumb\",\"itemListElement\":[{\"@type\":\"ListItem\",\"position\":1,\"name\":\"In\u00edcio\",\"item\":\"https:\/\/www.comunidadeativa.jor.br\/\"},{\"@type\":\"ListItem\",\"position\":2,\"name\":\"Voc\u00ea sabe a origem do Halloween?\"}]},{\"@type\":\"WebSite\",\"@id\":\"https:\/\/www.comunidadeativa.jor.br\/#website\",\"url\":\"https:\/\/www.comunidadeativa.jor.br\/\",\"name\":\"Comunidade Ativa\",\"description\":\"\",\"publisher\":{\"@id\":\"https:\/\/www.comunidadeativa.jor.br\/#organization\"},\"potentialAction\":[{\"@type\":\"SearchAction\",\"target\":{\"@type\":\"EntryPoint\",\"urlTemplate\":\"https:\/\/www.comunidadeativa.jor.br\/?s={search_term_string}\"},\"query-input\":{\"@type\":\"PropertyValueSpecification\",\"valueRequired\":true,\"valueName\":\"search_term_string\"}}],\"inLanguage\":\"pt-BR\"},{\"@type\":\"Organization\",\"@id\":\"https:\/\/www.comunidadeativa.jor.br\/#organization\",\"name\":\"Comunidade Ativa\",\"url\":\"https:\/\/www.comunidadeativa.jor.br\/\",\"logo\":{\"@type\":\"ImageObject\",\"inLanguage\":\"pt-BR\",\"@id\":\"https:\/\/www.comunidadeativa.jor.br\/#\/schema\/logo\/image\/\",\"url\":\"https:\/\/www.comunidadeativa.jor.br\/wp-content\/uploads\/2018\/03\/cropped-LOGOPNG-1.png\",\"contentUrl\":\"https:\/\/www.comunidadeativa.jor.br\/wp-content\/uploads\/2018\/03\/cropped-LOGOPNG-1.png\",\"width\":318,\"height\":90,\"caption\":\"Comunidade Ativa\"},\"image\":{\"@id\":\"https:\/\/www.comunidadeativa.jor.br\/#\/schema\/logo\/image\/\"},\"sameAs\":[\"https:\/\/www.facebook.com\/comunidadeativa\"]},{\"@type\":\"Person\",\"@id\":\"https:\/\/www.comunidadeativa.jor.br\/#\/schema\/person\/dcaa1f1c51c1f0c47a33b2b734cad6e1\",\"name\":\"Comunidade Ativa\",\"image\":{\"@type\":\"ImageObject\",\"inLanguage\":\"pt-BR\",\"@id\":\"https:\/\/www.comunidadeativa.jor.br\/#\/schema\/person\/image\/\",\"url\":\"https:\/\/secure.gravatar.com\/avatar\/09a9a1f85fedf41e81b47f7c1d40084f?s=96&d=mm&r=g\",\"contentUrl\":\"https:\/\/secure.gravatar.com\/avatar\/09a9a1f85fedf41e81b47f7c1d40084f?s=96&d=mm&r=g\",\"caption\":\"Comunidade Ativa\"},\"url\":\"https:\/\/www.comunidadeativa.jor.br\/index.php\/author\/casalberto\/\"}]}<\/script>\n<!-- \/ Yoast SEO plugin. -->","yoast_head_json":{"title":"Voc\u00ea sabe a origem do Halloween? - Comunidade Ativa","robots":{"index":"index","follow":"follow","max-snippet":"max-snippet:-1","max-image-preview":"max-image-preview:large","max-video-preview":"max-video-preview:-1"},"canonical":"https:\/\/www.comunidadeativa.jor.br\/index.php\/2020\/10\/28\/voce-sabe-a-origem-do-halloween\/","og_locale":"pt_BR","og_type":"article","og_title":"Voc\u00ea sabe a origem do Halloween? - Comunidade Ativa","og_description":"Mesmo sem chegar perto da import\u00e2ncia que tem nos Estados Unidos, o Halloween tem marcado presen\u00e7a cada vez maior entre","og_url":"https:\/\/www.comunidadeativa.jor.br\/index.php\/2020\/10\/28\/voce-sabe-a-origem-do-halloween\/","og_site_name":"Comunidade Ativa","article_publisher":"https:\/\/www.facebook.com\/comunidadeativa","article_published_time":"2020-10-28T23:44:25+00:00","article_modified_time":"2023-08-11T19:32:05+00:00","og_image":[{"width":640,"height":352,"url":"https:\/\/www.comunidadeativa.jor.br\/wp-content\/uploads\/2020\/10\/capa-12.jpg","type":"image\/jpeg"}],"author":"Comunidade Ativa","twitter_card":"summary_large_image","twitter_misc":{"Escrito por":"Comunidade Ativa","Est. tempo de leitura":"5 minutos"},"schema":{"@context":"https:\/\/schema.org","@graph":[{"@type":"Article","@id":"https:\/\/www.comunidadeativa.jor.br\/index.php\/2020\/10\/28\/voce-sabe-a-origem-do-halloween\/#article","isPartOf":{"@id":"https:\/\/www.comunidadeativa.jor.br\/index.php\/2020\/10\/28\/voce-sabe-a-origem-do-halloween\/"},"author":{"name":"Comunidade Ativa","@id":"https:\/\/www.comunidadeativa.jor.br\/#\/schema\/person\/dcaa1f1c51c1f0c47a33b2b734cad6e1"},"headline":"Voc\u00ea sabe a origem do Halloween?","datePublished":"2020-10-28T23:44:25+00:00","dateModified":"2023-08-11T19:32:05+00:00","mainEntityOfPage":{"@id":"https:\/\/www.comunidadeativa.jor.br\/index.php\/2020\/10\/28\/voce-sabe-a-origem-do-halloween\/"},"wordCount":974,"publisher":{"@id":"https:\/\/www.comunidadeativa.jor.br\/#organization"},"image":{"@id":"https:\/\/www.comunidadeativa.jor.br\/index.php\/2020\/10\/28\/voce-sabe-a-origem-do-halloween\/#primaryimage"},"thumbnailUrl":"https:\/\/www.comunidadeativa.jor.br\/wp-content\/uploads\/2020\/10\/capa-12.jpg","articleSection":["Cultura"],"inLanguage":"pt-BR"},{"@type":"WebPage","@id":"https:\/\/www.comunidadeativa.jor.br\/index.php\/2020\/10\/28\/voce-sabe-a-origem-do-halloween\/","url":"https:\/\/www.comunidadeativa.jor.br\/index.php\/2020\/10\/28\/voce-sabe-a-origem-do-halloween\/","name":"Voc\u00ea sabe a origem do Halloween? - Comunidade Ativa","isPartOf":{"@id":"https:\/\/www.comunidadeativa.jor.br\/#website"},"primaryImageOfPage":{"@id":"https:\/\/www.comunidadeativa.jor.br\/index.php\/2020\/10\/28\/voce-sabe-a-origem-do-halloween\/#primaryimage"},"image":{"@id":"https:\/\/www.comunidadeativa.jor.br\/index.php\/2020\/10\/28\/voce-sabe-a-origem-do-halloween\/#primaryimage"},"thumbnailUrl":"https:\/\/www.comunidadeativa.jor.br\/wp-content\/uploads\/2020\/10\/capa-12.jpg","datePublished":"2020-10-28T23:44:25+00:00","dateModified":"2023-08-11T19:32:05+00:00","breadcrumb":{"@id":"https:\/\/www.comunidadeativa.jor.br\/index.php\/2020\/10\/28\/voce-sabe-a-origem-do-halloween\/#breadcrumb"},"inLanguage":"pt-BR","potentialAction":[{"@type":"ReadAction","target":["https:\/\/www.comunidadeativa.jor.br\/index.php\/2020\/10\/28\/voce-sabe-a-origem-do-halloween\/"]}]},{"@type":"ImageObject","inLanguage":"pt-BR","@id":"https:\/\/www.comunidadeativa.jor.br\/index.php\/2020\/10\/28\/voce-sabe-a-origem-do-halloween\/#primaryimage","url":"https:\/\/www.comunidadeativa.jor.br\/wp-content\/uploads\/2020\/10\/capa-12.jpg","contentUrl":"https:\/\/www.comunidadeativa.jor.br\/wp-content\/uploads\/2020\/10\/capa-12.jpg","width":640,"height":352},{"@type":"BreadcrumbList","@id":"https:\/\/www.comunidadeativa.jor.br\/index.php\/2020\/10\/28\/voce-sabe-a-origem-do-halloween\/#breadcrumb","itemListElement":[{"@type":"ListItem","position":1,"name":"In\u00edcio","item":"https:\/\/www.comunidadeativa.jor.br\/"},{"@type":"ListItem","position":2,"name":"Voc\u00ea sabe a origem do Halloween?"}]},{"@type":"WebSite","@id":"https:\/\/www.comunidadeativa.jor.br\/#website","url":"https:\/\/www.comunidadeativa.jor.br\/","name":"Comunidade Ativa","description":"","publisher":{"@id":"https:\/\/www.comunidadeativa.jor.br\/#organization"},"potentialAction":[{"@type":"SearchAction","target":{"@type":"EntryPoint","urlTemplate":"https:\/\/www.comunidadeativa.jor.br\/?s={search_term_string}"},"query-input":{"@type":"PropertyValueSpecification","valueRequired":true,"valueName":"search_term_string"}}],"inLanguage":"pt-BR"},{"@type":"Organization","@id":"https:\/\/www.comunidadeativa.jor.br\/#organization","name":"Comunidade Ativa","url":"https:\/\/www.comunidadeativa.jor.br\/","logo":{"@type":"ImageObject","inLanguage":"pt-BR","@id":"https:\/\/www.comunidadeativa.jor.br\/#\/schema\/logo\/image\/","url":"https:\/\/www.comunidadeativa.jor.br\/wp-content\/uploads\/2018\/03\/cropped-LOGOPNG-1.png","contentUrl":"https:\/\/www.comunidadeativa.jor.br\/wp-content\/uploads\/2018\/03\/cropped-LOGOPNG-1.png","width":318,"height":90,"caption":"Comunidade Ativa"},"image":{"@id":"https:\/\/www.comunidadeativa.jor.br\/#\/schema\/logo\/image\/"},"sameAs":["https:\/\/www.facebook.com\/comunidadeativa"]},{"@type":"Person","@id":"https:\/\/www.comunidadeativa.jor.br\/#\/schema\/person\/dcaa1f1c51c1f0c47a33b2b734cad6e1","name":"Comunidade Ativa","image":{"@type":"ImageObject","inLanguage":"pt-BR","@id":"https:\/\/www.comunidadeativa.jor.br\/#\/schema\/person\/image\/","url":"https:\/\/secure.gravatar.com\/avatar\/09a9a1f85fedf41e81b47f7c1d40084f?s=96&d=mm&r=g","contentUrl":"https:\/\/secure.gravatar.com\/avatar\/09a9a1f85fedf41e81b47f7c1d40084f?s=96&d=mm&r=g","caption":"Comunidade Ativa"},"url":"https:\/\/www.comunidadeativa.jor.br\/index.php\/author\/casalberto\/"}]}},"_links":{"self":[{"href":"https:\/\/www.comunidadeativa.jor.br\/index.php\/wp-json\/wp\/v2\/posts\/1328","targetHints":{"allow":["GET"]}}],"collection":[{"href":"https:\/\/www.comunidadeativa.jor.br\/index.php\/wp-json\/wp\/v2\/posts"}],"about":[{"href":"https:\/\/www.comunidadeativa.jor.br\/index.php\/wp-json\/wp\/v2\/types\/post"}],"author":[{"embeddable":true,"href":"https:\/\/www.comunidadeativa.jor.br\/index.php\/wp-json\/wp\/v2\/users\/1"}],"replies":[{"embeddable":true,"href":"https:\/\/www.comunidadeativa.jor.br\/index.php\/wp-json\/wp\/v2\/comments?post=1328"}],"version-history":[{"count":3,"href":"https:\/\/www.comunidadeativa.jor.br\/index.php\/wp-json\/wp\/v2\/posts\/1328\/revisions"}],"predecessor-version":[{"id":3746,"href":"https:\/\/www.comunidadeativa.jor.br\/index.php\/wp-json\/wp\/v2\/posts\/1328\/revisions\/3746"}],"wp:featuredmedia":[{"embeddable":true,"href":"https:\/\/www.comunidadeativa.jor.br\/index.php\/wp-json\/wp\/v2\/media\/1329"}],"wp:attachment":[{"href":"https:\/\/www.comunidadeativa.jor.br\/index.php\/wp-json\/wp\/v2\/media?parent=1328"}],"wp:term":[{"taxonomy":"category","embeddable":true,"href":"https:\/\/www.comunidadeativa.jor.br\/index.php\/wp-json\/wp\/v2\/categories?post=1328"},{"taxonomy":"post_tag","embeddable":true,"href":"https:\/\/www.comunidadeativa.jor.br\/index.php\/wp-json\/wp\/v2\/tags?post=1328"}],"curies":[{"name":"wp","href":"https:\/\/api.w.org\/{rel}","templated":true}]}}