{"id":1342,"date":"2020-11-04T18:27:13","date_gmt":"2020-11-04T21:27:13","guid":{"rendered":"https:\/\/www.comunidadeativa.jor.br\/?p=1342"},"modified":"2020-11-04T18:27:13","modified_gmt":"2020-11-04T21:27:13","slug":"pelo-segundo-dia-consecutivo-taxa-de-transmissao-do-novo-coronavirus-aumenta-em-bh","status":"publish","type":"post","link":"https:\/\/www.comunidadeativa.jor.br\/index.php\/2020\/11\/04\/pelo-segundo-dia-consecutivo-taxa-de-transmissao-do-novo-coronavirus-aumenta-em-bh\/","title":{"rendered":"Pelo segundo dia consecutivo, taxa de transmiss\u00e3o do novo coronav\u00edrus aumenta em BH"},"content":{"rendered":"<p>Ap\u00f3s permanecer por 19 dias na zona verde de alerta, desde a ter\u00e7a-feira, 3 de outubro, o n\u00famero m\u00e9dio de transmiss\u00e3o por infectado (RT) pela Covid-19 em Belo Horizonte voltou \u00e0 regi\u00e3o amarela do gr\u00e1fico, alcan\u00e7ando a marca 1,01. A \u00faltima vez em que o \u00edndice esteve no n\u00edvel amarelo foi no dia 14 de outubro, quando chegou a 1,00. Isso significa que, naquele dia, cada pessoa infectada na capital tinha potencial para contaminar apenas mais uma.<\/p>\n<figure id=\"attachment_1343\" aria-describedby=\"caption-attachment-1343\" style=\"width: 584px\" class=\"wp-caption alignright\"><img loading=\"lazy\" decoding=\"async\" class=\"wp-image-1343\" src=\"https:\/\/www.comunidadeativa.jor.br\/wp-content\/uploads\/2020\/11\/capa-1.jpg\" alt=\"\" width=\"584\" height=\"321\" srcset=\"https:\/\/www.comunidadeativa.jor.br\/wp-content\/uploads\/2020\/11\/capa-1.jpg 640w, https:\/\/www.comunidadeativa.jor.br\/wp-content\/uploads\/2020\/11\/capa-1-300x165.jpg 300w\" sizes=\"auto, (max-width: 584px) 100vw, 584px\" \/><figcaption id=\"caption-attachment-1343\" class=\"wp-caption-text\">\u00a0 \u00a0 \u00a0 \u00a0 \u00a0Indicadores de monitoramento da Covid-19 em Belo horizonte. Fonte: PBH<\/figcaption><\/figure>\n<p>De acordo com o <a href=\"https:\/\/prefeitura.pbh.gov.br\/sites\/default\/files\/estrutura-de-governo\/saude\/2020\/boletim_epidemiologico_assistencial_137_covid-19_4-11-2020.pdf\" target=\"_blank\" rel=\"noopener noreferrer\">Boletim Epidemiol\u00f3gico 137<\/a>, divulgado pela Prefeitura Municipal de Belo Horizonte (PBH), nesta quarta, 4 de novembro, o RT chegou a 1,02, representando que um grupo de 100 pessoas infectadas est\u00e1 contaminando outras 102.\u00a0Em outras palavras, isso significa que a velocidade de cont\u00e1gio na cidade voltou a aumentar, fato que se torna ainda mais significativo diante da redu\u00e7\u00e3o da taxa de isolamento social em BH.<\/p>\n<p>De acordo com a <a href=\"http:\/\/coronavirus.saude.mg.gov.br\/\" target=\"_blank\" rel=\"noopener noreferrer\">Secretaria Estadual de Sa\u00fade (SES-MG)<\/a>, no \u00faltimo dia 30 de outubro, 42,8% dos belo-horizontinos ainda mantinha as medidas de afastamento social. Esse \u00edndice chegou a 36,3% na semana anterior, demonstrando que, ap\u00f3s a flexibiliza\u00e7\u00e3o, a maior parte da popula\u00e7\u00e3o j\u00e1 abandonou a pr\u00e1tica.<\/p>\n<p>Pelos crit\u00e9rios adotados pela PBH, mesmo ainda representando estado de alerta, quando o \u00edndice RT se encontra na marca verde h\u00e1 um ind\u00edcio de que a pandemia est\u00e1 se tornando mais branda na capital. Junto ao \u00edndice RT, os indicadores de monitoramento da Covid-19 tamb\u00e9m consideram a taxa de ocupa\u00e7\u00e3o dos leitos de UTI e de enfermaria destinados ao tratamento da doen\u00e7a, que permanecem na posi\u00e7\u00e3o verde.<\/p>\n","protected":false},"excerpt":{"rendered":"<p>Ap\u00f3s permanecer por 19 dias na zona verde de alerta, desde a ter\u00e7a-feira, 3 de outubro, o n\u00famero m\u00e9dio de<\/p>\n","protected":false},"author":1,"featured_media":1343,"comment_status":"closed","ping_status":"open","sticky":false,"template":"","format":"standard","meta":{"footnotes":""},"categories":[9],"tags":[],"class_list":["post-1342","post","type-post","status-publish","format-standard","has-post-thumbnail","hentry","category-saude-qualidade-de-vida"],"yoast_head":"<!-- This site is optimized with the Yoast SEO plugin v26.0 - https:\/\/yoast.com\/wordpress\/plugins\/seo\/ -->\n<title>Pelo segundo dia consecutivo, taxa de transmiss\u00e3o do novo coronav\u00edrus aumenta em BH - Comunidade Ativa<\/title>\n<meta name=\"robots\" content=\"index, follow, max-snippet:-1, max-image-preview:large, max-video-preview:-1\" \/>\n<link rel=\"canonical\" href=\"https:\/\/www.comunidadeativa.jor.br\/index.php\/2020\/11\/04\/pelo-segundo-dia-consecutivo-taxa-de-transmissao-do-novo-coronavirus-aumenta-em-bh\/\" \/>\n<meta property=\"og:locale\" content=\"pt_BR\" \/>\n<meta property=\"og:type\" content=\"article\" \/>\n<meta property=\"og:title\" content=\"Pelo segundo dia consecutivo, taxa de transmiss\u00e3o do novo coronav\u00edrus aumenta em BH - Comunidade Ativa\" \/>\n<meta property=\"og:description\" content=\"Ap\u00f3s permanecer por 19 dias na zona verde de alerta, desde a ter\u00e7a-feira, 3 de outubro, o n\u00famero m\u00e9dio de\" \/>\n<meta property=\"og:url\" content=\"https:\/\/www.comunidadeativa.jor.br\/index.php\/2020\/11\/04\/pelo-segundo-dia-consecutivo-taxa-de-transmissao-do-novo-coronavirus-aumenta-em-bh\/\" \/>\n<meta property=\"og:site_name\" content=\"Comunidade Ativa\" \/>\n<meta property=\"article:publisher\" content=\"https:\/\/www.facebook.com\/comunidadeativa\" \/>\n<meta property=\"article:published_time\" content=\"2020-11-04T21:27:13+00:00\" \/>\n<meta property=\"og:image\" content=\"https:\/\/www.comunidadeativa.jor.br\/wp-content\/uploads\/2020\/11\/capa-1.jpg\" \/>\n\t<meta property=\"og:image:width\" content=\"640\" \/>\n\t<meta property=\"og:image:height\" content=\"352\" \/>\n\t<meta property=\"og:image:type\" content=\"image\/jpeg\" \/>\n<meta name=\"author\" content=\"Comunidade Ativa\" \/>\n<meta name=\"twitter:card\" content=\"summary_large_image\" \/>\n<meta name=\"twitter:label1\" content=\"Escrito por\" \/>\n\t<meta name=\"twitter:data1\" content=\"Comunidade Ativa\" \/>\n\t<meta name=\"twitter:label2\" content=\"Est. tempo de leitura\" \/>\n\t<meta name=\"twitter:data2\" content=\"1 minuto\" \/>\n<script type=\"application\/ld+json\" class=\"yoast-schema-graph\">{\"@context\":\"https:\/\/schema.org\",\"@graph\":[{\"@type\":\"Article\",\"@id\":\"https:\/\/www.comunidadeativa.jor.br\/index.php\/2020\/11\/04\/pelo-segundo-dia-consecutivo-taxa-de-transmissao-do-novo-coronavirus-aumenta-em-bh\/#article\",\"isPartOf\":{\"@id\":\"https:\/\/www.comunidadeativa.jor.br\/index.php\/2020\/11\/04\/pelo-segundo-dia-consecutivo-taxa-de-transmissao-do-novo-coronavirus-aumenta-em-bh\/\"},\"author\":{\"name\":\"Comunidade Ativa\",\"@id\":\"https:\/\/www.comunidadeativa.jor.br\/#\/schema\/person\/dcaa1f1c51c1f0c47a33b2b734cad6e1\"},\"headline\":\"Pelo segundo dia consecutivo, taxa de transmiss\u00e3o do novo coronav\u00edrus aumenta em BH\",\"datePublished\":\"2020-11-04T21:27:13+00:00\",\"mainEntityOfPage\":{\"@id\":\"https:\/\/www.comunidadeativa.jor.br\/index.php\/2020\/11\/04\/pelo-segundo-dia-consecutivo-taxa-de-transmissao-do-novo-coronavirus-aumenta-em-bh\/\"},\"wordCount\":301,\"publisher\":{\"@id\":\"https:\/\/www.comunidadeativa.jor.br\/#organization\"},\"image\":{\"@id\":\"https:\/\/www.comunidadeativa.jor.br\/index.php\/2020\/11\/04\/pelo-segundo-dia-consecutivo-taxa-de-transmissao-do-novo-coronavirus-aumenta-em-bh\/#primaryimage\"},\"thumbnailUrl\":\"https:\/\/www.comunidadeativa.jor.br\/wp-content\/uploads\/2020\/11\/capa-1.jpg\",\"articleSection\":[\"Sa\u00fade &amp; Qualidade de Vida\"],\"inLanguage\":\"pt-BR\"},{\"@type\":\"WebPage\",\"@id\":\"https:\/\/www.comunidadeativa.jor.br\/index.php\/2020\/11\/04\/pelo-segundo-dia-consecutivo-taxa-de-transmissao-do-novo-coronavirus-aumenta-em-bh\/\",\"url\":\"https:\/\/www.comunidadeativa.jor.br\/index.php\/2020\/11\/04\/pelo-segundo-dia-consecutivo-taxa-de-transmissao-do-novo-coronavirus-aumenta-em-bh\/\",\"name\":\"Pelo segundo dia consecutivo, taxa de transmiss\u00e3o do novo coronav\u00edrus aumenta em BH - Comunidade Ativa\",\"isPartOf\":{\"@id\":\"https:\/\/www.comunidadeativa.jor.br\/#website\"},\"primaryImageOfPage\":{\"@id\":\"https:\/\/www.comunidadeativa.jor.br\/index.php\/2020\/11\/04\/pelo-segundo-dia-consecutivo-taxa-de-transmissao-do-novo-coronavirus-aumenta-em-bh\/#primaryimage\"},\"image\":{\"@id\":\"https:\/\/www.comunidadeativa.jor.br\/index.php\/2020\/11\/04\/pelo-segundo-dia-consecutivo-taxa-de-transmissao-do-novo-coronavirus-aumenta-em-bh\/#primaryimage\"},\"thumbnailUrl\":\"https:\/\/www.comunidadeativa.jor.br\/wp-content\/uploads\/2020\/11\/capa-1.jpg\",\"datePublished\":\"2020-11-04T21:27:13+00:00\",\"breadcrumb\":{\"@id\":\"https:\/\/www.comunidadeativa.jor.br\/index.php\/2020\/11\/04\/pelo-segundo-dia-consecutivo-taxa-de-transmissao-do-novo-coronavirus-aumenta-em-bh\/#breadcrumb\"},\"inLanguage\":\"pt-BR\",\"potentialAction\":[{\"@type\":\"ReadAction\",\"target\":[\"https:\/\/www.comunidadeativa.jor.br\/index.php\/2020\/11\/04\/pelo-segundo-dia-consecutivo-taxa-de-transmissao-do-novo-coronavirus-aumenta-em-bh\/\"]}]},{\"@type\":\"ImageObject\",\"inLanguage\":\"pt-BR\",\"@id\":\"https:\/\/www.comunidadeativa.jor.br\/index.php\/2020\/11\/04\/pelo-segundo-dia-consecutivo-taxa-de-transmissao-do-novo-coronavirus-aumenta-em-bh\/#primaryimage\",\"url\":\"https:\/\/www.comunidadeativa.jor.br\/wp-content\/uploads\/2020\/11\/capa-1.jpg\",\"contentUrl\":\"https:\/\/www.comunidadeativa.jor.br\/wp-content\/uploads\/2020\/11\/capa-1.jpg\",\"width\":640,\"height\":352},{\"@type\":\"BreadcrumbList\",\"@id\":\"https:\/\/www.comunidadeativa.jor.br\/index.php\/2020\/11\/04\/pelo-segundo-dia-consecutivo-taxa-de-transmissao-do-novo-coronavirus-aumenta-em-bh\/#breadcrumb\",\"itemListElement\":[{\"@type\":\"ListItem\",\"position\":1,\"name\":\"In\u00edcio\",\"item\":\"https:\/\/www.comunidadeativa.jor.br\/\"},{\"@type\":\"ListItem\",\"position\":2,\"name\":\"Pelo segundo dia consecutivo, taxa de transmiss\u00e3o do novo coronav\u00edrus aumenta em BH\"}]},{\"@type\":\"WebSite\",\"@id\":\"https:\/\/www.comunidadeativa.jor.br\/#website\",\"url\":\"https:\/\/www.comunidadeativa.jor.br\/\",\"name\":\"Comunidade Ativa\",\"description\":\"\",\"publisher\":{\"@id\":\"https:\/\/www.comunidadeativa.jor.br\/#organization\"},\"potentialAction\":[{\"@type\":\"SearchAction\",\"target\":{\"@type\":\"EntryPoint\",\"urlTemplate\":\"https:\/\/www.comunidadeativa.jor.br\/?s={search_term_string}\"},\"query-input\":{\"@type\":\"PropertyValueSpecification\",\"valueRequired\":true,\"valueName\":\"search_term_string\"}}],\"inLanguage\":\"pt-BR\"},{\"@type\":\"Organization\",\"@id\":\"https:\/\/www.comunidadeativa.jor.br\/#organization\",\"name\":\"Comunidade Ativa\",\"url\":\"https:\/\/www.comunidadeativa.jor.br\/\",\"logo\":{\"@type\":\"ImageObject\",\"inLanguage\":\"pt-BR\",\"@id\":\"https:\/\/www.comunidadeativa.jor.br\/#\/schema\/logo\/image\/\",\"url\":\"https:\/\/www.comunidadeativa.jor.br\/wp-content\/uploads\/2018\/03\/cropped-LOGOPNG-1.png\",\"contentUrl\":\"https:\/\/www.comunidadeativa.jor.br\/wp-content\/uploads\/2018\/03\/cropped-LOGOPNG-1.png\",\"width\":318,\"height\":90,\"caption\":\"Comunidade Ativa\"},\"image\":{\"@id\":\"https:\/\/www.comunidadeativa.jor.br\/#\/schema\/logo\/image\/\"},\"sameAs\":[\"https:\/\/www.facebook.com\/comunidadeativa\"]},{\"@type\":\"Person\",\"@id\":\"https:\/\/www.comunidadeativa.jor.br\/#\/schema\/person\/dcaa1f1c51c1f0c47a33b2b734cad6e1\",\"name\":\"Comunidade Ativa\",\"image\":{\"@type\":\"ImageObject\",\"inLanguage\":\"pt-BR\",\"@id\":\"https:\/\/www.comunidadeativa.jor.br\/#\/schema\/person\/image\/\",\"url\":\"https:\/\/secure.gravatar.com\/avatar\/09a9a1f85fedf41e81b47f7c1d40084f?s=96&d=mm&r=g\",\"contentUrl\":\"https:\/\/secure.gravatar.com\/avatar\/09a9a1f85fedf41e81b47f7c1d40084f?s=96&d=mm&r=g\",\"caption\":\"Comunidade Ativa\"},\"url\":\"https:\/\/www.comunidadeativa.jor.br\/index.php\/author\/casalberto\/\"}]}<\/script>\n<!-- \/ Yoast SEO plugin. -->","yoast_head_json":{"title":"Pelo segundo dia consecutivo, taxa de transmiss\u00e3o do novo coronav\u00edrus aumenta em BH - Comunidade Ativa","robots":{"index":"index","follow":"follow","max-snippet":"max-snippet:-1","max-image-preview":"max-image-preview:large","max-video-preview":"max-video-preview:-1"},"canonical":"https:\/\/www.comunidadeativa.jor.br\/index.php\/2020\/11\/04\/pelo-segundo-dia-consecutivo-taxa-de-transmissao-do-novo-coronavirus-aumenta-em-bh\/","og_locale":"pt_BR","og_type":"article","og_title":"Pelo segundo dia consecutivo, taxa de transmiss\u00e3o do novo coronav\u00edrus aumenta em BH - Comunidade Ativa","og_description":"Ap\u00f3s permanecer por 19 dias na zona verde de alerta, desde a ter\u00e7a-feira, 3 de outubro, o n\u00famero m\u00e9dio de","og_url":"https:\/\/www.comunidadeativa.jor.br\/index.php\/2020\/11\/04\/pelo-segundo-dia-consecutivo-taxa-de-transmissao-do-novo-coronavirus-aumenta-em-bh\/","og_site_name":"Comunidade Ativa","article_publisher":"https:\/\/www.facebook.com\/comunidadeativa","article_published_time":"2020-11-04T21:27:13+00:00","og_image":[{"width":640,"height":352,"url":"https:\/\/www.comunidadeativa.jor.br\/wp-content\/uploads\/2020\/11\/capa-1.jpg","type":"image\/jpeg"}],"author":"Comunidade Ativa","twitter_card":"summary_large_image","twitter_misc":{"Escrito por":"Comunidade Ativa","Est. tempo de leitura":"1 minuto"},"schema":{"@context":"https:\/\/schema.org","@graph":[{"@type":"Article","@id":"https:\/\/www.comunidadeativa.jor.br\/index.php\/2020\/11\/04\/pelo-segundo-dia-consecutivo-taxa-de-transmissao-do-novo-coronavirus-aumenta-em-bh\/#article","isPartOf":{"@id":"https:\/\/www.comunidadeativa.jor.br\/index.php\/2020\/11\/04\/pelo-segundo-dia-consecutivo-taxa-de-transmissao-do-novo-coronavirus-aumenta-em-bh\/"},"author":{"name":"Comunidade Ativa","@id":"https:\/\/www.comunidadeativa.jor.br\/#\/schema\/person\/dcaa1f1c51c1f0c47a33b2b734cad6e1"},"headline":"Pelo segundo dia consecutivo, taxa de transmiss\u00e3o do novo coronav\u00edrus aumenta em BH","datePublished":"2020-11-04T21:27:13+00:00","mainEntityOfPage":{"@id":"https:\/\/www.comunidadeativa.jor.br\/index.php\/2020\/11\/04\/pelo-segundo-dia-consecutivo-taxa-de-transmissao-do-novo-coronavirus-aumenta-em-bh\/"},"wordCount":301,"publisher":{"@id":"https:\/\/www.comunidadeativa.jor.br\/#organization"},"image":{"@id":"https:\/\/www.comunidadeativa.jor.br\/index.php\/2020\/11\/04\/pelo-segundo-dia-consecutivo-taxa-de-transmissao-do-novo-coronavirus-aumenta-em-bh\/#primaryimage"},"thumbnailUrl":"https:\/\/www.comunidadeativa.jor.br\/wp-content\/uploads\/2020\/11\/capa-1.jpg","articleSection":["Sa\u00fade &amp; Qualidade de Vida"],"inLanguage":"pt-BR"},{"@type":"WebPage","@id":"https:\/\/www.comunidadeativa.jor.br\/index.php\/2020\/11\/04\/pelo-segundo-dia-consecutivo-taxa-de-transmissao-do-novo-coronavirus-aumenta-em-bh\/","url":"https:\/\/www.comunidadeativa.jor.br\/index.php\/2020\/11\/04\/pelo-segundo-dia-consecutivo-taxa-de-transmissao-do-novo-coronavirus-aumenta-em-bh\/","name":"Pelo segundo dia consecutivo, taxa de transmiss\u00e3o do novo coronav\u00edrus aumenta em BH - Comunidade Ativa","isPartOf":{"@id":"https:\/\/www.comunidadeativa.jor.br\/#website"},"primaryImageOfPage":{"@id":"https:\/\/www.comunidadeativa.jor.br\/index.php\/2020\/11\/04\/pelo-segundo-dia-consecutivo-taxa-de-transmissao-do-novo-coronavirus-aumenta-em-bh\/#primaryimage"},"image":{"@id":"https:\/\/www.comunidadeativa.jor.br\/index.php\/2020\/11\/04\/pelo-segundo-dia-consecutivo-taxa-de-transmissao-do-novo-coronavirus-aumenta-em-bh\/#primaryimage"},"thumbnailUrl":"https:\/\/www.comunidadeativa.jor.br\/wp-content\/uploads\/2020\/11\/capa-1.jpg","datePublished":"2020-11-04T21:27:13+00:00","breadcrumb":{"@id":"https:\/\/www.comunidadeativa.jor.br\/index.php\/2020\/11\/04\/pelo-segundo-dia-consecutivo-taxa-de-transmissao-do-novo-coronavirus-aumenta-em-bh\/#breadcrumb"},"inLanguage":"pt-BR","potentialAction":[{"@type":"ReadAction","target":["https:\/\/www.comunidadeativa.jor.br\/index.php\/2020\/11\/04\/pelo-segundo-dia-consecutivo-taxa-de-transmissao-do-novo-coronavirus-aumenta-em-bh\/"]}]},{"@type":"ImageObject","inLanguage":"pt-BR","@id":"https:\/\/www.comunidadeativa.jor.br\/index.php\/2020\/11\/04\/pelo-segundo-dia-consecutivo-taxa-de-transmissao-do-novo-coronavirus-aumenta-em-bh\/#primaryimage","url":"https:\/\/www.comunidadeativa.jor.br\/wp-content\/uploads\/2020\/11\/capa-1.jpg","contentUrl":"https:\/\/www.comunidadeativa.jor.br\/wp-content\/uploads\/2020\/11\/capa-1.jpg","width":640,"height":352},{"@type":"BreadcrumbList","@id":"https:\/\/www.comunidadeativa.jor.br\/index.php\/2020\/11\/04\/pelo-segundo-dia-consecutivo-taxa-de-transmissao-do-novo-coronavirus-aumenta-em-bh\/#breadcrumb","itemListElement":[{"@type":"ListItem","position":1,"name":"In\u00edcio","item":"https:\/\/www.comunidadeativa.jor.br\/"},{"@type":"ListItem","position":2,"name":"Pelo segundo dia consecutivo, taxa de transmiss\u00e3o do novo coronav\u00edrus aumenta em BH"}]},{"@type":"WebSite","@id":"https:\/\/www.comunidadeativa.jor.br\/#website","url":"https:\/\/www.comunidadeativa.jor.br\/","name":"Comunidade Ativa","description":"","publisher":{"@id":"https:\/\/www.comunidadeativa.jor.br\/#organization"},"potentialAction":[{"@type":"SearchAction","target":{"@type":"EntryPoint","urlTemplate":"https:\/\/www.comunidadeativa.jor.br\/?s={search_term_string}"},"query-input":{"@type":"PropertyValueSpecification","valueRequired":true,"valueName":"search_term_string"}}],"inLanguage":"pt-BR"},{"@type":"Organization","@id":"https:\/\/www.comunidadeativa.jor.br\/#organization","name":"Comunidade Ativa","url":"https:\/\/www.comunidadeativa.jor.br\/","logo":{"@type":"ImageObject","inLanguage":"pt-BR","@id":"https:\/\/www.comunidadeativa.jor.br\/#\/schema\/logo\/image\/","url":"https:\/\/www.comunidadeativa.jor.br\/wp-content\/uploads\/2018\/03\/cropped-LOGOPNG-1.png","contentUrl":"https:\/\/www.comunidadeativa.jor.br\/wp-content\/uploads\/2018\/03\/cropped-LOGOPNG-1.png","width":318,"height":90,"caption":"Comunidade Ativa"},"image":{"@id":"https:\/\/www.comunidadeativa.jor.br\/#\/schema\/logo\/image\/"},"sameAs":["https:\/\/www.facebook.com\/comunidadeativa"]},{"@type":"Person","@id":"https:\/\/www.comunidadeativa.jor.br\/#\/schema\/person\/dcaa1f1c51c1f0c47a33b2b734cad6e1","name":"Comunidade Ativa","image":{"@type":"ImageObject","inLanguage":"pt-BR","@id":"https:\/\/www.comunidadeativa.jor.br\/#\/schema\/person\/image\/","url":"https:\/\/secure.gravatar.com\/avatar\/09a9a1f85fedf41e81b47f7c1d40084f?s=96&d=mm&r=g","contentUrl":"https:\/\/secure.gravatar.com\/avatar\/09a9a1f85fedf41e81b47f7c1d40084f?s=96&d=mm&r=g","caption":"Comunidade Ativa"},"url":"https:\/\/www.comunidadeativa.jor.br\/index.php\/author\/casalberto\/"}]}},"_links":{"self":[{"href":"https:\/\/www.comunidadeativa.jor.br\/index.php\/wp-json\/wp\/v2\/posts\/1342","targetHints":{"allow":["GET"]}}],"collection":[{"href":"https:\/\/www.comunidadeativa.jor.br\/index.php\/wp-json\/wp\/v2\/posts"}],"about":[{"href":"https:\/\/www.comunidadeativa.jor.br\/index.php\/wp-json\/wp\/v2\/types\/post"}],"author":[{"embeddable":true,"href":"https:\/\/www.comunidadeativa.jor.br\/index.php\/wp-json\/wp\/v2\/users\/1"}],"replies":[{"embeddable":true,"href":"https:\/\/www.comunidadeativa.jor.br\/index.php\/wp-json\/wp\/v2\/comments?post=1342"}],"version-history":[{"count":1,"href":"https:\/\/www.comunidadeativa.jor.br\/index.php\/wp-json\/wp\/v2\/posts\/1342\/revisions"}],"predecessor-version":[{"id":1344,"href":"https:\/\/www.comunidadeativa.jor.br\/index.php\/wp-json\/wp\/v2\/posts\/1342\/revisions\/1344"}],"wp:featuredmedia":[{"embeddable":true,"href":"https:\/\/www.comunidadeativa.jor.br\/index.php\/wp-json\/wp\/v2\/media\/1343"}],"wp:attachment":[{"href":"https:\/\/www.comunidadeativa.jor.br\/index.php\/wp-json\/wp\/v2\/media?parent=1342"}],"wp:term":[{"taxonomy":"category","embeddable":true,"href":"https:\/\/www.comunidadeativa.jor.br\/index.php\/wp-json\/wp\/v2\/categories?post=1342"},{"taxonomy":"post_tag","embeddable":true,"href":"https:\/\/www.comunidadeativa.jor.br\/index.php\/wp-json\/wp\/v2\/tags?post=1342"}],"curies":[{"name":"wp","href":"https:\/\/api.w.org\/{rel}","templated":true}]}}