{"id":1361,"date":"2020-12-11T20:14:37","date_gmt":"2020-12-11T23:14:37","guid":{"rendered":"https:\/\/www.comunidadeativa.jor.br\/?p=1361"},"modified":"2023-08-11T16:43:26","modified_gmt":"2023-08-11T19:43:26","slug":"os-danos-que-as-bacterias-podem-causar-a-sua-boca","status":"publish","type":"post","link":"https:\/\/www.comunidadeativa.jor.br\/index.php\/2020\/12\/11\/os-danos-que-as-bacterias-podem-causar-a-sua-boca\/","title":{"rendered":"Os danos que as bact\u00e9rias podem causar \u00e0 sua boca"},"content":{"rendered":"<p>Se voc\u00ea considerar que em condi\u00e7\u00f5es normais cerca de 50 bilh\u00f5es de bact\u00e9rias de 700 diferentes tipos habitam a boca de uma pessoa, imagine o problema que elas podem causar, caso n\u00e3o sejam devidamente controladas. De fato, vivendo principalmente dos a\u00e7\u00facares contidos nos res\u00edduos de alimentos que aderem \u00e0s superf\u00edcies dos dentes, como resultado da digest\u00e3o desses a\u00e7\u00facares, elas produzem \u00e1cidos org\u00e2nicos que atacam a dentina, que \u00e9 a camada protetora do esmalte, abrindo caminho para as c\u00e1ries. Como consequ\u00eancia, se a c\u00e1rie n\u00e3o for tratada, pode chegar \u00e0 polpa do dente, causando inflama\u00e7\u00e3o, dor e at\u00e9 a perda dent\u00e1ria.<\/p>\n<p>Enquanto, por um lado, a c\u00e1rie destr\u00f3i o dente individualmente e de maneira relativamente r\u00e1pida, por outro, as bact\u00e9rias tamb\u00e9m podem levar anos para afetarem a sa\u00fade bucal. Agindo lentamente, os microrganismos que se concentram na boca s\u00e3o os causadores da doen\u00e7a periodontal, termo m\u00e9dico utilizado para a gengivite, menos grave, e para a periodontite, que pode levar at\u00e9 a perda dos dentes e a outras complica\u00e7\u00f5es no organismo.<\/p>\n<h6>Gengivite<\/h6>\n<p>A gengivite \u00e9 a primeira etapa da doen\u00e7a periodontal, que, como o nome indica afeta a gengiva, que fica inflamada e dolorida. O sintomas s\u00e3o vermelhid\u00e3o,\u00a0<a href=\"https:\/\/www.parodontax.com.br\/sobre-gengivite\/sintomas\/swollen-gums.html\" data-gzgevent=\" \" data-brandid=\" \" data-gzgscevent=\" \">incha\u00e7o<\/a>\u00a0e\u00a0<a href=\"https:\/\/www.parodontax.com.br\/sobre-gengivite\/sintomas\/sangramento-gengival.html\" data-gzgevent=\" \" data-brandid=\" \" data-gzgscevent=\" \">sangramento<\/a> do tecido gengival, que acontece principalmente ao escovar os dentes, usar o fio dental ou dar uma mordida em um alimento mais duro, como uma ma\u00e7\u00e3.<\/p>\n<p>Como configura a fase inicial da doen\u00e7a periodontal, o tratamento da gengivite n\u00e3o chega a ser muito invasivo e pode se limitar a uma limpeza geral dos dentes, que far\u00e1 a remo\u00e7\u00e3o das placas bacterianas. Na ocasi\u00e3o, o dentista tamb\u00e9m far\u00e1 a sondagem da regi\u00e3o periodontal, a fim de verificar a exist\u00eancia de eventuais bolsas, indicativas da evolu\u00e7\u00e3o para a periodontite, que \u00e9 a segunda fase da doen\u00e7a periodontal, que \u00e9 mais grave.<\/p>\n<h6>Periodontite<\/h6>\n<p><a href=\"https:\/\/www.sorrisologia.com.br\/noticia\/periodontite-avancada-quais-sao-os-riscos-sintomas-e-tratamento-para-o-dente-atingido_a8933\/1\">A periodontite<\/a> afeta os tecidos que suportam os dentes, como o osso e o ligamento periodontal. Nesta fase, a doen\u00e7a periodontal pode levar \u00e0 perda \u00f3ssea, mais especificamente na regi\u00e3o da raiz de sustenta\u00e7\u00e3o do dente.<\/p>\n<p>Os sintomas da periodontite incluem <a href=\"https:\/\/www.sorrisologia.com.br\/noticia\/mau-halito-6-coisas-que-podem-causar-ou-influenciar-o-problema_a9197\/1\">mau h\u00e1lito<\/a>, gengivas muito vermelhas ou roxas, sangramento nas gengivas, principalmente durante a escova\u00e7\u00e3o, sensibilidade nas gengivas ao tocar, dentes soltos ou moles, gengivas inchadas, paladar alterado e dentes aparentemente alongados.<\/p>\n<p>Al\u00e9m da perda \u00f3ssea e da possibilidade da perda de dentes, a periodontite pode acarretar complica\u00e7\u00f5es ainda mais graves. Entre elas, por exemplo, est\u00e1 a <a href=\"https:\/\/drauziovarella.uol.com.br\/doencas-e-sintomas\/endocardite\/\" target=\"_blank\" rel=\"noopener noreferrer\">e<\/a><a href=\"https:\/\/drauziovarella.uol.com.br\/doencas-e-sintomas\/endocardite\/\" target=\"_blank\" rel=\"noopener noreferrer\">ndocardite<\/a><a href=\"https:\/\/drauziovarella.uol.com.br\/doencas-e-sintomas\/endocardite\/\" target=\"_blank\" rel=\"noopener noreferrer\"> bacteriana<\/a>, uma complica\u00e7\u00e3o da periodontite que ocorre ap\u00f3s as bact\u00e9rias alojadas nas bolsas periodontais atingirem a corrente sangu\u00ednea e se instalarem nas v\u00e1lvulas card\u00edacas, comprometendo a circula\u00e7\u00e3o do sangue e o funcionamento do <a href=\"https:\/\/drauziovarella.uol.com.br\/corpo-humano\/coracao\/\" target=\"_blank\" rel=\"noopener noreferrer\">cora\u00e7\u00e3o<\/a>.<\/p>\n<p>Al\u00e9m da limpeza dos dentes, tratamento da periodontite tamb\u00e9m pode exigir a\u00e7\u00f5es mais invasivas, como a raspagem subgengival e a cirurgia.<\/p>\n<h6>Preven\u00e7\u00e3o<\/h6>\n<p>Como ocorre com grande parte dos problemas de sa\u00fade, o diagn\u00f3stico precoce contribui para que o tratamento da doen\u00e7a periodontal seja mais eficaz, o que torna a avalia\u00e7\u00e3o peri\u00f3dica do dentista\u00a0 t\u00e3o importante. Al\u00e9m disso, como prevenir \u00e9 sempre melhor do que remediar, manter h\u00e1bitos saud\u00e1veis \u2014 que incluem evitar o tabagismo, o consumo excessivo de bebidas alco\u00f3licas e de doces \u2014 e garantir que a higiene bucal seja feita de forma eficiente e regular, controlando assim o volume de bact\u00e9rias na boca, s\u00e3o medidas que ajudam a afastar a gengivite e a periodontite.<\/p>\n<p>&nbsp;<\/p>\n<p>&nbsp;<\/p>\n","protected":false},"excerpt":{"rendered":"<p>Se voc\u00ea considerar que em condi\u00e7\u00f5es normais cerca de 50 bilh\u00f5es de bact\u00e9rias de 700 diferentes tipos habitam a boca<\/p>\n","protected":false},"author":1,"featured_media":1363,"comment_status":"closed","ping_status":"open","sticky":false,"template":"","format":"standard","meta":{"footnotes":""},"categories":[9],"tags":[],"class_list":["post-1361","post","type-post","status-publish","format-standard","has-post-thumbnail","hentry","category-saude-qualidade-de-vida"],"yoast_head":"<!-- This site is optimized with the Yoast SEO plugin v26.0 - https:\/\/yoast.com\/wordpress\/plugins\/seo\/ -->\n<title>Os danos que as bact\u00e9rias podem causar \u00e0 sua boca - Comunidade Ativa<\/title>\n<meta name=\"robots\" content=\"index, follow, max-snippet:-1, max-image-preview:large, max-video-preview:-1\" \/>\n<link rel=\"canonical\" href=\"https:\/\/www.comunidadeativa.jor.br\/index.php\/2020\/12\/11\/os-danos-que-as-bacterias-podem-causar-a-sua-boca\/\" \/>\n<meta property=\"og:locale\" content=\"pt_BR\" \/>\n<meta property=\"og:type\" content=\"article\" \/>\n<meta property=\"og:title\" content=\"Os danos que as bact\u00e9rias podem causar \u00e0 sua boca - Comunidade Ativa\" \/>\n<meta property=\"og:description\" content=\"Se voc\u00ea considerar que em condi\u00e7\u00f5es normais cerca de 50 bilh\u00f5es de bact\u00e9rias de 700 diferentes tipos habitam a boca\" \/>\n<meta property=\"og:url\" content=\"https:\/\/www.comunidadeativa.jor.br\/index.php\/2020\/12\/11\/os-danos-que-as-bacterias-podem-causar-a-sua-boca\/\" \/>\n<meta property=\"og:site_name\" content=\"Comunidade Ativa\" \/>\n<meta property=\"article:publisher\" content=\"https:\/\/www.facebook.com\/comunidadeativa\" \/>\n<meta property=\"article:published_time\" content=\"2020-12-11T23:14:37+00:00\" \/>\n<meta property=\"article:modified_time\" content=\"2023-08-11T19:43:26+00:00\" \/>\n<meta property=\"og:image\" content=\"https:\/\/www.comunidadeativa.jor.br\/wp-content\/uploads\/2020\/11\/capa-5.jpg\" \/>\n\t<meta property=\"og:image:width\" content=\"640\" \/>\n\t<meta property=\"og:image:height\" content=\"352\" \/>\n\t<meta property=\"og:image:type\" content=\"image\/jpeg\" \/>\n<meta name=\"author\" content=\"Comunidade Ativa\" \/>\n<meta name=\"twitter:card\" content=\"summary_large_image\" \/>\n<meta name=\"twitter:label1\" content=\"Escrito por\" \/>\n\t<meta name=\"twitter:data1\" content=\"Comunidade Ativa\" \/>\n\t<meta name=\"twitter:label2\" content=\"Est. tempo de leitura\" \/>\n\t<meta name=\"twitter:data2\" content=\"3 minutos\" \/>\n<script type=\"application\/ld+json\" class=\"yoast-schema-graph\">{\"@context\":\"https:\/\/schema.org\",\"@graph\":[{\"@type\":\"Article\",\"@id\":\"https:\/\/www.comunidadeativa.jor.br\/index.php\/2020\/12\/11\/os-danos-que-as-bacterias-podem-causar-a-sua-boca\/#article\",\"isPartOf\":{\"@id\":\"https:\/\/www.comunidadeativa.jor.br\/index.php\/2020\/12\/11\/os-danos-que-as-bacterias-podem-causar-a-sua-boca\/\"},\"author\":{\"name\":\"Comunidade Ativa\",\"@id\":\"https:\/\/www.comunidadeativa.jor.br\/#\/schema\/person\/dcaa1f1c51c1f0c47a33b2b734cad6e1\"},\"headline\":\"Os danos que as bact\u00e9rias podem causar \u00e0 sua boca\",\"datePublished\":\"2020-12-11T23:14:37+00:00\",\"dateModified\":\"2023-08-11T19:43:26+00:00\",\"mainEntityOfPage\":{\"@id\":\"https:\/\/www.comunidadeativa.jor.br\/index.php\/2020\/12\/11\/os-danos-que-as-bacterias-podem-causar-a-sua-boca\/\"},\"wordCount\":619,\"publisher\":{\"@id\":\"https:\/\/www.comunidadeativa.jor.br\/#organization\"},\"image\":{\"@id\":\"https:\/\/www.comunidadeativa.jor.br\/index.php\/2020\/12\/11\/os-danos-que-as-bacterias-podem-causar-a-sua-boca\/#primaryimage\"},\"thumbnailUrl\":\"https:\/\/www.comunidadeativa.jor.br\/wp-content\/uploads\/2020\/11\/capa-5.jpg\",\"articleSection\":[\"Sa\u00fade &amp; Qualidade de Vida\"],\"inLanguage\":\"pt-BR\"},{\"@type\":\"WebPage\",\"@id\":\"https:\/\/www.comunidadeativa.jor.br\/index.php\/2020\/12\/11\/os-danos-que-as-bacterias-podem-causar-a-sua-boca\/\",\"url\":\"https:\/\/www.comunidadeativa.jor.br\/index.php\/2020\/12\/11\/os-danos-que-as-bacterias-podem-causar-a-sua-boca\/\",\"name\":\"Os danos que as bact\u00e9rias podem causar \u00e0 sua boca - Comunidade Ativa\",\"isPartOf\":{\"@id\":\"https:\/\/www.comunidadeativa.jor.br\/#website\"},\"primaryImageOfPage\":{\"@id\":\"https:\/\/www.comunidadeativa.jor.br\/index.php\/2020\/12\/11\/os-danos-que-as-bacterias-podem-causar-a-sua-boca\/#primaryimage\"},\"image\":{\"@id\":\"https:\/\/www.comunidadeativa.jor.br\/index.php\/2020\/12\/11\/os-danos-que-as-bacterias-podem-causar-a-sua-boca\/#primaryimage\"},\"thumbnailUrl\":\"https:\/\/www.comunidadeativa.jor.br\/wp-content\/uploads\/2020\/11\/capa-5.jpg\",\"datePublished\":\"2020-12-11T23:14:37+00:00\",\"dateModified\":\"2023-08-11T19:43:26+00:00\",\"breadcrumb\":{\"@id\":\"https:\/\/www.comunidadeativa.jor.br\/index.php\/2020\/12\/11\/os-danos-que-as-bacterias-podem-causar-a-sua-boca\/#breadcrumb\"},\"inLanguage\":\"pt-BR\",\"potentialAction\":[{\"@type\":\"ReadAction\",\"target\":[\"https:\/\/www.comunidadeativa.jor.br\/index.php\/2020\/12\/11\/os-danos-que-as-bacterias-podem-causar-a-sua-boca\/\"]}]},{\"@type\":\"ImageObject\",\"inLanguage\":\"pt-BR\",\"@id\":\"https:\/\/www.comunidadeativa.jor.br\/index.php\/2020\/12\/11\/os-danos-que-as-bacterias-podem-causar-a-sua-boca\/#primaryimage\",\"url\":\"https:\/\/www.comunidadeativa.jor.br\/wp-content\/uploads\/2020\/11\/capa-5.jpg\",\"contentUrl\":\"https:\/\/www.comunidadeativa.jor.br\/wp-content\/uploads\/2020\/11\/capa-5.jpg\",\"width\":640,\"height\":352},{\"@type\":\"BreadcrumbList\",\"@id\":\"https:\/\/www.comunidadeativa.jor.br\/index.php\/2020\/12\/11\/os-danos-que-as-bacterias-podem-causar-a-sua-boca\/#breadcrumb\",\"itemListElement\":[{\"@type\":\"ListItem\",\"position\":1,\"name\":\"In\u00edcio\",\"item\":\"https:\/\/www.comunidadeativa.jor.br\/\"},{\"@type\":\"ListItem\",\"position\":2,\"name\":\"Os danos que as bact\u00e9rias podem causar \u00e0 sua boca\"}]},{\"@type\":\"WebSite\",\"@id\":\"https:\/\/www.comunidadeativa.jor.br\/#website\",\"url\":\"https:\/\/www.comunidadeativa.jor.br\/\",\"name\":\"Comunidade Ativa\",\"description\":\"\",\"publisher\":{\"@id\":\"https:\/\/www.comunidadeativa.jor.br\/#organization\"},\"potentialAction\":[{\"@type\":\"SearchAction\",\"target\":{\"@type\":\"EntryPoint\",\"urlTemplate\":\"https:\/\/www.comunidadeativa.jor.br\/?s={search_term_string}\"},\"query-input\":{\"@type\":\"PropertyValueSpecification\",\"valueRequired\":true,\"valueName\":\"search_term_string\"}}],\"inLanguage\":\"pt-BR\"},{\"@type\":\"Organization\",\"@id\":\"https:\/\/www.comunidadeativa.jor.br\/#organization\",\"name\":\"Comunidade Ativa\",\"url\":\"https:\/\/www.comunidadeativa.jor.br\/\",\"logo\":{\"@type\":\"ImageObject\",\"inLanguage\":\"pt-BR\",\"@id\":\"https:\/\/www.comunidadeativa.jor.br\/#\/schema\/logo\/image\/\",\"url\":\"https:\/\/www.comunidadeativa.jor.br\/wp-content\/uploads\/2018\/03\/cropped-LOGOPNG-1.png\",\"contentUrl\":\"https:\/\/www.comunidadeativa.jor.br\/wp-content\/uploads\/2018\/03\/cropped-LOGOPNG-1.png\",\"width\":318,\"height\":90,\"caption\":\"Comunidade Ativa\"},\"image\":{\"@id\":\"https:\/\/www.comunidadeativa.jor.br\/#\/schema\/logo\/image\/\"},\"sameAs\":[\"https:\/\/www.facebook.com\/comunidadeativa\"]},{\"@type\":\"Person\",\"@id\":\"https:\/\/www.comunidadeativa.jor.br\/#\/schema\/person\/dcaa1f1c51c1f0c47a33b2b734cad6e1\",\"name\":\"Comunidade Ativa\",\"image\":{\"@type\":\"ImageObject\",\"inLanguage\":\"pt-BR\",\"@id\":\"https:\/\/www.comunidadeativa.jor.br\/#\/schema\/person\/image\/\",\"url\":\"https:\/\/secure.gravatar.com\/avatar\/09a9a1f85fedf41e81b47f7c1d40084f?s=96&d=mm&r=g\",\"contentUrl\":\"https:\/\/secure.gravatar.com\/avatar\/09a9a1f85fedf41e81b47f7c1d40084f?s=96&d=mm&r=g\",\"caption\":\"Comunidade Ativa\"},\"url\":\"https:\/\/www.comunidadeativa.jor.br\/index.php\/author\/casalberto\/\"}]}<\/script>\n<!-- \/ Yoast SEO plugin. -->","yoast_head_json":{"title":"Os danos que as bact\u00e9rias podem causar \u00e0 sua boca - Comunidade Ativa","robots":{"index":"index","follow":"follow","max-snippet":"max-snippet:-1","max-image-preview":"max-image-preview:large","max-video-preview":"max-video-preview:-1"},"canonical":"https:\/\/www.comunidadeativa.jor.br\/index.php\/2020\/12\/11\/os-danos-que-as-bacterias-podem-causar-a-sua-boca\/","og_locale":"pt_BR","og_type":"article","og_title":"Os danos que as bact\u00e9rias podem causar \u00e0 sua boca - Comunidade Ativa","og_description":"Se voc\u00ea considerar que em condi\u00e7\u00f5es normais cerca de 50 bilh\u00f5es de bact\u00e9rias de 700 diferentes tipos habitam a boca","og_url":"https:\/\/www.comunidadeativa.jor.br\/index.php\/2020\/12\/11\/os-danos-que-as-bacterias-podem-causar-a-sua-boca\/","og_site_name":"Comunidade Ativa","article_publisher":"https:\/\/www.facebook.com\/comunidadeativa","article_published_time":"2020-12-11T23:14:37+00:00","article_modified_time":"2023-08-11T19:43:26+00:00","og_image":[{"width":640,"height":352,"url":"https:\/\/www.comunidadeativa.jor.br\/wp-content\/uploads\/2020\/11\/capa-5.jpg","type":"image\/jpeg"}],"author":"Comunidade Ativa","twitter_card":"summary_large_image","twitter_misc":{"Escrito por":"Comunidade Ativa","Est. tempo de leitura":"3 minutos"},"schema":{"@context":"https:\/\/schema.org","@graph":[{"@type":"Article","@id":"https:\/\/www.comunidadeativa.jor.br\/index.php\/2020\/12\/11\/os-danos-que-as-bacterias-podem-causar-a-sua-boca\/#article","isPartOf":{"@id":"https:\/\/www.comunidadeativa.jor.br\/index.php\/2020\/12\/11\/os-danos-que-as-bacterias-podem-causar-a-sua-boca\/"},"author":{"name":"Comunidade Ativa","@id":"https:\/\/www.comunidadeativa.jor.br\/#\/schema\/person\/dcaa1f1c51c1f0c47a33b2b734cad6e1"},"headline":"Os danos que as bact\u00e9rias podem causar \u00e0 sua boca","datePublished":"2020-12-11T23:14:37+00:00","dateModified":"2023-08-11T19:43:26+00:00","mainEntityOfPage":{"@id":"https:\/\/www.comunidadeativa.jor.br\/index.php\/2020\/12\/11\/os-danos-que-as-bacterias-podem-causar-a-sua-boca\/"},"wordCount":619,"publisher":{"@id":"https:\/\/www.comunidadeativa.jor.br\/#organization"},"image":{"@id":"https:\/\/www.comunidadeativa.jor.br\/index.php\/2020\/12\/11\/os-danos-que-as-bacterias-podem-causar-a-sua-boca\/#primaryimage"},"thumbnailUrl":"https:\/\/www.comunidadeativa.jor.br\/wp-content\/uploads\/2020\/11\/capa-5.jpg","articleSection":["Sa\u00fade &amp; Qualidade de Vida"],"inLanguage":"pt-BR"},{"@type":"WebPage","@id":"https:\/\/www.comunidadeativa.jor.br\/index.php\/2020\/12\/11\/os-danos-que-as-bacterias-podem-causar-a-sua-boca\/","url":"https:\/\/www.comunidadeativa.jor.br\/index.php\/2020\/12\/11\/os-danos-que-as-bacterias-podem-causar-a-sua-boca\/","name":"Os danos que as bact\u00e9rias podem causar \u00e0 sua boca - Comunidade Ativa","isPartOf":{"@id":"https:\/\/www.comunidadeativa.jor.br\/#website"},"primaryImageOfPage":{"@id":"https:\/\/www.comunidadeativa.jor.br\/index.php\/2020\/12\/11\/os-danos-que-as-bacterias-podem-causar-a-sua-boca\/#primaryimage"},"image":{"@id":"https:\/\/www.comunidadeativa.jor.br\/index.php\/2020\/12\/11\/os-danos-que-as-bacterias-podem-causar-a-sua-boca\/#primaryimage"},"thumbnailUrl":"https:\/\/www.comunidadeativa.jor.br\/wp-content\/uploads\/2020\/11\/capa-5.jpg","datePublished":"2020-12-11T23:14:37+00:00","dateModified":"2023-08-11T19:43:26+00:00","breadcrumb":{"@id":"https:\/\/www.comunidadeativa.jor.br\/index.php\/2020\/12\/11\/os-danos-que-as-bacterias-podem-causar-a-sua-boca\/#breadcrumb"},"inLanguage":"pt-BR","potentialAction":[{"@type":"ReadAction","target":["https:\/\/www.comunidadeativa.jor.br\/index.php\/2020\/12\/11\/os-danos-que-as-bacterias-podem-causar-a-sua-boca\/"]}]},{"@type":"ImageObject","inLanguage":"pt-BR","@id":"https:\/\/www.comunidadeativa.jor.br\/index.php\/2020\/12\/11\/os-danos-que-as-bacterias-podem-causar-a-sua-boca\/#primaryimage","url":"https:\/\/www.comunidadeativa.jor.br\/wp-content\/uploads\/2020\/11\/capa-5.jpg","contentUrl":"https:\/\/www.comunidadeativa.jor.br\/wp-content\/uploads\/2020\/11\/capa-5.jpg","width":640,"height":352},{"@type":"BreadcrumbList","@id":"https:\/\/www.comunidadeativa.jor.br\/index.php\/2020\/12\/11\/os-danos-que-as-bacterias-podem-causar-a-sua-boca\/#breadcrumb","itemListElement":[{"@type":"ListItem","position":1,"name":"In\u00edcio","item":"https:\/\/www.comunidadeativa.jor.br\/"},{"@type":"ListItem","position":2,"name":"Os danos que as bact\u00e9rias podem causar \u00e0 sua boca"}]},{"@type":"WebSite","@id":"https:\/\/www.comunidadeativa.jor.br\/#website","url":"https:\/\/www.comunidadeativa.jor.br\/","name":"Comunidade Ativa","description":"","publisher":{"@id":"https:\/\/www.comunidadeativa.jor.br\/#organization"},"potentialAction":[{"@type":"SearchAction","target":{"@type":"EntryPoint","urlTemplate":"https:\/\/www.comunidadeativa.jor.br\/?s={search_term_string}"},"query-input":{"@type":"PropertyValueSpecification","valueRequired":true,"valueName":"search_term_string"}}],"inLanguage":"pt-BR"},{"@type":"Organization","@id":"https:\/\/www.comunidadeativa.jor.br\/#organization","name":"Comunidade Ativa","url":"https:\/\/www.comunidadeativa.jor.br\/","logo":{"@type":"ImageObject","inLanguage":"pt-BR","@id":"https:\/\/www.comunidadeativa.jor.br\/#\/schema\/logo\/image\/","url":"https:\/\/www.comunidadeativa.jor.br\/wp-content\/uploads\/2018\/03\/cropped-LOGOPNG-1.png","contentUrl":"https:\/\/www.comunidadeativa.jor.br\/wp-content\/uploads\/2018\/03\/cropped-LOGOPNG-1.png","width":318,"height":90,"caption":"Comunidade Ativa"},"image":{"@id":"https:\/\/www.comunidadeativa.jor.br\/#\/schema\/logo\/image\/"},"sameAs":["https:\/\/www.facebook.com\/comunidadeativa"]},{"@type":"Person","@id":"https:\/\/www.comunidadeativa.jor.br\/#\/schema\/person\/dcaa1f1c51c1f0c47a33b2b734cad6e1","name":"Comunidade Ativa","image":{"@type":"ImageObject","inLanguage":"pt-BR","@id":"https:\/\/www.comunidadeativa.jor.br\/#\/schema\/person\/image\/","url":"https:\/\/secure.gravatar.com\/avatar\/09a9a1f85fedf41e81b47f7c1d40084f?s=96&d=mm&r=g","contentUrl":"https:\/\/secure.gravatar.com\/avatar\/09a9a1f85fedf41e81b47f7c1d40084f?s=96&d=mm&r=g","caption":"Comunidade Ativa"},"url":"https:\/\/www.comunidadeativa.jor.br\/index.php\/author\/casalberto\/"}]}},"_links":{"self":[{"href":"https:\/\/www.comunidadeativa.jor.br\/index.php\/wp-json\/wp\/v2\/posts\/1361","targetHints":{"allow":["GET"]}}],"collection":[{"href":"https:\/\/www.comunidadeativa.jor.br\/index.php\/wp-json\/wp\/v2\/posts"}],"about":[{"href":"https:\/\/www.comunidadeativa.jor.br\/index.php\/wp-json\/wp\/v2\/types\/post"}],"author":[{"embeddable":true,"href":"https:\/\/www.comunidadeativa.jor.br\/index.php\/wp-json\/wp\/v2\/users\/1"}],"replies":[{"embeddable":true,"href":"https:\/\/www.comunidadeativa.jor.br\/index.php\/wp-json\/wp\/v2\/comments?post=1361"}],"version-history":[{"count":4,"href":"https:\/\/www.comunidadeativa.jor.br\/index.php\/wp-json\/wp\/v2\/posts\/1361\/revisions"}],"predecessor-version":[{"id":3768,"href":"https:\/\/www.comunidadeativa.jor.br\/index.php\/wp-json\/wp\/v2\/posts\/1361\/revisions\/3768"}],"wp:featuredmedia":[{"embeddable":true,"href":"https:\/\/www.comunidadeativa.jor.br\/index.php\/wp-json\/wp\/v2\/media\/1363"}],"wp:attachment":[{"href":"https:\/\/www.comunidadeativa.jor.br\/index.php\/wp-json\/wp\/v2\/media?parent=1361"}],"wp:term":[{"taxonomy":"category","embeddable":true,"href":"https:\/\/www.comunidadeativa.jor.br\/index.php\/wp-json\/wp\/v2\/categories?post=1361"},{"taxonomy":"post_tag","embeddable":true,"href":"https:\/\/www.comunidadeativa.jor.br\/index.php\/wp-json\/wp\/v2\/tags?post=1361"}],"curies":[{"name":"wp","href":"https:\/\/api.w.org\/{rel}","templated":true}]}}