{"id":1371,"date":"2020-11-13T20:11:35","date_gmt":"2020-11-13T23:11:35","guid":{"rendered":"https:\/\/www.comunidadeativa.jor.br\/?p=1371"},"modified":"2023-08-11T16:35:43","modified_gmt":"2023-08-11T19:35:43","slug":"e-possivel-evitar-que-a-mascara-protetora-se-torne-uma-vila","status":"publish","type":"post","link":"https:\/\/www.comunidadeativa.jor.br\/index.php\/2020\/11\/13\/e-possivel-evitar-que-a-mascara-protetora-se-torne-uma-vila\/","title":{"rendered":"\u00c9 poss\u00edvel evitar que a m\u00e1scara protetora se torne uma vil\u00e3!"},"content":{"rendered":"<p>Como se n\u00e3o bastassem as <a href=\"https:\/\/datatopics.worldbank.org\/what-a-waste\/trends_in_solid_waste_management.html#:~:text=The%20world%20generates%202.01%20billion,from%200.11%20to%204.54%20kilograms.\" target=\"_blank\" rel=\"noopener noreferrer\">mais de 2 bilh\u00f5es de toneladas de res\u00edduos s\u00f3lidos gerados anualmente<\/a> apenas pelas cidades, com a pandemia da Covid-19 a m\u00e1scara surge como uma modalidade de polui\u00e7\u00e3o importante, que aumenta ainda mais a press\u00e3o humana sobre o planeta. De fato, o equipamento \u00e9 indispens\u00e1vel para evitar a dissemina\u00e7\u00e3o do novo coronav\u00edrus. Por\u00e9m, o uso das m\u00e1scaras descart\u00e1veis e o descaso no descarte pode se tornar mais um grave problema ambiental.<\/p>\n<h6>Mais micropl\u00e1stico no planeta<\/h6>\n<p>N\u00e3o resta d\u00favida sobre o\u00a0 <a href=\"https:\/\/www.nature.com\/articles\/d41586-020-02801-8\">valor das m\u00e1scaras<\/a> na tentativa de conter o avan\u00e7o da Covid-19. Por\u00e9m, o grande problema est\u00e1 no fato de muitas delas serem feitas de pl\u00e1stico e projetadas para serem utilizadas uma \u00fanica vez. S\u00f3 para termos uma ideia do volume de m\u00e1scaras descart\u00e1veis, a China, l\u00edder mundial no setor, sozinha produziu <a href=\"http:\/\/www.xinhuanet.com\/english\/2020-03\/02\/c_138835152.htm\">116 milh\u00f5es de unidades<\/a>\u00a0em fevereiro passado. Com isso, <a href=\"https:\/\/theconversation.com\/millions-of-face-masks-are-being-thrown-away-during-covid-19-heres-how-to-choose-the-best-one-for-the-planet-147787\" target=\"_blank\" rel=\"noopener noreferrer\">milhares de toneladas extras de res\u00edduos est\u00e3o indo parar nos aterros sanit\u00e1rios<\/a> ou, o que \u00e9 pior, no solo e nos cursos d\u2019\u00e1gua, quando recebem descarte adequado.<\/p>\n<p><a href=\"https:\/\/ucl.scienceopen.com\/document_file\/975516df-aa0e-4b79-b950-c54e5608a3e0\/ScienceOpenPreprint\/Covid19-Masks-Journal-paper.submitted.pdf\">Uma estimativa<\/a> do professor Dan Osborn, da University College London, da Inglaterra, indica que se a popula\u00e7\u00e3o do Reino Unido usasse uma m\u00e1scara descart\u00e1vel por dia durante um ano seriam geradas 66 mil toneladas de lixo contaminado e 57 mil toneladas de embalagens pl\u00e1sticas, o que \u00e9 alarmante. H\u00e1 <a href=\"https:\/\/pubmed.ncbi.nlm.nih.gov\/32563114\/\">evid\u00eancias que sugerem <\/a>\u00a0as m\u00e1scaras como importante fonte de <a href=\"https:\/\/revistapesquisa.fapesp.br\/a-ameaca-dos-microplasticos\/\" target=\"_blank\" rel=\"noopener noreferrer\">micropl\u00e1stico<\/a> \u2014 part\u00edculas de pl\u00e1stico com at\u00e9 5 mil\u00edmetros \u2014 que \u00e9 extremamente prejudicial ao meio ambiente.<\/p>\n<p>Mas, o que poderia ser feito para evitar que, de hero\u00edna, a m\u00e1scara comece a figurar como vil\u00e3?<\/p>\n<h6>Design circular<\/h6>\n<p>Para a professora <a href=\"https:\/\/theconversation.com\/profiles\/mayuri-wijayasundara-879392\" target=\"_blank\" rel=\"noopener noreferrer\">Mayuri Wijayasundara<\/a>, da Deakin University, da Austr\u00e1lia, que \u00e9 especializada em <a href=\"http:\/\/www.portaldaindustria.com.br\/cni\/canais\/industria-sustentavel\/temas-de-atuacao\/economia-circular\/\">Economia Circular<\/a>, adotar o \u201cdesign circular\u201d \u2014 um design que permita utilizar insumos que causam menor impacto ao meio ambiente \u2014 seria uma forma de solucionar o problema. \u201cEsse pensamento busca reduzir o desperd\u00edcio e a polui\u00e7\u00e3o por meio do design do produto, manter os produtos e materiais em uso e regenerar os sistemas naturais\u201d, explica Mayuri.<\/p>\n<p>Devemos ter em mente que existe uma grande variedade de m\u00e1scaras faciais, que s\u00e3o produzidas com diferentes materiais e para diferentes finalidades. Algumas s\u00e3o dur\u00e1veis e confeccionadas com tecido natural, portanto, biodegrad\u00e1vel, enquanto outras s\u00e3o descart\u00e1veis e produzidas com uma combina\u00e7\u00e3o que inclui metais e pl\u00e1stico.<\/p>\n<p>A N-95, por exemplo, projetada para barrar cerca de 95% das part\u00edculas que ficam suspensas no ar, \u00e9 descart\u00e1vel e inclui o filtro, prote\u00e7\u00e3o de nariz e diafragma da v\u00e1lvula, que s\u00e3o confeccionados com poliisopreno, um tipo de espuma. H\u00e1 ainda outras m\u00e1scaras descart\u00e1veis que s\u00e3o produzidos a partir de combina\u00e7\u00f5es de tecidos naturais e sint\u00e9ticos, que incluem poli\u00e9ster ou polipropileno.<\/p>\n<p><a href=\"https:\/\/wwwnc.cdc.gov\/eid\/article\/26\/10\/20-0948_article\">Um pesquisa sugere que <\/a>\u00a0m\u00e1scaras de pano s\u00e3o menos eficazes na filtragem de part\u00edculas do que as m\u00e1scaras m\u00e9dicas, mas elas podem oferecer boa prote\u00e7\u00e3o se estiverem bem encaixadas \u00e0 face. Ou seja, mesmo confeccionadas com tecido natural, m\u00e1scaras que forem produzidas a partir de um design mais eficiente podem garantir boa prote\u00e7\u00e3o e diminuir o consumo de m\u00e1scaras descart\u00e1veis.<\/p>\n<h6>Projetando para um ambiente mais saud\u00e1vel<\/h6>\n<p>\u201cQualquer tentativa de redesenhar m\u00e1scaras faciais deve garantir que elas ofere\u00e7am prote\u00e7\u00e3o adequada ao usu\u00e1rio. Quando as m\u00e1scaras s\u00e3o usadas em um ambiente m\u00e9dico, as altera\u00e7\u00f5es de design tamb\u00e9m devem atender aos padr\u00f5es oficiais, como efici\u00eancia da barreira, capacidade respirat\u00f3ria e resist\u00eancia ao fogo\u201d, diz Mayuri. Tendo em mente esta premissa, seria poss\u00edvel projetar m\u00e1scaras prevendo que elas causem menores danos ambientais.<\/p>\n<p>Quanto maior o uso de materiais reutiliz\u00e1veis e biodegrad\u00e1veis na produ\u00e7\u00e3o de m\u00e1scaras, por exemplo, torna o equipamento mais sustent\u00e1vel pelo ponto de vista ambiental. O mesmo pode ser dito para a prefer\u00eancia do p\u00fablico por m\u00e1scaras que possam ser reutilizadas, em substitui\u00e7\u00e3o \u00e0s descart\u00e1veis. \u201cUma avalia\u00e7\u00e3o do ciclo de vida\u00a0<a href=\"https:\/\/ucl.scienceopen.com\/document_file\/975516df-aa0e-4b79-b950-c54e5608a3e0\/ScienceOpenPreprint\/Covid19-Masks-Journal-paper.submitted.pdf\">realizada no Reino Unido<\/a>\u00a0descobriu que m\u00e1scaras que poderiam ser lavadas e reutilizadas s\u00e3o a melhor op\u00e7\u00e3o para o meio ambiente.\u00a0M\u00e1scaras reutiliz\u00e1veis \u200b\u200bcom filtros substitu\u00edveis foram a segunda melhor op\u00e7\u00e3o\u201d, observa Mayuri.<\/p>\n<h6>Descarte correto<\/h6>\n<p>Por outro lado, naqueles ambientes onde a reutiliza\u00e7\u00e3o de m\u00e1scaras n\u00e3o \u00e9 conveniente ou invi\u00e1vel, ou seja, onde elas precisam ser obrigatoriamente descartadas \u2014 como ocorre nos hospitais \u2014 \u00e9 preciso pensar em expedientes que garantam o descarte seguro dos equipamentos, tanto pelo ponto de vista sanit\u00e1rio, quanto ambiental, o que <a href=\"https:\/\/ucl.scienceopen.com\/document_file\/975516df-aa0e-4b79-b950-c54e5608a3e0\/ScienceOpenPreprint\/Covid19-Masks-Journal-paper.submitted.pdf\">geralmente envolve<\/a>\u00a0segrega\u00e7\u00e3o e incinera\u00e7\u00e3o. Contudo tamb\u00e9m \u00e9 preciso pensar naquelas pessoas que continuariam utilizando m\u00e1scaras descart\u00e1veis, o que tornaria a reciclagem uma alternativa.<\/p>\n<p>Por\u00e9m, como esse tipo de equipamento costuma incluir materiais diferentes, pode haver uma complica\u00e7\u00e3o na possibilidade de reciclagem. Recuperar componentes de uma N-95, por exemplo, exige a manipula\u00e7\u00e3o das m\u00e1scaras e representa um risco \u00e0 sa\u00fade, o que faz com que as m\u00e1scaras n\u00e3o sejam recicladas e sejam enviadas para os aterros sanit\u00e1rios. A alternativa seria utilizar menos materiais diferentes na produ\u00e7\u00e3o e produtos mais f\u00e1ceis de desmontar, exigindo menor trabalho e menor risco na reciclagem.<\/p>\n<p>Outra possibilidade seria utilizar sint\u00e9ticos biodegrad\u00e1veis como primeiro passo no pensamento de design circular. \u201cA planta da abac\u00e1, parente da bananeira, oferece uma\u00a0<a href=\"http:\/\/region10.dost.gov.ph\/260-handmade-paper-from-abaca-fiber-potential-material-for-face-masks\">op\u00e7\u00e3o potencial<\/a>. Sua fibra repele a \u00e1gua melhor do que as m\u00e1scaras tradicionais, \u00e9 t\u00e3o forte como pol\u00edmero e se decomp\u00f5e em dois meses\u201d, destaca Mayuri.<\/p>\n<h6>Qual m\u00e1scara voc\u00ea deve escolher?<\/h6>\n<p>Pensando exclusivamente no meio ambiente, segundo a especialistas Mayuri Wijayasundara, o ideal seria ter v\u00e1rias m\u00e1scaras reutiliz\u00e1veis. Por\u00e9m, ao escolher uma m\u00e1scara \u00e9 preciso considerar onde ela ser\u00e1 usada. \u201cA menos que as m\u00e1scaras de tecido demonstrem ser t\u00e3o eficazes quanto outras m\u00e1scaras, os profissionais de sa\u00fade n\u00e3o devem us\u00e1-las. Mas elas <a href=\"https:\/\/pubmed.ncbi.nlm.nih.gov\/20584862\/\">podem ser adequadas<\/a> em ambientes cotidianos de baixo risco&#8221;, considera a especialista.<\/p>\n<p>Pensando na possibilidade de estes equipamentos se tornarem um item frequente na vida cotidiana, governos e fabricantes precisam se esfor\u00e7ar para criar m\u00e1scaras que n\u00e3o prejudiquem o planeta e os consumidores tamb\u00e9m precisam incluir mais este cuidado em sua j\u00e1 extensa lista de preocupa\u00e7\u00f5es. Nesta lista, \u00e9 claro, precisamos tamb\u00e9m prever o cuidado sanit\u00e1rio e ambiental na hora de promover o descarte das m\u00e1scaras, quando ele for inevit\u00e1vel.<\/p>\n<p>Devemos ter em mente que existe a perspectiva \u2014 e o imenso desejo \u2014 de a pandemia passar dentro de algum tempo, tornando o uso de m\u00e1scaras novamente desnecess\u00e1rio. Por\u00e9m, o efeito negativo que elas causarem sobre o planeta ser\u00e1 permanente.<\/p>\n<p>&nbsp;<\/p>\n<p><strong><em>Uma dica<\/em><\/strong><\/p>\n<p><em>Para mais informa\u00e7\u00f5es sobre os temas abordados nessa mat\u00e9ria, acesse os links dispon\u00edveis ao longo do texto. Eles remetem \u00e0s fontes utilizadas aqui.\u00a0<\/em><\/p>\n<p><em>Uma dica: os artigos fora da p\u00e1gina do Comunidade Ativa que n\u00e3o estiverem em portugu\u00eas podem ser traduzidos automaticamente pelo navegador pelo seu navegador. Pra isso, basta clicar com o bot\u00e3o direito em qualquer ponto do texto a ser traduzido e escolher a op\u00e7\u00e3o \u201cTraduzir para o portugu\u00eas\u201d.\u00a0<\/em><\/p>\n","protected":false},"excerpt":{"rendered":"<p>Como se n\u00e3o bastassem as mais de 2 bilh\u00f5es de toneladas de res\u00edduos s\u00f3lidos gerados anualmente apenas pelas cidades, com<\/p>\n","protected":false},"author":1,"featured_media":1372,"comment_status":"closed","ping_status":"open","sticky":false,"template":"","format":"standard","meta":{"footnotes":""},"categories":[3],"tags":[],"class_list":["post-1371","post","type-post","status-publish","format-standard","has-post-thumbnail","hentry","category-meio-ambiente"],"yoast_head":"<!-- This site is optimized with the Yoast SEO plugin v26.0 - https:\/\/yoast.com\/wordpress\/plugins\/seo\/ -->\n<title>\u00c9 poss\u00edvel evitar que a m\u00e1scara protetora se torne uma vil\u00e3! - Comunidade Ativa<\/title>\n<meta name=\"robots\" content=\"index, follow, max-snippet:-1, max-image-preview:large, max-video-preview:-1\" \/>\n<link rel=\"canonical\" href=\"https:\/\/www.comunidadeativa.jor.br\/index.php\/2020\/11\/13\/e-possivel-evitar-que-a-mascara-protetora-se-torne-uma-vila\/\" \/>\n<meta property=\"og:locale\" content=\"pt_BR\" \/>\n<meta property=\"og:type\" content=\"article\" \/>\n<meta property=\"og:title\" content=\"\u00c9 poss\u00edvel evitar que a m\u00e1scara protetora se torne uma vil\u00e3! - Comunidade Ativa\" \/>\n<meta property=\"og:description\" content=\"Como se n\u00e3o bastassem as mais de 2 bilh\u00f5es de toneladas de res\u00edduos s\u00f3lidos gerados anualmente apenas pelas cidades, com\" \/>\n<meta property=\"og:url\" content=\"https:\/\/www.comunidadeativa.jor.br\/index.php\/2020\/11\/13\/e-possivel-evitar-que-a-mascara-protetora-se-torne-uma-vila\/\" \/>\n<meta property=\"og:site_name\" content=\"Comunidade Ativa\" \/>\n<meta property=\"article:publisher\" content=\"https:\/\/www.facebook.com\/comunidadeativa\" \/>\n<meta property=\"article:published_time\" content=\"2020-11-13T23:11:35+00:00\" \/>\n<meta property=\"article:modified_time\" content=\"2023-08-11T19:35:43+00:00\" \/>\n<meta property=\"og:image\" content=\"https:\/\/www.comunidadeativa.jor.br\/wp-content\/uploads\/2020\/11\/capa-7.jpg\" \/>\n\t<meta property=\"og:image:width\" content=\"640\" \/>\n\t<meta property=\"og:image:height\" content=\"352\" \/>\n\t<meta property=\"og:image:type\" content=\"image\/jpeg\" \/>\n<meta name=\"author\" content=\"Comunidade Ativa\" \/>\n<meta name=\"twitter:card\" content=\"summary_large_image\" \/>\n<meta name=\"twitter:label1\" content=\"Escrito por\" \/>\n\t<meta name=\"twitter:data1\" content=\"Comunidade Ativa\" \/>\n\t<meta name=\"twitter:label2\" content=\"Est. tempo de leitura\" \/>\n\t<meta name=\"twitter:data2\" content=\"6 minutos\" \/>\n<script type=\"application\/ld+json\" class=\"yoast-schema-graph\">{\"@context\":\"https:\/\/schema.org\",\"@graph\":[{\"@type\":\"Article\",\"@id\":\"https:\/\/www.comunidadeativa.jor.br\/index.php\/2020\/11\/13\/e-possivel-evitar-que-a-mascara-protetora-se-torne-uma-vila\/#article\",\"isPartOf\":{\"@id\":\"https:\/\/www.comunidadeativa.jor.br\/index.php\/2020\/11\/13\/e-possivel-evitar-que-a-mascara-protetora-se-torne-uma-vila\/\"},\"author\":{\"name\":\"Comunidade Ativa\",\"@id\":\"https:\/\/www.comunidadeativa.jor.br\/#\/schema\/person\/dcaa1f1c51c1f0c47a33b2b734cad6e1\"},\"headline\":\"\u00c9 poss\u00edvel evitar que a m\u00e1scara protetora se torne uma vil\u00e3!\",\"datePublished\":\"2020-11-13T23:11:35+00:00\",\"dateModified\":\"2023-08-11T19:35:43+00:00\",\"mainEntityOfPage\":{\"@id\":\"https:\/\/www.comunidadeativa.jor.br\/index.php\/2020\/11\/13\/e-possivel-evitar-que-a-mascara-protetora-se-torne-uma-vila\/\"},\"wordCount\":1261,\"publisher\":{\"@id\":\"https:\/\/www.comunidadeativa.jor.br\/#organization\"},\"image\":{\"@id\":\"https:\/\/www.comunidadeativa.jor.br\/index.php\/2020\/11\/13\/e-possivel-evitar-que-a-mascara-protetora-se-torne-uma-vila\/#primaryimage\"},\"thumbnailUrl\":\"https:\/\/www.comunidadeativa.jor.br\/wp-content\/uploads\/2020\/11\/capa-7.jpg\",\"articleSection\":[\"Meio Ambiente\"],\"inLanguage\":\"pt-BR\"},{\"@type\":\"WebPage\",\"@id\":\"https:\/\/www.comunidadeativa.jor.br\/index.php\/2020\/11\/13\/e-possivel-evitar-que-a-mascara-protetora-se-torne-uma-vila\/\",\"url\":\"https:\/\/www.comunidadeativa.jor.br\/index.php\/2020\/11\/13\/e-possivel-evitar-que-a-mascara-protetora-se-torne-uma-vila\/\",\"name\":\"\u00c9 poss\u00edvel evitar que a m\u00e1scara protetora se torne uma vil\u00e3! - Comunidade Ativa\",\"isPartOf\":{\"@id\":\"https:\/\/www.comunidadeativa.jor.br\/#website\"},\"primaryImageOfPage\":{\"@id\":\"https:\/\/www.comunidadeativa.jor.br\/index.php\/2020\/11\/13\/e-possivel-evitar-que-a-mascara-protetora-se-torne-uma-vila\/#primaryimage\"},\"image\":{\"@id\":\"https:\/\/www.comunidadeativa.jor.br\/index.php\/2020\/11\/13\/e-possivel-evitar-que-a-mascara-protetora-se-torne-uma-vila\/#primaryimage\"},\"thumbnailUrl\":\"https:\/\/www.comunidadeativa.jor.br\/wp-content\/uploads\/2020\/11\/capa-7.jpg\",\"datePublished\":\"2020-11-13T23:11:35+00:00\",\"dateModified\":\"2023-08-11T19:35:43+00:00\",\"breadcrumb\":{\"@id\":\"https:\/\/www.comunidadeativa.jor.br\/index.php\/2020\/11\/13\/e-possivel-evitar-que-a-mascara-protetora-se-torne-uma-vila\/#breadcrumb\"},\"inLanguage\":\"pt-BR\",\"potentialAction\":[{\"@type\":\"ReadAction\",\"target\":[\"https:\/\/www.comunidadeativa.jor.br\/index.php\/2020\/11\/13\/e-possivel-evitar-que-a-mascara-protetora-se-torne-uma-vila\/\"]}]},{\"@type\":\"ImageObject\",\"inLanguage\":\"pt-BR\",\"@id\":\"https:\/\/www.comunidadeativa.jor.br\/index.php\/2020\/11\/13\/e-possivel-evitar-que-a-mascara-protetora-se-torne-uma-vila\/#primaryimage\",\"url\":\"https:\/\/www.comunidadeativa.jor.br\/wp-content\/uploads\/2020\/11\/capa-7.jpg\",\"contentUrl\":\"https:\/\/www.comunidadeativa.jor.br\/wp-content\/uploads\/2020\/11\/capa-7.jpg\",\"width\":640,\"height\":352},{\"@type\":\"BreadcrumbList\",\"@id\":\"https:\/\/www.comunidadeativa.jor.br\/index.php\/2020\/11\/13\/e-possivel-evitar-que-a-mascara-protetora-se-torne-uma-vila\/#breadcrumb\",\"itemListElement\":[{\"@type\":\"ListItem\",\"position\":1,\"name\":\"In\u00edcio\",\"item\":\"https:\/\/www.comunidadeativa.jor.br\/\"},{\"@type\":\"ListItem\",\"position\":2,\"name\":\"\u00c9 poss\u00edvel evitar que a m\u00e1scara protetora se torne uma vil\u00e3!\"}]},{\"@type\":\"WebSite\",\"@id\":\"https:\/\/www.comunidadeativa.jor.br\/#website\",\"url\":\"https:\/\/www.comunidadeativa.jor.br\/\",\"name\":\"Comunidade Ativa\",\"description\":\"\",\"publisher\":{\"@id\":\"https:\/\/www.comunidadeativa.jor.br\/#organization\"},\"potentialAction\":[{\"@type\":\"SearchAction\",\"target\":{\"@type\":\"EntryPoint\",\"urlTemplate\":\"https:\/\/www.comunidadeativa.jor.br\/?s={search_term_string}\"},\"query-input\":{\"@type\":\"PropertyValueSpecification\",\"valueRequired\":true,\"valueName\":\"search_term_string\"}}],\"inLanguage\":\"pt-BR\"},{\"@type\":\"Organization\",\"@id\":\"https:\/\/www.comunidadeativa.jor.br\/#organization\",\"name\":\"Comunidade Ativa\",\"url\":\"https:\/\/www.comunidadeativa.jor.br\/\",\"logo\":{\"@type\":\"ImageObject\",\"inLanguage\":\"pt-BR\",\"@id\":\"https:\/\/www.comunidadeativa.jor.br\/#\/schema\/logo\/image\/\",\"url\":\"https:\/\/www.comunidadeativa.jor.br\/wp-content\/uploads\/2018\/03\/cropped-LOGOPNG-1.png\",\"contentUrl\":\"https:\/\/www.comunidadeativa.jor.br\/wp-content\/uploads\/2018\/03\/cropped-LOGOPNG-1.png\",\"width\":318,\"height\":90,\"caption\":\"Comunidade Ativa\"},\"image\":{\"@id\":\"https:\/\/www.comunidadeativa.jor.br\/#\/schema\/logo\/image\/\"},\"sameAs\":[\"https:\/\/www.facebook.com\/comunidadeativa\"]},{\"@type\":\"Person\",\"@id\":\"https:\/\/www.comunidadeativa.jor.br\/#\/schema\/person\/dcaa1f1c51c1f0c47a33b2b734cad6e1\",\"name\":\"Comunidade Ativa\",\"image\":{\"@type\":\"ImageObject\",\"inLanguage\":\"pt-BR\",\"@id\":\"https:\/\/www.comunidadeativa.jor.br\/#\/schema\/person\/image\/\",\"url\":\"https:\/\/secure.gravatar.com\/avatar\/09a9a1f85fedf41e81b47f7c1d40084f?s=96&d=mm&r=g\",\"contentUrl\":\"https:\/\/secure.gravatar.com\/avatar\/09a9a1f85fedf41e81b47f7c1d40084f?s=96&d=mm&r=g\",\"caption\":\"Comunidade Ativa\"},\"url\":\"https:\/\/www.comunidadeativa.jor.br\/index.php\/author\/casalberto\/\"}]}<\/script>\n<!-- \/ Yoast SEO plugin. -->","yoast_head_json":{"title":"\u00c9 poss\u00edvel evitar que a m\u00e1scara protetora se torne uma vil\u00e3! - Comunidade Ativa","robots":{"index":"index","follow":"follow","max-snippet":"max-snippet:-1","max-image-preview":"max-image-preview:large","max-video-preview":"max-video-preview:-1"},"canonical":"https:\/\/www.comunidadeativa.jor.br\/index.php\/2020\/11\/13\/e-possivel-evitar-que-a-mascara-protetora-se-torne-uma-vila\/","og_locale":"pt_BR","og_type":"article","og_title":"\u00c9 poss\u00edvel evitar que a m\u00e1scara protetora se torne uma vil\u00e3! - Comunidade Ativa","og_description":"Como se n\u00e3o bastassem as mais de 2 bilh\u00f5es de toneladas de res\u00edduos s\u00f3lidos gerados anualmente apenas pelas cidades, com","og_url":"https:\/\/www.comunidadeativa.jor.br\/index.php\/2020\/11\/13\/e-possivel-evitar-que-a-mascara-protetora-se-torne-uma-vila\/","og_site_name":"Comunidade Ativa","article_publisher":"https:\/\/www.facebook.com\/comunidadeativa","article_published_time":"2020-11-13T23:11:35+00:00","article_modified_time":"2023-08-11T19:35:43+00:00","og_image":[{"width":640,"height":352,"url":"https:\/\/www.comunidadeativa.jor.br\/wp-content\/uploads\/2020\/11\/capa-7.jpg","type":"image\/jpeg"}],"author":"Comunidade Ativa","twitter_card":"summary_large_image","twitter_misc":{"Escrito por":"Comunidade Ativa","Est. tempo de leitura":"6 minutos"},"schema":{"@context":"https:\/\/schema.org","@graph":[{"@type":"Article","@id":"https:\/\/www.comunidadeativa.jor.br\/index.php\/2020\/11\/13\/e-possivel-evitar-que-a-mascara-protetora-se-torne-uma-vila\/#article","isPartOf":{"@id":"https:\/\/www.comunidadeativa.jor.br\/index.php\/2020\/11\/13\/e-possivel-evitar-que-a-mascara-protetora-se-torne-uma-vila\/"},"author":{"name":"Comunidade Ativa","@id":"https:\/\/www.comunidadeativa.jor.br\/#\/schema\/person\/dcaa1f1c51c1f0c47a33b2b734cad6e1"},"headline":"\u00c9 poss\u00edvel evitar que a m\u00e1scara protetora se torne uma vil\u00e3!","datePublished":"2020-11-13T23:11:35+00:00","dateModified":"2023-08-11T19:35:43+00:00","mainEntityOfPage":{"@id":"https:\/\/www.comunidadeativa.jor.br\/index.php\/2020\/11\/13\/e-possivel-evitar-que-a-mascara-protetora-se-torne-uma-vila\/"},"wordCount":1261,"publisher":{"@id":"https:\/\/www.comunidadeativa.jor.br\/#organization"},"image":{"@id":"https:\/\/www.comunidadeativa.jor.br\/index.php\/2020\/11\/13\/e-possivel-evitar-que-a-mascara-protetora-se-torne-uma-vila\/#primaryimage"},"thumbnailUrl":"https:\/\/www.comunidadeativa.jor.br\/wp-content\/uploads\/2020\/11\/capa-7.jpg","articleSection":["Meio Ambiente"],"inLanguage":"pt-BR"},{"@type":"WebPage","@id":"https:\/\/www.comunidadeativa.jor.br\/index.php\/2020\/11\/13\/e-possivel-evitar-que-a-mascara-protetora-se-torne-uma-vila\/","url":"https:\/\/www.comunidadeativa.jor.br\/index.php\/2020\/11\/13\/e-possivel-evitar-que-a-mascara-protetora-se-torne-uma-vila\/","name":"\u00c9 poss\u00edvel evitar que a m\u00e1scara protetora se torne uma vil\u00e3! - Comunidade Ativa","isPartOf":{"@id":"https:\/\/www.comunidadeativa.jor.br\/#website"},"primaryImageOfPage":{"@id":"https:\/\/www.comunidadeativa.jor.br\/index.php\/2020\/11\/13\/e-possivel-evitar-que-a-mascara-protetora-se-torne-uma-vila\/#primaryimage"},"image":{"@id":"https:\/\/www.comunidadeativa.jor.br\/index.php\/2020\/11\/13\/e-possivel-evitar-que-a-mascara-protetora-se-torne-uma-vila\/#primaryimage"},"thumbnailUrl":"https:\/\/www.comunidadeativa.jor.br\/wp-content\/uploads\/2020\/11\/capa-7.jpg","datePublished":"2020-11-13T23:11:35+00:00","dateModified":"2023-08-11T19:35:43+00:00","breadcrumb":{"@id":"https:\/\/www.comunidadeativa.jor.br\/index.php\/2020\/11\/13\/e-possivel-evitar-que-a-mascara-protetora-se-torne-uma-vila\/#breadcrumb"},"inLanguage":"pt-BR","potentialAction":[{"@type":"ReadAction","target":["https:\/\/www.comunidadeativa.jor.br\/index.php\/2020\/11\/13\/e-possivel-evitar-que-a-mascara-protetora-se-torne-uma-vila\/"]}]},{"@type":"ImageObject","inLanguage":"pt-BR","@id":"https:\/\/www.comunidadeativa.jor.br\/index.php\/2020\/11\/13\/e-possivel-evitar-que-a-mascara-protetora-se-torne-uma-vila\/#primaryimage","url":"https:\/\/www.comunidadeativa.jor.br\/wp-content\/uploads\/2020\/11\/capa-7.jpg","contentUrl":"https:\/\/www.comunidadeativa.jor.br\/wp-content\/uploads\/2020\/11\/capa-7.jpg","width":640,"height":352},{"@type":"BreadcrumbList","@id":"https:\/\/www.comunidadeativa.jor.br\/index.php\/2020\/11\/13\/e-possivel-evitar-que-a-mascara-protetora-se-torne-uma-vila\/#breadcrumb","itemListElement":[{"@type":"ListItem","position":1,"name":"In\u00edcio","item":"https:\/\/www.comunidadeativa.jor.br\/"},{"@type":"ListItem","position":2,"name":"\u00c9 poss\u00edvel evitar que a m\u00e1scara protetora se torne uma vil\u00e3!"}]},{"@type":"WebSite","@id":"https:\/\/www.comunidadeativa.jor.br\/#website","url":"https:\/\/www.comunidadeativa.jor.br\/","name":"Comunidade Ativa","description":"","publisher":{"@id":"https:\/\/www.comunidadeativa.jor.br\/#organization"},"potentialAction":[{"@type":"SearchAction","target":{"@type":"EntryPoint","urlTemplate":"https:\/\/www.comunidadeativa.jor.br\/?s={search_term_string}"},"query-input":{"@type":"PropertyValueSpecification","valueRequired":true,"valueName":"search_term_string"}}],"inLanguage":"pt-BR"},{"@type":"Organization","@id":"https:\/\/www.comunidadeativa.jor.br\/#organization","name":"Comunidade Ativa","url":"https:\/\/www.comunidadeativa.jor.br\/","logo":{"@type":"ImageObject","inLanguage":"pt-BR","@id":"https:\/\/www.comunidadeativa.jor.br\/#\/schema\/logo\/image\/","url":"https:\/\/www.comunidadeativa.jor.br\/wp-content\/uploads\/2018\/03\/cropped-LOGOPNG-1.png","contentUrl":"https:\/\/www.comunidadeativa.jor.br\/wp-content\/uploads\/2018\/03\/cropped-LOGOPNG-1.png","width":318,"height":90,"caption":"Comunidade Ativa"},"image":{"@id":"https:\/\/www.comunidadeativa.jor.br\/#\/schema\/logo\/image\/"},"sameAs":["https:\/\/www.facebook.com\/comunidadeativa"]},{"@type":"Person","@id":"https:\/\/www.comunidadeativa.jor.br\/#\/schema\/person\/dcaa1f1c51c1f0c47a33b2b734cad6e1","name":"Comunidade Ativa","image":{"@type":"ImageObject","inLanguage":"pt-BR","@id":"https:\/\/www.comunidadeativa.jor.br\/#\/schema\/person\/image\/","url":"https:\/\/secure.gravatar.com\/avatar\/09a9a1f85fedf41e81b47f7c1d40084f?s=96&d=mm&r=g","contentUrl":"https:\/\/secure.gravatar.com\/avatar\/09a9a1f85fedf41e81b47f7c1d40084f?s=96&d=mm&r=g","caption":"Comunidade Ativa"},"url":"https:\/\/www.comunidadeativa.jor.br\/index.php\/author\/casalberto\/"}]}},"_links":{"self":[{"href":"https:\/\/www.comunidadeativa.jor.br\/index.php\/wp-json\/wp\/v2\/posts\/1371","targetHints":{"allow":["GET"]}}],"collection":[{"href":"https:\/\/www.comunidadeativa.jor.br\/index.php\/wp-json\/wp\/v2\/posts"}],"about":[{"href":"https:\/\/www.comunidadeativa.jor.br\/index.php\/wp-json\/wp\/v2\/types\/post"}],"author":[{"embeddable":true,"href":"https:\/\/www.comunidadeativa.jor.br\/index.php\/wp-json\/wp\/v2\/users\/1"}],"replies":[{"embeddable":true,"href":"https:\/\/www.comunidadeativa.jor.br\/index.php\/wp-json\/wp\/v2\/comments?post=1371"}],"version-history":[{"count":4,"href":"https:\/\/www.comunidadeativa.jor.br\/index.php\/wp-json\/wp\/v2\/posts\/1371\/revisions"}],"predecessor-version":[{"id":3751,"href":"https:\/\/www.comunidadeativa.jor.br\/index.php\/wp-json\/wp\/v2\/posts\/1371\/revisions\/3751"}],"wp:featuredmedia":[{"embeddable":true,"href":"https:\/\/www.comunidadeativa.jor.br\/index.php\/wp-json\/wp\/v2\/media\/1372"}],"wp:attachment":[{"href":"https:\/\/www.comunidadeativa.jor.br\/index.php\/wp-json\/wp\/v2\/media?parent=1371"}],"wp:term":[{"taxonomy":"category","embeddable":true,"href":"https:\/\/www.comunidadeativa.jor.br\/index.php\/wp-json\/wp\/v2\/categories?post=1371"},{"taxonomy":"post_tag","embeddable":true,"href":"https:\/\/www.comunidadeativa.jor.br\/index.php\/wp-json\/wp\/v2\/tags?post=1371"}],"curies":[{"name":"wp","href":"https:\/\/api.w.org\/{rel}","templated":true}]}}