{"id":1384,"date":"2020-11-17T12:55:59","date_gmt":"2020-11-17T15:55:59","guid":{"rendered":"https:\/\/www.comunidadeativa.jor.br\/?p=1384"},"modified":"2023-08-11T16:36:03","modified_gmt":"2023-08-11T19:36:03","slug":"whatsapp-para-o-seu-negocio-com-telefone-fixo-e-na-tela-do-computador","status":"publish","type":"post","link":"https:\/\/www.comunidadeativa.jor.br\/index.php\/2020\/11\/17\/whatsapp-para-o-seu-negocio-com-telefone-fixo-e-na-tela-do-computador\/","title":{"rendered":"WhatsApp para o seu neg\u00f3cio, com telefone fixo e na tela do computador"},"content":{"rendered":"<p>O WhatsApp se tornou uma ferramenta de comunica\u00e7\u00e3o praticamente indispens\u00e1vel nos dias de hoje e os n\u00fameros n\u00e3o deixam d\u00favidas quanto a isso. De acordo com a pesquisa <a href=\"https:\/\/panoramamobiletime.com.br\/pesquisa-mensageria-no-brasil-fevereiro-de-2020\/\" target=\"_blank\" rel=\"noopener noreferrer\">Panorama Mobile Time\/Opinion Box<\/a>, divulgada em fevereiro de 2020 pela Infobi, empresa especializada em comunica\u00e7\u00e3o via WhatsApp, 99% dos smartphones hoje existentes no Brasil t\u00eam o aplicativo instalado. Esse dado se torna ainda mais expressivo quando consideramos o <a href=\"https:\/\/portal.fgv.br\/noticias\/brasil-tem-424-milhoes-dispositivos-digitais-uso-revela-31a-pesquisa-anual-fgvcia\" target=\"_blank\" rel=\"noopener noreferrer\">levantamento realizado pela Funda\u00e7\u00e3o Get\u00falio Vargas (FGV)<\/a> e divulgado no \u00faltimo m\u00eas de junho, que atesta que o pa\u00eds conta com 234 milh\u00f5es de aparelhos desse tipo. Ou seja, atualmente existem mais de 230 milh\u00f5es de contas brasileiras no WhatsApp, o que supera o n\u00famero de habitantes do pa\u00eds.<\/p>\n<p>De fato, muitas pessoas possuem aparelhos com mais de um chip ou mais de um aparelho, o que permite que elas utilizem contas distintas do aplicativo de mensagem. Por\u00e9m, as funcionalidades do WhatsApp, cada vez mais, tamb\u00e9m est\u00e3o conquistando o meio empresarial, sobretudo nas pequenas organiza\u00e7\u00f5es que buscam manter contato mais estreito com o p\u00fablico que atendem.<\/p>\n<h6>WhatsApp Business<\/h6>\n<p>Para suprir esta necessidade, existe o <a href=\"https:\/\/www.whatsapp.com\/business\/?lang=pt_br\" target=\"_blank\" rel=\"noopener noreferrer\">WhatsApp Business<\/a>, aplicativo que tamb\u00e9m \u00e9 gratuito e que foi desenvolvido com foco sobre os pequenos neg\u00f3cios. O app permite que uma empresa ou uma institui\u00e7\u00e3o se conecte com seu p\u00fablico de maneira direta e objetiva, dando destaque as produtos ou servi\u00e7os que oferta. Assim, \u00e9 poss\u00edvel responder de maneira pr\u00e1tica e r\u00e1pida \u00e0s d\u00favidas que eventualmente possam surgir.<\/p>\n<p>Pelo WhatsApp Business, por exemplo, \u00e9 poss\u00edvel divulgar cat\u00e1logos de produtos e servi\u00e7os e realizar promo\u00e7\u00f5es. Ferramentas especiais permitem ainda automatizar, classificar e responder rapidamente \u00e0s mensagens recebidas.<\/p>\n<h6>Funcionalidades, inclusive no telefone fixo e no computador<\/h6>\n<p>Por meio de um perfil comercial que deve ser criado especialmente para ser utilizado no WhatsApp Business, tamb\u00e9m s\u00e3o divulgadas informa\u00e7\u00f5es \u00fateis para os clientes, como endere\u00e7o, descri\u00e7\u00e3o do neg\u00f3cio, e-mail e site da organiza\u00e7\u00e3o. Ainda, \u00e9 poss\u00edvel disparar mensagens autom\u00e1ticas, que informar\u00e3o, por exemplo, hor\u00e1rios de atendimento, e sauda\u00e7\u00f5es padronizadas para os primeiros contatos.<\/p>\n<p>Outro recurso muito \u00fatil est\u00e1 na possibilidade de <a href=\"https:\/\/tecnoblog.net\/315694\/como-usar-o-whatsapp-no-telefone-fixo\/\" target=\"_blank\" rel=\"noopener noreferrer\">vincular a conta do WhatsApp Business a um n\u00famero fixo<\/a> e visualizar as mensagens pelo computador. Pra isso, basta instalar o aplicativo em um smartphone e, na hora de se inscrever e criar uma conta, solicitar o envio do c\u00f3digo de ativa\u00e7\u00e3o por chamada. Assim, o servi\u00e7o autom\u00e1tico do app far\u00e1 a liga\u00e7\u00e3o para informar c\u00f3digo de seis d\u00edgitos, que ser\u00e1 digitado na hora do cadastro.<\/p>\n<p>Quando o WhatsApp Business est\u00e1 sendo habilitado, no primeiro momento ele sugere o uso do n\u00famero do chip instalado no telefone, que deve ser substitu\u00eddo pelo n\u00famero fixo. Para tanto, basta selecionar a op\u00e7\u00e3o \u201cUsar outro n\u00famero\u201d, exibida no final da tela. Em seguida, o usu\u00e1rio deve digitar o n\u00famero fixo \u2014 mantenha o c\u00f3digo internacional de chamadas, que, para o Brasil \u00e9 55, e inclua o c\u00f3digo de \u00e1rea. Na sequ\u00eancia, o WhatsApp far\u00e1 a tentativa de enviar o c\u00f3digo por SMS e avisar\u00e1 que n\u00e3o foi poss\u00edvel. Ent\u00e3o, basta tocar em \u201cOk\u201d e selecionar a op\u00e7\u00e3o \u201cMe ligue\u201d.<\/p>\n<p>O c\u00f3digo de seis d\u00edgitos que ser\u00e1 informado por mensagem de voz deve ser digitado no celular, a fim de concluir o cadastro. Para utilizar o aplicativo no computador basta acessar o <a href=\"https:\/\/web.whatsapp.com\/\" target=\"_blank\" rel=\"noopener noreferrer\">WhatsApp Web<\/a> pelo pr\u00f3prio equipamento e, com o celular, fazer a leitura do QR Code que ser\u00e1 exibido na tela. A partir da\u00ed as mensagens passar\u00e3o a ser exibidas diretamente no PC.<\/p>\n<p>Ainda, \u00e9 poss\u00edvel baixar o aplicativo na <a href=\"https:\/\/www.whatsapp.com\/download\" target=\"_blank\" rel=\"noopener noreferrer\">vers\u00e3o para computadores<\/a>, dispon\u00edvel para Windows e Mac.<\/p>\n<p>&nbsp;<\/p>\n","protected":false},"excerpt":{"rendered":"<p>O WhatsApp se tornou uma ferramenta de comunica\u00e7\u00e3o praticamente indispens\u00e1vel nos dias de hoje e os n\u00fameros n\u00e3o deixam d\u00favidas<\/p>\n","protected":false},"author":1,"featured_media":1386,"comment_status":"closed","ping_status":"open","sticky":false,"template":"","format":"standard","meta":{"footnotes":""},"categories":[10],"tags":[],"class_list":["post-1384","post","type-post","status-publish","format-standard","has-post-thumbnail","hentry","category-tecnologia"],"yoast_head":"<!-- This site is optimized with the Yoast SEO plugin v26.0 - https:\/\/yoast.com\/wordpress\/plugins\/seo\/ -->\n<title>WhatsApp para o seu neg\u00f3cio, com telefone fixo e na tela do computador - Comunidade Ativa<\/title>\n<meta name=\"robots\" content=\"index, follow, max-snippet:-1, max-image-preview:large, max-video-preview:-1\" \/>\n<link rel=\"canonical\" href=\"https:\/\/www.comunidadeativa.jor.br\/index.php\/2020\/11\/17\/whatsapp-para-o-seu-negocio-com-telefone-fixo-e-na-tela-do-computador\/\" \/>\n<meta property=\"og:locale\" content=\"pt_BR\" \/>\n<meta property=\"og:type\" content=\"article\" \/>\n<meta property=\"og:title\" content=\"WhatsApp para o seu neg\u00f3cio, com telefone fixo e na tela do computador - Comunidade Ativa\" \/>\n<meta property=\"og:description\" content=\"O WhatsApp se tornou uma ferramenta de comunica\u00e7\u00e3o praticamente indispens\u00e1vel nos dias de hoje e os n\u00fameros n\u00e3o deixam d\u00favidas\" \/>\n<meta property=\"og:url\" content=\"https:\/\/www.comunidadeativa.jor.br\/index.php\/2020\/11\/17\/whatsapp-para-o-seu-negocio-com-telefone-fixo-e-na-tela-do-computador\/\" \/>\n<meta property=\"og:site_name\" content=\"Comunidade Ativa\" \/>\n<meta property=\"article:publisher\" content=\"https:\/\/www.facebook.com\/comunidadeativa\" \/>\n<meta property=\"article:published_time\" content=\"2020-11-17T15:55:59+00:00\" \/>\n<meta property=\"article:modified_time\" content=\"2023-08-11T19:36:03+00:00\" \/>\n<meta property=\"og:image\" content=\"https:\/\/www.comunidadeativa.jor.br\/wp-content\/uploads\/2020\/11\/capa-8.jpg\" \/>\n\t<meta property=\"og:image:width\" content=\"640\" \/>\n\t<meta property=\"og:image:height\" content=\"352\" \/>\n\t<meta property=\"og:image:type\" content=\"image\/jpeg\" \/>\n<meta name=\"author\" content=\"Comunidade Ativa\" \/>\n<meta name=\"twitter:card\" content=\"summary_large_image\" \/>\n<meta name=\"twitter:label1\" content=\"Escrito por\" \/>\n\t<meta name=\"twitter:data1\" content=\"Comunidade Ativa\" \/>\n\t<meta name=\"twitter:label2\" content=\"Est. tempo de leitura\" \/>\n\t<meta name=\"twitter:data2\" content=\"3 minutos\" \/>\n<script type=\"application\/ld+json\" class=\"yoast-schema-graph\">{\"@context\":\"https:\/\/schema.org\",\"@graph\":[{\"@type\":\"Article\",\"@id\":\"https:\/\/www.comunidadeativa.jor.br\/index.php\/2020\/11\/17\/whatsapp-para-o-seu-negocio-com-telefone-fixo-e-na-tela-do-computador\/#article\",\"isPartOf\":{\"@id\":\"https:\/\/www.comunidadeativa.jor.br\/index.php\/2020\/11\/17\/whatsapp-para-o-seu-negocio-com-telefone-fixo-e-na-tela-do-computador\/\"},\"author\":{\"name\":\"Comunidade Ativa\",\"@id\":\"https:\/\/www.comunidadeativa.jor.br\/#\/schema\/person\/dcaa1f1c51c1f0c47a33b2b734cad6e1\"},\"headline\":\"WhatsApp para o seu neg\u00f3cio, com telefone fixo e na tela do computador\",\"datePublished\":\"2020-11-17T15:55:59+00:00\",\"dateModified\":\"2023-08-11T19:36:03+00:00\",\"mainEntityOfPage\":{\"@id\":\"https:\/\/www.comunidadeativa.jor.br\/index.php\/2020\/11\/17\/whatsapp-para-o-seu-negocio-com-telefone-fixo-e-na-tela-do-computador\/\"},\"wordCount\":662,\"publisher\":{\"@id\":\"https:\/\/www.comunidadeativa.jor.br\/#organization\"},\"image\":{\"@id\":\"https:\/\/www.comunidadeativa.jor.br\/index.php\/2020\/11\/17\/whatsapp-para-o-seu-negocio-com-telefone-fixo-e-na-tela-do-computador\/#primaryimage\"},\"thumbnailUrl\":\"https:\/\/www.comunidadeativa.jor.br\/wp-content\/uploads\/2020\/11\/capa-8.jpg\",\"articleSection\":[\"Tecnologia\"],\"inLanguage\":\"pt-BR\"},{\"@type\":\"WebPage\",\"@id\":\"https:\/\/www.comunidadeativa.jor.br\/index.php\/2020\/11\/17\/whatsapp-para-o-seu-negocio-com-telefone-fixo-e-na-tela-do-computador\/\",\"url\":\"https:\/\/www.comunidadeativa.jor.br\/index.php\/2020\/11\/17\/whatsapp-para-o-seu-negocio-com-telefone-fixo-e-na-tela-do-computador\/\",\"name\":\"WhatsApp para o seu neg\u00f3cio, com telefone fixo e na tela do computador - Comunidade Ativa\",\"isPartOf\":{\"@id\":\"https:\/\/www.comunidadeativa.jor.br\/#website\"},\"primaryImageOfPage\":{\"@id\":\"https:\/\/www.comunidadeativa.jor.br\/index.php\/2020\/11\/17\/whatsapp-para-o-seu-negocio-com-telefone-fixo-e-na-tela-do-computador\/#primaryimage\"},\"image\":{\"@id\":\"https:\/\/www.comunidadeativa.jor.br\/index.php\/2020\/11\/17\/whatsapp-para-o-seu-negocio-com-telefone-fixo-e-na-tela-do-computador\/#primaryimage\"},\"thumbnailUrl\":\"https:\/\/www.comunidadeativa.jor.br\/wp-content\/uploads\/2020\/11\/capa-8.jpg\",\"datePublished\":\"2020-11-17T15:55:59+00:00\",\"dateModified\":\"2023-08-11T19:36:03+00:00\",\"breadcrumb\":{\"@id\":\"https:\/\/www.comunidadeativa.jor.br\/index.php\/2020\/11\/17\/whatsapp-para-o-seu-negocio-com-telefone-fixo-e-na-tela-do-computador\/#breadcrumb\"},\"inLanguage\":\"pt-BR\",\"potentialAction\":[{\"@type\":\"ReadAction\",\"target\":[\"https:\/\/www.comunidadeativa.jor.br\/index.php\/2020\/11\/17\/whatsapp-para-o-seu-negocio-com-telefone-fixo-e-na-tela-do-computador\/\"]}]},{\"@type\":\"ImageObject\",\"inLanguage\":\"pt-BR\",\"@id\":\"https:\/\/www.comunidadeativa.jor.br\/index.php\/2020\/11\/17\/whatsapp-para-o-seu-negocio-com-telefone-fixo-e-na-tela-do-computador\/#primaryimage\",\"url\":\"https:\/\/www.comunidadeativa.jor.br\/wp-content\/uploads\/2020\/11\/capa-8.jpg\",\"contentUrl\":\"https:\/\/www.comunidadeativa.jor.br\/wp-content\/uploads\/2020\/11\/capa-8.jpg\",\"width\":640,\"height\":352},{\"@type\":\"BreadcrumbList\",\"@id\":\"https:\/\/www.comunidadeativa.jor.br\/index.php\/2020\/11\/17\/whatsapp-para-o-seu-negocio-com-telefone-fixo-e-na-tela-do-computador\/#breadcrumb\",\"itemListElement\":[{\"@type\":\"ListItem\",\"position\":1,\"name\":\"In\u00edcio\",\"item\":\"https:\/\/www.comunidadeativa.jor.br\/\"},{\"@type\":\"ListItem\",\"position\":2,\"name\":\"WhatsApp para o seu neg\u00f3cio, com telefone fixo e na tela do computador\"}]},{\"@type\":\"WebSite\",\"@id\":\"https:\/\/www.comunidadeativa.jor.br\/#website\",\"url\":\"https:\/\/www.comunidadeativa.jor.br\/\",\"name\":\"Comunidade Ativa\",\"description\":\"\",\"publisher\":{\"@id\":\"https:\/\/www.comunidadeativa.jor.br\/#organization\"},\"potentialAction\":[{\"@type\":\"SearchAction\",\"target\":{\"@type\":\"EntryPoint\",\"urlTemplate\":\"https:\/\/www.comunidadeativa.jor.br\/?s={search_term_string}\"},\"query-input\":{\"@type\":\"PropertyValueSpecification\",\"valueRequired\":true,\"valueName\":\"search_term_string\"}}],\"inLanguage\":\"pt-BR\"},{\"@type\":\"Organization\",\"@id\":\"https:\/\/www.comunidadeativa.jor.br\/#organization\",\"name\":\"Comunidade Ativa\",\"url\":\"https:\/\/www.comunidadeativa.jor.br\/\",\"logo\":{\"@type\":\"ImageObject\",\"inLanguage\":\"pt-BR\",\"@id\":\"https:\/\/www.comunidadeativa.jor.br\/#\/schema\/logo\/image\/\",\"url\":\"https:\/\/www.comunidadeativa.jor.br\/wp-content\/uploads\/2018\/03\/cropped-LOGOPNG-1.png\",\"contentUrl\":\"https:\/\/www.comunidadeativa.jor.br\/wp-content\/uploads\/2018\/03\/cropped-LOGOPNG-1.png\",\"width\":318,\"height\":90,\"caption\":\"Comunidade Ativa\"},\"image\":{\"@id\":\"https:\/\/www.comunidadeativa.jor.br\/#\/schema\/logo\/image\/\"},\"sameAs\":[\"https:\/\/www.facebook.com\/comunidadeativa\"]},{\"@type\":\"Person\",\"@id\":\"https:\/\/www.comunidadeativa.jor.br\/#\/schema\/person\/dcaa1f1c51c1f0c47a33b2b734cad6e1\",\"name\":\"Comunidade Ativa\",\"image\":{\"@type\":\"ImageObject\",\"inLanguage\":\"pt-BR\",\"@id\":\"https:\/\/www.comunidadeativa.jor.br\/#\/schema\/person\/image\/\",\"url\":\"https:\/\/secure.gravatar.com\/avatar\/09a9a1f85fedf41e81b47f7c1d40084f?s=96&d=mm&r=g\",\"contentUrl\":\"https:\/\/secure.gravatar.com\/avatar\/09a9a1f85fedf41e81b47f7c1d40084f?s=96&d=mm&r=g\",\"caption\":\"Comunidade Ativa\"},\"url\":\"https:\/\/www.comunidadeativa.jor.br\/index.php\/author\/casalberto\/\"}]}<\/script>\n<!-- \/ Yoast SEO plugin. -->","yoast_head_json":{"title":"WhatsApp para o seu neg\u00f3cio, com telefone fixo e na tela do computador - Comunidade Ativa","robots":{"index":"index","follow":"follow","max-snippet":"max-snippet:-1","max-image-preview":"max-image-preview:large","max-video-preview":"max-video-preview:-1"},"canonical":"https:\/\/www.comunidadeativa.jor.br\/index.php\/2020\/11\/17\/whatsapp-para-o-seu-negocio-com-telefone-fixo-e-na-tela-do-computador\/","og_locale":"pt_BR","og_type":"article","og_title":"WhatsApp para o seu neg\u00f3cio, com telefone fixo e na tela do computador - Comunidade Ativa","og_description":"O WhatsApp se tornou uma ferramenta de comunica\u00e7\u00e3o praticamente indispens\u00e1vel nos dias de hoje e os n\u00fameros n\u00e3o deixam d\u00favidas","og_url":"https:\/\/www.comunidadeativa.jor.br\/index.php\/2020\/11\/17\/whatsapp-para-o-seu-negocio-com-telefone-fixo-e-na-tela-do-computador\/","og_site_name":"Comunidade Ativa","article_publisher":"https:\/\/www.facebook.com\/comunidadeativa","article_published_time":"2020-11-17T15:55:59+00:00","article_modified_time":"2023-08-11T19:36:03+00:00","og_image":[{"width":640,"height":352,"url":"https:\/\/www.comunidadeativa.jor.br\/wp-content\/uploads\/2020\/11\/capa-8.jpg","type":"image\/jpeg"}],"author":"Comunidade Ativa","twitter_card":"summary_large_image","twitter_misc":{"Escrito por":"Comunidade Ativa","Est. tempo de leitura":"3 minutos"},"schema":{"@context":"https:\/\/schema.org","@graph":[{"@type":"Article","@id":"https:\/\/www.comunidadeativa.jor.br\/index.php\/2020\/11\/17\/whatsapp-para-o-seu-negocio-com-telefone-fixo-e-na-tela-do-computador\/#article","isPartOf":{"@id":"https:\/\/www.comunidadeativa.jor.br\/index.php\/2020\/11\/17\/whatsapp-para-o-seu-negocio-com-telefone-fixo-e-na-tela-do-computador\/"},"author":{"name":"Comunidade Ativa","@id":"https:\/\/www.comunidadeativa.jor.br\/#\/schema\/person\/dcaa1f1c51c1f0c47a33b2b734cad6e1"},"headline":"WhatsApp para o seu neg\u00f3cio, com telefone fixo e na tela do computador","datePublished":"2020-11-17T15:55:59+00:00","dateModified":"2023-08-11T19:36:03+00:00","mainEntityOfPage":{"@id":"https:\/\/www.comunidadeativa.jor.br\/index.php\/2020\/11\/17\/whatsapp-para-o-seu-negocio-com-telefone-fixo-e-na-tela-do-computador\/"},"wordCount":662,"publisher":{"@id":"https:\/\/www.comunidadeativa.jor.br\/#organization"},"image":{"@id":"https:\/\/www.comunidadeativa.jor.br\/index.php\/2020\/11\/17\/whatsapp-para-o-seu-negocio-com-telefone-fixo-e-na-tela-do-computador\/#primaryimage"},"thumbnailUrl":"https:\/\/www.comunidadeativa.jor.br\/wp-content\/uploads\/2020\/11\/capa-8.jpg","articleSection":["Tecnologia"],"inLanguage":"pt-BR"},{"@type":"WebPage","@id":"https:\/\/www.comunidadeativa.jor.br\/index.php\/2020\/11\/17\/whatsapp-para-o-seu-negocio-com-telefone-fixo-e-na-tela-do-computador\/","url":"https:\/\/www.comunidadeativa.jor.br\/index.php\/2020\/11\/17\/whatsapp-para-o-seu-negocio-com-telefone-fixo-e-na-tela-do-computador\/","name":"WhatsApp para o seu neg\u00f3cio, com telefone fixo e na tela do computador - Comunidade Ativa","isPartOf":{"@id":"https:\/\/www.comunidadeativa.jor.br\/#website"},"primaryImageOfPage":{"@id":"https:\/\/www.comunidadeativa.jor.br\/index.php\/2020\/11\/17\/whatsapp-para-o-seu-negocio-com-telefone-fixo-e-na-tela-do-computador\/#primaryimage"},"image":{"@id":"https:\/\/www.comunidadeativa.jor.br\/index.php\/2020\/11\/17\/whatsapp-para-o-seu-negocio-com-telefone-fixo-e-na-tela-do-computador\/#primaryimage"},"thumbnailUrl":"https:\/\/www.comunidadeativa.jor.br\/wp-content\/uploads\/2020\/11\/capa-8.jpg","datePublished":"2020-11-17T15:55:59+00:00","dateModified":"2023-08-11T19:36:03+00:00","breadcrumb":{"@id":"https:\/\/www.comunidadeativa.jor.br\/index.php\/2020\/11\/17\/whatsapp-para-o-seu-negocio-com-telefone-fixo-e-na-tela-do-computador\/#breadcrumb"},"inLanguage":"pt-BR","potentialAction":[{"@type":"ReadAction","target":["https:\/\/www.comunidadeativa.jor.br\/index.php\/2020\/11\/17\/whatsapp-para-o-seu-negocio-com-telefone-fixo-e-na-tela-do-computador\/"]}]},{"@type":"ImageObject","inLanguage":"pt-BR","@id":"https:\/\/www.comunidadeativa.jor.br\/index.php\/2020\/11\/17\/whatsapp-para-o-seu-negocio-com-telefone-fixo-e-na-tela-do-computador\/#primaryimage","url":"https:\/\/www.comunidadeativa.jor.br\/wp-content\/uploads\/2020\/11\/capa-8.jpg","contentUrl":"https:\/\/www.comunidadeativa.jor.br\/wp-content\/uploads\/2020\/11\/capa-8.jpg","width":640,"height":352},{"@type":"BreadcrumbList","@id":"https:\/\/www.comunidadeativa.jor.br\/index.php\/2020\/11\/17\/whatsapp-para-o-seu-negocio-com-telefone-fixo-e-na-tela-do-computador\/#breadcrumb","itemListElement":[{"@type":"ListItem","position":1,"name":"In\u00edcio","item":"https:\/\/www.comunidadeativa.jor.br\/"},{"@type":"ListItem","position":2,"name":"WhatsApp para o seu neg\u00f3cio, com telefone fixo e na tela do computador"}]},{"@type":"WebSite","@id":"https:\/\/www.comunidadeativa.jor.br\/#website","url":"https:\/\/www.comunidadeativa.jor.br\/","name":"Comunidade Ativa","description":"","publisher":{"@id":"https:\/\/www.comunidadeativa.jor.br\/#organization"},"potentialAction":[{"@type":"SearchAction","target":{"@type":"EntryPoint","urlTemplate":"https:\/\/www.comunidadeativa.jor.br\/?s={search_term_string}"},"query-input":{"@type":"PropertyValueSpecification","valueRequired":true,"valueName":"search_term_string"}}],"inLanguage":"pt-BR"},{"@type":"Organization","@id":"https:\/\/www.comunidadeativa.jor.br\/#organization","name":"Comunidade Ativa","url":"https:\/\/www.comunidadeativa.jor.br\/","logo":{"@type":"ImageObject","inLanguage":"pt-BR","@id":"https:\/\/www.comunidadeativa.jor.br\/#\/schema\/logo\/image\/","url":"https:\/\/www.comunidadeativa.jor.br\/wp-content\/uploads\/2018\/03\/cropped-LOGOPNG-1.png","contentUrl":"https:\/\/www.comunidadeativa.jor.br\/wp-content\/uploads\/2018\/03\/cropped-LOGOPNG-1.png","width":318,"height":90,"caption":"Comunidade Ativa"},"image":{"@id":"https:\/\/www.comunidadeativa.jor.br\/#\/schema\/logo\/image\/"},"sameAs":["https:\/\/www.facebook.com\/comunidadeativa"]},{"@type":"Person","@id":"https:\/\/www.comunidadeativa.jor.br\/#\/schema\/person\/dcaa1f1c51c1f0c47a33b2b734cad6e1","name":"Comunidade Ativa","image":{"@type":"ImageObject","inLanguage":"pt-BR","@id":"https:\/\/www.comunidadeativa.jor.br\/#\/schema\/person\/image\/","url":"https:\/\/secure.gravatar.com\/avatar\/09a9a1f85fedf41e81b47f7c1d40084f?s=96&d=mm&r=g","contentUrl":"https:\/\/secure.gravatar.com\/avatar\/09a9a1f85fedf41e81b47f7c1d40084f?s=96&d=mm&r=g","caption":"Comunidade Ativa"},"url":"https:\/\/www.comunidadeativa.jor.br\/index.php\/author\/casalberto\/"}]}},"_links":{"self":[{"href":"https:\/\/www.comunidadeativa.jor.br\/index.php\/wp-json\/wp\/v2\/posts\/1384","targetHints":{"allow":["GET"]}}],"collection":[{"href":"https:\/\/www.comunidadeativa.jor.br\/index.php\/wp-json\/wp\/v2\/posts"}],"about":[{"href":"https:\/\/www.comunidadeativa.jor.br\/index.php\/wp-json\/wp\/v2\/types\/post"}],"author":[{"embeddable":true,"href":"https:\/\/www.comunidadeativa.jor.br\/index.php\/wp-json\/wp\/v2\/users\/1"}],"replies":[{"embeddable":true,"href":"https:\/\/www.comunidadeativa.jor.br\/index.php\/wp-json\/wp\/v2\/comments?post=1384"}],"version-history":[{"count":2,"href":"https:\/\/www.comunidadeativa.jor.br\/index.php\/wp-json\/wp\/v2\/posts\/1384\/revisions"}],"predecessor-version":[{"id":3752,"href":"https:\/\/www.comunidadeativa.jor.br\/index.php\/wp-json\/wp\/v2\/posts\/1384\/revisions\/3752"}],"wp:featuredmedia":[{"embeddable":true,"href":"https:\/\/www.comunidadeativa.jor.br\/index.php\/wp-json\/wp\/v2\/media\/1386"}],"wp:attachment":[{"href":"https:\/\/www.comunidadeativa.jor.br\/index.php\/wp-json\/wp\/v2\/media?parent=1384"}],"wp:term":[{"taxonomy":"category","embeddable":true,"href":"https:\/\/www.comunidadeativa.jor.br\/index.php\/wp-json\/wp\/v2\/categories?post=1384"},{"taxonomy":"post_tag","embeddable":true,"href":"https:\/\/www.comunidadeativa.jor.br\/index.php\/wp-json\/wp\/v2\/tags?post=1384"}],"curies":[{"name":"wp","href":"https:\/\/api.w.org\/{rel}","templated":true}]}}