{"id":1430,"date":"2020-11-25T14:47:07","date_gmt":"2020-11-25T17:47:07","guid":{"rendered":"https:\/\/www.comunidadeativa.jor.br\/?p=1430"},"modified":"2023-08-11T16:38:19","modified_gmt":"2023-08-11T19:38:19","slug":"conheca-a-historia-da-black-friday-e-saiba-como-aproveitar-o-dia-sem-sustos","status":"publish","type":"post","link":"https:\/\/www.comunidadeativa.jor.br\/index.php\/2020\/11\/25\/conheca-a-historia-da-black-friday-e-saiba-como-aproveitar-o-dia-sem-sustos\/","title":{"rendered":"Conhe\u00e7a a hist\u00f3ria da Black Friday e saiba como aproveitar o dia sem sustos"},"content":{"rendered":"<p>Importada dos Estados Unidos, a Black Friday tamb\u00e9m j\u00e1 se tornou uma tradi\u00e7\u00e3o no Brasil. Afinal, j\u00e1 se v\u00e3o 10 anos desde que a ideia de um dia anual de descontos come\u00e7ou a fazer toda a diferen\u00e7a no caixa das empresas e no bolso do consumidor. Mas, pra que isso aconte\u00e7a, \u00e9 preciso ter aten\u00e7\u00e3o na hora de comprar e n\u00e3o se deixar enganar por uma \u201cblack fraude\u201d e comprar \u201ctudo pela metade do dobro\u201d, como dizem as brincadeiras sobre o evento.<\/p>\n<p>Confira a seguir um pouco da hist\u00f3ria desta a\u00e7\u00e3o e sobre como, na pr\u00f3xima sexta-feira, dia 27, voc\u00ea pode aproveit\u00e1-la para economizar na compra dos itens que voc\u00ea precisa.<\/p>\n<h6>Dia de A\u00e7\u00e3o de Gra\u00e7as<\/h6>\n<p>Diferente do Brasil, que tem no Natal o ponto alto da celebra\u00e7\u00e3o religiosa crist\u00e3, para grande parte dos americanos, o <a href=\"https:\/\/www.britannica.com\/place\/Plymouth-county-Massachusetts\" target=\"_blank\" rel=\"noopener noreferrer\"><em>Thanksgiving Day<\/em><\/a>, o Dia de A\u00e7\u00e3o de Gra\u00e7as, \u00e9 o feriado mais importante do ano. Comemorado sempre na quarta quinta-feira de novembro, a data serve para que as pessoas agrade\u00e7am a Deus as d\u00e1divas recebidas, o que vem sendo feito desde 1621.<\/p>\n<p>Foi naquele ano que, ap\u00f3s um per\u00edodo de colheita fraca, um grupo de colonos da cidade de Plymouth, no estado de Massachusetts, nos Estados Unidos, resolveu celebrar o bom resultado da lavoura. Pra isso, foram a campo ca\u00e7ar aves, principalmente perus, que seriam servidas em um banquete aberto para toda a comunidade. Para incrementar os pratos eles tamb\u00e9m receberam outros alimentos como contribui\u00e7\u00e3o dos \u00edndios wampanoag, que se uniram \u00e0 comemora\u00e7\u00e3o.<\/p>\n<p>Dali em diante, o Dia de A\u00e7\u00e3o de Gra\u00e7as se espalhou pelo restante da Nova Inglaterra, como os Estados Unidos eram denominados \u00e0 \u00e9poca, com cada regi\u00e3o escolhendo um dia para comemor\u00e1-lo. Somente em 1942, ap\u00f3s uma declara\u00e7\u00e3o conjunta do Congresso, o presidente Franklin Delano Roosevelt definiu um dia nacional de dar gra\u00e7as a Deus na forma como permanece at\u00e9 hoje.<\/p>\n<h6>E a Black Friday com isso?<\/h6>\n<p>Mesmo antes da unifica\u00e7\u00e3o da data, j\u00e1 no in\u00edcio do s\u00e9culo 20, os comerciantes percebiam muito bem o quanto aquele feriado era ben\u00e9fico para os neg\u00f3cios. Em 1905, quando come\u00e7aram os Desfiles de A\u00e7\u00e3o de Gra\u00e7as, ficou clara a capacidade do evento para atrair a aten\u00e7\u00e3o do p\u00fablico. Mas, foi somente em 1924 que o desfile da loja de departamentos Macy&#8217;s, de Nova Iorque, se apresentou como um impulso para as compras de fim de ano.\u00a0Para evitar a concorr\u00eancia desleal, a partir daquele ano, os comerciantes fizeram um acordo de cavalheiros que definia a sexta-feira imediatamente ap\u00f3s o feriado de A\u00e7\u00e3o de Gra\u00e7as como a data de lan\u00e7amento das campanhas e das promo\u00e7\u00f5es natalinas.<\/p>\n<p>Existem diferentes teorias para a origem do nome. Uma delas disse que, como na pr\u00e1tica cont\u00e1bil do com\u00e9rcio da \u00e9poca o preju\u00edzo era assinalado nos livros com tinta vermelha e o lucro com tinta preta, teria se popularizado a ideia de aquela sexta-feira (Friday em ingl\u00eas) de \u00f3timas vendas seria de usar a tinta preta (black) para anotar os lucros.<\/p>\n<p>De fato, anos antes o termo Black Friday j\u00e1 havia sido usado para uma sexta-feira quando houve um quebra nas bolsas, o que n\u00e3o tem uma conex\u00e3o l\u00f3gica com o evento. H\u00e1 ainda uma teoria que busca associar o termo a manifesta\u00e7\u00f5es racistas que teriam ocorrido na Filadelfia, quest\u00e3o que tem sido levada a s\u00e9rio por algumas empresas. Tanto que o Grupo Botic\u00e1rio resolveu n\u00e3o mais usar o denomina\u00e7\u00e3o Black Friday para suas a\u00e7\u00f5es promocionais desta \u00e9poca e a substituiu por <em>Beauty Week<\/em> (Semana da Beleza).<\/p>\n<h6>Black Friday no Brasil<\/h6>\n<p>No Brasil a Black Friday chegou de forma organizada em 2010, pelas m\u00e3os do publicit\u00e1rio Pedro Eug\u00eanio, que inaugurou a a\u00e7\u00e3o de forma coordenada no pa\u00eds. Na ocasi\u00e3o, Eug\u00eanio estabeleceu regras que devem ser seguidas pelas empresas que desejam participar do evento oficial.<\/p>\n<p>A partir do <a href=\"https:\/\/www.blackfriday.org.br\/\" target=\"_blank\" rel=\"noopener noreferrer\">site oficial do evento<\/a>, a organiza\u00e7\u00e3o comandada pelo publicit\u00e1rio apresenta informa\u00e7\u00f5es para os empresas que desejam participar da Black Friday e busca padronizar a a\u00e7\u00e3o.<\/p>\n<h6>Aproveite, sem sustos<\/h6>\n<p>Em qualquer \u00e9poca, a compra por impulso \u00e9 uma grande inimiga do consumidor. Por isso, tamb\u00e9m na Black Friday \u00e9 preciso conter a vontade de comprar e prestar aten\u00e7\u00e3o em alguns detalhes, que podem significar a diferen\u00e7a entre uma boa compra e outra que poder\u00e1 trazer arrependimento e dor de cabe\u00e7a.<\/p>\n<p>Para ajudar, apresentamos algumas dicas.<\/p>\n<p><strong>N\u00e3o se deixe convencer t\u00e3o r\u00e1pido<\/strong><\/p>\n<p>\u00c9 fato que muitas das promo\u00e7\u00f5es da Black Friday permanecer\u00e3o v\u00e1lidas somente para a sexta-feira, que, neste ano cai no dia 27. Por\u00e9m, \u00e9 preciso lembrar que a propaganda existe para estimular a compra e ela n\u00e3o est\u00e1 preocupada com o seu bolso. Por isso, \u00e9 importante usar o senso cr\u00edtico e n\u00e3o se deixar convencer com muita facilidade.<\/p>\n<p>Seja \u00e1gil, mas n\u00e3o deixe de fazer uma pesquisa em outras lojas. Nesse sentido, usar e abusar da internet \u00e9 uma excelente sa\u00edda. Visitar v\u00e1rias lojas e comparar os pre\u00e7os pode representar uma \u00f3tima economia.<\/p>\n<p><strong>Aten\u00e7\u00e3o para o frete<\/strong><\/p>\n<p>A compra pela internet realmente ajuda na hora de economizar na Black Friday, mas pra que isso aconte\u00e7a \u00e9 preciso comparar tamb\u00e9m os valores dos fretes, que podem variar de uma loja pra outra. Al\u00e9m disso, dependendo do valor cobrado, pode ser mais vantajoso comprar em uma loja f\u00edsica.<\/p>\n<h6>Pergunte-se antes: \u201cser\u00e1 que realmente eu preciso disso?\u201d<\/h6>\n<p>De fato, \u00e9 poss\u00edvel que voc\u00ea encontre uma cela de cavalo por um pre\u00e7o excelente durante a Black Friday. Mas, voc\u00ea tem cavalo? Conhece algu\u00e9m que tenha e que voc\u00ea pode presentear com uma cela?<\/p>\n<p>Essa ideia da cela pode parecer extrema, mas ela ilustra muito bem uma realidade. Muitas vezes, a propaganda maci\u00e7a e a urg\u00eancia da Black Friday podem fazer com que a pessoa compre algo por um pre\u00e7o excelente masi que \u00e9 completamente in\u00fatil ou que tem pouca serventia para a vida dela.<\/p>\n<h6>Cuidado com as fraudes<\/h6>\n<p>Como em qualquer ocasi\u00e3o, tamb\u00e9m na Black Friday os oportunistas estar\u00e3o \u00e0 espreita dos compradores mais afoitos e dos menos atentos. Por isso, aumente os cuidados quanto \u00e0 possibilidade de fraudes.<\/p>\n<p>No v\u00eddeo abaixo, o rep\u00f3rter Rafael Barifouse, da BBC, refor\u00e7a algumas dicas que j\u00e1 passamos aqui, fala sobre outras e explica alguns golpes que podem estar aguardando por voc\u00ea nesta Black Friday.<\/p>\n<p>Ent\u00e3o, fica a dica final: tomando os cuidados devidos, voc\u00ea poder\u00e1 realizar \u00f3timas compras e economizar um bom dinheiro, inclusive com os presentes de Natal.<\/p>\n<p>Ent\u00e3o, aproveite&#8230;com modera\u00e7\u00e3o!<\/p>\n<p>&nbsp;<\/p>\n<p><strong><em>Aproveite melhor esta mat\u00e9ria<\/em><\/strong><\/p>\n<p><em>Para mais informa\u00e7\u00f5es sobre os temas abordados nessa mat\u00e9ria, acesse os links dispon\u00edveis ao longo do texto. Eles remetem \u00e0s fontes utilizadas aqui.\u00a0<\/em><\/p>\n<p><em>Uma dica: os artigos fora da p\u00e1gina do Comunidade Ativa que n\u00e3o estiverem em portugu\u00eas podem ser traduzidos automaticamente pelo navegador pelo seu navegador. Pra isso, basta clicar com o bot\u00e3o direito em qualquer ponto do texto a ser traduzido e escolher a op\u00e7\u00e3o \u201cTraduzir para o portugu\u00eas\u201d.\u00a0<\/em><\/p>\n","protected":false},"excerpt":{"rendered":"<p>Importada dos Estados Unidos, a Black Friday tamb\u00e9m j\u00e1 se tornou uma tradi\u00e7\u00e3o no Brasil. Afinal, j\u00e1 se v\u00e3o 10<\/p>\n","protected":false},"author":1,"featured_media":1431,"comment_status":"closed","ping_status":"open","sticky":false,"template":"","format":"standard","meta":{"footnotes":""},"categories":[15],"tags":[],"class_list":["post-1430","post","type-post","status-publish","format-standard","has-post-thumbnail","hentry","category-cultura"],"yoast_head":"<!-- This site is optimized with the Yoast SEO plugin v26.0 - https:\/\/yoast.com\/wordpress\/plugins\/seo\/ -->\n<title>Conhe\u00e7a a hist\u00f3ria da Black Friday e saiba como aproveitar o dia sem sustos - Comunidade Ativa<\/title>\n<meta name=\"robots\" content=\"index, follow, max-snippet:-1, max-image-preview:large, max-video-preview:-1\" \/>\n<link rel=\"canonical\" href=\"https:\/\/www.comunidadeativa.jor.br\/index.php\/2020\/11\/25\/conheca-a-historia-da-black-friday-e-saiba-como-aproveitar-o-dia-sem-sustos\/\" \/>\n<meta property=\"og:locale\" content=\"pt_BR\" \/>\n<meta property=\"og:type\" content=\"article\" \/>\n<meta property=\"og:title\" content=\"Conhe\u00e7a a hist\u00f3ria da Black Friday e saiba como aproveitar o dia sem sustos - Comunidade Ativa\" \/>\n<meta property=\"og:description\" content=\"Importada dos Estados Unidos, a Black Friday tamb\u00e9m j\u00e1 se tornou uma tradi\u00e7\u00e3o no Brasil. Afinal, j\u00e1 se v\u00e3o 10\" \/>\n<meta property=\"og:url\" content=\"https:\/\/www.comunidadeativa.jor.br\/index.php\/2020\/11\/25\/conheca-a-historia-da-black-friday-e-saiba-como-aproveitar-o-dia-sem-sustos\/\" \/>\n<meta property=\"og:site_name\" content=\"Comunidade Ativa\" \/>\n<meta property=\"article:publisher\" content=\"https:\/\/www.facebook.com\/comunidadeativa\" \/>\n<meta property=\"article:published_time\" content=\"2020-11-25T17:47:07+00:00\" \/>\n<meta property=\"article:modified_time\" content=\"2023-08-11T19:38:19+00:00\" \/>\n<meta property=\"og:image\" content=\"https:\/\/www.comunidadeativa.jor.br\/wp-content\/uploads\/2020\/11\/capa-14.jpg\" \/>\n\t<meta property=\"og:image:width\" content=\"640\" \/>\n\t<meta property=\"og:image:height\" content=\"352\" \/>\n\t<meta property=\"og:image:type\" content=\"image\/jpeg\" \/>\n<meta name=\"author\" content=\"Comunidade Ativa\" \/>\n<meta name=\"twitter:card\" content=\"summary_large_image\" \/>\n<meta name=\"twitter:label1\" content=\"Escrito por\" \/>\n\t<meta name=\"twitter:data1\" content=\"Comunidade Ativa\" \/>\n\t<meta name=\"twitter:label2\" content=\"Est. tempo de leitura\" \/>\n\t<meta name=\"twitter:data2\" content=\"6 minutos\" \/>\n<script type=\"application\/ld+json\" class=\"yoast-schema-graph\">{\"@context\":\"https:\/\/schema.org\",\"@graph\":[{\"@type\":\"Article\",\"@id\":\"https:\/\/www.comunidadeativa.jor.br\/index.php\/2020\/11\/25\/conheca-a-historia-da-black-friday-e-saiba-como-aproveitar-o-dia-sem-sustos\/#article\",\"isPartOf\":{\"@id\":\"https:\/\/www.comunidadeativa.jor.br\/index.php\/2020\/11\/25\/conheca-a-historia-da-black-friday-e-saiba-como-aproveitar-o-dia-sem-sustos\/\"},\"author\":{\"name\":\"Comunidade Ativa\",\"@id\":\"https:\/\/www.comunidadeativa.jor.br\/#\/schema\/person\/dcaa1f1c51c1f0c47a33b2b734cad6e1\"},\"headline\":\"Conhe\u00e7a a hist\u00f3ria da Black Friday e saiba como aproveitar o dia sem sustos\",\"datePublished\":\"2020-11-25T17:47:07+00:00\",\"dateModified\":\"2023-08-11T19:38:19+00:00\",\"mainEntityOfPage\":{\"@id\":\"https:\/\/www.comunidadeativa.jor.br\/index.php\/2020\/11\/25\/conheca-a-historia-da-black-friday-e-saiba-como-aproveitar-o-dia-sem-sustos\/\"},\"wordCount\":1246,\"publisher\":{\"@id\":\"https:\/\/www.comunidadeativa.jor.br\/#organization\"},\"image\":{\"@id\":\"https:\/\/www.comunidadeativa.jor.br\/index.php\/2020\/11\/25\/conheca-a-historia-da-black-friday-e-saiba-como-aproveitar-o-dia-sem-sustos\/#primaryimage\"},\"thumbnailUrl\":\"https:\/\/www.comunidadeativa.jor.br\/wp-content\/uploads\/2020\/11\/capa-14.jpg\",\"articleSection\":[\"Cultura\"],\"inLanguage\":\"pt-BR\"},{\"@type\":\"WebPage\",\"@id\":\"https:\/\/www.comunidadeativa.jor.br\/index.php\/2020\/11\/25\/conheca-a-historia-da-black-friday-e-saiba-como-aproveitar-o-dia-sem-sustos\/\",\"url\":\"https:\/\/www.comunidadeativa.jor.br\/index.php\/2020\/11\/25\/conheca-a-historia-da-black-friday-e-saiba-como-aproveitar-o-dia-sem-sustos\/\",\"name\":\"Conhe\u00e7a a hist\u00f3ria da Black Friday e saiba como aproveitar o dia sem sustos - Comunidade Ativa\",\"isPartOf\":{\"@id\":\"https:\/\/www.comunidadeativa.jor.br\/#website\"},\"primaryImageOfPage\":{\"@id\":\"https:\/\/www.comunidadeativa.jor.br\/index.php\/2020\/11\/25\/conheca-a-historia-da-black-friday-e-saiba-como-aproveitar-o-dia-sem-sustos\/#primaryimage\"},\"image\":{\"@id\":\"https:\/\/www.comunidadeativa.jor.br\/index.php\/2020\/11\/25\/conheca-a-historia-da-black-friday-e-saiba-como-aproveitar-o-dia-sem-sustos\/#primaryimage\"},\"thumbnailUrl\":\"https:\/\/www.comunidadeativa.jor.br\/wp-content\/uploads\/2020\/11\/capa-14.jpg\",\"datePublished\":\"2020-11-25T17:47:07+00:00\",\"dateModified\":\"2023-08-11T19:38:19+00:00\",\"breadcrumb\":{\"@id\":\"https:\/\/www.comunidadeativa.jor.br\/index.php\/2020\/11\/25\/conheca-a-historia-da-black-friday-e-saiba-como-aproveitar-o-dia-sem-sustos\/#breadcrumb\"},\"inLanguage\":\"pt-BR\",\"potentialAction\":[{\"@type\":\"ReadAction\",\"target\":[\"https:\/\/www.comunidadeativa.jor.br\/index.php\/2020\/11\/25\/conheca-a-historia-da-black-friday-e-saiba-como-aproveitar-o-dia-sem-sustos\/\"]}]},{\"@type\":\"ImageObject\",\"inLanguage\":\"pt-BR\",\"@id\":\"https:\/\/www.comunidadeativa.jor.br\/index.php\/2020\/11\/25\/conheca-a-historia-da-black-friday-e-saiba-como-aproveitar-o-dia-sem-sustos\/#primaryimage\",\"url\":\"https:\/\/www.comunidadeativa.jor.br\/wp-content\/uploads\/2020\/11\/capa-14.jpg\",\"contentUrl\":\"https:\/\/www.comunidadeativa.jor.br\/wp-content\/uploads\/2020\/11\/capa-14.jpg\",\"width\":640,\"height\":352},{\"@type\":\"BreadcrumbList\",\"@id\":\"https:\/\/www.comunidadeativa.jor.br\/index.php\/2020\/11\/25\/conheca-a-historia-da-black-friday-e-saiba-como-aproveitar-o-dia-sem-sustos\/#breadcrumb\",\"itemListElement\":[{\"@type\":\"ListItem\",\"position\":1,\"name\":\"In\u00edcio\",\"item\":\"https:\/\/www.comunidadeativa.jor.br\/\"},{\"@type\":\"ListItem\",\"position\":2,\"name\":\"Conhe\u00e7a a hist\u00f3ria da Black Friday e saiba como aproveitar o dia sem sustos\"}]},{\"@type\":\"WebSite\",\"@id\":\"https:\/\/www.comunidadeativa.jor.br\/#website\",\"url\":\"https:\/\/www.comunidadeativa.jor.br\/\",\"name\":\"Comunidade Ativa\",\"description\":\"\",\"publisher\":{\"@id\":\"https:\/\/www.comunidadeativa.jor.br\/#organization\"},\"potentialAction\":[{\"@type\":\"SearchAction\",\"target\":{\"@type\":\"EntryPoint\",\"urlTemplate\":\"https:\/\/www.comunidadeativa.jor.br\/?s={search_term_string}\"},\"query-input\":{\"@type\":\"PropertyValueSpecification\",\"valueRequired\":true,\"valueName\":\"search_term_string\"}}],\"inLanguage\":\"pt-BR\"},{\"@type\":\"Organization\",\"@id\":\"https:\/\/www.comunidadeativa.jor.br\/#organization\",\"name\":\"Comunidade Ativa\",\"url\":\"https:\/\/www.comunidadeativa.jor.br\/\",\"logo\":{\"@type\":\"ImageObject\",\"inLanguage\":\"pt-BR\",\"@id\":\"https:\/\/www.comunidadeativa.jor.br\/#\/schema\/logo\/image\/\",\"url\":\"https:\/\/www.comunidadeativa.jor.br\/wp-content\/uploads\/2018\/03\/cropped-LOGOPNG-1.png\",\"contentUrl\":\"https:\/\/www.comunidadeativa.jor.br\/wp-content\/uploads\/2018\/03\/cropped-LOGOPNG-1.png\",\"width\":318,\"height\":90,\"caption\":\"Comunidade Ativa\"},\"image\":{\"@id\":\"https:\/\/www.comunidadeativa.jor.br\/#\/schema\/logo\/image\/\"},\"sameAs\":[\"https:\/\/www.facebook.com\/comunidadeativa\"]},{\"@type\":\"Person\",\"@id\":\"https:\/\/www.comunidadeativa.jor.br\/#\/schema\/person\/dcaa1f1c51c1f0c47a33b2b734cad6e1\",\"name\":\"Comunidade Ativa\",\"image\":{\"@type\":\"ImageObject\",\"inLanguage\":\"pt-BR\",\"@id\":\"https:\/\/www.comunidadeativa.jor.br\/#\/schema\/person\/image\/\",\"url\":\"https:\/\/secure.gravatar.com\/avatar\/09a9a1f85fedf41e81b47f7c1d40084f?s=96&d=mm&r=g\",\"contentUrl\":\"https:\/\/secure.gravatar.com\/avatar\/09a9a1f85fedf41e81b47f7c1d40084f?s=96&d=mm&r=g\",\"caption\":\"Comunidade Ativa\"},\"url\":\"https:\/\/www.comunidadeativa.jor.br\/index.php\/author\/casalberto\/\"}]}<\/script>\n<!-- \/ Yoast SEO plugin. -->","yoast_head_json":{"title":"Conhe\u00e7a a hist\u00f3ria da Black Friday e saiba como aproveitar o dia sem sustos - Comunidade Ativa","robots":{"index":"index","follow":"follow","max-snippet":"max-snippet:-1","max-image-preview":"max-image-preview:large","max-video-preview":"max-video-preview:-1"},"canonical":"https:\/\/www.comunidadeativa.jor.br\/index.php\/2020\/11\/25\/conheca-a-historia-da-black-friday-e-saiba-como-aproveitar-o-dia-sem-sustos\/","og_locale":"pt_BR","og_type":"article","og_title":"Conhe\u00e7a a hist\u00f3ria da Black Friday e saiba como aproveitar o dia sem sustos - Comunidade Ativa","og_description":"Importada dos Estados Unidos, a Black Friday tamb\u00e9m j\u00e1 se tornou uma tradi\u00e7\u00e3o no Brasil. Afinal, j\u00e1 se v\u00e3o 10","og_url":"https:\/\/www.comunidadeativa.jor.br\/index.php\/2020\/11\/25\/conheca-a-historia-da-black-friday-e-saiba-como-aproveitar-o-dia-sem-sustos\/","og_site_name":"Comunidade Ativa","article_publisher":"https:\/\/www.facebook.com\/comunidadeativa","article_published_time":"2020-11-25T17:47:07+00:00","article_modified_time":"2023-08-11T19:38:19+00:00","og_image":[{"width":640,"height":352,"url":"https:\/\/www.comunidadeativa.jor.br\/wp-content\/uploads\/2020\/11\/capa-14.jpg","type":"image\/jpeg"}],"author":"Comunidade Ativa","twitter_card":"summary_large_image","twitter_misc":{"Escrito por":"Comunidade Ativa","Est. tempo de leitura":"6 minutos"},"schema":{"@context":"https:\/\/schema.org","@graph":[{"@type":"Article","@id":"https:\/\/www.comunidadeativa.jor.br\/index.php\/2020\/11\/25\/conheca-a-historia-da-black-friday-e-saiba-como-aproveitar-o-dia-sem-sustos\/#article","isPartOf":{"@id":"https:\/\/www.comunidadeativa.jor.br\/index.php\/2020\/11\/25\/conheca-a-historia-da-black-friday-e-saiba-como-aproveitar-o-dia-sem-sustos\/"},"author":{"name":"Comunidade Ativa","@id":"https:\/\/www.comunidadeativa.jor.br\/#\/schema\/person\/dcaa1f1c51c1f0c47a33b2b734cad6e1"},"headline":"Conhe\u00e7a a hist\u00f3ria da Black Friday e saiba como aproveitar o dia sem sustos","datePublished":"2020-11-25T17:47:07+00:00","dateModified":"2023-08-11T19:38:19+00:00","mainEntityOfPage":{"@id":"https:\/\/www.comunidadeativa.jor.br\/index.php\/2020\/11\/25\/conheca-a-historia-da-black-friday-e-saiba-como-aproveitar-o-dia-sem-sustos\/"},"wordCount":1246,"publisher":{"@id":"https:\/\/www.comunidadeativa.jor.br\/#organization"},"image":{"@id":"https:\/\/www.comunidadeativa.jor.br\/index.php\/2020\/11\/25\/conheca-a-historia-da-black-friday-e-saiba-como-aproveitar-o-dia-sem-sustos\/#primaryimage"},"thumbnailUrl":"https:\/\/www.comunidadeativa.jor.br\/wp-content\/uploads\/2020\/11\/capa-14.jpg","articleSection":["Cultura"],"inLanguage":"pt-BR"},{"@type":"WebPage","@id":"https:\/\/www.comunidadeativa.jor.br\/index.php\/2020\/11\/25\/conheca-a-historia-da-black-friday-e-saiba-como-aproveitar-o-dia-sem-sustos\/","url":"https:\/\/www.comunidadeativa.jor.br\/index.php\/2020\/11\/25\/conheca-a-historia-da-black-friday-e-saiba-como-aproveitar-o-dia-sem-sustos\/","name":"Conhe\u00e7a a hist\u00f3ria da Black Friday e saiba como aproveitar o dia sem sustos - Comunidade Ativa","isPartOf":{"@id":"https:\/\/www.comunidadeativa.jor.br\/#website"},"primaryImageOfPage":{"@id":"https:\/\/www.comunidadeativa.jor.br\/index.php\/2020\/11\/25\/conheca-a-historia-da-black-friday-e-saiba-como-aproveitar-o-dia-sem-sustos\/#primaryimage"},"image":{"@id":"https:\/\/www.comunidadeativa.jor.br\/index.php\/2020\/11\/25\/conheca-a-historia-da-black-friday-e-saiba-como-aproveitar-o-dia-sem-sustos\/#primaryimage"},"thumbnailUrl":"https:\/\/www.comunidadeativa.jor.br\/wp-content\/uploads\/2020\/11\/capa-14.jpg","datePublished":"2020-11-25T17:47:07+00:00","dateModified":"2023-08-11T19:38:19+00:00","breadcrumb":{"@id":"https:\/\/www.comunidadeativa.jor.br\/index.php\/2020\/11\/25\/conheca-a-historia-da-black-friday-e-saiba-como-aproveitar-o-dia-sem-sustos\/#breadcrumb"},"inLanguage":"pt-BR","potentialAction":[{"@type":"ReadAction","target":["https:\/\/www.comunidadeativa.jor.br\/index.php\/2020\/11\/25\/conheca-a-historia-da-black-friday-e-saiba-como-aproveitar-o-dia-sem-sustos\/"]}]},{"@type":"ImageObject","inLanguage":"pt-BR","@id":"https:\/\/www.comunidadeativa.jor.br\/index.php\/2020\/11\/25\/conheca-a-historia-da-black-friday-e-saiba-como-aproveitar-o-dia-sem-sustos\/#primaryimage","url":"https:\/\/www.comunidadeativa.jor.br\/wp-content\/uploads\/2020\/11\/capa-14.jpg","contentUrl":"https:\/\/www.comunidadeativa.jor.br\/wp-content\/uploads\/2020\/11\/capa-14.jpg","width":640,"height":352},{"@type":"BreadcrumbList","@id":"https:\/\/www.comunidadeativa.jor.br\/index.php\/2020\/11\/25\/conheca-a-historia-da-black-friday-e-saiba-como-aproveitar-o-dia-sem-sustos\/#breadcrumb","itemListElement":[{"@type":"ListItem","position":1,"name":"In\u00edcio","item":"https:\/\/www.comunidadeativa.jor.br\/"},{"@type":"ListItem","position":2,"name":"Conhe\u00e7a a hist\u00f3ria da Black Friday e saiba como aproveitar o dia sem sustos"}]},{"@type":"WebSite","@id":"https:\/\/www.comunidadeativa.jor.br\/#website","url":"https:\/\/www.comunidadeativa.jor.br\/","name":"Comunidade Ativa","description":"","publisher":{"@id":"https:\/\/www.comunidadeativa.jor.br\/#organization"},"potentialAction":[{"@type":"SearchAction","target":{"@type":"EntryPoint","urlTemplate":"https:\/\/www.comunidadeativa.jor.br\/?s={search_term_string}"},"query-input":{"@type":"PropertyValueSpecification","valueRequired":true,"valueName":"search_term_string"}}],"inLanguage":"pt-BR"},{"@type":"Organization","@id":"https:\/\/www.comunidadeativa.jor.br\/#organization","name":"Comunidade Ativa","url":"https:\/\/www.comunidadeativa.jor.br\/","logo":{"@type":"ImageObject","inLanguage":"pt-BR","@id":"https:\/\/www.comunidadeativa.jor.br\/#\/schema\/logo\/image\/","url":"https:\/\/www.comunidadeativa.jor.br\/wp-content\/uploads\/2018\/03\/cropped-LOGOPNG-1.png","contentUrl":"https:\/\/www.comunidadeativa.jor.br\/wp-content\/uploads\/2018\/03\/cropped-LOGOPNG-1.png","width":318,"height":90,"caption":"Comunidade Ativa"},"image":{"@id":"https:\/\/www.comunidadeativa.jor.br\/#\/schema\/logo\/image\/"},"sameAs":["https:\/\/www.facebook.com\/comunidadeativa"]},{"@type":"Person","@id":"https:\/\/www.comunidadeativa.jor.br\/#\/schema\/person\/dcaa1f1c51c1f0c47a33b2b734cad6e1","name":"Comunidade Ativa","image":{"@type":"ImageObject","inLanguage":"pt-BR","@id":"https:\/\/www.comunidadeativa.jor.br\/#\/schema\/person\/image\/","url":"https:\/\/secure.gravatar.com\/avatar\/09a9a1f85fedf41e81b47f7c1d40084f?s=96&d=mm&r=g","contentUrl":"https:\/\/secure.gravatar.com\/avatar\/09a9a1f85fedf41e81b47f7c1d40084f?s=96&d=mm&r=g","caption":"Comunidade Ativa"},"url":"https:\/\/www.comunidadeativa.jor.br\/index.php\/author\/casalberto\/"}]}},"_links":{"self":[{"href":"https:\/\/www.comunidadeativa.jor.br\/index.php\/wp-json\/wp\/v2\/posts\/1430","targetHints":{"allow":["GET"]}}],"collection":[{"href":"https:\/\/www.comunidadeativa.jor.br\/index.php\/wp-json\/wp\/v2\/posts"}],"about":[{"href":"https:\/\/www.comunidadeativa.jor.br\/index.php\/wp-json\/wp\/v2\/types\/post"}],"author":[{"embeddable":true,"href":"https:\/\/www.comunidadeativa.jor.br\/index.php\/wp-json\/wp\/v2\/users\/1"}],"replies":[{"embeddable":true,"href":"https:\/\/www.comunidadeativa.jor.br\/index.php\/wp-json\/wp\/v2\/comments?post=1430"}],"version-history":[{"count":4,"href":"https:\/\/www.comunidadeativa.jor.br\/index.php\/wp-json\/wp\/v2\/posts\/1430\/revisions"}],"predecessor-version":[{"id":3756,"href":"https:\/\/www.comunidadeativa.jor.br\/index.php\/wp-json\/wp\/v2\/posts\/1430\/revisions\/3756"}],"wp:featuredmedia":[{"embeddable":true,"href":"https:\/\/www.comunidadeativa.jor.br\/index.php\/wp-json\/wp\/v2\/media\/1431"}],"wp:attachment":[{"href":"https:\/\/www.comunidadeativa.jor.br\/index.php\/wp-json\/wp\/v2\/media?parent=1430"}],"wp:term":[{"taxonomy":"category","embeddable":true,"href":"https:\/\/www.comunidadeativa.jor.br\/index.php\/wp-json\/wp\/v2\/categories?post=1430"},{"taxonomy":"post_tag","embeddable":true,"href":"https:\/\/www.comunidadeativa.jor.br\/index.php\/wp-json\/wp\/v2\/tags?post=1430"}],"curies":[{"name":"wp","href":"https:\/\/api.w.org\/{rel}","templated":true}]}}