{"id":1435,"date":"2020-11-26T18:14:41","date_gmt":"2020-11-26T21:14:41","guid":{"rendered":"https:\/\/www.comunidadeativa.jor.br\/?p=1435"},"modified":"2020-11-26T18:14:41","modified_gmt":"2020-11-26T21:14:41","slug":"sion-tem-mais-casos-mas-anchieta-lidera-numero-de-mortes-por-covid-19-na-area-de-abrangencia-da-amoran","status":"publish","type":"post","link":"https:\/\/www.comunidadeativa.jor.br\/index.php\/2020\/11\/26\/sion-tem-mais-casos-mas-anchieta-lidera-numero-de-mortes-por-covid-19-na-area-de-abrangencia-da-amoran\/","title":{"rendered":"Sion tem mais casos, mas Anchieta lidera n\u00famero de mortes por Covid-19 na \u00e1rea de abrang\u00eancia da Amoran"},"content":{"rendered":"<p>De acordo com relat\u00f3rio divulgado pela Prefeitura Municipal de Belo Horizonte (PBH) na quarta-feira, 25 de novembro, desde o in\u00edcio da pandemia, 399 pessoas contra\u00edram a Covid-19 nos bairros da \u00e1rea de abrang\u00eancia da Amoran \u2014 Anchieta, Carmo, Comiteco, Cruzeiro e Sion. Do total, 16 morreram, sendo que o Anchieta responde pela metade dos \u00f3bitos registrados. Contudo, tendo em vista a taxa de ocupa\u00e7\u00e3o dos leitos hospitalares da rede particular da capital, que supera a do SUS, \u00e9 poss\u00edvel que estes n\u00fameros sofram algum incremento consider\u00e1vel nos pr\u00f3ximos dias.<\/p>\n<figure id=\"attachment_1436\" aria-describedby=\"caption-attachment-1436\" style=\"width: 585px\" class=\"wp-caption aligncenter\"><img loading=\"lazy\" decoding=\"async\" class=\"size-full wp-image-1436\" src=\"https:\/\/www.comunidadeativa.jor.br\/wp-content\/uploads\/2020\/11\/TABELACOVID.jpg\" alt=\"\" width=\"585\" height=\"160\" srcset=\"https:\/\/www.comunidadeativa.jor.br\/wp-content\/uploads\/2020\/11\/TABELACOVID.jpg 585w, https:\/\/www.comunidadeativa.jor.br\/wp-content\/uploads\/2020\/11\/TABELACOVID-300x82.jpg 300w\" sizes=\"auto, (max-width: 585px) 100vw, 585px\" \/><figcaption id=\"caption-attachment-1436\" class=\"wp-caption-text\">Fonte: PBH &#8211; Clique aqui para acessar a planilha completa em Excel<\/figcaption><\/figure>\n<h6>Hospitais lotados<\/h6>\n<p>Em declara\u00e7\u00e3o \u00e0 imprensa na quarta, 25 de novembro, o secret\u00e1rio Municipal de Sa\u00fade, Jackson Machado Pinto, destacou que s\u00e3o as classes mais favorecidas \u2014 como as que residem na regi\u00e3o \u2014 que mais est\u00e3o descumprindo as medidas de isolamento, aumentando a press\u00e3o sobre o servi\u00e7o de sa\u00fade privado. &#8220;Eles chutaram o pau da barraca e est\u00e3o indo a festas. Classes A e B s\u00e3o mais acometidas. Est\u00e3o acontecendo festas clandestinas&#8221;, disse o secret\u00e1rio.<\/p>\n<p>Como consequ\u00eancia desta atitude, Jackson Machado ressaltou que a ocupa\u00e7\u00e3o dos leitos da rede particular mais que dobrou, se tornando muito maior do que a que recai sobre o SUS. Na avalia\u00e7\u00e3o do secret\u00e1rios, esta situa\u00e7\u00e3o pode gerar transtornos no atendimento de outras especialidades e nas cirurgias eletivas. &#8220;Sabemos que toda cirurgia \u00e9 importante e todas podem precisar de usar leitos de UTI. Como temos press\u00e3o grande, precisamos suspender. Vai aguardar at\u00e9 termos condi\u00e7\u00e3o de atender a todos&#8221;, avaliou.<\/p>\n<h6>Atendimento suspenso<\/h6>\n<p>De fato, o excesso de interna\u00e7\u00f5es em decorr\u00eancia da Covid-19 ou de casos suspeitos j\u00e1 come\u00e7a a provocar o fechamento de unidades de atendimento para novos casos. A primeira a interromper o recebimento de pacientes foi a do Hospital Madre Tereza, que, desde quarta, 25, n\u00e3o est\u00e1 recebendo casos relacionados \u00e0 doen\u00e7a. A suspens\u00e3o permanece at\u00e9 o dia 30 de novembro.<\/p>\n<p>Na manh\u00e3 desta quinta-feira, 26, foi poss\u00edvel registrar grande movimenta\u00e7\u00e3o em duas unidades hospitalares da rede privada da Regi\u00e3o Centro-Sul. O Life Center, na Serra, e o Hospital da Unimed do Santa Efig\u00eania apresentavam filas de ve\u00edculos e grande movimenta\u00e7\u00e3o de pessoas nas imedia\u00e7\u00f5es, indicando um fluxo mais intenso de pacientes que pode estar relacionado com a Covid-19.<\/p>\n<p>Entretanto, de acordo com o monitoramento de casos realizado pela PBH, esta situa\u00e7\u00e3o ainda n\u00e3o atingiu a disponibilidade de leitos do SUS e de leitos suplementares existentes na rede privada.<\/p>\n<figure id=\"attachment_1439\" aria-describedby=\"caption-attachment-1439\" style=\"width: 630px\" class=\"wp-caption aligncenter\"><img loading=\"lazy\" decoding=\"async\" class=\"size-full wp-image-1439\" src=\"https:\/\/www.comunidadeativa.jor.br\/wp-content\/uploads\/2020\/11\/boletopdi.jpg\" alt=\"\" width=\"630\" height=\"500\" srcset=\"https:\/\/www.comunidadeativa.jor.br\/wp-content\/uploads\/2020\/11\/boletopdi.jpg 630w, https:\/\/www.comunidadeativa.jor.br\/wp-content\/uploads\/2020\/11\/boletopdi-300x238.jpg 300w\" sizes=\"auto, (max-width: 630px) 100vw, 630px\" \/><figcaption id=\"caption-attachment-1439\" class=\"wp-caption-text\">O Boletim Epidemi\u00f3logico 153 da PBH, emitido nesta quinta, 26 de novembro, ainda n\u00e3o reflete a eleva\u00e7\u00e3o do n\u00famero de casos (Imagem: <a href=\"https:\/\/prefeitura.pbh.gov.br\/sites\/default\/files\/estrutura-de-governo\/saude\/2020\/boletim_epidemiologico_assistencial_153_covid-19_26-11-2020.pdf\" target=\"_blank\" rel=\"noopener noreferrer\">PBH<\/a>)<\/figcaption><\/figure>\n<p><a href=\"https:\/\/prefeitura.pbh.gov.br\/sites\/default\/files\/estrutura-de-governo\/saude\/2020\/boletim_epidemiologico_assistencial_153_covid-19_26-11-2020.pdf\" target=\"_blank\" rel=\"noopener noreferrer\">Clique aqui<\/a> para acessar o Boletim Epidemiol\u00f3gico n\u00ba153\/2020, da PBH, emitido nesta quinta, 26 de novembro.<\/p>\n<h6>Estimativa de 600 mil infectados<\/h6>\n<p>De acordo com o Monitoramento Covid Esgotos, iniciativa conjunta da Ag\u00eancia Nacional de \u00c1guas (ANA) e do Instituto Nacional de Ci\u00eancia e Tecnologia em Esta\u00e7\u00f5es Sustent\u00e1veis de Tratamento de Esgoto (INCT ETEs Sustent\u00e1veis &#8211; UFMG) em parceria com a Copasa, com o Instituto Mineiro de Gest\u00e3o das \u00c1guas (Igam) e com a Secretaria de Estado de Sa\u00fade de Minas Gerais (SES), que faz a medi\u00e7\u00e3o da concentra\u00e7\u00e3o do novo coronav\u00edrus em amostras de esgoto de Belo Horizonte e Contagem, a estimativa \u00e9 de que atualmente haja cerca de 600 mil pessoas infectadas nos dois munic\u00edpios. Este n\u00famero s\u00f3 n\u00e3o \u00e9 maior do que os mais de 860 mil casos estimados no auge da pandemia, ocorrido em julho.<\/p>\n<p>Desde ent\u00e3o, com algumas varia\u00e7\u00f5es de crescimento, os dados do monitoramento indicavam\u00a0 uma redu\u00e7\u00e3o na concentra\u00e7\u00e3o do v\u00edrus nos esgotos, o que, consequentemente, apontava para um abrandamento da pandemia. Contudo, nas \u00faltimas cinco semanas, o quadro de contamina\u00e7\u00e3o da rede voltou a apresentar um crescimento consistente.<\/p>\n<figure id=\"attachment_1437\" aria-describedby=\"caption-attachment-1437\" style=\"width: 763px\" class=\"wp-caption aligncenter\"><img loading=\"lazy\" decoding=\"async\" class=\"wp-image-1437 size-full\" src=\"https:\/\/www.comunidadeativa.jor.br\/wp-content\/uploads\/2020\/11\/boletim.jpg\" alt=\"\" width=\"763\" height=\"345\" srcset=\"https:\/\/www.comunidadeativa.jor.br\/wp-content\/uploads\/2020\/11\/boletim.jpg 763w, https:\/\/www.comunidadeativa.jor.br\/wp-content\/uploads\/2020\/11\/boletim-300x136.jpg 300w\" sizes=\"auto, (max-width: 763px) 100vw, 763px\" \/><figcaption id=\"caption-attachment-1437\" class=\"wp-caption-text\">Fonte: <a href=\"https:\/\/portal1.snirh.gov.br\/ana\/apps\/opsdashboard\/index.html#\/0866093559f04e469d42097b5347e910\" target=\"_blank\" rel=\"noopener noreferrer\">Monitoramento Covid Esgotos<\/a><\/figcaption><\/figure>\n<p>Segundo o Boletim de Acompanhamento n\u00ba 23 do projeto, as elevadas estimativas de popula\u00e7\u00e3o infectada observadas nas \u00faltimas cinco semanas indicam aumento da circula\u00e7\u00e3o do v\u00edrus em Belo Horizonte, o que pode ter<br \/>\nrela\u00e7\u00e3o com a retomada de atividades do setor de servi\u00e7os e com as aglomera\u00e7\u00f5es, em<br \/>\nespecial em ambientes fechados, entre outros motivos. O Boletim destaca ainda que a estimativa \u00e9 corroborada pelo aumento do n\u00famero de casos notificados acumulados no mesmo per\u00edodo, o que aponta para um potencial novo agravamento da pandemia em Belo Horizonte.<\/p>\n<p>Portanto, resta \u00e0 popula\u00e7\u00e3o fortalecer as medidas\u00a0de preven\u00e7\u00e3o e controle para redu\u00e7\u00e3o da dissemina\u00e7\u00e3o do v\u00edrus no munic\u00edpio.<\/p>\n<p>&nbsp;<\/p>\n<p>&nbsp;<\/p>\n","protected":false},"excerpt":{"rendered":"<p>De acordo com relat\u00f3rio divulgado pela Prefeitura Municipal de Belo Horizonte (PBH) na quarta-feira, 25 de novembro, desde o in\u00edcio<\/p>\n","protected":false},"author":1,"featured_media":1369,"comment_status":"closed","ping_status":"open","sticky":false,"template":"","format":"standard","meta":{"footnotes":""},"categories":[9],"tags":[],"class_list":["post-1435","post","type-post","status-publish","format-standard","has-post-thumbnail","hentry","category-saude-qualidade-de-vida"],"yoast_head":"<!-- This site is optimized with the Yoast SEO plugin v26.0 - https:\/\/yoast.com\/wordpress\/plugins\/seo\/ -->\n<title>Sion tem mais casos, mas Anchieta lidera n\u00famero de mortes por Covid-19 na \u00e1rea de abrang\u00eancia da Amoran - Comunidade Ativa<\/title>\n<meta name=\"robots\" content=\"index, follow, max-snippet:-1, max-image-preview:large, max-video-preview:-1\" \/>\n<link rel=\"canonical\" href=\"https:\/\/www.comunidadeativa.jor.br\/index.php\/2020\/11\/26\/sion-tem-mais-casos-mas-anchieta-lidera-numero-de-mortes-por-covid-19-na-area-de-abrangencia-da-amoran\/\" \/>\n<meta property=\"og:locale\" content=\"pt_BR\" \/>\n<meta property=\"og:type\" content=\"article\" \/>\n<meta property=\"og:title\" content=\"Sion tem mais casos, mas Anchieta lidera n\u00famero de mortes por Covid-19 na \u00e1rea de abrang\u00eancia da Amoran - Comunidade Ativa\" \/>\n<meta property=\"og:description\" content=\"De acordo com relat\u00f3rio divulgado pela Prefeitura Municipal de Belo Horizonte (PBH) na quarta-feira, 25 de novembro, desde o in\u00edcio\" \/>\n<meta property=\"og:url\" content=\"https:\/\/www.comunidadeativa.jor.br\/index.php\/2020\/11\/26\/sion-tem-mais-casos-mas-anchieta-lidera-numero-de-mortes-por-covid-19-na-area-de-abrangencia-da-amoran\/\" \/>\n<meta property=\"og:site_name\" content=\"Comunidade Ativa\" \/>\n<meta property=\"article:publisher\" content=\"https:\/\/www.facebook.com\/comunidadeativa\" \/>\n<meta property=\"article:published_time\" content=\"2020-11-26T21:14:41+00:00\" \/>\n<meta property=\"og:image\" content=\"https:\/\/www.comunidadeativa.jor.br\/wp-content\/uploads\/2020\/11\/capa-6.jpg\" \/>\n\t<meta property=\"og:image:width\" content=\"640\" \/>\n\t<meta property=\"og:image:height\" content=\"352\" \/>\n\t<meta property=\"og:image:type\" content=\"image\/jpeg\" \/>\n<meta name=\"author\" content=\"Comunidade Ativa\" \/>\n<meta name=\"twitter:card\" content=\"summary_large_image\" \/>\n<meta name=\"twitter:label1\" content=\"Escrito por\" \/>\n\t<meta name=\"twitter:data1\" content=\"Comunidade Ativa\" \/>\n\t<meta name=\"twitter:label2\" content=\"Est. tempo de leitura\" \/>\n\t<meta name=\"twitter:data2\" content=\"4 minutos\" \/>\n<script type=\"application\/ld+json\" class=\"yoast-schema-graph\">{\"@context\":\"https:\/\/schema.org\",\"@graph\":[{\"@type\":\"Article\",\"@id\":\"https:\/\/www.comunidadeativa.jor.br\/index.php\/2020\/11\/26\/sion-tem-mais-casos-mas-anchieta-lidera-numero-de-mortes-por-covid-19-na-area-de-abrangencia-da-amoran\/#article\",\"isPartOf\":{\"@id\":\"https:\/\/www.comunidadeativa.jor.br\/index.php\/2020\/11\/26\/sion-tem-mais-casos-mas-anchieta-lidera-numero-de-mortes-por-covid-19-na-area-de-abrangencia-da-amoran\/\"},\"author\":{\"name\":\"Comunidade Ativa\",\"@id\":\"https:\/\/www.comunidadeativa.jor.br\/#\/schema\/person\/dcaa1f1c51c1f0c47a33b2b734cad6e1\"},\"headline\":\"Sion tem mais casos, mas Anchieta lidera n\u00famero de mortes por Covid-19 na \u00e1rea de abrang\u00eancia da Amoran\",\"datePublished\":\"2020-11-26T21:14:41+00:00\",\"mainEntityOfPage\":{\"@id\":\"https:\/\/www.comunidadeativa.jor.br\/index.php\/2020\/11\/26\/sion-tem-mais-casos-mas-anchieta-lidera-numero-de-mortes-por-covid-19-na-area-de-abrangencia-da-amoran\/\"},\"wordCount\":825,\"publisher\":{\"@id\":\"https:\/\/www.comunidadeativa.jor.br\/#organization\"},\"image\":{\"@id\":\"https:\/\/www.comunidadeativa.jor.br\/index.php\/2020\/11\/26\/sion-tem-mais-casos-mas-anchieta-lidera-numero-de-mortes-por-covid-19-na-area-de-abrangencia-da-amoran\/#primaryimage\"},\"thumbnailUrl\":\"https:\/\/www.comunidadeativa.jor.br\/wp-content\/uploads\/2020\/11\/capa-6.jpg\",\"articleSection\":[\"Sa\u00fade &amp; Qualidade de Vida\"],\"inLanguage\":\"pt-BR\"},{\"@type\":\"WebPage\",\"@id\":\"https:\/\/www.comunidadeativa.jor.br\/index.php\/2020\/11\/26\/sion-tem-mais-casos-mas-anchieta-lidera-numero-de-mortes-por-covid-19-na-area-de-abrangencia-da-amoran\/\",\"url\":\"https:\/\/www.comunidadeativa.jor.br\/index.php\/2020\/11\/26\/sion-tem-mais-casos-mas-anchieta-lidera-numero-de-mortes-por-covid-19-na-area-de-abrangencia-da-amoran\/\",\"name\":\"Sion tem mais casos, mas Anchieta lidera n\u00famero de mortes por Covid-19 na \u00e1rea de abrang\u00eancia da Amoran - Comunidade Ativa\",\"isPartOf\":{\"@id\":\"https:\/\/www.comunidadeativa.jor.br\/#website\"},\"primaryImageOfPage\":{\"@id\":\"https:\/\/www.comunidadeativa.jor.br\/index.php\/2020\/11\/26\/sion-tem-mais-casos-mas-anchieta-lidera-numero-de-mortes-por-covid-19-na-area-de-abrangencia-da-amoran\/#primaryimage\"},\"image\":{\"@id\":\"https:\/\/www.comunidadeativa.jor.br\/index.php\/2020\/11\/26\/sion-tem-mais-casos-mas-anchieta-lidera-numero-de-mortes-por-covid-19-na-area-de-abrangencia-da-amoran\/#primaryimage\"},\"thumbnailUrl\":\"https:\/\/www.comunidadeativa.jor.br\/wp-content\/uploads\/2020\/11\/capa-6.jpg\",\"datePublished\":\"2020-11-26T21:14:41+00:00\",\"breadcrumb\":{\"@id\":\"https:\/\/www.comunidadeativa.jor.br\/index.php\/2020\/11\/26\/sion-tem-mais-casos-mas-anchieta-lidera-numero-de-mortes-por-covid-19-na-area-de-abrangencia-da-amoran\/#breadcrumb\"},\"inLanguage\":\"pt-BR\",\"potentialAction\":[{\"@type\":\"ReadAction\",\"target\":[\"https:\/\/www.comunidadeativa.jor.br\/index.php\/2020\/11\/26\/sion-tem-mais-casos-mas-anchieta-lidera-numero-de-mortes-por-covid-19-na-area-de-abrangencia-da-amoran\/\"]}]},{\"@type\":\"ImageObject\",\"inLanguage\":\"pt-BR\",\"@id\":\"https:\/\/www.comunidadeativa.jor.br\/index.php\/2020\/11\/26\/sion-tem-mais-casos-mas-anchieta-lidera-numero-de-mortes-por-covid-19-na-area-de-abrangencia-da-amoran\/#primaryimage\",\"url\":\"https:\/\/www.comunidadeativa.jor.br\/wp-content\/uploads\/2020\/11\/capa-6.jpg\",\"contentUrl\":\"https:\/\/www.comunidadeativa.jor.br\/wp-content\/uploads\/2020\/11\/capa-6.jpg\",\"width\":640,\"height\":352},{\"@type\":\"BreadcrumbList\",\"@id\":\"https:\/\/www.comunidadeativa.jor.br\/index.php\/2020\/11\/26\/sion-tem-mais-casos-mas-anchieta-lidera-numero-de-mortes-por-covid-19-na-area-de-abrangencia-da-amoran\/#breadcrumb\",\"itemListElement\":[{\"@type\":\"ListItem\",\"position\":1,\"name\":\"In\u00edcio\",\"item\":\"https:\/\/www.comunidadeativa.jor.br\/\"},{\"@type\":\"ListItem\",\"position\":2,\"name\":\"Sion tem mais casos, mas Anchieta lidera n\u00famero de mortes por Covid-19 na \u00e1rea de abrang\u00eancia da Amoran\"}]},{\"@type\":\"WebSite\",\"@id\":\"https:\/\/www.comunidadeativa.jor.br\/#website\",\"url\":\"https:\/\/www.comunidadeativa.jor.br\/\",\"name\":\"Comunidade Ativa\",\"description\":\"\",\"publisher\":{\"@id\":\"https:\/\/www.comunidadeativa.jor.br\/#organization\"},\"potentialAction\":[{\"@type\":\"SearchAction\",\"target\":{\"@type\":\"EntryPoint\",\"urlTemplate\":\"https:\/\/www.comunidadeativa.jor.br\/?s={search_term_string}\"},\"query-input\":{\"@type\":\"PropertyValueSpecification\",\"valueRequired\":true,\"valueName\":\"search_term_string\"}}],\"inLanguage\":\"pt-BR\"},{\"@type\":\"Organization\",\"@id\":\"https:\/\/www.comunidadeativa.jor.br\/#organization\",\"name\":\"Comunidade Ativa\",\"url\":\"https:\/\/www.comunidadeativa.jor.br\/\",\"logo\":{\"@type\":\"ImageObject\",\"inLanguage\":\"pt-BR\",\"@id\":\"https:\/\/www.comunidadeativa.jor.br\/#\/schema\/logo\/image\/\",\"url\":\"https:\/\/www.comunidadeativa.jor.br\/wp-content\/uploads\/2018\/03\/cropped-LOGOPNG-1.png\",\"contentUrl\":\"https:\/\/www.comunidadeativa.jor.br\/wp-content\/uploads\/2018\/03\/cropped-LOGOPNG-1.png\",\"width\":318,\"height\":90,\"caption\":\"Comunidade Ativa\"},\"image\":{\"@id\":\"https:\/\/www.comunidadeativa.jor.br\/#\/schema\/logo\/image\/\"},\"sameAs\":[\"https:\/\/www.facebook.com\/comunidadeativa\"]},{\"@type\":\"Person\",\"@id\":\"https:\/\/www.comunidadeativa.jor.br\/#\/schema\/person\/dcaa1f1c51c1f0c47a33b2b734cad6e1\",\"name\":\"Comunidade Ativa\",\"image\":{\"@type\":\"ImageObject\",\"inLanguage\":\"pt-BR\",\"@id\":\"https:\/\/www.comunidadeativa.jor.br\/#\/schema\/person\/image\/\",\"url\":\"https:\/\/secure.gravatar.com\/avatar\/09a9a1f85fedf41e81b47f7c1d40084f?s=96&d=mm&r=g\",\"contentUrl\":\"https:\/\/secure.gravatar.com\/avatar\/09a9a1f85fedf41e81b47f7c1d40084f?s=96&d=mm&r=g\",\"caption\":\"Comunidade Ativa\"},\"url\":\"https:\/\/www.comunidadeativa.jor.br\/index.php\/author\/casalberto\/\"}]}<\/script>\n<!-- \/ Yoast SEO plugin. -->","yoast_head_json":{"title":"Sion tem mais casos, mas Anchieta lidera n\u00famero de mortes por Covid-19 na \u00e1rea de abrang\u00eancia da Amoran - Comunidade Ativa","robots":{"index":"index","follow":"follow","max-snippet":"max-snippet:-1","max-image-preview":"max-image-preview:large","max-video-preview":"max-video-preview:-1"},"canonical":"https:\/\/www.comunidadeativa.jor.br\/index.php\/2020\/11\/26\/sion-tem-mais-casos-mas-anchieta-lidera-numero-de-mortes-por-covid-19-na-area-de-abrangencia-da-amoran\/","og_locale":"pt_BR","og_type":"article","og_title":"Sion tem mais casos, mas Anchieta lidera n\u00famero de mortes por Covid-19 na \u00e1rea de abrang\u00eancia da Amoran - Comunidade Ativa","og_description":"De acordo com relat\u00f3rio divulgado pela Prefeitura Municipal de Belo Horizonte (PBH) na quarta-feira, 25 de novembro, desde o in\u00edcio","og_url":"https:\/\/www.comunidadeativa.jor.br\/index.php\/2020\/11\/26\/sion-tem-mais-casos-mas-anchieta-lidera-numero-de-mortes-por-covid-19-na-area-de-abrangencia-da-amoran\/","og_site_name":"Comunidade Ativa","article_publisher":"https:\/\/www.facebook.com\/comunidadeativa","article_published_time":"2020-11-26T21:14:41+00:00","og_image":[{"width":640,"height":352,"url":"https:\/\/www.comunidadeativa.jor.br\/wp-content\/uploads\/2020\/11\/capa-6.jpg","type":"image\/jpeg"}],"author":"Comunidade Ativa","twitter_card":"summary_large_image","twitter_misc":{"Escrito por":"Comunidade Ativa","Est. tempo de leitura":"4 minutos"},"schema":{"@context":"https:\/\/schema.org","@graph":[{"@type":"Article","@id":"https:\/\/www.comunidadeativa.jor.br\/index.php\/2020\/11\/26\/sion-tem-mais-casos-mas-anchieta-lidera-numero-de-mortes-por-covid-19-na-area-de-abrangencia-da-amoran\/#article","isPartOf":{"@id":"https:\/\/www.comunidadeativa.jor.br\/index.php\/2020\/11\/26\/sion-tem-mais-casos-mas-anchieta-lidera-numero-de-mortes-por-covid-19-na-area-de-abrangencia-da-amoran\/"},"author":{"name":"Comunidade Ativa","@id":"https:\/\/www.comunidadeativa.jor.br\/#\/schema\/person\/dcaa1f1c51c1f0c47a33b2b734cad6e1"},"headline":"Sion tem mais casos, mas Anchieta lidera n\u00famero de mortes por Covid-19 na \u00e1rea de abrang\u00eancia da Amoran","datePublished":"2020-11-26T21:14:41+00:00","mainEntityOfPage":{"@id":"https:\/\/www.comunidadeativa.jor.br\/index.php\/2020\/11\/26\/sion-tem-mais-casos-mas-anchieta-lidera-numero-de-mortes-por-covid-19-na-area-de-abrangencia-da-amoran\/"},"wordCount":825,"publisher":{"@id":"https:\/\/www.comunidadeativa.jor.br\/#organization"},"image":{"@id":"https:\/\/www.comunidadeativa.jor.br\/index.php\/2020\/11\/26\/sion-tem-mais-casos-mas-anchieta-lidera-numero-de-mortes-por-covid-19-na-area-de-abrangencia-da-amoran\/#primaryimage"},"thumbnailUrl":"https:\/\/www.comunidadeativa.jor.br\/wp-content\/uploads\/2020\/11\/capa-6.jpg","articleSection":["Sa\u00fade &amp; Qualidade de Vida"],"inLanguage":"pt-BR"},{"@type":"WebPage","@id":"https:\/\/www.comunidadeativa.jor.br\/index.php\/2020\/11\/26\/sion-tem-mais-casos-mas-anchieta-lidera-numero-de-mortes-por-covid-19-na-area-de-abrangencia-da-amoran\/","url":"https:\/\/www.comunidadeativa.jor.br\/index.php\/2020\/11\/26\/sion-tem-mais-casos-mas-anchieta-lidera-numero-de-mortes-por-covid-19-na-area-de-abrangencia-da-amoran\/","name":"Sion tem mais casos, mas Anchieta lidera n\u00famero de mortes por Covid-19 na \u00e1rea de abrang\u00eancia da Amoran - Comunidade Ativa","isPartOf":{"@id":"https:\/\/www.comunidadeativa.jor.br\/#website"},"primaryImageOfPage":{"@id":"https:\/\/www.comunidadeativa.jor.br\/index.php\/2020\/11\/26\/sion-tem-mais-casos-mas-anchieta-lidera-numero-de-mortes-por-covid-19-na-area-de-abrangencia-da-amoran\/#primaryimage"},"image":{"@id":"https:\/\/www.comunidadeativa.jor.br\/index.php\/2020\/11\/26\/sion-tem-mais-casos-mas-anchieta-lidera-numero-de-mortes-por-covid-19-na-area-de-abrangencia-da-amoran\/#primaryimage"},"thumbnailUrl":"https:\/\/www.comunidadeativa.jor.br\/wp-content\/uploads\/2020\/11\/capa-6.jpg","datePublished":"2020-11-26T21:14:41+00:00","breadcrumb":{"@id":"https:\/\/www.comunidadeativa.jor.br\/index.php\/2020\/11\/26\/sion-tem-mais-casos-mas-anchieta-lidera-numero-de-mortes-por-covid-19-na-area-de-abrangencia-da-amoran\/#breadcrumb"},"inLanguage":"pt-BR","potentialAction":[{"@type":"ReadAction","target":["https:\/\/www.comunidadeativa.jor.br\/index.php\/2020\/11\/26\/sion-tem-mais-casos-mas-anchieta-lidera-numero-de-mortes-por-covid-19-na-area-de-abrangencia-da-amoran\/"]}]},{"@type":"ImageObject","inLanguage":"pt-BR","@id":"https:\/\/www.comunidadeativa.jor.br\/index.php\/2020\/11\/26\/sion-tem-mais-casos-mas-anchieta-lidera-numero-de-mortes-por-covid-19-na-area-de-abrangencia-da-amoran\/#primaryimage","url":"https:\/\/www.comunidadeativa.jor.br\/wp-content\/uploads\/2020\/11\/capa-6.jpg","contentUrl":"https:\/\/www.comunidadeativa.jor.br\/wp-content\/uploads\/2020\/11\/capa-6.jpg","width":640,"height":352},{"@type":"BreadcrumbList","@id":"https:\/\/www.comunidadeativa.jor.br\/index.php\/2020\/11\/26\/sion-tem-mais-casos-mas-anchieta-lidera-numero-de-mortes-por-covid-19-na-area-de-abrangencia-da-amoran\/#breadcrumb","itemListElement":[{"@type":"ListItem","position":1,"name":"In\u00edcio","item":"https:\/\/www.comunidadeativa.jor.br\/"},{"@type":"ListItem","position":2,"name":"Sion tem mais casos, mas Anchieta lidera n\u00famero de mortes por Covid-19 na \u00e1rea de abrang\u00eancia da Amoran"}]},{"@type":"WebSite","@id":"https:\/\/www.comunidadeativa.jor.br\/#website","url":"https:\/\/www.comunidadeativa.jor.br\/","name":"Comunidade Ativa","description":"","publisher":{"@id":"https:\/\/www.comunidadeativa.jor.br\/#organization"},"potentialAction":[{"@type":"SearchAction","target":{"@type":"EntryPoint","urlTemplate":"https:\/\/www.comunidadeativa.jor.br\/?s={search_term_string}"},"query-input":{"@type":"PropertyValueSpecification","valueRequired":true,"valueName":"search_term_string"}}],"inLanguage":"pt-BR"},{"@type":"Organization","@id":"https:\/\/www.comunidadeativa.jor.br\/#organization","name":"Comunidade Ativa","url":"https:\/\/www.comunidadeativa.jor.br\/","logo":{"@type":"ImageObject","inLanguage":"pt-BR","@id":"https:\/\/www.comunidadeativa.jor.br\/#\/schema\/logo\/image\/","url":"https:\/\/www.comunidadeativa.jor.br\/wp-content\/uploads\/2018\/03\/cropped-LOGOPNG-1.png","contentUrl":"https:\/\/www.comunidadeativa.jor.br\/wp-content\/uploads\/2018\/03\/cropped-LOGOPNG-1.png","width":318,"height":90,"caption":"Comunidade Ativa"},"image":{"@id":"https:\/\/www.comunidadeativa.jor.br\/#\/schema\/logo\/image\/"},"sameAs":["https:\/\/www.facebook.com\/comunidadeativa"]},{"@type":"Person","@id":"https:\/\/www.comunidadeativa.jor.br\/#\/schema\/person\/dcaa1f1c51c1f0c47a33b2b734cad6e1","name":"Comunidade Ativa","image":{"@type":"ImageObject","inLanguage":"pt-BR","@id":"https:\/\/www.comunidadeativa.jor.br\/#\/schema\/person\/image\/","url":"https:\/\/secure.gravatar.com\/avatar\/09a9a1f85fedf41e81b47f7c1d40084f?s=96&d=mm&r=g","contentUrl":"https:\/\/secure.gravatar.com\/avatar\/09a9a1f85fedf41e81b47f7c1d40084f?s=96&d=mm&r=g","caption":"Comunidade Ativa"},"url":"https:\/\/www.comunidadeativa.jor.br\/index.php\/author\/casalberto\/"}]}},"_links":{"self":[{"href":"https:\/\/www.comunidadeativa.jor.br\/index.php\/wp-json\/wp\/v2\/posts\/1435","targetHints":{"allow":["GET"]}}],"collection":[{"href":"https:\/\/www.comunidadeativa.jor.br\/index.php\/wp-json\/wp\/v2\/posts"}],"about":[{"href":"https:\/\/www.comunidadeativa.jor.br\/index.php\/wp-json\/wp\/v2\/types\/post"}],"author":[{"embeddable":true,"href":"https:\/\/www.comunidadeativa.jor.br\/index.php\/wp-json\/wp\/v2\/users\/1"}],"replies":[{"embeddable":true,"href":"https:\/\/www.comunidadeativa.jor.br\/index.php\/wp-json\/wp\/v2\/comments?post=1435"}],"version-history":[{"count":1,"href":"https:\/\/www.comunidadeativa.jor.br\/index.php\/wp-json\/wp\/v2\/posts\/1435\/revisions"}],"predecessor-version":[{"id":1440,"href":"https:\/\/www.comunidadeativa.jor.br\/index.php\/wp-json\/wp\/v2\/posts\/1435\/revisions\/1440"}],"wp:featuredmedia":[{"embeddable":true,"href":"https:\/\/www.comunidadeativa.jor.br\/index.php\/wp-json\/wp\/v2\/media\/1369"}],"wp:attachment":[{"href":"https:\/\/www.comunidadeativa.jor.br\/index.php\/wp-json\/wp\/v2\/media?parent=1435"}],"wp:term":[{"taxonomy":"category","embeddable":true,"href":"https:\/\/www.comunidadeativa.jor.br\/index.php\/wp-json\/wp\/v2\/categories?post=1435"},{"taxonomy":"post_tag","embeddable":true,"href":"https:\/\/www.comunidadeativa.jor.br\/index.php\/wp-json\/wp\/v2\/tags?post=1435"}],"curies":[{"name":"wp","href":"https:\/\/api.w.org\/{rel}","templated":true}]}}