{"id":1450,"date":"2020-12-01T18:39:43","date_gmt":"2020-12-01T21:39:43","guid":{"rendered":"https:\/\/www.comunidadeativa.jor.br\/?p=1450"},"modified":"2020-12-01T18:39:43","modified_gmt":"2020-12-01T21:39:43","slug":"sef-mg-mantem-a-suspensao-do-atendimento-presencial","status":"publish","type":"post","link":"https:\/\/www.comunidadeativa.jor.br\/index.php\/2020\/12\/01\/sef-mg-mantem-a-suspensao-do-atendimento-presencial\/","title":{"rendered":"SEF\/MG mant\u00e9m a suspens\u00e3o do atendimento presencial"},"content":{"rendered":"<p>Em fun\u00e7\u00e3o da pandemia, desde o dia 1\u00ba de abril, os servi\u00e7os presenciais da Secretaria Estadual de Fazenda de Minas Gerais (SEF) encontram-se suspensos. Contudo, considerando que j\u00e1 se passaram oito meses desde a interrup\u00e7\u00e3o e em fun\u00e7\u00e3o da baixa publicidade do assunto, os postos de atendimento daquela secretariam continuam sendo procurados por cidad\u00e3os desavisados, que precisam resolver uma s\u00e9rie de assuntos relativos a tributos estaduais \u2014IPVA, ICMS e ITCD \u2014, o que \u00e9 desnecess\u00e1rio para a maioria dos casos.<\/p>\n<h6>Site<\/h6>\n<p>Grande parte das demandas da SEF est\u00e1 sendo atendida por interm\u00e9dio do site da secretaria. O contribuinte pode utilizar os servi\u00e7os dispon\u00edveis no ambiente da internet dispon\u00edvel no \u201c<a href=\"http:\/\/www.fazenda.mg.gov.br\/empresas\/catalogo-de-servicos-sef\/\" target=\"_blank\" rel=\"noopener noreferrer\">Cat\u00e1logo de Servi\u00e7os SEF<\/a>\u201d.<\/p>\n<p>Caso a informa\u00e7\u00e3o ou o servi\u00e7o desejado n\u00e3o esteja dispon\u00edvel ali, \u00e9 poss\u00edvel encaminhar uma solicita\u00e7\u00e3o do atendimento desejado para a unidade fazend\u00e1ria competente, o que pode ser feito por um dos emails divulgado na p\u00e1gina\u00a0 <a href=\"http:\/\/www.fazenda.mg.gov.br\/utilidades\/unidades.html\">Encontre uma unidade perto de voc\u00ea<\/a>. As unidades devem ser buscadas por munic\u00edpio e, na p\u00e1gina obtida como resultado da busca, tamb\u00e9m \u00e9 poss\u00edvel encontrar os telefones das unidades da SEF em todo o estado.<\/p>\n<p>A emiss\u00e3o do Documento de Arrecada\u00e7\u00e3o Estadual (DAE) tamb\u00e9m continua sendo feita normalmente pelo site da secretaria.<\/p>\n<h6>Aten\u00e7\u00e3o para a retomada de obrigatoriedades<\/h6>\n<p>Tamb\u00e9m em fun\u00e7\u00e3o da pandemia, que impediu a entrega de documentos f\u00edsicos presencialmente e dificultou o andamento de outros procedimentos, uma s\u00e9rie de exig\u00eancias tribut\u00e1rias do Estado de Minas Gerais tamb\u00e9m ficou suspensa. Entretanto, muitas delas j\u00e1 voltaram a vigorar, o que vem acontecendo desde julho, cabendo ao contribuinte buscar informa\u00e7\u00f5es espec\u00edficas para cada situa\u00e7\u00e3o.<\/p>\n<p>O mesmo pode ser dito sobre prorroga\u00e7\u00f5es e posterga\u00e7\u00f5es de atos tribut\u00e1rios, cujas datas tamb\u00e9m j\u00e1 podem ter sido redefinidas.<\/p>\n<h6>Medidas para o contribuinte<\/h6>\n<p>Visando manter a regularidade no atendimento ao contribuinte, o Governo do Estado de Minas Gerais baixou uma s\u00e9rie de decretos e de resolu\u00e7\u00f5es que regulamenta as atividades da SEF durante a pandemia. De forma resumida, o contribuinte pode saber exatamente o que fazer em cada caso e obter informa\u00e7\u00f5es detalhadas sobre exig\u00eancias restabelecidas.<\/p>\n<p>Por meio da p\u00e1gina \u201c<a href=\"http:\/\/www.fazenda.mg.gov.br\/coronavirus\/contribuintes\/\">Medidas com foco no contribuinte<\/a>\u201d \u00e9 poss\u00edvel encontrar as orienta\u00e7\u00f5es espec\u00edficas para cada situa\u00e7\u00e3o. Inclusive, nesta p\u00e1gina tamb\u00e9m est\u00e3o dispon\u00edveis links para outros ambientes do site da SEF, onde \u00e9 poss\u00edvel obter mais informa\u00e7\u00f5es sobre os procedimentos. Ainda, em determinadas unidades fazend\u00e1rias, \u00e9 poss\u00edvel fazer o agendamento do atendimento presencial, o que depender\u00e1 da situa\u00e7\u00e3o do surto da Covid-19 no munic\u00edpio onde ela se encontra. Esta possibilidade varia periodicamente, e a consulta deve ser feita pelo <a href=\"http:\/\/www.fazenda.mg.go.br.\">site da SEF<\/a>.<\/p>\n<ul>\n<li><a href=\"http:\/\/www.fazenda.mg.gov.br\/secretaria\/enderecos\/RELACAO_AF_ATENDIMENTO_PRESENCIAL_AGENDADO.pdf\">Clique aqui para saber como anda o atendimento em cada unidade fazend\u00e1ria do estado, v\u00e1lido at\u00e9 04 de dezembro.\u00a0<\/a><\/li>\n<\/ul>\n<p>Portanto, por meio do atendimento virtual, voc\u00ea consegue manter em ordem as suas obriga\u00e7\u00f5es tribut\u00e1rias com o Estado, sem a necessidade de se deslocar at\u00e9 \u00e0 reparti\u00e7\u00e3o p\u00fablica.<\/p>\n<p>&nbsp;<\/p>\n<p>&nbsp;<\/p>\n<p>&nbsp;<\/p>\n<p>&nbsp;<\/p>\n","protected":false},"excerpt":{"rendered":"<p>Em fun\u00e7\u00e3o da pandemia, desde o dia 1\u00ba de abril, os servi\u00e7os presenciais da Secretaria Estadual de Fazenda de Minas<\/p>\n","protected":false},"author":1,"featured_media":1451,"comment_status":"closed","ping_status":"open","sticky":false,"template":"","format":"standard","meta":{"footnotes":""},"categories":[12],"tags":[],"class_list":["post-1450","post","type-post","status-publish","format-standard","has-post-thumbnail","hentry","category-cidadania"],"yoast_head":"<!-- This site is optimized with the Yoast SEO plugin v26.0 - https:\/\/yoast.com\/wordpress\/plugins\/seo\/ -->\n<title>SEF\/MG mant\u00e9m a suspens\u00e3o do atendimento presencial - Comunidade Ativa<\/title>\n<meta name=\"robots\" content=\"index, follow, max-snippet:-1, max-image-preview:large, max-video-preview:-1\" \/>\n<link rel=\"canonical\" href=\"https:\/\/www.comunidadeativa.jor.br\/index.php\/2020\/12\/01\/sef-mg-mantem-a-suspensao-do-atendimento-presencial\/\" \/>\n<meta property=\"og:locale\" content=\"pt_BR\" \/>\n<meta property=\"og:type\" content=\"article\" \/>\n<meta property=\"og:title\" content=\"SEF\/MG mant\u00e9m a suspens\u00e3o do atendimento presencial - Comunidade Ativa\" \/>\n<meta property=\"og:description\" content=\"Em fun\u00e7\u00e3o da pandemia, desde o dia 1\u00ba de abril, os servi\u00e7os presenciais da Secretaria Estadual de Fazenda de Minas\" \/>\n<meta property=\"og:url\" content=\"https:\/\/www.comunidadeativa.jor.br\/index.php\/2020\/12\/01\/sef-mg-mantem-a-suspensao-do-atendimento-presencial\/\" \/>\n<meta property=\"og:site_name\" content=\"Comunidade Ativa\" \/>\n<meta property=\"article:publisher\" content=\"https:\/\/www.facebook.com\/comunidadeativa\" \/>\n<meta property=\"article:published_time\" content=\"2020-12-01T21:39:43+00:00\" \/>\n<meta property=\"og:image\" content=\"https:\/\/www.comunidadeativa.jor.br\/wp-content\/uploads\/2020\/12\/capa.jpg\" \/>\n\t<meta property=\"og:image:width\" content=\"640\" \/>\n\t<meta property=\"og:image:height\" content=\"352\" \/>\n\t<meta property=\"og:image:type\" content=\"image\/jpeg\" \/>\n<meta name=\"author\" content=\"Comunidade Ativa\" \/>\n<meta name=\"twitter:card\" content=\"summary_large_image\" \/>\n<meta name=\"twitter:label1\" content=\"Escrito por\" \/>\n\t<meta name=\"twitter:data1\" content=\"Comunidade Ativa\" \/>\n\t<meta name=\"twitter:label2\" content=\"Est. tempo de leitura\" \/>\n\t<meta name=\"twitter:data2\" content=\"3 minutos\" \/>\n<script type=\"application\/ld+json\" class=\"yoast-schema-graph\">{\"@context\":\"https:\/\/schema.org\",\"@graph\":[{\"@type\":\"Article\",\"@id\":\"https:\/\/www.comunidadeativa.jor.br\/index.php\/2020\/12\/01\/sef-mg-mantem-a-suspensao-do-atendimento-presencial\/#article\",\"isPartOf\":{\"@id\":\"https:\/\/www.comunidadeativa.jor.br\/index.php\/2020\/12\/01\/sef-mg-mantem-a-suspensao-do-atendimento-presencial\/\"},\"author\":{\"name\":\"Comunidade Ativa\",\"@id\":\"https:\/\/www.comunidadeativa.jor.br\/#\/schema\/person\/dcaa1f1c51c1f0c47a33b2b734cad6e1\"},\"headline\":\"SEF\/MG mant\u00e9m a suspens\u00e3o do atendimento presencial\",\"datePublished\":\"2020-12-01T21:39:43+00:00\",\"mainEntityOfPage\":{\"@id\":\"https:\/\/www.comunidadeativa.jor.br\/index.php\/2020\/12\/01\/sef-mg-mantem-a-suspensao-do-atendimento-presencial\/\"},\"wordCount\":541,\"publisher\":{\"@id\":\"https:\/\/www.comunidadeativa.jor.br\/#organization\"},\"image\":{\"@id\":\"https:\/\/www.comunidadeativa.jor.br\/index.php\/2020\/12\/01\/sef-mg-mantem-a-suspensao-do-atendimento-presencial\/#primaryimage\"},\"thumbnailUrl\":\"https:\/\/www.comunidadeativa.jor.br\/wp-content\/uploads\/2020\/12\/capa.jpg\",\"articleSection\":[\"Cidadania\"],\"inLanguage\":\"pt-BR\"},{\"@type\":\"WebPage\",\"@id\":\"https:\/\/www.comunidadeativa.jor.br\/index.php\/2020\/12\/01\/sef-mg-mantem-a-suspensao-do-atendimento-presencial\/\",\"url\":\"https:\/\/www.comunidadeativa.jor.br\/index.php\/2020\/12\/01\/sef-mg-mantem-a-suspensao-do-atendimento-presencial\/\",\"name\":\"SEF\/MG mant\u00e9m a suspens\u00e3o do atendimento presencial - Comunidade Ativa\",\"isPartOf\":{\"@id\":\"https:\/\/www.comunidadeativa.jor.br\/#website\"},\"primaryImageOfPage\":{\"@id\":\"https:\/\/www.comunidadeativa.jor.br\/index.php\/2020\/12\/01\/sef-mg-mantem-a-suspensao-do-atendimento-presencial\/#primaryimage\"},\"image\":{\"@id\":\"https:\/\/www.comunidadeativa.jor.br\/index.php\/2020\/12\/01\/sef-mg-mantem-a-suspensao-do-atendimento-presencial\/#primaryimage\"},\"thumbnailUrl\":\"https:\/\/www.comunidadeativa.jor.br\/wp-content\/uploads\/2020\/12\/capa.jpg\",\"datePublished\":\"2020-12-01T21:39:43+00:00\",\"breadcrumb\":{\"@id\":\"https:\/\/www.comunidadeativa.jor.br\/index.php\/2020\/12\/01\/sef-mg-mantem-a-suspensao-do-atendimento-presencial\/#breadcrumb\"},\"inLanguage\":\"pt-BR\",\"potentialAction\":[{\"@type\":\"ReadAction\",\"target\":[\"https:\/\/www.comunidadeativa.jor.br\/index.php\/2020\/12\/01\/sef-mg-mantem-a-suspensao-do-atendimento-presencial\/\"]}]},{\"@type\":\"ImageObject\",\"inLanguage\":\"pt-BR\",\"@id\":\"https:\/\/www.comunidadeativa.jor.br\/index.php\/2020\/12\/01\/sef-mg-mantem-a-suspensao-do-atendimento-presencial\/#primaryimage\",\"url\":\"https:\/\/www.comunidadeativa.jor.br\/wp-content\/uploads\/2020\/12\/capa.jpg\",\"contentUrl\":\"https:\/\/www.comunidadeativa.jor.br\/wp-content\/uploads\/2020\/12\/capa.jpg\",\"width\":640,\"height\":352},{\"@type\":\"BreadcrumbList\",\"@id\":\"https:\/\/www.comunidadeativa.jor.br\/index.php\/2020\/12\/01\/sef-mg-mantem-a-suspensao-do-atendimento-presencial\/#breadcrumb\",\"itemListElement\":[{\"@type\":\"ListItem\",\"position\":1,\"name\":\"In\u00edcio\",\"item\":\"https:\/\/www.comunidadeativa.jor.br\/\"},{\"@type\":\"ListItem\",\"position\":2,\"name\":\"SEF\/MG mant\u00e9m a suspens\u00e3o do atendimento presencial\"}]},{\"@type\":\"WebSite\",\"@id\":\"https:\/\/www.comunidadeativa.jor.br\/#website\",\"url\":\"https:\/\/www.comunidadeativa.jor.br\/\",\"name\":\"Comunidade Ativa\",\"description\":\"\",\"publisher\":{\"@id\":\"https:\/\/www.comunidadeativa.jor.br\/#organization\"},\"potentialAction\":[{\"@type\":\"SearchAction\",\"target\":{\"@type\":\"EntryPoint\",\"urlTemplate\":\"https:\/\/www.comunidadeativa.jor.br\/?s={search_term_string}\"},\"query-input\":{\"@type\":\"PropertyValueSpecification\",\"valueRequired\":true,\"valueName\":\"search_term_string\"}}],\"inLanguage\":\"pt-BR\"},{\"@type\":\"Organization\",\"@id\":\"https:\/\/www.comunidadeativa.jor.br\/#organization\",\"name\":\"Comunidade Ativa\",\"url\":\"https:\/\/www.comunidadeativa.jor.br\/\",\"logo\":{\"@type\":\"ImageObject\",\"inLanguage\":\"pt-BR\",\"@id\":\"https:\/\/www.comunidadeativa.jor.br\/#\/schema\/logo\/image\/\",\"url\":\"https:\/\/www.comunidadeativa.jor.br\/wp-content\/uploads\/2018\/03\/cropped-LOGOPNG-1.png\",\"contentUrl\":\"https:\/\/www.comunidadeativa.jor.br\/wp-content\/uploads\/2018\/03\/cropped-LOGOPNG-1.png\",\"width\":318,\"height\":90,\"caption\":\"Comunidade Ativa\"},\"image\":{\"@id\":\"https:\/\/www.comunidadeativa.jor.br\/#\/schema\/logo\/image\/\"},\"sameAs\":[\"https:\/\/www.facebook.com\/comunidadeativa\"]},{\"@type\":\"Person\",\"@id\":\"https:\/\/www.comunidadeativa.jor.br\/#\/schema\/person\/dcaa1f1c51c1f0c47a33b2b734cad6e1\",\"name\":\"Comunidade Ativa\",\"image\":{\"@type\":\"ImageObject\",\"inLanguage\":\"pt-BR\",\"@id\":\"https:\/\/www.comunidadeativa.jor.br\/#\/schema\/person\/image\/\",\"url\":\"https:\/\/secure.gravatar.com\/avatar\/09a9a1f85fedf41e81b47f7c1d40084f?s=96&d=mm&r=g\",\"contentUrl\":\"https:\/\/secure.gravatar.com\/avatar\/09a9a1f85fedf41e81b47f7c1d40084f?s=96&d=mm&r=g\",\"caption\":\"Comunidade Ativa\"},\"url\":\"https:\/\/www.comunidadeativa.jor.br\/index.php\/author\/casalberto\/\"}]}<\/script>\n<!-- \/ Yoast SEO plugin. -->","yoast_head_json":{"title":"SEF\/MG mant\u00e9m a suspens\u00e3o do atendimento presencial - Comunidade Ativa","robots":{"index":"index","follow":"follow","max-snippet":"max-snippet:-1","max-image-preview":"max-image-preview:large","max-video-preview":"max-video-preview:-1"},"canonical":"https:\/\/www.comunidadeativa.jor.br\/index.php\/2020\/12\/01\/sef-mg-mantem-a-suspensao-do-atendimento-presencial\/","og_locale":"pt_BR","og_type":"article","og_title":"SEF\/MG mant\u00e9m a suspens\u00e3o do atendimento presencial - Comunidade Ativa","og_description":"Em fun\u00e7\u00e3o da pandemia, desde o dia 1\u00ba de abril, os servi\u00e7os presenciais da Secretaria Estadual de Fazenda de Minas","og_url":"https:\/\/www.comunidadeativa.jor.br\/index.php\/2020\/12\/01\/sef-mg-mantem-a-suspensao-do-atendimento-presencial\/","og_site_name":"Comunidade Ativa","article_publisher":"https:\/\/www.facebook.com\/comunidadeativa","article_published_time":"2020-12-01T21:39:43+00:00","og_image":[{"width":640,"height":352,"url":"https:\/\/www.comunidadeativa.jor.br\/wp-content\/uploads\/2020\/12\/capa.jpg","type":"image\/jpeg"}],"author":"Comunidade Ativa","twitter_card":"summary_large_image","twitter_misc":{"Escrito por":"Comunidade Ativa","Est. tempo de leitura":"3 minutos"},"schema":{"@context":"https:\/\/schema.org","@graph":[{"@type":"Article","@id":"https:\/\/www.comunidadeativa.jor.br\/index.php\/2020\/12\/01\/sef-mg-mantem-a-suspensao-do-atendimento-presencial\/#article","isPartOf":{"@id":"https:\/\/www.comunidadeativa.jor.br\/index.php\/2020\/12\/01\/sef-mg-mantem-a-suspensao-do-atendimento-presencial\/"},"author":{"name":"Comunidade Ativa","@id":"https:\/\/www.comunidadeativa.jor.br\/#\/schema\/person\/dcaa1f1c51c1f0c47a33b2b734cad6e1"},"headline":"SEF\/MG mant\u00e9m a suspens\u00e3o do atendimento presencial","datePublished":"2020-12-01T21:39:43+00:00","mainEntityOfPage":{"@id":"https:\/\/www.comunidadeativa.jor.br\/index.php\/2020\/12\/01\/sef-mg-mantem-a-suspensao-do-atendimento-presencial\/"},"wordCount":541,"publisher":{"@id":"https:\/\/www.comunidadeativa.jor.br\/#organization"},"image":{"@id":"https:\/\/www.comunidadeativa.jor.br\/index.php\/2020\/12\/01\/sef-mg-mantem-a-suspensao-do-atendimento-presencial\/#primaryimage"},"thumbnailUrl":"https:\/\/www.comunidadeativa.jor.br\/wp-content\/uploads\/2020\/12\/capa.jpg","articleSection":["Cidadania"],"inLanguage":"pt-BR"},{"@type":"WebPage","@id":"https:\/\/www.comunidadeativa.jor.br\/index.php\/2020\/12\/01\/sef-mg-mantem-a-suspensao-do-atendimento-presencial\/","url":"https:\/\/www.comunidadeativa.jor.br\/index.php\/2020\/12\/01\/sef-mg-mantem-a-suspensao-do-atendimento-presencial\/","name":"SEF\/MG mant\u00e9m a suspens\u00e3o do atendimento presencial - Comunidade Ativa","isPartOf":{"@id":"https:\/\/www.comunidadeativa.jor.br\/#website"},"primaryImageOfPage":{"@id":"https:\/\/www.comunidadeativa.jor.br\/index.php\/2020\/12\/01\/sef-mg-mantem-a-suspensao-do-atendimento-presencial\/#primaryimage"},"image":{"@id":"https:\/\/www.comunidadeativa.jor.br\/index.php\/2020\/12\/01\/sef-mg-mantem-a-suspensao-do-atendimento-presencial\/#primaryimage"},"thumbnailUrl":"https:\/\/www.comunidadeativa.jor.br\/wp-content\/uploads\/2020\/12\/capa.jpg","datePublished":"2020-12-01T21:39:43+00:00","breadcrumb":{"@id":"https:\/\/www.comunidadeativa.jor.br\/index.php\/2020\/12\/01\/sef-mg-mantem-a-suspensao-do-atendimento-presencial\/#breadcrumb"},"inLanguage":"pt-BR","potentialAction":[{"@type":"ReadAction","target":["https:\/\/www.comunidadeativa.jor.br\/index.php\/2020\/12\/01\/sef-mg-mantem-a-suspensao-do-atendimento-presencial\/"]}]},{"@type":"ImageObject","inLanguage":"pt-BR","@id":"https:\/\/www.comunidadeativa.jor.br\/index.php\/2020\/12\/01\/sef-mg-mantem-a-suspensao-do-atendimento-presencial\/#primaryimage","url":"https:\/\/www.comunidadeativa.jor.br\/wp-content\/uploads\/2020\/12\/capa.jpg","contentUrl":"https:\/\/www.comunidadeativa.jor.br\/wp-content\/uploads\/2020\/12\/capa.jpg","width":640,"height":352},{"@type":"BreadcrumbList","@id":"https:\/\/www.comunidadeativa.jor.br\/index.php\/2020\/12\/01\/sef-mg-mantem-a-suspensao-do-atendimento-presencial\/#breadcrumb","itemListElement":[{"@type":"ListItem","position":1,"name":"In\u00edcio","item":"https:\/\/www.comunidadeativa.jor.br\/"},{"@type":"ListItem","position":2,"name":"SEF\/MG mant\u00e9m a suspens\u00e3o do atendimento presencial"}]},{"@type":"WebSite","@id":"https:\/\/www.comunidadeativa.jor.br\/#website","url":"https:\/\/www.comunidadeativa.jor.br\/","name":"Comunidade Ativa","description":"","publisher":{"@id":"https:\/\/www.comunidadeativa.jor.br\/#organization"},"potentialAction":[{"@type":"SearchAction","target":{"@type":"EntryPoint","urlTemplate":"https:\/\/www.comunidadeativa.jor.br\/?s={search_term_string}"},"query-input":{"@type":"PropertyValueSpecification","valueRequired":true,"valueName":"search_term_string"}}],"inLanguage":"pt-BR"},{"@type":"Organization","@id":"https:\/\/www.comunidadeativa.jor.br\/#organization","name":"Comunidade Ativa","url":"https:\/\/www.comunidadeativa.jor.br\/","logo":{"@type":"ImageObject","inLanguage":"pt-BR","@id":"https:\/\/www.comunidadeativa.jor.br\/#\/schema\/logo\/image\/","url":"https:\/\/www.comunidadeativa.jor.br\/wp-content\/uploads\/2018\/03\/cropped-LOGOPNG-1.png","contentUrl":"https:\/\/www.comunidadeativa.jor.br\/wp-content\/uploads\/2018\/03\/cropped-LOGOPNG-1.png","width":318,"height":90,"caption":"Comunidade Ativa"},"image":{"@id":"https:\/\/www.comunidadeativa.jor.br\/#\/schema\/logo\/image\/"},"sameAs":["https:\/\/www.facebook.com\/comunidadeativa"]},{"@type":"Person","@id":"https:\/\/www.comunidadeativa.jor.br\/#\/schema\/person\/dcaa1f1c51c1f0c47a33b2b734cad6e1","name":"Comunidade Ativa","image":{"@type":"ImageObject","inLanguage":"pt-BR","@id":"https:\/\/www.comunidadeativa.jor.br\/#\/schema\/person\/image\/","url":"https:\/\/secure.gravatar.com\/avatar\/09a9a1f85fedf41e81b47f7c1d40084f?s=96&d=mm&r=g","contentUrl":"https:\/\/secure.gravatar.com\/avatar\/09a9a1f85fedf41e81b47f7c1d40084f?s=96&d=mm&r=g","caption":"Comunidade Ativa"},"url":"https:\/\/www.comunidadeativa.jor.br\/index.php\/author\/casalberto\/"}]}},"_links":{"self":[{"href":"https:\/\/www.comunidadeativa.jor.br\/index.php\/wp-json\/wp\/v2\/posts\/1450","targetHints":{"allow":["GET"]}}],"collection":[{"href":"https:\/\/www.comunidadeativa.jor.br\/index.php\/wp-json\/wp\/v2\/posts"}],"about":[{"href":"https:\/\/www.comunidadeativa.jor.br\/index.php\/wp-json\/wp\/v2\/types\/post"}],"author":[{"embeddable":true,"href":"https:\/\/www.comunidadeativa.jor.br\/index.php\/wp-json\/wp\/v2\/users\/1"}],"replies":[{"embeddable":true,"href":"https:\/\/www.comunidadeativa.jor.br\/index.php\/wp-json\/wp\/v2\/comments?post=1450"}],"version-history":[{"count":1,"href":"https:\/\/www.comunidadeativa.jor.br\/index.php\/wp-json\/wp\/v2\/posts\/1450\/revisions"}],"predecessor-version":[{"id":1452,"href":"https:\/\/www.comunidadeativa.jor.br\/index.php\/wp-json\/wp\/v2\/posts\/1450\/revisions\/1452"}],"wp:featuredmedia":[{"embeddable":true,"href":"https:\/\/www.comunidadeativa.jor.br\/index.php\/wp-json\/wp\/v2\/media\/1451"}],"wp:attachment":[{"href":"https:\/\/www.comunidadeativa.jor.br\/index.php\/wp-json\/wp\/v2\/media?parent=1450"}],"wp:term":[{"taxonomy":"category","embeddable":true,"href":"https:\/\/www.comunidadeativa.jor.br\/index.php\/wp-json\/wp\/v2\/categories?post=1450"},{"taxonomy":"post_tag","embeddable":true,"href":"https:\/\/www.comunidadeativa.jor.br\/index.php\/wp-json\/wp\/v2\/tags?post=1450"}],"curies":[{"name":"wp","href":"https:\/\/api.w.org\/{rel}","templated":true}]}}