{"id":1476,"date":"2020-12-10T14:45:05","date_gmt":"2020-12-10T17:45:05","guid":{"rendered":"https:\/\/www.comunidadeativa.jor.br\/?p=1476"},"modified":"2023-08-11T16:42:49","modified_gmt":"2023-08-11T19:42:49","slug":"aos-72-anos-declaracao-dos-direitos-humanos-pode-servir-no-combate-a-pandemia","status":"publish","type":"post","link":"https:\/\/www.comunidadeativa.jor.br\/index.php\/2020\/12\/10\/aos-72-anos-declaracao-dos-direitos-humanos-pode-servir-no-combate-a-pandemia\/","title":{"rendered":"Aos 72 anos, Declara\u00e7\u00e3o dos Direitos Humanos pode servir no combate \u00e0 pandemia"},"content":{"rendered":"<p><em>por Carlos Alberto Rocha<\/em> *<\/p>\n<p>Escravid\u00e3o, tortura, assassinatos em massa, humilha\u00e7\u00f5es e explora\u00e7\u00f5es de todos os tipos e a viola\u00e7\u00e3o do equil\u00edbrio da natureza s\u00e3o algumas das inumer\u00e1veis atrocidades que, ao longo da hist\u00f3ria, a humanidade tem imposto a si mesma. Buscando amparo em princ\u00edpios religiosos, \u00e9tnicos, culturais ou simplesmente se apoiando na mera vilania, individualmente ou em grupo, h\u00e1 humanos que se julgam investidos de algum tipo de autoridade superior e, ocasionalmente, at\u00e9 de ordem divina que os permite violentar outros humanos, como se, por motivos cuja legitimidade somente os violentadores reconhecem, lhes coubesse esse direito.<\/p>\n<p>Foi com base nessa deturpa\u00e7\u00e3o de valores, afinal, que, por meio da for\u00e7a e da maldade, a tirania tentou dominar a civiliza\u00e7\u00e3o em v\u00e1rias ocasi\u00f5es. Como consequ\u00eancia, a morte, a destrui\u00e7\u00e3o e o sofrimento sem medidas se disseminam entre os povos e destr\u00f3i o nosso planeta, \u00e0s vezes assumindo propor\u00e7\u00f5es globais. Como as que abalaram a Terra em consequ\u00eancia da Segunda Guerra Mundial.<\/p>\n<h6>DUDH<\/h6>\n<p>N\u00e3o por acaso, sobre as ru\u00ednas da Europa e da \u00c1sia, sustentada no pesar que se formou diante das milh\u00f5es de pessoas que morreram durante o conflito e com vistas no n\u00famero imenso de sobreviventes que ficaram famintos e sem lar, em 1948, a Comiss\u00e3o de Direitos Humanos das Na\u00e7\u00f5es Unidas entendeu que era necess\u00e1rio firmar um documento que relacionasse princ\u00edpios que deveriam reger as a\u00e7\u00f5es de toda humanidade. Assim, sob a lideran\u00e7a da ex-primeira dama dos Estados Unidos Eleonor Roosevelt, vi\u00fava do presidente Franklin Delano Roosevelt, apenas tr\u00eas anos ap\u00f3s o t\u00e9rmino da guerra, foi firmada a <a href=\"https:\/\/declaracao1948.com.br\/declaracao-universal\/declaracao-direitos-humanos\/?gclid=CjwKCAiAiML-BRAAEiwAuWVggumn8qR42yXPJq7iJyWK4mhizZnXyhAq3YT0BNNzTmt90ku_0tTwWhoCvqgQAvD_BwE\" target=\"_blank\" rel=\"noopener noreferrer\">Declara\u00e7\u00e3o Universal dos Direitos Humanos (DUDH)<\/a>.<\/p>\n<p>\u00c9 importante lembrar que, em 1789, sendo parte de um processo revolucion\u00e1rio que pretendia definir a liberdade, a igualdade e a fraternidade como os princ\u00edpios que deveriam orientar a humanidade, a Assembleia Nacional francesa j\u00e1 havia produzido a <a href=\"http:\/\/pfdc.pgr.mpf.mp.br\/atuacao-e-conteudos-de-apoio\/legislacao\/direitos-humanos\/declar_dir_homem_cidadao.pdf\" target=\"_blank\" rel=\"noopener noreferrer\">Declara\u00e7\u00e3o dos Direitos do Homem e do Cidad\u00e3o<\/a>. Contudo, regido pelos valores sociais da \u00e9poca, mesmo servindo de inspira\u00e7\u00e3o para a iniciativa das Na\u00e7\u00f5es Unidas, o documento n\u00e3o era suficiente para garantir a defesa dos direitos de todos os humanos.<\/p>\n<p>Afinal, a declara\u00e7\u00e3o francesa n\u00e3o contemplava a realidade do s\u00e9culo 20. Tanto que, por exemplo, ela considera que \u201ctodos os <strong><em>homens<\/em><\/strong> nascem e s\u00e3o livres e iguais em direito\u201d, numa concep\u00e7\u00e3o que, notoriamente, n\u00e3o inclui as mulheres, o que era normal naquele tempo.<\/p>\n<h6>Prote\u00e7\u00e3o na pandemia<\/h6>\n<p>Equivocadamente, em pleno s\u00e9culo 21, a DUDH \u00e0s vezes \u00e9 atacada por pessoas que n\u00e3o percebem o real significado de um documento, que existe, inclusive, para proteger a elas mesmas. Outras, \u00e9 claro, s\u00e3o advers\u00e1rias da declara\u00e7\u00e3o por que reconhecem que ela contraria interesses de domina\u00e7\u00e3o e de usurpa\u00e7\u00e3o do poder que querem conduzir o que desejam que outros conduzam. Por\u00e9m, felizmente, as vontades escusas n\u00e3o s\u00e3o admiss\u00edveis, o que acontece, justamente porque existe uma consci\u00eancia global sobre os direitos da humanidade, que s\u00e3o adotados como princ\u00edpios aceitos pela comunidade internacional.<\/p>\n<p>Com base nesta aceita\u00e7\u00e3o, em 2020, a <a href=\"https:\/\/news.un.org\/pt\/story\/2020\/12\/1735702\" target=\"_blank\" rel=\"noopener noreferrer\">Organiza\u00e7\u00e3o das Na\u00e7\u00f5es Unidas (ONU) adotou o lema \u201cRecuperar-se melhor &#8211; Defender os direitos humanos\u201d<\/a> para, no dia 10 de dezembro, celebrar os 72 anos da DUDH. Em plena pandemia, o apelo da ONU se foca na necessidade de esfor\u00e7os de reconstru\u00e7\u00e3o que s\u00e3o t\u00e3o necess\u00e1rios na atualidade e que devem ser adotados como demonstra\u00e7\u00e3o de respeito aos direitos de todas as pessoas.<\/p>\n<p style=\"text-align: center;\"><iframe loading=\"lazy\" src=\"https:\/\/www.youtube.com\/embed\/EyDourrOnOU\" width=\"560\" height=\"315\" frameborder=\"0\" allowfullscreen=\"allowfullscreen\"><\/iframe><\/p>\n<p>Afinal, percebendo a Covid-19 como um dos muitos desafios sociais que constituem uma verdadeira <a href=\"https:\/\/www.comunidadeativa.jor.br\/index.php\/2020\/12\/04\/pandemia-ou-sindemia-o-conceito-que-melhor-se-aplica-a-covid-19-e-os-desafios-sociais-que-ele-apresenta\/\" target=\"_blank\" rel=\"noopener noreferrer\"><em>sindemia<\/em> \u2014 uma defini\u00e7\u00e3o sobre a sinergia de v\u00e1rias pandemias \u2014<\/a>, faz-se necess\u00e1rio o combate em v\u00e1rias frentes. Nesse sentido, reconhecer os direitos de todas as pessoas se apresenta como uma ferramenta indispens\u00e1vel para que ningu\u00e9m seja deixado para tr\u00e1s nesse momento t\u00e3o delicado na hist\u00f3ria da humanidade.<\/p>\n<p style=\"padding-left: 40px;\">*\u00a0 <em>Carlos Alberto \u00e9 presidente da Amoran<\/em><\/p>\n","protected":false},"excerpt":{"rendered":"<p>por Carlos Alberto Rocha * Escravid\u00e3o, tortura, assassinatos em massa, humilha\u00e7\u00f5es e explora\u00e7\u00f5es de todos os tipos e a viola\u00e7\u00e3o<\/p>\n","protected":false},"author":1,"featured_media":1478,"comment_status":"closed","ping_status":"open","sticky":false,"template":"","format":"standard","meta":{"footnotes":""},"categories":[12],"tags":[],"class_list":["post-1476","post","type-post","status-publish","format-standard","has-post-thumbnail","hentry","category-cidadania"],"yoast_head":"<!-- This site is optimized with the Yoast SEO plugin v26.0 - https:\/\/yoast.com\/wordpress\/plugins\/seo\/ -->\n<title>Aos 72 anos, Declara\u00e7\u00e3o dos Direitos Humanos pode servir no combate \u00e0 pandemia - Comunidade Ativa<\/title>\n<meta name=\"robots\" content=\"index, follow, max-snippet:-1, max-image-preview:large, max-video-preview:-1\" \/>\n<link rel=\"canonical\" href=\"https:\/\/www.comunidadeativa.jor.br\/index.php\/2020\/12\/10\/aos-72-anos-declaracao-dos-direitos-humanos-pode-servir-no-combate-a-pandemia\/\" \/>\n<meta property=\"og:locale\" content=\"pt_BR\" \/>\n<meta property=\"og:type\" content=\"article\" \/>\n<meta property=\"og:title\" content=\"Aos 72 anos, Declara\u00e7\u00e3o dos Direitos Humanos pode servir no combate \u00e0 pandemia - Comunidade Ativa\" \/>\n<meta property=\"og:description\" content=\"por Carlos Alberto Rocha * Escravid\u00e3o, tortura, assassinatos em massa, humilha\u00e7\u00f5es e explora\u00e7\u00f5es de todos os tipos e a viola\u00e7\u00e3o\" \/>\n<meta property=\"og:url\" content=\"https:\/\/www.comunidadeativa.jor.br\/index.php\/2020\/12\/10\/aos-72-anos-declaracao-dos-direitos-humanos-pode-servir-no-combate-a-pandemia\/\" \/>\n<meta property=\"og:site_name\" content=\"Comunidade Ativa\" \/>\n<meta property=\"article:publisher\" content=\"https:\/\/www.facebook.com\/comunidadeativa\" \/>\n<meta property=\"article:published_time\" content=\"2020-12-10T17:45:05+00:00\" \/>\n<meta property=\"article:modified_time\" content=\"2023-08-11T19:42:49+00:00\" \/>\n<meta property=\"og:image\" content=\"https:\/\/www.comunidadeativa.jor.br\/wp-content\/uploads\/2020\/12\/capa-6.jpg\" \/>\n\t<meta property=\"og:image:width\" content=\"640\" \/>\n\t<meta property=\"og:image:height\" content=\"352\" \/>\n\t<meta property=\"og:image:type\" content=\"image\/jpeg\" \/>\n<meta name=\"author\" content=\"Comunidade Ativa\" \/>\n<meta name=\"twitter:card\" content=\"summary_large_image\" \/>\n<meta name=\"twitter:label1\" content=\"Escrito por\" \/>\n\t<meta name=\"twitter:data1\" content=\"Comunidade Ativa\" \/>\n\t<meta name=\"twitter:label2\" content=\"Est. tempo de leitura\" \/>\n\t<meta name=\"twitter:data2\" content=\"3 minutos\" \/>\n<script type=\"application\/ld+json\" class=\"yoast-schema-graph\">{\"@context\":\"https:\/\/schema.org\",\"@graph\":[{\"@type\":\"Article\",\"@id\":\"https:\/\/www.comunidadeativa.jor.br\/index.php\/2020\/12\/10\/aos-72-anos-declaracao-dos-direitos-humanos-pode-servir-no-combate-a-pandemia\/#article\",\"isPartOf\":{\"@id\":\"https:\/\/www.comunidadeativa.jor.br\/index.php\/2020\/12\/10\/aos-72-anos-declaracao-dos-direitos-humanos-pode-servir-no-combate-a-pandemia\/\"},\"author\":{\"name\":\"Comunidade Ativa\",\"@id\":\"https:\/\/www.comunidadeativa.jor.br\/#\/schema\/person\/dcaa1f1c51c1f0c47a33b2b734cad6e1\"},\"headline\":\"Aos 72 anos, Declara\u00e7\u00e3o dos Direitos Humanos pode servir no combate \u00e0 pandemia\",\"datePublished\":\"2020-12-10T17:45:05+00:00\",\"dateModified\":\"2023-08-11T19:42:49+00:00\",\"mainEntityOfPage\":{\"@id\":\"https:\/\/www.comunidadeativa.jor.br\/index.php\/2020\/12\/10\/aos-72-anos-declaracao-dos-direitos-humanos-pode-servir-no-combate-a-pandemia\/\"},\"wordCount\":696,\"publisher\":{\"@id\":\"https:\/\/www.comunidadeativa.jor.br\/#organization\"},\"image\":{\"@id\":\"https:\/\/www.comunidadeativa.jor.br\/index.php\/2020\/12\/10\/aos-72-anos-declaracao-dos-direitos-humanos-pode-servir-no-combate-a-pandemia\/#primaryimage\"},\"thumbnailUrl\":\"https:\/\/www.comunidadeativa.jor.br\/wp-content\/uploads\/2020\/12\/capa-6.jpg\",\"articleSection\":[\"Cidadania\"],\"inLanguage\":\"pt-BR\"},{\"@type\":\"WebPage\",\"@id\":\"https:\/\/www.comunidadeativa.jor.br\/index.php\/2020\/12\/10\/aos-72-anos-declaracao-dos-direitos-humanos-pode-servir-no-combate-a-pandemia\/\",\"url\":\"https:\/\/www.comunidadeativa.jor.br\/index.php\/2020\/12\/10\/aos-72-anos-declaracao-dos-direitos-humanos-pode-servir-no-combate-a-pandemia\/\",\"name\":\"Aos 72 anos, Declara\u00e7\u00e3o dos Direitos Humanos pode servir no combate \u00e0 pandemia - Comunidade Ativa\",\"isPartOf\":{\"@id\":\"https:\/\/www.comunidadeativa.jor.br\/#website\"},\"primaryImageOfPage\":{\"@id\":\"https:\/\/www.comunidadeativa.jor.br\/index.php\/2020\/12\/10\/aos-72-anos-declaracao-dos-direitos-humanos-pode-servir-no-combate-a-pandemia\/#primaryimage\"},\"image\":{\"@id\":\"https:\/\/www.comunidadeativa.jor.br\/index.php\/2020\/12\/10\/aos-72-anos-declaracao-dos-direitos-humanos-pode-servir-no-combate-a-pandemia\/#primaryimage\"},\"thumbnailUrl\":\"https:\/\/www.comunidadeativa.jor.br\/wp-content\/uploads\/2020\/12\/capa-6.jpg\",\"datePublished\":\"2020-12-10T17:45:05+00:00\",\"dateModified\":\"2023-08-11T19:42:49+00:00\",\"breadcrumb\":{\"@id\":\"https:\/\/www.comunidadeativa.jor.br\/index.php\/2020\/12\/10\/aos-72-anos-declaracao-dos-direitos-humanos-pode-servir-no-combate-a-pandemia\/#breadcrumb\"},\"inLanguage\":\"pt-BR\",\"potentialAction\":[{\"@type\":\"ReadAction\",\"target\":[\"https:\/\/www.comunidadeativa.jor.br\/index.php\/2020\/12\/10\/aos-72-anos-declaracao-dos-direitos-humanos-pode-servir-no-combate-a-pandemia\/\"]}]},{\"@type\":\"ImageObject\",\"inLanguage\":\"pt-BR\",\"@id\":\"https:\/\/www.comunidadeativa.jor.br\/index.php\/2020\/12\/10\/aos-72-anos-declaracao-dos-direitos-humanos-pode-servir-no-combate-a-pandemia\/#primaryimage\",\"url\":\"https:\/\/www.comunidadeativa.jor.br\/wp-content\/uploads\/2020\/12\/capa-6.jpg\",\"contentUrl\":\"https:\/\/www.comunidadeativa.jor.br\/wp-content\/uploads\/2020\/12\/capa-6.jpg\",\"width\":640,\"height\":352},{\"@type\":\"BreadcrumbList\",\"@id\":\"https:\/\/www.comunidadeativa.jor.br\/index.php\/2020\/12\/10\/aos-72-anos-declaracao-dos-direitos-humanos-pode-servir-no-combate-a-pandemia\/#breadcrumb\",\"itemListElement\":[{\"@type\":\"ListItem\",\"position\":1,\"name\":\"In\u00edcio\",\"item\":\"https:\/\/www.comunidadeativa.jor.br\/\"},{\"@type\":\"ListItem\",\"position\":2,\"name\":\"Aos 72 anos, Declara\u00e7\u00e3o dos Direitos Humanos pode servir no combate \u00e0 pandemia\"}]},{\"@type\":\"WebSite\",\"@id\":\"https:\/\/www.comunidadeativa.jor.br\/#website\",\"url\":\"https:\/\/www.comunidadeativa.jor.br\/\",\"name\":\"Comunidade Ativa\",\"description\":\"\",\"publisher\":{\"@id\":\"https:\/\/www.comunidadeativa.jor.br\/#organization\"},\"potentialAction\":[{\"@type\":\"SearchAction\",\"target\":{\"@type\":\"EntryPoint\",\"urlTemplate\":\"https:\/\/www.comunidadeativa.jor.br\/?s={search_term_string}\"},\"query-input\":{\"@type\":\"PropertyValueSpecification\",\"valueRequired\":true,\"valueName\":\"search_term_string\"}}],\"inLanguage\":\"pt-BR\"},{\"@type\":\"Organization\",\"@id\":\"https:\/\/www.comunidadeativa.jor.br\/#organization\",\"name\":\"Comunidade Ativa\",\"url\":\"https:\/\/www.comunidadeativa.jor.br\/\",\"logo\":{\"@type\":\"ImageObject\",\"inLanguage\":\"pt-BR\",\"@id\":\"https:\/\/www.comunidadeativa.jor.br\/#\/schema\/logo\/image\/\",\"url\":\"https:\/\/www.comunidadeativa.jor.br\/wp-content\/uploads\/2018\/03\/cropped-LOGOPNG-1.png\",\"contentUrl\":\"https:\/\/www.comunidadeativa.jor.br\/wp-content\/uploads\/2018\/03\/cropped-LOGOPNG-1.png\",\"width\":318,\"height\":90,\"caption\":\"Comunidade Ativa\"},\"image\":{\"@id\":\"https:\/\/www.comunidadeativa.jor.br\/#\/schema\/logo\/image\/\"},\"sameAs\":[\"https:\/\/www.facebook.com\/comunidadeativa\"]},{\"@type\":\"Person\",\"@id\":\"https:\/\/www.comunidadeativa.jor.br\/#\/schema\/person\/dcaa1f1c51c1f0c47a33b2b734cad6e1\",\"name\":\"Comunidade Ativa\",\"image\":{\"@type\":\"ImageObject\",\"inLanguage\":\"pt-BR\",\"@id\":\"https:\/\/www.comunidadeativa.jor.br\/#\/schema\/person\/image\/\",\"url\":\"https:\/\/secure.gravatar.com\/avatar\/09a9a1f85fedf41e81b47f7c1d40084f?s=96&d=mm&r=g\",\"contentUrl\":\"https:\/\/secure.gravatar.com\/avatar\/09a9a1f85fedf41e81b47f7c1d40084f?s=96&d=mm&r=g\",\"caption\":\"Comunidade Ativa\"},\"url\":\"https:\/\/www.comunidadeativa.jor.br\/index.php\/author\/casalberto\/\"}]}<\/script>\n<!-- \/ Yoast SEO plugin. -->","yoast_head_json":{"title":"Aos 72 anos, Declara\u00e7\u00e3o dos Direitos Humanos pode servir no combate \u00e0 pandemia - Comunidade Ativa","robots":{"index":"index","follow":"follow","max-snippet":"max-snippet:-1","max-image-preview":"max-image-preview:large","max-video-preview":"max-video-preview:-1"},"canonical":"https:\/\/www.comunidadeativa.jor.br\/index.php\/2020\/12\/10\/aos-72-anos-declaracao-dos-direitos-humanos-pode-servir-no-combate-a-pandemia\/","og_locale":"pt_BR","og_type":"article","og_title":"Aos 72 anos, Declara\u00e7\u00e3o dos Direitos Humanos pode servir no combate \u00e0 pandemia - Comunidade Ativa","og_description":"por Carlos Alberto Rocha * Escravid\u00e3o, tortura, assassinatos em massa, humilha\u00e7\u00f5es e explora\u00e7\u00f5es de todos os tipos e a viola\u00e7\u00e3o","og_url":"https:\/\/www.comunidadeativa.jor.br\/index.php\/2020\/12\/10\/aos-72-anos-declaracao-dos-direitos-humanos-pode-servir-no-combate-a-pandemia\/","og_site_name":"Comunidade Ativa","article_publisher":"https:\/\/www.facebook.com\/comunidadeativa","article_published_time":"2020-12-10T17:45:05+00:00","article_modified_time":"2023-08-11T19:42:49+00:00","og_image":[{"width":640,"height":352,"url":"https:\/\/www.comunidadeativa.jor.br\/wp-content\/uploads\/2020\/12\/capa-6.jpg","type":"image\/jpeg"}],"author":"Comunidade Ativa","twitter_card":"summary_large_image","twitter_misc":{"Escrito por":"Comunidade Ativa","Est. tempo de leitura":"3 minutos"},"schema":{"@context":"https:\/\/schema.org","@graph":[{"@type":"Article","@id":"https:\/\/www.comunidadeativa.jor.br\/index.php\/2020\/12\/10\/aos-72-anos-declaracao-dos-direitos-humanos-pode-servir-no-combate-a-pandemia\/#article","isPartOf":{"@id":"https:\/\/www.comunidadeativa.jor.br\/index.php\/2020\/12\/10\/aos-72-anos-declaracao-dos-direitos-humanos-pode-servir-no-combate-a-pandemia\/"},"author":{"name":"Comunidade Ativa","@id":"https:\/\/www.comunidadeativa.jor.br\/#\/schema\/person\/dcaa1f1c51c1f0c47a33b2b734cad6e1"},"headline":"Aos 72 anos, Declara\u00e7\u00e3o dos Direitos Humanos pode servir no combate \u00e0 pandemia","datePublished":"2020-12-10T17:45:05+00:00","dateModified":"2023-08-11T19:42:49+00:00","mainEntityOfPage":{"@id":"https:\/\/www.comunidadeativa.jor.br\/index.php\/2020\/12\/10\/aos-72-anos-declaracao-dos-direitos-humanos-pode-servir-no-combate-a-pandemia\/"},"wordCount":696,"publisher":{"@id":"https:\/\/www.comunidadeativa.jor.br\/#organization"},"image":{"@id":"https:\/\/www.comunidadeativa.jor.br\/index.php\/2020\/12\/10\/aos-72-anos-declaracao-dos-direitos-humanos-pode-servir-no-combate-a-pandemia\/#primaryimage"},"thumbnailUrl":"https:\/\/www.comunidadeativa.jor.br\/wp-content\/uploads\/2020\/12\/capa-6.jpg","articleSection":["Cidadania"],"inLanguage":"pt-BR"},{"@type":"WebPage","@id":"https:\/\/www.comunidadeativa.jor.br\/index.php\/2020\/12\/10\/aos-72-anos-declaracao-dos-direitos-humanos-pode-servir-no-combate-a-pandemia\/","url":"https:\/\/www.comunidadeativa.jor.br\/index.php\/2020\/12\/10\/aos-72-anos-declaracao-dos-direitos-humanos-pode-servir-no-combate-a-pandemia\/","name":"Aos 72 anos, Declara\u00e7\u00e3o dos Direitos Humanos pode servir no combate \u00e0 pandemia - Comunidade Ativa","isPartOf":{"@id":"https:\/\/www.comunidadeativa.jor.br\/#website"},"primaryImageOfPage":{"@id":"https:\/\/www.comunidadeativa.jor.br\/index.php\/2020\/12\/10\/aos-72-anos-declaracao-dos-direitos-humanos-pode-servir-no-combate-a-pandemia\/#primaryimage"},"image":{"@id":"https:\/\/www.comunidadeativa.jor.br\/index.php\/2020\/12\/10\/aos-72-anos-declaracao-dos-direitos-humanos-pode-servir-no-combate-a-pandemia\/#primaryimage"},"thumbnailUrl":"https:\/\/www.comunidadeativa.jor.br\/wp-content\/uploads\/2020\/12\/capa-6.jpg","datePublished":"2020-12-10T17:45:05+00:00","dateModified":"2023-08-11T19:42:49+00:00","breadcrumb":{"@id":"https:\/\/www.comunidadeativa.jor.br\/index.php\/2020\/12\/10\/aos-72-anos-declaracao-dos-direitos-humanos-pode-servir-no-combate-a-pandemia\/#breadcrumb"},"inLanguage":"pt-BR","potentialAction":[{"@type":"ReadAction","target":["https:\/\/www.comunidadeativa.jor.br\/index.php\/2020\/12\/10\/aos-72-anos-declaracao-dos-direitos-humanos-pode-servir-no-combate-a-pandemia\/"]}]},{"@type":"ImageObject","inLanguage":"pt-BR","@id":"https:\/\/www.comunidadeativa.jor.br\/index.php\/2020\/12\/10\/aos-72-anos-declaracao-dos-direitos-humanos-pode-servir-no-combate-a-pandemia\/#primaryimage","url":"https:\/\/www.comunidadeativa.jor.br\/wp-content\/uploads\/2020\/12\/capa-6.jpg","contentUrl":"https:\/\/www.comunidadeativa.jor.br\/wp-content\/uploads\/2020\/12\/capa-6.jpg","width":640,"height":352},{"@type":"BreadcrumbList","@id":"https:\/\/www.comunidadeativa.jor.br\/index.php\/2020\/12\/10\/aos-72-anos-declaracao-dos-direitos-humanos-pode-servir-no-combate-a-pandemia\/#breadcrumb","itemListElement":[{"@type":"ListItem","position":1,"name":"In\u00edcio","item":"https:\/\/www.comunidadeativa.jor.br\/"},{"@type":"ListItem","position":2,"name":"Aos 72 anos, Declara\u00e7\u00e3o dos Direitos Humanos pode servir no combate \u00e0 pandemia"}]},{"@type":"WebSite","@id":"https:\/\/www.comunidadeativa.jor.br\/#website","url":"https:\/\/www.comunidadeativa.jor.br\/","name":"Comunidade Ativa","description":"","publisher":{"@id":"https:\/\/www.comunidadeativa.jor.br\/#organization"},"potentialAction":[{"@type":"SearchAction","target":{"@type":"EntryPoint","urlTemplate":"https:\/\/www.comunidadeativa.jor.br\/?s={search_term_string}"},"query-input":{"@type":"PropertyValueSpecification","valueRequired":true,"valueName":"search_term_string"}}],"inLanguage":"pt-BR"},{"@type":"Organization","@id":"https:\/\/www.comunidadeativa.jor.br\/#organization","name":"Comunidade Ativa","url":"https:\/\/www.comunidadeativa.jor.br\/","logo":{"@type":"ImageObject","inLanguage":"pt-BR","@id":"https:\/\/www.comunidadeativa.jor.br\/#\/schema\/logo\/image\/","url":"https:\/\/www.comunidadeativa.jor.br\/wp-content\/uploads\/2018\/03\/cropped-LOGOPNG-1.png","contentUrl":"https:\/\/www.comunidadeativa.jor.br\/wp-content\/uploads\/2018\/03\/cropped-LOGOPNG-1.png","width":318,"height":90,"caption":"Comunidade Ativa"},"image":{"@id":"https:\/\/www.comunidadeativa.jor.br\/#\/schema\/logo\/image\/"},"sameAs":["https:\/\/www.facebook.com\/comunidadeativa"]},{"@type":"Person","@id":"https:\/\/www.comunidadeativa.jor.br\/#\/schema\/person\/dcaa1f1c51c1f0c47a33b2b734cad6e1","name":"Comunidade Ativa","image":{"@type":"ImageObject","inLanguage":"pt-BR","@id":"https:\/\/www.comunidadeativa.jor.br\/#\/schema\/person\/image\/","url":"https:\/\/secure.gravatar.com\/avatar\/09a9a1f85fedf41e81b47f7c1d40084f?s=96&d=mm&r=g","contentUrl":"https:\/\/secure.gravatar.com\/avatar\/09a9a1f85fedf41e81b47f7c1d40084f?s=96&d=mm&r=g","caption":"Comunidade Ativa"},"url":"https:\/\/www.comunidadeativa.jor.br\/index.php\/author\/casalberto\/"}]}},"_links":{"self":[{"href":"https:\/\/www.comunidadeativa.jor.br\/index.php\/wp-json\/wp\/v2\/posts\/1476","targetHints":{"allow":["GET"]}}],"collection":[{"href":"https:\/\/www.comunidadeativa.jor.br\/index.php\/wp-json\/wp\/v2\/posts"}],"about":[{"href":"https:\/\/www.comunidadeativa.jor.br\/index.php\/wp-json\/wp\/v2\/types\/post"}],"author":[{"embeddable":true,"href":"https:\/\/www.comunidadeativa.jor.br\/index.php\/wp-json\/wp\/v2\/users\/1"}],"replies":[{"embeddable":true,"href":"https:\/\/www.comunidadeativa.jor.br\/index.php\/wp-json\/wp\/v2\/comments?post=1476"}],"version-history":[{"count":2,"href":"https:\/\/www.comunidadeativa.jor.br\/index.php\/wp-json\/wp\/v2\/posts\/1476\/revisions"}],"predecessor-version":[{"id":3765,"href":"https:\/\/www.comunidadeativa.jor.br\/index.php\/wp-json\/wp\/v2\/posts\/1476\/revisions\/3765"}],"wp:featuredmedia":[{"embeddable":true,"href":"https:\/\/www.comunidadeativa.jor.br\/index.php\/wp-json\/wp\/v2\/media\/1478"}],"wp:attachment":[{"href":"https:\/\/www.comunidadeativa.jor.br\/index.php\/wp-json\/wp\/v2\/media?parent=1476"}],"wp:term":[{"taxonomy":"category","embeddable":true,"href":"https:\/\/www.comunidadeativa.jor.br\/index.php\/wp-json\/wp\/v2\/categories?post=1476"},{"taxonomy":"post_tag","embeddable":true,"href":"https:\/\/www.comunidadeativa.jor.br\/index.php\/wp-json\/wp\/v2\/tags?post=1476"}],"curies":[{"name":"wp","href":"https:\/\/api.w.org\/{rel}","templated":true}]}}