{"id":1480,"date":"2020-12-11T12:26:32","date_gmt":"2020-12-11T15:26:32","guid":{"rendered":"https:\/\/www.comunidadeativa.jor.br\/?p=1480"},"modified":"2023-08-11T16:43:06","modified_gmt":"2023-08-11T19:43:06","slug":"cancer-de-prostata-em-caes-uma-doenca-silenciosa-e-fatal","status":"publish","type":"post","link":"https:\/\/www.comunidadeativa.jor.br\/index.php\/2020\/12\/11\/cancer-de-prostata-em-caes-uma-doenca-silenciosa-e-fatal\/","title":{"rendered":"C\u00e2ncer de pr\u00f3stata em c\u00e3es: uma doen\u00e7a silenciosa que pode ser letal"},"content":{"rendered":"<p>Ainda que seja de incid\u00eancia rara \u2014 <a href=\"https:\/\/www.crmvsp.gov.br\/arquivo_midia\/06.11.17.Cancer_de_prostata_uma_doenca_de_dificil_identificacao_em_pets.CaeseGatos.pdf\" target=\"_blank\" rel=\"noopener noreferrer\">atinge somente 4% dos animais<\/a> \u2014, o c\u00e2ncer de pr\u00f3stata oferece alto risco para c\u00e3es e \u00e9 letal em grande parte dos casos. Por isso, da mesma forma como \u00e9 recomendado para os humanos, a a\u00e7\u00e3o preventiva e o diagn\u00f3stico precoce podem salvar a vida do pet.<\/p>\n<h6>Sintomas<\/h6>\n<p>De acordo com a m\u00e9dica-veterin\u00e1ria Paula Amorim, do Centro Sa\u00fade Animal, esse tipo de c\u00e2ncer se manifesta\u00a0 no c\u00e3o como resultado da multiplica\u00e7\u00e3o anormal e desordenada de c\u00e9lulas da pr\u00f3stata, o que causa incha\u00e7o da gl\u00e2ndula e comprometimento da sa\u00fade do bicho. \u201cComo ocorre com diversas outras doen\u00e7as graves, os sintomas de c\u00e2ncer de pr\u00f3stata em c\u00e3es costumam n\u00e3o aparecer em seus est\u00e1gios iniciais\u201d, alerta Paula.<\/p>\n<p>Segundo a veterin\u00e1ria, com a complica\u00e7\u00e3o do quadro come\u00e7am a surgir os sinais \u2014 que podem ser a dificuldade em urinar, gotejamento de sangue pelo p\u00eanis e presen\u00e7a de sangue na urina, infec\u00e7\u00f5es urin\u00e1rias que n\u00e3o respondem ao tratamento, dificuldade em defecar, fezes em forma de fita e espasmos musculares ao urinar. \u201cAl\u00e9m desses, o cachorro com c\u00e2ncer de pr\u00f3stata pode apresentar outros sintomas menos espec\u00edficos, entre eles v\u00f4mito, apatia e febre\u201d, diz a m\u00e9dica.<\/p>\n<h6>Tratamento<\/h6>\n<p>Paula Amorim afirma que o tratamento tem maiores chances de sucesso quando a doen\u00e7a \u00e9 diagnosticada precocemente. \u201cEm c\u00e3es, por\u00e9m, h\u00e1 um descuido em realizar exames de rotina para check-up. Isso, por sua vez, leva ao diagn\u00f3stico tardio, culminando em maior incid\u00eancia de \u00f3bito. Afinal, as chances de cura ficam bastante reduzidas, uma vez que o animal estar\u00e1 em fase final da doen\u00e7a\u201d, observa.<\/p>\n<p>A veterin\u00e1ria esclarece que ap\u00f3s o aparecimento do tumor a castra\u00e7\u00e3o j\u00e1 n\u00e3o se apresenta como uma medida funcional. \u201cApenas a castra\u00e7\u00e3o precoce previne. Infelizmente, esse \u00e9 um tumor muito metast\u00e1tico e sem cura.\u00a0 Existem estudos com parte gen\u00e9tica que mostram que mesmo castrado o cachorro tem chances de desenvolver a doen\u00e7a. Por\u00e9m, felizmente, a porcentagem de afetados \u00e9 baixa em rela\u00e7\u00e3o aos outros tumores\u201d, diz.<\/p>\n<h6>Preven\u00e7\u00e3o<\/h6>\n<p>Paula destaca que h\u00e1 uma dificuldade em garantir que esse tipo de c\u00e2ncer seja cur\u00e1vel nos c\u00e3es. \u201cComo os sintomas mais percept\u00edveis s\u00f3 costumam aparecer conforme o avan\u00e7o da doen\u00e7a, a maneira mais eficaz de identificar o c\u00e2ncer em cachorro logo no in\u00edcio \u00e9 levando o pet ao m\u00e9dico-veterin\u00e1rio para check-ups regulares. Durante a consulta, o veterin\u00e1rio poder\u00e1 fazer a palpa\u00e7\u00e3o retal e solicitar diversos exames, que incluem raio-X, ultrassom abdominal, exame de sangue e exames de urina\u201d, explica.<\/p>\n<p>De acordo com a veterin\u00e1ria, os exames devem ser realizados anualmente em c\u00e3es machos adultos e idosos n\u00e3o castrados. \u201cEstes s\u00e3o os que correspondem ao principal grupo de risco da doen\u00e7a. Al\u00e9m de fazer o acompanhamento no m\u00e9dico-veterin\u00e1rio, a principal forma de preven\u00e7\u00e3o do c\u00e2ncer de pr\u00f3stata em cachorros \u00e9 a castra\u00e7\u00e3o. Isso porque, embora c\u00e3es castrados possam desenvolver a afec\u00e7\u00e3o por algum fator gen\u00e9tico, estudos mostram que o procedimento \u00e9 capaz de reduzir a ocorr\u00eancia da doen\u00e7a\u201d, destaca Paula.<\/p>\n<p>Portanto, para evitar que o seu c\u00e3o desenvolva uma doen\u00e7a que \u00e9 silenciosa e perversa, n\u00e3o deixe de leva-lo ao veterin\u00e1rio regularmente.<\/p>\n","protected":false},"excerpt":{"rendered":"<p>Ainda que seja de incid\u00eancia rara \u2014 atinge somente 4% dos animais \u2014, o c\u00e2ncer de pr\u00f3stata oferece alto risco<\/p>\n","protected":false},"author":1,"featured_media":1481,"comment_status":"closed","ping_status":"open","sticky":false,"template":"","format":"standard","meta":{"footnotes":""},"categories":[14],"tags":[],"class_list":["post-1480","post","type-post","status-publish","format-standard","has-post-thumbnail","hentry","category-pets"],"yoast_head":"<!-- This site is optimized with the Yoast SEO plugin v26.0 - https:\/\/yoast.com\/wordpress\/plugins\/seo\/ -->\n<title>C\u00e2ncer de pr\u00f3stata em c\u00e3es: uma doen\u00e7a silenciosa que pode ser letal - Comunidade Ativa<\/title>\n<meta name=\"robots\" content=\"index, follow, max-snippet:-1, max-image-preview:large, max-video-preview:-1\" \/>\n<link rel=\"canonical\" href=\"https:\/\/www.comunidadeativa.jor.br\/index.php\/2020\/12\/11\/cancer-de-prostata-em-caes-uma-doenca-silenciosa-e-fatal\/\" \/>\n<meta property=\"og:locale\" content=\"pt_BR\" \/>\n<meta property=\"og:type\" content=\"article\" \/>\n<meta property=\"og:title\" content=\"C\u00e2ncer de pr\u00f3stata em c\u00e3es: uma doen\u00e7a silenciosa que pode ser letal - Comunidade Ativa\" \/>\n<meta property=\"og:description\" content=\"Ainda que seja de incid\u00eancia rara \u2014 atinge somente 4% dos animais \u2014, o c\u00e2ncer de pr\u00f3stata oferece alto risco\" \/>\n<meta property=\"og:url\" content=\"https:\/\/www.comunidadeativa.jor.br\/index.php\/2020\/12\/11\/cancer-de-prostata-em-caes-uma-doenca-silenciosa-e-fatal\/\" \/>\n<meta property=\"og:site_name\" content=\"Comunidade Ativa\" \/>\n<meta property=\"article:publisher\" content=\"https:\/\/www.facebook.com\/comunidadeativa\" \/>\n<meta property=\"article:published_time\" content=\"2020-12-11T15:26:32+00:00\" \/>\n<meta property=\"article:modified_time\" content=\"2023-08-11T19:43:06+00:00\" \/>\n<meta property=\"og:image\" content=\"https:\/\/www.comunidadeativa.jor.br\/wp-content\/uploads\/2020\/12\/capa-7.jpg\" \/>\n\t<meta property=\"og:image:width\" content=\"640\" \/>\n\t<meta property=\"og:image:height\" content=\"352\" \/>\n\t<meta property=\"og:image:type\" content=\"image\/jpeg\" \/>\n<meta name=\"author\" content=\"Comunidade Ativa\" \/>\n<meta name=\"twitter:card\" content=\"summary_large_image\" \/>\n<meta name=\"twitter:label1\" content=\"Escrito por\" \/>\n\t<meta name=\"twitter:data1\" content=\"Comunidade Ativa\" \/>\n\t<meta name=\"twitter:label2\" content=\"Est. tempo de leitura\" \/>\n\t<meta name=\"twitter:data2\" content=\"3 minutos\" \/>\n<script type=\"application\/ld+json\" class=\"yoast-schema-graph\">{\"@context\":\"https:\/\/schema.org\",\"@graph\":[{\"@type\":\"Article\",\"@id\":\"https:\/\/www.comunidadeativa.jor.br\/index.php\/2020\/12\/11\/cancer-de-prostata-em-caes-uma-doenca-silenciosa-e-fatal\/#article\",\"isPartOf\":{\"@id\":\"https:\/\/www.comunidadeativa.jor.br\/index.php\/2020\/12\/11\/cancer-de-prostata-em-caes-uma-doenca-silenciosa-e-fatal\/\"},\"author\":{\"name\":\"Comunidade Ativa\",\"@id\":\"https:\/\/www.comunidadeativa.jor.br\/#\/schema\/person\/dcaa1f1c51c1f0c47a33b2b734cad6e1\"},\"headline\":\"C\u00e2ncer de pr\u00f3stata em c\u00e3es: uma doen\u00e7a silenciosa que pode ser letal\",\"datePublished\":\"2020-12-11T15:26:32+00:00\",\"dateModified\":\"2023-08-11T19:43:06+00:00\",\"mainEntityOfPage\":{\"@id\":\"https:\/\/www.comunidadeativa.jor.br\/index.php\/2020\/12\/11\/cancer-de-prostata-em-caes-uma-doenca-silenciosa-e-fatal\/\"},\"wordCount\":599,\"publisher\":{\"@id\":\"https:\/\/www.comunidadeativa.jor.br\/#organization\"},\"image\":{\"@id\":\"https:\/\/www.comunidadeativa.jor.br\/index.php\/2020\/12\/11\/cancer-de-prostata-em-caes-uma-doenca-silenciosa-e-fatal\/#primaryimage\"},\"thumbnailUrl\":\"https:\/\/www.comunidadeativa.jor.br\/wp-content\/uploads\/2020\/12\/capa-7.jpg\",\"articleSection\":[\"Pets\"],\"inLanguage\":\"pt-BR\"},{\"@type\":\"WebPage\",\"@id\":\"https:\/\/www.comunidadeativa.jor.br\/index.php\/2020\/12\/11\/cancer-de-prostata-em-caes-uma-doenca-silenciosa-e-fatal\/\",\"url\":\"https:\/\/www.comunidadeativa.jor.br\/index.php\/2020\/12\/11\/cancer-de-prostata-em-caes-uma-doenca-silenciosa-e-fatal\/\",\"name\":\"C\u00e2ncer de pr\u00f3stata em c\u00e3es: uma doen\u00e7a silenciosa que pode ser letal - Comunidade Ativa\",\"isPartOf\":{\"@id\":\"https:\/\/www.comunidadeativa.jor.br\/#website\"},\"primaryImageOfPage\":{\"@id\":\"https:\/\/www.comunidadeativa.jor.br\/index.php\/2020\/12\/11\/cancer-de-prostata-em-caes-uma-doenca-silenciosa-e-fatal\/#primaryimage\"},\"image\":{\"@id\":\"https:\/\/www.comunidadeativa.jor.br\/index.php\/2020\/12\/11\/cancer-de-prostata-em-caes-uma-doenca-silenciosa-e-fatal\/#primaryimage\"},\"thumbnailUrl\":\"https:\/\/www.comunidadeativa.jor.br\/wp-content\/uploads\/2020\/12\/capa-7.jpg\",\"datePublished\":\"2020-12-11T15:26:32+00:00\",\"dateModified\":\"2023-08-11T19:43:06+00:00\",\"breadcrumb\":{\"@id\":\"https:\/\/www.comunidadeativa.jor.br\/index.php\/2020\/12\/11\/cancer-de-prostata-em-caes-uma-doenca-silenciosa-e-fatal\/#breadcrumb\"},\"inLanguage\":\"pt-BR\",\"potentialAction\":[{\"@type\":\"ReadAction\",\"target\":[\"https:\/\/www.comunidadeativa.jor.br\/index.php\/2020\/12\/11\/cancer-de-prostata-em-caes-uma-doenca-silenciosa-e-fatal\/\"]}]},{\"@type\":\"ImageObject\",\"inLanguage\":\"pt-BR\",\"@id\":\"https:\/\/www.comunidadeativa.jor.br\/index.php\/2020\/12\/11\/cancer-de-prostata-em-caes-uma-doenca-silenciosa-e-fatal\/#primaryimage\",\"url\":\"https:\/\/www.comunidadeativa.jor.br\/wp-content\/uploads\/2020\/12\/capa-7.jpg\",\"contentUrl\":\"https:\/\/www.comunidadeativa.jor.br\/wp-content\/uploads\/2020\/12\/capa-7.jpg\",\"width\":640,\"height\":352,\"caption\":\"A visita regular ao veterin\u00e1rio \u00e9 necess\u00e1ria para prevenir o c\u00e2ncer de pr\u00f3stata e outras doen\u00e7as que afetam os c\u00e3es (Foto: Freepik)\"},{\"@type\":\"BreadcrumbList\",\"@id\":\"https:\/\/www.comunidadeativa.jor.br\/index.php\/2020\/12\/11\/cancer-de-prostata-em-caes-uma-doenca-silenciosa-e-fatal\/#breadcrumb\",\"itemListElement\":[{\"@type\":\"ListItem\",\"position\":1,\"name\":\"In\u00edcio\",\"item\":\"https:\/\/www.comunidadeativa.jor.br\/\"},{\"@type\":\"ListItem\",\"position\":2,\"name\":\"C\u00e2ncer de pr\u00f3stata em c\u00e3es: uma doen\u00e7a silenciosa que pode ser letal\"}]},{\"@type\":\"WebSite\",\"@id\":\"https:\/\/www.comunidadeativa.jor.br\/#website\",\"url\":\"https:\/\/www.comunidadeativa.jor.br\/\",\"name\":\"Comunidade Ativa\",\"description\":\"\",\"publisher\":{\"@id\":\"https:\/\/www.comunidadeativa.jor.br\/#organization\"},\"potentialAction\":[{\"@type\":\"SearchAction\",\"target\":{\"@type\":\"EntryPoint\",\"urlTemplate\":\"https:\/\/www.comunidadeativa.jor.br\/?s={search_term_string}\"},\"query-input\":{\"@type\":\"PropertyValueSpecification\",\"valueRequired\":true,\"valueName\":\"search_term_string\"}}],\"inLanguage\":\"pt-BR\"},{\"@type\":\"Organization\",\"@id\":\"https:\/\/www.comunidadeativa.jor.br\/#organization\",\"name\":\"Comunidade Ativa\",\"url\":\"https:\/\/www.comunidadeativa.jor.br\/\",\"logo\":{\"@type\":\"ImageObject\",\"inLanguage\":\"pt-BR\",\"@id\":\"https:\/\/www.comunidadeativa.jor.br\/#\/schema\/logo\/image\/\",\"url\":\"https:\/\/www.comunidadeativa.jor.br\/wp-content\/uploads\/2018\/03\/cropped-LOGOPNG-1.png\",\"contentUrl\":\"https:\/\/www.comunidadeativa.jor.br\/wp-content\/uploads\/2018\/03\/cropped-LOGOPNG-1.png\",\"width\":318,\"height\":90,\"caption\":\"Comunidade Ativa\"},\"image\":{\"@id\":\"https:\/\/www.comunidadeativa.jor.br\/#\/schema\/logo\/image\/\"},\"sameAs\":[\"https:\/\/www.facebook.com\/comunidadeativa\"]},{\"@type\":\"Person\",\"@id\":\"https:\/\/www.comunidadeativa.jor.br\/#\/schema\/person\/dcaa1f1c51c1f0c47a33b2b734cad6e1\",\"name\":\"Comunidade Ativa\",\"image\":{\"@type\":\"ImageObject\",\"inLanguage\":\"pt-BR\",\"@id\":\"https:\/\/www.comunidadeativa.jor.br\/#\/schema\/person\/image\/\",\"url\":\"https:\/\/secure.gravatar.com\/avatar\/09a9a1f85fedf41e81b47f7c1d40084f?s=96&d=mm&r=g\",\"contentUrl\":\"https:\/\/secure.gravatar.com\/avatar\/09a9a1f85fedf41e81b47f7c1d40084f?s=96&d=mm&r=g\",\"caption\":\"Comunidade Ativa\"},\"url\":\"https:\/\/www.comunidadeativa.jor.br\/index.php\/author\/casalberto\/\"}]}<\/script>\n<!-- \/ Yoast SEO plugin. -->","yoast_head_json":{"title":"C\u00e2ncer de pr\u00f3stata em c\u00e3es: uma doen\u00e7a silenciosa que pode ser letal - Comunidade Ativa","robots":{"index":"index","follow":"follow","max-snippet":"max-snippet:-1","max-image-preview":"max-image-preview:large","max-video-preview":"max-video-preview:-1"},"canonical":"https:\/\/www.comunidadeativa.jor.br\/index.php\/2020\/12\/11\/cancer-de-prostata-em-caes-uma-doenca-silenciosa-e-fatal\/","og_locale":"pt_BR","og_type":"article","og_title":"C\u00e2ncer de pr\u00f3stata em c\u00e3es: uma doen\u00e7a silenciosa que pode ser letal - Comunidade Ativa","og_description":"Ainda que seja de incid\u00eancia rara \u2014 atinge somente 4% dos animais \u2014, o c\u00e2ncer de pr\u00f3stata oferece alto risco","og_url":"https:\/\/www.comunidadeativa.jor.br\/index.php\/2020\/12\/11\/cancer-de-prostata-em-caes-uma-doenca-silenciosa-e-fatal\/","og_site_name":"Comunidade Ativa","article_publisher":"https:\/\/www.facebook.com\/comunidadeativa","article_published_time":"2020-12-11T15:26:32+00:00","article_modified_time":"2023-08-11T19:43:06+00:00","og_image":[{"width":640,"height":352,"url":"https:\/\/www.comunidadeativa.jor.br\/wp-content\/uploads\/2020\/12\/capa-7.jpg","type":"image\/jpeg"}],"author":"Comunidade Ativa","twitter_card":"summary_large_image","twitter_misc":{"Escrito por":"Comunidade Ativa","Est. tempo de leitura":"3 minutos"},"schema":{"@context":"https:\/\/schema.org","@graph":[{"@type":"Article","@id":"https:\/\/www.comunidadeativa.jor.br\/index.php\/2020\/12\/11\/cancer-de-prostata-em-caes-uma-doenca-silenciosa-e-fatal\/#article","isPartOf":{"@id":"https:\/\/www.comunidadeativa.jor.br\/index.php\/2020\/12\/11\/cancer-de-prostata-em-caes-uma-doenca-silenciosa-e-fatal\/"},"author":{"name":"Comunidade Ativa","@id":"https:\/\/www.comunidadeativa.jor.br\/#\/schema\/person\/dcaa1f1c51c1f0c47a33b2b734cad6e1"},"headline":"C\u00e2ncer de pr\u00f3stata em c\u00e3es: uma doen\u00e7a silenciosa que pode ser letal","datePublished":"2020-12-11T15:26:32+00:00","dateModified":"2023-08-11T19:43:06+00:00","mainEntityOfPage":{"@id":"https:\/\/www.comunidadeativa.jor.br\/index.php\/2020\/12\/11\/cancer-de-prostata-em-caes-uma-doenca-silenciosa-e-fatal\/"},"wordCount":599,"publisher":{"@id":"https:\/\/www.comunidadeativa.jor.br\/#organization"},"image":{"@id":"https:\/\/www.comunidadeativa.jor.br\/index.php\/2020\/12\/11\/cancer-de-prostata-em-caes-uma-doenca-silenciosa-e-fatal\/#primaryimage"},"thumbnailUrl":"https:\/\/www.comunidadeativa.jor.br\/wp-content\/uploads\/2020\/12\/capa-7.jpg","articleSection":["Pets"],"inLanguage":"pt-BR"},{"@type":"WebPage","@id":"https:\/\/www.comunidadeativa.jor.br\/index.php\/2020\/12\/11\/cancer-de-prostata-em-caes-uma-doenca-silenciosa-e-fatal\/","url":"https:\/\/www.comunidadeativa.jor.br\/index.php\/2020\/12\/11\/cancer-de-prostata-em-caes-uma-doenca-silenciosa-e-fatal\/","name":"C\u00e2ncer de pr\u00f3stata em c\u00e3es: uma doen\u00e7a silenciosa que pode ser letal - Comunidade Ativa","isPartOf":{"@id":"https:\/\/www.comunidadeativa.jor.br\/#website"},"primaryImageOfPage":{"@id":"https:\/\/www.comunidadeativa.jor.br\/index.php\/2020\/12\/11\/cancer-de-prostata-em-caes-uma-doenca-silenciosa-e-fatal\/#primaryimage"},"image":{"@id":"https:\/\/www.comunidadeativa.jor.br\/index.php\/2020\/12\/11\/cancer-de-prostata-em-caes-uma-doenca-silenciosa-e-fatal\/#primaryimage"},"thumbnailUrl":"https:\/\/www.comunidadeativa.jor.br\/wp-content\/uploads\/2020\/12\/capa-7.jpg","datePublished":"2020-12-11T15:26:32+00:00","dateModified":"2023-08-11T19:43:06+00:00","breadcrumb":{"@id":"https:\/\/www.comunidadeativa.jor.br\/index.php\/2020\/12\/11\/cancer-de-prostata-em-caes-uma-doenca-silenciosa-e-fatal\/#breadcrumb"},"inLanguage":"pt-BR","potentialAction":[{"@type":"ReadAction","target":["https:\/\/www.comunidadeativa.jor.br\/index.php\/2020\/12\/11\/cancer-de-prostata-em-caes-uma-doenca-silenciosa-e-fatal\/"]}]},{"@type":"ImageObject","inLanguage":"pt-BR","@id":"https:\/\/www.comunidadeativa.jor.br\/index.php\/2020\/12\/11\/cancer-de-prostata-em-caes-uma-doenca-silenciosa-e-fatal\/#primaryimage","url":"https:\/\/www.comunidadeativa.jor.br\/wp-content\/uploads\/2020\/12\/capa-7.jpg","contentUrl":"https:\/\/www.comunidadeativa.jor.br\/wp-content\/uploads\/2020\/12\/capa-7.jpg","width":640,"height":352,"caption":"A visita regular ao veterin\u00e1rio \u00e9 necess\u00e1ria para prevenir o c\u00e2ncer de pr\u00f3stata e outras doen\u00e7as que afetam os c\u00e3es (Foto: Freepik)"},{"@type":"BreadcrumbList","@id":"https:\/\/www.comunidadeativa.jor.br\/index.php\/2020\/12\/11\/cancer-de-prostata-em-caes-uma-doenca-silenciosa-e-fatal\/#breadcrumb","itemListElement":[{"@type":"ListItem","position":1,"name":"In\u00edcio","item":"https:\/\/www.comunidadeativa.jor.br\/"},{"@type":"ListItem","position":2,"name":"C\u00e2ncer de pr\u00f3stata em c\u00e3es: uma doen\u00e7a silenciosa que pode ser letal"}]},{"@type":"WebSite","@id":"https:\/\/www.comunidadeativa.jor.br\/#website","url":"https:\/\/www.comunidadeativa.jor.br\/","name":"Comunidade Ativa","description":"","publisher":{"@id":"https:\/\/www.comunidadeativa.jor.br\/#organization"},"potentialAction":[{"@type":"SearchAction","target":{"@type":"EntryPoint","urlTemplate":"https:\/\/www.comunidadeativa.jor.br\/?s={search_term_string}"},"query-input":{"@type":"PropertyValueSpecification","valueRequired":true,"valueName":"search_term_string"}}],"inLanguage":"pt-BR"},{"@type":"Organization","@id":"https:\/\/www.comunidadeativa.jor.br\/#organization","name":"Comunidade Ativa","url":"https:\/\/www.comunidadeativa.jor.br\/","logo":{"@type":"ImageObject","inLanguage":"pt-BR","@id":"https:\/\/www.comunidadeativa.jor.br\/#\/schema\/logo\/image\/","url":"https:\/\/www.comunidadeativa.jor.br\/wp-content\/uploads\/2018\/03\/cropped-LOGOPNG-1.png","contentUrl":"https:\/\/www.comunidadeativa.jor.br\/wp-content\/uploads\/2018\/03\/cropped-LOGOPNG-1.png","width":318,"height":90,"caption":"Comunidade Ativa"},"image":{"@id":"https:\/\/www.comunidadeativa.jor.br\/#\/schema\/logo\/image\/"},"sameAs":["https:\/\/www.facebook.com\/comunidadeativa"]},{"@type":"Person","@id":"https:\/\/www.comunidadeativa.jor.br\/#\/schema\/person\/dcaa1f1c51c1f0c47a33b2b734cad6e1","name":"Comunidade Ativa","image":{"@type":"ImageObject","inLanguage":"pt-BR","@id":"https:\/\/www.comunidadeativa.jor.br\/#\/schema\/person\/image\/","url":"https:\/\/secure.gravatar.com\/avatar\/09a9a1f85fedf41e81b47f7c1d40084f?s=96&d=mm&r=g","contentUrl":"https:\/\/secure.gravatar.com\/avatar\/09a9a1f85fedf41e81b47f7c1d40084f?s=96&d=mm&r=g","caption":"Comunidade Ativa"},"url":"https:\/\/www.comunidadeativa.jor.br\/index.php\/author\/casalberto\/"}]}},"_links":{"self":[{"href":"https:\/\/www.comunidadeativa.jor.br\/index.php\/wp-json\/wp\/v2\/posts\/1480","targetHints":{"allow":["GET"]}}],"collection":[{"href":"https:\/\/www.comunidadeativa.jor.br\/index.php\/wp-json\/wp\/v2\/posts"}],"about":[{"href":"https:\/\/www.comunidadeativa.jor.br\/index.php\/wp-json\/wp\/v2\/types\/post"}],"author":[{"embeddable":true,"href":"https:\/\/www.comunidadeativa.jor.br\/index.php\/wp-json\/wp\/v2\/users\/1"}],"replies":[{"embeddable":true,"href":"https:\/\/www.comunidadeativa.jor.br\/index.php\/wp-json\/wp\/v2\/comments?post=1480"}],"version-history":[{"count":5,"href":"https:\/\/www.comunidadeativa.jor.br\/index.php\/wp-json\/wp\/v2\/posts\/1480\/revisions"}],"predecessor-version":[{"id":3767,"href":"https:\/\/www.comunidadeativa.jor.br\/index.php\/wp-json\/wp\/v2\/posts\/1480\/revisions\/3767"}],"wp:featuredmedia":[{"embeddable":true,"href":"https:\/\/www.comunidadeativa.jor.br\/index.php\/wp-json\/wp\/v2\/media\/1481"}],"wp:attachment":[{"href":"https:\/\/www.comunidadeativa.jor.br\/index.php\/wp-json\/wp\/v2\/media?parent=1480"}],"wp:term":[{"taxonomy":"category","embeddable":true,"href":"https:\/\/www.comunidadeativa.jor.br\/index.php\/wp-json\/wp\/v2\/categories?post=1480"},{"taxonomy":"post_tag","embeddable":true,"href":"https:\/\/www.comunidadeativa.jor.br\/index.php\/wp-json\/wp\/v2\/tags?post=1480"}],"curies":[{"name":"wp","href":"https:\/\/api.w.org\/{rel}","templated":true}]}}