{"id":1484,"date":"2020-12-14T12:23:26","date_gmt":"2020-12-14T15:23:26","guid":{"rendered":"https:\/\/www.comunidadeativa.jor.br\/?p=1484"},"modified":"2023-08-11T16:43:53","modified_gmt":"2023-08-11T19:43:53","slug":"alem-de-afetar-o-planeta-estamos-interferindo-negativamente-na-nossa-propria-evolucao-mas-a-historia-ainda-pode-ser-mudada","status":"publish","type":"post","link":"https:\/\/www.comunidadeativa.jor.br\/index.php\/2020\/12\/14\/alem-de-afetar-o-planeta-estamos-interferindo-negativamente-na-nossa-propria-evolucao-mas-a-historia-ainda-pode-ser-mudada\/","title":{"rendered":"Al\u00e9m de afetar o planeta, o ser humano est\u00e1 interferindo negativamente na pr\u00f3pria evolu\u00e7\u00e3o. Mas, a hist\u00f3ria ainda pode ser mudada!"},"content":{"rendered":"<p>Ap\u00f3s 10 anos de pesquisas no campo da neurobiologia e com base em estudos realizados por cientistas de v\u00e1rios pa\u00edses, em 2014, o bi\u00f3logo franc\u00eas Jean-Fran\u00e7ois Bouvet causou sensa\u00e7\u00e3o com o lan\u00e7amento de seu livro <a href=\"https:\/\/www.amazon.fr\/Mutants-ressemblerons-nous-demain-Jean-Fran%C3%A7ois-Bouvet\/dp\/2081313170\" target=\"_blank\" rel=\"noopener noreferrer\"><em>Mutants: A quoi ressemblerons-nous demain ?<\/em><\/a> (<em>Mutantes: como seremos amanh\u00e3<\/em>?, Flamarion, 221 p\u00e1ginas), que observa aspectos at\u00e9 ent\u00e3o in\u00e9ditos da evolu\u00e7\u00e3o humana. Com suas conclus\u00f5es, o autor acrescenta um fato novo \u00e0 consagrada tese do naturalista Charles Darwin, que prop\u00f4s que as esp\u00e9cies evoluem sob a influ\u00eancia de mudan\u00e7as no ambiente natural, determinantes para a sele\u00e7\u00e3o de indiv\u00edduos que conseguem se adaptar a elas.<\/p>\n<h6>Retroevolu\u00e7\u00e3o<\/h6>\n<p>Para Bouvet, o ser humano vem passando por transforma\u00e7\u00f5es que teriam sido definidas pela pr\u00f3pria civiliza\u00e7\u00e3o e n\u00e3o somente pelo meio natural, em um processo que o bi\u00f3logo batizou como sendo o de uma <em>retroevolu\u00e7\u00e3o<\/em>. \u201cDesde a Revolu\u00e7\u00e3o Industrial, no in\u00edcio do s\u00e9culo 19, vivemos um processo em que o ambiente modificado pelo homem tem mais influ\u00eancia em sua evolu\u00e7\u00e3o que a sele\u00e7\u00e3o natural. E essas mudan\u00e7as s\u00e3o, geralmente, negativas\u201d, disse o cientista \u00e0 <a href=\"https:\/\/www.tahiti-infos.com\/Obesite-infertilite-L-evolution-inedite-de-l-espece-Homo-sapiens_a96163.html\" target=\"_blank\" rel=\"noopener noreferrer\">AFP<\/a> \u00e0 \u00e9poca do lan\u00e7amento.<\/p>\n<p>Bouvet concluiu, portanto, que, em decorr\u00eancia da forma como vive, a esp\u00e9cie humana vem sendo alterada biologicamente por ela mesma. \u201cPela primeira vez em sua hist\u00f3ria, a modifica\u00e7\u00e3o de seu meio ambiente pelo Homem \u00e9 o principal fator de sua evolu\u00e7\u00e3o, superando a sele\u00e7\u00e3o natural. N\u00e3o \u00e9 uma evolu\u00e7\u00e3o no sentido de Darwin, mas uma retroevolu\u00e7\u00e3o\u201d, resumiu Bouvet.<\/p>\n<p>A partir do levantamento que fez, estre outros aspectos, o bi\u00f3logo percebeu, por exemplo, que as pessoas est\u00e3o vivendo mais e ficando obesas e que a fertilidade masculina vem diminuindo. Como consequ\u00eancia, o autor acredita que o futuro da humanidade ser\u00e1 de \u201cvelhos, gordos e inf\u00e9rteis\u201d, com ele mesmo disse.<\/p>\n<h6>Antropoceno<\/h6>\n<p>Entretanto, a a\u00e7\u00e3o negativa do homem n\u00e3o vem causando interfer\u00eancias somente sobre a nossa pr\u00f3pria esp\u00e9cie. Muito al\u00e9m disso, a humanidade est\u00e1 criando um mundo artificial paralelo ao natural que j\u00e1 teria se equiparado em massa ao que pesam todos os organismos vivos da terra, o que \u00e9 assustador. Esta conclus\u00e3o foi publicada em artigo na revista <a href=\"https:\/\/www.nature.com\/articles\/s41586-020-3010-5\" target=\"_blank\" rel=\"noopener noreferrer\">Nature<\/a> por uma equipe de cientistas do Instituto Weizmann, de Israel, no \u00faltimo dia 9 de dezembro.<\/p>\n<p>Os professores de Paleobioliga <a href=\"https:\/\/theconversation.com\/profiles\/jan-zalasiewicz-153171\" target=\"_blank\" rel=\"noopener noreferrer\">Jan Zalasiewicz<\/a> e <a href=\"https:\/\/theconversation.com\/profiles\/mark-williams-153172\" target=\"_blank\" rel=\"noopener noreferrer\">Mark Willians<\/a>, da Universidade de Leicester, na Inglaterra, destacam que, h\u00e1 alguns anos, os pesquisadores israelenses calcularam a\u00a0<a href=\"https:\/\/www.pnas.org\/content\/115\/25\/6506\">massa de toda a vida na Terra<\/a> &#8211; o que inclui a de todos os peixes no mar, micr\u00f3bios no solo, \u00e1rvores na terra, p\u00e1ssaros no ar e muito mais \u2014 e conclu\u00edram que a biosfera do nosso planeta pesa um pouco menos de 1,2 trilh\u00e3o de toneladas de massa seca, sem contar a \u00e1gua, com as \u00e1rvores constituindo a maior parte. \u201cHavia mais ou menos o dobro disso antes de os humanos come\u00e7arem a derrubar florestas. E ainda est\u00e1 diminuindo\u201d, ressaltam os professores em <a href=\"https:\/\/theconversation.com\/anthropocene-human-made-materials-now-weigh-as-much-as-all-living-biomass-say-scientists-151721\" target=\"_blank\" rel=\"noopener noreferrer\">artigo no The Conversation<\/a>.<\/p>\n<p>No novo estudo, a equipe de Israel investigou as estat\u00edsticas da produ\u00e7\u00e3o industrial e dos fluxos de massa de todos os tipos e reconstruiu o crescimento ao longo do s\u00e9culo 20 daquilo eles chamam de <em>massa antropog\u00eanica<\/em> \u2014 que s\u00e3o nossas casas, carros, estradas, avi\u00f5es e tudo mais que a humanidade criou. \u201cO padr\u00e3o que encontraram \u00e9 notavelmente diferente. As coisas que constru\u00edmos chegaram a algo como 35 bilh\u00f5es de toneladas no ano de 1900, aumentando para quase o dobro disso em meados do s\u00e9culo 20. Ent\u00e3o, com aquela explos\u00e3o de prosperidade ap\u00f3s a segunda guerra mundial, chamada de <a href=\"https:\/\/journals.sagepub.com\/doi\/abs\/10.1177\/2053019614564785\">Grande Acelera\u00e7\u00e3o<\/a>, nosso material aumentou v\u00e1rias vezes para pouco mais de meio trilh\u00e3o de toneladas no final do s\u00e9culo. Nos \u00faltimos 20 anos, dobrou novamente, para ser equivalente, este ano, \u00e0 massa de todos os seres vivos\u201d, explicam Zalasiewicz e Willians.<\/p>\n<p>De acordo com o estudo israelense, mantidas as tend\u00eancias atuais, at\u00e9 2040, tudo o que o homem criou at\u00e9 agora pesar\u00e1 tr\u00eas vezes mais do que pesam todos o seres vivos existentes sobre a Terra. Coincidentemente, um estudo da Universidade de Tarapac\u00e1, no Chile, prev\u00ea colapso da civiliza\u00e7\u00e3o em 40 anos.<\/p>\n<p>Mas, a hist\u00f3ria pode ser mudada.<\/p>\n<h6>Emerg\u00eancia clim\u00e1tica e pegada ecol\u00f3gica<\/h6>\n<p>As evid\u00eancias cient\u00edficas sobre os impactos negativos da a\u00e7\u00e3o humana sobre a nossa pr\u00f3pria esp\u00e9cie e sobre o planeta no qual vivemos s\u00e3o e fato alarmantes. Contudo, na <a href=\"https:\/\/www.comunidadeativa.jor.br\/index.php\/2020\/09\/17\/na-era-da-humanidade-o-papel-decisivo-do-publico-na-sobrevivencia-do-planeta\/\" target=\"_blank\" rel=\"noopener noreferrer\">Era da Humanidade<\/a>, ou no Antropoceno, como j\u00e1 \u00e9 aceito o per\u00edodo geol\u00f3gico em que vivemos, pode haver a revers\u00e3o das cat\u00e1strofes que est\u00e3o sendo anunciadas, caso sejam adotadas as medidas necess\u00e1rias.<\/p>\n<p>Uma delas, tida como urgente pela comunidade cient\u00edfica, seria a neutraliza\u00e7\u00e3o das emiss\u00f5es de carbono. Com essa expectativa, no s\u00e1bado, 12 de dezembro, o secret\u00e1rio-geral da Organiza\u00e7\u00e3o das Na\u00e7\u00f5es Unidas (ONU) <a href=\"https:\/\/news.un.org\/pt\/story\/2020\/12\/1736052\" target=\"_blank\" rel=\"noopener noreferrer\">Ant\u00f3nio Guterres apelou aos l\u00edderes mundiais para que declarem em seus respectivos pa\u00edses um estado de emerg\u00eancia clim\u00e1tica<\/a>. Nesse sentido, as na\u00e7\u00f5es teriam que perseguir a meta de zerar as emiss\u00f5es de carbono at\u00e9 2050, o que representa um corte de 45% no volume de gases de efeito estufa que s\u00e3o lan\u00e7ados na atmosfera, tomando-se como refer\u00eancia os n\u00edveis apurados em 2010.<\/p>\n<p>Outra a\u00e7\u00e3o necess\u00e1ria, que simultaneamente contribuir\u00e1 com esta meta mundial de zerar as emiss\u00f5es e para que a interfer\u00eancia sobre nossa evolu\u00e7\u00e3o seja positiva, <a href=\"https:\/\/www.comunidadeativa.jor.br\/index.php\/2020\/09\/17\/na-era-da-humanidade-o-papel-decisivo-do-publico-na-sobrevivencia-do-planeta\/\" target=\"_blank\" rel=\"noopener noreferrer\">passa pelo comportamento de cada pessoa<\/a>. Para atingi-la, \u00e9 fundamental que sejam revistos os nossos h\u00e1bitos de consumo e a forma como nos relacionamos com o meio onde vivemos.<\/p>\n<p>&nbsp;<\/p>\n<p>&nbsp;<\/p>\n<p>&nbsp;<\/p>\n","protected":false},"excerpt":{"rendered":"<p>Ap\u00f3s 10 anos de pesquisas no campo da neurobiologia e com base em estudos realizados por cientistas de v\u00e1rios pa\u00edses,<\/p>\n","protected":false},"author":1,"featured_media":1485,"comment_status":"closed","ping_status":"open","sticky":false,"template":"","format":"standard","meta":{"footnotes":""},"categories":[3],"tags":[],"class_list":["post-1484","post","type-post","status-publish","format-standard","has-post-thumbnail","hentry","category-meio-ambiente"],"yoast_head":"<!-- This site is optimized with the Yoast SEO plugin v26.0 - https:\/\/yoast.com\/wordpress\/plugins\/seo\/ -->\n<title>Al\u00e9m de afetar o planeta, o ser humano est\u00e1 interferindo negativamente na pr\u00f3pria evolu\u00e7\u00e3o. Mas, a hist\u00f3ria ainda pode ser mudada! - Comunidade Ativa<\/title>\n<meta name=\"robots\" content=\"index, follow, max-snippet:-1, max-image-preview:large, max-video-preview:-1\" \/>\n<link rel=\"canonical\" href=\"https:\/\/www.comunidadeativa.jor.br\/index.php\/2020\/12\/14\/alem-de-afetar-o-planeta-estamos-interferindo-negativamente-na-nossa-propria-evolucao-mas-a-historia-ainda-pode-ser-mudada\/\" \/>\n<meta property=\"og:locale\" content=\"pt_BR\" \/>\n<meta property=\"og:type\" content=\"article\" \/>\n<meta property=\"og:title\" content=\"Al\u00e9m de afetar o planeta, o ser humano est\u00e1 interferindo negativamente na pr\u00f3pria evolu\u00e7\u00e3o. Mas, a hist\u00f3ria ainda pode ser mudada! - Comunidade Ativa\" \/>\n<meta property=\"og:description\" content=\"Ap\u00f3s 10 anos de pesquisas no campo da neurobiologia e com base em estudos realizados por cientistas de v\u00e1rios pa\u00edses,\" \/>\n<meta property=\"og:url\" content=\"https:\/\/www.comunidadeativa.jor.br\/index.php\/2020\/12\/14\/alem-de-afetar-o-planeta-estamos-interferindo-negativamente-na-nossa-propria-evolucao-mas-a-historia-ainda-pode-ser-mudada\/\" \/>\n<meta property=\"og:site_name\" content=\"Comunidade Ativa\" \/>\n<meta property=\"article:publisher\" content=\"https:\/\/www.facebook.com\/comunidadeativa\" \/>\n<meta property=\"article:published_time\" content=\"2020-12-14T15:23:26+00:00\" \/>\n<meta property=\"article:modified_time\" content=\"2023-08-11T19:43:53+00:00\" \/>\n<meta property=\"og:image\" content=\"https:\/\/www.comunidadeativa.jor.br\/wp-content\/uploads\/2020\/12\/capa-8.jpg\" \/>\n\t<meta property=\"og:image:width\" content=\"640\" \/>\n\t<meta property=\"og:image:height\" content=\"352\" \/>\n\t<meta property=\"og:image:type\" content=\"image\/jpeg\" \/>\n<meta name=\"author\" content=\"Comunidade Ativa\" \/>\n<meta name=\"twitter:card\" content=\"summary_large_image\" \/>\n<meta name=\"twitter:label1\" content=\"Escrito por\" \/>\n\t<meta name=\"twitter:data1\" content=\"Comunidade Ativa\" \/>\n\t<meta name=\"twitter:label2\" content=\"Est. tempo de leitura\" \/>\n\t<meta name=\"twitter:data2\" content=\"5 minutos\" \/>\n<script type=\"application\/ld+json\" class=\"yoast-schema-graph\">{\"@context\":\"https:\/\/schema.org\",\"@graph\":[{\"@type\":\"Article\",\"@id\":\"https:\/\/www.comunidadeativa.jor.br\/index.php\/2020\/12\/14\/alem-de-afetar-o-planeta-estamos-interferindo-negativamente-na-nossa-propria-evolucao-mas-a-historia-ainda-pode-ser-mudada\/#article\",\"isPartOf\":{\"@id\":\"https:\/\/www.comunidadeativa.jor.br\/index.php\/2020\/12\/14\/alem-de-afetar-o-planeta-estamos-interferindo-negativamente-na-nossa-propria-evolucao-mas-a-historia-ainda-pode-ser-mudada\/\"},\"author\":{\"name\":\"Comunidade Ativa\",\"@id\":\"https:\/\/www.comunidadeativa.jor.br\/#\/schema\/person\/dcaa1f1c51c1f0c47a33b2b734cad6e1\"},\"headline\":\"Al\u00e9m de afetar o planeta, o ser humano est\u00e1 interferindo negativamente na pr\u00f3pria evolu\u00e7\u00e3o. Mas, a hist\u00f3ria ainda pode ser mudada!\",\"datePublished\":\"2020-12-14T15:23:26+00:00\",\"dateModified\":\"2023-08-11T19:43:53+00:00\",\"mainEntityOfPage\":{\"@id\":\"https:\/\/www.comunidadeativa.jor.br\/index.php\/2020\/12\/14\/alem-de-afetar-o-planeta-estamos-interferindo-negativamente-na-nossa-propria-evolucao-mas-a-historia-ainda-pode-ser-mudada\/\"},\"wordCount\":1002,\"publisher\":{\"@id\":\"https:\/\/www.comunidadeativa.jor.br\/#organization\"},\"image\":{\"@id\":\"https:\/\/www.comunidadeativa.jor.br\/index.php\/2020\/12\/14\/alem-de-afetar-o-planeta-estamos-interferindo-negativamente-na-nossa-propria-evolucao-mas-a-historia-ainda-pode-ser-mudada\/#primaryimage\"},\"thumbnailUrl\":\"https:\/\/www.comunidadeativa.jor.br\/wp-content\/uploads\/2020\/12\/capa-8.jpg\",\"articleSection\":[\"Meio Ambiente\"],\"inLanguage\":\"pt-BR\"},{\"@type\":\"WebPage\",\"@id\":\"https:\/\/www.comunidadeativa.jor.br\/index.php\/2020\/12\/14\/alem-de-afetar-o-planeta-estamos-interferindo-negativamente-na-nossa-propria-evolucao-mas-a-historia-ainda-pode-ser-mudada\/\",\"url\":\"https:\/\/www.comunidadeativa.jor.br\/index.php\/2020\/12\/14\/alem-de-afetar-o-planeta-estamos-interferindo-negativamente-na-nossa-propria-evolucao-mas-a-historia-ainda-pode-ser-mudada\/\",\"name\":\"Al\u00e9m de afetar o planeta, o ser humano est\u00e1 interferindo negativamente na pr\u00f3pria evolu\u00e7\u00e3o. Mas, a hist\u00f3ria ainda pode ser mudada! - Comunidade Ativa\",\"isPartOf\":{\"@id\":\"https:\/\/www.comunidadeativa.jor.br\/#website\"},\"primaryImageOfPage\":{\"@id\":\"https:\/\/www.comunidadeativa.jor.br\/index.php\/2020\/12\/14\/alem-de-afetar-o-planeta-estamos-interferindo-negativamente-na-nossa-propria-evolucao-mas-a-historia-ainda-pode-ser-mudada\/#primaryimage\"},\"image\":{\"@id\":\"https:\/\/www.comunidadeativa.jor.br\/index.php\/2020\/12\/14\/alem-de-afetar-o-planeta-estamos-interferindo-negativamente-na-nossa-propria-evolucao-mas-a-historia-ainda-pode-ser-mudada\/#primaryimage\"},\"thumbnailUrl\":\"https:\/\/www.comunidadeativa.jor.br\/wp-content\/uploads\/2020\/12\/capa-8.jpg\",\"datePublished\":\"2020-12-14T15:23:26+00:00\",\"dateModified\":\"2023-08-11T19:43:53+00:00\",\"breadcrumb\":{\"@id\":\"https:\/\/www.comunidadeativa.jor.br\/index.php\/2020\/12\/14\/alem-de-afetar-o-planeta-estamos-interferindo-negativamente-na-nossa-propria-evolucao-mas-a-historia-ainda-pode-ser-mudada\/#breadcrumb\"},\"inLanguage\":\"pt-BR\",\"potentialAction\":[{\"@type\":\"ReadAction\",\"target\":[\"https:\/\/www.comunidadeativa.jor.br\/index.php\/2020\/12\/14\/alem-de-afetar-o-planeta-estamos-interferindo-negativamente-na-nossa-propria-evolucao-mas-a-historia-ainda-pode-ser-mudada\/\"]}]},{\"@type\":\"ImageObject\",\"inLanguage\":\"pt-BR\",\"@id\":\"https:\/\/www.comunidadeativa.jor.br\/index.php\/2020\/12\/14\/alem-de-afetar-o-planeta-estamos-interferindo-negativamente-na-nossa-propria-evolucao-mas-a-historia-ainda-pode-ser-mudada\/#primaryimage\",\"url\":\"https:\/\/www.comunidadeativa.jor.br\/wp-content\/uploads\/2020\/12\/capa-8.jpg\",\"contentUrl\":\"https:\/\/www.comunidadeativa.jor.br\/wp-content\/uploads\/2020\/12\/capa-8.jpg\",\"width\":640,\"height\":352},{\"@type\":\"BreadcrumbList\",\"@id\":\"https:\/\/www.comunidadeativa.jor.br\/index.php\/2020\/12\/14\/alem-de-afetar-o-planeta-estamos-interferindo-negativamente-na-nossa-propria-evolucao-mas-a-historia-ainda-pode-ser-mudada\/#breadcrumb\",\"itemListElement\":[{\"@type\":\"ListItem\",\"position\":1,\"name\":\"In\u00edcio\",\"item\":\"https:\/\/www.comunidadeativa.jor.br\/\"},{\"@type\":\"ListItem\",\"position\":2,\"name\":\"Al\u00e9m de afetar o planeta, o ser humano est\u00e1 interferindo negativamente na pr\u00f3pria evolu\u00e7\u00e3o. Mas, a hist\u00f3ria ainda pode ser mudada!\"}]},{\"@type\":\"WebSite\",\"@id\":\"https:\/\/www.comunidadeativa.jor.br\/#website\",\"url\":\"https:\/\/www.comunidadeativa.jor.br\/\",\"name\":\"Comunidade Ativa\",\"description\":\"\",\"publisher\":{\"@id\":\"https:\/\/www.comunidadeativa.jor.br\/#organization\"},\"potentialAction\":[{\"@type\":\"SearchAction\",\"target\":{\"@type\":\"EntryPoint\",\"urlTemplate\":\"https:\/\/www.comunidadeativa.jor.br\/?s={search_term_string}\"},\"query-input\":{\"@type\":\"PropertyValueSpecification\",\"valueRequired\":true,\"valueName\":\"search_term_string\"}}],\"inLanguage\":\"pt-BR\"},{\"@type\":\"Organization\",\"@id\":\"https:\/\/www.comunidadeativa.jor.br\/#organization\",\"name\":\"Comunidade Ativa\",\"url\":\"https:\/\/www.comunidadeativa.jor.br\/\",\"logo\":{\"@type\":\"ImageObject\",\"inLanguage\":\"pt-BR\",\"@id\":\"https:\/\/www.comunidadeativa.jor.br\/#\/schema\/logo\/image\/\",\"url\":\"https:\/\/www.comunidadeativa.jor.br\/wp-content\/uploads\/2018\/03\/cropped-LOGOPNG-1.png\",\"contentUrl\":\"https:\/\/www.comunidadeativa.jor.br\/wp-content\/uploads\/2018\/03\/cropped-LOGOPNG-1.png\",\"width\":318,\"height\":90,\"caption\":\"Comunidade Ativa\"},\"image\":{\"@id\":\"https:\/\/www.comunidadeativa.jor.br\/#\/schema\/logo\/image\/\"},\"sameAs\":[\"https:\/\/www.facebook.com\/comunidadeativa\"]},{\"@type\":\"Person\",\"@id\":\"https:\/\/www.comunidadeativa.jor.br\/#\/schema\/person\/dcaa1f1c51c1f0c47a33b2b734cad6e1\",\"name\":\"Comunidade Ativa\",\"image\":{\"@type\":\"ImageObject\",\"inLanguage\":\"pt-BR\",\"@id\":\"https:\/\/www.comunidadeativa.jor.br\/#\/schema\/person\/image\/\",\"url\":\"https:\/\/secure.gravatar.com\/avatar\/09a9a1f85fedf41e81b47f7c1d40084f?s=96&d=mm&r=g\",\"contentUrl\":\"https:\/\/secure.gravatar.com\/avatar\/09a9a1f85fedf41e81b47f7c1d40084f?s=96&d=mm&r=g\",\"caption\":\"Comunidade Ativa\"},\"url\":\"https:\/\/www.comunidadeativa.jor.br\/index.php\/author\/casalberto\/\"}]}<\/script>\n<!-- \/ Yoast SEO plugin. -->","yoast_head_json":{"title":"Al\u00e9m de afetar o planeta, o ser humano est\u00e1 interferindo negativamente na pr\u00f3pria evolu\u00e7\u00e3o. Mas, a hist\u00f3ria ainda pode ser mudada! - Comunidade Ativa","robots":{"index":"index","follow":"follow","max-snippet":"max-snippet:-1","max-image-preview":"max-image-preview:large","max-video-preview":"max-video-preview:-1"},"canonical":"https:\/\/www.comunidadeativa.jor.br\/index.php\/2020\/12\/14\/alem-de-afetar-o-planeta-estamos-interferindo-negativamente-na-nossa-propria-evolucao-mas-a-historia-ainda-pode-ser-mudada\/","og_locale":"pt_BR","og_type":"article","og_title":"Al\u00e9m de afetar o planeta, o ser humano est\u00e1 interferindo negativamente na pr\u00f3pria evolu\u00e7\u00e3o. Mas, a hist\u00f3ria ainda pode ser mudada! - Comunidade Ativa","og_description":"Ap\u00f3s 10 anos de pesquisas no campo da neurobiologia e com base em estudos realizados por cientistas de v\u00e1rios pa\u00edses,","og_url":"https:\/\/www.comunidadeativa.jor.br\/index.php\/2020\/12\/14\/alem-de-afetar-o-planeta-estamos-interferindo-negativamente-na-nossa-propria-evolucao-mas-a-historia-ainda-pode-ser-mudada\/","og_site_name":"Comunidade Ativa","article_publisher":"https:\/\/www.facebook.com\/comunidadeativa","article_published_time":"2020-12-14T15:23:26+00:00","article_modified_time":"2023-08-11T19:43:53+00:00","og_image":[{"width":640,"height":352,"url":"https:\/\/www.comunidadeativa.jor.br\/wp-content\/uploads\/2020\/12\/capa-8.jpg","type":"image\/jpeg"}],"author":"Comunidade Ativa","twitter_card":"summary_large_image","twitter_misc":{"Escrito por":"Comunidade Ativa","Est. tempo de leitura":"5 minutos"},"schema":{"@context":"https:\/\/schema.org","@graph":[{"@type":"Article","@id":"https:\/\/www.comunidadeativa.jor.br\/index.php\/2020\/12\/14\/alem-de-afetar-o-planeta-estamos-interferindo-negativamente-na-nossa-propria-evolucao-mas-a-historia-ainda-pode-ser-mudada\/#article","isPartOf":{"@id":"https:\/\/www.comunidadeativa.jor.br\/index.php\/2020\/12\/14\/alem-de-afetar-o-planeta-estamos-interferindo-negativamente-na-nossa-propria-evolucao-mas-a-historia-ainda-pode-ser-mudada\/"},"author":{"name":"Comunidade Ativa","@id":"https:\/\/www.comunidadeativa.jor.br\/#\/schema\/person\/dcaa1f1c51c1f0c47a33b2b734cad6e1"},"headline":"Al\u00e9m de afetar o planeta, o ser humano est\u00e1 interferindo negativamente na pr\u00f3pria evolu\u00e7\u00e3o. Mas, a hist\u00f3ria ainda pode ser mudada!","datePublished":"2020-12-14T15:23:26+00:00","dateModified":"2023-08-11T19:43:53+00:00","mainEntityOfPage":{"@id":"https:\/\/www.comunidadeativa.jor.br\/index.php\/2020\/12\/14\/alem-de-afetar-o-planeta-estamos-interferindo-negativamente-na-nossa-propria-evolucao-mas-a-historia-ainda-pode-ser-mudada\/"},"wordCount":1002,"publisher":{"@id":"https:\/\/www.comunidadeativa.jor.br\/#organization"},"image":{"@id":"https:\/\/www.comunidadeativa.jor.br\/index.php\/2020\/12\/14\/alem-de-afetar-o-planeta-estamos-interferindo-negativamente-na-nossa-propria-evolucao-mas-a-historia-ainda-pode-ser-mudada\/#primaryimage"},"thumbnailUrl":"https:\/\/www.comunidadeativa.jor.br\/wp-content\/uploads\/2020\/12\/capa-8.jpg","articleSection":["Meio Ambiente"],"inLanguage":"pt-BR"},{"@type":"WebPage","@id":"https:\/\/www.comunidadeativa.jor.br\/index.php\/2020\/12\/14\/alem-de-afetar-o-planeta-estamos-interferindo-negativamente-na-nossa-propria-evolucao-mas-a-historia-ainda-pode-ser-mudada\/","url":"https:\/\/www.comunidadeativa.jor.br\/index.php\/2020\/12\/14\/alem-de-afetar-o-planeta-estamos-interferindo-negativamente-na-nossa-propria-evolucao-mas-a-historia-ainda-pode-ser-mudada\/","name":"Al\u00e9m de afetar o planeta, o ser humano est\u00e1 interferindo negativamente na pr\u00f3pria evolu\u00e7\u00e3o. Mas, a hist\u00f3ria ainda pode ser mudada! - Comunidade Ativa","isPartOf":{"@id":"https:\/\/www.comunidadeativa.jor.br\/#website"},"primaryImageOfPage":{"@id":"https:\/\/www.comunidadeativa.jor.br\/index.php\/2020\/12\/14\/alem-de-afetar-o-planeta-estamos-interferindo-negativamente-na-nossa-propria-evolucao-mas-a-historia-ainda-pode-ser-mudada\/#primaryimage"},"image":{"@id":"https:\/\/www.comunidadeativa.jor.br\/index.php\/2020\/12\/14\/alem-de-afetar-o-planeta-estamos-interferindo-negativamente-na-nossa-propria-evolucao-mas-a-historia-ainda-pode-ser-mudada\/#primaryimage"},"thumbnailUrl":"https:\/\/www.comunidadeativa.jor.br\/wp-content\/uploads\/2020\/12\/capa-8.jpg","datePublished":"2020-12-14T15:23:26+00:00","dateModified":"2023-08-11T19:43:53+00:00","breadcrumb":{"@id":"https:\/\/www.comunidadeativa.jor.br\/index.php\/2020\/12\/14\/alem-de-afetar-o-planeta-estamos-interferindo-negativamente-na-nossa-propria-evolucao-mas-a-historia-ainda-pode-ser-mudada\/#breadcrumb"},"inLanguage":"pt-BR","potentialAction":[{"@type":"ReadAction","target":["https:\/\/www.comunidadeativa.jor.br\/index.php\/2020\/12\/14\/alem-de-afetar-o-planeta-estamos-interferindo-negativamente-na-nossa-propria-evolucao-mas-a-historia-ainda-pode-ser-mudada\/"]}]},{"@type":"ImageObject","inLanguage":"pt-BR","@id":"https:\/\/www.comunidadeativa.jor.br\/index.php\/2020\/12\/14\/alem-de-afetar-o-planeta-estamos-interferindo-negativamente-na-nossa-propria-evolucao-mas-a-historia-ainda-pode-ser-mudada\/#primaryimage","url":"https:\/\/www.comunidadeativa.jor.br\/wp-content\/uploads\/2020\/12\/capa-8.jpg","contentUrl":"https:\/\/www.comunidadeativa.jor.br\/wp-content\/uploads\/2020\/12\/capa-8.jpg","width":640,"height":352},{"@type":"BreadcrumbList","@id":"https:\/\/www.comunidadeativa.jor.br\/index.php\/2020\/12\/14\/alem-de-afetar-o-planeta-estamos-interferindo-negativamente-na-nossa-propria-evolucao-mas-a-historia-ainda-pode-ser-mudada\/#breadcrumb","itemListElement":[{"@type":"ListItem","position":1,"name":"In\u00edcio","item":"https:\/\/www.comunidadeativa.jor.br\/"},{"@type":"ListItem","position":2,"name":"Al\u00e9m de afetar o planeta, o ser humano est\u00e1 interferindo negativamente na pr\u00f3pria evolu\u00e7\u00e3o. Mas, a hist\u00f3ria ainda pode ser mudada!"}]},{"@type":"WebSite","@id":"https:\/\/www.comunidadeativa.jor.br\/#website","url":"https:\/\/www.comunidadeativa.jor.br\/","name":"Comunidade Ativa","description":"","publisher":{"@id":"https:\/\/www.comunidadeativa.jor.br\/#organization"},"potentialAction":[{"@type":"SearchAction","target":{"@type":"EntryPoint","urlTemplate":"https:\/\/www.comunidadeativa.jor.br\/?s={search_term_string}"},"query-input":{"@type":"PropertyValueSpecification","valueRequired":true,"valueName":"search_term_string"}}],"inLanguage":"pt-BR"},{"@type":"Organization","@id":"https:\/\/www.comunidadeativa.jor.br\/#organization","name":"Comunidade Ativa","url":"https:\/\/www.comunidadeativa.jor.br\/","logo":{"@type":"ImageObject","inLanguage":"pt-BR","@id":"https:\/\/www.comunidadeativa.jor.br\/#\/schema\/logo\/image\/","url":"https:\/\/www.comunidadeativa.jor.br\/wp-content\/uploads\/2018\/03\/cropped-LOGOPNG-1.png","contentUrl":"https:\/\/www.comunidadeativa.jor.br\/wp-content\/uploads\/2018\/03\/cropped-LOGOPNG-1.png","width":318,"height":90,"caption":"Comunidade Ativa"},"image":{"@id":"https:\/\/www.comunidadeativa.jor.br\/#\/schema\/logo\/image\/"},"sameAs":["https:\/\/www.facebook.com\/comunidadeativa"]},{"@type":"Person","@id":"https:\/\/www.comunidadeativa.jor.br\/#\/schema\/person\/dcaa1f1c51c1f0c47a33b2b734cad6e1","name":"Comunidade Ativa","image":{"@type":"ImageObject","inLanguage":"pt-BR","@id":"https:\/\/www.comunidadeativa.jor.br\/#\/schema\/person\/image\/","url":"https:\/\/secure.gravatar.com\/avatar\/09a9a1f85fedf41e81b47f7c1d40084f?s=96&d=mm&r=g","contentUrl":"https:\/\/secure.gravatar.com\/avatar\/09a9a1f85fedf41e81b47f7c1d40084f?s=96&d=mm&r=g","caption":"Comunidade Ativa"},"url":"https:\/\/www.comunidadeativa.jor.br\/index.php\/author\/casalberto\/"}]}},"_links":{"self":[{"href":"https:\/\/www.comunidadeativa.jor.br\/index.php\/wp-json\/wp\/v2\/posts\/1484","targetHints":{"allow":["GET"]}}],"collection":[{"href":"https:\/\/www.comunidadeativa.jor.br\/index.php\/wp-json\/wp\/v2\/posts"}],"about":[{"href":"https:\/\/www.comunidadeativa.jor.br\/index.php\/wp-json\/wp\/v2\/types\/post"}],"author":[{"embeddable":true,"href":"https:\/\/www.comunidadeativa.jor.br\/index.php\/wp-json\/wp\/v2\/users\/1"}],"replies":[{"embeddable":true,"href":"https:\/\/www.comunidadeativa.jor.br\/index.php\/wp-json\/wp\/v2\/comments?post=1484"}],"version-history":[{"count":3,"href":"https:\/\/www.comunidadeativa.jor.br\/index.php\/wp-json\/wp\/v2\/posts\/1484\/revisions"}],"predecessor-version":[{"id":3769,"href":"https:\/\/www.comunidadeativa.jor.br\/index.php\/wp-json\/wp\/v2\/posts\/1484\/revisions\/3769"}],"wp:featuredmedia":[{"embeddable":true,"href":"https:\/\/www.comunidadeativa.jor.br\/index.php\/wp-json\/wp\/v2\/media\/1485"}],"wp:attachment":[{"href":"https:\/\/www.comunidadeativa.jor.br\/index.php\/wp-json\/wp\/v2\/media?parent=1484"}],"wp:term":[{"taxonomy":"category","embeddable":true,"href":"https:\/\/www.comunidadeativa.jor.br\/index.php\/wp-json\/wp\/v2\/categories?post=1484"},{"taxonomy":"post_tag","embeddable":true,"href":"https:\/\/www.comunidadeativa.jor.br\/index.php\/wp-json\/wp\/v2\/tags?post=1484"}],"curies":[{"name":"wp","href":"https:\/\/api.w.org\/{rel}","templated":true}]}}