{"id":1544,"date":"2020-12-31T13:49:59","date_gmt":"2020-12-31T16:49:59","guid":{"rendered":"https:\/\/www.comunidadeativa.jor.br\/?p=1544"},"modified":"2020-12-31T13:49:59","modified_gmt":"2020-12-31T16:49:59","slug":"que-venha-um-2021-de-superacao-e-de-transformacao","status":"publish","type":"post","link":"https:\/\/www.comunidadeativa.jor.br\/index.php\/2020\/12\/31\/que-venha-um-2021-de-superacao-e-de-transformacao\/","title":{"rendered":"Que venha um 2021 de supera\u00e7\u00e3o e de transforma\u00e7\u00e3o!"},"content":{"rendered":"<p><em>por Carlos Alberto Rocha*<\/em><\/p>\n<p>Em 31 de dezembro de 2019, quando nos prepar\u00e1vamos para festejar a chegada de um ano novo que, como tantos outros, vinha cheio de promessas, n\u00e3o imagin\u00e1vamos o tipo de balan\u00e7o que estar\u00edamos fazendo no mesmo dia em 2020. \u00c9 verdade que as primeiras manifesta\u00e7\u00f5es da Covid j\u00e1 ocorriam na China e a possibilidade de uma pandemia j\u00e1 era considerada pelos especialistas e anunciada pela imprensa. Por\u00e9m, al\u00e9m de um grupo seleto de profissionais, no qual podemos incluir os autores de fic\u00e7\u00e3o cient\u00edfica, ningu\u00e9m fazia a m\u00ednima ideia do que estava por vir.<\/p>\n<p>Mesmo assim, sem considera\u00e7\u00e3o pelos desavisados, a realidade n\u00e3o se fez de rogada e passou por cima de todas as expectativas \u2014 conformistas, otimistas e at\u00e9 das mais pessimistas \u2014 e nos trouxe a surpresa que ningu\u00e9m desejava. Sem tempo para ficarmos surpreendidos, passamos a experimentar um emaranhado de sensa\u00e7\u00f5es terr\u00edveis que est\u00e3o sendo provocadas pelo medo do v\u00edrus e da morte, pela tristeza de vidas perdidas e pelo sofrimento f\u00edsico que se concretiza em quem contrai a doen\u00e7a.<\/p>\n<p>De fato, estamos vivendo a inseguran\u00e7a, as perdas materiais e tamb\u00e9m sofrendo com toda a ansiedade que se alastrou pelo mundo. Mas, as boas novas j\u00e1 come\u00e7am a surgir.<\/p>\n<h6>Supera\u00e7\u00e3o<\/h6>\n<p>Precisamos considerar que, como sempre aconteceu, todos esses reveses est\u00e1 despertando em n\u00f3s a capacidade de supera\u00e7\u00e3o que \u00e9 pr\u00f3pria da humanidade. \u00a0Prova disso est\u00e1 no desenvolvimento acelerado de vacinas e de outras drogas que prometem criar uma nova e consistente linha de enfrentamento ao coronav\u00edrus e que, em algum momento, deve fazer com que a doen\u00e7a recue para n\u00edveis toler\u00e1veis.<\/p>\n<p>Ao mesmo tempo, a despeito da resist\u00eancia de uma parcela consider\u00e1vel da popula\u00e7\u00e3o que, infelizmente, tem se manifestado contra medidas individuais e coletivas fundamentais para o combate \u00e0 pandemia, um grande n\u00famero de pessoas tem agido racionalmente. Assim, elas est\u00e3o seguindo as recomenda\u00e7\u00f5es de distanciamento social, de uso de m\u00e1scara e de higieniza\u00e7\u00e3o frequente das m\u00e3os que foram definidas por quem entende dos protocolos sanit\u00e1rios e que s\u00e3o indispens\u00e1veis no momento.<\/p>\n<p>Ainda, \u00e9 importante considerar as a\u00e7\u00f5es de solidariedade e de empatia que t\u00eam surgido por todos os lados e que, de alguma forma, t\u00eam ajudado a minimizar as dificuldades. Ou seja, apesar de todos os pesares, estamos avan\u00e7ando.<\/p>\n<h6>Renova\u00e7\u00e3o<\/h6>\n<p>Com certeza os avan\u00e7os ainda n\u00e3o chegaram com a velocidade que gostar\u00edamos que viessem e \u00e9 verdade que o v\u00edrus continua fazendo mis\u00e9ria por onde passa. Mas, em um ritmo razo\u00e1vel, estamos avan\u00e7ando e, com isso, estamos mais perto de um controle da doen\u00e7a e do fim da pandemia do que est\u00e1vamos h\u00e1 um ano.<\/p>\n<p>Tamb\u00e9m devemos considerar que, se por um lado muitas vidas foram perdidas, por outro, muitas mais surgiram. De fato, n\u00e3o h\u00e1 que se falar em compensa\u00e7\u00f5es de vidas, pois cada uma das que se foram tem o seu significado pr\u00f3prio. Contudo, os n\u00fameros indicam que os nascimentos continuam superando os \u00f3bitos, o que \u00e9 algo que precisa ser considerado, sobretudo diante de todas as perdas sofridas.<\/p>\n<p>No Brasil, por exemplo, de janeiro a novembro, o <a href=\"https:\/\/transparencia.registrocivil.org.br\/inicio\" target=\"_blank\" rel=\"noopener noreferrer\">Portal da Transpar\u00eancia do Registro Civi<\/a>l assinala que os cart\u00f3rios registraram um total de 1.423.935 \u00f3bitos em todo o pa\u00eds. Infelizmente, em fun\u00e7\u00e3o da Covid, esse n\u00famero \u00e9 bastante superior aos 1.258.947 de registros de todo o ano de 2019 e maior ainda do que os menos de 1,2 milh\u00e3o de \u00f3bitos de 2018.<\/p>\n<p>Entretanto, nos \u00faltimos 11 meses, 2.557.975 novas brasileirinhos e brasileirinhas nasceram, mantendo o movimento de renova\u00e7\u00e3o com um saldo favor\u00e1vel de mais de 1,1 milh\u00e3o de vidas que foram acrescentadas \u00e0 nossa popula\u00e7\u00e3o.<\/p>\n<h6>A\u00e7\u00e3o pra ontem<\/h6>\n<p>Agora, nesse final de um ano pra l\u00e1 de dif\u00edcil, \u00e9 muito importante e necess\u00e1rio levarmos em conta que esta renova\u00e7\u00e3o \u00e9 real e que n\u00e3o se limita \u00e0quelas que desejamos nos votos de final de ano. Pensando assim, podemos considerar que s\u00f3 no Brasil temos cerca de 2,6 milh\u00f5es de novas possibilidades e de oportunidades para haver por aqui um belo futuro.<\/p>\n<p>Todavia, pra que o futuro aconte\u00e7a da maneira como desejamos, ser\u00e1 necess\u00e1rio encararmos de frente os tantos problemas que a humanidade precisa enfrentar e que, em perspectiva, s\u00e3o muito mais graves do que a pandemia que estamos vivendo. Ali\u00e1s, podemos at\u00e9 encarar a pandemia como apenas<a href=\"https:\/\/www.comunidadeativa.jor.br\/index.php\/2020\/12\/14\/alem-de-afetar-o-planeta-estamos-interferindo-negativamente-na-nossa-propria-evolucao-mas-a-historia-ainda-pode-ser-mudada\/\" target=\"_blank\" rel=\"noopener noreferrer\"> uma das m\u00faltiplas manifesta\u00e7\u00f5es deste problema<\/a>.<\/p>\n<p>\u00c9 para ontem! A humanidade precisa entender que <a href=\"https:\/\/www.comunidadeativa.jor.br\/index.php\/2020\/09\/17\/na-era-da-humanidade-o-papel-decisivo-do-publico-na-sobrevivencia-do-planeta\/\" target=\"_blank\" rel=\"noopener noreferrer\">estamos \u00e0 beira de uma pane planet\u00e1ria<\/a>, que, segundo os cientistas, dever\u00e1 ocorrer dentro de no m\u00e1ximo 40 anos. Precisamos urgentemente acordar para o fato de que o nosso planeta est\u00e1 pr\u00f3ximo de atingir a exaust\u00e3o de seus recursos e de alcan\u00e7ar um est\u00e1gio de altera\u00e7\u00e3o clim\u00e1tica que promete trazer consequ\u00eancias inacreditavelmente mais graves do que a Covid tem provocado.<\/p>\n<p>J\u00e1 no presente, caso n\u00e3o existissem as inven\u00e7\u00f5es humanas que, artificialmente, aumentam a capacidade de produ\u00e7\u00e3o de alimentos, a fome j\u00e1 estaria alcan\u00e7ando n\u00famero muito maior do que as <a href=\"https:\/\/news.un.org\/pt\/story\/2019\/07\/1680101\" target=\"_blank\" rel=\"noopener noreferrer\">820 milh\u00f5es de pessoas que, no mundo, de acordo com a ONU, n\u00e3o tiveram acesso suficiente \u00e0 alimenta\u00e7\u00e3o em 2018<\/a>. Al\u00e9m disso, ano ap\u00f3s ano, as mudan\u00e7as clim\u00e1ticas est\u00e3o causando estragos cada vez mais frequentes mundo afora, fazendo isso de uma forma que j\u00e1 podemos perceber com facilidade no nosso dia a dia.<\/p>\n<p>Com as secas prolongadas, tempestades destruidoras e enchentes que j\u00e1 se tornaram comuns, \u00e9 bastante \u00f3bvio como o nosso planeta est\u00e1 reagindo de forma r\u00edspida a todas as interfer\u00eancias negativas que impusemos a ele.<\/p>\n<h6>Feliz transforma\u00e7\u00e3o<\/h6>\n<p>Com certeza, a virada do ano pede celebra\u00e7\u00f5es e manifesta\u00e7\u00f5es de otimismo, o que, sem deixar de lado o respeito pela dor e pela tristeza que se espalhou pelo mundo, temos todo o direito de buscar nesse momento. Mesmo diante de tanta afli\u00e7\u00e3o, ainda podemos e devemos vislumbrar tempos melhores.<\/p>\n<p>Todavia, pra que esses tempos venham com a prosperidade que desejamos, precisamos encarar uma realidade: a hora de come\u00e7armos a agir j\u00e1 passou e o agora \u00e9 o prazo de toler\u00e2ncia que recebemos como b\u00f4nus.<\/p>\n<p>Sendo assim, espero que 2021 n\u00e3o venha s\u00f3 como um ano de promessas. Profundamente, eu desejo que a supera\u00e7\u00e3o de todas as dificuldades que enfrentamos em 2020 de fato se concretizem.\u00a0Todavia, muito mais do que isso, espero que o ano novo surja como uma oportunidade para que as pessoas entendam a import\u00e2ncia que cada uma delas, individualmente, e que todas elas, coletivamente, t\u00eam no inadi\u00e1vel processo de transforma\u00e7\u00e3o positiva que devemos iniciar imediatamente.<\/p>\n<p>Portanto, desejo a voc\u00ea e a todo a sua fam\u00edlia um Feliz Ano Novo de supera\u00e7\u00e3o e de muita transforma\u00e7\u00e3o!<\/p>\n<p>&nbsp;<\/p>\n<p><em>\u00a0 \u00a0 \u00a0 * Carlos Alberto \u00e9 presidente da Amoran e editor do Comunidade Ativa<\/em><\/p>\n","protected":false},"excerpt":{"rendered":"<p>por Carlos Alberto Rocha* Em 31 de dezembro de 2019, quando nos prepar\u00e1vamos para festejar a chegada de um ano<\/p>\n","protected":false},"author":1,"featured_media":1545,"comment_status":"closed","ping_status":"open","sticky":false,"template":"","format":"standard","meta":{"footnotes":""},"categories":[12],"tags":[],"class_list":["post-1544","post","type-post","status-publish","format-standard","has-post-thumbnail","hentry","category-cidadania"],"yoast_head":"<!-- This site is optimized with the Yoast SEO plugin v26.0 - https:\/\/yoast.com\/wordpress\/plugins\/seo\/ -->\n<title>Que venha um 2021 de supera\u00e7\u00e3o e de transforma\u00e7\u00e3o! - Comunidade Ativa<\/title>\n<meta name=\"robots\" content=\"index, follow, max-snippet:-1, max-image-preview:large, max-video-preview:-1\" \/>\n<link rel=\"canonical\" href=\"https:\/\/www.comunidadeativa.jor.br\/index.php\/2020\/12\/31\/que-venha-um-2021-de-superacao-e-de-transformacao\/\" \/>\n<meta property=\"og:locale\" content=\"pt_BR\" \/>\n<meta property=\"og:type\" content=\"article\" \/>\n<meta property=\"og:title\" content=\"Que venha um 2021 de supera\u00e7\u00e3o e de transforma\u00e7\u00e3o! - Comunidade Ativa\" \/>\n<meta property=\"og:description\" content=\"por Carlos Alberto Rocha* Em 31 de dezembro de 2019, quando nos prepar\u00e1vamos para festejar a chegada de um ano\" \/>\n<meta property=\"og:url\" content=\"https:\/\/www.comunidadeativa.jor.br\/index.php\/2020\/12\/31\/que-venha-um-2021-de-superacao-e-de-transformacao\/\" \/>\n<meta property=\"og:site_name\" content=\"Comunidade Ativa\" \/>\n<meta property=\"article:publisher\" content=\"https:\/\/www.facebook.com\/comunidadeativa\" \/>\n<meta property=\"article:published_time\" content=\"2020-12-31T16:49:59+00:00\" \/>\n<meta property=\"og:image\" content=\"https:\/\/www.comunidadeativa.jor.br\/wp-content\/uploads\/2020\/12\/capa-18.jpg\" \/>\n\t<meta property=\"og:image:width\" content=\"640\" \/>\n\t<meta property=\"og:image:height\" content=\"352\" \/>\n\t<meta property=\"og:image:type\" content=\"image\/jpeg\" \/>\n<meta name=\"author\" content=\"Comunidade Ativa\" \/>\n<meta name=\"twitter:card\" content=\"summary_large_image\" \/>\n<meta name=\"twitter:label1\" content=\"Escrito por\" \/>\n\t<meta name=\"twitter:data1\" content=\"Comunidade Ativa\" \/>\n\t<meta name=\"twitter:label2\" content=\"Est. tempo de leitura\" \/>\n\t<meta name=\"twitter:data2\" content=\"6 minutos\" \/>\n<script type=\"application\/ld+json\" class=\"yoast-schema-graph\">{\"@context\":\"https:\/\/schema.org\",\"@graph\":[{\"@type\":\"Article\",\"@id\":\"https:\/\/www.comunidadeativa.jor.br\/index.php\/2020\/12\/31\/que-venha-um-2021-de-superacao-e-de-transformacao\/#article\",\"isPartOf\":{\"@id\":\"https:\/\/www.comunidadeativa.jor.br\/index.php\/2020\/12\/31\/que-venha-um-2021-de-superacao-e-de-transformacao\/\"},\"author\":{\"name\":\"Comunidade Ativa\",\"@id\":\"https:\/\/www.comunidadeativa.jor.br\/#\/schema\/person\/dcaa1f1c51c1f0c47a33b2b734cad6e1\"},\"headline\":\"Que venha um 2021 de supera\u00e7\u00e3o e de transforma\u00e7\u00e3o!\",\"datePublished\":\"2020-12-31T16:49:59+00:00\",\"mainEntityOfPage\":{\"@id\":\"https:\/\/www.comunidadeativa.jor.br\/index.php\/2020\/12\/31\/que-venha-um-2021-de-superacao-e-de-transformacao\/\"},\"wordCount\":1189,\"publisher\":{\"@id\":\"https:\/\/www.comunidadeativa.jor.br\/#organization\"},\"image\":{\"@id\":\"https:\/\/www.comunidadeativa.jor.br\/index.php\/2020\/12\/31\/que-venha-um-2021-de-superacao-e-de-transformacao\/#primaryimage\"},\"thumbnailUrl\":\"https:\/\/www.comunidadeativa.jor.br\/wp-content\/uploads\/2020\/12\/capa-18.jpg\",\"articleSection\":[\"Cidadania\"],\"inLanguage\":\"pt-BR\"},{\"@type\":\"WebPage\",\"@id\":\"https:\/\/www.comunidadeativa.jor.br\/index.php\/2020\/12\/31\/que-venha-um-2021-de-superacao-e-de-transformacao\/\",\"url\":\"https:\/\/www.comunidadeativa.jor.br\/index.php\/2020\/12\/31\/que-venha-um-2021-de-superacao-e-de-transformacao\/\",\"name\":\"Que venha um 2021 de supera\u00e7\u00e3o e de transforma\u00e7\u00e3o! - Comunidade Ativa\",\"isPartOf\":{\"@id\":\"https:\/\/www.comunidadeativa.jor.br\/#website\"},\"primaryImageOfPage\":{\"@id\":\"https:\/\/www.comunidadeativa.jor.br\/index.php\/2020\/12\/31\/que-venha-um-2021-de-superacao-e-de-transformacao\/#primaryimage\"},\"image\":{\"@id\":\"https:\/\/www.comunidadeativa.jor.br\/index.php\/2020\/12\/31\/que-venha-um-2021-de-superacao-e-de-transformacao\/#primaryimage\"},\"thumbnailUrl\":\"https:\/\/www.comunidadeativa.jor.br\/wp-content\/uploads\/2020\/12\/capa-18.jpg\",\"datePublished\":\"2020-12-31T16:49:59+00:00\",\"breadcrumb\":{\"@id\":\"https:\/\/www.comunidadeativa.jor.br\/index.php\/2020\/12\/31\/que-venha-um-2021-de-superacao-e-de-transformacao\/#breadcrumb\"},\"inLanguage\":\"pt-BR\",\"potentialAction\":[{\"@type\":\"ReadAction\",\"target\":[\"https:\/\/www.comunidadeativa.jor.br\/index.php\/2020\/12\/31\/que-venha-um-2021-de-superacao-e-de-transformacao\/\"]}]},{\"@type\":\"ImageObject\",\"inLanguage\":\"pt-BR\",\"@id\":\"https:\/\/www.comunidadeativa.jor.br\/index.php\/2020\/12\/31\/que-venha-um-2021-de-superacao-e-de-transformacao\/#primaryimage\",\"url\":\"https:\/\/www.comunidadeativa.jor.br\/wp-content\/uploads\/2020\/12\/capa-18.jpg\",\"contentUrl\":\"https:\/\/www.comunidadeativa.jor.br\/wp-content\/uploads\/2020\/12\/capa-18.jpg\",\"width\":640,\"height\":352},{\"@type\":\"BreadcrumbList\",\"@id\":\"https:\/\/www.comunidadeativa.jor.br\/index.php\/2020\/12\/31\/que-venha-um-2021-de-superacao-e-de-transformacao\/#breadcrumb\",\"itemListElement\":[{\"@type\":\"ListItem\",\"position\":1,\"name\":\"In\u00edcio\",\"item\":\"https:\/\/www.comunidadeativa.jor.br\/\"},{\"@type\":\"ListItem\",\"position\":2,\"name\":\"Que venha um 2021 de supera\u00e7\u00e3o e de transforma\u00e7\u00e3o!\"}]},{\"@type\":\"WebSite\",\"@id\":\"https:\/\/www.comunidadeativa.jor.br\/#website\",\"url\":\"https:\/\/www.comunidadeativa.jor.br\/\",\"name\":\"Comunidade Ativa\",\"description\":\"\",\"publisher\":{\"@id\":\"https:\/\/www.comunidadeativa.jor.br\/#organization\"},\"potentialAction\":[{\"@type\":\"SearchAction\",\"target\":{\"@type\":\"EntryPoint\",\"urlTemplate\":\"https:\/\/www.comunidadeativa.jor.br\/?s={search_term_string}\"},\"query-input\":{\"@type\":\"PropertyValueSpecification\",\"valueRequired\":true,\"valueName\":\"search_term_string\"}}],\"inLanguage\":\"pt-BR\"},{\"@type\":\"Organization\",\"@id\":\"https:\/\/www.comunidadeativa.jor.br\/#organization\",\"name\":\"Comunidade Ativa\",\"url\":\"https:\/\/www.comunidadeativa.jor.br\/\",\"logo\":{\"@type\":\"ImageObject\",\"inLanguage\":\"pt-BR\",\"@id\":\"https:\/\/www.comunidadeativa.jor.br\/#\/schema\/logo\/image\/\",\"url\":\"https:\/\/www.comunidadeativa.jor.br\/wp-content\/uploads\/2018\/03\/cropped-LOGOPNG-1.png\",\"contentUrl\":\"https:\/\/www.comunidadeativa.jor.br\/wp-content\/uploads\/2018\/03\/cropped-LOGOPNG-1.png\",\"width\":318,\"height\":90,\"caption\":\"Comunidade Ativa\"},\"image\":{\"@id\":\"https:\/\/www.comunidadeativa.jor.br\/#\/schema\/logo\/image\/\"},\"sameAs\":[\"https:\/\/www.facebook.com\/comunidadeativa\"]},{\"@type\":\"Person\",\"@id\":\"https:\/\/www.comunidadeativa.jor.br\/#\/schema\/person\/dcaa1f1c51c1f0c47a33b2b734cad6e1\",\"name\":\"Comunidade Ativa\",\"image\":{\"@type\":\"ImageObject\",\"inLanguage\":\"pt-BR\",\"@id\":\"https:\/\/www.comunidadeativa.jor.br\/#\/schema\/person\/image\/\",\"url\":\"https:\/\/secure.gravatar.com\/avatar\/09a9a1f85fedf41e81b47f7c1d40084f?s=96&d=mm&r=g\",\"contentUrl\":\"https:\/\/secure.gravatar.com\/avatar\/09a9a1f85fedf41e81b47f7c1d40084f?s=96&d=mm&r=g\",\"caption\":\"Comunidade Ativa\"},\"url\":\"https:\/\/www.comunidadeativa.jor.br\/index.php\/author\/casalberto\/\"}]}<\/script>\n<!-- \/ Yoast SEO plugin. -->","yoast_head_json":{"title":"Que venha um 2021 de supera\u00e7\u00e3o e de transforma\u00e7\u00e3o! - Comunidade Ativa","robots":{"index":"index","follow":"follow","max-snippet":"max-snippet:-1","max-image-preview":"max-image-preview:large","max-video-preview":"max-video-preview:-1"},"canonical":"https:\/\/www.comunidadeativa.jor.br\/index.php\/2020\/12\/31\/que-venha-um-2021-de-superacao-e-de-transformacao\/","og_locale":"pt_BR","og_type":"article","og_title":"Que venha um 2021 de supera\u00e7\u00e3o e de transforma\u00e7\u00e3o! - Comunidade Ativa","og_description":"por Carlos Alberto Rocha* Em 31 de dezembro de 2019, quando nos prepar\u00e1vamos para festejar a chegada de um ano","og_url":"https:\/\/www.comunidadeativa.jor.br\/index.php\/2020\/12\/31\/que-venha-um-2021-de-superacao-e-de-transformacao\/","og_site_name":"Comunidade Ativa","article_publisher":"https:\/\/www.facebook.com\/comunidadeativa","article_published_time":"2020-12-31T16:49:59+00:00","og_image":[{"width":640,"height":352,"url":"https:\/\/www.comunidadeativa.jor.br\/wp-content\/uploads\/2020\/12\/capa-18.jpg","type":"image\/jpeg"}],"author":"Comunidade Ativa","twitter_card":"summary_large_image","twitter_misc":{"Escrito por":"Comunidade Ativa","Est. tempo de leitura":"6 minutos"},"schema":{"@context":"https:\/\/schema.org","@graph":[{"@type":"Article","@id":"https:\/\/www.comunidadeativa.jor.br\/index.php\/2020\/12\/31\/que-venha-um-2021-de-superacao-e-de-transformacao\/#article","isPartOf":{"@id":"https:\/\/www.comunidadeativa.jor.br\/index.php\/2020\/12\/31\/que-venha-um-2021-de-superacao-e-de-transformacao\/"},"author":{"name":"Comunidade Ativa","@id":"https:\/\/www.comunidadeativa.jor.br\/#\/schema\/person\/dcaa1f1c51c1f0c47a33b2b734cad6e1"},"headline":"Que venha um 2021 de supera\u00e7\u00e3o e de transforma\u00e7\u00e3o!","datePublished":"2020-12-31T16:49:59+00:00","mainEntityOfPage":{"@id":"https:\/\/www.comunidadeativa.jor.br\/index.php\/2020\/12\/31\/que-venha-um-2021-de-superacao-e-de-transformacao\/"},"wordCount":1189,"publisher":{"@id":"https:\/\/www.comunidadeativa.jor.br\/#organization"},"image":{"@id":"https:\/\/www.comunidadeativa.jor.br\/index.php\/2020\/12\/31\/que-venha-um-2021-de-superacao-e-de-transformacao\/#primaryimage"},"thumbnailUrl":"https:\/\/www.comunidadeativa.jor.br\/wp-content\/uploads\/2020\/12\/capa-18.jpg","articleSection":["Cidadania"],"inLanguage":"pt-BR"},{"@type":"WebPage","@id":"https:\/\/www.comunidadeativa.jor.br\/index.php\/2020\/12\/31\/que-venha-um-2021-de-superacao-e-de-transformacao\/","url":"https:\/\/www.comunidadeativa.jor.br\/index.php\/2020\/12\/31\/que-venha-um-2021-de-superacao-e-de-transformacao\/","name":"Que venha um 2021 de supera\u00e7\u00e3o e de transforma\u00e7\u00e3o! - Comunidade Ativa","isPartOf":{"@id":"https:\/\/www.comunidadeativa.jor.br\/#website"},"primaryImageOfPage":{"@id":"https:\/\/www.comunidadeativa.jor.br\/index.php\/2020\/12\/31\/que-venha-um-2021-de-superacao-e-de-transformacao\/#primaryimage"},"image":{"@id":"https:\/\/www.comunidadeativa.jor.br\/index.php\/2020\/12\/31\/que-venha-um-2021-de-superacao-e-de-transformacao\/#primaryimage"},"thumbnailUrl":"https:\/\/www.comunidadeativa.jor.br\/wp-content\/uploads\/2020\/12\/capa-18.jpg","datePublished":"2020-12-31T16:49:59+00:00","breadcrumb":{"@id":"https:\/\/www.comunidadeativa.jor.br\/index.php\/2020\/12\/31\/que-venha-um-2021-de-superacao-e-de-transformacao\/#breadcrumb"},"inLanguage":"pt-BR","potentialAction":[{"@type":"ReadAction","target":["https:\/\/www.comunidadeativa.jor.br\/index.php\/2020\/12\/31\/que-venha-um-2021-de-superacao-e-de-transformacao\/"]}]},{"@type":"ImageObject","inLanguage":"pt-BR","@id":"https:\/\/www.comunidadeativa.jor.br\/index.php\/2020\/12\/31\/que-venha-um-2021-de-superacao-e-de-transformacao\/#primaryimage","url":"https:\/\/www.comunidadeativa.jor.br\/wp-content\/uploads\/2020\/12\/capa-18.jpg","contentUrl":"https:\/\/www.comunidadeativa.jor.br\/wp-content\/uploads\/2020\/12\/capa-18.jpg","width":640,"height":352},{"@type":"BreadcrumbList","@id":"https:\/\/www.comunidadeativa.jor.br\/index.php\/2020\/12\/31\/que-venha-um-2021-de-superacao-e-de-transformacao\/#breadcrumb","itemListElement":[{"@type":"ListItem","position":1,"name":"In\u00edcio","item":"https:\/\/www.comunidadeativa.jor.br\/"},{"@type":"ListItem","position":2,"name":"Que venha um 2021 de supera\u00e7\u00e3o e de transforma\u00e7\u00e3o!"}]},{"@type":"WebSite","@id":"https:\/\/www.comunidadeativa.jor.br\/#website","url":"https:\/\/www.comunidadeativa.jor.br\/","name":"Comunidade Ativa","description":"","publisher":{"@id":"https:\/\/www.comunidadeativa.jor.br\/#organization"},"potentialAction":[{"@type":"SearchAction","target":{"@type":"EntryPoint","urlTemplate":"https:\/\/www.comunidadeativa.jor.br\/?s={search_term_string}"},"query-input":{"@type":"PropertyValueSpecification","valueRequired":true,"valueName":"search_term_string"}}],"inLanguage":"pt-BR"},{"@type":"Organization","@id":"https:\/\/www.comunidadeativa.jor.br\/#organization","name":"Comunidade Ativa","url":"https:\/\/www.comunidadeativa.jor.br\/","logo":{"@type":"ImageObject","inLanguage":"pt-BR","@id":"https:\/\/www.comunidadeativa.jor.br\/#\/schema\/logo\/image\/","url":"https:\/\/www.comunidadeativa.jor.br\/wp-content\/uploads\/2018\/03\/cropped-LOGOPNG-1.png","contentUrl":"https:\/\/www.comunidadeativa.jor.br\/wp-content\/uploads\/2018\/03\/cropped-LOGOPNG-1.png","width":318,"height":90,"caption":"Comunidade Ativa"},"image":{"@id":"https:\/\/www.comunidadeativa.jor.br\/#\/schema\/logo\/image\/"},"sameAs":["https:\/\/www.facebook.com\/comunidadeativa"]},{"@type":"Person","@id":"https:\/\/www.comunidadeativa.jor.br\/#\/schema\/person\/dcaa1f1c51c1f0c47a33b2b734cad6e1","name":"Comunidade Ativa","image":{"@type":"ImageObject","inLanguage":"pt-BR","@id":"https:\/\/www.comunidadeativa.jor.br\/#\/schema\/person\/image\/","url":"https:\/\/secure.gravatar.com\/avatar\/09a9a1f85fedf41e81b47f7c1d40084f?s=96&d=mm&r=g","contentUrl":"https:\/\/secure.gravatar.com\/avatar\/09a9a1f85fedf41e81b47f7c1d40084f?s=96&d=mm&r=g","caption":"Comunidade Ativa"},"url":"https:\/\/www.comunidadeativa.jor.br\/index.php\/author\/casalberto\/"}]}},"_links":{"self":[{"href":"https:\/\/www.comunidadeativa.jor.br\/index.php\/wp-json\/wp\/v2\/posts\/1544","targetHints":{"allow":["GET"]}}],"collection":[{"href":"https:\/\/www.comunidadeativa.jor.br\/index.php\/wp-json\/wp\/v2\/posts"}],"about":[{"href":"https:\/\/www.comunidadeativa.jor.br\/index.php\/wp-json\/wp\/v2\/types\/post"}],"author":[{"embeddable":true,"href":"https:\/\/www.comunidadeativa.jor.br\/index.php\/wp-json\/wp\/v2\/users\/1"}],"replies":[{"embeddable":true,"href":"https:\/\/www.comunidadeativa.jor.br\/index.php\/wp-json\/wp\/v2\/comments?post=1544"}],"version-history":[{"count":1,"href":"https:\/\/www.comunidadeativa.jor.br\/index.php\/wp-json\/wp\/v2\/posts\/1544\/revisions"}],"predecessor-version":[{"id":1546,"href":"https:\/\/www.comunidadeativa.jor.br\/index.php\/wp-json\/wp\/v2\/posts\/1544\/revisions\/1546"}],"wp:featuredmedia":[{"embeddable":true,"href":"https:\/\/www.comunidadeativa.jor.br\/index.php\/wp-json\/wp\/v2\/media\/1545"}],"wp:attachment":[{"href":"https:\/\/www.comunidadeativa.jor.br\/index.php\/wp-json\/wp\/v2\/media?parent=1544"}],"wp:term":[{"taxonomy":"category","embeddable":true,"href":"https:\/\/www.comunidadeativa.jor.br\/index.php\/wp-json\/wp\/v2\/categories?post=1544"},{"taxonomy":"post_tag","embeddable":true,"href":"https:\/\/www.comunidadeativa.jor.br\/index.php\/wp-json\/wp\/v2\/tags?post=1544"}],"curies":[{"name":"wp","href":"https:\/\/api.w.org\/{rel}","templated":true}]}}