{"id":1651,"date":"2021-01-29T12:57:53","date_gmt":"2021-01-29T15:57:53","guid":{"rendered":"https:\/\/www.comunidadeativa.jor.br\/?p=1651"},"modified":"2023-08-11T16:54:52","modified_gmt":"2023-08-11T19:54:52","slug":"estamos-a-100-segundos-do-fim-do-mundo-mas-a-reacao-ainda-e-possivel","status":"publish","type":"post","link":"https:\/\/www.comunidadeativa.jor.br\/index.php\/2021\/01\/29\/estamos-a-100-segundos-do-fim-do-mundo-mas-a-reacao-ainda-e-possivel\/","title":{"rendered":"Desinforma\u00e7\u00e3o nos mant\u00e9m a 100 segundos do fim do mundo. Mas a rea\u00e7\u00e3o ainda \u00e9 poss\u00edvel!"},"content":{"rendered":"<p>Continuamos a 100 segundos do fim do mundo. Essa conclus\u00e3o veio dos respons\u00e1veis pelo <a href=\"https:\/\/thebulletin.org\/\" target=\"_blank\" rel=\"noopener\">Boletim dos Cientistas At\u00f4micos<\/a> \u2014 entre os quais est\u00e3o 13 ganhadores do Pr\u00eamio Nobel \u2014 que, no \u00faltimo dia 27, mantiveram inalteradas as posi\u00e7\u00f5es dos ponteiros do <a href=\"https:\/\/thebulletin.org\/doomsday-clock\/\" target=\"_blank\" rel=\"noopener\">Rel\u00f3gio do Ju\u00edzo Final<\/a> ajustadas h\u00e1 um ano.<\/p>\n<p>Em certa medida, podemos pensar positivamente. Afinal, mesmo depois de um ano t\u00e3o dif\u00edcil quanto foi 2020, os ponteiros n\u00e3o foram adiantados para ainda mais perto do apocalipse e acontecimentos recentes permitem algum otimismo. Contudo, os cientistas destacam que, em nenhuma \u00e9poca, desde que o tal rel\u00f3gio foi criado, os ponteiros estiveram t\u00e3o pr\u00f3ximos da t\u00e3o temida \u201cmeia-noite\u201d.<\/p>\n<h6>A ideia do Rel\u00f3gio<\/h6>\n<p>A ideia de criar um mecanismo que medisse o risco de uma cat\u00e1strofe com propor\u00e7\u00f5es globais e potencial para extinguir a humanidade e o pr\u00f3prio planeta surgiu em 1945, de um grupo de cientistas formado por ningu\u00e9m menos do que Albert Einstein e pelos desenvolvedores do Projeto Manhattan, criador das primeiras bombas at\u00f4micas. Em dezembro daquele ano, essa turma de peso fundou o Boletim de Cientistas At\u00f4micos, que, dois anos mais tarde, instituiria o Rel\u00f3gio do Ju\u00edzo Final.<\/p>\n<p>Para criar uma simbologia de f\u00e1cil interpreta\u00e7\u00e3o, capaz de despertar a aten\u00e7\u00e3o mundial em torno das amea\u00e7as que a humanidade e o planeta passaram a sofrer desde o surgimento das armas nucleares, os cientistas recorreram \u00e0 ideia corriqueira de um rel\u00f3gio, que, no caso, transmite duas mensagens. Por um lado, a meia-noite representa nada mais nada menos do que o fim da humanidade e talvez at\u00e9 da Terra. Por outro, numa analogia direta com aquela contagem regressiva que antecede o lan\u00e7amento de uma bomba at\u00f4mica, quanto mais amea\u00e7ados estamos, mais pr\u00f3ximos os ponteiros do fat\u00eddico ponto.<\/p>\n<p>Com o passar do tempo, o Rel\u00f3gio do Ju\u00edzo Final passou a ser reconhecido mundialmente como um indicador da vulnerabilidade da Terra e dos seres humanos diante das armas nucleares, das mudan\u00e7as clim\u00e1ticas e de outras implica\u00e7\u00f5es tecnol\u00f3gicas. Se n\u00e3o foi suficiente para adiantar os ponteiros, a atual presidente do Boletim dos Cientistas At\u00f4micos, <a href=\"https:\/\/thebulletin.org\/biography\/rachel-bronson\/\" target=\"_blank\" rel=\"noopener\">Rachel Bronson<\/a>, considera que a pandemia da Covid-19 manteve o risco na mesma posi\u00e7\u00e3o iminente em que estava h\u00e1 um ano. \u201cComo um alerta hist\u00f3rico, uma ilustra\u00e7\u00e3o viva de que os governos nacionais e as organiza\u00e7\u00f5es internacionais est\u00e3o despreparados para administrar as amea\u00e7as de armas nucleares e as mudan\u00e7as clim\u00e1ticas, que realmente podem colocar fim \u00e0 civiliza\u00e7\u00e3o\u201d, disse Rachel durante a divulga\u00e7\u00e3o do resultado de 2020.<\/p>\n<h6>Em 2020, mentir online literalmente matou<\/h6>\n<p>O grupo de cientistas que decide os ajustes na contagem do Rel\u00f3gio do Ju\u00edzo Final concluiu que, junto \u00e0s mudan\u00e7as clim\u00e1ticas e \u00e0 amea\u00e7a nuclear, a desinforma\u00e7\u00e3o que se espalhou pelo mundo no ano passado contribuiu decisivamente para que os ponteiros se mantivessem nas mesmas posi\u00e7\u00f5es amea\u00e7adoras \u00e0s quais chegaram ao longo de 2019. Por\u00e9m, ainda que diante da iminente trag\u00e9dia, o Boletim dos Cientistas At\u00f4micos conseguiu notar algum progresso em acontecimentos mais recentes que afetam a humanidade como um todo.<\/p>\n<p>\u201cEm meio \u00e0 escurid\u00e3o, vemos alguns desenvolvimentos positivos.\u00a0A elei\u00e7\u00e3o de um presidente dos Estados Unidos que reconhece as mudan\u00e7as clim\u00e1ticas como uma amea\u00e7a profunda e que apoia a coopera\u00e7\u00e3o internacional e as pol\u00edticas baseadas na ci\u00eancia coloca o mundo em uma posi\u00e7\u00e3o melhor para enfrentar os problemas globais.\u00a0Por exemplo, os Estados Unidos j\u00e1 anunciaram que est\u00e3o se reintegrando ao Acordo de Paris sobre mudan\u00e7a clim\u00e1tica e o governo Biden ofereceu estender o novo acordo de controle de armas START com a R\u00fassia por mais cinco anos\u201d, diz textualmente o Boletim.<\/p>\n<p>Todavia, de acordo com os cientistas, este progresso ainda n\u00e3o foi suficiente par tornar o mundo mais seguro. \u201cMas, eles s\u00e3o positivos e pesam contra os profundos perigos da decad\u00eancia institucional, nega\u00e7\u00e3o da ci\u00eancia, posturas nucleares agressivas e campanhas de desinforma\u00e7\u00e3o discutidas em nossa declara\u00e7\u00e3o de 2020. Os membros do <a href=\"https:\/\/thebulletin.org\/about-us\/science-and-security-board\/\" target=\"_blank\" rel=\"noopener\">Conselho de Ci\u00eancia e Seguran\u00e7a<\/a>, portanto, definiram o Rel\u00f3gio do Ju\u00edzo Final em 100 segundos para meia-noite, o mais pr\u00f3ximo que j\u00e1 esteve do apocalipse do fim da civiliza\u00e7\u00e3o, na mesma posi\u00e7\u00e3o que definimos em 2020\u201d, declararam os cientistas.<\/p>\n<h6>O alerta dos 100 segundos<\/h6>\n<p>Considerando profundamente lament\u00e1vel que a resposta global \u00e0 pandemia no ano passado tenha validado preocupa\u00e7\u00f5es anteriores com rela\u00e7\u00e3o \u00e0 seguran\u00e7a sanit\u00e1ria mundial, o grupo de cientistas manteve a cren\u00e7a na capacidade dos seres humanos para gerenciarem os perigos que as tecnologias modernas representam. \u201cMas, se a humanidade deseja evitar uma cat\u00e1strofe existencial &#8211; que ofuscaria qualquer coisa que j\u00e1 tenha visto &#8211; os l\u00edderes nacionais devem fazer um trabalho muito melhor no combate \u00e0 desinforma\u00e7\u00e3o, dando aten\u00e7\u00e3o \u00e0 ci\u00eancia e cooperando para diminuir os riscos globais. Cidad\u00e3os em todo o mundo podem e devem organizar e exigir \u2014 por meio de protestos p\u00fablicos, nas urnas e de outras formas criativas \u2014 que seus governos reordenem suas prioridades e cooperem nacional e internacionalmente para reduzir os riscos de guerra nuclear, de mudan\u00e7as clim\u00e1ticas e de outros fatores globais desastrosos, incluindo doen\u00e7as pand\u00eamicas\u201d, recomenda o Boletim.<\/p>\n<p>Por fim, os cientistas fizeram um apelo para que a humanidade, e seus governantes, adotem as medidas indispens\u00e1veis para que seja evitado o pior. \u201cTendo j\u00e1 matado mais de dois milh\u00f5es de seres humanos, a Covid-19 \u00e9 uma chamada de despertar global inconfund\u00edvel. A mensagem \u00e9 simples e assustadora: da pr\u00f3xima vez pode ser muito pior. Dada a experi\u00eancia da pandemia, ningu\u00e9m pode dizer com raz\u00e3o que n\u00e3o foi avisado. Faltam 100 segundos para a meia-noite, a situa\u00e7\u00e3o mais perigosa que a humanidade j\u00e1 enfrentou. \u00c9 hora de todos tomarem as medidas necess\u00e1rias para &#8211; literalmente &#8211; salvar o mundo\u201d, conclu\u00edram os cientistas.<\/p>\n<p>&nbsp;<\/p>\n<p><strong><em>Uma dica<\/em><\/strong><\/p>\n<p><em>Para mais informa\u00e7\u00f5es sobre os temas abordados nessa mat\u00e9ria, acesse os links dispon\u00edveis ao longo do texto. Eles remetem \u00e0s fontes utilizadas aqui.\u00a0<\/em><\/p>\n<p><em>Uma dica: os artigos fora da p\u00e1gina do Comunidade Ativa que n\u00e3o estiverem em portugu\u00eas podem ser traduzidos automaticamente pelo navegador pelo seu navegador. Pra isso, basta clicar com o bot\u00e3o direito em qualquer ponto do texto a ser traduzido e escolher a op\u00e7\u00e3o \u201cTraduzir para o portugu\u00eas\u201d.\u00a0<\/em><\/p>\n<p>&nbsp;<\/p>\n","protected":false},"excerpt":{"rendered":"<p>Continuamos a 100 segundos do fim do mundo. Essa conclus\u00e3o veio dos respons\u00e1veis pelo Boletim dos Cientistas At\u00f4micos \u2014 entre<\/p>\n","protected":false},"author":1,"featured_media":1652,"comment_status":"closed","ping_status":"open","sticky":false,"template":"","format":"standard","meta":{"footnotes":""},"categories":[3],"tags":[],"class_list":["post-1651","post","type-post","status-publish","format-standard","has-post-thumbnail","hentry","category-meio-ambiente"],"yoast_head":"<!-- This site is optimized with the Yoast SEO plugin v26.0 - https:\/\/yoast.com\/wordpress\/plugins\/seo\/ -->\n<title>Desinforma\u00e7\u00e3o nos mant\u00e9m a 100 segundos do fim do mundo. Mas a rea\u00e7\u00e3o ainda \u00e9 poss\u00edvel! - Comunidade Ativa<\/title>\n<meta name=\"robots\" content=\"index, follow, max-snippet:-1, max-image-preview:large, max-video-preview:-1\" \/>\n<link rel=\"canonical\" href=\"https:\/\/www.comunidadeativa.jor.br\/index.php\/2021\/01\/29\/estamos-a-100-segundos-do-fim-do-mundo-mas-a-reacao-ainda-e-possivel\/\" \/>\n<meta property=\"og:locale\" content=\"pt_BR\" \/>\n<meta property=\"og:type\" content=\"article\" \/>\n<meta property=\"og:title\" content=\"Desinforma\u00e7\u00e3o nos mant\u00e9m a 100 segundos do fim do mundo. Mas a rea\u00e7\u00e3o ainda \u00e9 poss\u00edvel! - Comunidade Ativa\" \/>\n<meta property=\"og:description\" content=\"Continuamos a 100 segundos do fim do mundo. Essa conclus\u00e3o veio dos respons\u00e1veis pelo Boletim dos Cientistas At\u00f4micos \u2014 entre\" \/>\n<meta property=\"og:url\" content=\"https:\/\/www.comunidadeativa.jor.br\/index.php\/2021\/01\/29\/estamos-a-100-segundos-do-fim-do-mundo-mas-a-reacao-ainda-e-possivel\/\" \/>\n<meta property=\"og:site_name\" content=\"Comunidade Ativa\" \/>\n<meta property=\"article:publisher\" content=\"https:\/\/www.facebook.com\/comunidadeativa\" \/>\n<meta property=\"article:published_time\" content=\"2021-01-29T15:57:53+00:00\" \/>\n<meta property=\"article:modified_time\" content=\"2023-08-11T19:54:52+00:00\" \/>\n<meta property=\"og:image\" content=\"https:\/\/www.comunidadeativa.jor.br\/wp-content\/uploads\/2021\/01\/capa-17.jpg\" \/>\n\t<meta property=\"og:image:width\" content=\"640\" \/>\n\t<meta property=\"og:image:height\" content=\"352\" \/>\n\t<meta property=\"og:image:type\" content=\"image\/jpeg\" \/>\n<meta name=\"author\" content=\"Comunidade Ativa\" \/>\n<meta name=\"twitter:card\" content=\"summary_large_image\" \/>\n<meta name=\"twitter:label1\" content=\"Escrito por\" \/>\n\t<meta name=\"twitter:data1\" content=\"Comunidade Ativa\" \/>\n\t<meta name=\"twitter:label2\" content=\"Est. tempo de leitura\" \/>\n\t<meta name=\"twitter:data2\" content=\"5 minutos\" \/>\n<script type=\"application\/ld+json\" class=\"yoast-schema-graph\">{\"@context\":\"https:\/\/schema.org\",\"@graph\":[{\"@type\":\"Article\",\"@id\":\"https:\/\/www.comunidadeativa.jor.br\/index.php\/2021\/01\/29\/estamos-a-100-segundos-do-fim-do-mundo-mas-a-reacao-ainda-e-possivel\/#article\",\"isPartOf\":{\"@id\":\"https:\/\/www.comunidadeativa.jor.br\/index.php\/2021\/01\/29\/estamos-a-100-segundos-do-fim-do-mundo-mas-a-reacao-ainda-e-possivel\/\"},\"author\":{\"name\":\"Comunidade Ativa\",\"@id\":\"https:\/\/www.comunidadeativa.jor.br\/#\/schema\/person\/dcaa1f1c51c1f0c47a33b2b734cad6e1\"},\"headline\":\"Desinforma\u00e7\u00e3o nos mant\u00e9m a 100 segundos do fim do mundo. Mas a rea\u00e7\u00e3o ainda \u00e9 poss\u00edvel!\",\"datePublished\":\"2021-01-29T15:57:53+00:00\",\"dateModified\":\"2023-08-11T19:54:52+00:00\",\"mainEntityOfPage\":{\"@id\":\"https:\/\/www.comunidadeativa.jor.br\/index.php\/2021\/01\/29\/estamos-a-100-segundos-do-fim-do-mundo-mas-a-reacao-ainda-e-possivel\/\"},\"wordCount\":1117,\"publisher\":{\"@id\":\"https:\/\/www.comunidadeativa.jor.br\/#organization\"},\"image\":{\"@id\":\"https:\/\/www.comunidadeativa.jor.br\/index.php\/2021\/01\/29\/estamos-a-100-segundos-do-fim-do-mundo-mas-a-reacao-ainda-e-possivel\/#primaryimage\"},\"thumbnailUrl\":\"https:\/\/www.comunidadeativa.jor.br\/wp-content\/uploads\/2021\/01\/capa-17.jpg\",\"articleSection\":[\"Meio Ambiente\"],\"inLanguage\":\"pt-BR\"},{\"@type\":\"WebPage\",\"@id\":\"https:\/\/www.comunidadeativa.jor.br\/index.php\/2021\/01\/29\/estamos-a-100-segundos-do-fim-do-mundo-mas-a-reacao-ainda-e-possivel\/\",\"url\":\"https:\/\/www.comunidadeativa.jor.br\/index.php\/2021\/01\/29\/estamos-a-100-segundos-do-fim-do-mundo-mas-a-reacao-ainda-e-possivel\/\",\"name\":\"Desinforma\u00e7\u00e3o nos mant\u00e9m a 100 segundos do fim do mundo. Mas a rea\u00e7\u00e3o ainda \u00e9 poss\u00edvel! - Comunidade Ativa\",\"isPartOf\":{\"@id\":\"https:\/\/www.comunidadeativa.jor.br\/#website\"},\"primaryImageOfPage\":{\"@id\":\"https:\/\/www.comunidadeativa.jor.br\/index.php\/2021\/01\/29\/estamos-a-100-segundos-do-fim-do-mundo-mas-a-reacao-ainda-e-possivel\/#primaryimage\"},\"image\":{\"@id\":\"https:\/\/www.comunidadeativa.jor.br\/index.php\/2021\/01\/29\/estamos-a-100-segundos-do-fim-do-mundo-mas-a-reacao-ainda-e-possivel\/#primaryimage\"},\"thumbnailUrl\":\"https:\/\/www.comunidadeativa.jor.br\/wp-content\/uploads\/2021\/01\/capa-17.jpg\",\"datePublished\":\"2021-01-29T15:57:53+00:00\",\"dateModified\":\"2023-08-11T19:54:52+00:00\",\"breadcrumb\":{\"@id\":\"https:\/\/www.comunidadeativa.jor.br\/index.php\/2021\/01\/29\/estamos-a-100-segundos-do-fim-do-mundo-mas-a-reacao-ainda-e-possivel\/#breadcrumb\"},\"inLanguage\":\"pt-BR\",\"potentialAction\":[{\"@type\":\"ReadAction\",\"target\":[\"https:\/\/www.comunidadeativa.jor.br\/index.php\/2021\/01\/29\/estamos-a-100-segundos-do-fim-do-mundo-mas-a-reacao-ainda-e-possivel\/\"]}]},{\"@type\":\"ImageObject\",\"inLanguage\":\"pt-BR\",\"@id\":\"https:\/\/www.comunidadeativa.jor.br\/index.php\/2021\/01\/29\/estamos-a-100-segundos-do-fim-do-mundo-mas-a-reacao-ainda-e-possivel\/#primaryimage\",\"url\":\"https:\/\/www.comunidadeativa.jor.br\/wp-content\/uploads\/2021\/01\/capa-17.jpg\",\"contentUrl\":\"https:\/\/www.comunidadeativa.jor.br\/wp-content\/uploads\/2021\/01\/capa-17.jpg\",\"width\":640,\"height\":352},{\"@type\":\"BreadcrumbList\",\"@id\":\"https:\/\/www.comunidadeativa.jor.br\/index.php\/2021\/01\/29\/estamos-a-100-segundos-do-fim-do-mundo-mas-a-reacao-ainda-e-possivel\/#breadcrumb\",\"itemListElement\":[{\"@type\":\"ListItem\",\"position\":1,\"name\":\"In\u00edcio\",\"item\":\"https:\/\/www.comunidadeativa.jor.br\/\"},{\"@type\":\"ListItem\",\"position\":2,\"name\":\"Desinforma\u00e7\u00e3o nos mant\u00e9m a 100 segundos do fim do mundo. Mas a rea\u00e7\u00e3o ainda \u00e9 poss\u00edvel!\"}]},{\"@type\":\"WebSite\",\"@id\":\"https:\/\/www.comunidadeativa.jor.br\/#website\",\"url\":\"https:\/\/www.comunidadeativa.jor.br\/\",\"name\":\"Comunidade Ativa\",\"description\":\"\",\"publisher\":{\"@id\":\"https:\/\/www.comunidadeativa.jor.br\/#organization\"},\"potentialAction\":[{\"@type\":\"SearchAction\",\"target\":{\"@type\":\"EntryPoint\",\"urlTemplate\":\"https:\/\/www.comunidadeativa.jor.br\/?s={search_term_string}\"},\"query-input\":{\"@type\":\"PropertyValueSpecification\",\"valueRequired\":true,\"valueName\":\"search_term_string\"}}],\"inLanguage\":\"pt-BR\"},{\"@type\":\"Organization\",\"@id\":\"https:\/\/www.comunidadeativa.jor.br\/#organization\",\"name\":\"Comunidade Ativa\",\"url\":\"https:\/\/www.comunidadeativa.jor.br\/\",\"logo\":{\"@type\":\"ImageObject\",\"inLanguage\":\"pt-BR\",\"@id\":\"https:\/\/www.comunidadeativa.jor.br\/#\/schema\/logo\/image\/\",\"url\":\"https:\/\/www.comunidadeativa.jor.br\/wp-content\/uploads\/2018\/03\/cropped-LOGOPNG-1.png\",\"contentUrl\":\"https:\/\/www.comunidadeativa.jor.br\/wp-content\/uploads\/2018\/03\/cropped-LOGOPNG-1.png\",\"width\":318,\"height\":90,\"caption\":\"Comunidade Ativa\"},\"image\":{\"@id\":\"https:\/\/www.comunidadeativa.jor.br\/#\/schema\/logo\/image\/\"},\"sameAs\":[\"https:\/\/www.facebook.com\/comunidadeativa\"]},{\"@type\":\"Person\",\"@id\":\"https:\/\/www.comunidadeativa.jor.br\/#\/schema\/person\/dcaa1f1c51c1f0c47a33b2b734cad6e1\",\"name\":\"Comunidade Ativa\",\"image\":{\"@type\":\"ImageObject\",\"inLanguage\":\"pt-BR\",\"@id\":\"https:\/\/www.comunidadeativa.jor.br\/#\/schema\/person\/image\/\",\"url\":\"https:\/\/secure.gravatar.com\/avatar\/09a9a1f85fedf41e81b47f7c1d40084f?s=96&d=mm&r=g\",\"contentUrl\":\"https:\/\/secure.gravatar.com\/avatar\/09a9a1f85fedf41e81b47f7c1d40084f?s=96&d=mm&r=g\",\"caption\":\"Comunidade Ativa\"},\"url\":\"https:\/\/www.comunidadeativa.jor.br\/index.php\/author\/casalberto\/\"}]}<\/script>\n<!-- \/ Yoast SEO plugin. -->","yoast_head_json":{"title":"Desinforma\u00e7\u00e3o nos mant\u00e9m a 100 segundos do fim do mundo. Mas a rea\u00e7\u00e3o ainda \u00e9 poss\u00edvel! - Comunidade Ativa","robots":{"index":"index","follow":"follow","max-snippet":"max-snippet:-1","max-image-preview":"max-image-preview:large","max-video-preview":"max-video-preview:-1"},"canonical":"https:\/\/www.comunidadeativa.jor.br\/index.php\/2021\/01\/29\/estamos-a-100-segundos-do-fim-do-mundo-mas-a-reacao-ainda-e-possivel\/","og_locale":"pt_BR","og_type":"article","og_title":"Desinforma\u00e7\u00e3o nos mant\u00e9m a 100 segundos do fim do mundo. Mas a rea\u00e7\u00e3o ainda \u00e9 poss\u00edvel! - Comunidade Ativa","og_description":"Continuamos a 100 segundos do fim do mundo. Essa conclus\u00e3o veio dos respons\u00e1veis pelo Boletim dos Cientistas At\u00f4micos \u2014 entre","og_url":"https:\/\/www.comunidadeativa.jor.br\/index.php\/2021\/01\/29\/estamos-a-100-segundos-do-fim-do-mundo-mas-a-reacao-ainda-e-possivel\/","og_site_name":"Comunidade Ativa","article_publisher":"https:\/\/www.facebook.com\/comunidadeativa","article_published_time":"2021-01-29T15:57:53+00:00","article_modified_time":"2023-08-11T19:54:52+00:00","og_image":[{"width":640,"height":352,"url":"https:\/\/www.comunidadeativa.jor.br\/wp-content\/uploads\/2021\/01\/capa-17.jpg","type":"image\/jpeg"}],"author":"Comunidade Ativa","twitter_card":"summary_large_image","twitter_misc":{"Escrito por":"Comunidade Ativa","Est. tempo de leitura":"5 minutos"},"schema":{"@context":"https:\/\/schema.org","@graph":[{"@type":"Article","@id":"https:\/\/www.comunidadeativa.jor.br\/index.php\/2021\/01\/29\/estamos-a-100-segundos-do-fim-do-mundo-mas-a-reacao-ainda-e-possivel\/#article","isPartOf":{"@id":"https:\/\/www.comunidadeativa.jor.br\/index.php\/2021\/01\/29\/estamos-a-100-segundos-do-fim-do-mundo-mas-a-reacao-ainda-e-possivel\/"},"author":{"name":"Comunidade Ativa","@id":"https:\/\/www.comunidadeativa.jor.br\/#\/schema\/person\/dcaa1f1c51c1f0c47a33b2b734cad6e1"},"headline":"Desinforma\u00e7\u00e3o nos mant\u00e9m a 100 segundos do fim do mundo. Mas a rea\u00e7\u00e3o ainda \u00e9 poss\u00edvel!","datePublished":"2021-01-29T15:57:53+00:00","dateModified":"2023-08-11T19:54:52+00:00","mainEntityOfPage":{"@id":"https:\/\/www.comunidadeativa.jor.br\/index.php\/2021\/01\/29\/estamos-a-100-segundos-do-fim-do-mundo-mas-a-reacao-ainda-e-possivel\/"},"wordCount":1117,"publisher":{"@id":"https:\/\/www.comunidadeativa.jor.br\/#organization"},"image":{"@id":"https:\/\/www.comunidadeativa.jor.br\/index.php\/2021\/01\/29\/estamos-a-100-segundos-do-fim-do-mundo-mas-a-reacao-ainda-e-possivel\/#primaryimage"},"thumbnailUrl":"https:\/\/www.comunidadeativa.jor.br\/wp-content\/uploads\/2021\/01\/capa-17.jpg","articleSection":["Meio Ambiente"],"inLanguage":"pt-BR"},{"@type":"WebPage","@id":"https:\/\/www.comunidadeativa.jor.br\/index.php\/2021\/01\/29\/estamos-a-100-segundos-do-fim-do-mundo-mas-a-reacao-ainda-e-possivel\/","url":"https:\/\/www.comunidadeativa.jor.br\/index.php\/2021\/01\/29\/estamos-a-100-segundos-do-fim-do-mundo-mas-a-reacao-ainda-e-possivel\/","name":"Desinforma\u00e7\u00e3o nos mant\u00e9m a 100 segundos do fim do mundo. Mas a rea\u00e7\u00e3o ainda \u00e9 poss\u00edvel! - Comunidade Ativa","isPartOf":{"@id":"https:\/\/www.comunidadeativa.jor.br\/#website"},"primaryImageOfPage":{"@id":"https:\/\/www.comunidadeativa.jor.br\/index.php\/2021\/01\/29\/estamos-a-100-segundos-do-fim-do-mundo-mas-a-reacao-ainda-e-possivel\/#primaryimage"},"image":{"@id":"https:\/\/www.comunidadeativa.jor.br\/index.php\/2021\/01\/29\/estamos-a-100-segundos-do-fim-do-mundo-mas-a-reacao-ainda-e-possivel\/#primaryimage"},"thumbnailUrl":"https:\/\/www.comunidadeativa.jor.br\/wp-content\/uploads\/2021\/01\/capa-17.jpg","datePublished":"2021-01-29T15:57:53+00:00","dateModified":"2023-08-11T19:54:52+00:00","breadcrumb":{"@id":"https:\/\/www.comunidadeativa.jor.br\/index.php\/2021\/01\/29\/estamos-a-100-segundos-do-fim-do-mundo-mas-a-reacao-ainda-e-possivel\/#breadcrumb"},"inLanguage":"pt-BR","potentialAction":[{"@type":"ReadAction","target":["https:\/\/www.comunidadeativa.jor.br\/index.php\/2021\/01\/29\/estamos-a-100-segundos-do-fim-do-mundo-mas-a-reacao-ainda-e-possivel\/"]}]},{"@type":"ImageObject","inLanguage":"pt-BR","@id":"https:\/\/www.comunidadeativa.jor.br\/index.php\/2021\/01\/29\/estamos-a-100-segundos-do-fim-do-mundo-mas-a-reacao-ainda-e-possivel\/#primaryimage","url":"https:\/\/www.comunidadeativa.jor.br\/wp-content\/uploads\/2021\/01\/capa-17.jpg","contentUrl":"https:\/\/www.comunidadeativa.jor.br\/wp-content\/uploads\/2021\/01\/capa-17.jpg","width":640,"height":352},{"@type":"BreadcrumbList","@id":"https:\/\/www.comunidadeativa.jor.br\/index.php\/2021\/01\/29\/estamos-a-100-segundos-do-fim-do-mundo-mas-a-reacao-ainda-e-possivel\/#breadcrumb","itemListElement":[{"@type":"ListItem","position":1,"name":"In\u00edcio","item":"https:\/\/www.comunidadeativa.jor.br\/"},{"@type":"ListItem","position":2,"name":"Desinforma\u00e7\u00e3o nos mant\u00e9m a 100 segundos do fim do mundo. Mas a rea\u00e7\u00e3o ainda \u00e9 poss\u00edvel!"}]},{"@type":"WebSite","@id":"https:\/\/www.comunidadeativa.jor.br\/#website","url":"https:\/\/www.comunidadeativa.jor.br\/","name":"Comunidade Ativa","description":"","publisher":{"@id":"https:\/\/www.comunidadeativa.jor.br\/#organization"},"potentialAction":[{"@type":"SearchAction","target":{"@type":"EntryPoint","urlTemplate":"https:\/\/www.comunidadeativa.jor.br\/?s={search_term_string}"},"query-input":{"@type":"PropertyValueSpecification","valueRequired":true,"valueName":"search_term_string"}}],"inLanguage":"pt-BR"},{"@type":"Organization","@id":"https:\/\/www.comunidadeativa.jor.br\/#organization","name":"Comunidade Ativa","url":"https:\/\/www.comunidadeativa.jor.br\/","logo":{"@type":"ImageObject","inLanguage":"pt-BR","@id":"https:\/\/www.comunidadeativa.jor.br\/#\/schema\/logo\/image\/","url":"https:\/\/www.comunidadeativa.jor.br\/wp-content\/uploads\/2018\/03\/cropped-LOGOPNG-1.png","contentUrl":"https:\/\/www.comunidadeativa.jor.br\/wp-content\/uploads\/2018\/03\/cropped-LOGOPNG-1.png","width":318,"height":90,"caption":"Comunidade Ativa"},"image":{"@id":"https:\/\/www.comunidadeativa.jor.br\/#\/schema\/logo\/image\/"},"sameAs":["https:\/\/www.facebook.com\/comunidadeativa"]},{"@type":"Person","@id":"https:\/\/www.comunidadeativa.jor.br\/#\/schema\/person\/dcaa1f1c51c1f0c47a33b2b734cad6e1","name":"Comunidade Ativa","image":{"@type":"ImageObject","inLanguage":"pt-BR","@id":"https:\/\/www.comunidadeativa.jor.br\/#\/schema\/person\/image\/","url":"https:\/\/secure.gravatar.com\/avatar\/09a9a1f85fedf41e81b47f7c1d40084f?s=96&d=mm&r=g","contentUrl":"https:\/\/secure.gravatar.com\/avatar\/09a9a1f85fedf41e81b47f7c1d40084f?s=96&d=mm&r=g","caption":"Comunidade Ativa"},"url":"https:\/\/www.comunidadeativa.jor.br\/index.php\/author\/casalberto\/"}]}},"_links":{"self":[{"href":"https:\/\/www.comunidadeativa.jor.br\/index.php\/wp-json\/wp\/v2\/posts\/1651","targetHints":{"allow":["GET"]}}],"collection":[{"href":"https:\/\/www.comunidadeativa.jor.br\/index.php\/wp-json\/wp\/v2\/posts"}],"about":[{"href":"https:\/\/www.comunidadeativa.jor.br\/index.php\/wp-json\/wp\/v2\/types\/post"}],"author":[{"embeddable":true,"href":"https:\/\/www.comunidadeativa.jor.br\/index.php\/wp-json\/wp\/v2\/users\/1"}],"replies":[{"embeddable":true,"href":"https:\/\/www.comunidadeativa.jor.br\/index.php\/wp-json\/wp\/v2\/comments?post=1651"}],"version-history":[{"count":3,"href":"https:\/\/www.comunidadeativa.jor.br\/index.php\/wp-json\/wp\/v2\/posts\/1651\/revisions"}],"predecessor-version":[{"id":3788,"href":"https:\/\/www.comunidadeativa.jor.br\/index.php\/wp-json\/wp\/v2\/posts\/1651\/revisions\/3788"}],"wp:featuredmedia":[{"embeddable":true,"href":"https:\/\/www.comunidadeativa.jor.br\/index.php\/wp-json\/wp\/v2\/media\/1652"}],"wp:attachment":[{"href":"https:\/\/www.comunidadeativa.jor.br\/index.php\/wp-json\/wp\/v2\/media?parent=1651"}],"wp:term":[{"taxonomy":"category","embeddable":true,"href":"https:\/\/www.comunidadeativa.jor.br\/index.php\/wp-json\/wp\/v2\/categories?post=1651"},{"taxonomy":"post_tag","embeddable":true,"href":"https:\/\/www.comunidadeativa.jor.br\/index.php\/wp-json\/wp\/v2\/tags?post=1651"}],"curies":[{"name":"wp","href":"https:\/\/api.w.org\/{rel}","templated":true}]}}