{"id":166,"date":"2022-12-09T10:00:39","date_gmt":"2022-12-09T13:00:39","guid":{"rendered":"http:\/\/www.comunidadeativa.jor.br\/?p=166"},"modified":"2023-08-15T17:42:03","modified_gmt":"2023-08-15T20:42:03","slug":"gestao-das-aguas-e-saude-humana","status":"publish","type":"post","link":"https:\/\/www.comunidadeativa.jor.br\/index.php\/2022\/12\/09\/gestao-das-aguas-e-saude-humana\/","title":{"rendered":"A gest\u00e3o das \u00e1guas exerce influ\u00eancia direta sobre a sa\u00fade humana, mas n\u00e3o \u00e9 valorizada"},"content":{"rendered":"<p><a href=\"https:\/\/www.bbc.com\/portuguese\/geral-53376925\" target=\"_blank\" rel=\"noopener\">John Snow<\/a> foi o m\u00e9dico ingl\u00eas que, no s\u00e9culo 19, revelou que a c\u00f3lera \u00e9 uma doen\u00e7a transmitida por meio da \u00e1gua \u2014 e n\u00e3o pelo ar, como acreditavam os cientistas da \u00e9poca. Para chegar \u00e0 grande descoberta, Snow partiu de uma investiga\u00e7\u00e3o que fez sobre as rela\u00e7\u00f5es entre o abastecimento de \u00e1gua do distrito londrino do Soho com a epidemia de c\u00f3lera que se abateu sobre Londres em 1854.<\/p>\n<p>Ainda que as an\u00e1lises laboratoriais na esta\u00e7\u00e3o de abastecimento do distrito n\u00e3o provassem de maneira conclusiva o motivo da contamina\u00e7\u00e3o, o padr\u00e3o de dissemina\u00e7\u00e3o da doen\u00e7a detectado pelo m\u00e9dico foi suficiente para convencer as autoridades locais de que a origem da epidemia estava na \u00e1gua contaminada.<\/p>\n<p>Snow percebeu que o po\u00e7o que abastecia o Soho estava muito pr\u00f3ximo a uma fossa mal estruturada, que permitia o vazamento da mat\u00e9ria fecal que estava infectando a \u00e1gua. A partir disso, o m\u00e9dico comparou a popula\u00e7\u00e3o na qual havia pessoas doentes e que consumiam a \u00e1gua daquele po\u00e7o com as demais, que consumiam \u00e1gua de outras fontes e que estavam saud\u00e1veis.<\/p>\n<p>Ora, a descoberta da forma de transmiss\u00e3o da c\u00f3lera foi uma grande contribui\u00e7\u00e3o dada por John Snow \u00e0 humanidade. Por esse motivo, o m\u00e9dico \u00e9 reconhecido como um dos pais da epidemiologia moderna.<br \/>\nContudo, o estudo do ingl\u00eas tamb\u00e9m inaugurou um tipo de racioc\u00ednio que se apresenta como extremamente relevante, sobretudo nos dias de hoje.<\/p>\n<h5>Gest\u00e3o das aguas<\/h5>\n<p>A forma de pensar de Snow, que levou \u00e0 descoberta cient\u00edfica t\u00e3o importante, tamb\u00e9m demonstra o \u00f3bvio: a maneira como a \u00e1gua \u00e9 gerida causa consequ\u00eancias diretas sobre a sa\u00fade humana. Esta conclus\u00e3o deveria ser uma das determinantes das pol\u00edticas de gest\u00e3o dos recursos h\u00eddricos, mas nem sempre \u00e9 o que ocorre.<\/p>\n<p>De acordo com o cientista italiano Giulio Boccaletti, diretor da organiza\u00e7\u00e3o conservacionista norte-americana <a href=\"https:\/\/www.nature.org\/en-us\/\" target=\"_blank\" rel=\"noopener\">The Nature Conservancy<\/a>, para que os investimentos na sa\u00fade humana alcancem efici\u00eancia verdadeira \u00e9 preciso tamb\u00e9m investir na seguran\u00e7a dos recursos naturais existentes no planeta, com aten\u00e7\u00e3o especial para os recursos h\u00eddricos e para a integridade dos ecossistemas. O racioc\u00ednio de Boccaletti \u00e9 simples e pode ser entendido a partir de um exemplo dado por ele. \u201cO investimento na prote\u00e7\u00e3o de uma bacia hidrogr\u00e1fica tamb\u00e9m pode proteger a biodiversidade e melhorar a qualidade das \u00e1guas dos rios que lhe est\u00e3o associados, beneficiando, desse modo, a sa\u00fade humana. Mas, se o objetivo for a melhoria expl\u00edcita da sa\u00fade humana, pode ser mais econ\u00f4mico investir simplesmente em uma esta\u00e7\u00e3o de tratamento de \u00e1gua\u201d, disse o cientista no artigo <a href=\"https:\/\/www.project-syndicate.org\/commentary\/planetary-health-water-conservation-by-giulio-boccaletti-2018-01\/portuguese\" target=\"_blank\" rel=\"noopener\"><em>Gerir \u00e1gua \u00e9 gerir a sa\u00fade<\/em><\/a>, publicado no site <a href=\"https:\/\/www.project-syndicate.org\/\"><em>Project Syndicate<\/em><\/a>.<\/p>\n<p>Contudo, Boccaletti destaca que \u00e9 mais proveitoso realizar investimentos que sejam complementares. Ou seja, os investimentos na prote\u00e7\u00e3o de um recurso natural poder\u00e3o melhorar os resultados de outros investimentos que sejam favor\u00e1veis \u00e0 sa\u00fade humana e a outros interesses da sociedade.<\/p>\n<p>No artigo que publicou, o cientista destaca exemplos nesse sentido. Como o da ag\u00eancia criada em 1933 nos Estados Unidos e que se dedicou a construir barragens hidrel\u00e9tricas no Rio Tennessee. De modo mais direto, a gera\u00e7\u00e3o de eletricidade beneficiou a ind\u00fastria e a agricultura ao longo do rio. Entretanto, as barragens tamb\u00e9m permitiram o controle de cheias e melhoraram as condi\u00e7\u00f5es de conserva\u00e7\u00e3o de toda a bacia hidrogr\u00e1fica do Vale do Tennessee.<\/p>\n<p>Mas, Boccaletti n\u00e3o considerou somente as obras estruturantes. \u201cUma an\u00e1lise recente sugere que, em zonas rurais, um aumento de 30% na cobertura arb\u00f3rea a montante produz uma redu\u00e7\u00e3o de 4% na probabilidade de doen\u00e7as diarreicas em crian\u00e7as \u2013 em compara\u00e7\u00e3o com o investimento em uma instala\u00e7\u00e3o de saneamento\u201d, disse o cientista.<\/p>\n<p>Boccaletti menciona outro estudo que considera que 42% dos casos de mal\u00e1ria existentes em todo o mundo poderiam ser evitados, se houvesse pol\u00edticas corretas voltadas para a utiliza\u00e7\u00e3o do solo, para o desmatamento, para a gest\u00e3o dos recursos h\u00eddricos e para a maneira como as popula\u00e7\u00f5es s\u00e3o distribu\u00eddas.<\/p>\n<p>O cientista destaca ainda que cerca de 40% das bacias hidrogr\u00e1ficas que sustentam as cidades encontram-se em n\u00edveis de degrada\u00e7\u00e3o que vai de moderada a elevada. Esta \u00e9 uma situa\u00e7\u00e3o que compromete a capacidade de oferta de \u00e1gua, exigindo que sejam feitos pesados investimentos em reservat\u00f3rios que sejam capazes de garantir as demandas das popula\u00e7\u00f5es.00<\/p>\n","protected":false},"excerpt":{"rendered":"<p>John Snow foi o m\u00e9dico ingl\u00eas que, no s\u00e9culo 19, revelou que a c\u00f3lera \u00e9 uma doen\u00e7a transmitida por meio<\/p>\n","protected":false},"author":1,"featured_media":167,"comment_status":"closed","ping_status":"closed","sticky":false,"template":"","format":"standard","meta":{"footnotes":""},"categories":[3],"tags":[],"class_list":["post-166","post","type-post","status-publish","format-standard","has-post-thumbnail","hentry","category-meio-ambiente"],"yoast_head":"<!-- This site is optimized with the Yoast SEO plugin v26.0 - https:\/\/yoast.com\/wordpress\/plugins\/seo\/ -->\n<title>A gest\u00e3o das \u00e1guas exerce influ\u00eancia direta sobre a sa\u00fade humana, mas n\u00e3o \u00e9 valorizada - Comunidade Ativa<\/title>\n<meta name=\"robots\" content=\"index, follow, max-snippet:-1, max-image-preview:large, max-video-preview:-1\" \/>\n<link rel=\"canonical\" href=\"https:\/\/www.comunidadeativa.jor.br\/index.php\/2022\/12\/09\/gestao-das-aguas-e-saude-humana\/\" \/>\n<meta property=\"og:locale\" content=\"pt_BR\" \/>\n<meta property=\"og:type\" content=\"article\" \/>\n<meta property=\"og:title\" content=\"A gest\u00e3o das \u00e1guas exerce influ\u00eancia direta sobre a sa\u00fade humana, mas n\u00e3o \u00e9 valorizada - Comunidade Ativa\" \/>\n<meta property=\"og:description\" content=\"John Snow foi o m\u00e9dico ingl\u00eas que, no s\u00e9culo 19, revelou que a c\u00f3lera \u00e9 uma doen\u00e7a transmitida por meio\" \/>\n<meta property=\"og:url\" content=\"https:\/\/www.comunidadeativa.jor.br\/index.php\/2022\/12\/09\/gestao-das-aguas-e-saude-humana\/\" \/>\n<meta property=\"og:site_name\" content=\"Comunidade Ativa\" \/>\n<meta property=\"article:publisher\" content=\"https:\/\/www.facebook.com\/comunidadeativa\" \/>\n<meta property=\"article:published_time\" content=\"2022-12-09T13:00:39+00:00\" \/>\n<meta property=\"article:modified_time\" content=\"2023-08-15T20:42:03+00:00\" \/>\n<meta property=\"og:image\" content=\"https:\/\/www.comunidadeativa.jor.br\/wp-content\/uploads\/2018\/03\/7.png\" \/>\n\t<meta property=\"og:image:width\" content=\"390\" \/>\n\t<meta property=\"og:image:height\" content=\"205\" \/>\n\t<meta property=\"og:image:type\" content=\"image\/png\" \/>\n<meta name=\"author\" content=\"Comunidade Ativa\" \/>\n<meta name=\"twitter:card\" content=\"summary_large_image\" \/>\n<meta name=\"twitter:label1\" content=\"Escrito por\" \/>\n\t<meta name=\"twitter:data1\" content=\"Comunidade Ativa\" \/>\n\t<meta name=\"twitter:label2\" content=\"Est. tempo de leitura\" \/>\n\t<meta name=\"twitter:data2\" content=\"4 minutos\" \/>\n<script type=\"application\/ld+json\" class=\"yoast-schema-graph\">{\"@context\":\"https:\/\/schema.org\",\"@graph\":[{\"@type\":\"Article\",\"@id\":\"https:\/\/www.comunidadeativa.jor.br\/index.php\/2022\/12\/09\/gestao-das-aguas-e-saude-humana\/#article\",\"isPartOf\":{\"@id\":\"https:\/\/www.comunidadeativa.jor.br\/index.php\/2022\/12\/09\/gestao-das-aguas-e-saude-humana\/\"},\"author\":{\"name\":\"Comunidade Ativa\",\"@id\":\"https:\/\/www.comunidadeativa.jor.br\/#\/schema\/person\/dcaa1f1c51c1f0c47a33b2b734cad6e1\"},\"headline\":\"A gest\u00e3o das \u00e1guas exerce influ\u00eancia direta sobre a sa\u00fade humana, mas n\u00e3o \u00e9 valorizada\",\"datePublished\":\"2022-12-09T13:00:39+00:00\",\"dateModified\":\"2023-08-15T20:42:03+00:00\",\"mainEntityOfPage\":{\"@id\":\"https:\/\/www.comunidadeativa.jor.br\/index.php\/2022\/12\/09\/gestao-das-aguas-e-saude-humana\/\"},\"wordCount\":785,\"publisher\":{\"@id\":\"https:\/\/www.comunidadeativa.jor.br\/#organization\"},\"image\":{\"@id\":\"https:\/\/www.comunidadeativa.jor.br\/index.php\/2022\/12\/09\/gestao-das-aguas-e-saude-humana\/#primaryimage\"},\"thumbnailUrl\":\"https:\/\/www.comunidadeativa.jor.br\/wp-content\/uploads\/2018\/03\/7.png\",\"articleSection\":[\"Meio Ambiente\"],\"inLanguage\":\"pt-BR\"},{\"@type\":\"WebPage\",\"@id\":\"https:\/\/www.comunidadeativa.jor.br\/index.php\/2022\/12\/09\/gestao-das-aguas-e-saude-humana\/\",\"url\":\"https:\/\/www.comunidadeativa.jor.br\/index.php\/2022\/12\/09\/gestao-das-aguas-e-saude-humana\/\",\"name\":\"A gest\u00e3o das \u00e1guas exerce influ\u00eancia direta sobre a sa\u00fade humana, mas n\u00e3o \u00e9 valorizada - Comunidade Ativa\",\"isPartOf\":{\"@id\":\"https:\/\/www.comunidadeativa.jor.br\/#website\"},\"primaryImageOfPage\":{\"@id\":\"https:\/\/www.comunidadeativa.jor.br\/index.php\/2022\/12\/09\/gestao-das-aguas-e-saude-humana\/#primaryimage\"},\"image\":{\"@id\":\"https:\/\/www.comunidadeativa.jor.br\/index.php\/2022\/12\/09\/gestao-das-aguas-e-saude-humana\/#primaryimage\"},\"thumbnailUrl\":\"https:\/\/www.comunidadeativa.jor.br\/wp-content\/uploads\/2018\/03\/7.png\",\"datePublished\":\"2022-12-09T13:00:39+00:00\",\"dateModified\":\"2023-08-15T20:42:03+00:00\",\"breadcrumb\":{\"@id\":\"https:\/\/www.comunidadeativa.jor.br\/index.php\/2022\/12\/09\/gestao-das-aguas-e-saude-humana\/#breadcrumb\"},\"inLanguage\":\"pt-BR\",\"potentialAction\":[{\"@type\":\"ReadAction\",\"target\":[\"https:\/\/www.comunidadeativa.jor.br\/index.php\/2022\/12\/09\/gestao-das-aguas-e-saude-humana\/\"]}]},{\"@type\":\"ImageObject\",\"inLanguage\":\"pt-BR\",\"@id\":\"https:\/\/www.comunidadeativa.jor.br\/index.php\/2022\/12\/09\/gestao-das-aguas-e-saude-humana\/#primaryimage\",\"url\":\"https:\/\/www.comunidadeativa.jor.br\/wp-content\/uploads\/2018\/03\/7.png\",\"contentUrl\":\"https:\/\/www.comunidadeativa.jor.br\/wp-content\/uploads\/2018\/03\/7.png\",\"width\":390,\"height\":205},{\"@type\":\"BreadcrumbList\",\"@id\":\"https:\/\/www.comunidadeativa.jor.br\/index.php\/2022\/12\/09\/gestao-das-aguas-e-saude-humana\/#breadcrumb\",\"itemListElement\":[{\"@type\":\"ListItem\",\"position\":1,\"name\":\"In\u00edcio\",\"item\":\"https:\/\/www.comunidadeativa.jor.br\/\"},{\"@type\":\"ListItem\",\"position\":2,\"name\":\"A gest\u00e3o das \u00e1guas exerce influ\u00eancia direta sobre a sa\u00fade humana, mas n\u00e3o \u00e9 valorizada\"}]},{\"@type\":\"WebSite\",\"@id\":\"https:\/\/www.comunidadeativa.jor.br\/#website\",\"url\":\"https:\/\/www.comunidadeativa.jor.br\/\",\"name\":\"Comunidade Ativa\",\"description\":\"\",\"publisher\":{\"@id\":\"https:\/\/www.comunidadeativa.jor.br\/#organization\"},\"potentialAction\":[{\"@type\":\"SearchAction\",\"target\":{\"@type\":\"EntryPoint\",\"urlTemplate\":\"https:\/\/www.comunidadeativa.jor.br\/?s={search_term_string}\"},\"query-input\":{\"@type\":\"PropertyValueSpecification\",\"valueRequired\":true,\"valueName\":\"search_term_string\"}}],\"inLanguage\":\"pt-BR\"},{\"@type\":\"Organization\",\"@id\":\"https:\/\/www.comunidadeativa.jor.br\/#organization\",\"name\":\"Comunidade Ativa\",\"url\":\"https:\/\/www.comunidadeativa.jor.br\/\",\"logo\":{\"@type\":\"ImageObject\",\"inLanguage\":\"pt-BR\",\"@id\":\"https:\/\/www.comunidadeativa.jor.br\/#\/schema\/logo\/image\/\",\"url\":\"https:\/\/www.comunidadeativa.jor.br\/wp-content\/uploads\/2018\/03\/cropped-LOGOPNG-1.png\",\"contentUrl\":\"https:\/\/www.comunidadeativa.jor.br\/wp-content\/uploads\/2018\/03\/cropped-LOGOPNG-1.png\",\"width\":318,\"height\":90,\"caption\":\"Comunidade Ativa\"},\"image\":{\"@id\":\"https:\/\/www.comunidadeativa.jor.br\/#\/schema\/logo\/image\/\"},\"sameAs\":[\"https:\/\/www.facebook.com\/comunidadeativa\"]},{\"@type\":\"Person\",\"@id\":\"https:\/\/www.comunidadeativa.jor.br\/#\/schema\/person\/dcaa1f1c51c1f0c47a33b2b734cad6e1\",\"name\":\"Comunidade Ativa\",\"image\":{\"@type\":\"ImageObject\",\"inLanguage\":\"pt-BR\",\"@id\":\"https:\/\/www.comunidadeativa.jor.br\/#\/schema\/person\/image\/\",\"url\":\"https:\/\/secure.gravatar.com\/avatar\/09a9a1f85fedf41e81b47f7c1d40084f?s=96&d=mm&r=g\",\"contentUrl\":\"https:\/\/secure.gravatar.com\/avatar\/09a9a1f85fedf41e81b47f7c1d40084f?s=96&d=mm&r=g\",\"caption\":\"Comunidade Ativa\"},\"url\":\"https:\/\/www.comunidadeativa.jor.br\/index.php\/author\/casalberto\/\"}]}<\/script>\n<!-- \/ Yoast SEO plugin. -->","yoast_head_json":{"title":"A gest\u00e3o das \u00e1guas exerce influ\u00eancia direta sobre a sa\u00fade humana, mas n\u00e3o \u00e9 valorizada - Comunidade Ativa","robots":{"index":"index","follow":"follow","max-snippet":"max-snippet:-1","max-image-preview":"max-image-preview:large","max-video-preview":"max-video-preview:-1"},"canonical":"https:\/\/www.comunidadeativa.jor.br\/index.php\/2022\/12\/09\/gestao-das-aguas-e-saude-humana\/","og_locale":"pt_BR","og_type":"article","og_title":"A gest\u00e3o das \u00e1guas exerce influ\u00eancia direta sobre a sa\u00fade humana, mas n\u00e3o \u00e9 valorizada - Comunidade Ativa","og_description":"John Snow foi o m\u00e9dico ingl\u00eas que, no s\u00e9culo 19, revelou que a c\u00f3lera \u00e9 uma doen\u00e7a transmitida por meio","og_url":"https:\/\/www.comunidadeativa.jor.br\/index.php\/2022\/12\/09\/gestao-das-aguas-e-saude-humana\/","og_site_name":"Comunidade Ativa","article_publisher":"https:\/\/www.facebook.com\/comunidadeativa","article_published_time":"2022-12-09T13:00:39+00:00","article_modified_time":"2023-08-15T20:42:03+00:00","og_image":[{"width":390,"height":205,"url":"https:\/\/www.comunidadeativa.jor.br\/wp-content\/uploads\/2018\/03\/7.png","type":"image\/png"}],"author":"Comunidade Ativa","twitter_card":"summary_large_image","twitter_misc":{"Escrito por":"Comunidade Ativa","Est. tempo de leitura":"4 minutos"},"schema":{"@context":"https:\/\/schema.org","@graph":[{"@type":"Article","@id":"https:\/\/www.comunidadeativa.jor.br\/index.php\/2022\/12\/09\/gestao-das-aguas-e-saude-humana\/#article","isPartOf":{"@id":"https:\/\/www.comunidadeativa.jor.br\/index.php\/2022\/12\/09\/gestao-das-aguas-e-saude-humana\/"},"author":{"name":"Comunidade Ativa","@id":"https:\/\/www.comunidadeativa.jor.br\/#\/schema\/person\/dcaa1f1c51c1f0c47a33b2b734cad6e1"},"headline":"A gest\u00e3o das \u00e1guas exerce influ\u00eancia direta sobre a sa\u00fade humana, mas n\u00e3o \u00e9 valorizada","datePublished":"2022-12-09T13:00:39+00:00","dateModified":"2023-08-15T20:42:03+00:00","mainEntityOfPage":{"@id":"https:\/\/www.comunidadeativa.jor.br\/index.php\/2022\/12\/09\/gestao-das-aguas-e-saude-humana\/"},"wordCount":785,"publisher":{"@id":"https:\/\/www.comunidadeativa.jor.br\/#organization"},"image":{"@id":"https:\/\/www.comunidadeativa.jor.br\/index.php\/2022\/12\/09\/gestao-das-aguas-e-saude-humana\/#primaryimage"},"thumbnailUrl":"https:\/\/www.comunidadeativa.jor.br\/wp-content\/uploads\/2018\/03\/7.png","articleSection":["Meio Ambiente"],"inLanguage":"pt-BR"},{"@type":"WebPage","@id":"https:\/\/www.comunidadeativa.jor.br\/index.php\/2022\/12\/09\/gestao-das-aguas-e-saude-humana\/","url":"https:\/\/www.comunidadeativa.jor.br\/index.php\/2022\/12\/09\/gestao-das-aguas-e-saude-humana\/","name":"A gest\u00e3o das \u00e1guas exerce influ\u00eancia direta sobre a sa\u00fade humana, mas n\u00e3o \u00e9 valorizada - Comunidade Ativa","isPartOf":{"@id":"https:\/\/www.comunidadeativa.jor.br\/#website"},"primaryImageOfPage":{"@id":"https:\/\/www.comunidadeativa.jor.br\/index.php\/2022\/12\/09\/gestao-das-aguas-e-saude-humana\/#primaryimage"},"image":{"@id":"https:\/\/www.comunidadeativa.jor.br\/index.php\/2022\/12\/09\/gestao-das-aguas-e-saude-humana\/#primaryimage"},"thumbnailUrl":"https:\/\/www.comunidadeativa.jor.br\/wp-content\/uploads\/2018\/03\/7.png","datePublished":"2022-12-09T13:00:39+00:00","dateModified":"2023-08-15T20:42:03+00:00","breadcrumb":{"@id":"https:\/\/www.comunidadeativa.jor.br\/index.php\/2022\/12\/09\/gestao-das-aguas-e-saude-humana\/#breadcrumb"},"inLanguage":"pt-BR","potentialAction":[{"@type":"ReadAction","target":["https:\/\/www.comunidadeativa.jor.br\/index.php\/2022\/12\/09\/gestao-das-aguas-e-saude-humana\/"]}]},{"@type":"ImageObject","inLanguage":"pt-BR","@id":"https:\/\/www.comunidadeativa.jor.br\/index.php\/2022\/12\/09\/gestao-das-aguas-e-saude-humana\/#primaryimage","url":"https:\/\/www.comunidadeativa.jor.br\/wp-content\/uploads\/2018\/03\/7.png","contentUrl":"https:\/\/www.comunidadeativa.jor.br\/wp-content\/uploads\/2018\/03\/7.png","width":390,"height":205},{"@type":"BreadcrumbList","@id":"https:\/\/www.comunidadeativa.jor.br\/index.php\/2022\/12\/09\/gestao-das-aguas-e-saude-humana\/#breadcrumb","itemListElement":[{"@type":"ListItem","position":1,"name":"In\u00edcio","item":"https:\/\/www.comunidadeativa.jor.br\/"},{"@type":"ListItem","position":2,"name":"A gest\u00e3o das \u00e1guas exerce influ\u00eancia direta sobre a sa\u00fade humana, mas n\u00e3o \u00e9 valorizada"}]},{"@type":"WebSite","@id":"https:\/\/www.comunidadeativa.jor.br\/#website","url":"https:\/\/www.comunidadeativa.jor.br\/","name":"Comunidade Ativa","description":"","publisher":{"@id":"https:\/\/www.comunidadeativa.jor.br\/#organization"},"potentialAction":[{"@type":"SearchAction","target":{"@type":"EntryPoint","urlTemplate":"https:\/\/www.comunidadeativa.jor.br\/?s={search_term_string}"},"query-input":{"@type":"PropertyValueSpecification","valueRequired":true,"valueName":"search_term_string"}}],"inLanguage":"pt-BR"},{"@type":"Organization","@id":"https:\/\/www.comunidadeativa.jor.br\/#organization","name":"Comunidade Ativa","url":"https:\/\/www.comunidadeativa.jor.br\/","logo":{"@type":"ImageObject","inLanguage":"pt-BR","@id":"https:\/\/www.comunidadeativa.jor.br\/#\/schema\/logo\/image\/","url":"https:\/\/www.comunidadeativa.jor.br\/wp-content\/uploads\/2018\/03\/cropped-LOGOPNG-1.png","contentUrl":"https:\/\/www.comunidadeativa.jor.br\/wp-content\/uploads\/2018\/03\/cropped-LOGOPNG-1.png","width":318,"height":90,"caption":"Comunidade Ativa"},"image":{"@id":"https:\/\/www.comunidadeativa.jor.br\/#\/schema\/logo\/image\/"},"sameAs":["https:\/\/www.facebook.com\/comunidadeativa"]},{"@type":"Person","@id":"https:\/\/www.comunidadeativa.jor.br\/#\/schema\/person\/dcaa1f1c51c1f0c47a33b2b734cad6e1","name":"Comunidade Ativa","image":{"@type":"ImageObject","inLanguage":"pt-BR","@id":"https:\/\/www.comunidadeativa.jor.br\/#\/schema\/person\/image\/","url":"https:\/\/secure.gravatar.com\/avatar\/09a9a1f85fedf41e81b47f7c1d40084f?s=96&d=mm&r=g","contentUrl":"https:\/\/secure.gravatar.com\/avatar\/09a9a1f85fedf41e81b47f7c1d40084f?s=96&d=mm&r=g","caption":"Comunidade Ativa"},"url":"https:\/\/www.comunidadeativa.jor.br\/index.php\/author\/casalberto\/"}]}},"_links":{"self":[{"href":"https:\/\/www.comunidadeativa.jor.br\/index.php\/wp-json\/wp\/v2\/posts\/166","targetHints":{"allow":["GET"]}}],"collection":[{"href":"https:\/\/www.comunidadeativa.jor.br\/index.php\/wp-json\/wp\/v2\/posts"}],"about":[{"href":"https:\/\/www.comunidadeativa.jor.br\/index.php\/wp-json\/wp\/v2\/types\/post"}],"author":[{"embeddable":true,"href":"https:\/\/www.comunidadeativa.jor.br\/index.php\/wp-json\/wp\/v2\/users\/1"}],"replies":[{"embeddable":true,"href":"https:\/\/www.comunidadeativa.jor.br\/index.php\/wp-json\/wp\/v2\/comments?post=166"}],"version-history":[{"count":10,"href":"https:\/\/www.comunidadeativa.jor.br\/index.php\/wp-json\/wp\/v2\/posts\/166\/revisions"}],"predecessor-version":[{"id":4005,"href":"https:\/\/www.comunidadeativa.jor.br\/index.php\/wp-json\/wp\/v2\/posts\/166\/revisions\/4005"}],"wp:featuredmedia":[{"embeddable":true,"href":"https:\/\/www.comunidadeativa.jor.br\/index.php\/wp-json\/wp\/v2\/media\/167"}],"wp:attachment":[{"href":"https:\/\/www.comunidadeativa.jor.br\/index.php\/wp-json\/wp\/v2\/media?parent=166"}],"wp:term":[{"taxonomy":"category","embeddable":true,"href":"https:\/\/www.comunidadeativa.jor.br\/index.php\/wp-json\/wp\/v2\/categories?post=166"},{"taxonomy":"post_tag","embeddable":true,"href":"https:\/\/www.comunidadeativa.jor.br\/index.php\/wp-json\/wp\/v2\/tags?post=166"}],"curies":[{"name":"wp","href":"https:\/\/api.w.org\/{rel}","templated":true}]}}