{"id":1660,"date":"2021-02-01T16:18:45","date_gmt":"2021-02-01T19:18:45","guid":{"rendered":"https:\/\/www.comunidadeativa.jor.br\/?p=1660"},"modified":"2023-08-11T16:55:47","modified_gmt":"2023-08-11T19:55:47","slug":"institutos-de-meteorologia-alertam-forte-onda-de-calor-em-fevereiro-e-informacao-falsa","status":"publish","type":"post","link":"https:\/\/www.comunidadeativa.jor.br\/index.php\/2021\/02\/01\/institutos-de-meteorologia-alertam-forte-onda-de-calor-em-fevereiro-e-informacao-falsa\/","title":{"rendered":"Institutos de meteorologia alertam: &#8220;forte onda de calor em fevereiro&#8221; \u00e9 informa\u00e7\u00e3o falsa"},"content":{"rendered":"<p>Mais uma not\u00edcia sem qualquer fundamento vem causando algum alvoro\u00e7o nas redes sociais e nos grupos de WhatsApp. Desta vez, o alerta vem de algu\u00e9m que assina como \u201cElisa Lemos\u201d e que diz que o m\u00eas de fevereiro ser\u00e1 o mais quente desde que foram iniciados os registros de temperaturas. Para dar um ar de credibilidade \u00e0 sequ\u00eancia de invencionices, o autor ou autora da mensagem cita como fonte o Instituto Nacional de Meteorologia (Inmet), que estaria omitindo a informa\u00e7\u00e3o da popula\u00e7\u00e3o para n\u00e3o causar p\u00e2nico.<\/p>\n<p>Querendo criar sensa\u00e7\u00e3o ainda maior para o alerta, a mensagem diz ainda que ser\u00e1 necess\u00e1rio ter um cuidado especial com crian\u00e7as, idosos e pets, principalmente no \u201cequin\u00f3cio de cinco dias\u201d, que ocorrer\u00e1 dentro em breve. De fato, ter maior aten\u00e7\u00e3o com pessoas mais fr\u00e1geis e com animais dom\u00e9sticos em tempo de calor \u00e9 sempre conveniente. Por\u00e9m, essa ideia de \u201cequin\u00f3cio de cinco dias\u201d \u00e9 completamente absurda e, logo de cara, revela a falsidade do conte\u00fado.<\/p>\n<p>Afinal, como \u00e9 de conhecimento geral, o equin\u00f3cio \u00e9 um fen\u00f4meno que ocorre em dois dias do ano, que est\u00e3o bastante afastados um do outro \u2014normalmente em 21 mar\u00e7o e em 23 de setembro, quando, no hemisf\u00e9rio sul, d\u00e3o in\u00edcio ao outono e \u00e0 primavera respectivamente. Mas, para confirmar que a mensagem \u00e9 completamente falsa, o pr\u00f3prio Inmet publicou uma nota, desmentindo a not\u00edcia.<\/p>\n<p>Ali\u00e1s, ao contr\u00e1rio do que a mensagem diz, os meteorologistas preveem que o calor\u00e3o dos \u00faltimos dias deve come\u00e7ar a melhorar bastante no Sudeste j\u00e1 nos pr\u00f3ximos dias. De acordo com o Climatempo, uma frente fria deve come\u00e7ar a avan\u00e7ar sobre a regi\u00e3o na sexta-feira, 5, abaixando a temperatura.<\/p>\n<h6>Abaixo, a \u00edntegra da mensagem falsa<\/h6>\n<p><span class=\"red\"><em>Aten\u00e7\u00e3o :Institutos de meteorologia alertam para uma forte onda de calor em fevereiro. A defesa civil e os telejornais n\u00e3o divulgam para n\u00e3o assustarem a popula\u00e7\u00e3o, mas segundo Inmet( Instituto Nacional de Meteorologia) e Institutos do Chile, divulgam que ser\u00e1 o fevereiro mais quente que se ter\u00e1 registro na hist\u00f3ria de medi\u00e7\u00f5es. Por isso, crian\u00e7as e idosos, pessoas com problemas de press\u00e3o e cardiovasculares ter\u00e3o aten\u00e7\u00e3o especial. Muita \u00e1gua. Nada de exerc\u00edcios depois das 8 da manh\u00e3 e antes das 18 da noite\u2026E detalhe , n\u00e3o h\u00e1 previs\u00e3o para um dia sequer de chuva. A defesa civil tamb\u00e9m prev\u00ea desabastecimento da \u00e1gua e energia.. Fica a dica. Nada de crian\u00e7as e idosos em praias e piscinas nesse per\u00edodo de hor\u00e1rio. Repassem para que as pessoas estejam informadas e tomem os cuidados necess\u00e1rios.<\/em><\/span><\/p>\n<p><span class=\"red\"><em>*ATEN\u00c7\u00c3O* O fen\u00f4meno do Equin\u00f3cio nos afetar\u00e1 nos pr\u00f3ximos 5 dias. Permane\u00e7a dentro e mantenha os animais dentro de casa ou protegidos especialmente a partir das 11h at\u00e9 as16h todos os dias. A temperatura ir\u00e1 flutuar e pode atingir 40 graus Celsius. Isso pode causar desidrata\u00e7\u00e3o e insola\u00e7\u00e3o facilmente. Este fen\u00f4meno \u00e9 devido ao fato de que o sol est\u00e1 diretamente acima do equador. Por favor, fique hidratado. Todos devem consumir cerca de 3 litros de l\u00edquido todos os dias. Controle da press\u00e3o arterial. Muitos podem sofrer uma insola\u00e7\u00e3o. Tome banhos frios o mais frequente poss\u00edvel. Reduza a carne e aumente frutas e legumes. A onda de calor n\u00e3o \u00e9 uma piada! Coloque uma vela nova n\u00e3o utilizada fora da \u00e1rea da casa ou da \u00e1rea exposta. Se a vela pode derreter, est\u00e1 em um n\u00edvel perigoso. Coloque sempre um balde ou 2 \u00e1gua pela metade na sala de estar e em cada sala para manter a temperatura baixa. A insola\u00e7\u00e3o n\u00e3o apresenta sintomas indicativos. Uma vez desmaiado, \u00e9 grave e perigoso, j\u00e1 que a falha de um \u00f3rg\u00e3o \u00e9 ativada. Sempre verifique seus l\u00e1bios e veja se seus olhos est\u00e3o afundados por desidrata\u00e7\u00e3o. Por favor, divulgue ao m\u00e1ximo Elisa Lemos<\/em><\/span><\/p>\n<form style=\"padding-left: 80px;\" action=\"https:\/\/pagseguro.uol.com.br\/checkout\/v2\/donation.html\" method=\"post\"><\/form>\n","protected":false},"excerpt":{"rendered":"<p>Mais uma not\u00edcia sem qualquer fundamento vem causando algum alvoro\u00e7o nas redes sociais e nos grupos de WhatsApp. Desta vez,<\/p>\n","protected":false},"author":1,"featured_media":1661,"comment_status":"closed","ping_status":"open","sticky":false,"template":"","format":"standard","meta":{"footnotes":""},"categories":[12],"tags":[],"class_list":["post-1660","post","type-post","status-publish","format-standard","has-post-thumbnail","hentry","category-cidadania"],"yoast_head":"<!-- This site is optimized with the Yoast SEO plugin v26.0 - https:\/\/yoast.com\/wordpress\/plugins\/seo\/ -->\n<title>Institutos de meteorologia alertam: &quot;forte onda de calor em fevereiro&quot; \u00e9 informa\u00e7\u00e3o falsa - Comunidade Ativa<\/title>\n<meta name=\"robots\" content=\"index, follow, max-snippet:-1, max-image-preview:large, max-video-preview:-1\" \/>\n<link rel=\"canonical\" href=\"https:\/\/www.comunidadeativa.jor.br\/index.php\/2021\/02\/01\/institutos-de-meteorologia-alertam-forte-onda-de-calor-em-fevereiro-e-informacao-falsa\/\" \/>\n<meta property=\"og:locale\" content=\"pt_BR\" \/>\n<meta property=\"og:type\" content=\"article\" \/>\n<meta property=\"og:title\" content=\"Institutos de meteorologia alertam: &quot;forte onda de calor em fevereiro&quot; \u00e9 informa\u00e7\u00e3o falsa - Comunidade Ativa\" \/>\n<meta property=\"og:description\" content=\"Mais uma not\u00edcia sem qualquer fundamento vem causando algum alvoro\u00e7o nas redes sociais e nos grupos de WhatsApp. Desta vez,\" \/>\n<meta property=\"og:url\" content=\"https:\/\/www.comunidadeativa.jor.br\/index.php\/2021\/02\/01\/institutos-de-meteorologia-alertam-forte-onda-de-calor-em-fevereiro-e-informacao-falsa\/\" \/>\n<meta property=\"og:site_name\" content=\"Comunidade Ativa\" \/>\n<meta property=\"article:publisher\" content=\"https:\/\/www.facebook.com\/comunidadeativa\" \/>\n<meta property=\"article:published_time\" content=\"2021-02-01T19:18:45+00:00\" \/>\n<meta property=\"article:modified_time\" content=\"2023-08-11T19:55:47+00:00\" \/>\n<meta property=\"og:image\" content=\"https:\/\/www.comunidadeativa.jor.br\/wp-content\/uploads\/2021\/02\/capa.jpg\" \/>\n\t<meta property=\"og:image:width\" content=\"640\" \/>\n\t<meta property=\"og:image:height\" content=\"352\" \/>\n\t<meta property=\"og:image:type\" content=\"image\/jpeg\" \/>\n<meta name=\"author\" content=\"Comunidade Ativa\" \/>\n<meta name=\"twitter:card\" content=\"summary_large_image\" \/>\n<meta name=\"twitter:label1\" content=\"Escrito por\" \/>\n\t<meta name=\"twitter:data1\" content=\"Comunidade Ativa\" \/>\n\t<meta name=\"twitter:label2\" content=\"Est. tempo de leitura\" \/>\n\t<meta name=\"twitter:data2\" content=\"3 minutos\" \/>\n<script type=\"application\/ld+json\" class=\"yoast-schema-graph\">{\"@context\":\"https:\/\/schema.org\",\"@graph\":[{\"@type\":\"Article\",\"@id\":\"https:\/\/www.comunidadeativa.jor.br\/index.php\/2021\/02\/01\/institutos-de-meteorologia-alertam-forte-onda-de-calor-em-fevereiro-e-informacao-falsa\/#article\",\"isPartOf\":{\"@id\":\"https:\/\/www.comunidadeativa.jor.br\/index.php\/2021\/02\/01\/institutos-de-meteorologia-alertam-forte-onda-de-calor-em-fevereiro-e-informacao-falsa\/\"},\"author\":{\"name\":\"Comunidade Ativa\",\"@id\":\"https:\/\/www.comunidadeativa.jor.br\/#\/schema\/person\/dcaa1f1c51c1f0c47a33b2b734cad6e1\"},\"headline\":\"Institutos de meteorologia alertam: &#8220;forte onda de calor em fevereiro&#8221; \u00e9 informa\u00e7\u00e3o falsa\",\"datePublished\":\"2021-02-01T19:18:45+00:00\",\"dateModified\":\"2023-08-11T19:55:47+00:00\",\"mainEntityOfPage\":{\"@id\":\"https:\/\/www.comunidadeativa.jor.br\/index.php\/2021\/02\/01\/institutos-de-meteorologia-alertam-forte-onda-de-calor-em-fevereiro-e-informacao-falsa\/\"},\"wordCount\":683,\"publisher\":{\"@id\":\"https:\/\/www.comunidadeativa.jor.br\/#organization\"},\"image\":{\"@id\":\"https:\/\/www.comunidadeativa.jor.br\/index.php\/2021\/02\/01\/institutos-de-meteorologia-alertam-forte-onda-de-calor-em-fevereiro-e-informacao-falsa\/#primaryimage\"},\"thumbnailUrl\":\"https:\/\/www.comunidadeativa.jor.br\/wp-content\/uploads\/2021\/02\/capa.jpg\",\"articleSection\":[\"Cidadania\"],\"inLanguage\":\"pt-BR\"},{\"@type\":\"WebPage\",\"@id\":\"https:\/\/www.comunidadeativa.jor.br\/index.php\/2021\/02\/01\/institutos-de-meteorologia-alertam-forte-onda-de-calor-em-fevereiro-e-informacao-falsa\/\",\"url\":\"https:\/\/www.comunidadeativa.jor.br\/index.php\/2021\/02\/01\/institutos-de-meteorologia-alertam-forte-onda-de-calor-em-fevereiro-e-informacao-falsa\/\",\"name\":\"Institutos de meteorologia alertam: \\\"forte onda de calor em fevereiro\\\" \u00e9 informa\u00e7\u00e3o falsa - Comunidade Ativa\",\"isPartOf\":{\"@id\":\"https:\/\/www.comunidadeativa.jor.br\/#website\"},\"primaryImageOfPage\":{\"@id\":\"https:\/\/www.comunidadeativa.jor.br\/index.php\/2021\/02\/01\/institutos-de-meteorologia-alertam-forte-onda-de-calor-em-fevereiro-e-informacao-falsa\/#primaryimage\"},\"image\":{\"@id\":\"https:\/\/www.comunidadeativa.jor.br\/index.php\/2021\/02\/01\/institutos-de-meteorologia-alertam-forte-onda-de-calor-em-fevereiro-e-informacao-falsa\/#primaryimage\"},\"thumbnailUrl\":\"https:\/\/www.comunidadeativa.jor.br\/wp-content\/uploads\/2021\/02\/capa.jpg\",\"datePublished\":\"2021-02-01T19:18:45+00:00\",\"dateModified\":\"2023-08-11T19:55:47+00:00\",\"breadcrumb\":{\"@id\":\"https:\/\/www.comunidadeativa.jor.br\/index.php\/2021\/02\/01\/institutos-de-meteorologia-alertam-forte-onda-de-calor-em-fevereiro-e-informacao-falsa\/#breadcrumb\"},\"inLanguage\":\"pt-BR\",\"potentialAction\":[{\"@type\":\"ReadAction\",\"target\":[\"https:\/\/www.comunidadeativa.jor.br\/index.php\/2021\/02\/01\/institutos-de-meteorologia-alertam-forte-onda-de-calor-em-fevereiro-e-informacao-falsa\/\"]}]},{\"@type\":\"ImageObject\",\"inLanguage\":\"pt-BR\",\"@id\":\"https:\/\/www.comunidadeativa.jor.br\/index.php\/2021\/02\/01\/institutos-de-meteorologia-alertam-forte-onda-de-calor-em-fevereiro-e-informacao-falsa\/#primaryimage\",\"url\":\"https:\/\/www.comunidadeativa.jor.br\/wp-content\/uploads\/2021\/02\/capa.jpg\",\"contentUrl\":\"https:\/\/www.comunidadeativa.jor.br\/wp-content\/uploads\/2021\/02\/capa.jpg\",\"width\":640,\"height\":352},{\"@type\":\"BreadcrumbList\",\"@id\":\"https:\/\/www.comunidadeativa.jor.br\/index.php\/2021\/02\/01\/institutos-de-meteorologia-alertam-forte-onda-de-calor-em-fevereiro-e-informacao-falsa\/#breadcrumb\",\"itemListElement\":[{\"@type\":\"ListItem\",\"position\":1,\"name\":\"In\u00edcio\",\"item\":\"https:\/\/www.comunidadeativa.jor.br\/\"},{\"@type\":\"ListItem\",\"position\":2,\"name\":\"Institutos de meteorologia alertam: &#8220;forte onda de calor em fevereiro&#8221; \u00e9 informa\u00e7\u00e3o falsa\"}]},{\"@type\":\"WebSite\",\"@id\":\"https:\/\/www.comunidadeativa.jor.br\/#website\",\"url\":\"https:\/\/www.comunidadeativa.jor.br\/\",\"name\":\"Comunidade Ativa\",\"description\":\"\",\"publisher\":{\"@id\":\"https:\/\/www.comunidadeativa.jor.br\/#organization\"},\"potentialAction\":[{\"@type\":\"SearchAction\",\"target\":{\"@type\":\"EntryPoint\",\"urlTemplate\":\"https:\/\/www.comunidadeativa.jor.br\/?s={search_term_string}\"},\"query-input\":{\"@type\":\"PropertyValueSpecification\",\"valueRequired\":true,\"valueName\":\"search_term_string\"}}],\"inLanguage\":\"pt-BR\"},{\"@type\":\"Organization\",\"@id\":\"https:\/\/www.comunidadeativa.jor.br\/#organization\",\"name\":\"Comunidade Ativa\",\"url\":\"https:\/\/www.comunidadeativa.jor.br\/\",\"logo\":{\"@type\":\"ImageObject\",\"inLanguage\":\"pt-BR\",\"@id\":\"https:\/\/www.comunidadeativa.jor.br\/#\/schema\/logo\/image\/\",\"url\":\"https:\/\/www.comunidadeativa.jor.br\/wp-content\/uploads\/2018\/03\/cropped-LOGOPNG-1.png\",\"contentUrl\":\"https:\/\/www.comunidadeativa.jor.br\/wp-content\/uploads\/2018\/03\/cropped-LOGOPNG-1.png\",\"width\":318,\"height\":90,\"caption\":\"Comunidade Ativa\"},\"image\":{\"@id\":\"https:\/\/www.comunidadeativa.jor.br\/#\/schema\/logo\/image\/\"},\"sameAs\":[\"https:\/\/www.facebook.com\/comunidadeativa\"]},{\"@type\":\"Person\",\"@id\":\"https:\/\/www.comunidadeativa.jor.br\/#\/schema\/person\/dcaa1f1c51c1f0c47a33b2b734cad6e1\",\"name\":\"Comunidade Ativa\",\"image\":{\"@type\":\"ImageObject\",\"inLanguage\":\"pt-BR\",\"@id\":\"https:\/\/www.comunidadeativa.jor.br\/#\/schema\/person\/image\/\",\"url\":\"https:\/\/secure.gravatar.com\/avatar\/09a9a1f85fedf41e81b47f7c1d40084f?s=96&d=mm&r=g\",\"contentUrl\":\"https:\/\/secure.gravatar.com\/avatar\/09a9a1f85fedf41e81b47f7c1d40084f?s=96&d=mm&r=g\",\"caption\":\"Comunidade Ativa\"},\"url\":\"https:\/\/www.comunidadeativa.jor.br\/index.php\/author\/casalberto\/\"}]}<\/script>\n<!-- \/ Yoast SEO plugin. -->","yoast_head_json":{"title":"Institutos de meteorologia alertam: \"forte onda de calor em fevereiro\" \u00e9 informa\u00e7\u00e3o falsa - Comunidade Ativa","robots":{"index":"index","follow":"follow","max-snippet":"max-snippet:-1","max-image-preview":"max-image-preview:large","max-video-preview":"max-video-preview:-1"},"canonical":"https:\/\/www.comunidadeativa.jor.br\/index.php\/2021\/02\/01\/institutos-de-meteorologia-alertam-forte-onda-de-calor-em-fevereiro-e-informacao-falsa\/","og_locale":"pt_BR","og_type":"article","og_title":"Institutos de meteorologia alertam: \"forte onda de calor em fevereiro\" \u00e9 informa\u00e7\u00e3o falsa - Comunidade Ativa","og_description":"Mais uma not\u00edcia sem qualquer fundamento vem causando algum alvoro\u00e7o nas redes sociais e nos grupos de WhatsApp. Desta vez,","og_url":"https:\/\/www.comunidadeativa.jor.br\/index.php\/2021\/02\/01\/institutos-de-meteorologia-alertam-forte-onda-de-calor-em-fevereiro-e-informacao-falsa\/","og_site_name":"Comunidade Ativa","article_publisher":"https:\/\/www.facebook.com\/comunidadeativa","article_published_time":"2021-02-01T19:18:45+00:00","article_modified_time":"2023-08-11T19:55:47+00:00","og_image":[{"width":640,"height":352,"url":"https:\/\/www.comunidadeativa.jor.br\/wp-content\/uploads\/2021\/02\/capa.jpg","type":"image\/jpeg"}],"author":"Comunidade Ativa","twitter_card":"summary_large_image","twitter_misc":{"Escrito por":"Comunidade Ativa","Est. tempo de leitura":"3 minutos"},"schema":{"@context":"https:\/\/schema.org","@graph":[{"@type":"Article","@id":"https:\/\/www.comunidadeativa.jor.br\/index.php\/2021\/02\/01\/institutos-de-meteorologia-alertam-forte-onda-de-calor-em-fevereiro-e-informacao-falsa\/#article","isPartOf":{"@id":"https:\/\/www.comunidadeativa.jor.br\/index.php\/2021\/02\/01\/institutos-de-meteorologia-alertam-forte-onda-de-calor-em-fevereiro-e-informacao-falsa\/"},"author":{"name":"Comunidade Ativa","@id":"https:\/\/www.comunidadeativa.jor.br\/#\/schema\/person\/dcaa1f1c51c1f0c47a33b2b734cad6e1"},"headline":"Institutos de meteorologia alertam: &#8220;forte onda de calor em fevereiro&#8221; \u00e9 informa\u00e7\u00e3o falsa","datePublished":"2021-02-01T19:18:45+00:00","dateModified":"2023-08-11T19:55:47+00:00","mainEntityOfPage":{"@id":"https:\/\/www.comunidadeativa.jor.br\/index.php\/2021\/02\/01\/institutos-de-meteorologia-alertam-forte-onda-de-calor-em-fevereiro-e-informacao-falsa\/"},"wordCount":683,"publisher":{"@id":"https:\/\/www.comunidadeativa.jor.br\/#organization"},"image":{"@id":"https:\/\/www.comunidadeativa.jor.br\/index.php\/2021\/02\/01\/institutos-de-meteorologia-alertam-forte-onda-de-calor-em-fevereiro-e-informacao-falsa\/#primaryimage"},"thumbnailUrl":"https:\/\/www.comunidadeativa.jor.br\/wp-content\/uploads\/2021\/02\/capa.jpg","articleSection":["Cidadania"],"inLanguage":"pt-BR"},{"@type":"WebPage","@id":"https:\/\/www.comunidadeativa.jor.br\/index.php\/2021\/02\/01\/institutos-de-meteorologia-alertam-forte-onda-de-calor-em-fevereiro-e-informacao-falsa\/","url":"https:\/\/www.comunidadeativa.jor.br\/index.php\/2021\/02\/01\/institutos-de-meteorologia-alertam-forte-onda-de-calor-em-fevereiro-e-informacao-falsa\/","name":"Institutos de meteorologia alertam: \"forte onda de calor em fevereiro\" \u00e9 informa\u00e7\u00e3o falsa - Comunidade Ativa","isPartOf":{"@id":"https:\/\/www.comunidadeativa.jor.br\/#website"},"primaryImageOfPage":{"@id":"https:\/\/www.comunidadeativa.jor.br\/index.php\/2021\/02\/01\/institutos-de-meteorologia-alertam-forte-onda-de-calor-em-fevereiro-e-informacao-falsa\/#primaryimage"},"image":{"@id":"https:\/\/www.comunidadeativa.jor.br\/index.php\/2021\/02\/01\/institutos-de-meteorologia-alertam-forte-onda-de-calor-em-fevereiro-e-informacao-falsa\/#primaryimage"},"thumbnailUrl":"https:\/\/www.comunidadeativa.jor.br\/wp-content\/uploads\/2021\/02\/capa.jpg","datePublished":"2021-02-01T19:18:45+00:00","dateModified":"2023-08-11T19:55:47+00:00","breadcrumb":{"@id":"https:\/\/www.comunidadeativa.jor.br\/index.php\/2021\/02\/01\/institutos-de-meteorologia-alertam-forte-onda-de-calor-em-fevereiro-e-informacao-falsa\/#breadcrumb"},"inLanguage":"pt-BR","potentialAction":[{"@type":"ReadAction","target":["https:\/\/www.comunidadeativa.jor.br\/index.php\/2021\/02\/01\/institutos-de-meteorologia-alertam-forte-onda-de-calor-em-fevereiro-e-informacao-falsa\/"]}]},{"@type":"ImageObject","inLanguage":"pt-BR","@id":"https:\/\/www.comunidadeativa.jor.br\/index.php\/2021\/02\/01\/institutos-de-meteorologia-alertam-forte-onda-de-calor-em-fevereiro-e-informacao-falsa\/#primaryimage","url":"https:\/\/www.comunidadeativa.jor.br\/wp-content\/uploads\/2021\/02\/capa.jpg","contentUrl":"https:\/\/www.comunidadeativa.jor.br\/wp-content\/uploads\/2021\/02\/capa.jpg","width":640,"height":352},{"@type":"BreadcrumbList","@id":"https:\/\/www.comunidadeativa.jor.br\/index.php\/2021\/02\/01\/institutos-de-meteorologia-alertam-forte-onda-de-calor-em-fevereiro-e-informacao-falsa\/#breadcrumb","itemListElement":[{"@type":"ListItem","position":1,"name":"In\u00edcio","item":"https:\/\/www.comunidadeativa.jor.br\/"},{"@type":"ListItem","position":2,"name":"Institutos de meteorologia alertam: &#8220;forte onda de calor em fevereiro&#8221; \u00e9 informa\u00e7\u00e3o falsa"}]},{"@type":"WebSite","@id":"https:\/\/www.comunidadeativa.jor.br\/#website","url":"https:\/\/www.comunidadeativa.jor.br\/","name":"Comunidade Ativa","description":"","publisher":{"@id":"https:\/\/www.comunidadeativa.jor.br\/#organization"},"potentialAction":[{"@type":"SearchAction","target":{"@type":"EntryPoint","urlTemplate":"https:\/\/www.comunidadeativa.jor.br\/?s={search_term_string}"},"query-input":{"@type":"PropertyValueSpecification","valueRequired":true,"valueName":"search_term_string"}}],"inLanguage":"pt-BR"},{"@type":"Organization","@id":"https:\/\/www.comunidadeativa.jor.br\/#organization","name":"Comunidade Ativa","url":"https:\/\/www.comunidadeativa.jor.br\/","logo":{"@type":"ImageObject","inLanguage":"pt-BR","@id":"https:\/\/www.comunidadeativa.jor.br\/#\/schema\/logo\/image\/","url":"https:\/\/www.comunidadeativa.jor.br\/wp-content\/uploads\/2018\/03\/cropped-LOGOPNG-1.png","contentUrl":"https:\/\/www.comunidadeativa.jor.br\/wp-content\/uploads\/2018\/03\/cropped-LOGOPNG-1.png","width":318,"height":90,"caption":"Comunidade Ativa"},"image":{"@id":"https:\/\/www.comunidadeativa.jor.br\/#\/schema\/logo\/image\/"},"sameAs":["https:\/\/www.facebook.com\/comunidadeativa"]},{"@type":"Person","@id":"https:\/\/www.comunidadeativa.jor.br\/#\/schema\/person\/dcaa1f1c51c1f0c47a33b2b734cad6e1","name":"Comunidade Ativa","image":{"@type":"ImageObject","inLanguage":"pt-BR","@id":"https:\/\/www.comunidadeativa.jor.br\/#\/schema\/person\/image\/","url":"https:\/\/secure.gravatar.com\/avatar\/09a9a1f85fedf41e81b47f7c1d40084f?s=96&d=mm&r=g","contentUrl":"https:\/\/secure.gravatar.com\/avatar\/09a9a1f85fedf41e81b47f7c1d40084f?s=96&d=mm&r=g","caption":"Comunidade Ativa"},"url":"https:\/\/www.comunidadeativa.jor.br\/index.php\/author\/casalberto\/"}]}},"_links":{"self":[{"href":"https:\/\/www.comunidadeativa.jor.br\/index.php\/wp-json\/wp\/v2\/posts\/1660","targetHints":{"allow":["GET"]}}],"collection":[{"href":"https:\/\/www.comunidadeativa.jor.br\/index.php\/wp-json\/wp\/v2\/posts"}],"about":[{"href":"https:\/\/www.comunidadeativa.jor.br\/index.php\/wp-json\/wp\/v2\/types\/post"}],"author":[{"embeddable":true,"href":"https:\/\/www.comunidadeativa.jor.br\/index.php\/wp-json\/wp\/v2\/users\/1"}],"replies":[{"embeddable":true,"href":"https:\/\/www.comunidadeativa.jor.br\/index.php\/wp-json\/wp\/v2\/comments?post=1660"}],"version-history":[{"count":4,"href":"https:\/\/www.comunidadeativa.jor.br\/index.php\/wp-json\/wp\/v2\/posts\/1660\/revisions"}],"predecessor-version":[{"id":3789,"href":"https:\/\/www.comunidadeativa.jor.br\/index.php\/wp-json\/wp\/v2\/posts\/1660\/revisions\/3789"}],"wp:featuredmedia":[{"embeddable":true,"href":"https:\/\/www.comunidadeativa.jor.br\/index.php\/wp-json\/wp\/v2\/media\/1661"}],"wp:attachment":[{"href":"https:\/\/www.comunidadeativa.jor.br\/index.php\/wp-json\/wp\/v2\/media?parent=1660"}],"wp:term":[{"taxonomy":"category","embeddable":true,"href":"https:\/\/www.comunidadeativa.jor.br\/index.php\/wp-json\/wp\/v2\/categories?post=1660"},{"taxonomy":"post_tag","embeddable":true,"href":"https:\/\/www.comunidadeativa.jor.br\/index.php\/wp-json\/wp\/v2\/tags?post=1660"}],"curies":[{"name":"wp","href":"https:\/\/api.w.org\/{rel}","templated":true}]}}