{"id":1665,"date":"2021-02-02T17:48:54","date_gmt":"2021-02-02T20:48:54","guid":{"rendered":"https:\/\/www.comunidadeativa.jor.br\/?p=1665"},"modified":"2023-08-11T16:56:40","modified_gmt":"2023-08-11T19:56:40","slug":"combater-o-pernilongo-comum-e-necessario-evita-prejuizos-a-saude-e-a-qualidade-de-vida","status":"publish","type":"post","link":"https:\/\/www.comunidadeativa.jor.br\/index.php\/2021\/02\/02\/combater-o-pernilongo-comum-e-necessario-evita-prejuizos-a-saude-e-a-qualidade-de-vida\/","title":{"rendered":"Combater o pernilongo comum \u00e9 necess\u00e1rio: evita preju\u00edzos \u00e0 sa\u00fade e \u00e0 qualidade de vida!"},"content":{"rendered":"<!--[if lt IE 9]><script>document.createElement('audio');<\/script><![endif]-->\n<audio class=\"wp-audio-shortcode\" id=\"audio-1665-1\" preload=\"none\" style=\"width: 100%;\" controls=\"controls\"><source type=\"audio\/wav\" src=\"https:\/\/www.comunidadeativa.jor.br\/wp-content\/uploads\/2021\/02\/Se-voce-esta-no-imenso-grupo-das-pessoas-que-sofrem-com-os-pernilongos.wav?_=1\" \/><a href=\"https:\/\/www.comunidadeativa.jor.br\/wp-content\/uploads\/2021\/02\/Se-voce-esta-no-imenso-grupo-das-pessoas-que-sofrem-com-os-pernilongos.wav\">https:\/\/www.comunidadeativa.jor.br\/wp-content\/uploads\/2021\/02\/Se-voce-esta-no-imenso-grupo-das-pessoas-que-sofrem-com-os-pernilongos.wav<\/a><\/audio>\n<p>&nbsp;<\/p>\n<p>Se voc\u00ea est\u00e1 no imenso grupo das pessoas que sofrem com os pernilongos, vale a pena entender um pouco mais sobre esses insetos e sobre as formas de combate-los. No caso, estamos falando do <em>Culex quinquefasciatus<\/em>, o pernilongo comum, uma das mais de 3 mil esp\u00e9cies de mosquitos existentes no planeta e que se torna especialmente inconveniente nesta \u00e9poca do ano aqui no Brasil.<\/p>\n<p>A seguir, confira algumas caracter\u00edsticas desse inseto que v\u00e3o lhe ajudar a diminuir o inc\u00f4modo que ele provoca.<\/p>\n<h6>\u00c1gua suja<\/h6>\n<p>De acordo com o<a href=\"http:\/\/claro.com.br\/seguran\u00e7a\" target=\"_blank\" rel=\"noopener\"> Guia de Vigil\u00e2ncia do <em>Culex quinquefasciatus<\/em><\/a>, do Minist\u00e9rio da Sa\u00fade (MS), do qual foram extra\u00eddas as informa\u00e7\u00f5es que seguem nesse post, essa esp\u00e9cie de mosquito tem comportamento bastante diferente do seu primo <em><a href=\"https:\/\/mosquito.saude.es.gov.br\/aedes-aedypti\" target=\"_blank\" rel=\"noopener\">Aedes aegypti<\/a><\/em>. A come\u00e7ar pelos h\u00e1bitos noturnos, que o tornam cada vez mais ativo com o avan\u00e7ar das horas. Al\u00e9m disso, ao contr\u00e1rio do Aedes, que desenvolve criadouros em dep\u00f3sitos de \u00e1gua limpa, o Culex deposita seus ovos em \u00e1gua suja e parada \u2014 entre 150 e 280 por vez \u2014, onde haja presen\u00e7a de res\u00edduos org\u00e2nicos.<\/p>\n<p>Por\u00e9m, neste ponto ambos t\u00eam algo em comum. Afinal, grande parte dos reservat\u00f3rios de \u00e1gua limpa utilizada para a deposi\u00e7\u00e3o de ovos de uma esp\u00e9cie \u2014 como calhas entupidas e ralos de \u00e1gua de chuva \u2014, serve \u00e0 outra, quando se torna estagnada.\u00a0Sendo assim, a elimina\u00e7\u00e3o daqueles reservat\u00f3rios, necess\u00e1ria ao combate ao Aedes, tamb\u00e9m \u00e9 \u00fatil para combater o Culex.<\/p>\n<p>Contudo, existem outras medidas que tamb\u00e9m ajudam a minimizar a infesta\u00e7\u00e3o por esse mosquito.<\/p>\n<h6>Combate no ciclo reprodutivo<\/h6>\n<p>Uma vez depositados na \u00e1gua, os ovos levam tr\u00eas dias para eclodirem. Da\u00ed em diante, atravessar\u00e3o duas etapas: a larv\u00e1ria, que dura dez dias, e a de pupa, que se desenvolve em dois dias. Portanto, existe uma janela de 15 dias para que seja feito o combate do pernilongo ainda no ber\u00e7o, bastando para isso eliminar os focos de \u00e1gua estagnada.<\/p>\n<p>Por\u00e9m, como nem sempre esses focos s\u00e3o acess\u00edveis, uma vez que podem estar formados em galerias de esgoto ou de \u00e1gua de chuva ou em \u00e1reas onde haja dep\u00f3sito de entulhos ou vegeta\u00e7\u00e3o, quando n\u00e3o \u00e9 poss\u00edvel promover a limpeza, a alternativa est\u00e1 no uso de produtos qu\u00edmicos ou de agentes biol\u00f3gicos.<\/p>\n<p>Para esses casos, o MS recomenda o uso peri\u00f3dico de inseticidas que tenha a\u00e7\u00e3o larvicida, o que deve ser feito adotando todos os cuidados no manuseio e utilizando produtos que tenham registro na Ag\u00eancia Nacional de Vigil\u00e2ncia Sanit\u00e1ria (Anvisa). Como agentes biol\u00f3gicos, onde for vi\u00e1vel, entre outros recursos, s\u00e3o recomendadas a cria\u00e7\u00e3o de esp\u00e9cies de peixes, como o <a href=\"http:\/\/www.aquarismopaulista.com\/poecilia-reticulata-var\/\" target=\"_blank\" rel=\"noopener\"><em>Poecilia reticullata<\/em><\/a>, um peixe ornamental conhecido como lebiste ou barrigudinho, e de determinados insetos que se alimentam das larvas, como as lib\u00e9lulas.<\/p>\n<h6>Na vida adulta<\/h6>\n<p>Ap\u00f3s o per\u00edodo aqu\u00e1tico, os pernilongos iniciam a vida adulta. Os machos, que diferem das f\u00eameas pela presen\u00e7a de plumas nas antenas e pelo fato de serem &#8220;veganos&#8221;, passar\u00e3o a se alimentar da seiva de plantas e do n\u00e9ctar de flores e se far\u00e3o presentes somente no momento de fecundar as f\u00eameas.<\/p>\n<p>Estas, por sua vez, se tornam aptas ao acasalamento 24 horas depois de emergirem da \u00e1gua. Uma vez fecundadas, ficam obcecadas por sangue e passam a captar os sinais das fontes do alimento, que surgem na emiss\u00e3o de g\u00e1s carb\u00f4nico, do \u00e1cido l\u00e1tico presente no suor e da temperatura corporal das v\u00edtimas.<\/p>\n<p>Ap\u00f3s se fartar de sangue, a f\u00eamea do pernilongo se torna pesada e lenta, o que a leva a buscar ambientes abafados, \u00famidos e escuros para repousar \u2014 como os existentes em arm\u00e1rios de pouco uso e em outros locais onde n\u00e3o ser\u00e3o incomodadas. Ali, ela far\u00e1 a digest\u00e3o do sangue ingerido e completar\u00e1 a matura\u00e7\u00e3o dos ovos, ao longo de uma etapa que dura tr\u00eas dias.\u00a0Ent\u00e3o, partir\u00e1 para depositar os ovos na \u00e1gua suja e reiniciar todo o processo.<\/p>\n<p>Portanto, interromper esta etapa tamb\u00e9m \u00e9 importante. Ou seja, quando a pessoa evita ser picada, al\u00e9m de ficar livre do inc\u00f4modo, tamb\u00e9m compromete o ciclo reprodutivo do Culex. Por isso, o uso de repelentes, de mosquiteiros, de telas nas janelas e de outros expedientes que evitem o contato do mosquito com os humanos \u00e9 t\u00e3o importante.<\/p>\n<p>Ainda, a elimina\u00e7\u00e3o das f\u00eameas nos locais de repouso \u2014 o que pode ser feito com inseticida ou com uma\u00a0 raquete el\u00e9trica \u2014 tamb\u00e9m \u00e9 importante para interromper a reprodu\u00e7\u00e3o dos animais. A elimina\u00e7\u00e3o de uma f\u00eamea de Culex representa a elimina\u00e7\u00e3o de centenas de outros pernilongos.<\/p>\n<h6>Preju\u00edzo \u00e0 sa\u00fade<\/h6>\n<p>Enquanto o <em>Aedes aegypti<\/em> \u00e9 especial e justificadamente temido pelo fato de ser vetor da dengue, da zika e da chicungunha, o pernilongo comum costuma ser menosprezado na compara\u00e7\u00e3o com a outra esp\u00e9cie, sendo odiado somente por provocar um zumbido irritante e coceiras que incomodam. Contudo, a esses epis\u00f3dios tamb\u00e9m podem estar associados riscos \u00e0 sa\u00fade, uma vez que, como destaca o MS, o <em>Culex quinquefasciatus<\/em> tem potencial para figurar como vetor de doen\u00e7as, que v\u00e3o al\u00e9m das alergias e das dermatites provocadas pelas picadas.<\/p>\n<p>Como a filariose, causadora da elefant\u00edase que, felizmente, tem se tornado cada vez menos presente entre humanos no Brasil. Segundo o MS, a doen\u00e7a se encontra erradicada na maioria dos estados, mas ainda afeta humanos e mant\u00e9m ocorr\u00eancias entre c\u00e3es e gatos.<\/p>\n<p>Em nosso pa\u00eds h\u00e1 tamb\u00e9m a manifesta\u00e7\u00e3o da encefalite equina, que pode afetar humanos na forma de encefalite humana e de meningite. O pernilongo comum tamb\u00e9m pode ser transmissor da Febre do Nilo Ocidental, ainda sem manifesta\u00e7\u00f5es no Brasil, mas que j\u00e1 ocorre nos Estados Unidos, o que refor\u00e7a a necessidade de combate ao Culex.<\/p>\n<h6>Preju\u00edzo ao sossego<\/h6>\n<p>Como os h\u00e1bitos alimentares da f\u00eamea do pernilongo s\u00e3o noturnos, acontecendo naquele hor\u00e1rio em que suas v\u00edtimas humanas deveriam estar dormindo, o MS considera importante valorizar o chamado <em>Fator de Inc\u00f4modo<\/em>. Ainda que seja dif\u00edcil de mensurar objetivamente, este tamb\u00e9m \u00e9 um aspecto importante, que deve determinar o combate ao Culex.<\/p>\n<p>Vale considerar que, em locais onde h\u00e1 infesta\u00e7\u00e3o de mosquitos, o lazer se torna menos agrad\u00e1vel e os momentos de descanso menos proveitosos ou at\u00e9 invi\u00e1veis. Sem lazer e com noites mal dormidas, as pessoas ficam menos felizes e produtivas, e tudo por causa de um maldito pernilongo.<\/p>\n<p>Portanto, todo o esfor\u00e7o para eliminar o mosquito ser\u00e1 recompensado pela diminui\u00e7\u00e3o dos riscos que ele representa e pela conquista de um merecido sossego.<\/p>\n<form style=\"padding-left: 80px;\" action=\"https:\/\/pagseguro.uol.com.br\/checkout\/v2\/donation.html\" method=\"post\"><\/form>\n","protected":false},"excerpt":{"rendered":"<p>&nbsp; Se voc\u00ea est\u00e1 no imenso grupo das pessoas que sofrem com os pernilongos, vale a pena entender um pouco<\/p>\n","protected":false},"author":1,"featured_media":1666,"comment_status":"closed","ping_status":"open","sticky":false,"template":"","format":"standard","meta":{"footnotes":""},"categories":[9],"tags":[],"class_list":["post-1665","post","type-post","status-publish","format-standard","has-post-thumbnail","hentry","category-saude-qualidade-de-vida"],"yoast_head":"<!-- This site is optimized with the Yoast SEO plugin v26.0 - https:\/\/yoast.com\/wordpress\/plugins\/seo\/ -->\n<title>Combater o pernilongo comum \u00e9 necess\u00e1rio: evita preju\u00edzos \u00e0 sa\u00fade e \u00e0 qualidade de vida! - Comunidade Ativa<\/title>\n<meta name=\"robots\" content=\"index, follow, max-snippet:-1, max-image-preview:large, max-video-preview:-1\" \/>\n<link rel=\"canonical\" href=\"https:\/\/www.comunidadeativa.jor.br\/index.php\/2021\/02\/02\/combater-o-pernilongo-comum-e-necessario-evita-prejuizos-a-saude-e-a-qualidade-de-vida\/\" \/>\n<meta property=\"og:locale\" content=\"pt_BR\" \/>\n<meta property=\"og:type\" content=\"article\" \/>\n<meta property=\"og:title\" content=\"Combater o pernilongo comum \u00e9 necess\u00e1rio: evita preju\u00edzos \u00e0 sa\u00fade e \u00e0 qualidade de vida! - Comunidade Ativa\" \/>\n<meta property=\"og:description\" content=\"&nbsp; Se voc\u00ea est\u00e1 no imenso grupo das pessoas que sofrem com os pernilongos, vale a pena entender um pouco\" \/>\n<meta property=\"og:url\" content=\"https:\/\/www.comunidadeativa.jor.br\/index.php\/2021\/02\/02\/combater-o-pernilongo-comum-e-necessario-evita-prejuizos-a-saude-e-a-qualidade-de-vida\/\" \/>\n<meta property=\"og:site_name\" content=\"Comunidade Ativa\" \/>\n<meta property=\"article:publisher\" content=\"https:\/\/www.facebook.com\/comunidadeativa\" \/>\n<meta property=\"article:published_time\" content=\"2021-02-02T20:48:54+00:00\" \/>\n<meta property=\"article:modified_time\" content=\"2023-08-11T19:56:40+00:00\" \/>\n<meta property=\"og:image\" content=\"https:\/\/www.comunidadeativa.jor.br\/wp-content\/uploads\/2021\/02\/capa-1.jpg\" \/>\n\t<meta property=\"og:image:width\" content=\"640\" \/>\n\t<meta property=\"og:image:height\" content=\"352\" \/>\n\t<meta property=\"og:image:type\" content=\"image\/jpeg\" \/>\n<meta name=\"author\" content=\"Comunidade Ativa\" \/>\n<meta name=\"twitter:card\" content=\"summary_large_image\" \/>\n<meta name=\"twitter:label1\" content=\"Escrito por\" \/>\n\t<meta name=\"twitter:data1\" content=\"Comunidade Ativa\" \/>\n\t<meta name=\"twitter:label2\" content=\"Est. tempo de leitura\" \/>\n\t<meta name=\"twitter:data2\" content=\"6 minutos\" \/>\n<script type=\"application\/ld+json\" class=\"yoast-schema-graph\">{\"@context\":\"https:\/\/schema.org\",\"@graph\":[{\"@type\":\"Article\",\"@id\":\"https:\/\/www.comunidadeativa.jor.br\/index.php\/2021\/02\/02\/combater-o-pernilongo-comum-e-necessario-evita-prejuizos-a-saude-e-a-qualidade-de-vida\/#article\",\"isPartOf\":{\"@id\":\"https:\/\/www.comunidadeativa.jor.br\/index.php\/2021\/02\/02\/combater-o-pernilongo-comum-e-necessario-evita-prejuizos-a-saude-e-a-qualidade-de-vida\/\"},\"author\":{\"name\":\"Comunidade Ativa\",\"@id\":\"https:\/\/www.comunidadeativa.jor.br\/#\/schema\/person\/dcaa1f1c51c1f0c47a33b2b734cad6e1\"},\"headline\":\"Combater o pernilongo comum \u00e9 necess\u00e1rio: evita preju\u00edzos \u00e0 sa\u00fade e \u00e0 qualidade de vida!\",\"datePublished\":\"2021-02-02T20:48:54+00:00\",\"dateModified\":\"2023-08-11T19:56:40+00:00\",\"mainEntityOfPage\":{\"@id\":\"https:\/\/www.comunidadeativa.jor.br\/index.php\/2021\/02\/02\/combater-o-pernilongo-comum-e-necessario-evita-prejuizos-a-saude-e-a-qualidade-de-vida\/\"},\"wordCount\":1182,\"publisher\":{\"@id\":\"https:\/\/www.comunidadeativa.jor.br\/#organization\"},\"image\":{\"@id\":\"https:\/\/www.comunidadeativa.jor.br\/index.php\/2021\/02\/02\/combater-o-pernilongo-comum-e-necessario-evita-prejuizos-a-saude-e-a-qualidade-de-vida\/#primaryimage\"},\"thumbnailUrl\":\"https:\/\/www.comunidadeativa.jor.br\/wp-content\/uploads\/2021\/02\/capa-1.jpg\",\"articleSection\":[\"Sa\u00fade &amp; Qualidade de Vida\"],\"inLanguage\":\"pt-BR\"},{\"@type\":\"WebPage\",\"@id\":\"https:\/\/www.comunidadeativa.jor.br\/index.php\/2021\/02\/02\/combater-o-pernilongo-comum-e-necessario-evita-prejuizos-a-saude-e-a-qualidade-de-vida\/\",\"url\":\"https:\/\/www.comunidadeativa.jor.br\/index.php\/2021\/02\/02\/combater-o-pernilongo-comum-e-necessario-evita-prejuizos-a-saude-e-a-qualidade-de-vida\/\",\"name\":\"Combater o pernilongo comum \u00e9 necess\u00e1rio: evita preju\u00edzos \u00e0 sa\u00fade e \u00e0 qualidade de vida! - Comunidade Ativa\",\"isPartOf\":{\"@id\":\"https:\/\/www.comunidadeativa.jor.br\/#website\"},\"primaryImageOfPage\":{\"@id\":\"https:\/\/www.comunidadeativa.jor.br\/index.php\/2021\/02\/02\/combater-o-pernilongo-comum-e-necessario-evita-prejuizos-a-saude-e-a-qualidade-de-vida\/#primaryimage\"},\"image\":{\"@id\":\"https:\/\/www.comunidadeativa.jor.br\/index.php\/2021\/02\/02\/combater-o-pernilongo-comum-e-necessario-evita-prejuizos-a-saude-e-a-qualidade-de-vida\/#primaryimage\"},\"thumbnailUrl\":\"https:\/\/www.comunidadeativa.jor.br\/wp-content\/uploads\/2021\/02\/capa-1.jpg\",\"datePublished\":\"2021-02-02T20:48:54+00:00\",\"dateModified\":\"2023-08-11T19:56:40+00:00\",\"breadcrumb\":{\"@id\":\"https:\/\/www.comunidadeativa.jor.br\/index.php\/2021\/02\/02\/combater-o-pernilongo-comum-e-necessario-evita-prejuizos-a-saude-e-a-qualidade-de-vida\/#breadcrumb\"},\"inLanguage\":\"pt-BR\",\"potentialAction\":[{\"@type\":\"ReadAction\",\"target\":[\"https:\/\/www.comunidadeativa.jor.br\/index.php\/2021\/02\/02\/combater-o-pernilongo-comum-e-necessario-evita-prejuizos-a-saude-e-a-qualidade-de-vida\/\"]}]},{\"@type\":\"ImageObject\",\"inLanguage\":\"pt-BR\",\"@id\":\"https:\/\/www.comunidadeativa.jor.br\/index.php\/2021\/02\/02\/combater-o-pernilongo-comum-e-necessario-evita-prejuizos-a-saude-e-a-qualidade-de-vida\/#primaryimage\",\"url\":\"https:\/\/www.comunidadeativa.jor.br\/wp-content\/uploads\/2021\/02\/capa-1.jpg\",\"contentUrl\":\"https:\/\/www.comunidadeativa.jor.br\/wp-content\/uploads\/2021\/02\/capa-1.jpg\",\"width\":640,\"height\":352},{\"@type\":\"BreadcrumbList\",\"@id\":\"https:\/\/www.comunidadeativa.jor.br\/index.php\/2021\/02\/02\/combater-o-pernilongo-comum-e-necessario-evita-prejuizos-a-saude-e-a-qualidade-de-vida\/#breadcrumb\",\"itemListElement\":[{\"@type\":\"ListItem\",\"position\":1,\"name\":\"In\u00edcio\",\"item\":\"https:\/\/www.comunidadeativa.jor.br\/\"},{\"@type\":\"ListItem\",\"position\":2,\"name\":\"Combater o pernilongo comum \u00e9 necess\u00e1rio: evita preju\u00edzos \u00e0 sa\u00fade e \u00e0 qualidade de vida!\"}]},{\"@type\":\"WebSite\",\"@id\":\"https:\/\/www.comunidadeativa.jor.br\/#website\",\"url\":\"https:\/\/www.comunidadeativa.jor.br\/\",\"name\":\"Comunidade Ativa\",\"description\":\"\",\"publisher\":{\"@id\":\"https:\/\/www.comunidadeativa.jor.br\/#organization\"},\"potentialAction\":[{\"@type\":\"SearchAction\",\"target\":{\"@type\":\"EntryPoint\",\"urlTemplate\":\"https:\/\/www.comunidadeativa.jor.br\/?s={search_term_string}\"},\"query-input\":{\"@type\":\"PropertyValueSpecification\",\"valueRequired\":true,\"valueName\":\"search_term_string\"}}],\"inLanguage\":\"pt-BR\"},{\"@type\":\"Organization\",\"@id\":\"https:\/\/www.comunidadeativa.jor.br\/#organization\",\"name\":\"Comunidade Ativa\",\"url\":\"https:\/\/www.comunidadeativa.jor.br\/\",\"logo\":{\"@type\":\"ImageObject\",\"inLanguage\":\"pt-BR\",\"@id\":\"https:\/\/www.comunidadeativa.jor.br\/#\/schema\/logo\/image\/\",\"url\":\"https:\/\/www.comunidadeativa.jor.br\/wp-content\/uploads\/2018\/03\/cropped-LOGOPNG-1.png\",\"contentUrl\":\"https:\/\/www.comunidadeativa.jor.br\/wp-content\/uploads\/2018\/03\/cropped-LOGOPNG-1.png\",\"width\":318,\"height\":90,\"caption\":\"Comunidade Ativa\"},\"image\":{\"@id\":\"https:\/\/www.comunidadeativa.jor.br\/#\/schema\/logo\/image\/\"},\"sameAs\":[\"https:\/\/www.facebook.com\/comunidadeativa\"]},{\"@type\":\"Person\",\"@id\":\"https:\/\/www.comunidadeativa.jor.br\/#\/schema\/person\/dcaa1f1c51c1f0c47a33b2b734cad6e1\",\"name\":\"Comunidade Ativa\",\"image\":{\"@type\":\"ImageObject\",\"inLanguage\":\"pt-BR\",\"@id\":\"https:\/\/www.comunidadeativa.jor.br\/#\/schema\/person\/image\/\",\"url\":\"https:\/\/secure.gravatar.com\/avatar\/09a9a1f85fedf41e81b47f7c1d40084f?s=96&d=mm&r=g\",\"contentUrl\":\"https:\/\/secure.gravatar.com\/avatar\/09a9a1f85fedf41e81b47f7c1d40084f?s=96&d=mm&r=g\",\"caption\":\"Comunidade Ativa\"},\"url\":\"https:\/\/www.comunidadeativa.jor.br\/index.php\/author\/casalberto\/\"}]}<\/script>\n<!-- \/ Yoast SEO plugin. -->","yoast_head_json":{"title":"Combater o pernilongo comum \u00e9 necess\u00e1rio: evita preju\u00edzos \u00e0 sa\u00fade e \u00e0 qualidade de vida! - Comunidade Ativa","robots":{"index":"index","follow":"follow","max-snippet":"max-snippet:-1","max-image-preview":"max-image-preview:large","max-video-preview":"max-video-preview:-1"},"canonical":"https:\/\/www.comunidadeativa.jor.br\/index.php\/2021\/02\/02\/combater-o-pernilongo-comum-e-necessario-evita-prejuizos-a-saude-e-a-qualidade-de-vida\/","og_locale":"pt_BR","og_type":"article","og_title":"Combater o pernilongo comum \u00e9 necess\u00e1rio: evita preju\u00edzos \u00e0 sa\u00fade e \u00e0 qualidade de vida! - Comunidade Ativa","og_description":"&nbsp; Se voc\u00ea est\u00e1 no imenso grupo das pessoas que sofrem com os pernilongos, vale a pena entender um pouco","og_url":"https:\/\/www.comunidadeativa.jor.br\/index.php\/2021\/02\/02\/combater-o-pernilongo-comum-e-necessario-evita-prejuizos-a-saude-e-a-qualidade-de-vida\/","og_site_name":"Comunidade Ativa","article_publisher":"https:\/\/www.facebook.com\/comunidadeativa","article_published_time":"2021-02-02T20:48:54+00:00","article_modified_time":"2023-08-11T19:56:40+00:00","og_image":[{"width":640,"height":352,"url":"https:\/\/www.comunidadeativa.jor.br\/wp-content\/uploads\/2021\/02\/capa-1.jpg","type":"image\/jpeg"}],"author":"Comunidade Ativa","twitter_card":"summary_large_image","twitter_misc":{"Escrito por":"Comunidade Ativa","Est. tempo de leitura":"6 minutos"},"schema":{"@context":"https:\/\/schema.org","@graph":[{"@type":"Article","@id":"https:\/\/www.comunidadeativa.jor.br\/index.php\/2021\/02\/02\/combater-o-pernilongo-comum-e-necessario-evita-prejuizos-a-saude-e-a-qualidade-de-vida\/#article","isPartOf":{"@id":"https:\/\/www.comunidadeativa.jor.br\/index.php\/2021\/02\/02\/combater-o-pernilongo-comum-e-necessario-evita-prejuizos-a-saude-e-a-qualidade-de-vida\/"},"author":{"name":"Comunidade Ativa","@id":"https:\/\/www.comunidadeativa.jor.br\/#\/schema\/person\/dcaa1f1c51c1f0c47a33b2b734cad6e1"},"headline":"Combater o pernilongo comum \u00e9 necess\u00e1rio: evita preju\u00edzos \u00e0 sa\u00fade e \u00e0 qualidade de vida!","datePublished":"2021-02-02T20:48:54+00:00","dateModified":"2023-08-11T19:56:40+00:00","mainEntityOfPage":{"@id":"https:\/\/www.comunidadeativa.jor.br\/index.php\/2021\/02\/02\/combater-o-pernilongo-comum-e-necessario-evita-prejuizos-a-saude-e-a-qualidade-de-vida\/"},"wordCount":1182,"publisher":{"@id":"https:\/\/www.comunidadeativa.jor.br\/#organization"},"image":{"@id":"https:\/\/www.comunidadeativa.jor.br\/index.php\/2021\/02\/02\/combater-o-pernilongo-comum-e-necessario-evita-prejuizos-a-saude-e-a-qualidade-de-vida\/#primaryimage"},"thumbnailUrl":"https:\/\/www.comunidadeativa.jor.br\/wp-content\/uploads\/2021\/02\/capa-1.jpg","articleSection":["Sa\u00fade &amp; Qualidade de Vida"],"inLanguage":"pt-BR"},{"@type":"WebPage","@id":"https:\/\/www.comunidadeativa.jor.br\/index.php\/2021\/02\/02\/combater-o-pernilongo-comum-e-necessario-evita-prejuizos-a-saude-e-a-qualidade-de-vida\/","url":"https:\/\/www.comunidadeativa.jor.br\/index.php\/2021\/02\/02\/combater-o-pernilongo-comum-e-necessario-evita-prejuizos-a-saude-e-a-qualidade-de-vida\/","name":"Combater o pernilongo comum \u00e9 necess\u00e1rio: evita preju\u00edzos \u00e0 sa\u00fade e \u00e0 qualidade de vida! - Comunidade Ativa","isPartOf":{"@id":"https:\/\/www.comunidadeativa.jor.br\/#website"},"primaryImageOfPage":{"@id":"https:\/\/www.comunidadeativa.jor.br\/index.php\/2021\/02\/02\/combater-o-pernilongo-comum-e-necessario-evita-prejuizos-a-saude-e-a-qualidade-de-vida\/#primaryimage"},"image":{"@id":"https:\/\/www.comunidadeativa.jor.br\/index.php\/2021\/02\/02\/combater-o-pernilongo-comum-e-necessario-evita-prejuizos-a-saude-e-a-qualidade-de-vida\/#primaryimage"},"thumbnailUrl":"https:\/\/www.comunidadeativa.jor.br\/wp-content\/uploads\/2021\/02\/capa-1.jpg","datePublished":"2021-02-02T20:48:54+00:00","dateModified":"2023-08-11T19:56:40+00:00","breadcrumb":{"@id":"https:\/\/www.comunidadeativa.jor.br\/index.php\/2021\/02\/02\/combater-o-pernilongo-comum-e-necessario-evita-prejuizos-a-saude-e-a-qualidade-de-vida\/#breadcrumb"},"inLanguage":"pt-BR","potentialAction":[{"@type":"ReadAction","target":["https:\/\/www.comunidadeativa.jor.br\/index.php\/2021\/02\/02\/combater-o-pernilongo-comum-e-necessario-evita-prejuizos-a-saude-e-a-qualidade-de-vida\/"]}]},{"@type":"ImageObject","inLanguage":"pt-BR","@id":"https:\/\/www.comunidadeativa.jor.br\/index.php\/2021\/02\/02\/combater-o-pernilongo-comum-e-necessario-evita-prejuizos-a-saude-e-a-qualidade-de-vida\/#primaryimage","url":"https:\/\/www.comunidadeativa.jor.br\/wp-content\/uploads\/2021\/02\/capa-1.jpg","contentUrl":"https:\/\/www.comunidadeativa.jor.br\/wp-content\/uploads\/2021\/02\/capa-1.jpg","width":640,"height":352},{"@type":"BreadcrumbList","@id":"https:\/\/www.comunidadeativa.jor.br\/index.php\/2021\/02\/02\/combater-o-pernilongo-comum-e-necessario-evita-prejuizos-a-saude-e-a-qualidade-de-vida\/#breadcrumb","itemListElement":[{"@type":"ListItem","position":1,"name":"In\u00edcio","item":"https:\/\/www.comunidadeativa.jor.br\/"},{"@type":"ListItem","position":2,"name":"Combater o pernilongo comum \u00e9 necess\u00e1rio: evita preju\u00edzos \u00e0 sa\u00fade e \u00e0 qualidade de vida!"}]},{"@type":"WebSite","@id":"https:\/\/www.comunidadeativa.jor.br\/#website","url":"https:\/\/www.comunidadeativa.jor.br\/","name":"Comunidade Ativa","description":"","publisher":{"@id":"https:\/\/www.comunidadeativa.jor.br\/#organization"},"potentialAction":[{"@type":"SearchAction","target":{"@type":"EntryPoint","urlTemplate":"https:\/\/www.comunidadeativa.jor.br\/?s={search_term_string}"},"query-input":{"@type":"PropertyValueSpecification","valueRequired":true,"valueName":"search_term_string"}}],"inLanguage":"pt-BR"},{"@type":"Organization","@id":"https:\/\/www.comunidadeativa.jor.br\/#organization","name":"Comunidade Ativa","url":"https:\/\/www.comunidadeativa.jor.br\/","logo":{"@type":"ImageObject","inLanguage":"pt-BR","@id":"https:\/\/www.comunidadeativa.jor.br\/#\/schema\/logo\/image\/","url":"https:\/\/www.comunidadeativa.jor.br\/wp-content\/uploads\/2018\/03\/cropped-LOGOPNG-1.png","contentUrl":"https:\/\/www.comunidadeativa.jor.br\/wp-content\/uploads\/2018\/03\/cropped-LOGOPNG-1.png","width":318,"height":90,"caption":"Comunidade Ativa"},"image":{"@id":"https:\/\/www.comunidadeativa.jor.br\/#\/schema\/logo\/image\/"},"sameAs":["https:\/\/www.facebook.com\/comunidadeativa"]},{"@type":"Person","@id":"https:\/\/www.comunidadeativa.jor.br\/#\/schema\/person\/dcaa1f1c51c1f0c47a33b2b734cad6e1","name":"Comunidade Ativa","image":{"@type":"ImageObject","inLanguage":"pt-BR","@id":"https:\/\/www.comunidadeativa.jor.br\/#\/schema\/person\/image\/","url":"https:\/\/secure.gravatar.com\/avatar\/09a9a1f85fedf41e81b47f7c1d40084f?s=96&d=mm&r=g","contentUrl":"https:\/\/secure.gravatar.com\/avatar\/09a9a1f85fedf41e81b47f7c1d40084f?s=96&d=mm&r=g","caption":"Comunidade Ativa"},"url":"https:\/\/www.comunidadeativa.jor.br\/index.php\/author\/casalberto\/"}]}},"_links":{"self":[{"href":"https:\/\/www.comunidadeativa.jor.br\/index.php\/wp-json\/wp\/v2\/posts\/1665","targetHints":{"allow":["GET"]}}],"collection":[{"href":"https:\/\/www.comunidadeativa.jor.br\/index.php\/wp-json\/wp\/v2\/posts"}],"about":[{"href":"https:\/\/www.comunidadeativa.jor.br\/index.php\/wp-json\/wp\/v2\/types\/post"}],"author":[{"embeddable":true,"href":"https:\/\/www.comunidadeativa.jor.br\/index.php\/wp-json\/wp\/v2\/users\/1"}],"replies":[{"embeddable":true,"href":"https:\/\/www.comunidadeativa.jor.br\/index.php\/wp-json\/wp\/v2\/comments?post=1665"}],"version-history":[{"count":3,"href":"https:\/\/www.comunidadeativa.jor.br\/index.php\/wp-json\/wp\/v2\/posts\/1665\/revisions"}],"predecessor-version":[{"id":3790,"href":"https:\/\/www.comunidadeativa.jor.br\/index.php\/wp-json\/wp\/v2\/posts\/1665\/revisions\/3790"}],"wp:featuredmedia":[{"embeddable":true,"href":"https:\/\/www.comunidadeativa.jor.br\/index.php\/wp-json\/wp\/v2\/media\/1666"}],"wp:attachment":[{"href":"https:\/\/www.comunidadeativa.jor.br\/index.php\/wp-json\/wp\/v2\/media?parent=1665"}],"wp:term":[{"taxonomy":"category","embeddable":true,"href":"https:\/\/www.comunidadeativa.jor.br\/index.php\/wp-json\/wp\/v2\/categories?post=1665"},{"taxonomy":"post_tag","embeddable":true,"href":"https:\/\/www.comunidadeativa.jor.br\/index.php\/wp-json\/wp\/v2\/tags?post=1665"}],"curies":[{"name":"wp","href":"https:\/\/api.w.org\/{rel}","templated":true}]}}