{"id":1683,"date":"2021-02-05T17:26:01","date_gmt":"2021-02-05T20:26:01","guid":{"rendered":"https:\/\/www.comunidadeativa.jor.br\/?p=1683"},"modified":"2023-08-11T16:57:11","modified_gmt":"2023-08-11T19:57:11","slug":"para-sobreviver-a-humanidade-precisa-reagir-a-desinformacao","status":"publish","type":"post","link":"https:\/\/www.comunidadeativa.jor.br\/index.php\/2021\/02\/05\/para-sobreviver-a-humanidade-precisa-reagir-a-desinformacao\/","title":{"rendered":"Para sobreviver, a humanidade precisa reagir \u00e0 desinforma\u00e7\u00e3o"},"content":{"rendered":"<!--[if lt IE 9]><script>document.createElement('audio');<\/script><![endif]-->\n<audio class=\"wp-audio-shortcode\" id=\"audio-1683-1\" preload=\"none\" style=\"width: 100%;\" controls=\"controls\"><source type=\"audio\/wav\" src=\"https:\/\/www.comunidadeativa.jor.br\/wp-content\/uploads\/2021\/02\/Desinformacao.wav?_=1\" \/><a href=\"https:\/\/www.comunidadeativa.jor.br\/wp-content\/uploads\/2021\/02\/Desinformacao.wav\">https:\/\/www.comunidadeativa.jor.br\/wp-content\/uploads\/2021\/02\/Desinformacao.wav<\/a><\/audio>\n<p>&nbsp;<\/p>\n<p>O <a href=\"https:\/\/www.comunidadeativa.jor.br\/index.php\/2021\/01\/29\/estamos-a-100-segundos-do-fim-do-mundo-mas-a-reacao-ainda-e-possivel\/\" target=\"_blank\" rel=\"noopener\">\u00faltimo Boletim dos Cientistas At\u00f4micos<\/a>, publicado em 27 de janeiro, alinhou a desinforma\u00e7\u00e3o \u00e0s tr\u00eas grandes amea\u00e7as \u2014 nucleares, tecnol\u00f3gicas e clim\u00e1ticas \u2014 que atualmente colocam em risco a sobreviv\u00eancia da humanidade e da pr\u00f3pria Terra. Com base nisso, o <a href=\"https:\/\/thebulletin.org\/about-us\/science-and-security-board\/\" target=\"_blank\" rel=\"noopener\">Conselho de Ci\u00eancia e Seguran\u00e7a<\/a>, respons\u00e1vel pelo Boletim, decidiu por manter o <a href=\"https:\/\/thebulletin.org\/doomsday-clock\/\" target=\"_blank\" rel=\"noopener\">Rel\u00f3gio do Ju\u00edzo Final<\/a> a 100 segundos do fim do mundo.<\/p>\n<h6>Sinais<\/h6>\n<p>Ainda que este posicionamento possa parecer exagerado, existem sinais que indicam que, de fato, ele \u00e9 bastante relevante. Em plena pandemia, por exemplo, \u00e9 f\u00e1cil observar na sociedade uma resist\u00eancia consider\u00e1vel \u00e0s informa\u00e7\u00f5es que t\u00eam sido emitidas por autoridades cient\u00edficas reconhecidas internacionalmente, o que vem sendo estimulado por interesses pol\u00edticos e ideol\u00f3gicos. Com isso, as medidas que s\u00e3o consideradas as mais plaus\u00edveis no combate \u00e0 Covid-19 \u2014 como as que recomendam o distanciamento social, o uso de m\u00e1scara e a vacina\u00e7\u00e3o \u2014 acabam recebendo ataques nas redes sociais e nas conversas mais \u00edntimas, entre amigos e familiares.<\/p>\n<p>Outro fato not\u00f3rio que est\u00e1 relacionado \u00e0 desinforma\u00e7\u00e3o ocorreu h\u00e1 cerca de um m\u00eas, com a invas\u00e3o do Capit\u00f3lio, nos Estados Unidos, produzindo cenas que, em um passado n\u00e3o muito distante, s\u00f3 seriam imaginadas por autores de fic\u00e7\u00e3o. Para chegar ao ponto de amea\u00e7ar a democracia na primeira rep\u00fablica constitucional do mundo, em grande medida, os invasores da sede do congresso norte-americano foram movidos por <a href=\"https:\/\/www.comunidadeativa.jor.br\/index.php\/2020\/07\/23\/qanon-a-teoria-da-conspiracao-que-comeca-a-causar-preocupacao-no-mundo-todo\/\" target=\"_blank\" rel=\"noopener\">ideias conspirat\u00f3rias<\/a> que transitam pela internet h\u00e1 algum tempo, como apontam as investiga\u00e7\u00f5es em torno dos fatos.<\/p>\n<h6>Vida real<\/h6>\n<p>Estas duas situa\u00e7\u00f5es confirmam que a desinforma\u00e7\u00e3o, que, em sua maior parte, \u00e9 disseminada no universo digital, pode levar a consequ\u00eancias materiais na vida real. <a href=\"https:\/\/www.project-syndicate.org\/onpoint\/how-to-stop-disinformation-on-social-media-platforms-by-kelly-born-2021-01?a_la=english&amp;a_d=6013d476d781e322e0ea40dc&amp;a_m=&amp;a_a=click&amp;a_s=&amp;a_p=homepage&amp;a_li=how-to-stop-disinformation-on-social-media-platforms-by-kelly-born-2021-01&amp;a_pa=curated&amp;a_ps=&amp;a_ms=&amp;a_r=\" target=\"_blank\" rel=\"noopener\">De acordo com a especialista<\/a> em ciberseguran\u00e7a <a href=\"https:\/\/fsi.stanford.edu\/people\/kelly-born\" target=\"_blank\" rel=\"noopener\">Kelly Born<\/a>, diretora do Centro de Pol\u00edticas Cibern\u00e9ticas da Universidade de Stanford, na Calif\u00f3rnia, a desinforma\u00e7\u00e3o digital adquiriu notoriedade a partir da campanha do Brexit no Reino Unido e da campanha de elei\u00e7\u00e3o de Donald Trump como presidente dos Estados Unidos. \u201cEmbora advers\u00e1rios estrangeiros, <a href=\"https:\/\/www.comunidadeativa.jor.br\/index.php\/2020\/09\/23\/conheca-os-bots-os-robos-que-estao-tomando-conta-da-internet\/\" target=\"_blank\" rel=\"noopener\">bots (rob\u00f4s digitais)<\/a> e contas falsas tenham dominado o di\u00e1logo sobre desinforma\u00e7\u00e3o desde 2016, no \u00faltimo ano, influenciadores dom\u00e9sticos &#8211; pessoas reais com identidades autenticadas &#8211; assumiram o controle. Como resultado, a desinforma\u00e7\u00e3o tornou-se global\u201d, destaca Kelly.<\/p>\n<p>Entretanto, a diretora considera que, mesmo com a presen\u00e7a de novos atores de carne e osso nesse universo da desinforma\u00e7\u00e3o, a base do problema permanece nas empresas de m\u00eddia sociais que buscam envolver os usu\u00e1rios da internet, tendo com \u00fanica finalidade o lucro. \u201cIsso, juntamente com a predisposi\u00e7\u00e3o psicol\u00f3gica das pessoas para se envolverem mais com not\u00edcias que afirmam suas cren\u00e7as e identidades preexistentes, resulta em um ecossistema de informa\u00e7\u00f5es onde falsidades viajam em m\u00e9dia seis vezes mais r\u00e1pido do que fatos\u201d, revela.<\/p>\n<p>De acordo com Kelly Born, junto com uma legisla\u00e7\u00e3o que puna a desinforma\u00e7\u00e3o \u2014 como a <a href=\"https:\/\/cdt.org\/insights\/overview-of-the-netzdg-network-enforcement-law\/\" target=\"_blank\" rel=\"noopener\">Lei de Fiscaliza\u00e7\u00e3o de Redes, da Alemanha<\/a>, que permite multas de at\u00e9 \u20ac 50 milh\u00f5es a sites que publicam conte\u00fado \u201cobviamente ilegal\u201d \u2014, a modera\u00e7\u00e3o de conte\u00fado e a curadoria de rede por empresas de m\u00eddia social podem figurar entre os recursos capazes de contribuir para minimizar a dissemina\u00e7\u00e3o das not\u00edcias falsas ou distorcidas que levam \u00e0 desinforma\u00e7\u00e3o. \u201cAlguns esperam evitar o problema de modera\u00e7\u00e3o de conte\u00fado, por meio de duas reformas voltadas para o p\u00fablico: controles de usu\u00e1rio aprimorados e treinamento de alfabetiza\u00e7\u00e3o digital implantado em plataforma\u201d, explica.<\/p>\n<h6>Controle e alfabetiza\u00e7\u00e3o<\/h6>\n<p>A ideia de controle de usu\u00e1rios j\u00e1 \u00e9 conhecida de grande parte do p\u00fablico que utiliza o \u201ccontrole dos pais\u201d, por exemplo. Ela tamb\u00e9m pode se estender \u00e0 configura\u00e7\u00e3o de filtros, como o de an\u00fancios pol\u00edticos, palavras sens\u00edveis, acesso a sites, entre outros.<\/p>\n<p>Como segunda ferramenta, o treinamento de alfabetiza\u00e7\u00e3o digital implantado em plataforma se apresenta como recursos de navega\u00e7\u00e3o que ajudam o usu\u00e1rio a transitar com maior seguran\u00e7a pelo ecossistema de informa\u00e7\u00f5es. S\u00e3o tecnologias que procuram, por exemplo, controlar de forma preventiva a exposi\u00e7\u00e3o dos usu\u00e1rios da internet \u00e0 desinforma\u00e7\u00e3o, ajudando-os a encontrar os fatos reais. \u201cMas, esses esfor\u00e7os esbarram em problemas de escala e sele\u00e7\u00e3o. As pessoas est\u00e3o ocupadas. Mesmo que possam encontrar tempo para treinamento especial, aquelas que se inscreveriam em tais programas n\u00e3o s\u00e3o necessariamente as mais vulner\u00e1veis \u00e0 desinforma\u00e7\u00e3o\u201d, considera Kelly.<\/p>\n<h6>Treinamento jornal\u00edstico<\/h6>\n<p>A especialista entende que o treinamento em alfabetiza\u00e7\u00e3o jornal\u00edstica tamb\u00e9m possa ser fornecido diretamente em escala mais adequada ao problema. \u201cAqui, alguns experimentos iniciais parecem promissores. A recente adi\u00e7\u00e3o de avisos encorajando os usu\u00e1rios a\u00a0 lerem um artigo antes de retwittar\u00a0 no Twitter levou a um aumento de 33% nos usu\u00e1rios que abrem artigos antes de compartilh\u00e1-los. Da mesma forma, estudos do MIT mostram que \u201cest\u00edmulos de precis\u00e3o\u201d, que levam os usu\u00e1rios a pensarem sobre a veracidade de uma hist\u00f3ria antes de compartilh\u00e1-la, podem ajudar a reduzir a dissemina\u00e7\u00e3o de informa\u00e7\u00f5es incorretas. O Facebook anunciou um investimento inicial de US$ 2 milh\u00f5es em 2019 para apoiar projetos de alfabetiza\u00e7\u00e3o midi\u00e1tica e manteve o apoio a tais projetos em 2020\u201d, destaca Kelly.<\/p>\n<p>Com assim, \u00e9 poss\u00edvel entender que as redes sociais procuram desenvolver um usu\u00e1rio mais cr\u00edtico, detentor do bom senso e apto a se relacionar com o universo midi\u00e1tico digital. De posse da capacidade de julgar com prud\u00eancias os conte\u00fados que recebe e, na d\u00favida, de averiguar a veracidade destes junto a fontes fi\u00e1veis, o p\u00fablico se tornaria menos vulner\u00e1vel \u00e0s informa\u00e7\u00f5es falsas e menos afoito para dissemin\u00e1-las.<\/p>\n<p>Talvez, assim, a desinforma\u00e7\u00e3o deixe de figurar como uma das grandes amea\u00e7as que hoje pairam sobre a humanidade.<\/p>\n<form style=\"padding-left: 80px;\" action=\"https:\/\/pagseguro.uol.com.br\/checkout\/v2\/donation.html\" method=\"post\">\n<hr \/>\n<\/form>\n<p><strong><em>Uma dica<\/em><\/strong><\/p>\n<p><em>Para mais informa\u00e7\u00f5es sobre os temas abordados nessa mat\u00e9ria, acesse os links dispon\u00edveis ao longo do texto. Eles remetem \u00e0s fontes utilizadas aqui.\u00a0<\/em><\/p>\n<p><em>Uma dica: os artigos fora da p\u00e1gina do Comunidade Ativa que n\u00e3o estiverem em portugu\u00eas podem ser traduzidos automaticamente pelo navegador pelo seu navegador. Pra isso, basta clicar com o bot\u00e3o direito em qualquer ponto do texto a ser traduzido e escolher a op\u00e7\u00e3o \u201cTraduzir para o portugu\u00eas\u201d.\u00a0<\/em><\/p>\n","protected":false},"excerpt":{"rendered":"<p>&nbsp; O \u00faltimo Boletim dos Cientistas At\u00f4micos, publicado em 27 de janeiro, alinhou a desinforma\u00e7\u00e3o \u00e0s tr\u00eas grandes amea\u00e7as \u2014<\/p>\n","protected":false},"author":1,"featured_media":1684,"comment_status":"closed","ping_status":"open","sticky":false,"template":"","format":"standard","meta":{"footnotes":""},"categories":[12],"tags":[],"class_list":["post-1683","post","type-post","status-publish","format-standard","has-post-thumbnail","hentry","category-cidadania"],"yoast_head":"<!-- This site is optimized with the Yoast SEO plugin v26.0 - https:\/\/yoast.com\/wordpress\/plugins\/seo\/ -->\n<title>Para sobreviver, a humanidade precisa reagir \u00e0 desinforma\u00e7\u00e3o - Comunidade Ativa<\/title>\n<meta name=\"robots\" content=\"index, follow, max-snippet:-1, max-image-preview:large, max-video-preview:-1\" \/>\n<link rel=\"canonical\" href=\"https:\/\/www.comunidadeativa.jor.br\/index.php\/2021\/02\/05\/para-sobreviver-a-humanidade-precisa-reagir-a-desinformacao\/\" \/>\n<meta property=\"og:locale\" content=\"pt_BR\" \/>\n<meta property=\"og:type\" content=\"article\" \/>\n<meta property=\"og:title\" content=\"Para sobreviver, a humanidade precisa reagir \u00e0 desinforma\u00e7\u00e3o - Comunidade Ativa\" \/>\n<meta property=\"og:description\" content=\"&nbsp; O \u00faltimo Boletim dos Cientistas At\u00f4micos, publicado em 27 de janeiro, alinhou a desinforma\u00e7\u00e3o \u00e0s tr\u00eas grandes amea\u00e7as \u2014\" \/>\n<meta property=\"og:url\" content=\"https:\/\/www.comunidadeativa.jor.br\/index.php\/2021\/02\/05\/para-sobreviver-a-humanidade-precisa-reagir-a-desinformacao\/\" \/>\n<meta property=\"og:site_name\" content=\"Comunidade Ativa\" \/>\n<meta property=\"article:publisher\" content=\"https:\/\/www.facebook.com\/comunidadeativa\" \/>\n<meta property=\"article:published_time\" content=\"2021-02-05T20:26:01+00:00\" \/>\n<meta property=\"article:modified_time\" content=\"2023-08-11T19:57:11+00:00\" \/>\n<meta property=\"og:image\" content=\"https:\/\/www.comunidadeativa.jor.br\/wp-content\/uploads\/2021\/02\/capa-4.jpg\" \/>\n\t<meta property=\"og:image:width\" content=\"640\" \/>\n\t<meta property=\"og:image:height\" content=\"352\" \/>\n\t<meta property=\"og:image:type\" content=\"image\/jpeg\" \/>\n<meta name=\"author\" content=\"Comunidade Ativa\" \/>\n<meta name=\"twitter:card\" content=\"summary_large_image\" \/>\n<meta name=\"twitter:label1\" content=\"Escrito por\" \/>\n\t<meta name=\"twitter:data1\" content=\"Comunidade Ativa\" \/>\n\t<meta name=\"twitter:label2\" content=\"Est. tempo de leitura\" \/>\n\t<meta name=\"twitter:data2\" content=\"5 minutos\" \/>\n<script type=\"application\/ld+json\" class=\"yoast-schema-graph\">{\"@context\":\"https:\/\/schema.org\",\"@graph\":[{\"@type\":\"Article\",\"@id\":\"https:\/\/www.comunidadeativa.jor.br\/index.php\/2021\/02\/05\/para-sobreviver-a-humanidade-precisa-reagir-a-desinformacao\/#article\",\"isPartOf\":{\"@id\":\"https:\/\/www.comunidadeativa.jor.br\/index.php\/2021\/02\/05\/para-sobreviver-a-humanidade-precisa-reagir-a-desinformacao\/\"},\"author\":{\"name\":\"Comunidade Ativa\",\"@id\":\"https:\/\/www.comunidadeativa.jor.br\/#\/schema\/person\/dcaa1f1c51c1f0c47a33b2b734cad6e1\"},\"headline\":\"Para sobreviver, a humanidade precisa reagir \u00e0 desinforma\u00e7\u00e3o\",\"datePublished\":\"2021-02-05T20:26:01+00:00\",\"dateModified\":\"2023-08-11T19:57:11+00:00\",\"mainEntityOfPage\":{\"@id\":\"https:\/\/www.comunidadeativa.jor.br\/index.php\/2021\/02\/05\/para-sobreviver-a-humanidade-precisa-reagir-a-desinformacao\/\"},\"wordCount\":1105,\"publisher\":{\"@id\":\"https:\/\/www.comunidadeativa.jor.br\/#organization\"},\"image\":{\"@id\":\"https:\/\/www.comunidadeativa.jor.br\/index.php\/2021\/02\/05\/para-sobreviver-a-humanidade-precisa-reagir-a-desinformacao\/#primaryimage\"},\"thumbnailUrl\":\"https:\/\/www.comunidadeativa.jor.br\/wp-content\/uploads\/2021\/02\/capa-4.jpg\",\"articleSection\":[\"Cidadania\"],\"inLanguage\":\"pt-BR\"},{\"@type\":\"WebPage\",\"@id\":\"https:\/\/www.comunidadeativa.jor.br\/index.php\/2021\/02\/05\/para-sobreviver-a-humanidade-precisa-reagir-a-desinformacao\/\",\"url\":\"https:\/\/www.comunidadeativa.jor.br\/index.php\/2021\/02\/05\/para-sobreviver-a-humanidade-precisa-reagir-a-desinformacao\/\",\"name\":\"Para sobreviver, a humanidade precisa reagir \u00e0 desinforma\u00e7\u00e3o - Comunidade Ativa\",\"isPartOf\":{\"@id\":\"https:\/\/www.comunidadeativa.jor.br\/#website\"},\"primaryImageOfPage\":{\"@id\":\"https:\/\/www.comunidadeativa.jor.br\/index.php\/2021\/02\/05\/para-sobreviver-a-humanidade-precisa-reagir-a-desinformacao\/#primaryimage\"},\"image\":{\"@id\":\"https:\/\/www.comunidadeativa.jor.br\/index.php\/2021\/02\/05\/para-sobreviver-a-humanidade-precisa-reagir-a-desinformacao\/#primaryimage\"},\"thumbnailUrl\":\"https:\/\/www.comunidadeativa.jor.br\/wp-content\/uploads\/2021\/02\/capa-4.jpg\",\"datePublished\":\"2021-02-05T20:26:01+00:00\",\"dateModified\":\"2023-08-11T19:57:11+00:00\",\"breadcrumb\":{\"@id\":\"https:\/\/www.comunidadeativa.jor.br\/index.php\/2021\/02\/05\/para-sobreviver-a-humanidade-precisa-reagir-a-desinformacao\/#breadcrumb\"},\"inLanguage\":\"pt-BR\",\"potentialAction\":[{\"@type\":\"ReadAction\",\"target\":[\"https:\/\/www.comunidadeativa.jor.br\/index.php\/2021\/02\/05\/para-sobreviver-a-humanidade-precisa-reagir-a-desinformacao\/\"]}]},{\"@type\":\"ImageObject\",\"inLanguage\":\"pt-BR\",\"@id\":\"https:\/\/www.comunidadeativa.jor.br\/index.php\/2021\/02\/05\/para-sobreviver-a-humanidade-precisa-reagir-a-desinformacao\/#primaryimage\",\"url\":\"https:\/\/www.comunidadeativa.jor.br\/wp-content\/uploads\/2021\/02\/capa-4.jpg\",\"contentUrl\":\"https:\/\/www.comunidadeativa.jor.br\/wp-content\/uploads\/2021\/02\/capa-4.jpg\",\"width\":640,\"height\":352},{\"@type\":\"BreadcrumbList\",\"@id\":\"https:\/\/www.comunidadeativa.jor.br\/index.php\/2021\/02\/05\/para-sobreviver-a-humanidade-precisa-reagir-a-desinformacao\/#breadcrumb\",\"itemListElement\":[{\"@type\":\"ListItem\",\"position\":1,\"name\":\"In\u00edcio\",\"item\":\"https:\/\/www.comunidadeativa.jor.br\/\"},{\"@type\":\"ListItem\",\"position\":2,\"name\":\"Para sobreviver, a humanidade precisa reagir \u00e0 desinforma\u00e7\u00e3o\"}]},{\"@type\":\"WebSite\",\"@id\":\"https:\/\/www.comunidadeativa.jor.br\/#website\",\"url\":\"https:\/\/www.comunidadeativa.jor.br\/\",\"name\":\"Comunidade Ativa\",\"description\":\"\",\"publisher\":{\"@id\":\"https:\/\/www.comunidadeativa.jor.br\/#organization\"},\"potentialAction\":[{\"@type\":\"SearchAction\",\"target\":{\"@type\":\"EntryPoint\",\"urlTemplate\":\"https:\/\/www.comunidadeativa.jor.br\/?s={search_term_string}\"},\"query-input\":{\"@type\":\"PropertyValueSpecification\",\"valueRequired\":true,\"valueName\":\"search_term_string\"}}],\"inLanguage\":\"pt-BR\"},{\"@type\":\"Organization\",\"@id\":\"https:\/\/www.comunidadeativa.jor.br\/#organization\",\"name\":\"Comunidade Ativa\",\"url\":\"https:\/\/www.comunidadeativa.jor.br\/\",\"logo\":{\"@type\":\"ImageObject\",\"inLanguage\":\"pt-BR\",\"@id\":\"https:\/\/www.comunidadeativa.jor.br\/#\/schema\/logo\/image\/\",\"url\":\"https:\/\/www.comunidadeativa.jor.br\/wp-content\/uploads\/2018\/03\/cropped-LOGOPNG-1.png\",\"contentUrl\":\"https:\/\/www.comunidadeativa.jor.br\/wp-content\/uploads\/2018\/03\/cropped-LOGOPNG-1.png\",\"width\":318,\"height\":90,\"caption\":\"Comunidade Ativa\"},\"image\":{\"@id\":\"https:\/\/www.comunidadeativa.jor.br\/#\/schema\/logo\/image\/\"},\"sameAs\":[\"https:\/\/www.facebook.com\/comunidadeativa\"]},{\"@type\":\"Person\",\"@id\":\"https:\/\/www.comunidadeativa.jor.br\/#\/schema\/person\/dcaa1f1c51c1f0c47a33b2b734cad6e1\",\"name\":\"Comunidade Ativa\",\"image\":{\"@type\":\"ImageObject\",\"inLanguage\":\"pt-BR\",\"@id\":\"https:\/\/www.comunidadeativa.jor.br\/#\/schema\/person\/image\/\",\"url\":\"https:\/\/secure.gravatar.com\/avatar\/09a9a1f85fedf41e81b47f7c1d40084f?s=96&d=mm&r=g\",\"contentUrl\":\"https:\/\/secure.gravatar.com\/avatar\/09a9a1f85fedf41e81b47f7c1d40084f?s=96&d=mm&r=g\",\"caption\":\"Comunidade Ativa\"},\"url\":\"https:\/\/www.comunidadeativa.jor.br\/index.php\/author\/casalberto\/\"}]}<\/script>\n<!-- \/ Yoast SEO plugin. -->","yoast_head_json":{"title":"Para sobreviver, a humanidade precisa reagir \u00e0 desinforma\u00e7\u00e3o - Comunidade Ativa","robots":{"index":"index","follow":"follow","max-snippet":"max-snippet:-1","max-image-preview":"max-image-preview:large","max-video-preview":"max-video-preview:-1"},"canonical":"https:\/\/www.comunidadeativa.jor.br\/index.php\/2021\/02\/05\/para-sobreviver-a-humanidade-precisa-reagir-a-desinformacao\/","og_locale":"pt_BR","og_type":"article","og_title":"Para sobreviver, a humanidade precisa reagir \u00e0 desinforma\u00e7\u00e3o - Comunidade Ativa","og_description":"&nbsp; O \u00faltimo Boletim dos Cientistas At\u00f4micos, publicado em 27 de janeiro, alinhou a desinforma\u00e7\u00e3o \u00e0s tr\u00eas grandes amea\u00e7as \u2014","og_url":"https:\/\/www.comunidadeativa.jor.br\/index.php\/2021\/02\/05\/para-sobreviver-a-humanidade-precisa-reagir-a-desinformacao\/","og_site_name":"Comunidade Ativa","article_publisher":"https:\/\/www.facebook.com\/comunidadeativa","article_published_time":"2021-02-05T20:26:01+00:00","article_modified_time":"2023-08-11T19:57:11+00:00","og_image":[{"width":640,"height":352,"url":"https:\/\/www.comunidadeativa.jor.br\/wp-content\/uploads\/2021\/02\/capa-4.jpg","type":"image\/jpeg"}],"author":"Comunidade Ativa","twitter_card":"summary_large_image","twitter_misc":{"Escrito por":"Comunidade Ativa","Est. tempo de leitura":"5 minutos"},"schema":{"@context":"https:\/\/schema.org","@graph":[{"@type":"Article","@id":"https:\/\/www.comunidadeativa.jor.br\/index.php\/2021\/02\/05\/para-sobreviver-a-humanidade-precisa-reagir-a-desinformacao\/#article","isPartOf":{"@id":"https:\/\/www.comunidadeativa.jor.br\/index.php\/2021\/02\/05\/para-sobreviver-a-humanidade-precisa-reagir-a-desinformacao\/"},"author":{"name":"Comunidade Ativa","@id":"https:\/\/www.comunidadeativa.jor.br\/#\/schema\/person\/dcaa1f1c51c1f0c47a33b2b734cad6e1"},"headline":"Para sobreviver, a humanidade precisa reagir \u00e0 desinforma\u00e7\u00e3o","datePublished":"2021-02-05T20:26:01+00:00","dateModified":"2023-08-11T19:57:11+00:00","mainEntityOfPage":{"@id":"https:\/\/www.comunidadeativa.jor.br\/index.php\/2021\/02\/05\/para-sobreviver-a-humanidade-precisa-reagir-a-desinformacao\/"},"wordCount":1105,"publisher":{"@id":"https:\/\/www.comunidadeativa.jor.br\/#organization"},"image":{"@id":"https:\/\/www.comunidadeativa.jor.br\/index.php\/2021\/02\/05\/para-sobreviver-a-humanidade-precisa-reagir-a-desinformacao\/#primaryimage"},"thumbnailUrl":"https:\/\/www.comunidadeativa.jor.br\/wp-content\/uploads\/2021\/02\/capa-4.jpg","articleSection":["Cidadania"],"inLanguage":"pt-BR"},{"@type":"WebPage","@id":"https:\/\/www.comunidadeativa.jor.br\/index.php\/2021\/02\/05\/para-sobreviver-a-humanidade-precisa-reagir-a-desinformacao\/","url":"https:\/\/www.comunidadeativa.jor.br\/index.php\/2021\/02\/05\/para-sobreviver-a-humanidade-precisa-reagir-a-desinformacao\/","name":"Para sobreviver, a humanidade precisa reagir \u00e0 desinforma\u00e7\u00e3o - Comunidade Ativa","isPartOf":{"@id":"https:\/\/www.comunidadeativa.jor.br\/#website"},"primaryImageOfPage":{"@id":"https:\/\/www.comunidadeativa.jor.br\/index.php\/2021\/02\/05\/para-sobreviver-a-humanidade-precisa-reagir-a-desinformacao\/#primaryimage"},"image":{"@id":"https:\/\/www.comunidadeativa.jor.br\/index.php\/2021\/02\/05\/para-sobreviver-a-humanidade-precisa-reagir-a-desinformacao\/#primaryimage"},"thumbnailUrl":"https:\/\/www.comunidadeativa.jor.br\/wp-content\/uploads\/2021\/02\/capa-4.jpg","datePublished":"2021-02-05T20:26:01+00:00","dateModified":"2023-08-11T19:57:11+00:00","breadcrumb":{"@id":"https:\/\/www.comunidadeativa.jor.br\/index.php\/2021\/02\/05\/para-sobreviver-a-humanidade-precisa-reagir-a-desinformacao\/#breadcrumb"},"inLanguage":"pt-BR","potentialAction":[{"@type":"ReadAction","target":["https:\/\/www.comunidadeativa.jor.br\/index.php\/2021\/02\/05\/para-sobreviver-a-humanidade-precisa-reagir-a-desinformacao\/"]}]},{"@type":"ImageObject","inLanguage":"pt-BR","@id":"https:\/\/www.comunidadeativa.jor.br\/index.php\/2021\/02\/05\/para-sobreviver-a-humanidade-precisa-reagir-a-desinformacao\/#primaryimage","url":"https:\/\/www.comunidadeativa.jor.br\/wp-content\/uploads\/2021\/02\/capa-4.jpg","contentUrl":"https:\/\/www.comunidadeativa.jor.br\/wp-content\/uploads\/2021\/02\/capa-4.jpg","width":640,"height":352},{"@type":"BreadcrumbList","@id":"https:\/\/www.comunidadeativa.jor.br\/index.php\/2021\/02\/05\/para-sobreviver-a-humanidade-precisa-reagir-a-desinformacao\/#breadcrumb","itemListElement":[{"@type":"ListItem","position":1,"name":"In\u00edcio","item":"https:\/\/www.comunidadeativa.jor.br\/"},{"@type":"ListItem","position":2,"name":"Para sobreviver, a humanidade precisa reagir \u00e0 desinforma\u00e7\u00e3o"}]},{"@type":"WebSite","@id":"https:\/\/www.comunidadeativa.jor.br\/#website","url":"https:\/\/www.comunidadeativa.jor.br\/","name":"Comunidade Ativa","description":"","publisher":{"@id":"https:\/\/www.comunidadeativa.jor.br\/#organization"},"potentialAction":[{"@type":"SearchAction","target":{"@type":"EntryPoint","urlTemplate":"https:\/\/www.comunidadeativa.jor.br\/?s={search_term_string}"},"query-input":{"@type":"PropertyValueSpecification","valueRequired":true,"valueName":"search_term_string"}}],"inLanguage":"pt-BR"},{"@type":"Organization","@id":"https:\/\/www.comunidadeativa.jor.br\/#organization","name":"Comunidade Ativa","url":"https:\/\/www.comunidadeativa.jor.br\/","logo":{"@type":"ImageObject","inLanguage":"pt-BR","@id":"https:\/\/www.comunidadeativa.jor.br\/#\/schema\/logo\/image\/","url":"https:\/\/www.comunidadeativa.jor.br\/wp-content\/uploads\/2018\/03\/cropped-LOGOPNG-1.png","contentUrl":"https:\/\/www.comunidadeativa.jor.br\/wp-content\/uploads\/2018\/03\/cropped-LOGOPNG-1.png","width":318,"height":90,"caption":"Comunidade Ativa"},"image":{"@id":"https:\/\/www.comunidadeativa.jor.br\/#\/schema\/logo\/image\/"},"sameAs":["https:\/\/www.facebook.com\/comunidadeativa"]},{"@type":"Person","@id":"https:\/\/www.comunidadeativa.jor.br\/#\/schema\/person\/dcaa1f1c51c1f0c47a33b2b734cad6e1","name":"Comunidade Ativa","image":{"@type":"ImageObject","inLanguage":"pt-BR","@id":"https:\/\/www.comunidadeativa.jor.br\/#\/schema\/person\/image\/","url":"https:\/\/secure.gravatar.com\/avatar\/09a9a1f85fedf41e81b47f7c1d40084f?s=96&d=mm&r=g","contentUrl":"https:\/\/secure.gravatar.com\/avatar\/09a9a1f85fedf41e81b47f7c1d40084f?s=96&d=mm&r=g","caption":"Comunidade Ativa"},"url":"https:\/\/www.comunidadeativa.jor.br\/index.php\/author\/casalberto\/"}]}},"_links":{"self":[{"href":"https:\/\/www.comunidadeativa.jor.br\/index.php\/wp-json\/wp\/v2\/posts\/1683","targetHints":{"allow":["GET"]}}],"collection":[{"href":"https:\/\/www.comunidadeativa.jor.br\/index.php\/wp-json\/wp\/v2\/posts"}],"about":[{"href":"https:\/\/www.comunidadeativa.jor.br\/index.php\/wp-json\/wp\/v2\/types\/post"}],"author":[{"embeddable":true,"href":"https:\/\/www.comunidadeativa.jor.br\/index.php\/wp-json\/wp\/v2\/users\/1"}],"replies":[{"embeddable":true,"href":"https:\/\/www.comunidadeativa.jor.br\/index.php\/wp-json\/wp\/v2\/comments?post=1683"}],"version-history":[{"count":5,"href":"https:\/\/www.comunidadeativa.jor.br\/index.php\/wp-json\/wp\/v2\/posts\/1683\/revisions"}],"predecessor-version":[{"id":3792,"href":"https:\/\/www.comunidadeativa.jor.br\/index.php\/wp-json\/wp\/v2\/posts\/1683\/revisions\/3792"}],"wp:featuredmedia":[{"embeddable":true,"href":"https:\/\/www.comunidadeativa.jor.br\/index.php\/wp-json\/wp\/v2\/media\/1684"}],"wp:attachment":[{"href":"https:\/\/www.comunidadeativa.jor.br\/index.php\/wp-json\/wp\/v2\/media?parent=1683"}],"wp:term":[{"taxonomy":"category","embeddable":true,"href":"https:\/\/www.comunidadeativa.jor.br\/index.php\/wp-json\/wp\/v2\/categories?post=1683"},{"taxonomy":"post_tag","embeddable":true,"href":"https:\/\/www.comunidadeativa.jor.br\/index.php\/wp-json\/wp\/v2\/tags?post=1683"}],"curies":[{"name":"wp","href":"https:\/\/api.w.org\/{rel}","templated":true}]}}