{"id":1702,"date":"2021-02-11T12:54:05","date_gmt":"2021-02-11T15:54:05","guid":{"rendered":"https:\/\/www.comunidadeativa.jor.br\/?p=1702"},"modified":"2023-08-11T16:59:14","modified_gmt":"2023-08-11T19:59:14","slug":"inscricoes-para-os-cursos-gratuitos-da-escola-livre-de-artes-arena-da-cultura","status":"publish","type":"post","link":"https:\/\/www.comunidadeativa.jor.br\/index.php\/2021\/02\/11\/inscricoes-para-os-cursos-gratuitos-da-escola-livre-de-artes-arena-da-cultura\/","title":{"rendered":"Inscri\u00e7\u00f5es para os cursos gratuitos da Escola Livre de Artes &#8211; Arena da Cultura"},"content":{"rendered":"<p>Nesta sexta-feira, 12, a Prefeitura Municipal de Belo Horizonte (PBH) abrir\u00e1 as inscri\u00e7\u00f5es para as atividades da Escola Livre de Artes &#8211; Arena da Cultura (ELA-Arena) para o per\u00edodo letivo de 2021. A iniciativa conjunta da Secretaria Municipal de Cultura e da Funda\u00e7\u00e3o Municipal de Cultura, dar\u00e1 continuidade aos cursos de forma\u00e7\u00e3o art\u00edstica da Escola Expandida, que foram iniciados no ano passado. Em conformidade com as exig\u00eancias de distanciamento social necess\u00e1rias ao combate \u00e0 pandemia da Covid-19, as aulas ser\u00e3o \u00e0 dist\u00e2ncia.<\/p>\n<p>Ser\u00e3o ofertadas cerca de 2 mil vagas nas \u00e1reas de artes visuais, audiovisual, bastidores das artes, circo, dan\u00e7a, design popular, gest\u00e3o e produ\u00e7\u00e3o cultural, m\u00fasica, patrim\u00f4nio cultural e teatro. Tamb\u00e9m haver\u00e1 encontros virtuais que far\u00e3o an\u00e1lises sobre cultura da inf\u00e2ncia.<\/p>\n<p>As inscri\u00e7\u00f5es s\u00e3o gratuitas e poder\u00e3o ser feitas at\u00e9 dois dias \u00fateis antes da aula inaugural de cada atividade. Os formul\u00e1rios de inscri\u00e7\u00e3o e a rela\u00e7\u00e3o das atividades ser\u00e1 disponibilizado na p\u00e1gina da Funda\u00e7\u00e3o Municipal de Cultura (<a href=\"https:\/\/prefeitura.pbh.gov.br\/fundacao-municipal-de-cultura\/escola-livre-de-artes\">clique aqui para acessar<\/a>). Todas as a\u00e7\u00f5es ocorrer\u00e3o por meio <a href=\"https:\/\/ead.pbh.gov.br\/\">Plataforma de Educa\u00e7\u00e3o a Dist\u00e2ncia (EAD)<\/a> da PBH.<\/p>\n<p>No total, ser\u00e3o ofertadas mais de 90 atividades de forma\u00e7\u00e3o art\u00edstica e cultural, incluindo rodas de conversa, workshops, oficinas, laborat\u00f3rios de pesquisa, minicursos e estudos complementares em cada uma das \u00e1reas. Ainda, haver\u00e1 o m\u00f3dulo Transversal, que abordar\u00e1 conte\u00fados m\u00faltiplos das \u00e1reas contempladas pela ELA-Arena.<\/p>\n<p>A idade m\u00ednima para os inscritos deve ser de 14 anos. De acordo com os organizadores, havendo n\u00famero de inscritos maior do que o de vagas dispon\u00edveis, ser\u00e1 realizado um processo de sele\u00e7\u00e3o, de acordo com os crit\u00e9rios que ser\u00e3o divulgados na ocasi\u00e3o.<\/p>\n<p>De acordo com a secretaria Municipal de Cultura Fab\u00edola Moulin, no ano passado, a ELA-Arena se adaptou \u00e0s necessidades de distanciamento social e desenvolveu os recursos para dar continuidade ao projeto. \u201cFelizmente, o modelo adotado gerou resultados positivos. Tivemos em 2020 mais de 200 atividades e 25 mil atendimentos virtuais. Agora, abrimos as inscri\u00e7\u00f5es para que mais pessoas possam realizar os cursos formativos da ELA-Arena, ofertados gratuitamente \u00e0 popula\u00e7\u00e3o\u201d, destaca Fab\u00edola.<\/p>\n<p>Escola Expandida e ELA-Arena<\/p>\n<p>De acordo com a FMS, para se adaptar \u00e0 nova realidade gerada pela Covid-19, a ELA-Arena desenvolveu a Escola Expandida, que adota as ferramentas do EAD, utilizando a plataforma pr\u00f3pria da PBH. A ferramenta permite a interatividade entre instrutores e alunos e cria a possibilidade da troca de conhecimentos entre os participantes por meio dos encontros online, dos chats e dos f\u00f3runs.<br \/>\nCriada em 2014 a partir da consolida\u00e7\u00e3o do projeto Arena da Cultura, promovido h\u00e1 mais de 20 anos pela PBH, a ELA-Arena oferece cursos e oficinas em dez \u00e1reas culturais. Cada \u00e1rea \u00e9 coordenada por agente respons\u00e1vel pela proposi\u00e7\u00e3o, avalia\u00e7\u00e3o e acompanhamento dos trabalhos desenvolvidos pelos alunos. A ELA-Arena tamb\u00e9m disp\u00f5e de equipe pedag\u00f3gica formada por profissionais que orienta\u00e7\u00e3o os processos de forma\u00e7\u00e3o, os conceitos e as metodologias que s\u00e3o seguidas nos curso.<\/p>\n<form style=\"padding-left: 80px;\" action=\"https:\/\/pagseguro.uol.com.br\/checkout\/v2\/donation.html\" method=\"post\">\n<hr \/>\n<\/form>\n","protected":false},"excerpt":{"rendered":"<p>Nesta sexta-feira, 12, a Prefeitura Municipal de Belo Horizonte (PBH) abrir\u00e1 as inscri\u00e7\u00f5es para as atividades da Escola Livre de<\/p>\n","protected":false},"author":1,"featured_media":1703,"comment_status":"closed","ping_status":"open","sticky":false,"template":"","format":"standard","meta":{"footnotes":""},"categories":[1],"tags":[],"class_list":["post-1702","post","type-post","status-publish","format-standard","has-post-thumbnail","hentry","category-sem-categoria"],"yoast_head":"<!-- This site is optimized with the Yoast SEO plugin v26.0 - https:\/\/yoast.com\/wordpress\/plugins\/seo\/ -->\n<title>Inscri\u00e7\u00f5es para os cursos gratuitos da Escola Livre de Artes - Arena da Cultura - Comunidade Ativa<\/title>\n<meta name=\"robots\" content=\"index, follow, max-snippet:-1, max-image-preview:large, max-video-preview:-1\" \/>\n<link rel=\"canonical\" href=\"https:\/\/www.comunidadeativa.jor.br\/index.php\/2021\/02\/11\/inscricoes-para-os-cursos-gratuitos-da-escola-livre-de-artes-arena-da-cultura\/\" \/>\n<meta property=\"og:locale\" content=\"pt_BR\" \/>\n<meta property=\"og:type\" content=\"article\" \/>\n<meta property=\"og:title\" content=\"Inscri\u00e7\u00f5es para os cursos gratuitos da Escola Livre de Artes - Arena da Cultura - Comunidade Ativa\" \/>\n<meta property=\"og:description\" content=\"Nesta sexta-feira, 12, a Prefeitura Municipal de Belo Horizonte (PBH) abrir\u00e1 as inscri\u00e7\u00f5es para as atividades da Escola Livre de\" \/>\n<meta property=\"og:url\" content=\"https:\/\/www.comunidadeativa.jor.br\/index.php\/2021\/02\/11\/inscricoes-para-os-cursos-gratuitos-da-escola-livre-de-artes-arena-da-cultura\/\" \/>\n<meta property=\"og:site_name\" content=\"Comunidade Ativa\" \/>\n<meta property=\"article:publisher\" content=\"https:\/\/www.facebook.com\/comunidadeativa\" \/>\n<meta property=\"article:published_time\" content=\"2021-02-11T15:54:05+00:00\" \/>\n<meta property=\"article:modified_time\" content=\"2023-08-11T19:59:14+00:00\" \/>\n<meta property=\"og:image\" content=\"https:\/\/www.comunidadeativa.jor.br\/wp-content\/uploads\/2021\/02\/capa-8.jpg\" \/>\n\t<meta property=\"og:image:width\" content=\"640\" \/>\n\t<meta property=\"og:image:height\" content=\"352\" \/>\n\t<meta property=\"og:image:type\" content=\"image\/jpeg\" \/>\n<meta name=\"author\" content=\"Comunidade Ativa\" \/>\n<meta name=\"twitter:card\" content=\"summary_large_image\" \/>\n<meta name=\"twitter:label1\" content=\"Escrito por\" \/>\n\t<meta name=\"twitter:data1\" content=\"Comunidade Ativa\" \/>\n\t<meta name=\"twitter:label2\" content=\"Est. tempo de leitura\" \/>\n\t<meta name=\"twitter:data2\" content=\"3 minutos\" \/>\n<script type=\"application\/ld+json\" class=\"yoast-schema-graph\">{\"@context\":\"https:\/\/schema.org\",\"@graph\":[{\"@type\":\"Article\",\"@id\":\"https:\/\/www.comunidadeativa.jor.br\/index.php\/2021\/02\/11\/inscricoes-para-os-cursos-gratuitos-da-escola-livre-de-artes-arena-da-cultura\/#article\",\"isPartOf\":{\"@id\":\"https:\/\/www.comunidadeativa.jor.br\/index.php\/2021\/02\/11\/inscricoes-para-os-cursos-gratuitos-da-escola-livre-de-artes-arena-da-cultura\/\"},\"author\":{\"name\":\"Comunidade Ativa\",\"@id\":\"https:\/\/www.comunidadeativa.jor.br\/#\/schema\/person\/dcaa1f1c51c1f0c47a33b2b734cad6e1\"},\"headline\":\"Inscri\u00e7\u00f5es para os cursos gratuitos da Escola Livre de Artes &#8211; Arena da Cultura\",\"datePublished\":\"2021-02-11T15:54:05+00:00\",\"dateModified\":\"2023-08-11T19:59:14+00:00\",\"mainEntityOfPage\":{\"@id\":\"https:\/\/www.comunidadeativa.jor.br\/index.php\/2021\/02\/11\/inscricoes-para-os-cursos-gratuitos-da-escola-livre-de-artes-arena-da-cultura\/\"},\"wordCount\":536,\"publisher\":{\"@id\":\"https:\/\/www.comunidadeativa.jor.br\/#organization\"},\"image\":{\"@id\":\"https:\/\/www.comunidadeativa.jor.br\/index.php\/2021\/02\/11\/inscricoes-para-os-cursos-gratuitos-da-escola-livre-de-artes-arena-da-cultura\/#primaryimage\"},\"thumbnailUrl\":\"https:\/\/www.comunidadeativa.jor.br\/wp-content\/uploads\/2021\/02\/capa-8.jpg\",\"inLanguage\":\"pt-BR\"},{\"@type\":\"WebPage\",\"@id\":\"https:\/\/www.comunidadeativa.jor.br\/index.php\/2021\/02\/11\/inscricoes-para-os-cursos-gratuitos-da-escola-livre-de-artes-arena-da-cultura\/\",\"url\":\"https:\/\/www.comunidadeativa.jor.br\/index.php\/2021\/02\/11\/inscricoes-para-os-cursos-gratuitos-da-escola-livre-de-artes-arena-da-cultura\/\",\"name\":\"Inscri\u00e7\u00f5es para os cursos gratuitos da Escola Livre de Artes - Arena da Cultura - Comunidade Ativa\",\"isPartOf\":{\"@id\":\"https:\/\/www.comunidadeativa.jor.br\/#website\"},\"primaryImageOfPage\":{\"@id\":\"https:\/\/www.comunidadeativa.jor.br\/index.php\/2021\/02\/11\/inscricoes-para-os-cursos-gratuitos-da-escola-livre-de-artes-arena-da-cultura\/#primaryimage\"},\"image\":{\"@id\":\"https:\/\/www.comunidadeativa.jor.br\/index.php\/2021\/02\/11\/inscricoes-para-os-cursos-gratuitos-da-escola-livre-de-artes-arena-da-cultura\/#primaryimage\"},\"thumbnailUrl\":\"https:\/\/www.comunidadeativa.jor.br\/wp-content\/uploads\/2021\/02\/capa-8.jpg\",\"datePublished\":\"2021-02-11T15:54:05+00:00\",\"dateModified\":\"2023-08-11T19:59:14+00:00\",\"breadcrumb\":{\"@id\":\"https:\/\/www.comunidadeativa.jor.br\/index.php\/2021\/02\/11\/inscricoes-para-os-cursos-gratuitos-da-escola-livre-de-artes-arena-da-cultura\/#breadcrumb\"},\"inLanguage\":\"pt-BR\",\"potentialAction\":[{\"@type\":\"ReadAction\",\"target\":[\"https:\/\/www.comunidadeativa.jor.br\/index.php\/2021\/02\/11\/inscricoes-para-os-cursos-gratuitos-da-escola-livre-de-artes-arena-da-cultura\/\"]}]},{\"@type\":\"ImageObject\",\"inLanguage\":\"pt-BR\",\"@id\":\"https:\/\/www.comunidadeativa.jor.br\/index.php\/2021\/02\/11\/inscricoes-para-os-cursos-gratuitos-da-escola-livre-de-artes-arena-da-cultura\/#primaryimage\",\"url\":\"https:\/\/www.comunidadeativa.jor.br\/wp-content\/uploads\/2021\/02\/capa-8.jpg\",\"contentUrl\":\"https:\/\/www.comunidadeativa.jor.br\/wp-content\/uploads\/2021\/02\/capa-8.jpg\",\"width\":640,\"height\":352},{\"@type\":\"BreadcrumbList\",\"@id\":\"https:\/\/www.comunidadeativa.jor.br\/index.php\/2021\/02\/11\/inscricoes-para-os-cursos-gratuitos-da-escola-livre-de-artes-arena-da-cultura\/#breadcrumb\",\"itemListElement\":[{\"@type\":\"ListItem\",\"position\":1,\"name\":\"In\u00edcio\",\"item\":\"https:\/\/www.comunidadeativa.jor.br\/\"},{\"@type\":\"ListItem\",\"position\":2,\"name\":\"Inscri\u00e7\u00f5es para os cursos gratuitos da Escola Livre de Artes &#8211; Arena da Cultura\"}]},{\"@type\":\"WebSite\",\"@id\":\"https:\/\/www.comunidadeativa.jor.br\/#website\",\"url\":\"https:\/\/www.comunidadeativa.jor.br\/\",\"name\":\"Comunidade Ativa\",\"description\":\"\",\"publisher\":{\"@id\":\"https:\/\/www.comunidadeativa.jor.br\/#organization\"},\"potentialAction\":[{\"@type\":\"SearchAction\",\"target\":{\"@type\":\"EntryPoint\",\"urlTemplate\":\"https:\/\/www.comunidadeativa.jor.br\/?s={search_term_string}\"},\"query-input\":{\"@type\":\"PropertyValueSpecification\",\"valueRequired\":true,\"valueName\":\"search_term_string\"}}],\"inLanguage\":\"pt-BR\"},{\"@type\":\"Organization\",\"@id\":\"https:\/\/www.comunidadeativa.jor.br\/#organization\",\"name\":\"Comunidade Ativa\",\"url\":\"https:\/\/www.comunidadeativa.jor.br\/\",\"logo\":{\"@type\":\"ImageObject\",\"inLanguage\":\"pt-BR\",\"@id\":\"https:\/\/www.comunidadeativa.jor.br\/#\/schema\/logo\/image\/\",\"url\":\"https:\/\/www.comunidadeativa.jor.br\/wp-content\/uploads\/2018\/03\/cropped-LOGOPNG-1.png\",\"contentUrl\":\"https:\/\/www.comunidadeativa.jor.br\/wp-content\/uploads\/2018\/03\/cropped-LOGOPNG-1.png\",\"width\":318,\"height\":90,\"caption\":\"Comunidade Ativa\"},\"image\":{\"@id\":\"https:\/\/www.comunidadeativa.jor.br\/#\/schema\/logo\/image\/\"},\"sameAs\":[\"https:\/\/www.facebook.com\/comunidadeativa\"]},{\"@type\":\"Person\",\"@id\":\"https:\/\/www.comunidadeativa.jor.br\/#\/schema\/person\/dcaa1f1c51c1f0c47a33b2b734cad6e1\",\"name\":\"Comunidade Ativa\",\"image\":{\"@type\":\"ImageObject\",\"inLanguage\":\"pt-BR\",\"@id\":\"https:\/\/www.comunidadeativa.jor.br\/#\/schema\/person\/image\/\",\"url\":\"https:\/\/secure.gravatar.com\/avatar\/09a9a1f85fedf41e81b47f7c1d40084f?s=96&d=mm&r=g\",\"contentUrl\":\"https:\/\/secure.gravatar.com\/avatar\/09a9a1f85fedf41e81b47f7c1d40084f?s=96&d=mm&r=g\",\"caption\":\"Comunidade Ativa\"},\"url\":\"https:\/\/www.comunidadeativa.jor.br\/index.php\/author\/casalberto\/\"}]}<\/script>\n<!-- \/ Yoast SEO plugin. -->","yoast_head_json":{"title":"Inscri\u00e7\u00f5es para os cursos gratuitos da Escola Livre de Artes - Arena da Cultura - Comunidade Ativa","robots":{"index":"index","follow":"follow","max-snippet":"max-snippet:-1","max-image-preview":"max-image-preview:large","max-video-preview":"max-video-preview:-1"},"canonical":"https:\/\/www.comunidadeativa.jor.br\/index.php\/2021\/02\/11\/inscricoes-para-os-cursos-gratuitos-da-escola-livre-de-artes-arena-da-cultura\/","og_locale":"pt_BR","og_type":"article","og_title":"Inscri\u00e7\u00f5es para os cursos gratuitos da Escola Livre de Artes - Arena da Cultura - Comunidade Ativa","og_description":"Nesta sexta-feira, 12, a Prefeitura Municipal de Belo Horizonte (PBH) abrir\u00e1 as inscri\u00e7\u00f5es para as atividades da Escola Livre de","og_url":"https:\/\/www.comunidadeativa.jor.br\/index.php\/2021\/02\/11\/inscricoes-para-os-cursos-gratuitos-da-escola-livre-de-artes-arena-da-cultura\/","og_site_name":"Comunidade Ativa","article_publisher":"https:\/\/www.facebook.com\/comunidadeativa","article_published_time":"2021-02-11T15:54:05+00:00","article_modified_time":"2023-08-11T19:59:14+00:00","og_image":[{"width":640,"height":352,"url":"https:\/\/www.comunidadeativa.jor.br\/wp-content\/uploads\/2021\/02\/capa-8.jpg","type":"image\/jpeg"}],"author":"Comunidade Ativa","twitter_card":"summary_large_image","twitter_misc":{"Escrito por":"Comunidade Ativa","Est. tempo de leitura":"3 minutos"},"schema":{"@context":"https:\/\/schema.org","@graph":[{"@type":"Article","@id":"https:\/\/www.comunidadeativa.jor.br\/index.php\/2021\/02\/11\/inscricoes-para-os-cursos-gratuitos-da-escola-livre-de-artes-arena-da-cultura\/#article","isPartOf":{"@id":"https:\/\/www.comunidadeativa.jor.br\/index.php\/2021\/02\/11\/inscricoes-para-os-cursos-gratuitos-da-escola-livre-de-artes-arena-da-cultura\/"},"author":{"name":"Comunidade Ativa","@id":"https:\/\/www.comunidadeativa.jor.br\/#\/schema\/person\/dcaa1f1c51c1f0c47a33b2b734cad6e1"},"headline":"Inscri\u00e7\u00f5es para os cursos gratuitos da Escola Livre de Artes &#8211; Arena da Cultura","datePublished":"2021-02-11T15:54:05+00:00","dateModified":"2023-08-11T19:59:14+00:00","mainEntityOfPage":{"@id":"https:\/\/www.comunidadeativa.jor.br\/index.php\/2021\/02\/11\/inscricoes-para-os-cursos-gratuitos-da-escola-livre-de-artes-arena-da-cultura\/"},"wordCount":536,"publisher":{"@id":"https:\/\/www.comunidadeativa.jor.br\/#organization"},"image":{"@id":"https:\/\/www.comunidadeativa.jor.br\/index.php\/2021\/02\/11\/inscricoes-para-os-cursos-gratuitos-da-escola-livre-de-artes-arena-da-cultura\/#primaryimage"},"thumbnailUrl":"https:\/\/www.comunidadeativa.jor.br\/wp-content\/uploads\/2021\/02\/capa-8.jpg","inLanguage":"pt-BR"},{"@type":"WebPage","@id":"https:\/\/www.comunidadeativa.jor.br\/index.php\/2021\/02\/11\/inscricoes-para-os-cursos-gratuitos-da-escola-livre-de-artes-arena-da-cultura\/","url":"https:\/\/www.comunidadeativa.jor.br\/index.php\/2021\/02\/11\/inscricoes-para-os-cursos-gratuitos-da-escola-livre-de-artes-arena-da-cultura\/","name":"Inscri\u00e7\u00f5es para os cursos gratuitos da Escola Livre de Artes - Arena da Cultura - Comunidade Ativa","isPartOf":{"@id":"https:\/\/www.comunidadeativa.jor.br\/#website"},"primaryImageOfPage":{"@id":"https:\/\/www.comunidadeativa.jor.br\/index.php\/2021\/02\/11\/inscricoes-para-os-cursos-gratuitos-da-escola-livre-de-artes-arena-da-cultura\/#primaryimage"},"image":{"@id":"https:\/\/www.comunidadeativa.jor.br\/index.php\/2021\/02\/11\/inscricoes-para-os-cursos-gratuitos-da-escola-livre-de-artes-arena-da-cultura\/#primaryimage"},"thumbnailUrl":"https:\/\/www.comunidadeativa.jor.br\/wp-content\/uploads\/2021\/02\/capa-8.jpg","datePublished":"2021-02-11T15:54:05+00:00","dateModified":"2023-08-11T19:59:14+00:00","breadcrumb":{"@id":"https:\/\/www.comunidadeativa.jor.br\/index.php\/2021\/02\/11\/inscricoes-para-os-cursos-gratuitos-da-escola-livre-de-artes-arena-da-cultura\/#breadcrumb"},"inLanguage":"pt-BR","potentialAction":[{"@type":"ReadAction","target":["https:\/\/www.comunidadeativa.jor.br\/index.php\/2021\/02\/11\/inscricoes-para-os-cursos-gratuitos-da-escola-livre-de-artes-arena-da-cultura\/"]}]},{"@type":"ImageObject","inLanguage":"pt-BR","@id":"https:\/\/www.comunidadeativa.jor.br\/index.php\/2021\/02\/11\/inscricoes-para-os-cursos-gratuitos-da-escola-livre-de-artes-arena-da-cultura\/#primaryimage","url":"https:\/\/www.comunidadeativa.jor.br\/wp-content\/uploads\/2021\/02\/capa-8.jpg","contentUrl":"https:\/\/www.comunidadeativa.jor.br\/wp-content\/uploads\/2021\/02\/capa-8.jpg","width":640,"height":352},{"@type":"BreadcrumbList","@id":"https:\/\/www.comunidadeativa.jor.br\/index.php\/2021\/02\/11\/inscricoes-para-os-cursos-gratuitos-da-escola-livre-de-artes-arena-da-cultura\/#breadcrumb","itemListElement":[{"@type":"ListItem","position":1,"name":"In\u00edcio","item":"https:\/\/www.comunidadeativa.jor.br\/"},{"@type":"ListItem","position":2,"name":"Inscri\u00e7\u00f5es para os cursos gratuitos da Escola Livre de Artes &#8211; Arena da Cultura"}]},{"@type":"WebSite","@id":"https:\/\/www.comunidadeativa.jor.br\/#website","url":"https:\/\/www.comunidadeativa.jor.br\/","name":"Comunidade Ativa","description":"","publisher":{"@id":"https:\/\/www.comunidadeativa.jor.br\/#organization"},"potentialAction":[{"@type":"SearchAction","target":{"@type":"EntryPoint","urlTemplate":"https:\/\/www.comunidadeativa.jor.br\/?s={search_term_string}"},"query-input":{"@type":"PropertyValueSpecification","valueRequired":true,"valueName":"search_term_string"}}],"inLanguage":"pt-BR"},{"@type":"Organization","@id":"https:\/\/www.comunidadeativa.jor.br\/#organization","name":"Comunidade Ativa","url":"https:\/\/www.comunidadeativa.jor.br\/","logo":{"@type":"ImageObject","inLanguage":"pt-BR","@id":"https:\/\/www.comunidadeativa.jor.br\/#\/schema\/logo\/image\/","url":"https:\/\/www.comunidadeativa.jor.br\/wp-content\/uploads\/2018\/03\/cropped-LOGOPNG-1.png","contentUrl":"https:\/\/www.comunidadeativa.jor.br\/wp-content\/uploads\/2018\/03\/cropped-LOGOPNG-1.png","width":318,"height":90,"caption":"Comunidade Ativa"},"image":{"@id":"https:\/\/www.comunidadeativa.jor.br\/#\/schema\/logo\/image\/"},"sameAs":["https:\/\/www.facebook.com\/comunidadeativa"]},{"@type":"Person","@id":"https:\/\/www.comunidadeativa.jor.br\/#\/schema\/person\/dcaa1f1c51c1f0c47a33b2b734cad6e1","name":"Comunidade Ativa","image":{"@type":"ImageObject","inLanguage":"pt-BR","@id":"https:\/\/www.comunidadeativa.jor.br\/#\/schema\/person\/image\/","url":"https:\/\/secure.gravatar.com\/avatar\/09a9a1f85fedf41e81b47f7c1d40084f?s=96&d=mm&r=g","contentUrl":"https:\/\/secure.gravatar.com\/avatar\/09a9a1f85fedf41e81b47f7c1d40084f?s=96&d=mm&r=g","caption":"Comunidade Ativa"},"url":"https:\/\/www.comunidadeativa.jor.br\/index.php\/author\/casalberto\/"}]}},"_links":{"self":[{"href":"https:\/\/www.comunidadeativa.jor.br\/index.php\/wp-json\/wp\/v2\/posts\/1702","targetHints":{"allow":["GET"]}}],"collection":[{"href":"https:\/\/www.comunidadeativa.jor.br\/index.php\/wp-json\/wp\/v2\/posts"}],"about":[{"href":"https:\/\/www.comunidadeativa.jor.br\/index.php\/wp-json\/wp\/v2\/types\/post"}],"author":[{"embeddable":true,"href":"https:\/\/www.comunidadeativa.jor.br\/index.php\/wp-json\/wp\/v2\/users\/1"}],"replies":[{"embeddable":true,"href":"https:\/\/www.comunidadeativa.jor.br\/index.php\/wp-json\/wp\/v2\/comments?post=1702"}],"version-history":[{"count":2,"href":"https:\/\/www.comunidadeativa.jor.br\/index.php\/wp-json\/wp\/v2\/posts\/1702\/revisions"}],"predecessor-version":[{"id":3796,"href":"https:\/\/www.comunidadeativa.jor.br\/index.php\/wp-json\/wp\/v2\/posts\/1702\/revisions\/3796"}],"wp:featuredmedia":[{"embeddable":true,"href":"https:\/\/www.comunidadeativa.jor.br\/index.php\/wp-json\/wp\/v2\/media\/1703"}],"wp:attachment":[{"href":"https:\/\/www.comunidadeativa.jor.br\/index.php\/wp-json\/wp\/v2\/media?parent=1702"}],"wp:term":[{"taxonomy":"category","embeddable":true,"href":"https:\/\/www.comunidadeativa.jor.br\/index.php\/wp-json\/wp\/v2\/categories?post=1702"},{"taxonomy":"post_tag","embeddable":true,"href":"https:\/\/www.comunidadeativa.jor.br\/index.php\/wp-json\/wp\/v2\/tags?post=1702"}],"curies":[{"name":"wp","href":"https:\/\/api.w.org\/{rel}","templated":true}]}}