{"id":1748,"date":"2021-02-23T11:00:48","date_gmt":"2021-02-23T14:00:48","guid":{"rendered":"https:\/\/www.comunidadeativa.jor.br\/?p=1748"},"modified":"2023-08-11T17:00:57","modified_gmt":"2023-08-11T20:00:57","slug":"1748","status":"publish","type":"post","link":"https:\/\/www.comunidadeativa.jor.br\/index.php\/2021\/02\/23\/1748\/","title":{"rendered":"A origem das suas dores pode estar em uma DTM"},"content":{"rendered":"<p>A situa\u00e7\u00e3o n\u00e3o \u00e9 rara. A pessoa tem dores de cabe\u00e7a insistentes, acorda com dores nos dentes, no pesco\u00e7o, na mand\u00edbula e at\u00e9 com dor de ouvido e fica intrigada com os motivos do desconforto. Em grande parte das vezes, durante um bom tempo, tenta aliviar o desconforto com analg\u00e9sicos, o que pode at\u00e9 resolver momentaneamente. Contudo, somente com um diagn\u00f3stico preciso ser\u00e1 poss\u00edvel obter uma solu\u00e7\u00e3o efetiva para o problema.<\/p>\n<p>De fato, existem v\u00e1rias origens poss\u00edveis para esses males. Por\u00e9m, se esse quadro \u00e9 familiar\u00a0para voc\u00ea, conv\u00e9m conversar com o seu dentista, uma vez que \u00e9 bastante poss\u00edvel que voc\u00ea esteja sofrendo com uma Disfun\u00e7\u00e3o Temporomandibular (DTM).<\/p>\n<p>Mas, calma! Ainda que o nome dessa disfun\u00e7\u00e3o pare\u00e7a assustador, \u00e9 muito comum as causas\u00a0e as curas serem relativamente simples, envolvendo apenas algumas mudan\u00e7as de h\u00e1bitos. Somente para situa\u00e7\u00f5es mais complexas \u00e9 preciso buscar algum tratamento\u00a0 rigoroso que, eventualmente pode incluir uma cirurgia.<\/p>\n<h6>Origem da DTM<\/h6>\n<p>Vale considerar que a DTM \u00e9 resultado de altera\u00e7\u00f5es que ocorrem na Articula\u00e7\u00e3o Temporomandibular (ATM), que \u00e9 o conjunto cuja fun\u00e7\u00e3o \u00e9 executar os movimentos de abrir e de fechar a boca e que \u00e9 formado pela mand\u00edbula, pelo osso temporal e por outras estruturas\u00a0associadas a ele. Quando esse conjunto \u00e9 submetido a esfor\u00e7os excessivos e constantes,\u00a0surge a DTM.<\/p>\n<p>O bruxismo &#8211; que \u00e9 o ranger dos dentes durante o sono &#8211; \u00e9 uma das causas mais frequentes para essa disfun\u00e7\u00e3o. Esse dist\u00farbio, costuma estar relacionado ao estresse, \u00e0 ansiedade ou a outros fatores emocionais que acometem o paciente e que podem afetar a ATM. Portanto, tratar estas quest\u00f5es pode ajudar na solu\u00e7\u00e3o. O h\u00e1bito de roer unha ou de mascar chicletes com frequ\u00eancia, dormir de bru\u00e7os, problemas dent\u00e1rios que for\u00e7am\u00a0a mastiga\u00e7\u00e3o em apenas um lado, pr\u00f3teses mal ajustadas ou mesmo traumas diretos na face tamb\u00e9m est\u00e3o entre as causas da DTM.<\/p>\n<p>Al\u00e9m das dores mencionadas, zumbidos no ouvido, press\u00e3o atr\u00e1s dos olhos, sensa\u00e7\u00e3o de desencaixe, de travamento ou de flacidez dos m\u00fasculos da mand\u00edbula, dores ao bocejar, ao abrir a boca ou ao mastigar tamb\u00e9m s\u00e3o indicativos da disfun\u00e7\u00e3o. A DTM se relaciona ainda com\u00a0outras doen\u00e7as, como a artrite e a fibromialgia, por exemplo.<\/p>\n<h6>Diagn\u00f3stico e tratamento<\/h6>\n<p>Com tantas causas poss\u00edveis e com a necessidade de buscar uma mudan\u00e7a de h\u00e1bito ou um tratamento espec\u00edfico conforme o caso, o problema precisa passar por uma an\u00e1lise m\u00e9dica\u00a0e odontol\u00f3gica, que \u00e9 necess\u00e1ria para orientar a solu\u00e7\u00e3o mais apropriada. A cura pode vir com uma simples reeduca\u00e7\u00e3o de comportamento \u2013 como deixar de mascar chicletes, por exemplo \u2013, da fisioterapia, do uso de medicamentos, ou, em situa\u00e7\u00f5es mais extremas, de uma interven\u00e7\u00e3o cir\u00fargica.<\/p>\n<p>Quando diagnosticada corretamente e tratada de forma adequada, a DTM tende a desaparecer sem deixar qualquer sequela. Portanto, se voc\u00ea est\u00e1 sentindo algum desconforto como os descritos nesse post, na espere at\u00e9 a situa\u00e7\u00e3o piorar. Converse logo com o seu dentista e inicie o tratamento o mais breve poss\u00edvel.<\/p>\n<p>&nbsp;<\/p>\n<p><strong><em>Este post foi oferecido pelo <\/em><\/strong><\/p>\n<form style=\"padding-left: 80px;\" action=\"https:\/\/pagseguro.uol.com.br\/checkout\/v2\/donation.html\" method=\"post\">\n<hr \/>\n<\/form>\n","protected":false},"excerpt":{"rendered":"<p>A situa\u00e7\u00e3o n\u00e3o \u00e9 rara. A pessoa tem dores de cabe\u00e7a insistentes, acorda com dores nos dentes, no pesco\u00e7o, na<\/p>\n","protected":false},"author":1,"featured_media":1749,"comment_status":"closed","ping_status":"open","sticky":false,"template":"","format":"standard","meta":{"footnotes":""},"categories":[9],"tags":[],"class_list":["post-1748","post","type-post","status-publish","format-standard","has-post-thumbnail","hentry","category-saude-qualidade-de-vida"],"yoast_head":"<!-- This site is optimized with the Yoast SEO plugin v26.0 - https:\/\/yoast.com\/wordpress\/plugins\/seo\/ -->\n<title>A origem das suas dores pode estar em uma DTM - Comunidade Ativa<\/title>\n<meta name=\"robots\" content=\"index, follow, max-snippet:-1, max-image-preview:large, max-video-preview:-1\" \/>\n<link rel=\"canonical\" href=\"https:\/\/www.comunidadeativa.jor.br\/index.php\/2021\/02\/23\/1748\/\" \/>\n<meta property=\"og:locale\" content=\"pt_BR\" \/>\n<meta property=\"og:type\" content=\"article\" \/>\n<meta property=\"og:title\" content=\"A origem das suas dores pode estar em uma DTM - Comunidade Ativa\" \/>\n<meta property=\"og:description\" content=\"A situa\u00e7\u00e3o n\u00e3o \u00e9 rara. A pessoa tem dores de cabe\u00e7a insistentes, acorda com dores nos dentes, no pesco\u00e7o, na\" \/>\n<meta property=\"og:url\" content=\"https:\/\/www.comunidadeativa.jor.br\/index.php\/2021\/02\/23\/1748\/\" \/>\n<meta property=\"og:site_name\" content=\"Comunidade Ativa\" \/>\n<meta property=\"article:publisher\" content=\"https:\/\/www.facebook.com\/comunidadeativa\" \/>\n<meta property=\"article:published_time\" content=\"2021-02-23T14:00:48+00:00\" \/>\n<meta property=\"article:modified_time\" content=\"2023-08-11T20:00:57+00:00\" \/>\n<meta property=\"og:image\" content=\"https:\/\/www.comunidadeativa.jor.br\/wp-content\/uploads\/2021\/02\/capa-15.jpg\" \/>\n\t<meta property=\"og:image:width\" content=\"640\" \/>\n\t<meta property=\"og:image:height\" content=\"352\" \/>\n\t<meta property=\"og:image:type\" content=\"image\/jpeg\" \/>\n<meta name=\"author\" content=\"Comunidade Ativa\" \/>\n<meta name=\"twitter:card\" content=\"summary_large_image\" \/>\n<meta name=\"twitter:label1\" content=\"Escrito por\" \/>\n\t<meta name=\"twitter:data1\" content=\"Comunidade Ativa\" \/>\n\t<meta name=\"twitter:label2\" content=\"Est. tempo de leitura\" \/>\n\t<meta name=\"twitter:data2\" content=\"3 minutos\" \/>\n<script type=\"application\/ld+json\" class=\"yoast-schema-graph\">{\"@context\":\"https:\/\/schema.org\",\"@graph\":[{\"@type\":\"Article\",\"@id\":\"https:\/\/www.comunidadeativa.jor.br\/index.php\/2021\/02\/23\/1748\/#article\",\"isPartOf\":{\"@id\":\"https:\/\/www.comunidadeativa.jor.br\/index.php\/2021\/02\/23\/1748\/\"},\"author\":{\"name\":\"Comunidade Ativa\",\"@id\":\"https:\/\/www.comunidadeativa.jor.br\/#\/schema\/person\/dcaa1f1c51c1f0c47a33b2b734cad6e1\"},\"headline\":\"A origem das suas dores pode estar em uma DTM\",\"datePublished\":\"2021-02-23T14:00:48+00:00\",\"dateModified\":\"2023-08-11T20:00:57+00:00\",\"mainEntityOfPage\":{\"@id\":\"https:\/\/www.comunidadeativa.jor.br\/index.php\/2021\/02\/23\/1748\/\"},\"wordCount\":555,\"publisher\":{\"@id\":\"https:\/\/www.comunidadeativa.jor.br\/#organization\"},\"image\":{\"@id\":\"https:\/\/www.comunidadeativa.jor.br\/index.php\/2021\/02\/23\/1748\/#primaryimage\"},\"thumbnailUrl\":\"https:\/\/www.comunidadeativa.jor.br\/wp-content\/uploads\/2021\/02\/capa-15.jpg\",\"articleSection\":[\"Sa\u00fade &amp; Qualidade de Vida\"],\"inLanguage\":\"pt-BR\"},{\"@type\":\"WebPage\",\"@id\":\"https:\/\/www.comunidadeativa.jor.br\/index.php\/2021\/02\/23\/1748\/\",\"url\":\"https:\/\/www.comunidadeativa.jor.br\/index.php\/2021\/02\/23\/1748\/\",\"name\":\"A origem das suas dores pode estar em uma DTM - Comunidade Ativa\",\"isPartOf\":{\"@id\":\"https:\/\/www.comunidadeativa.jor.br\/#website\"},\"primaryImageOfPage\":{\"@id\":\"https:\/\/www.comunidadeativa.jor.br\/index.php\/2021\/02\/23\/1748\/#primaryimage\"},\"image\":{\"@id\":\"https:\/\/www.comunidadeativa.jor.br\/index.php\/2021\/02\/23\/1748\/#primaryimage\"},\"thumbnailUrl\":\"https:\/\/www.comunidadeativa.jor.br\/wp-content\/uploads\/2021\/02\/capa-15.jpg\",\"datePublished\":\"2021-02-23T14:00:48+00:00\",\"dateModified\":\"2023-08-11T20:00:57+00:00\",\"breadcrumb\":{\"@id\":\"https:\/\/www.comunidadeativa.jor.br\/index.php\/2021\/02\/23\/1748\/#breadcrumb\"},\"inLanguage\":\"pt-BR\",\"potentialAction\":[{\"@type\":\"ReadAction\",\"target\":[\"https:\/\/www.comunidadeativa.jor.br\/index.php\/2021\/02\/23\/1748\/\"]}]},{\"@type\":\"ImageObject\",\"inLanguage\":\"pt-BR\",\"@id\":\"https:\/\/www.comunidadeativa.jor.br\/index.php\/2021\/02\/23\/1748\/#primaryimage\",\"url\":\"https:\/\/www.comunidadeativa.jor.br\/wp-content\/uploads\/2021\/02\/capa-15.jpg\",\"contentUrl\":\"https:\/\/www.comunidadeativa.jor.br\/wp-content\/uploads\/2021\/02\/capa-15.jpg\",\"width\":640,\"height\":352,\"caption\":\"A origem de uma dor de cabe\u00e7a pode estar na DTM (Foto: Freepik)\"},{\"@type\":\"BreadcrumbList\",\"@id\":\"https:\/\/www.comunidadeativa.jor.br\/index.php\/2021\/02\/23\/1748\/#breadcrumb\",\"itemListElement\":[{\"@type\":\"ListItem\",\"position\":1,\"name\":\"In\u00edcio\",\"item\":\"https:\/\/www.comunidadeativa.jor.br\/\"},{\"@type\":\"ListItem\",\"position\":2,\"name\":\"A origem das suas dores pode estar em uma DTM\"}]},{\"@type\":\"WebSite\",\"@id\":\"https:\/\/www.comunidadeativa.jor.br\/#website\",\"url\":\"https:\/\/www.comunidadeativa.jor.br\/\",\"name\":\"Comunidade Ativa\",\"description\":\"\",\"publisher\":{\"@id\":\"https:\/\/www.comunidadeativa.jor.br\/#organization\"},\"potentialAction\":[{\"@type\":\"SearchAction\",\"target\":{\"@type\":\"EntryPoint\",\"urlTemplate\":\"https:\/\/www.comunidadeativa.jor.br\/?s={search_term_string}\"},\"query-input\":{\"@type\":\"PropertyValueSpecification\",\"valueRequired\":true,\"valueName\":\"search_term_string\"}}],\"inLanguage\":\"pt-BR\"},{\"@type\":\"Organization\",\"@id\":\"https:\/\/www.comunidadeativa.jor.br\/#organization\",\"name\":\"Comunidade Ativa\",\"url\":\"https:\/\/www.comunidadeativa.jor.br\/\",\"logo\":{\"@type\":\"ImageObject\",\"inLanguage\":\"pt-BR\",\"@id\":\"https:\/\/www.comunidadeativa.jor.br\/#\/schema\/logo\/image\/\",\"url\":\"https:\/\/www.comunidadeativa.jor.br\/wp-content\/uploads\/2018\/03\/cropped-LOGOPNG-1.png\",\"contentUrl\":\"https:\/\/www.comunidadeativa.jor.br\/wp-content\/uploads\/2018\/03\/cropped-LOGOPNG-1.png\",\"width\":318,\"height\":90,\"caption\":\"Comunidade Ativa\"},\"image\":{\"@id\":\"https:\/\/www.comunidadeativa.jor.br\/#\/schema\/logo\/image\/\"},\"sameAs\":[\"https:\/\/www.facebook.com\/comunidadeativa\"]},{\"@type\":\"Person\",\"@id\":\"https:\/\/www.comunidadeativa.jor.br\/#\/schema\/person\/dcaa1f1c51c1f0c47a33b2b734cad6e1\",\"name\":\"Comunidade Ativa\",\"image\":{\"@type\":\"ImageObject\",\"inLanguage\":\"pt-BR\",\"@id\":\"https:\/\/www.comunidadeativa.jor.br\/#\/schema\/person\/image\/\",\"url\":\"https:\/\/secure.gravatar.com\/avatar\/09a9a1f85fedf41e81b47f7c1d40084f?s=96&d=mm&r=g\",\"contentUrl\":\"https:\/\/secure.gravatar.com\/avatar\/09a9a1f85fedf41e81b47f7c1d40084f?s=96&d=mm&r=g\",\"caption\":\"Comunidade Ativa\"},\"url\":\"https:\/\/www.comunidadeativa.jor.br\/index.php\/author\/casalberto\/\"}]}<\/script>\n<!-- \/ Yoast SEO plugin. -->","yoast_head_json":{"title":"A origem das suas dores pode estar em uma DTM - Comunidade Ativa","robots":{"index":"index","follow":"follow","max-snippet":"max-snippet:-1","max-image-preview":"max-image-preview:large","max-video-preview":"max-video-preview:-1"},"canonical":"https:\/\/www.comunidadeativa.jor.br\/index.php\/2021\/02\/23\/1748\/","og_locale":"pt_BR","og_type":"article","og_title":"A origem das suas dores pode estar em uma DTM - Comunidade Ativa","og_description":"A situa\u00e7\u00e3o n\u00e3o \u00e9 rara. A pessoa tem dores de cabe\u00e7a insistentes, acorda com dores nos dentes, no pesco\u00e7o, na","og_url":"https:\/\/www.comunidadeativa.jor.br\/index.php\/2021\/02\/23\/1748\/","og_site_name":"Comunidade Ativa","article_publisher":"https:\/\/www.facebook.com\/comunidadeativa","article_published_time":"2021-02-23T14:00:48+00:00","article_modified_time":"2023-08-11T20:00:57+00:00","og_image":[{"width":640,"height":352,"url":"https:\/\/www.comunidadeativa.jor.br\/wp-content\/uploads\/2021\/02\/capa-15.jpg","type":"image\/jpeg"}],"author":"Comunidade Ativa","twitter_card":"summary_large_image","twitter_misc":{"Escrito por":"Comunidade Ativa","Est. tempo de leitura":"3 minutos"},"schema":{"@context":"https:\/\/schema.org","@graph":[{"@type":"Article","@id":"https:\/\/www.comunidadeativa.jor.br\/index.php\/2021\/02\/23\/1748\/#article","isPartOf":{"@id":"https:\/\/www.comunidadeativa.jor.br\/index.php\/2021\/02\/23\/1748\/"},"author":{"name":"Comunidade Ativa","@id":"https:\/\/www.comunidadeativa.jor.br\/#\/schema\/person\/dcaa1f1c51c1f0c47a33b2b734cad6e1"},"headline":"A origem das suas dores pode estar em uma DTM","datePublished":"2021-02-23T14:00:48+00:00","dateModified":"2023-08-11T20:00:57+00:00","mainEntityOfPage":{"@id":"https:\/\/www.comunidadeativa.jor.br\/index.php\/2021\/02\/23\/1748\/"},"wordCount":555,"publisher":{"@id":"https:\/\/www.comunidadeativa.jor.br\/#organization"},"image":{"@id":"https:\/\/www.comunidadeativa.jor.br\/index.php\/2021\/02\/23\/1748\/#primaryimage"},"thumbnailUrl":"https:\/\/www.comunidadeativa.jor.br\/wp-content\/uploads\/2021\/02\/capa-15.jpg","articleSection":["Sa\u00fade &amp; Qualidade de Vida"],"inLanguage":"pt-BR"},{"@type":"WebPage","@id":"https:\/\/www.comunidadeativa.jor.br\/index.php\/2021\/02\/23\/1748\/","url":"https:\/\/www.comunidadeativa.jor.br\/index.php\/2021\/02\/23\/1748\/","name":"A origem das suas dores pode estar em uma DTM - Comunidade Ativa","isPartOf":{"@id":"https:\/\/www.comunidadeativa.jor.br\/#website"},"primaryImageOfPage":{"@id":"https:\/\/www.comunidadeativa.jor.br\/index.php\/2021\/02\/23\/1748\/#primaryimage"},"image":{"@id":"https:\/\/www.comunidadeativa.jor.br\/index.php\/2021\/02\/23\/1748\/#primaryimage"},"thumbnailUrl":"https:\/\/www.comunidadeativa.jor.br\/wp-content\/uploads\/2021\/02\/capa-15.jpg","datePublished":"2021-02-23T14:00:48+00:00","dateModified":"2023-08-11T20:00:57+00:00","breadcrumb":{"@id":"https:\/\/www.comunidadeativa.jor.br\/index.php\/2021\/02\/23\/1748\/#breadcrumb"},"inLanguage":"pt-BR","potentialAction":[{"@type":"ReadAction","target":["https:\/\/www.comunidadeativa.jor.br\/index.php\/2021\/02\/23\/1748\/"]}]},{"@type":"ImageObject","inLanguage":"pt-BR","@id":"https:\/\/www.comunidadeativa.jor.br\/index.php\/2021\/02\/23\/1748\/#primaryimage","url":"https:\/\/www.comunidadeativa.jor.br\/wp-content\/uploads\/2021\/02\/capa-15.jpg","contentUrl":"https:\/\/www.comunidadeativa.jor.br\/wp-content\/uploads\/2021\/02\/capa-15.jpg","width":640,"height":352,"caption":"A origem de uma dor de cabe\u00e7a pode estar na DTM (Foto: Freepik)"},{"@type":"BreadcrumbList","@id":"https:\/\/www.comunidadeativa.jor.br\/index.php\/2021\/02\/23\/1748\/#breadcrumb","itemListElement":[{"@type":"ListItem","position":1,"name":"In\u00edcio","item":"https:\/\/www.comunidadeativa.jor.br\/"},{"@type":"ListItem","position":2,"name":"A origem das suas dores pode estar em uma DTM"}]},{"@type":"WebSite","@id":"https:\/\/www.comunidadeativa.jor.br\/#website","url":"https:\/\/www.comunidadeativa.jor.br\/","name":"Comunidade Ativa","description":"","publisher":{"@id":"https:\/\/www.comunidadeativa.jor.br\/#organization"},"potentialAction":[{"@type":"SearchAction","target":{"@type":"EntryPoint","urlTemplate":"https:\/\/www.comunidadeativa.jor.br\/?s={search_term_string}"},"query-input":{"@type":"PropertyValueSpecification","valueRequired":true,"valueName":"search_term_string"}}],"inLanguage":"pt-BR"},{"@type":"Organization","@id":"https:\/\/www.comunidadeativa.jor.br\/#organization","name":"Comunidade Ativa","url":"https:\/\/www.comunidadeativa.jor.br\/","logo":{"@type":"ImageObject","inLanguage":"pt-BR","@id":"https:\/\/www.comunidadeativa.jor.br\/#\/schema\/logo\/image\/","url":"https:\/\/www.comunidadeativa.jor.br\/wp-content\/uploads\/2018\/03\/cropped-LOGOPNG-1.png","contentUrl":"https:\/\/www.comunidadeativa.jor.br\/wp-content\/uploads\/2018\/03\/cropped-LOGOPNG-1.png","width":318,"height":90,"caption":"Comunidade Ativa"},"image":{"@id":"https:\/\/www.comunidadeativa.jor.br\/#\/schema\/logo\/image\/"},"sameAs":["https:\/\/www.facebook.com\/comunidadeativa"]},{"@type":"Person","@id":"https:\/\/www.comunidadeativa.jor.br\/#\/schema\/person\/dcaa1f1c51c1f0c47a33b2b734cad6e1","name":"Comunidade Ativa","image":{"@type":"ImageObject","inLanguage":"pt-BR","@id":"https:\/\/www.comunidadeativa.jor.br\/#\/schema\/person\/image\/","url":"https:\/\/secure.gravatar.com\/avatar\/09a9a1f85fedf41e81b47f7c1d40084f?s=96&d=mm&r=g","contentUrl":"https:\/\/secure.gravatar.com\/avatar\/09a9a1f85fedf41e81b47f7c1d40084f?s=96&d=mm&r=g","caption":"Comunidade Ativa"},"url":"https:\/\/www.comunidadeativa.jor.br\/index.php\/author\/casalberto\/"}]}},"_links":{"self":[{"href":"https:\/\/www.comunidadeativa.jor.br\/index.php\/wp-json\/wp\/v2\/posts\/1748","targetHints":{"allow":["GET"]}}],"collection":[{"href":"https:\/\/www.comunidadeativa.jor.br\/index.php\/wp-json\/wp\/v2\/posts"}],"about":[{"href":"https:\/\/www.comunidadeativa.jor.br\/index.php\/wp-json\/wp\/v2\/types\/post"}],"author":[{"embeddable":true,"href":"https:\/\/www.comunidadeativa.jor.br\/index.php\/wp-json\/wp\/v2\/users\/1"}],"replies":[{"embeddable":true,"href":"https:\/\/www.comunidadeativa.jor.br\/index.php\/wp-json\/wp\/v2\/comments?post=1748"}],"version-history":[{"count":3,"href":"https:\/\/www.comunidadeativa.jor.br\/index.php\/wp-json\/wp\/v2\/posts\/1748\/revisions"}],"predecessor-version":[{"id":3801,"href":"https:\/\/www.comunidadeativa.jor.br\/index.php\/wp-json\/wp\/v2\/posts\/1748\/revisions\/3801"}],"wp:featuredmedia":[{"embeddable":true,"href":"https:\/\/www.comunidadeativa.jor.br\/index.php\/wp-json\/wp\/v2\/media\/1749"}],"wp:attachment":[{"href":"https:\/\/www.comunidadeativa.jor.br\/index.php\/wp-json\/wp\/v2\/media?parent=1748"}],"wp:term":[{"taxonomy":"category","embeddable":true,"href":"https:\/\/www.comunidadeativa.jor.br\/index.php\/wp-json\/wp\/v2\/categories?post=1748"},{"taxonomy":"post_tag","embeddable":true,"href":"https:\/\/www.comunidadeativa.jor.br\/index.php\/wp-json\/wp\/v2\/tags?post=1748"}],"curies":[{"name":"wp","href":"https:\/\/api.w.org\/{rel}","templated":true}]}}