{"id":1814,"date":"2023-12-02T10:00:42","date_gmt":"2023-12-02T13:00:42","guid":{"rendered":"https:\/\/www.comunidadeativa.jor.br\/?p=1814"},"modified":"2024-02-02T17:10:48","modified_gmt":"2024-02-02T20:10:48","slug":"os-beneficios-e-os-compromissos-que-acompanham-a-adocao-de-um-pet","status":"publish","type":"post","link":"https:\/\/www.comunidadeativa.jor.br\/index.php\/2023\/12\/02\/os-beneficios-e-os-compromissos-que-acompanham-a-adocao-de-um-pet\/","title":{"rendered":"Benef\u00edcios e compromissos que acompanham a ado\u00e7\u00e3o de um pet"},"content":{"rendered":"<p>Ter ou n\u00e3o ter um animal de estima\u00e7\u00e3o? Esta \u00e9 uma pergunta muito frequente entre as pessoas que pensam em adotar um pet, mas quem nunca tiveram experi\u00eancia anterior com cria\u00e7\u00f5es, e ela faz muito sentido.<\/p>\n<p>Afinal, ter um cachorro, um gato ou outro bicho qualquer em casa d\u00e1 trabalho, significa uma despesa consider\u00e1vel e exige responsabilidade. Al\u00e9m disso, tamb\u00e9m \u00e9 preciso entender que os pets n\u00e3o s\u00e3o brinquedos ou objetos que possam ser tratados \u00e0 revelia do que sentem ou do que desejam ou que simplesmente possam ser descartados, seja l\u00e1 por qual motivo for.<\/p>\n<p>Ao contr\u00e1rio, como seres sencientes que s\u00e3o \u2014 ou seja, seres que s\u00e3o sens\u00edveis ao ambiente e \u00e0s pessoas que os cercam, sobre os quais colecionam impress\u00f5es e \u00e0s quais reagem na medida do que lhes \u00e9 ofertado \u2014, eles t\u00eam necessidades e vontades pr\u00f3prias que, em grande medida, precisam ser respeitadas e atendidas. Portanto, al\u00e9m dos benef\u00edcios que um animal de estima\u00e7\u00e3o pode proporcionar, tamb\u00e9m \u00e9 preciso avaliar os compromissos que a ado\u00e7\u00e3o representa.<\/p>\n<h5>Benef\u00edcios<\/h5>\n<p>De acordo com a psic\u00f3loga Thaiana Brotto, que \u00e9 especializada em Terapia Comportamental, adotar um pet oferece benef\u00edcios concretos. \u201cExistem in\u00fameras pesquisas e v\u00eddeos, que podemos acessar pela internet, em que \u00e9 comprovado que a conviv\u00eancia entre animais e seres humanos traz alegria, qualidade de vida e bem-estar ao conv\u00edvio, tanto familiar quanto para aqueles que moram sozinhos\u201d, ela explica.<\/p>\n<p>Thaiana destaca aspectos a seguir, que refor\u00e7am essa ideia.<\/p>\n<ul>\n<li><strong>Os pets podem curar a solid\u00e3o e ajudam a diminuir o estresse e at\u00e9 a depress\u00e3o.<\/strong> \u201cO pr\u00f3prio nome diz: animal de estima\u00e7\u00e3o. Ou seja, \u00e9 estar numa rela\u00e7\u00e3o de carinho e afeto, ser estimado por algu\u00e9m. Isso, por si s\u00f3, j\u00e1, automaticamente, estabelece uma correla\u00e7\u00e3o direta com o nosso estado depressivo ou de\u00a0<a href=\"https:\/\/www.psicologoeterapia.com.br\/ansiedade\/\">ansiedade<\/a>\u00a0e\u00a0<a href=\"https:\/\/www.psicologoeterapia.com.br\/ansiedade\/estresse\/\">estresse<\/a>\u201d, considera a psic\u00f3loga.<\/li>\n<li><strong>Eles restauram o amor pr\u00f3prio<\/strong>. \u201cTer um animal de estima\u00e7\u00e3o tamb\u00e9m estimula o sistema l\u00edmbico do c\u00e9rebro, ligado \u00e0s emo\u00e7\u00f5es. Da mesma forma que os animais estreitam la\u00e7os de carinho incondicional, essa rela\u00e7\u00e3o gera mais\u00a0<a href=\"https:\/\/www.psicologoeterapia.com.br\/blog\/o-que-e-autoestima-baixa-e-alta-e-qual-significado\/\">autoestima<\/a>, fazendo a pessoa ter outra forma de lidar consigo e de come\u00e7ar a se gostar\u201d, diz Thaiana.<\/li>\n<li><strong>O animal de estima\u00e7\u00e3o proporciona enriquecimento social.<\/strong> \u201cA estimula\u00e7\u00e3o criada pela rotina de levar para passear ou propiciar jogos recreativos faz com que a vida social seja mais prazerosa do que a reclus\u00e3o.<\/li>\n<li><strong>O pet cria responsabilidade.<\/strong> \u201cManter um animal de estima\u00e7\u00e3o criar\u00e1 senso de responsabilidade para com ele, j\u00e1 que ser\u00e1 necess\u00e1rio ter uma rotina di\u00e1ria de alimenta\u00e7\u00e3o, cuidados, higiene, levar para fazer seus exerc\u00edcios etc. E isso para pessoas que possuem depress\u00e3o \u00e9 excelente e saud\u00e1vel\u201d, avalia a psic\u00f3loga.<\/li>\n<\/ul>\n<p>Por fim, Thaiana aponta observa\u00e7\u00f5es cient\u00edficas que conectam o sentimento de felicidade com os demais benef\u00edcios associados \u00e0 ado\u00e7\u00e3o de um pet. \u201cCientificamente, a rela\u00e7\u00e3o de afeto, cuidado e sensibilidade aumenta os n\u00edveis de oxitocina, que estimulam, por sua vez, a produ\u00e7\u00e3o de serotonina e dopamina\u201d, ela explica.<\/p>\n<p>Vale observar que a serotonina e a dopamina s\u00e3o neurotransmissores que atuam no c\u00e9rebro regulando o humor, sono, apetite, ritmo card\u00edaco, temperatura corporal, sensibilidade, fun\u00e7\u00f5es cognitivas e emo\u00e7\u00f5es. Portanto, o est\u00edmulo \u00e0 produ\u00e7\u00e3o do horm\u00f4nio oxitocina cria condi\u00e7\u00f5es para que todas essas \u00e1reas tamb\u00e9m melhorem, contribuindo para que a pessoa se torne mais feliz.<\/p>\n<h5>Compromisso<\/h5>\n<p>Entretanto, antes de buscar os benef\u00edcios da ado\u00e7\u00e3o, \u00e9 preciso considerar que todos eles exigem contrapartidas que n\u00e3o podem ser negadas. Pra isso, \u00e9 necess\u00e1rio haver tempo e disponibilidade financeira para atender \u00e0s necessidades b\u00e1sicas do animal de alimenta\u00e7\u00e3o, higiene e sa\u00fade. Ao mesmo tempo, \u00e9 preciso haver disposi\u00e7\u00e3o para dedicar a ele respeito, aten\u00e7\u00e3o e muito carinho.<\/p>\n<p>Para o m\u00e9dico veterin\u00e1rio Eder Fran\u00e7a da Costa, conversar com um veterin\u00e1rio antes da ado\u00e7\u00e3o pode ajudar bastante na tomada de uma decis\u00e3o acertada. \u201cNessa conversa, o profissional poder\u00e1 fazer uma avalia\u00e7\u00e3o das condi\u00e7\u00f5es do futuro tutor e indicar qual esp\u00e9cie ou ra\u00e7a que mais se encaixa ao perfil da fam\u00edlia\u201d, diz.<\/p>\n<p>Respeitadas essas premissas, na grande maioria das vezes, o resultado da ado\u00e7\u00e3o costuma ser o melhor poss\u00edvel, tanto para o tutor quanto para o animal.<\/p>\n<p>Por fim, vale uma dica adicional: se de fato voc\u00ea deseja estabelecer uma conviv\u00eancia de profundo afeto com um bicho, em vez de comprar, prefira adotar os que est\u00e3o precisando de um lar.<\/p>\n<p>&nbsp;<\/p>\n<p>&nbsp;<\/p>\n","protected":false},"excerpt":{"rendered":"<p>Ter ou n\u00e3o ter um animal de estima\u00e7\u00e3o? Esta \u00e9 uma pergunta muito frequente entre as pessoas que pensam em<\/p>\n","protected":false},"author":1,"featured_media":1815,"comment_status":"closed","ping_status":"open","sticky":false,"template":"","format":"standard","meta":{"footnotes":""},"categories":[14],"tags":[],"class_list":["post-1814","post","type-post","status-publish","format-standard","has-post-thumbnail","hentry","category-pets"],"yoast_head":"<!-- This site is optimized with the Yoast SEO plugin v26.0 - https:\/\/yoast.com\/wordpress\/plugins\/seo\/ -->\n<title>Benef\u00edcios e compromissos que acompanham a ado\u00e7\u00e3o de um pet - Comunidade Ativa<\/title>\n<meta name=\"robots\" content=\"index, follow, max-snippet:-1, max-image-preview:large, max-video-preview:-1\" \/>\n<link rel=\"canonical\" href=\"https:\/\/www.comunidadeativa.jor.br\/index.php\/2023\/12\/02\/os-beneficios-e-os-compromissos-que-acompanham-a-adocao-de-um-pet\/\" \/>\n<meta property=\"og:locale\" content=\"pt_BR\" \/>\n<meta property=\"og:type\" content=\"article\" \/>\n<meta property=\"og:title\" content=\"Benef\u00edcios e compromissos que acompanham a ado\u00e7\u00e3o de um pet - Comunidade Ativa\" \/>\n<meta property=\"og:description\" content=\"Ter ou n\u00e3o ter um animal de estima\u00e7\u00e3o? Esta \u00e9 uma pergunta muito frequente entre as pessoas que pensam em\" \/>\n<meta property=\"og:url\" content=\"https:\/\/www.comunidadeativa.jor.br\/index.php\/2023\/12\/02\/os-beneficios-e-os-compromissos-que-acompanham-a-adocao-de-um-pet\/\" \/>\n<meta property=\"og:site_name\" content=\"Comunidade Ativa\" \/>\n<meta property=\"article:publisher\" content=\"https:\/\/www.facebook.com\/comunidadeativa\" \/>\n<meta property=\"article:published_time\" content=\"2023-12-02T13:00:42+00:00\" \/>\n<meta property=\"article:modified_time\" content=\"2024-02-02T20:10:48+00:00\" \/>\n<meta property=\"og:image\" content=\"https:\/\/www.comunidadeativa.jor.br\/wp-content\/uploads\/2021\/03\/capa-7.jpg\" \/>\n\t<meta property=\"og:image:width\" content=\"640\" \/>\n\t<meta property=\"og:image:height\" content=\"352\" \/>\n\t<meta property=\"og:image:type\" content=\"image\/jpeg\" \/>\n<meta name=\"author\" content=\"Comunidade Ativa\" \/>\n<meta name=\"twitter:card\" content=\"summary_large_image\" \/>\n<meta name=\"twitter:label1\" content=\"Escrito por\" \/>\n\t<meta name=\"twitter:data1\" content=\"Comunidade Ativa\" \/>\n\t<meta name=\"twitter:label2\" content=\"Est. tempo de leitura\" \/>\n\t<meta name=\"twitter:data2\" content=\"4 minutos\" \/>\n<script type=\"application\/ld+json\" class=\"yoast-schema-graph\">{\"@context\":\"https:\/\/schema.org\",\"@graph\":[{\"@type\":\"Article\",\"@id\":\"https:\/\/www.comunidadeativa.jor.br\/index.php\/2023\/12\/02\/os-beneficios-e-os-compromissos-que-acompanham-a-adocao-de-um-pet\/#article\",\"isPartOf\":{\"@id\":\"https:\/\/www.comunidadeativa.jor.br\/index.php\/2023\/12\/02\/os-beneficios-e-os-compromissos-que-acompanham-a-adocao-de-um-pet\/\"},\"author\":{\"name\":\"Comunidade Ativa\",\"@id\":\"https:\/\/www.comunidadeativa.jor.br\/#\/schema\/person\/dcaa1f1c51c1f0c47a33b2b734cad6e1\"},\"headline\":\"Benef\u00edcios e compromissos que acompanham a ado\u00e7\u00e3o de um pet\",\"datePublished\":\"2023-12-02T13:00:42+00:00\",\"dateModified\":\"2024-02-02T20:10:48+00:00\",\"mainEntityOfPage\":{\"@id\":\"https:\/\/www.comunidadeativa.jor.br\/index.php\/2023\/12\/02\/os-beneficios-e-os-compromissos-que-acompanham-a-adocao-de-um-pet\/\"},\"wordCount\":802,\"publisher\":{\"@id\":\"https:\/\/www.comunidadeativa.jor.br\/#organization\"},\"image\":{\"@id\":\"https:\/\/www.comunidadeativa.jor.br\/index.php\/2023\/12\/02\/os-beneficios-e-os-compromissos-que-acompanham-a-adocao-de-um-pet\/#primaryimage\"},\"thumbnailUrl\":\"https:\/\/www.comunidadeativa.jor.br\/wp-content\/uploads\/2021\/03\/capa-7.jpg\",\"articleSection\":[\"Pets\"],\"inLanguage\":\"pt-BR\"},{\"@type\":\"WebPage\",\"@id\":\"https:\/\/www.comunidadeativa.jor.br\/index.php\/2023\/12\/02\/os-beneficios-e-os-compromissos-que-acompanham-a-adocao-de-um-pet\/\",\"url\":\"https:\/\/www.comunidadeativa.jor.br\/index.php\/2023\/12\/02\/os-beneficios-e-os-compromissos-que-acompanham-a-adocao-de-um-pet\/\",\"name\":\"Benef\u00edcios e compromissos que acompanham a ado\u00e7\u00e3o de um pet - Comunidade Ativa\",\"isPartOf\":{\"@id\":\"https:\/\/www.comunidadeativa.jor.br\/#website\"},\"primaryImageOfPage\":{\"@id\":\"https:\/\/www.comunidadeativa.jor.br\/index.php\/2023\/12\/02\/os-beneficios-e-os-compromissos-que-acompanham-a-adocao-de-um-pet\/#primaryimage\"},\"image\":{\"@id\":\"https:\/\/www.comunidadeativa.jor.br\/index.php\/2023\/12\/02\/os-beneficios-e-os-compromissos-que-acompanham-a-adocao-de-um-pet\/#primaryimage\"},\"thumbnailUrl\":\"https:\/\/www.comunidadeativa.jor.br\/wp-content\/uploads\/2021\/03\/capa-7.jpg\",\"datePublished\":\"2023-12-02T13:00:42+00:00\",\"dateModified\":\"2024-02-02T20:10:48+00:00\",\"breadcrumb\":{\"@id\":\"https:\/\/www.comunidadeativa.jor.br\/index.php\/2023\/12\/02\/os-beneficios-e-os-compromissos-que-acompanham-a-adocao-de-um-pet\/#breadcrumb\"},\"inLanguage\":\"pt-BR\",\"potentialAction\":[{\"@type\":\"ReadAction\",\"target\":[\"https:\/\/www.comunidadeativa.jor.br\/index.php\/2023\/12\/02\/os-beneficios-e-os-compromissos-que-acompanham-a-adocao-de-um-pet\/\"]}]},{\"@type\":\"ImageObject\",\"inLanguage\":\"pt-BR\",\"@id\":\"https:\/\/www.comunidadeativa.jor.br\/index.php\/2023\/12\/02\/os-beneficios-e-os-compromissos-que-acompanham-a-adocao-de-um-pet\/#primaryimage\",\"url\":\"https:\/\/www.comunidadeativa.jor.br\/wp-content\/uploads\/2021\/03\/capa-7.jpg\",\"contentUrl\":\"https:\/\/www.comunidadeativa.jor.br\/wp-content\/uploads\/2021\/03\/capa-7.jpg\",\"width\":640,\"height\":352},{\"@type\":\"BreadcrumbList\",\"@id\":\"https:\/\/www.comunidadeativa.jor.br\/index.php\/2023\/12\/02\/os-beneficios-e-os-compromissos-que-acompanham-a-adocao-de-um-pet\/#breadcrumb\",\"itemListElement\":[{\"@type\":\"ListItem\",\"position\":1,\"name\":\"In\u00edcio\",\"item\":\"https:\/\/www.comunidadeativa.jor.br\/\"},{\"@type\":\"ListItem\",\"position\":2,\"name\":\"Benef\u00edcios e compromissos que acompanham a ado\u00e7\u00e3o de um pet\"}]},{\"@type\":\"WebSite\",\"@id\":\"https:\/\/www.comunidadeativa.jor.br\/#website\",\"url\":\"https:\/\/www.comunidadeativa.jor.br\/\",\"name\":\"Comunidade Ativa\",\"description\":\"\",\"publisher\":{\"@id\":\"https:\/\/www.comunidadeativa.jor.br\/#organization\"},\"potentialAction\":[{\"@type\":\"SearchAction\",\"target\":{\"@type\":\"EntryPoint\",\"urlTemplate\":\"https:\/\/www.comunidadeativa.jor.br\/?s={search_term_string}\"},\"query-input\":{\"@type\":\"PropertyValueSpecification\",\"valueRequired\":true,\"valueName\":\"search_term_string\"}}],\"inLanguage\":\"pt-BR\"},{\"@type\":\"Organization\",\"@id\":\"https:\/\/www.comunidadeativa.jor.br\/#organization\",\"name\":\"Comunidade Ativa\",\"url\":\"https:\/\/www.comunidadeativa.jor.br\/\",\"logo\":{\"@type\":\"ImageObject\",\"inLanguage\":\"pt-BR\",\"@id\":\"https:\/\/www.comunidadeativa.jor.br\/#\/schema\/logo\/image\/\",\"url\":\"https:\/\/www.comunidadeativa.jor.br\/wp-content\/uploads\/2018\/03\/cropped-LOGOPNG-1.png\",\"contentUrl\":\"https:\/\/www.comunidadeativa.jor.br\/wp-content\/uploads\/2018\/03\/cropped-LOGOPNG-1.png\",\"width\":318,\"height\":90,\"caption\":\"Comunidade Ativa\"},\"image\":{\"@id\":\"https:\/\/www.comunidadeativa.jor.br\/#\/schema\/logo\/image\/\"},\"sameAs\":[\"https:\/\/www.facebook.com\/comunidadeativa\"]},{\"@type\":\"Person\",\"@id\":\"https:\/\/www.comunidadeativa.jor.br\/#\/schema\/person\/dcaa1f1c51c1f0c47a33b2b734cad6e1\",\"name\":\"Comunidade Ativa\",\"image\":{\"@type\":\"ImageObject\",\"inLanguage\":\"pt-BR\",\"@id\":\"https:\/\/www.comunidadeativa.jor.br\/#\/schema\/person\/image\/\",\"url\":\"https:\/\/secure.gravatar.com\/avatar\/09a9a1f85fedf41e81b47f7c1d40084f?s=96&d=mm&r=g\",\"contentUrl\":\"https:\/\/secure.gravatar.com\/avatar\/09a9a1f85fedf41e81b47f7c1d40084f?s=96&d=mm&r=g\",\"caption\":\"Comunidade Ativa\"},\"url\":\"https:\/\/www.comunidadeativa.jor.br\/index.php\/author\/casalberto\/\"}]}<\/script>\n<!-- \/ Yoast SEO plugin. -->","yoast_head_json":{"title":"Benef\u00edcios e compromissos que acompanham a ado\u00e7\u00e3o de um pet - Comunidade Ativa","robots":{"index":"index","follow":"follow","max-snippet":"max-snippet:-1","max-image-preview":"max-image-preview:large","max-video-preview":"max-video-preview:-1"},"canonical":"https:\/\/www.comunidadeativa.jor.br\/index.php\/2023\/12\/02\/os-beneficios-e-os-compromissos-que-acompanham-a-adocao-de-um-pet\/","og_locale":"pt_BR","og_type":"article","og_title":"Benef\u00edcios e compromissos que acompanham a ado\u00e7\u00e3o de um pet - Comunidade Ativa","og_description":"Ter ou n\u00e3o ter um animal de estima\u00e7\u00e3o? Esta \u00e9 uma pergunta muito frequente entre as pessoas que pensam em","og_url":"https:\/\/www.comunidadeativa.jor.br\/index.php\/2023\/12\/02\/os-beneficios-e-os-compromissos-que-acompanham-a-adocao-de-um-pet\/","og_site_name":"Comunidade Ativa","article_publisher":"https:\/\/www.facebook.com\/comunidadeativa","article_published_time":"2023-12-02T13:00:42+00:00","article_modified_time":"2024-02-02T20:10:48+00:00","og_image":[{"width":640,"height":352,"url":"https:\/\/www.comunidadeativa.jor.br\/wp-content\/uploads\/2021\/03\/capa-7.jpg","type":"image\/jpeg"}],"author":"Comunidade Ativa","twitter_card":"summary_large_image","twitter_misc":{"Escrito por":"Comunidade Ativa","Est. tempo de leitura":"4 minutos"},"schema":{"@context":"https:\/\/schema.org","@graph":[{"@type":"Article","@id":"https:\/\/www.comunidadeativa.jor.br\/index.php\/2023\/12\/02\/os-beneficios-e-os-compromissos-que-acompanham-a-adocao-de-um-pet\/#article","isPartOf":{"@id":"https:\/\/www.comunidadeativa.jor.br\/index.php\/2023\/12\/02\/os-beneficios-e-os-compromissos-que-acompanham-a-adocao-de-um-pet\/"},"author":{"name":"Comunidade Ativa","@id":"https:\/\/www.comunidadeativa.jor.br\/#\/schema\/person\/dcaa1f1c51c1f0c47a33b2b734cad6e1"},"headline":"Benef\u00edcios e compromissos que acompanham a ado\u00e7\u00e3o de um pet","datePublished":"2023-12-02T13:00:42+00:00","dateModified":"2024-02-02T20:10:48+00:00","mainEntityOfPage":{"@id":"https:\/\/www.comunidadeativa.jor.br\/index.php\/2023\/12\/02\/os-beneficios-e-os-compromissos-que-acompanham-a-adocao-de-um-pet\/"},"wordCount":802,"publisher":{"@id":"https:\/\/www.comunidadeativa.jor.br\/#organization"},"image":{"@id":"https:\/\/www.comunidadeativa.jor.br\/index.php\/2023\/12\/02\/os-beneficios-e-os-compromissos-que-acompanham-a-adocao-de-um-pet\/#primaryimage"},"thumbnailUrl":"https:\/\/www.comunidadeativa.jor.br\/wp-content\/uploads\/2021\/03\/capa-7.jpg","articleSection":["Pets"],"inLanguage":"pt-BR"},{"@type":"WebPage","@id":"https:\/\/www.comunidadeativa.jor.br\/index.php\/2023\/12\/02\/os-beneficios-e-os-compromissos-que-acompanham-a-adocao-de-um-pet\/","url":"https:\/\/www.comunidadeativa.jor.br\/index.php\/2023\/12\/02\/os-beneficios-e-os-compromissos-que-acompanham-a-adocao-de-um-pet\/","name":"Benef\u00edcios e compromissos que acompanham a ado\u00e7\u00e3o de um pet - Comunidade Ativa","isPartOf":{"@id":"https:\/\/www.comunidadeativa.jor.br\/#website"},"primaryImageOfPage":{"@id":"https:\/\/www.comunidadeativa.jor.br\/index.php\/2023\/12\/02\/os-beneficios-e-os-compromissos-que-acompanham-a-adocao-de-um-pet\/#primaryimage"},"image":{"@id":"https:\/\/www.comunidadeativa.jor.br\/index.php\/2023\/12\/02\/os-beneficios-e-os-compromissos-que-acompanham-a-adocao-de-um-pet\/#primaryimage"},"thumbnailUrl":"https:\/\/www.comunidadeativa.jor.br\/wp-content\/uploads\/2021\/03\/capa-7.jpg","datePublished":"2023-12-02T13:00:42+00:00","dateModified":"2024-02-02T20:10:48+00:00","breadcrumb":{"@id":"https:\/\/www.comunidadeativa.jor.br\/index.php\/2023\/12\/02\/os-beneficios-e-os-compromissos-que-acompanham-a-adocao-de-um-pet\/#breadcrumb"},"inLanguage":"pt-BR","potentialAction":[{"@type":"ReadAction","target":["https:\/\/www.comunidadeativa.jor.br\/index.php\/2023\/12\/02\/os-beneficios-e-os-compromissos-que-acompanham-a-adocao-de-um-pet\/"]}]},{"@type":"ImageObject","inLanguage":"pt-BR","@id":"https:\/\/www.comunidadeativa.jor.br\/index.php\/2023\/12\/02\/os-beneficios-e-os-compromissos-que-acompanham-a-adocao-de-um-pet\/#primaryimage","url":"https:\/\/www.comunidadeativa.jor.br\/wp-content\/uploads\/2021\/03\/capa-7.jpg","contentUrl":"https:\/\/www.comunidadeativa.jor.br\/wp-content\/uploads\/2021\/03\/capa-7.jpg","width":640,"height":352},{"@type":"BreadcrumbList","@id":"https:\/\/www.comunidadeativa.jor.br\/index.php\/2023\/12\/02\/os-beneficios-e-os-compromissos-que-acompanham-a-adocao-de-um-pet\/#breadcrumb","itemListElement":[{"@type":"ListItem","position":1,"name":"In\u00edcio","item":"https:\/\/www.comunidadeativa.jor.br\/"},{"@type":"ListItem","position":2,"name":"Benef\u00edcios e compromissos que acompanham a ado\u00e7\u00e3o de um pet"}]},{"@type":"WebSite","@id":"https:\/\/www.comunidadeativa.jor.br\/#website","url":"https:\/\/www.comunidadeativa.jor.br\/","name":"Comunidade Ativa","description":"","publisher":{"@id":"https:\/\/www.comunidadeativa.jor.br\/#organization"},"potentialAction":[{"@type":"SearchAction","target":{"@type":"EntryPoint","urlTemplate":"https:\/\/www.comunidadeativa.jor.br\/?s={search_term_string}"},"query-input":{"@type":"PropertyValueSpecification","valueRequired":true,"valueName":"search_term_string"}}],"inLanguage":"pt-BR"},{"@type":"Organization","@id":"https:\/\/www.comunidadeativa.jor.br\/#organization","name":"Comunidade Ativa","url":"https:\/\/www.comunidadeativa.jor.br\/","logo":{"@type":"ImageObject","inLanguage":"pt-BR","@id":"https:\/\/www.comunidadeativa.jor.br\/#\/schema\/logo\/image\/","url":"https:\/\/www.comunidadeativa.jor.br\/wp-content\/uploads\/2018\/03\/cropped-LOGOPNG-1.png","contentUrl":"https:\/\/www.comunidadeativa.jor.br\/wp-content\/uploads\/2018\/03\/cropped-LOGOPNG-1.png","width":318,"height":90,"caption":"Comunidade Ativa"},"image":{"@id":"https:\/\/www.comunidadeativa.jor.br\/#\/schema\/logo\/image\/"},"sameAs":["https:\/\/www.facebook.com\/comunidadeativa"]},{"@type":"Person","@id":"https:\/\/www.comunidadeativa.jor.br\/#\/schema\/person\/dcaa1f1c51c1f0c47a33b2b734cad6e1","name":"Comunidade Ativa","image":{"@type":"ImageObject","inLanguage":"pt-BR","@id":"https:\/\/www.comunidadeativa.jor.br\/#\/schema\/person\/image\/","url":"https:\/\/secure.gravatar.com\/avatar\/09a9a1f85fedf41e81b47f7c1d40084f?s=96&d=mm&r=g","contentUrl":"https:\/\/secure.gravatar.com\/avatar\/09a9a1f85fedf41e81b47f7c1d40084f?s=96&d=mm&r=g","caption":"Comunidade Ativa"},"url":"https:\/\/www.comunidadeativa.jor.br\/index.php\/author\/casalberto\/"}]}},"_links":{"self":[{"href":"https:\/\/www.comunidadeativa.jor.br\/index.php\/wp-json\/wp\/v2\/posts\/1814","targetHints":{"allow":["GET"]}}],"collection":[{"href":"https:\/\/www.comunidadeativa.jor.br\/index.php\/wp-json\/wp\/v2\/posts"}],"about":[{"href":"https:\/\/www.comunidadeativa.jor.br\/index.php\/wp-json\/wp\/v2\/types\/post"}],"author":[{"embeddable":true,"href":"https:\/\/www.comunidadeativa.jor.br\/index.php\/wp-json\/wp\/v2\/users\/1"}],"replies":[{"embeddable":true,"href":"https:\/\/www.comunidadeativa.jor.br\/index.php\/wp-json\/wp\/v2\/comments?post=1814"}],"version-history":[{"count":4,"href":"https:\/\/www.comunidadeativa.jor.br\/index.php\/wp-json\/wp\/v2\/posts\/1814\/revisions"}],"predecessor-version":[{"id":4003,"href":"https:\/\/www.comunidadeativa.jor.br\/index.php\/wp-json\/wp\/v2\/posts\/1814\/revisions\/4003"}],"wp:featuredmedia":[{"embeddable":true,"href":"https:\/\/www.comunidadeativa.jor.br\/index.php\/wp-json\/wp\/v2\/media\/1815"}],"wp:attachment":[{"href":"https:\/\/www.comunidadeativa.jor.br\/index.php\/wp-json\/wp\/v2\/media?parent=1814"}],"wp:term":[{"taxonomy":"category","embeddable":true,"href":"https:\/\/www.comunidadeativa.jor.br\/index.php\/wp-json\/wp\/v2\/categories?post=1814"},{"taxonomy":"post_tag","embeddable":true,"href":"https:\/\/www.comunidadeativa.jor.br\/index.php\/wp-json\/wp\/v2\/tags?post=1814"}],"curies":[{"name":"wp","href":"https:\/\/api.w.org\/{rel}","templated":true}]}}