{"id":1848,"date":"2022-09-09T13:00:44","date_gmt":"2022-09-09T16:00:44","guid":{"rendered":"https:\/\/www.comunidadeativa.jor.br\/?p=1848"},"modified":"2023-08-15T17:34:37","modified_gmt":"2023-08-15T20:34:37","slug":"em-tempo-de-home-office-saiba-o-que-voce-pode-de-adaptar-melhor-ao-trabalho-em-casa","status":"publish","type":"post","link":"https:\/\/www.comunidadeativa.jor.br\/index.php\/2022\/09\/09\/em-tempo-de-home-office-saiba-o-que-voce-pode-de-adaptar-melhor-ao-trabalho-em-casa\/","title":{"rendered":"Para garantir produtividade, conforto e seguran\u00e7a, trabalho em home office exige organiza\u00e7\u00e3o"},"content":{"rendered":"<p>A ideia de ter um escrit\u00f3rio em casa n\u00e3o \u00e9 de fato uma novidade. H\u00e1 bastante tempo, o espa\u00e7o dom\u00e9stico j\u00e1 era adotado para realizar tarefas de trabalho, principalmente por quem tem a autonomia de escolher o local onde deseja trabalhar. Contudo, a partir da pandemia, essa ideia foi incorporada \u00e0 rotina de um n\u00famero imenso de profissionais e passou a ser adotada de maneira sistem\u00e1tica inclusive por empresas dos mais variados segmentos.<\/p>\n<p>Por\u00e9m, enquanto os expedientes e os espa\u00e7os de trabalho convencionais, via de regra, s\u00e3o pensados de maneira apropriada, conforme as caracter\u00edsticas das atividades que os trabalhadores desempenham, quem trabalha a partir de um home office nem sempre segue diretrizes que visem a seguran\u00e7a no trabalho e a produtividade. Portanto, estas s\u00e3o quest\u00f5es que devem ser observadas diretamente pelo trabalhador.<\/p>\n<h6>Os pr\u00f3s e os contras do home office<\/h6>\n<p>Por um lado, h\u00e1 quem logo perceba os benef\u00edcios pessoais desse modelo de trabalho, que n\u00e3o s\u00e3o poucos. Afinal, em v\u00e1rias circunst\u00e2ncias, ele permite conciliar a vida dom\u00e9stica com a atividade profissional, evita os deslocamentos, que consomem tempo, dinheiro e energia, e, entre outras possibilidades, cria a oportunidade para que a pessoa imprima um ritmo pr\u00f3prio no desenvolvimento das fun\u00e7\u00f5es.<\/p>\n<p>Entretanto, mesmo para quem se sente confort\u00e1vel com o home office, existem armadilhas que precisam ser desarmadas ao longo do dia. Enquanto as rela\u00e7\u00f5es familiares e os afazeres dom\u00e9sticos podem interferir no desempenho das tarefas, \u00e9 comum a perman\u00eancia em casa estimular o comodismo e a desorganiza\u00e7\u00e3o. Al\u00e9m disso, trabalhar de acordo com as pr\u00f3prias regras e hor\u00e1rios abre brechas para a procrastina\u00e7\u00e3o ou para o trabalho em excesso, o que \u00e9 negativo nos dois casos.<\/p>\n<p>Para as pessoas que se sentem bem com uma rotina mais acelerada, por sua vez, h\u00e1 ainda a perda do contato com o mundo exterior e com todas as din\u00e2micas que este oferece. Assim, at\u00e9 os detalhes mais simples do dia a dia \u2014 como a pausa para o cafezinho, que gera o bate papo com os colegas de trabalho \u2014 come\u00e7am a fazer falta.<\/p>\n<p>O lado bom da hist\u00f3ria \u00e9 que \u00e9 poss\u00edvel agir para que o trabalho em casa se mantenha produtivo, confort\u00e1vel e seguro.<\/p>\n<p>A Rock Content \u00e9 uma empresa especializada em marketing de conte\u00fado cujos profissionais tradicionalmente atuam em home office.\u00a0Para que essa modalidade de trabalho se mantenha produtiva, a empresa destaca <a href=\"https:\/\/rockcontent.com\/br\/blog\/trabalho-em-casa\/\" target=\"_blank\" rel=\"noopener\">algumas recomenda\u00e7\u00f5es<\/a>, que merecem aten\u00e7\u00e3o.<\/p>\n<h5>Troque de roupa<\/h5>\n<p>A primeira dica dos profissionais que est\u00e3o acostumados ao home office est\u00e1 na roupa que a pessoa deve escolher para trabalhar em casa. Claro que ningu\u00e9m precisa colocar um terno para trocar um c\u00f4modo por outro, mas a ideia de dar uma aten\u00e7\u00e3o especial para o guarda roupa ajuda a separar o momento de trabalhar daqueles dedicados ao lazer e \u00e0s tarefas dom\u00e9sticas.<\/p>\n<p>Pela manh\u00e3, quando a pessoa toma um banho e coloca uma roupa adequada para o trabalho \u2014 que pode at\u00e9 pode ser confort\u00e1vel, mas que n\u00e3o conv\u00e9m que seja um pijama e nem a camisa furada de ficar em casa \u2014, ela passa para o c\u00e9rebro a mensagem de que est\u00e1 na hora do trabalho, ajudando a iniciar o dia com mais disposi\u00e7\u00e3o e foco.<\/p>\n<h5>Fixe hor\u00e1rios<\/h5>\n<p>Uma das vantagens de trabalhar a partir de casa e n\u00e3o ter que seguir rigorosamente os hor\u00e1rios que a atividade presencial imp\u00f5e. Mas, isso n\u00e3o significa que voc\u00ea n\u00e3o deva organiz\u00e1-los, definindo hora para come\u00e7ar e hora para acabar as tarefas.<\/p>\n<p>Essa organiza\u00e7\u00e3o garante que as tarefas sejam executadas de acordo com a demanda, evita que as procrastina\u00e7\u00f5es aconte\u00e7am e, de quebra, impede que os excessos sejam cometidos.<\/p>\n<h5>Tenha um ambiente organizado<\/h5>\n<p>Trabalhar em uma ambiente confuso e desorganizado \u00e9 uma p\u00e9ssima ideia em qualquer lugar. Seja na empresa, seja em casa, o local de trabalho deve estar preparado para a finalidade e essa prepara\u00e7\u00e3o \u00e9 ainda mais importante para quem atua em home office, uma vez que ela distingue o lugar de trabalhar dos demais espa\u00e7os dom\u00e9sticos.<\/p>\n<p>De acordo com o seu espa\u00e7o em casa \u2014 e \u00e9 sempre poss\u00edvel encontrar um cantinho dispon\u00edvel \u2014, reserve um ambiente espec\u00edfico para trabalhar e organize-o conforme\u00a0 a sua atividade exige.<\/p>\n<h5>Cuidado com as distra\u00e7\u00f5es <strong>tecnol\u00f3gicas<\/strong><\/h5>\n<p>Se por um lado a tecnologia aumenta a capacidade produtiva, por outro, ela tamb\u00e9m pode ser uma grande inimiga da produtividade e esse risco aumenta consideravelmente quando a pessoa trabalha em casa. Olhar o celular o tempo todo, ligar a TV e, se voc\u00ea n\u00e3o for um profissional da \u00e1rea, deixar abertas as redes sociais s\u00e3o atitudes que podem provocar perda de concentra\u00e7\u00e3o, procrastina\u00e7\u00e3o, desvio de prop\u00f3sito e desperd\u00edcio consider\u00e1vel de tempo.<\/p>\n<p>Para evitar esses desvios, procure afastar tudo aquilo que voc\u00ea percebe que prejudica a sua concentra\u00e7\u00e3o.<\/p>\n<h5>D\u00ea pr\u00eamios a voc\u00ea<\/h5>\n<p>Quem j\u00e1 teve aquele chefe excessivamente rigoroso, que n\u00e3o d\u00e1 um segundo de folga para os chefiados, sabe o quanto esse tipo de atitude \u00e9 estressante e prejudicial ao desempenho do trabalhador. Como a chefe imediata de quem trabalha em casa \u00e9 a pr\u00f3pria pessoa, cabe a ela definir os intervalos de descanso, ainda que sejam breves.<\/p>\n<p>Nas pausas programadas, premie-se com algo que lhe d\u00ea prazer e permita oxigenar o c\u00e9rebro. Dar uma volta pelo quarteir\u00e3o, brincar com um animal de estima\u00e7\u00e3o, um breve cochilo ou outra\u00a0 atividade prazerosa qualquer podem ajudar bastante na produtividade.<\/p>\n<h5>Liste as tarefas<\/h5>\n<p>Trabalhar de improviso, executando as tarefas na\u00a0 medida em que elas v\u00e3o surgindo, pode se tornar algo confuso e contraproducente. Criar listas de tarefas ajuda muito no planejamento da semana e do dia e contribui com a produtividade.<\/p>\n<p>Portanto, n\u00e3o deixe de definir antecipadamente o que voc\u00ea deve fazer.<\/p>\n<h5><strong>Pe\u00e7a a colabora\u00e7\u00e3o da fam\u00edlia<\/strong><\/h5>\n<p>Para alguns familiares, o fato de a pessoa estar em casa \u00e0s vezes passa a impress\u00e3o de que ela est\u00e1 dispon\u00edvel para atender a eventuais necessidades cotidianas ou que n\u00e3o est\u00e1 realizando uma tarefa s\u00e9ria. Em outra medida, a concentra\u00e7\u00e3o que o trabalho exige pode passar a mensagem errada, de que a pessoa n\u00e3o d\u00e1 aten\u00e7\u00e3o a quem est\u00e1 a sua volta.<\/p>\n<p>Para evitar esses tipos de problemas, procure explicar para a fam\u00edlia o que voc\u00ea faz e deixe claro que est\u00e1 em casa sim, mas que est\u00e1 trabalhando. Naquelas pausas pr\u00eamios que voc\u00ea deve se permitir, reserve um tempinho para dar a devida aten\u00e7\u00e3o a quem precisa. Se poss\u00edvel, ajude em alguma tarefa dom\u00e9stica.<\/p>\n<p>Al\u00e9m da utilidade da a\u00e7\u00e3o, ela tamb\u00e9m ajuda a refrescar a cabe\u00e7a.<\/p>\n<h5>Dicas da psic\u00f3loga<\/h5>\n<p><a href=\"https:\/\/www.psicologoeterapia.com.br\/blog\/como-comecar-bem-o-dia-no-trabalho\/\" target=\"_blank\" rel=\"noopener\">Para a psic\u00f3loga Thaiana Broto<\/a>, \u00e9 poss\u00edvel mudar h\u00e1bitos e, com isso, ganhar melhor qualidade de vida e <a href=\"https:\/\/www.psicologoeterapia.com.br\/blog\/como-manter-a-produtividade-no-home-office-durante-a-quarentena\/\" target=\"_blank\" rel=\"noopener\">melhor desempenho no trabalho<\/a>. \u201cPara come\u00e7ar bem o dia no trabalho \u00e9 v\u00e1lido encontrar diariamente formas de se conectar, de concentrar a aten\u00e7\u00e3o em si mesmo e, principalmente, nos pensamentos\u201d, recomenda.<\/p>\n<p>Para favorecer essa conex\u00e3o e a concentra\u00e7\u00e3o, Thaiana indica algumas atitudes.<\/p>\n<ul>\n<li><strong>Cuide do seu bem-estar<br \/>\n<\/strong>Durma bem e se alimente de forma equilibrada, pratique exerc\u00edcios f\u00edsicos e t\u00e9cnicas de medita\u00e7\u00e3o e de concentra\u00e7\u00e3o e mantenha o cuidado com a apar\u00eancia f\u00edsica.<\/li>\n<li><strong>Comece bem o dia<br \/>\n<\/strong>Come\u00e7ar bem o dia deve ser um objetivo permanente, que n\u00e3o pode ser dispensado nem quando estamos vivendo maus momentos. \u201cIsso n\u00e3o significa desrespeitar os processos nem ignorar a seriedade dos problemas, mas minimizar as dificuldades de enfrent\u00e1-los em si mesmo\u201d, considera a psic\u00f3loga.<\/li>\n<li><strong>Mantenha a autoconfian\u00e7a<br \/>\n<\/strong>Para Thaiana, lidar com as quest\u00f5es que surgir\u00e3o durante o dia se torna mais f\u00e1cil quando h\u00e1 confian\u00e7a na pr\u00f3pria capacidade para resolver e enfrentar problemas. &#8220;Se veja no espelho, sorria para si mesmo, reveja seus medos e trate de reafirmar a suas grandes capacidades\u201d, sugere.<\/li>\n<li><strong>Mantenha o contato com os colegas de trabalho<br \/>\n<\/strong>A sensa\u00e7\u00e3o de isolamento pode ser um dos grandes problemas do home office. \u201cAs mensagens instant\u00e2neas, os t\u00f3picos de envolvimento da comunidade e a videoconfer\u00eancia podem facilitar o contato com os colegas de trabalho\u201d, considera Thaiana.<\/li>\n<li><strong>Avalie-se com frequ\u00eancia<\/strong><\/li>\n<li>A autoavalia\u00e7\u00e3o pode lhe ajudar a compreender o seu desempenho. Pra isso, entre outras quest\u00f5es, voc\u00ea pode se perguntar quais desafios voc\u00ea enfrenta ao trabalhar em casa, o que mais sente falta do trabalho presencial normal, se aumentou ou diminuiu a produtividade e o tempo de trabalho, se voc\u00ea tem as ferramentas necess\u00e1rias para desempenhar bem suas tarefas. As respostas poder\u00e3o orientar solu\u00e7\u00f5es que melhorem a qualidade do seu trabalho.<\/li>\n<\/ul>\n<p>De posse destas ideias e com um pouco de paci\u00eancia e perseveran\u00e7a, \u00e9 muito prov\u00e1vel que o seu trabalho em home office se tornar\u00e1 mais produtivo e agrad\u00e1vel.<\/p>\n<p>&nbsp;<\/p>\n<p>&nbsp;<\/p>\n","protected":false},"excerpt":{"rendered":"<p>A ideia de ter um escrit\u00f3rio em casa n\u00e3o \u00e9 de fato uma novidade. H\u00e1 bastante tempo, o espa\u00e7o dom\u00e9stico<\/p>\n","protected":false},"author":1,"featured_media":1849,"comment_status":"closed","ping_status":"open","sticky":false,"template":"","format":"standard","meta":{"footnotes":""},"categories":[13],"tags":[],"class_list":["post-1848","post","type-post","status-publish","format-standard","has-post-thumbnail","hentry","category-em-casa"],"yoast_head":"<!-- This site is optimized with the Yoast SEO plugin v26.0 - https:\/\/yoast.com\/wordpress\/plugins\/seo\/ -->\n<title>Para garantir produtividade, conforto e seguran\u00e7a, trabalho em home office exige organiza\u00e7\u00e3o - Comunidade Ativa<\/title>\n<meta name=\"robots\" content=\"index, follow, max-snippet:-1, max-image-preview:large, max-video-preview:-1\" \/>\n<link rel=\"canonical\" href=\"https:\/\/www.comunidadeativa.jor.br\/index.php\/2022\/09\/09\/em-tempo-de-home-office-saiba-o-que-voce-pode-de-adaptar-melhor-ao-trabalho-em-casa\/\" \/>\n<meta property=\"og:locale\" content=\"pt_BR\" \/>\n<meta property=\"og:type\" content=\"article\" \/>\n<meta property=\"og:title\" content=\"Para garantir produtividade, conforto e seguran\u00e7a, trabalho em home office exige organiza\u00e7\u00e3o - Comunidade Ativa\" \/>\n<meta property=\"og:description\" content=\"A ideia de ter um escrit\u00f3rio em casa n\u00e3o \u00e9 de fato uma novidade. H\u00e1 bastante tempo, o espa\u00e7o dom\u00e9stico\" \/>\n<meta property=\"og:url\" content=\"https:\/\/www.comunidadeativa.jor.br\/index.php\/2022\/09\/09\/em-tempo-de-home-office-saiba-o-que-voce-pode-de-adaptar-melhor-ao-trabalho-em-casa\/\" \/>\n<meta property=\"og:site_name\" content=\"Comunidade Ativa\" \/>\n<meta property=\"article:publisher\" content=\"https:\/\/www.facebook.com\/comunidadeativa\" \/>\n<meta property=\"article:published_time\" content=\"2022-09-09T16:00:44+00:00\" \/>\n<meta property=\"article:modified_time\" content=\"2023-08-15T20:34:37+00:00\" \/>\n<meta property=\"og:image\" content=\"https:\/\/www.comunidadeativa.jor.br\/wp-content\/uploads\/2021\/03\/capa-11.jpg\" \/>\n\t<meta property=\"og:image:width\" content=\"640\" \/>\n\t<meta property=\"og:image:height\" content=\"352\" \/>\n\t<meta property=\"og:image:type\" content=\"image\/jpeg\" \/>\n<meta name=\"author\" content=\"Comunidade Ativa\" \/>\n<meta name=\"twitter:card\" content=\"summary_large_image\" \/>\n<meta name=\"twitter:label1\" content=\"Escrito por\" \/>\n\t<meta name=\"twitter:data1\" content=\"Comunidade Ativa\" \/>\n\t<meta name=\"twitter:label2\" content=\"Est. tempo de leitura\" \/>\n\t<meta name=\"twitter:data2\" content=\"8 minutos\" \/>\n<script type=\"application\/ld+json\" class=\"yoast-schema-graph\">{\"@context\":\"https:\/\/schema.org\",\"@graph\":[{\"@type\":\"Article\",\"@id\":\"https:\/\/www.comunidadeativa.jor.br\/index.php\/2022\/09\/09\/em-tempo-de-home-office-saiba-o-que-voce-pode-de-adaptar-melhor-ao-trabalho-em-casa\/#article\",\"isPartOf\":{\"@id\":\"https:\/\/www.comunidadeativa.jor.br\/index.php\/2022\/09\/09\/em-tempo-de-home-office-saiba-o-que-voce-pode-de-adaptar-melhor-ao-trabalho-em-casa\/\"},\"author\":{\"name\":\"Comunidade Ativa\",\"@id\":\"https:\/\/www.comunidadeativa.jor.br\/#\/schema\/person\/dcaa1f1c51c1f0c47a33b2b734cad6e1\"},\"headline\":\"Para garantir produtividade, conforto e seguran\u00e7a, trabalho em home office exige organiza\u00e7\u00e3o\",\"datePublished\":\"2022-09-09T16:00:44+00:00\",\"dateModified\":\"2023-08-15T20:34:37+00:00\",\"mainEntityOfPage\":{\"@id\":\"https:\/\/www.comunidadeativa.jor.br\/index.php\/2022\/09\/09\/em-tempo-de-home-office-saiba-o-que-voce-pode-de-adaptar-melhor-ao-trabalho-em-casa\/\"},\"wordCount\":1544,\"publisher\":{\"@id\":\"https:\/\/www.comunidadeativa.jor.br\/#organization\"},\"image\":{\"@id\":\"https:\/\/www.comunidadeativa.jor.br\/index.php\/2022\/09\/09\/em-tempo-de-home-office-saiba-o-que-voce-pode-de-adaptar-melhor-ao-trabalho-em-casa\/#primaryimage\"},\"thumbnailUrl\":\"https:\/\/www.comunidadeativa.jor.br\/wp-content\/uploads\/2021\/03\/capa-11.jpg\",\"articleSection\":[\"Em casa\"],\"inLanguage\":\"pt-BR\"},{\"@type\":\"WebPage\",\"@id\":\"https:\/\/www.comunidadeativa.jor.br\/index.php\/2022\/09\/09\/em-tempo-de-home-office-saiba-o-que-voce-pode-de-adaptar-melhor-ao-trabalho-em-casa\/\",\"url\":\"https:\/\/www.comunidadeativa.jor.br\/index.php\/2022\/09\/09\/em-tempo-de-home-office-saiba-o-que-voce-pode-de-adaptar-melhor-ao-trabalho-em-casa\/\",\"name\":\"Para garantir produtividade, conforto e seguran\u00e7a, trabalho em home office exige organiza\u00e7\u00e3o - Comunidade Ativa\",\"isPartOf\":{\"@id\":\"https:\/\/www.comunidadeativa.jor.br\/#website\"},\"primaryImageOfPage\":{\"@id\":\"https:\/\/www.comunidadeativa.jor.br\/index.php\/2022\/09\/09\/em-tempo-de-home-office-saiba-o-que-voce-pode-de-adaptar-melhor-ao-trabalho-em-casa\/#primaryimage\"},\"image\":{\"@id\":\"https:\/\/www.comunidadeativa.jor.br\/index.php\/2022\/09\/09\/em-tempo-de-home-office-saiba-o-que-voce-pode-de-adaptar-melhor-ao-trabalho-em-casa\/#primaryimage\"},\"thumbnailUrl\":\"https:\/\/www.comunidadeativa.jor.br\/wp-content\/uploads\/2021\/03\/capa-11.jpg\",\"datePublished\":\"2022-09-09T16:00:44+00:00\",\"dateModified\":\"2023-08-15T20:34:37+00:00\",\"breadcrumb\":{\"@id\":\"https:\/\/www.comunidadeativa.jor.br\/index.php\/2022\/09\/09\/em-tempo-de-home-office-saiba-o-que-voce-pode-de-adaptar-melhor-ao-trabalho-em-casa\/#breadcrumb\"},\"inLanguage\":\"pt-BR\",\"potentialAction\":[{\"@type\":\"ReadAction\",\"target\":[\"https:\/\/www.comunidadeativa.jor.br\/index.php\/2022\/09\/09\/em-tempo-de-home-office-saiba-o-que-voce-pode-de-adaptar-melhor-ao-trabalho-em-casa\/\"]}]},{\"@type\":\"ImageObject\",\"inLanguage\":\"pt-BR\",\"@id\":\"https:\/\/www.comunidadeativa.jor.br\/index.php\/2022\/09\/09\/em-tempo-de-home-office-saiba-o-que-voce-pode-de-adaptar-melhor-ao-trabalho-em-casa\/#primaryimage\",\"url\":\"https:\/\/www.comunidadeativa.jor.br\/wp-content\/uploads\/2021\/03\/capa-11.jpg\",\"contentUrl\":\"https:\/\/www.comunidadeativa.jor.br\/wp-content\/uploads\/2021\/03\/capa-11.jpg\",\"width\":640,\"height\":352},{\"@type\":\"BreadcrumbList\",\"@id\":\"https:\/\/www.comunidadeativa.jor.br\/index.php\/2022\/09\/09\/em-tempo-de-home-office-saiba-o-que-voce-pode-de-adaptar-melhor-ao-trabalho-em-casa\/#breadcrumb\",\"itemListElement\":[{\"@type\":\"ListItem\",\"position\":1,\"name\":\"In\u00edcio\",\"item\":\"https:\/\/www.comunidadeativa.jor.br\/\"},{\"@type\":\"ListItem\",\"position\":2,\"name\":\"Para garantir produtividade, conforto e seguran\u00e7a, trabalho em home office exige organiza\u00e7\u00e3o\"}]},{\"@type\":\"WebSite\",\"@id\":\"https:\/\/www.comunidadeativa.jor.br\/#website\",\"url\":\"https:\/\/www.comunidadeativa.jor.br\/\",\"name\":\"Comunidade Ativa\",\"description\":\"\",\"publisher\":{\"@id\":\"https:\/\/www.comunidadeativa.jor.br\/#organization\"},\"potentialAction\":[{\"@type\":\"SearchAction\",\"target\":{\"@type\":\"EntryPoint\",\"urlTemplate\":\"https:\/\/www.comunidadeativa.jor.br\/?s={search_term_string}\"},\"query-input\":{\"@type\":\"PropertyValueSpecification\",\"valueRequired\":true,\"valueName\":\"search_term_string\"}}],\"inLanguage\":\"pt-BR\"},{\"@type\":\"Organization\",\"@id\":\"https:\/\/www.comunidadeativa.jor.br\/#organization\",\"name\":\"Comunidade Ativa\",\"url\":\"https:\/\/www.comunidadeativa.jor.br\/\",\"logo\":{\"@type\":\"ImageObject\",\"inLanguage\":\"pt-BR\",\"@id\":\"https:\/\/www.comunidadeativa.jor.br\/#\/schema\/logo\/image\/\",\"url\":\"https:\/\/www.comunidadeativa.jor.br\/wp-content\/uploads\/2018\/03\/cropped-LOGOPNG-1.png\",\"contentUrl\":\"https:\/\/www.comunidadeativa.jor.br\/wp-content\/uploads\/2018\/03\/cropped-LOGOPNG-1.png\",\"width\":318,\"height\":90,\"caption\":\"Comunidade Ativa\"},\"image\":{\"@id\":\"https:\/\/www.comunidadeativa.jor.br\/#\/schema\/logo\/image\/\"},\"sameAs\":[\"https:\/\/www.facebook.com\/comunidadeativa\"]},{\"@type\":\"Person\",\"@id\":\"https:\/\/www.comunidadeativa.jor.br\/#\/schema\/person\/dcaa1f1c51c1f0c47a33b2b734cad6e1\",\"name\":\"Comunidade Ativa\",\"image\":{\"@type\":\"ImageObject\",\"inLanguage\":\"pt-BR\",\"@id\":\"https:\/\/www.comunidadeativa.jor.br\/#\/schema\/person\/image\/\",\"url\":\"https:\/\/secure.gravatar.com\/avatar\/09a9a1f85fedf41e81b47f7c1d40084f?s=96&d=mm&r=g\",\"contentUrl\":\"https:\/\/secure.gravatar.com\/avatar\/09a9a1f85fedf41e81b47f7c1d40084f?s=96&d=mm&r=g\",\"caption\":\"Comunidade Ativa\"},\"url\":\"https:\/\/www.comunidadeativa.jor.br\/index.php\/author\/casalberto\/\"}]}<\/script>\n<!-- \/ Yoast SEO plugin. -->","yoast_head_json":{"title":"Para garantir produtividade, conforto e seguran\u00e7a, trabalho em home office exige organiza\u00e7\u00e3o - Comunidade Ativa","robots":{"index":"index","follow":"follow","max-snippet":"max-snippet:-1","max-image-preview":"max-image-preview:large","max-video-preview":"max-video-preview:-1"},"canonical":"https:\/\/www.comunidadeativa.jor.br\/index.php\/2022\/09\/09\/em-tempo-de-home-office-saiba-o-que-voce-pode-de-adaptar-melhor-ao-trabalho-em-casa\/","og_locale":"pt_BR","og_type":"article","og_title":"Para garantir produtividade, conforto e seguran\u00e7a, trabalho em home office exige organiza\u00e7\u00e3o - Comunidade Ativa","og_description":"A ideia de ter um escrit\u00f3rio em casa n\u00e3o \u00e9 de fato uma novidade. H\u00e1 bastante tempo, o espa\u00e7o dom\u00e9stico","og_url":"https:\/\/www.comunidadeativa.jor.br\/index.php\/2022\/09\/09\/em-tempo-de-home-office-saiba-o-que-voce-pode-de-adaptar-melhor-ao-trabalho-em-casa\/","og_site_name":"Comunidade Ativa","article_publisher":"https:\/\/www.facebook.com\/comunidadeativa","article_published_time":"2022-09-09T16:00:44+00:00","article_modified_time":"2023-08-15T20:34:37+00:00","og_image":[{"width":640,"height":352,"url":"https:\/\/www.comunidadeativa.jor.br\/wp-content\/uploads\/2021\/03\/capa-11.jpg","type":"image\/jpeg"}],"author":"Comunidade Ativa","twitter_card":"summary_large_image","twitter_misc":{"Escrito por":"Comunidade Ativa","Est. tempo de leitura":"8 minutos"},"schema":{"@context":"https:\/\/schema.org","@graph":[{"@type":"Article","@id":"https:\/\/www.comunidadeativa.jor.br\/index.php\/2022\/09\/09\/em-tempo-de-home-office-saiba-o-que-voce-pode-de-adaptar-melhor-ao-trabalho-em-casa\/#article","isPartOf":{"@id":"https:\/\/www.comunidadeativa.jor.br\/index.php\/2022\/09\/09\/em-tempo-de-home-office-saiba-o-que-voce-pode-de-adaptar-melhor-ao-trabalho-em-casa\/"},"author":{"name":"Comunidade Ativa","@id":"https:\/\/www.comunidadeativa.jor.br\/#\/schema\/person\/dcaa1f1c51c1f0c47a33b2b734cad6e1"},"headline":"Para garantir produtividade, conforto e seguran\u00e7a, trabalho em home office exige organiza\u00e7\u00e3o","datePublished":"2022-09-09T16:00:44+00:00","dateModified":"2023-08-15T20:34:37+00:00","mainEntityOfPage":{"@id":"https:\/\/www.comunidadeativa.jor.br\/index.php\/2022\/09\/09\/em-tempo-de-home-office-saiba-o-que-voce-pode-de-adaptar-melhor-ao-trabalho-em-casa\/"},"wordCount":1544,"publisher":{"@id":"https:\/\/www.comunidadeativa.jor.br\/#organization"},"image":{"@id":"https:\/\/www.comunidadeativa.jor.br\/index.php\/2022\/09\/09\/em-tempo-de-home-office-saiba-o-que-voce-pode-de-adaptar-melhor-ao-trabalho-em-casa\/#primaryimage"},"thumbnailUrl":"https:\/\/www.comunidadeativa.jor.br\/wp-content\/uploads\/2021\/03\/capa-11.jpg","articleSection":["Em casa"],"inLanguage":"pt-BR"},{"@type":"WebPage","@id":"https:\/\/www.comunidadeativa.jor.br\/index.php\/2022\/09\/09\/em-tempo-de-home-office-saiba-o-que-voce-pode-de-adaptar-melhor-ao-trabalho-em-casa\/","url":"https:\/\/www.comunidadeativa.jor.br\/index.php\/2022\/09\/09\/em-tempo-de-home-office-saiba-o-que-voce-pode-de-adaptar-melhor-ao-trabalho-em-casa\/","name":"Para garantir produtividade, conforto e seguran\u00e7a, trabalho em home office exige organiza\u00e7\u00e3o - Comunidade Ativa","isPartOf":{"@id":"https:\/\/www.comunidadeativa.jor.br\/#website"},"primaryImageOfPage":{"@id":"https:\/\/www.comunidadeativa.jor.br\/index.php\/2022\/09\/09\/em-tempo-de-home-office-saiba-o-que-voce-pode-de-adaptar-melhor-ao-trabalho-em-casa\/#primaryimage"},"image":{"@id":"https:\/\/www.comunidadeativa.jor.br\/index.php\/2022\/09\/09\/em-tempo-de-home-office-saiba-o-que-voce-pode-de-adaptar-melhor-ao-trabalho-em-casa\/#primaryimage"},"thumbnailUrl":"https:\/\/www.comunidadeativa.jor.br\/wp-content\/uploads\/2021\/03\/capa-11.jpg","datePublished":"2022-09-09T16:00:44+00:00","dateModified":"2023-08-15T20:34:37+00:00","breadcrumb":{"@id":"https:\/\/www.comunidadeativa.jor.br\/index.php\/2022\/09\/09\/em-tempo-de-home-office-saiba-o-que-voce-pode-de-adaptar-melhor-ao-trabalho-em-casa\/#breadcrumb"},"inLanguage":"pt-BR","potentialAction":[{"@type":"ReadAction","target":["https:\/\/www.comunidadeativa.jor.br\/index.php\/2022\/09\/09\/em-tempo-de-home-office-saiba-o-que-voce-pode-de-adaptar-melhor-ao-trabalho-em-casa\/"]}]},{"@type":"ImageObject","inLanguage":"pt-BR","@id":"https:\/\/www.comunidadeativa.jor.br\/index.php\/2022\/09\/09\/em-tempo-de-home-office-saiba-o-que-voce-pode-de-adaptar-melhor-ao-trabalho-em-casa\/#primaryimage","url":"https:\/\/www.comunidadeativa.jor.br\/wp-content\/uploads\/2021\/03\/capa-11.jpg","contentUrl":"https:\/\/www.comunidadeativa.jor.br\/wp-content\/uploads\/2021\/03\/capa-11.jpg","width":640,"height":352},{"@type":"BreadcrumbList","@id":"https:\/\/www.comunidadeativa.jor.br\/index.php\/2022\/09\/09\/em-tempo-de-home-office-saiba-o-que-voce-pode-de-adaptar-melhor-ao-trabalho-em-casa\/#breadcrumb","itemListElement":[{"@type":"ListItem","position":1,"name":"In\u00edcio","item":"https:\/\/www.comunidadeativa.jor.br\/"},{"@type":"ListItem","position":2,"name":"Para garantir produtividade, conforto e seguran\u00e7a, trabalho em home office exige organiza\u00e7\u00e3o"}]},{"@type":"WebSite","@id":"https:\/\/www.comunidadeativa.jor.br\/#website","url":"https:\/\/www.comunidadeativa.jor.br\/","name":"Comunidade Ativa","description":"","publisher":{"@id":"https:\/\/www.comunidadeativa.jor.br\/#organization"},"potentialAction":[{"@type":"SearchAction","target":{"@type":"EntryPoint","urlTemplate":"https:\/\/www.comunidadeativa.jor.br\/?s={search_term_string}"},"query-input":{"@type":"PropertyValueSpecification","valueRequired":true,"valueName":"search_term_string"}}],"inLanguage":"pt-BR"},{"@type":"Organization","@id":"https:\/\/www.comunidadeativa.jor.br\/#organization","name":"Comunidade Ativa","url":"https:\/\/www.comunidadeativa.jor.br\/","logo":{"@type":"ImageObject","inLanguage":"pt-BR","@id":"https:\/\/www.comunidadeativa.jor.br\/#\/schema\/logo\/image\/","url":"https:\/\/www.comunidadeativa.jor.br\/wp-content\/uploads\/2018\/03\/cropped-LOGOPNG-1.png","contentUrl":"https:\/\/www.comunidadeativa.jor.br\/wp-content\/uploads\/2018\/03\/cropped-LOGOPNG-1.png","width":318,"height":90,"caption":"Comunidade Ativa"},"image":{"@id":"https:\/\/www.comunidadeativa.jor.br\/#\/schema\/logo\/image\/"},"sameAs":["https:\/\/www.facebook.com\/comunidadeativa"]},{"@type":"Person","@id":"https:\/\/www.comunidadeativa.jor.br\/#\/schema\/person\/dcaa1f1c51c1f0c47a33b2b734cad6e1","name":"Comunidade Ativa","image":{"@type":"ImageObject","inLanguage":"pt-BR","@id":"https:\/\/www.comunidadeativa.jor.br\/#\/schema\/person\/image\/","url":"https:\/\/secure.gravatar.com\/avatar\/09a9a1f85fedf41e81b47f7c1d40084f?s=96&d=mm&r=g","contentUrl":"https:\/\/secure.gravatar.com\/avatar\/09a9a1f85fedf41e81b47f7c1d40084f?s=96&d=mm&r=g","caption":"Comunidade Ativa"},"url":"https:\/\/www.comunidadeativa.jor.br\/index.php\/author\/casalberto\/"}]}},"_links":{"self":[{"href":"https:\/\/www.comunidadeativa.jor.br\/index.php\/wp-json\/wp\/v2\/posts\/1848","targetHints":{"allow":["GET"]}}],"collection":[{"href":"https:\/\/www.comunidadeativa.jor.br\/index.php\/wp-json\/wp\/v2\/posts"}],"about":[{"href":"https:\/\/www.comunidadeativa.jor.br\/index.php\/wp-json\/wp\/v2\/types\/post"}],"author":[{"embeddable":true,"href":"https:\/\/www.comunidadeativa.jor.br\/index.php\/wp-json\/wp\/v2\/users\/1"}],"replies":[{"embeddable":true,"href":"https:\/\/www.comunidadeativa.jor.br\/index.php\/wp-json\/wp\/v2\/comments?post=1848"}],"version-history":[{"count":5,"href":"https:\/\/www.comunidadeativa.jor.br\/index.php\/wp-json\/wp\/v2\/posts\/1848\/revisions"}],"predecessor-version":[{"id":3993,"href":"https:\/\/www.comunidadeativa.jor.br\/index.php\/wp-json\/wp\/v2\/posts\/1848\/revisions\/3993"}],"wp:featuredmedia":[{"embeddable":true,"href":"https:\/\/www.comunidadeativa.jor.br\/index.php\/wp-json\/wp\/v2\/media\/1849"}],"wp:attachment":[{"href":"https:\/\/www.comunidadeativa.jor.br\/index.php\/wp-json\/wp\/v2\/media?parent=1848"}],"wp:term":[{"taxonomy":"category","embeddable":true,"href":"https:\/\/www.comunidadeativa.jor.br\/index.php\/wp-json\/wp\/v2\/categories?post=1848"},{"taxonomy":"post_tag","embeddable":true,"href":"https:\/\/www.comunidadeativa.jor.br\/index.php\/wp-json\/wp\/v2\/tags?post=1848"}],"curies":[{"name":"wp","href":"https:\/\/api.w.org\/{rel}","templated":true}]}}