{"id":185,"date":"2022-11-13T10:00:32","date_gmt":"2022-11-13T13:00:32","guid":{"rendered":"http:\/\/www.comunidadeativa.jor.br\/?p=185"},"modified":"2022-11-11T12:54:15","modified_gmt":"2022-11-11T15:54:15","slug":"o-valor-do-oleo-de-cozinha-usado","status":"publish","type":"post","link":"https:\/\/www.comunidadeativa.jor.br\/index.php\/2022\/11\/13\/o-valor-do-oleo-de-cozinha-usado\/","title":{"rendered":"\u00d3leo residual de cozinha \u00e9 mat\u00e9ria-prima para produzir combust\u00edvel de avia\u00e7\u00e3o"},"content":{"rendered":"<p>Um poluente com elevado potencial de contamina\u00e7\u00e3o do solo e da \u00e1gua, o \u00f3leo residual de cozinha tamb\u00e9m \u00e9 mat\u00e9ria prima que pode receber aplica\u00e7\u00e3o industrial com alto valor agregado. Um exemplo \u00e9 a produ\u00e7\u00e3o de biocombust\u00edveis a partir desse res\u00edduo.<\/p>\n<p>De acordo com a Associa\u00e7\u00e3o de Produtores de Biodiesel do Brasil (Aprobio), por ano, cerca de 30 milh\u00f5es de litros do \u00f3leo que sai das cozinhas brasileiras s\u00e3o destinados \u00e0 produ\u00e7\u00e3o de biocombust\u00edveis. O volume pode parecer elevado. Por\u00e9m, \u00e9 muito pouco, se comparado aos 3,9 bilh\u00f5es de litros de \u00f3leo vegetal alimentar que s\u00e3o produzidos no pa\u00eds anualmente, segundo dados da Associa\u00e7\u00e3o Brasileira das Ind\u00fastrias de \u00d3leo Vegetal (Abiove).<\/p>\n<h5>Nos ares<\/h5>\n<p>Como acontece no Brasil, o potencial energ\u00e9tico do \u00f3leo de cozinha usado \u00e9 reconhecido internacionalmente. Tanto que, em 2014, a Boeing e a Commercial Aircraft Corp. of China (Comac), estatal chinesa de avia\u00e7\u00e3o, firmaram um acordo para implantar uma usina destinada \u00e0 produzir biocombust\u00edvel para avi\u00f5es a partir desse res\u00edduo.<\/p>\n<p>No \u00faltimo m\u00eas de junho, a\u00a0Sinopec Zhenhai Refining &amp; Chemical Co., estatal chinesa de combust\u00edveis anunciou a produ\u00e7\u00e3o da primeira carga de biocombust\u00edvel para a avia\u00e7\u00e3o produzido a partir de \u00f3leo de cozinha usado. As instala\u00e7\u00f5es da companhia t\u00eam capacidade para processar 100 mil toneladas de \u00f3leo residual de cozinha por ano.<\/p>\n<h5>No Brasil<\/h5>\n<p>Os voos comerciais abastecidos por esse tipo de combust\u00edvel n\u00e3o s\u00e3o novidades. Eles acontecem desde 2013, quando a brasileira Gol voou comercialmente entre S\u00e3o Paulo e Bras\u00edlia com um Boeing 737 que, segundo a empresa, foi abastecido com bioquerosene proveniente em parte do \u00f3leo de milho e em parte produzido com o \u00f3leo residual de cozinha reciclado.<\/p>\n<p>Em 2015, a chinesa <em>Hainan Airline<\/em> tamb\u00e9m voou entre Shangai e Pequim com um Boeing 737 que, segundo a ag\u00eancia France Press, foi abastecido com 50% de combust\u00edvel de avia\u00e7\u00e3o convencional e 50% de biocombust\u00edvel proveniente da reciclagem do \u00f3leo de cozinha usado.<\/p>\n<h5>Uso industrial<\/h5>\n<p>Outras projetos com o biocombust\u00edveis provenientes do \u00f3leo de cozinha usado est\u00e3o sendo desenvolvidos em v\u00e1rios pa\u00edses. Al\u00e9m disso, esse tipo de res\u00edduo pode ser reciclado e utilizado na produ\u00e7\u00e3o de massa de vidraceiro, de ra\u00e7\u00e3o animal, de resinas para tintas e adesivos, entre outros produtos, e tudo pode come\u00e7ar na sua cozinha.<br \/>\nPara tanto, em vez de descartar no ralo ou na lixeira, basta dar ao \u00f3leo vegetal que voc\u00ea usa uma destina\u00e7\u00e3o mais nobre e segura.<\/p>\n","protected":false},"excerpt":{"rendered":"<p>Um poluente com elevado potencial de contamina\u00e7\u00e3o do solo e da \u00e1gua, o \u00f3leo residual de cozinha tamb\u00e9m \u00e9 mat\u00e9ria<\/p>\n","protected":false},"author":1,"featured_media":186,"comment_status":"closed","ping_status":"closed","sticky":false,"template":"","format":"standard","meta":{"footnotes":""},"categories":[3],"tags":[],"class_list":["post-185","post","type-post","status-publish","format-standard","has-post-thumbnail","hentry","category-meio-ambiente"],"yoast_head":"<!-- This site is optimized with the Yoast SEO plugin v26.0 - https:\/\/yoast.com\/wordpress\/plugins\/seo\/ -->\n<title>\u00d3leo residual de cozinha \u00e9 mat\u00e9ria-prima para produzir combust\u00edvel de avia\u00e7\u00e3o - Comunidade Ativa<\/title>\n<meta name=\"robots\" content=\"index, follow, max-snippet:-1, max-image-preview:large, max-video-preview:-1\" \/>\n<link rel=\"canonical\" href=\"https:\/\/www.comunidadeativa.jor.br\/index.php\/2022\/11\/13\/o-valor-do-oleo-de-cozinha-usado\/\" \/>\n<meta property=\"og:locale\" content=\"pt_BR\" \/>\n<meta property=\"og:type\" content=\"article\" \/>\n<meta property=\"og:title\" content=\"\u00d3leo residual de cozinha \u00e9 mat\u00e9ria-prima para produzir combust\u00edvel de avia\u00e7\u00e3o - Comunidade Ativa\" \/>\n<meta property=\"og:description\" content=\"Um poluente com elevado potencial de contamina\u00e7\u00e3o do solo e da \u00e1gua, o \u00f3leo residual de cozinha tamb\u00e9m \u00e9 mat\u00e9ria\" \/>\n<meta property=\"og:url\" content=\"https:\/\/www.comunidadeativa.jor.br\/index.php\/2022\/11\/13\/o-valor-do-oleo-de-cozinha-usado\/\" \/>\n<meta property=\"og:site_name\" content=\"Comunidade Ativa\" \/>\n<meta property=\"article:publisher\" content=\"https:\/\/www.facebook.com\/comunidadeativa\" \/>\n<meta property=\"article:published_time\" content=\"2022-11-13T13:00:32+00:00\" \/>\n<meta property=\"og:image\" content=\"https:\/\/www.comunidadeativa.jor.br\/wp-content\/uploads\/2018\/03\/12.png\" \/>\n\t<meta property=\"og:image:width\" content=\"390\" \/>\n\t<meta property=\"og:image:height\" content=\"205\" \/>\n\t<meta property=\"og:image:type\" content=\"image\/png\" \/>\n<meta name=\"author\" content=\"Comunidade Ativa\" \/>\n<meta name=\"twitter:card\" content=\"summary_large_image\" \/>\n<meta name=\"twitter:label1\" content=\"Escrito por\" \/>\n\t<meta name=\"twitter:data1\" content=\"Comunidade Ativa\" \/>\n\t<meta name=\"twitter:label2\" content=\"Est. tempo de leitura\" \/>\n\t<meta name=\"twitter:data2\" content=\"2 minutos\" \/>\n<script type=\"application\/ld+json\" class=\"yoast-schema-graph\">{\"@context\":\"https:\/\/schema.org\",\"@graph\":[{\"@type\":\"Article\",\"@id\":\"https:\/\/www.comunidadeativa.jor.br\/index.php\/2022\/11\/13\/o-valor-do-oleo-de-cozinha-usado\/#article\",\"isPartOf\":{\"@id\":\"https:\/\/www.comunidadeativa.jor.br\/index.php\/2022\/11\/13\/o-valor-do-oleo-de-cozinha-usado\/\"},\"author\":{\"name\":\"Comunidade Ativa\",\"@id\":\"https:\/\/www.comunidadeativa.jor.br\/#\/schema\/person\/dcaa1f1c51c1f0c47a33b2b734cad6e1\"},\"headline\":\"\u00d3leo residual de cozinha \u00e9 mat\u00e9ria-prima para produzir combust\u00edvel de avia\u00e7\u00e3o\",\"datePublished\":\"2022-11-13T13:00:32+00:00\",\"mainEntityOfPage\":{\"@id\":\"https:\/\/www.comunidadeativa.jor.br\/index.php\/2022\/11\/13\/o-valor-do-oleo-de-cozinha-usado\/\"},\"wordCount\":445,\"publisher\":{\"@id\":\"https:\/\/www.comunidadeativa.jor.br\/#organization\"},\"image\":{\"@id\":\"https:\/\/www.comunidadeativa.jor.br\/index.php\/2022\/11\/13\/o-valor-do-oleo-de-cozinha-usado\/#primaryimage\"},\"thumbnailUrl\":\"https:\/\/www.comunidadeativa.jor.br\/wp-content\/uploads\/2018\/03\/12.png\",\"articleSection\":[\"Meio Ambiente\"],\"inLanguage\":\"pt-BR\"},{\"@type\":\"WebPage\",\"@id\":\"https:\/\/www.comunidadeativa.jor.br\/index.php\/2022\/11\/13\/o-valor-do-oleo-de-cozinha-usado\/\",\"url\":\"https:\/\/www.comunidadeativa.jor.br\/index.php\/2022\/11\/13\/o-valor-do-oleo-de-cozinha-usado\/\",\"name\":\"\u00d3leo residual de cozinha \u00e9 mat\u00e9ria-prima para produzir combust\u00edvel de avia\u00e7\u00e3o - Comunidade Ativa\",\"isPartOf\":{\"@id\":\"https:\/\/www.comunidadeativa.jor.br\/#website\"},\"primaryImageOfPage\":{\"@id\":\"https:\/\/www.comunidadeativa.jor.br\/index.php\/2022\/11\/13\/o-valor-do-oleo-de-cozinha-usado\/#primaryimage\"},\"image\":{\"@id\":\"https:\/\/www.comunidadeativa.jor.br\/index.php\/2022\/11\/13\/o-valor-do-oleo-de-cozinha-usado\/#primaryimage\"},\"thumbnailUrl\":\"https:\/\/www.comunidadeativa.jor.br\/wp-content\/uploads\/2018\/03\/12.png\",\"datePublished\":\"2022-11-13T13:00:32+00:00\",\"breadcrumb\":{\"@id\":\"https:\/\/www.comunidadeativa.jor.br\/index.php\/2022\/11\/13\/o-valor-do-oleo-de-cozinha-usado\/#breadcrumb\"},\"inLanguage\":\"pt-BR\",\"potentialAction\":[{\"@type\":\"ReadAction\",\"target\":[\"https:\/\/www.comunidadeativa.jor.br\/index.php\/2022\/11\/13\/o-valor-do-oleo-de-cozinha-usado\/\"]}]},{\"@type\":\"ImageObject\",\"inLanguage\":\"pt-BR\",\"@id\":\"https:\/\/www.comunidadeativa.jor.br\/index.php\/2022\/11\/13\/o-valor-do-oleo-de-cozinha-usado\/#primaryimage\",\"url\":\"https:\/\/www.comunidadeativa.jor.br\/wp-content\/uploads\/2018\/03\/12.png\",\"contentUrl\":\"https:\/\/www.comunidadeativa.jor.br\/wp-content\/uploads\/2018\/03\/12.png\",\"width\":390,\"height\":205},{\"@type\":\"BreadcrumbList\",\"@id\":\"https:\/\/www.comunidadeativa.jor.br\/index.php\/2022\/11\/13\/o-valor-do-oleo-de-cozinha-usado\/#breadcrumb\",\"itemListElement\":[{\"@type\":\"ListItem\",\"position\":1,\"name\":\"In\u00edcio\",\"item\":\"https:\/\/www.comunidadeativa.jor.br\/\"},{\"@type\":\"ListItem\",\"position\":2,\"name\":\"\u00d3leo residual de cozinha \u00e9 mat\u00e9ria-prima para produzir combust\u00edvel de avia\u00e7\u00e3o\"}]},{\"@type\":\"WebSite\",\"@id\":\"https:\/\/www.comunidadeativa.jor.br\/#website\",\"url\":\"https:\/\/www.comunidadeativa.jor.br\/\",\"name\":\"Comunidade Ativa\",\"description\":\"\",\"publisher\":{\"@id\":\"https:\/\/www.comunidadeativa.jor.br\/#organization\"},\"potentialAction\":[{\"@type\":\"SearchAction\",\"target\":{\"@type\":\"EntryPoint\",\"urlTemplate\":\"https:\/\/www.comunidadeativa.jor.br\/?s={search_term_string}\"},\"query-input\":{\"@type\":\"PropertyValueSpecification\",\"valueRequired\":true,\"valueName\":\"search_term_string\"}}],\"inLanguage\":\"pt-BR\"},{\"@type\":\"Organization\",\"@id\":\"https:\/\/www.comunidadeativa.jor.br\/#organization\",\"name\":\"Comunidade Ativa\",\"url\":\"https:\/\/www.comunidadeativa.jor.br\/\",\"logo\":{\"@type\":\"ImageObject\",\"inLanguage\":\"pt-BR\",\"@id\":\"https:\/\/www.comunidadeativa.jor.br\/#\/schema\/logo\/image\/\",\"url\":\"https:\/\/www.comunidadeativa.jor.br\/wp-content\/uploads\/2018\/03\/cropped-LOGOPNG-1.png\",\"contentUrl\":\"https:\/\/www.comunidadeativa.jor.br\/wp-content\/uploads\/2018\/03\/cropped-LOGOPNG-1.png\",\"width\":318,\"height\":90,\"caption\":\"Comunidade Ativa\"},\"image\":{\"@id\":\"https:\/\/www.comunidadeativa.jor.br\/#\/schema\/logo\/image\/\"},\"sameAs\":[\"https:\/\/www.facebook.com\/comunidadeativa\"]},{\"@type\":\"Person\",\"@id\":\"https:\/\/www.comunidadeativa.jor.br\/#\/schema\/person\/dcaa1f1c51c1f0c47a33b2b734cad6e1\",\"name\":\"Comunidade Ativa\",\"image\":{\"@type\":\"ImageObject\",\"inLanguage\":\"pt-BR\",\"@id\":\"https:\/\/www.comunidadeativa.jor.br\/#\/schema\/person\/image\/\",\"url\":\"https:\/\/secure.gravatar.com\/avatar\/09a9a1f85fedf41e81b47f7c1d40084f?s=96&d=mm&r=g\",\"contentUrl\":\"https:\/\/secure.gravatar.com\/avatar\/09a9a1f85fedf41e81b47f7c1d40084f?s=96&d=mm&r=g\",\"caption\":\"Comunidade Ativa\"},\"url\":\"https:\/\/www.comunidadeativa.jor.br\/index.php\/author\/casalberto\/\"}]}<\/script>\n<!-- \/ Yoast SEO plugin. -->","yoast_head_json":{"title":"\u00d3leo residual de cozinha \u00e9 mat\u00e9ria-prima para produzir combust\u00edvel de avia\u00e7\u00e3o - Comunidade Ativa","robots":{"index":"index","follow":"follow","max-snippet":"max-snippet:-1","max-image-preview":"max-image-preview:large","max-video-preview":"max-video-preview:-1"},"canonical":"https:\/\/www.comunidadeativa.jor.br\/index.php\/2022\/11\/13\/o-valor-do-oleo-de-cozinha-usado\/","og_locale":"pt_BR","og_type":"article","og_title":"\u00d3leo residual de cozinha \u00e9 mat\u00e9ria-prima para produzir combust\u00edvel de avia\u00e7\u00e3o - Comunidade Ativa","og_description":"Um poluente com elevado potencial de contamina\u00e7\u00e3o do solo e da \u00e1gua, o \u00f3leo residual de cozinha tamb\u00e9m \u00e9 mat\u00e9ria","og_url":"https:\/\/www.comunidadeativa.jor.br\/index.php\/2022\/11\/13\/o-valor-do-oleo-de-cozinha-usado\/","og_site_name":"Comunidade Ativa","article_publisher":"https:\/\/www.facebook.com\/comunidadeativa","article_published_time":"2022-11-13T13:00:32+00:00","og_image":[{"width":390,"height":205,"url":"https:\/\/www.comunidadeativa.jor.br\/wp-content\/uploads\/2018\/03\/12.png","type":"image\/png"}],"author":"Comunidade Ativa","twitter_card":"summary_large_image","twitter_misc":{"Escrito por":"Comunidade Ativa","Est. tempo de leitura":"2 minutos"},"schema":{"@context":"https:\/\/schema.org","@graph":[{"@type":"Article","@id":"https:\/\/www.comunidadeativa.jor.br\/index.php\/2022\/11\/13\/o-valor-do-oleo-de-cozinha-usado\/#article","isPartOf":{"@id":"https:\/\/www.comunidadeativa.jor.br\/index.php\/2022\/11\/13\/o-valor-do-oleo-de-cozinha-usado\/"},"author":{"name":"Comunidade Ativa","@id":"https:\/\/www.comunidadeativa.jor.br\/#\/schema\/person\/dcaa1f1c51c1f0c47a33b2b734cad6e1"},"headline":"\u00d3leo residual de cozinha \u00e9 mat\u00e9ria-prima para produzir combust\u00edvel de avia\u00e7\u00e3o","datePublished":"2022-11-13T13:00:32+00:00","mainEntityOfPage":{"@id":"https:\/\/www.comunidadeativa.jor.br\/index.php\/2022\/11\/13\/o-valor-do-oleo-de-cozinha-usado\/"},"wordCount":445,"publisher":{"@id":"https:\/\/www.comunidadeativa.jor.br\/#organization"},"image":{"@id":"https:\/\/www.comunidadeativa.jor.br\/index.php\/2022\/11\/13\/o-valor-do-oleo-de-cozinha-usado\/#primaryimage"},"thumbnailUrl":"https:\/\/www.comunidadeativa.jor.br\/wp-content\/uploads\/2018\/03\/12.png","articleSection":["Meio Ambiente"],"inLanguage":"pt-BR"},{"@type":"WebPage","@id":"https:\/\/www.comunidadeativa.jor.br\/index.php\/2022\/11\/13\/o-valor-do-oleo-de-cozinha-usado\/","url":"https:\/\/www.comunidadeativa.jor.br\/index.php\/2022\/11\/13\/o-valor-do-oleo-de-cozinha-usado\/","name":"\u00d3leo residual de cozinha \u00e9 mat\u00e9ria-prima para produzir combust\u00edvel de avia\u00e7\u00e3o - Comunidade Ativa","isPartOf":{"@id":"https:\/\/www.comunidadeativa.jor.br\/#website"},"primaryImageOfPage":{"@id":"https:\/\/www.comunidadeativa.jor.br\/index.php\/2022\/11\/13\/o-valor-do-oleo-de-cozinha-usado\/#primaryimage"},"image":{"@id":"https:\/\/www.comunidadeativa.jor.br\/index.php\/2022\/11\/13\/o-valor-do-oleo-de-cozinha-usado\/#primaryimage"},"thumbnailUrl":"https:\/\/www.comunidadeativa.jor.br\/wp-content\/uploads\/2018\/03\/12.png","datePublished":"2022-11-13T13:00:32+00:00","breadcrumb":{"@id":"https:\/\/www.comunidadeativa.jor.br\/index.php\/2022\/11\/13\/o-valor-do-oleo-de-cozinha-usado\/#breadcrumb"},"inLanguage":"pt-BR","potentialAction":[{"@type":"ReadAction","target":["https:\/\/www.comunidadeativa.jor.br\/index.php\/2022\/11\/13\/o-valor-do-oleo-de-cozinha-usado\/"]}]},{"@type":"ImageObject","inLanguage":"pt-BR","@id":"https:\/\/www.comunidadeativa.jor.br\/index.php\/2022\/11\/13\/o-valor-do-oleo-de-cozinha-usado\/#primaryimage","url":"https:\/\/www.comunidadeativa.jor.br\/wp-content\/uploads\/2018\/03\/12.png","contentUrl":"https:\/\/www.comunidadeativa.jor.br\/wp-content\/uploads\/2018\/03\/12.png","width":390,"height":205},{"@type":"BreadcrumbList","@id":"https:\/\/www.comunidadeativa.jor.br\/index.php\/2022\/11\/13\/o-valor-do-oleo-de-cozinha-usado\/#breadcrumb","itemListElement":[{"@type":"ListItem","position":1,"name":"In\u00edcio","item":"https:\/\/www.comunidadeativa.jor.br\/"},{"@type":"ListItem","position":2,"name":"\u00d3leo residual de cozinha \u00e9 mat\u00e9ria-prima para produzir combust\u00edvel de avia\u00e7\u00e3o"}]},{"@type":"WebSite","@id":"https:\/\/www.comunidadeativa.jor.br\/#website","url":"https:\/\/www.comunidadeativa.jor.br\/","name":"Comunidade Ativa","description":"","publisher":{"@id":"https:\/\/www.comunidadeativa.jor.br\/#organization"},"potentialAction":[{"@type":"SearchAction","target":{"@type":"EntryPoint","urlTemplate":"https:\/\/www.comunidadeativa.jor.br\/?s={search_term_string}"},"query-input":{"@type":"PropertyValueSpecification","valueRequired":true,"valueName":"search_term_string"}}],"inLanguage":"pt-BR"},{"@type":"Organization","@id":"https:\/\/www.comunidadeativa.jor.br\/#organization","name":"Comunidade Ativa","url":"https:\/\/www.comunidadeativa.jor.br\/","logo":{"@type":"ImageObject","inLanguage":"pt-BR","@id":"https:\/\/www.comunidadeativa.jor.br\/#\/schema\/logo\/image\/","url":"https:\/\/www.comunidadeativa.jor.br\/wp-content\/uploads\/2018\/03\/cropped-LOGOPNG-1.png","contentUrl":"https:\/\/www.comunidadeativa.jor.br\/wp-content\/uploads\/2018\/03\/cropped-LOGOPNG-1.png","width":318,"height":90,"caption":"Comunidade Ativa"},"image":{"@id":"https:\/\/www.comunidadeativa.jor.br\/#\/schema\/logo\/image\/"},"sameAs":["https:\/\/www.facebook.com\/comunidadeativa"]},{"@type":"Person","@id":"https:\/\/www.comunidadeativa.jor.br\/#\/schema\/person\/dcaa1f1c51c1f0c47a33b2b734cad6e1","name":"Comunidade Ativa","image":{"@type":"ImageObject","inLanguage":"pt-BR","@id":"https:\/\/www.comunidadeativa.jor.br\/#\/schema\/person\/image\/","url":"https:\/\/secure.gravatar.com\/avatar\/09a9a1f85fedf41e81b47f7c1d40084f?s=96&d=mm&r=g","contentUrl":"https:\/\/secure.gravatar.com\/avatar\/09a9a1f85fedf41e81b47f7c1d40084f?s=96&d=mm&r=g","caption":"Comunidade Ativa"},"url":"https:\/\/www.comunidadeativa.jor.br\/index.php\/author\/casalberto\/"}]}},"_links":{"self":[{"href":"https:\/\/www.comunidadeativa.jor.br\/index.php\/wp-json\/wp\/v2\/posts\/185","targetHints":{"allow":["GET"]}}],"collection":[{"href":"https:\/\/www.comunidadeativa.jor.br\/index.php\/wp-json\/wp\/v2\/posts"}],"about":[{"href":"https:\/\/www.comunidadeativa.jor.br\/index.php\/wp-json\/wp\/v2\/types\/post"}],"author":[{"embeddable":true,"href":"https:\/\/www.comunidadeativa.jor.br\/index.php\/wp-json\/wp\/v2\/users\/1"}],"replies":[{"embeddable":true,"href":"https:\/\/www.comunidadeativa.jor.br\/index.php\/wp-json\/wp\/v2\/comments?post=185"}],"version-history":[{"count":5,"href":"https:\/\/www.comunidadeativa.jor.br\/index.php\/wp-json\/wp\/v2\/posts\/185\/revisions"}],"predecessor-version":[{"id":3295,"href":"https:\/\/www.comunidadeativa.jor.br\/index.php\/wp-json\/wp\/v2\/posts\/185\/revisions\/3295"}],"wp:featuredmedia":[{"embeddable":true,"href":"https:\/\/www.comunidadeativa.jor.br\/index.php\/wp-json\/wp\/v2\/media\/186"}],"wp:attachment":[{"href":"https:\/\/www.comunidadeativa.jor.br\/index.php\/wp-json\/wp\/v2\/media?parent=185"}],"wp:term":[{"taxonomy":"category","embeddable":true,"href":"https:\/\/www.comunidadeativa.jor.br\/index.php\/wp-json\/wp\/v2\/categories?post=185"},{"taxonomy":"post_tag","embeddable":true,"href":"https:\/\/www.comunidadeativa.jor.br\/index.php\/wp-json\/wp\/v2\/tags?post=185"}],"curies":[{"name":"wp","href":"https:\/\/api.w.org\/{rel}","templated":true}]}}