{"id":1873,"date":"2021-03-24T13:24:15","date_gmt":"2021-03-24T16:24:15","guid":{"rendered":"https:\/\/www.comunidadeativa.jor.br\/?p=1873"},"modified":"2023-08-11T17:05:04","modified_gmt":"2023-08-11T20:05:04","slug":"criancas-e-adolescentes-devem-se-vacinar-pediatra-responde-a-esta-e-a-outras-questoes-sobre-a-vacinacao-do-publico-infantojuvenil","status":"publish","type":"post","link":"https:\/\/www.comunidadeativa.jor.br\/index.php\/2021\/03\/24\/criancas-e-adolescentes-devem-se-vacinar-pediatra-responde-a-esta-e-a-outras-questoes-sobre-a-vacinacao-do-publico-infantojuvenil\/","title":{"rendered":"Crian\u00e7as e adolescentes devem se vacinar? Pediatra responde a esta e a outras quest\u00f5es sobre a vacina\u00e7\u00e3o do p\u00fablico infantojuvenil"},"content":{"rendered":"<p>Enquanto no Brasil e em boa parte do mundo, mesmo para o p\u00fablico adulto, a vacina\u00e7\u00e3o caminha a passos lentos, a necessidade e a seguran\u00e7a das vacinas contra a Covid-19 para crian\u00e7as e adolescentes j\u00e1 s\u00e3o temas de debates no meio cient\u00edfico e vem ocupando tamb\u00e9m a aten\u00e7\u00e3o da ind\u00fastria farmac\u00eautica. O assunto tamb\u00e9m \u00e9 de interesse direto do pais ou de respons\u00e1veis pelos pequenos, que tamb\u00e9m se preocupam com a exposi\u00e7\u00e3o deles ao v\u00edrus.<\/p>\n<p>Confira a seguir as respostas do m\u00e9dico <a href=\"https:\/\/theconversation.com\/profiles\/james-b-wood-1219392\" target=\"_blank\" rel=\"noopener\">pediatra James Wood<\/a> para cinco quest\u00f5es importantes sobre a vacina\u00e7\u00e3o e sobre os riscos que corre o p\u00fablico infantojuvenil.<\/p>\n<h6>1. As crian\u00e7as e os adolescentes precisam tomar a vacina?<\/h6>\n<p><a href=\"https:\/\/theconversation.com\/when-can-kids-get-the-covid-19-vaccine-a-pediatrician-answers-5-questions-parents-are-asking-157512\" target=\"_blank\" rel=\"noopener\">De acordo com Woods<\/a>, que \u00e9 professor de Pediatria Cl\u00ednica na Escola de Medicina da Universidade de Indiana, nos Estados Unidos, objetivamente, a resposta \u00e9 sim. Ainda que estudos indiquem que a Covid-19 <a href=\"https:\/\/www.cdc.gov\/coronavirus\/2019-ncov\/covid-data\/investigations-discovery\/hospitalization-death-by-age.html\">n\u00e3o seja t\u00e3o grave em crian\u00e7as<\/a>, \u00a0principalmente <a href=\"https:\/\/www.cdc.gov\/coronavirus\/2019-ncov\/covid-data\/investigations-discovery\/hospitalization-death-by-age.html\">nas mais novas<\/a>, isso n\u00e3o significa que elas n\u00e3o possam ser infectadas pelo v\u00edrus. \u201cCrian\u00e7as menores de 12 anos que contraem a Covid-19 tendem a ter a doen\u00e7a na forma leve ou nenhum sintoma, enquanto os adolescentes parecem ter respostas intermedi\u00e1rias, entre o que os adultos e as crian\u00e7as mais jovens experimentam\u201d, avalia o pediatra.<\/p>\n<p>Woods destaca que os\u00a0<a href=\"https:\/\/www.cdc.gov\/mmwr\/volumes\/69\/wr\/mm6939e2.htm?s_cid=mm6939e2_w\">adolescentes costumam ter duas vezes mais chances<\/a>\u00a0de receberem diagn\u00f3stico positivo para a doen\u00e7a do que as crian\u00e7as entre cinco e onze anos. \u201cOs pesquisadores ainda est\u00e3o tentando entender por que h\u00e1 essas diferen\u00e7as entre crian\u00e7as mais velhas e mais novas.\u00a0O comportamento provavelmente desempenha um papel.\u00a0Os adolescentes s\u00e3o mais propensos a se envolverem em atividades sociais ou em grupo e podem ou n\u00e3o usar m\u00e1scaras.\u00a0<a href=\"http:\/\/doi.org\/10.1126\/scitranslmed.abd5487\">Diferen\u00e7as imunol\u00f3gicas<\/a>\u00a0e\u00a0<a href=\"http:\/\/jamanetwork.com\/article.aspx?doi=10.1001\/jama.2020.8707\">fatores biol\u00f3gicos<\/a>\u00a0tamb\u00e9m podem desempenhar algum papel\u201d, considera.<\/p>\n<p>Entretanto, o m\u00e9dico destaca que, mesmo que seja mais comum a Covid se manifestar de forma leve entre as crian\u00e7as, isso n\u00e3o significa que elas n\u00e3o estejam expostas a s\u00e9rios riscos. Infelizmente, essa evid\u00eancia tem sido comprovada por interna\u00e7\u00f5es de crian\u00e7as com quadros graves provocados pelo novo coronav\u00edrus e, inclusive, pelas mortes de algumas delas.<\/p>\n<p>Portanto, o pediatra ressalta que, tamb\u00e9m para as crian\u00e7as e adolescentes, deve prevalecer as recomenda\u00e7\u00f5es de distanciamento social e de uso de m\u00e1scaras, principalmente enquanto a vacina n\u00e3o chega a elas.<\/p>\n<h6>2. Antes da vacina, as crian\u00e7as est\u00e3o espalhando o v\u00edrus?<\/h6>\n<p>Segundo Woods, em escolas onde as diretrizes de conten\u00e7\u00e3o do v\u00edrus s\u00e3o seguidas com rigor, aparentemente, a transmiss\u00e3o da Covid n\u00e3o chega a ser preocupante. O m\u00e9dico destaca que, nos Estados Unidos, o Centro de Controle e Preven\u00e7\u00e3o de Doen\u00e7as (CDC, na sigla em ingl\u00eas) encontrou\u00a0<a href=\"https:\/\/www.cdc.gov\/mmwr\/volumes\/70\/wr\/mm7003e1.htm\">pouca diferen\u00e7a<\/a>\u00a0nos n\u00edveis de contamina\u00e7\u00e3o das crian\u00e7as com aulas presenciais na compara\u00e7\u00e3o com as que estavam recebendo ensino remoto.<\/p>\n<p>Por\u00e9m, antes de a vacina chegar at\u00e9 o p\u00fablico infantojuvenil, a grande quest\u00e3o est\u00e1 exatamente em haver ou n\u00e3o garantia de que as escolas cumprir\u00e3o as regras com rigor. \u201cSe n\u00e3o houver precau\u00e7\u00f5es, as crian\u00e7as infectadas com o coronav\u00edrus podem muito bem\u00a0<a href=\"https:\/\/www.cidrap.umn.edu\/news-perspective\/2020\/12\/study-kids-adults-equally-susceptible-home-covid-19-spread\">transmiti-lo aos adultos<\/a>\u00a0.\u00a0O que ainda n\u00e3o est\u00e1 claro \u00e9 o qu\u00e3o grande \u00e9 esse risco\u201d, explica Woods.<\/p>\n<p>O professor entende que, com os adolescentes em particular, a necessidade do uso de m\u00e1scara n\u00e3o pode depender de a pessoa ter sido vacinada ou n\u00e3o.\u00a0\u201cAt\u00e9 que\u00a0<a href=\"https:\/\/www.nature.com\/articles\/d41586-021-00728-2\">a imunidade coletiva<\/a>\u00a0esteja em um bom n\u00edvel, o distanciamento social e usar m\u00e1scara ainda ser\u00e3o necess\u00e1rios\u201d, diz.<\/p>\n<h6>3. Quando as crian\u00e7as e os adolescentes poder\u00e3o ser vacinados?<\/h6>\n<p>Woods explica que para haver uma resposta concreta para essa quest\u00e3o a ind\u00fastria farmac\u00eautica ainda precisa realizar mais testes com as vacinas. Nos Estados Unidos, por exemplo, a vacina da Pfizer foi a \u00fanica que, at\u00e9 o momento, recebeu autoriza\u00e7\u00e3o para ser aplicada em adolescentes a <a href=\"https:\/\/www.fda.gov\/media\/144412\/download\">partir dos 16 anos<\/a> . \u201cRealisticamente, crian\u00e7as pequenas provavelmente n\u00e3o ser\u00e3o eleg\u00edveis para a vacina antes do final do outono ou do inverno (a refer\u00eancia \u00e9 relacionada \u00e0 realidade dos Estados Unidos). A Moderna anunciou no dia 16 de mar\u00e7o que come\u00e7ou a testar a vacina <a href=\"https:\/\/investors.modernatx.com\/news-releases\/news-release-details\/moderna-announces-first-participants-dosed-phase-23-study-0\">em crian\u00e7as de seis meses a onze anos<\/a>\u00a0.\u00a0A Pfizer ainda n\u00e3o atingiu esse est\u00e1gio e essas tentativas levam tempo\u201d, esclarece.<\/p>\n<h6>4. O que h\u00e1 de diferente nas vacinas que as crian\u00e7as e adolescentes receber\u00e3o?<\/h6>\n<p>De acordo com o pediatra, a diferen\u00e7a est\u00e1 na dosagem, uma vez que a composi\u00e7\u00e3o das vacinas para crian\u00e7as e adolescentes permanece a mesma da usada para adultos. \u201cO primeiro passo nos testes de vacinas \u00e9 descobrir a dose certa.\u00a0As empresas querem encontrar a menor dose poss\u00edvel que seja segura e produza um n\u00edvel-alvo de anticorpos.\u00a0Assim que a ind\u00fastria determinar a dose ideal, ela lan\u00e7ar\u00e1 um estudo controlado com placebo para testar sua efic\u00e1cia, no qual algumas crian\u00e7as receber\u00e3o um placebo e algumas receber\u00e3o a vacina\u201d, explica.<\/p>\n<p>Woods se mostra otimista quanto \u00e0 possibilidade de, logo, haver uma vacina segura e eficaz para o p\u00fablico infantojuvenil. \u201cAt\u00e9 o momento, n\u00e3o houve nenhum sinal de seguran\u00e7a dos estudos de adultos ou adolescentes que me preocuparam como pediatra. Mas, os estudos ainda precisam ser feitos em crian\u00e7as\u201d, diz.<\/p>\n<h6>5. Antes da vacina, como as crian\u00e7as podem brincar com seguran\u00e7a?<\/h6>\n<p>\u201cQuando converso com os pais, explico que esta \u00e9 uma quest\u00e3o de risco versus benef\u00edcio. Cada fam\u00edlia tem uma toler\u00e2ncia diferente. Do ponto de vista m\u00e9dico, a sa\u00fade mental das crian\u00e7as e fazer com que elas brinquem com outras crian\u00e7as \u00e9 uma parte importante da inf\u00e2ncia\u201d, considera Woods. Entretanto, o pediatra alerta para o risco elevado que existe nas brincadeiras entre crian\u00e7as de diferentes fam\u00edlias em um espa\u00e7o fechado, sobretudo quando elas est\u00e3o sem m\u00e1scara. \u201cEncorajo as crian\u00e7as a brincarem ao ar livre. Ande de bicicleta, brinque e socialize. Apenas fa\u00e7a isso de maneira segura\u201d, recomenda.<\/p>\n<p>Woods entende que todos n\u00f3s \u2014 inclusive as crian\u00e7as e, sobretudo, os profissionais de sa\u00fade \u2014 estejamos cansados de todas as exig\u00eancias impostas pela pandemia. Entretanto, mesmo com a vacina\u00e7\u00e3o tendo sido iniciada e mesmo que logo ela chegue tamb\u00e9m ao p\u00fablico infantojuvenil, o momento n\u00e3o \u00e9 de abrir m\u00e3o das medidas de seguran\u00e7a. Pelo contr\u00e1rio, a hora \u00e9 de redobrar os cuidados. \u201cA pior coisa que podemos fazer assim que <a href=\"https:\/\/covid.cdc.gov\/covid-data-tracker\/#trends_dailytrendscases\">come\u00e7amos a ver uma luz no final do t\u00fanel<\/a>\u00a0 \u00e9 andar para tr\u00e1s novamente. Isso tornaria tudo muito mais demorado para todos n\u00f3s\u201d, conclui o pediatra.<\/p>\n<p>&nbsp;<\/p>\n<p>&nbsp;<\/p>\n<p><strong><em>Uma dica<\/em><\/strong><\/p>\n<p><em>Para mais informa\u00e7\u00f5es sobre os temas abordados nessa mat\u00e9ria, acesse os links dispon\u00edveis ao longo do texto. Eles remetem \u00e0s fontes utilizadas aqui.\u00a0<\/em><\/p>\n<p><em>Uma dica: os artigos fora da p\u00e1gina do Comunidade Ativa que n\u00e3o estiverem em portugu\u00eas podem ser traduzidos automaticamente pelo navegador pelo seu navegador. Pra isso, basta clicar com o bot\u00e3o direito em qualquer ponto do texto a ser traduzido e escolher a op\u00e7\u00e3o \u201cTraduzir para o portugu\u00eas\u201d.\u00a0<\/em><\/p>\n<p>&nbsp;<\/p>\n","protected":false},"excerpt":{"rendered":"<p>Enquanto no Brasil e em boa parte do mundo, mesmo para o p\u00fablico adulto, a vacina\u00e7\u00e3o caminha a passos lentos,<\/p>\n","protected":false},"author":1,"featured_media":1874,"comment_status":"closed","ping_status":"open","sticky":false,"template":"","format":"standard","meta":{"footnotes":""},"categories":[9],"tags":[],"class_list":["post-1873","post","type-post","status-publish","format-standard","has-post-thumbnail","hentry","category-saude-qualidade-de-vida"],"yoast_head":"<!-- This site is optimized with the Yoast SEO plugin v26.0 - https:\/\/yoast.com\/wordpress\/plugins\/seo\/ -->\n<title>Crian\u00e7as e adolescentes devem se vacinar? Pediatra responde a esta e a outras quest\u00f5es sobre a vacina\u00e7\u00e3o do p\u00fablico infantojuvenil - Comunidade Ativa<\/title>\n<meta name=\"robots\" content=\"index, follow, max-snippet:-1, max-image-preview:large, max-video-preview:-1\" \/>\n<link rel=\"canonical\" href=\"https:\/\/www.comunidadeativa.jor.br\/index.php\/2021\/03\/24\/criancas-e-adolescentes-devem-se-vacinar-pediatra-responde-a-esta-e-a-outras-questoes-sobre-a-vacinacao-do-publico-infantojuvenil\/\" \/>\n<meta property=\"og:locale\" content=\"pt_BR\" \/>\n<meta property=\"og:type\" content=\"article\" \/>\n<meta property=\"og:title\" content=\"Crian\u00e7as e adolescentes devem se vacinar? Pediatra responde a esta e a outras quest\u00f5es sobre a vacina\u00e7\u00e3o do p\u00fablico infantojuvenil - Comunidade Ativa\" \/>\n<meta property=\"og:description\" content=\"Enquanto no Brasil e em boa parte do mundo, mesmo para o p\u00fablico adulto, a vacina\u00e7\u00e3o caminha a passos lentos,\" \/>\n<meta property=\"og:url\" content=\"https:\/\/www.comunidadeativa.jor.br\/index.php\/2021\/03\/24\/criancas-e-adolescentes-devem-se-vacinar-pediatra-responde-a-esta-e-a-outras-questoes-sobre-a-vacinacao-do-publico-infantojuvenil\/\" \/>\n<meta property=\"og:site_name\" content=\"Comunidade Ativa\" \/>\n<meta property=\"article:publisher\" content=\"https:\/\/www.facebook.com\/comunidadeativa\" \/>\n<meta property=\"article:published_time\" content=\"2021-03-24T16:24:15+00:00\" \/>\n<meta property=\"article:modified_time\" content=\"2023-08-11T20:05:04+00:00\" \/>\n<meta property=\"og:image\" content=\"https:\/\/www.comunidadeativa.jor.br\/wp-content\/uploads\/2021\/03\/capa-16.jpg\" \/>\n\t<meta property=\"og:image:width\" content=\"640\" \/>\n\t<meta property=\"og:image:height\" content=\"352\" \/>\n\t<meta property=\"og:image:type\" content=\"image\/jpeg\" \/>\n<meta name=\"author\" content=\"Comunidade Ativa\" \/>\n<meta name=\"twitter:card\" content=\"summary_large_image\" \/>\n<meta name=\"twitter:label1\" content=\"Escrito por\" \/>\n\t<meta name=\"twitter:data1\" content=\"Comunidade Ativa\" \/>\n\t<meta name=\"twitter:label2\" content=\"Est. tempo de leitura\" \/>\n\t<meta name=\"twitter:data2\" content=\"6 minutos\" \/>\n<script type=\"application\/ld+json\" class=\"yoast-schema-graph\">{\"@context\":\"https:\/\/schema.org\",\"@graph\":[{\"@type\":\"Article\",\"@id\":\"https:\/\/www.comunidadeativa.jor.br\/index.php\/2021\/03\/24\/criancas-e-adolescentes-devem-se-vacinar-pediatra-responde-a-esta-e-a-outras-questoes-sobre-a-vacinacao-do-publico-infantojuvenil\/#article\",\"isPartOf\":{\"@id\":\"https:\/\/www.comunidadeativa.jor.br\/index.php\/2021\/03\/24\/criancas-e-adolescentes-devem-se-vacinar-pediatra-responde-a-esta-e-a-outras-questoes-sobre-a-vacinacao-do-publico-infantojuvenil\/\"},\"author\":{\"name\":\"Comunidade Ativa\",\"@id\":\"https:\/\/www.comunidadeativa.jor.br\/#\/schema\/person\/dcaa1f1c51c1f0c47a33b2b734cad6e1\"},\"headline\":\"Crian\u00e7as e adolescentes devem se vacinar? Pediatra responde a esta e a outras quest\u00f5es sobre a vacina\u00e7\u00e3o do p\u00fablico infantojuvenil\",\"datePublished\":\"2021-03-24T16:24:15+00:00\",\"dateModified\":\"2023-08-11T20:05:04+00:00\",\"mainEntityOfPage\":{\"@id\":\"https:\/\/www.comunidadeativa.jor.br\/index.php\/2021\/03\/24\/criancas-e-adolescentes-devem-se-vacinar-pediatra-responde-a-esta-e-a-outras-questoes-sobre-a-vacinacao-do-publico-infantojuvenil\/\"},\"wordCount\":1278,\"publisher\":{\"@id\":\"https:\/\/www.comunidadeativa.jor.br\/#organization\"},\"image\":{\"@id\":\"https:\/\/www.comunidadeativa.jor.br\/index.php\/2021\/03\/24\/criancas-e-adolescentes-devem-se-vacinar-pediatra-responde-a-esta-e-a-outras-questoes-sobre-a-vacinacao-do-publico-infantojuvenil\/#primaryimage\"},\"thumbnailUrl\":\"https:\/\/www.comunidadeativa.jor.br\/wp-content\/uploads\/2021\/03\/capa-16.jpg\",\"articleSection\":[\"Sa\u00fade &amp; Qualidade de Vida\"],\"inLanguage\":\"pt-BR\"},{\"@type\":\"WebPage\",\"@id\":\"https:\/\/www.comunidadeativa.jor.br\/index.php\/2021\/03\/24\/criancas-e-adolescentes-devem-se-vacinar-pediatra-responde-a-esta-e-a-outras-questoes-sobre-a-vacinacao-do-publico-infantojuvenil\/\",\"url\":\"https:\/\/www.comunidadeativa.jor.br\/index.php\/2021\/03\/24\/criancas-e-adolescentes-devem-se-vacinar-pediatra-responde-a-esta-e-a-outras-questoes-sobre-a-vacinacao-do-publico-infantojuvenil\/\",\"name\":\"Crian\u00e7as e adolescentes devem se vacinar? Pediatra responde a esta e a outras quest\u00f5es sobre a vacina\u00e7\u00e3o do p\u00fablico infantojuvenil - Comunidade Ativa\",\"isPartOf\":{\"@id\":\"https:\/\/www.comunidadeativa.jor.br\/#website\"},\"primaryImageOfPage\":{\"@id\":\"https:\/\/www.comunidadeativa.jor.br\/index.php\/2021\/03\/24\/criancas-e-adolescentes-devem-se-vacinar-pediatra-responde-a-esta-e-a-outras-questoes-sobre-a-vacinacao-do-publico-infantojuvenil\/#primaryimage\"},\"image\":{\"@id\":\"https:\/\/www.comunidadeativa.jor.br\/index.php\/2021\/03\/24\/criancas-e-adolescentes-devem-se-vacinar-pediatra-responde-a-esta-e-a-outras-questoes-sobre-a-vacinacao-do-publico-infantojuvenil\/#primaryimage\"},\"thumbnailUrl\":\"https:\/\/www.comunidadeativa.jor.br\/wp-content\/uploads\/2021\/03\/capa-16.jpg\",\"datePublished\":\"2021-03-24T16:24:15+00:00\",\"dateModified\":\"2023-08-11T20:05:04+00:00\",\"breadcrumb\":{\"@id\":\"https:\/\/www.comunidadeativa.jor.br\/index.php\/2021\/03\/24\/criancas-e-adolescentes-devem-se-vacinar-pediatra-responde-a-esta-e-a-outras-questoes-sobre-a-vacinacao-do-publico-infantojuvenil\/#breadcrumb\"},\"inLanguage\":\"pt-BR\",\"potentialAction\":[{\"@type\":\"ReadAction\",\"target\":[\"https:\/\/www.comunidadeativa.jor.br\/index.php\/2021\/03\/24\/criancas-e-adolescentes-devem-se-vacinar-pediatra-responde-a-esta-e-a-outras-questoes-sobre-a-vacinacao-do-publico-infantojuvenil\/\"]}]},{\"@type\":\"ImageObject\",\"inLanguage\":\"pt-BR\",\"@id\":\"https:\/\/www.comunidadeativa.jor.br\/index.php\/2021\/03\/24\/criancas-e-adolescentes-devem-se-vacinar-pediatra-responde-a-esta-e-a-outras-questoes-sobre-a-vacinacao-do-publico-infantojuvenil\/#primaryimage\",\"url\":\"https:\/\/www.comunidadeativa.jor.br\/wp-content\/uploads\/2021\/03\/capa-16.jpg\",\"contentUrl\":\"https:\/\/www.comunidadeativa.jor.br\/wp-content\/uploads\/2021\/03\/capa-16.jpg\",\"width\":640,\"height\":352},{\"@type\":\"BreadcrumbList\",\"@id\":\"https:\/\/www.comunidadeativa.jor.br\/index.php\/2021\/03\/24\/criancas-e-adolescentes-devem-se-vacinar-pediatra-responde-a-esta-e-a-outras-questoes-sobre-a-vacinacao-do-publico-infantojuvenil\/#breadcrumb\",\"itemListElement\":[{\"@type\":\"ListItem\",\"position\":1,\"name\":\"In\u00edcio\",\"item\":\"https:\/\/www.comunidadeativa.jor.br\/\"},{\"@type\":\"ListItem\",\"position\":2,\"name\":\"Crian\u00e7as e adolescentes devem se vacinar? Pediatra responde a esta e a outras quest\u00f5es sobre a vacina\u00e7\u00e3o do p\u00fablico infantojuvenil\"}]},{\"@type\":\"WebSite\",\"@id\":\"https:\/\/www.comunidadeativa.jor.br\/#website\",\"url\":\"https:\/\/www.comunidadeativa.jor.br\/\",\"name\":\"Comunidade Ativa\",\"description\":\"\",\"publisher\":{\"@id\":\"https:\/\/www.comunidadeativa.jor.br\/#organization\"},\"potentialAction\":[{\"@type\":\"SearchAction\",\"target\":{\"@type\":\"EntryPoint\",\"urlTemplate\":\"https:\/\/www.comunidadeativa.jor.br\/?s={search_term_string}\"},\"query-input\":{\"@type\":\"PropertyValueSpecification\",\"valueRequired\":true,\"valueName\":\"search_term_string\"}}],\"inLanguage\":\"pt-BR\"},{\"@type\":\"Organization\",\"@id\":\"https:\/\/www.comunidadeativa.jor.br\/#organization\",\"name\":\"Comunidade Ativa\",\"url\":\"https:\/\/www.comunidadeativa.jor.br\/\",\"logo\":{\"@type\":\"ImageObject\",\"inLanguage\":\"pt-BR\",\"@id\":\"https:\/\/www.comunidadeativa.jor.br\/#\/schema\/logo\/image\/\",\"url\":\"https:\/\/www.comunidadeativa.jor.br\/wp-content\/uploads\/2018\/03\/cropped-LOGOPNG-1.png\",\"contentUrl\":\"https:\/\/www.comunidadeativa.jor.br\/wp-content\/uploads\/2018\/03\/cropped-LOGOPNG-1.png\",\"width\":318,\"height\":90,\"caption\":\"Comunidade Ativa\"},\"image\":{\"@id\":\"https:\/\/www.comunidadeativa.jor.br\/#\/schema\/logo\/image\/\"},\"sameAs\":[\"https:\/\/www.facebook.com\/comunidadeativa\"]},{\"@type\":\"Person\",\"@id\":\"https:\/\/www.comunidadeativa.jor.br\/#\/schema\/person\/dcaa1f1c51c1f0c47a33b2b734cad6e1\",\"name\":\"Comunidade Ativa\",\"image\":{\"@type\":\"ImageObject\",\"inLanguage\":\"pt-BR\",\"@id\":\"https:\/\/www.comunidadeativa.jor.br\/#\/schema\/person\/image\/\",\"url\":\"https:\/\/secure.gravatar.com\/avatar\/09a9a1f85fedf41e81b47f7c1d40084f?s=96&d=mm&r=g\",\"contentUrl\":\"https:\/\/secure.gravatar.com\/avatar\/09a9a1f85fedf41e81b47f7c1d40084f?s=96&d=mm&r=g\",\"caption\":\"Comunidade Ativa\"},\"url\":\"https:\/\/www.comunidadeativa.jor.br\/index.php\/author\/casalberto\/\"}]}<\/script>\n<!-- \/ Yoast SEO plugin. -->","yoast_head_json":{"title":"Crian\u00e7as e adolescentes devem se vacinar? Pediatra responde a esta e a outras quest\u00f5es sobre a vacina\u00e7\u00e3o do p\u00fablico infantojuvenil - Comunidade Ativa","robots":{"index":"index","follow":"follow","max-snippet":"max-snippet:-1","max-image-preview":"max-image-preview:large","max-video-preview":"max-video-preview:-1"},"canonical":"https:\/\/www.comunidadeativa.jor.br\/index.php\/2021\/03\/24\/criancas-e-adolescentes-devem-se-vacinar-pediatra-responde-a-esta-e-a-outras-questoes-sobre-a-vacinacao-do-publico-infantojuvenil\/","og_locale":"pt_BR","og_type":"article","og_title":"Crian\u00e7as e adolescentes devem se vacinar? Pediatra responde a esta e a outras quest\u00f5es sobre a vacina\u00e7\u00e3o do p\u00fablico infantojuvenil - Comunidade Ativa","og_description":"Enquanto no Brasil e em boa parte do mundo, mesmo para o p\u00fablico adulto, a vacina\u00e7\u00e3o caminha a passos lentos,","og_url":"https:\/\/www.comunidadeativa.jor.br\/index.php\/2021\/03\/24\/criancas-e-adolescentes-devem-se-vacinar-pediatra-responde-a-esta-e-a-outras-questoes-sobre-a-vacinacao-do-publico-infantojuvenil\/","og_site_name":"Comunidade Ativa","article_publisher":"https:\/\/www.facebook.com\/comunidadeativa","article_published_time":"2021-03-24T16:24:15+00:00","article_modified_time":"2023-08-11T20:05:04+00:00","og_image":[{"width":640,"height":352,"url":"https:\/\/www.comunidadeativa.jor.br\/wp-content\/uploads\/2021\/03\/capa-16.jpg","type":"image\/jpeg"}],"author":"Comunidade Ativa","twitter_card":"summary_large_image","twitter_misc":{"Escrito por":"Comunidade Ativa","Est. tempo de leitura":"6 minutos"},"schema":{"@context":"https:\/\/schema.org","@graph":[{"@type":"Article","@id":"https:\/\/www.comunidadeativa.jor.br\/index.php\/2021\/03\/24\/criancas-e-adolescentes-devem-se-vacinar-pediatra-responde-a-esta-e-a-outras-questoes-sobre-a-vacinacao-do-publico-infantojuvenil\/#article","isPartOf":{"@id":"https:\/\/www.comunidadeativa.jor.br\/index.php\/2021\/03\/24\/criancas-e-adolescentes-devem-se-vacinar-pediatra-responde-a-esta-e-a-outras-questoes-sobre-a-vacinacao-do-publico-infantojuvenil\/"},"author":{"name":"Comunidade Ativa","@id":"https:\/\/www.comunidadeativa.jor.br\/#\/schema\/person\/dcaa1f1c51c1f0c47a33b2b734cad6e1"},"headline":"Crian\u00e7as e adolescentes devem se vacinar? Pediatra responde a esta e a outras quest\u00f5es sobre a vacina\u00e7\u00e3o do p\u00fablico infantojuvenil","datePublished":"2021-03-24T16:24:15+00:00","dateModified":"2023-08-11T20:05:04+00:00","mainEntityOfPage":{"@id":"https:\/\/www.comunidadeativa.jor.br\/index.php\/2021\/03\/24\/criancas-e-adolescentes-devem-se-vacinar-pediatra-responde-a-esta-e-a-outras-questoes-sobre-a-vacinacao-do-publico-infantojuvenil\/"},"wordCount":1278,"publisher":{"@id":"https:\/\/www.comunidadeativa.jor.br\/#organization"},"image":{"@id":"https:\/\/www.comunidadeativa.jor.br\/index.php\/2021\/03\/24\/criancas-e-adolescentes-devem-se-vacinar-pediatra-responde-a-esta-e-a-outras-questoes-sobre-a-vacinacao-do-publico-infantojuvenil\/#primaryimage"},"thumbnailUrl":"https:\/\/www.comunidadeativa.jor.br\/wp-content\/uploads\/2021\/03\/capa-16.jpg","articleSection":["Sa\u00fade &amp; Qualidade de Vida"],"inLanguage":"pt-BR"},{"@type":"WebPage","@id":"https:\/\/www.comunidadeativa.jor.br\/index.php\/2021\/03\/24\/criancas-e-adolescentes-devem-se-vacinar-pediatra-responde-a-esta-e-a-outras-questoes-sobre-a-vacinacao-do-publico-infantojuvenil\/","url":"https:\/\/www.comunidadeativa.jor.br\/index.php\/2021\/03\/24\/criancas-e-adolescentes-devem-se-vacinar-pediatra-responde-a-esta-e-a-outras-questoes-sobre-a-vacinacao-do-publico-infantojuvenil\/","name":"Crian\u00e7as e adolescentes devem se vacinar? Pediatra responde a esta e a outras quest\u00f5es sobre a vacina\u00e7\u00e3o do p\u00fablico infantojuvenil - Comunidade Ativa","isPartOf":{"@id":"https:\/\/www.comunidadeativa.jor.br\/#website"},"primaryImageOfPage":{"@id":"https:\/\/www.comunidadeativa.jor.br\/index.php\/2021\/03\/24\/criancas-e-adolescentes-devem-se-vacinar-pediatra-responde-a-esta-e-a-outras-questoes-sobre-a-vacinacao-do-publico-infantojuvenil\/#primaryimage"},"image":{"@id":"https:\/\/www.comunidadeativa.jor.br\/index.php\/2021\/03\/24\/criancas-e-adolescentes-devem-se-vacinar-pediatra-responde-a-esta-e-a-outras-questoes-sobre-a-vacinacao-do-publico-infantojuvenil\/#primaryimage"},"thumbnailUrl":"https:\/\/www.comunidadeativa.jor.br\/wp-content\/uploads\/2021\/03\/capa-16.jpg","datePublished":"2021-03-24T16:24:15+00:00","dateModified":"2023-08-11T20:05:04+00:00","breadcrumb":{"@id":"https:\/\/www.comunidadeativa.jor.br\/index.php\/2021\/03\/24\/criancas-e-adolescentes-devem-se-vacinar-pediatra-responde-a-esta-e-a-outras-questoes-sobre-a-vacinacao-do-publico-infantojuvenil\/#breadcrumb"},"inLanguage":"pt-BR","potentialAction":[{"@type":"ReadAction","target":["https:\/\/www.comunidadeativa.jor.br\/index.php\/2021\/03\/24\/criancas-e-adolescentes-devem-se-vacinar-pediatra-responde-a-esta-e-a-outras-questoes-sobre-a-vacinacao-do-publico-infantojuvenil\/"]}]},{"@type":"ImageObject","inLanguage":"pt-BR","@id":"https:\/\/www.comunidadeativa.jor.br\/index.php\/2021\/03\/24\/criancas-e-adolescentes-devem-se-vacinar-pediatra-responde-a-esta-e-a-outras-questoes-sobre-a-vacinacao-do-publico-infantojuvenil\/#primaryimage","url":"https:\/\/www.comunidadeativa.jor.br\/wp-content\/uploads\/2021\/03\/capa-16.jpg","contentUrl":"https:\/\/www.comunidadeativa.jor.br\/wp-content\/uploads\/2021\/03\/capa-16.jpg","width":640,"height":352},{"@type":"BreadcrumbList","@id":"https:\/\/www.comunidadeativa.jor.br\/index.php\/2021\/03\/24\/criancas-e-adolescentes-devem-se-vacinar-pediatra-responde-a-esta-e-a-outras-questoes-sobre-a-vacinacao-do-publico-infantojuvenil\/#breadcrumb","itemListElement":[{"@type":"ListItem","position":1,"name":"In\u00edcio","item":"https:\/\/www.comunidadeativa.jor.br\/"},{"@type":"ListItem","position":2,"name":"Crian\u00e7as e adolescentes devem se vacinar? Pediatra responde a esta e a outras quest\u00f5es sobre a vacina\u00e7\u00e3o do p\u00fablico infantojuvenil"}]},{"@type":"WebSite","@id":"https:\/\/www.comunidadeativa.jor.br\/#website","url":"https:\/\/www.comunidadeativa.jor.br\/","name":"Comunidade Ativa","description":"","publisher":{"@id":"https:\/\/www.comunidadeativa.jor.br\/#organization"},"potentialAction":[{"@type":"SearchAction","target":{"@type":"EntryPoint","urlTemplate":"https:\/\/www.comunidadeativa.jor.br\/?s={search_term_string}"},"query-input":{"@type":"PropertyValueSpecification","valueRequired":true,"valueName":"search_term_string"}}],"inLanguage":"pt-BR"},{"@type":"Organization","@id":"https:\/\/www.comunidadeativa.jor.br\/#organization","name":"Comunidade Ativa","url":"https:\/\/www.comunidadeativa.jor.br\/","logo":{"@type":"ImageObject","inLanguage":"pt-BR","@id":"https:\/\/www.comunidadeativa.jor.br\/#\/schema\/logo\/image\/","url":"https:\/\/www.comunidadeativa.jor.br\/wp-content\/uploads\/2018\/03\/cropped-LOGOPNG-1.png","contentUrl":"https:\/\/www.comunidadeativa.jor.br\/wp-content\/uploads\/2018\/03\/cropped-LOGOPNG-1.png","width":318,"height":90,"caption":"Comunidade Ativa"},"image":{"@id":"https:\/\/www.comunidadeativa.jor.br\/#\/schema\/logo\/image\/"},"sameAs":["https:\/\/www.facebook.com\/comunidadeativa"]},{"@type":"Person","@id":"https:\/\/www.comunidadeativa.jor.br\/#\/schema\/person\/dcaa1f1c51c1f0c47a33b2b734cad6e1","name":"Comunidade Ativa","image":{"@type":"ImageObject","inLanguage":"pt-BR","@id":"https:\/\/www.comunidadeativa.jor.br\/#\/schema\/person\/image\/","url":"https:\/\/secure.gravatar.com\/avatar\/09a9a1f85fedf41e81b47f7c1d40084f?s=96&d=mm&r=g","contentUrl":"https:\/\/secure.gravatar.com\/avatar\/09a9a1f85fedf41e81b47f7c1d40084f?s=96&d=mm&r=g","caption":"Comunidade Ativa"},"url":"https:\/\/www.comunidadeativa.jor.br\/index.php\/author\/casalberto\/"}]}},"_links":{"self":[{"href":"https:\/\/www.comunidadeativa.jor.br\/index.php\/wp-json\/wp\/v2\/posts\/1873","targetHints":{"allow":["GET"]}}],"collection":[{"href":"https:\/\/www.comunidadeativa.jor.br\/index.php\/wp-json\/wp\/v2\/posts"}],"about":[{"href":"https:\/\/www.comunidadeativa.jor.br\/index.php\/wp-json\/wp\/v2\/types\/post"}],"author":[{"embeddable":true,"href":"https:\/\/www.comunidadeativa.jor.br\/index.php\/wp-json\/wp\/v2\/users\/1"}],"replies":[{"embeddable":true,"href":"https:\/\/www.comunidadeativa.jor.br\/index.php\/wp-json\/wp\/v2\/comments?post=1873"}],"version-history":[{"count":2,"href":"https:\/\/www.comunidadeativa.jor.br\/index.php\/wp-json\/wp\/v2\/posts\/1873\/revisions"}],"predecessor-version":[{"id":3813,"href":"https:\/\/www.comunidadeativa.jor.br\/index.php\/wp-json\/wp\/v2\/posts\/1873\/revisions\/3813"}],"wp:featuredmedia":[{"embeddable":true,"href":"https:\/\/www.comunidadeativa.jor.br\/index.php\/wp-json\/wp\/v2\/media\/1874"}],"wp:attachment":[{"href":"https:\/\/www.comunidadeativa.jor.br\/index.php\/wp-json\/wp\/v2\/media?parent=1873"}],"wp:term":[{"taxonomy":"category","embeddable":true,"href":"https:\/\/www.comunidadeativa.jor.br\/index.php\/wp-json\/wp\/v2\/categories?post=1873"},{"taxonomy":"post_tag","embeddable":true,"href":"https:\/\/www.comunidadeativa.jor.br\/index.php\/wp-json\/wp\/v2\/tags?post=1873"}],"curies":[{"name":"wp","href":"https:\/\/api.w.org\/{rel}","templated":true}]}}