{"id":1879,"date":"2021-03-26T19:33:50","date_gmt":"2021-03-26T22:33:50","guid":{"rendered":"https:\/\/www.comunidadeativa.jor.br\/?p=1879"},"modified":"2023-08-11T17:05:23","modified_gmt":"2023-08-11T20:05:23","slug":"o-descarte-correto-de-equipamentos-eletroeletronicos-pode-render-bilhoes-de-dolares","status":"publish","type":"post","link":"https:\/\/www.comunidadeativa.jor.br\/index.php\/2021\/03\/26\/o-descarte-correto-de-equipamentos-eletroeletronicos-pode-render-bilhoes-de-dolares\/","title":{"rendered":"O descarte correto de equipamentos eletroeletr\u00f4nicos pode render bilh\u00f5es de d\u00f3lares"},"content":{"rendered":"<p><em>por Carlos Alberto Rocha*<\/em><\/p>\n<p>Enquanto a fam\u00edlia se alegra com a chegada da TV 8 k, <a href=\"https:\/\/www.tecmundo.com.br\/produto\/140282-sony-apresenta-tela-resolucao-16k-japao.htm\" target=\"_blank\" rel=\"noopener\">a ind\u00fastria j\u00e1 desenvolveu a tela com resolu\u00e7\u00e3o em dobro, 16 k<\/a>. O smartphone mais moderno de 2020 est\u00e1 sendo ultrapassado pelos lan\u00e7amentos de 2021. Festejado h\u00e1 pouco mais de um ano pelas inova\u00e7\u00f5es que oferece, o processador i9, da Intel, est\u00e1 longe de ser obsoleto, mas em alguns quesitos foi superado por vers\u00f5es posteriores, que j\u00e1 incluem uma d\u00e9cima gera\u00e7\u00e3o. E assim caminha a tecnologia.<\/p>\n<p>Ali\u00e1s, foi o qu\u00edmico americano Gordon Moore, um dos fundadores da Intel, que, em 1965, publicou a famosa <a href=\"https:\/\/www.techtudo.com.br\/noticias\/noticia\/2015\/06\/o-que-e-lei-de-moore-entenda-teoria-que-preve-futuro-da-informatica.html\">Lei de Moore<\/a>, que vaticina que, a cada 18 meses, os processadores dobrar\u00e3o a capacidade de processamento, mantendo o mesmo valor de produ\u00e7\u00e3o. Mas n\u00e3o s\u00e3o s\u00f3 esses componentes que evoluem. Quanto mais avan\u00e7ada se torna a tecnologia, mais rapidamente surgem novos avan\u00e7os, nos mais variados segmentos.<\/p>\n<p>Assim, com uma velocidade cada vez maior, a cada piscar de olhos, a ind\u00fastria de equipamentos eletroeletr\u00f4nicos lan\u00e7a novos aparelhos, mais eficientes e sofisticados que os antecessores, o que \u00e9 \u00f3timo. Afinal, assistir a um filme numa tela com alta defini\u00e7\u00e3o e som bem equilibrado \u00e9 uma experi\u00eancia muito mais agrad\u00e1vel que a proporcionada pelas TVs com tubos de imagem do passado, por exemplo.<\/p>\n<h6>Tudo se transforma<\/h6>\n<p>Usufruir das vantagens tecnol\u00f3gicas \u00e9 algo desej\u00e1vel e at\u00e9 necess\u00e1rio em muitas situa\u00e7\u00f5es. At\u00e9 a\u00ed, tudo bem. Mas, o que fazer com os aparelhos que se tornam ultrapassados ou que se estragam, sem conserto?<\/p>\n<p>Para quem pensa que a via de consumo tem m\u00e3o \u00fanica, a resposta para o dilema dos equipamentos que j\u00e1 n\u00e3o servem mais \u00e9 muito simples: &#8220;jogar fora!&#8221;, \u00e9 o que dizem. Mas, h\u00e1 um grande defeito nesse racioc\u00ednio. Afinal, se pensarmos em termos de \u201cplaneta Terra\u201d n\u00e3o existe um \u201cfora\u201d, onde o que n\u00e3o nos interessa mais possa ser jogado.<\/p>\n<p>Todos os res\u00edduos que produzimos permanecem aqui, seguindo o que diz outro c\u00e9lebre vatic\u00ednio, o da fat\u00eddica lei de conserva\u00e7\u00e3o da mat\u00e9ria de Lavoisier, que todo mundo sabe na ponta da l\u00edngua: \u201cna natureza nada se cria, nada se perde, tudo se transforma\u201d. Em obedi\u00eancia ao que \u00e9 inevit\u00e1vel, h\u00e1 d\u00e9cadas, os equipamentos el\u00e9tricos e eletr\u00f4nicos que um dia foram modernos e cobi\u00e7ados e que com o passar do tempo v\u00e3o se tornando ultrapassados est\u00e3o se transformado em um tipo de res\u00edduo que acumula em pilhas gigantescas e perigosas.<\/p>\n<h6>53,6 milh\u00f5es de toneladas<\/h6>\n<p>De acordo com o <a href=\"https:\/\/publications.globalewaste.org\/v1\/file\/271\/The-Global-E-waste-Monitor-2020-Quantities-flows-and-the-circular-economy-potential.zip\" target=\"_blank\" rel=\"noopener\">Global E-waste Monitor 2020<\/a> (Monitor do Lixo Eletr\u00f4nico Global) \u2014 um levantamento de entidades internacionais que incluem a Universidade das Na\u00e7\u00f5es Unidas (UNU) e a Associa\u00e7\u00e3o Internacional de Res\u00edduos S\u00f3lidos (ISWA, na sigla em ingl\u00eas) e conta com a contribui\u00e7\u00e3o da Organiza\u00e7\u00e3o Mundial de Sa\u00fade (OMS) \u2014 , em 2019, o mundo gerou a bagatela de 53,6 milh\u00f5es de toneladas de res\u00edduos eletr\u00f4nicos. Um recorde, que representa 21% a mais do que a gera\u00e7\u00e3o registrada em 2014 e equivale ao peso de mais de 49 mil est\u00e1tuas do Cristo Redentor do Rio de Janeiro.<\/p>\n<p>A maior parte desse res\u00edduo poderia ter sido reciclada, com grande ganho ambiental e financeiro. Segundo a ISWA, todo o material descartado, que inclui ouro, cobre e outros metais, tem valor estimado em US$ 57 bilh\u00f5es. Contudo, apenas 17,4% do volume total de eletroeletr\u00f4nicos inserv\u00edveis receberam destina\u00e7\u00e3o adequada.<\/p>\n<p>O restante continua empilhado em um lugar qualquer, sem receber armazenamento devido, o que \u00e9 extremamente arriscado.<\/p>\n<h6>Danos \u00e0 sa\u00fade e ao planeta<\/h6>\n<p>Grande parte dos materiais utilizados na produ\u00e7\u00e3o de equipamentos eletroeletr\u00f4nicos oferece graves riscos ao meio ambiente e, consequentemente, \u00e0 vida de todos os seres vivos. Inclusive \u00e0 nossa. Um exemplo terr\u00edvel vem dos metais pesados \u2014merc\u00fario, n\u00edquel, chumbo e c\u00e1dmio \u2014 que est\u00e3o presentes em v\u00e1rios componentes dos aparelhos e que s\u00e3o extremamente prejudiciais \u00e0 sa\u00fade.<\/p>\n<p>H\u00e1 tamb\u00e9m outros elementos qu\u00edmicos agressivos ao meio ambiente que entram na fabrica\u00e7\u00e3o de produtos diversos que merecem aten\u00e7\u00e3o. Como o g\u00e1s freon, de geladeiras e de aparelhos de ar condicionado mais antigos, que prejudica a camada de oz\u00f4nio. Por isso, saiu de circula\u00e7\u00e3o no mundo todo, inclusive no Brasil, onde n\u00e3o \u00e9 utilizado desde 2003. Por\u00e9m, mesmo o g\u00e1s substituto, o R22, que n\u00e3o \u00e9 inteiramente inerte para o oz\u00f4nio e apresenta alto potencial de reten\u00e7\u00e3o de calor, oferece contribui\u00e7\u00e3o significativa para as altera\u00e7\u00f5es clim\u00e1ticas\u00a0 e tem sido menos utilizado na produ\u00e7\u00e3o de aparelhos fabricados em pa\u00edses desenvolvidos.<\/p>\n<p><a href=\"https:\/\/www.iswa.org\/home\/news\/news-detail\/article\/-21c8325490\/109\/#:~:text=A%20record%2053.6%20million%20metric,waste%20Monitor%202020%2C%20released%20today.&amp;text=Only%2017.4%20per%20cent%20of,waste%20was%20collected%20and%20recycled.\" target=\"_blank\" rel=\"noopener\">De acordo com a ISWA<\/a>, 0,3% das emiss\u00f5es globais de gases de efeito estufa em 2019 foi proveniente apenas do descarte incorreto de geladeiras e de aparelhos de ar condicionado.<\/p>\n<h6>Consumo consciente<\/h6>\n<p>Resistir \u00e0s tenta\u00e7\u00f5es da tecnologia nem sempre \u00e9 f\u00e1cil ou poss\u00edvel, uma vez que os benef\u00edcios que aparelhos mais eficientes proporcionam s\u00e3o ineg\u00e1veis. Entre outros aspectos, eles aumentam o conforto, facilitam as rotinas di\u00e1rias, melhoram as formas de entretenimento e a produtividade no trabalho. Contudo, nada impede que a consci\u00eancia aja nas decis\u00f5es de consumo.<\/p>\n<p>Por exemplo, antes de adquirir um produto novo, n\u00e3o h\u00e1 nenhum problema em considerar se ele \u00e9 realmente necess\u00e1rio ou se a compra n\u00e3o ser\u00e1 impulsionada apenas por um est\u00edmulo consumista. Se de fato os ganhos com o novo equipamento forem reais e justific\u00e1veis, tamb\u00e9m \u00e9 preciso pensar no que fazer com o aparelho que ser\u00e1 substitu\u00eddo.<\/p>\n<h6>Fim de linha<\/h6>\n<p>Se um aparelho antigo ainda estiver em condi\u00e7\u00f5es de uso, a venda ou a doa\u00e7\u00e3o s\u00e3o as melhores alternativas. Claro! Contudo, h\u00e1 momentos em que o equipamento se torna completamente obsoleto ou apresenta um defeito irrepar\u00e1vel, o que exige que ele seja descartado.<\/p>\n<p>Quando chega essa hora, a \u00fanica solu\u00e7\u00e3o racional \u00e9 enviar o equipamento inserv\u00edvel para alguma empresa que d\u00ea a destina\u00e7\u00e3o correta para esse tipo de res\u00edduo. Felizmente, em Belo Horizonte existem aquelas que fazem a coleta domiciliar sem custo nenhum (confira abaixo tr\u00eas dicas).<\/p>\n<ul>\n<li><a href=\"https:\/\/bhrecicla.com.br\/\">BHRecicla<\/a><\/li>\n<li><a href=\"https:\/\/emile.net.br\/\">Emile<\/a><\/li>\n<li><a href=\"https:\/\/mgrecicla.com\/servicos\/?pht=63381615901374512&amp;gclid=Cj0KCQjwjPaCBhDkARIsAISZN7Sx2cLN2sfCErQl6MWZPFemLB5xvmDszakYUmjifYWVmZb1ZRIKoOQaAoqFEALw_wcB\">MGRecicla<\/a><\/li>\n<\/ul>\n<h6>Minera\u00e7\u00e3o urbana<\/h6>\n<p>Na hora de fazerem o desmonte, em geral, as empresas especializadas nesse segmento obedecem \u00e0s regras de seguran\u00e7a indicadas para o manuseio dos componentes. Assim, sem oferecer risco ao meio ambiente, elas conseguem reaproveitar materiais diversos, que retornar\u00e3o para a ind\u00fastria de reciclagem ou que ser\u00e3o negociados diretamente no mercado. Ouro, cobre e alum\u00ednio, por exemplo, s\u00e3o metais com alto valor agregado que podem ser retirados de aparelhos descartados e vendidos \u00e0 ind\u00fastria.<\/p>\n<p>Isso significa que, al\u00e9m de evitar os danos ambientais, a destina\u00e7\u00e3o correta do res\u00edduo eletroeletr\u00f4nico representa gera\u00e7\u00e3o de riqueza, permitindo o desenvolvimento de uma atividade econ\u00f4mica definida como \u201cminera\u00e7\u00e3o urbana\u201d. Para termos uma ideia do que esse mercado significa em termos de valores, basta dizer que, de acordo com o Global E-waste Monitor 2020, o Brasil produziu 2,143 milh\u00f5es de toneladas de lixo eletroeletr\u00f4nico em 2019, o que corresponde a cerca de 4% do total gerado mundialmente.<\/p>\n<p>Ou seja, o res\u00edduo eletroeletr\u00f4nico brasileiro tem valor de mercado de US$ 2,28 bilh\u00f5es! Entretanto, um <a href=\"https:\/\/canaltech.com.br\/meio-ambiente\/relatorio-aponta-que-apenas-2-do-lixo-eletronico-brasileiro-e-reciclado-147065\/\" target=\"_blank\" rel=\"noopener\">relat\u00f3rio da Comiss\u00e3o de Direito Ambiental da Ordem dos Advogados do Brasil<\/a>, que foi apresentado ao Senado Federal em 2019, indica que apenas 2% dos res\u00edduos eletr\u00f4nicos brasileiros s\u00e3o devidamente aproveitados. Com isso, uma verdadeira fortuna est\u00e1 sem nenhum proveito e, o que \u00e9 pior, agravando o problema ambiental.<\/p>\n<p>Portanto, se for inevit\u00e1vel trocar os seus aparelhos eletroeletr\u00f4nicos, n\u00e3o deixe de dar a destina\u00e7\u00e3o adequada aos antigos.\u00a0Confira a seguir um v\u00eddeo da ativista <a href=\"https:\/\/www.greenpeace.org\/usa\/bios\/annie-leonard\/\" target=\"_blank\" rel=\"noopener\">Annie Leonard<\/a>, de 2010, mas que ainda \u00e9 bastante oportuno.<\/p>\n<ul>\n<li>Para legendar o v\u00eddeo no YouTube, clique na engrenagem indicada pela seta vermelha na imagem abaixo, que fica na extremidade direita da tela de exibi\u00e7\u00e3o.<\/li>\n<\/ul>\n<p style=\"text-align: center;\"><img loading=\"lazy\" decoding=\"async\" class=\"alignnone size-full wp-image-1880\" src=\"https:\/\/www.comunidadeativa.jor.br\/wp-content\/uploads\/2021\/03\/legenda.jpg\" alt=\"\" width=\"386\" height=\"278\" srcset=\"https:\/\/www.comunidadeativa.jor.br\/wp-content\/uploads\/2021\/03\/legenda.jpg 386w, https:\/\/www.comunidadeativa.jor.br\/wp-content\/uploads\/2021\/03\/legenda-300x216.jpg 300w\" sizes=\"auto, (max-width: 386px) 100vw, 386px\" \/><\/p>\n<p>&nbsp;<\/p>\n<p style=\"text-align: center;\"><iframe loading=\"lazy\" title=\"YouTube video player\" src=\"https:\/\/www.youtube.com\/embed\/sW_7i6T_H78\" width=\"560\" height=\"315\" frameborder=\"0\" allowfullscreen=\"allowfullscreen\"><\/iframe><\/p>\n<p>\u00a0 \u00a0 <em>* Carlos Alberto \u00e9 jornalista e especialista em Educa\u00e7\u00e3o Ambiental<\/em><\/p>\n<p><strong><em>Uma dica<\/em><\/strong><\/p>\n<p><em>Para mais informa\u00e7\u00f5es sobre os temas abordados nessa mat\u00e9ria, acesse os links dispon\u00edveis ao longo do texto. Eles remetem \u00e0s fontes utilizadas aqui.\u00a0<\/em><\/p>\n<p><em>Uma dica: os artigos fora da p\u00e1gina do Comunidade Ativa que n\u00e3o estiverem em portugu\u00eas podem ser traduzidos automaticamente pelo navegador pelo seu navegador. Pra isso, basta clicar com o bot\u00e3o direito em qualquer ponto do texto a ser traduzido e escolher a op\u00e7\u00e3o \u201cTraduzir para o portugu\u00eas\u201d.\u00a0<\/em><\/p>\n<p>&nbsp;<\/p>\n","protected":false},"excerpt":{"rendered":"<p>por Carlos Alberto Rocha* Enquanto a fam\u00edlia se alegra com a chegada da TV 8 k, a ind\u00fastria j\u00e1 desenvolveu<\/p>\n","protected":false},"author":1,"featured_media":1881,"comment_status":"closed","ping_status":"open","sticky":false,"template":"","format":"standard","meta":{"footnotes":""},"categories":[3],"tags":[],"class_list":["post-1879","post","type-post","status-publish","format-standard","has-post-thumbnail","hentry","category-meio-ambiente"],"yoast_head":"<!-- This site is optimized with the Yoast SEO plugin v26.0 - https:\/\/yoast.com\/wordpress\/plugins\/seo\/ -->\n<title>O descarte correto de equipamentos eletroeletr\u00f4nicos pode render bilh\u00f5es de d\u00f3lares - Comunidade Ativa<\/title>\n<meta name=\"robots\" content=\"index, follow, max-snippet:-1, max-image-preview:large, max-video-preview:-1\" \/>\n<link rel=\"canonical\" href=\"https:\/\/www.comunidadeativa.jor.br\/index.php\/2021\/03\/26\/o-descarte-correto-de-equipamentos-eletroeletronicos-pode-render-bilhoes-de-dolares\/\" \/>\n<meta property=\"og:locale\" content=\"pt_BR\" \/>\n<meta property=\"og:type\" content=\"article\" \/>\n<meta property=\"og:title\" content=\"O descarte correto de equipamentos eletroeletr\u00f4nicos pode render bilh\u00f5es de d\u00f3lares - Comunidade Ativa\" \/>\n<meta property=\"og:description\" content=\"por Carlos Alberto Rocha* Enquanto a fam\u00edlia se alegra com a chegada da TV 8 k, a ind\u00fastria j\u00e1 desenvolveu\" \/>\n<meta property=\"og:url\" content=\"https:\/\/www.comunidadeativa.jor.br\/index.php\/2021\/03\/26\/o-descarte-correto-de-equipamentos-eletroeletronicos-pode-render-bilhoes-de-dolares\/\" \/>\n<meta property=\"og:site_name\" content=\"Comunidade Ativa\" \/>\n<meta property=\"article:publisher\" content=\"https:\/\/www.facebook.com\/comunidadeativa\" \/>\n<meta property=\"article:published_time\" content=\"2021-03-26T22:33:50+00:00\" \/>\n<meta property=\"article:modified_time\" content=\"2023-08-11T20:05:23+00:00\" \/>\n<meta property=\"og:image\" content=\"https:\/\/www.comunidadeativa.jor.br\/wp-content\/uploads\/2021\/03\/capa-18.jpg\" \/>\n\t<meta property=\"og:image:width\" content=\"640\" \/>\n\t<meta property=\"og:image:height\" content=\"352\" \/>\n\t<meta property=\"og:image:type\" content=\"image\/jpeg\" \/>\n<meta name=\"author\" content=\"Comunidade Ativa\" \/>\n<meta name=\"twitter:card\" content=\"summary_large_image\" \/>\n<meta name=\"twitter:label1\" content=\"Escrito por\" \/>\n\t<meta name=\"twitter:data1\" content=\"Comunidade Ativa\" \/>\n\t<meta name=\"twitter:label2\" content=\"Est. tempo de leitura\" \/>\n\t<meta name=\"twitter:data2\" content=\"7 minutos\" \/>\n<script type=\"application\/ld+json\" class=\"yoast-schema-graph\">{\"@context\":\"https:\/\/schema.org\",\"@graph\":[{\"@type\":\"Article\",\"@id\":\"https:\/\/www.comunidadeativa.jor.br\/index.php\/2021\/03\/26\/o-descarte-correto-de-equipamentos-eletroeletronicos-pode-render-bilhoes-de-dolares\/#article\",\"isPartOf\":{\"@id\":\"https:\/\/www.comunidadeativa.jor.br\/index.php\/2021\/03\/26\/o-descarte-correto-de-equipamentos-eletroeletronicos-pode-render-bilhoes-de-dolares\/\"},\"author\":{\"name\":\"Comunidade Ativa\",\"@id\":\"https:\/\/www.comunidadeativa.jor.br\/#\/schema\/person\/dcaa1f1c51c1f0c47a33b2b734cad6e1\"},\"headline\":\"O descarte correto de equipamentos eletroeletr\u00f4nicos pode render bilh\u00f5es de d\u00f3lares\",\"datePublished\":\"2021-03-26T22:33:50+00:00\",\"dateModified\":\"2023-08-11T20:05:23+00:00\",\"mainEntityOfPage\":{\"@id\":\"https:\/\/www.comunidadeativa.jor.br\/index.php\/2021\/03\/26\/o-descarte-correto-de-equipamentos-eletroeletronicos-pode-render-bilhoes-de-dolares\/\"},\"wordCount\":1451,\"publisher\":{\"@id\":\"https:\/\/www.comunidadeativa.jor.br\/#organization\"},\"image\":{\"@id\":\"https:\/\/www.comunidadeativa.jor.br\/index.php\/2021\/03\/26\/o-descarte-correto-de-equipamentos-eletroeletronicos-pode-render-bilhoes-de-dolares\/#primaryimage\"},\"thumbnailUrl\":\"https:\/\/www.comunidadeativa.jor.br\/wp-content\/uploads\/2021\/03\/capa-18.jpg\",\"articleSection\":[\"Meio Ambiente\"],\"inLanguage\":\"pt-BR\"},{\"@type\":\"WebPage\",\"@id\":\"https:\/\/www.comunidadeativa.jor.br\/index.php\/2021\/03\/26\/o-descarte-correto-de-equipamentos-eletroeletronicos-pode-render-bilhoes-de-dolares\/\",\"url\":\"https:\/\/www.comunidadeativa.jor.br\/index.php\/2021\/03\/26\/o-descarte-correto-de-equipamentos-eletroeletronicos-pode-render-bilhoes-de-dolares\/\",\"name\":\"O descarte correto de equipamentos eletroeletr\u00f4nicos pode render bilh\u00f5es de d\u00f3lares - Comunidade Ativa\",\"isPartOf\":{\"@id\":\"https:\/\/www.comunidadeativa.jor.br\/#website\"},\"primaryImageOfPage\":{\"@id\":\"https:\/\/www.comunidadeativa.jor.br\/index.php\/2021\/03\/26\/o-descarte-correto-de-equipamentos-eletroeletronicos-pode-render-bilhoes-de-dolares\/#primaryimage\"},\"image\":{\"@id\":\"https:\/\/www.comunidadeativa.jor.br\/index.php\/2021\/03\/26\/o-descarte-correto-de-equipamentos-eletroeletronicos-pode-render-bilhoes-de-dolares\/#primaryimage\"},\"thumbnailUrl\":\"https:\/\/www.comunidadeativa.jor.br\/wp-content\/uploads\/2021\/03\/capa-18.jpg\",\"datePublished\":\"2021-03-26T22:33:50+00:00\",\"dateModified\":\"2023-08-11T20:05:23+00:00\",\"breadcrumb\":{\"@id\":\"https:\/\/www.comunidadeativa.jor.br\/index.php\/2021\/03\/26\/o-descarte-correto-de-equipamentos-eletroeletronicos-pode-render-bilhoes-de-dolares\/#breadcrumb\"},\"inLanguage\":\"pt-BR\",\"potentialAction\":[{\"@type\":\"ReadAction\",\"target\":[\"https:\/\/www.comunidadeativa.jor.br\/index.php\/2021\/03\/26\/o-descarte-correto-de-equipamentos-eletroeletronicos-pode-render-bilhoes-de-dolares\/\"]}]},{\"@type\":\"ImageObject\",\"inLanguage\":\"pt-BR\",\"@id\":\"https:\/\/www.comunidadeativa.jor.br\/index.php\/2021\/03\/26\/o-descarte-correto-de-equipamentos-eletroeletronicos-pode-render-bilhoes-de-dolares\/#primaryimage\",\"url\":\"https:\/\/www.comunidadeativa.jor.br\/wp-content\/uploads\/2021\/03\/capa-18.jpg\",\"contentUrl\":\"https:\/\/www.comunidadeativa.jor.br\/wp-content\/uploads\/2021\/03\/capa-18.jpg\",\"width\":640,\"height\":352},{\"@type\":\"BreadcrumbList\",\"@id\":\"https:\/\/www.comunidadeativa.jor.br\/index.php\/2021\/03\/26\/o-descarte-correto-de-equipamentos-eletroeletronicos-pode-render-bilhoes-de-dolares\/#breadcrumb\",\"itemListElement\":[{\"@type\":\"ListItem\",\"position\":1,\"name\":\"In\u00edcio\",\"item\":\"https:\/\/www.comunidadeativa.jor.br\/\"},{\"@type\":\"ListItem\",\"position\":2,\"name\":\"O descarte correto de equipamentos eletroeletr\u00f4nicos pode render bilh\u00f5es de d\u00f3lares\"}]},{\"@type\":\"WebSite\",\"@id\":\"https:\/\/www.comunidadeativa.jor.br\/#website\",\"url\":\"https:\/\/www.comunidadeativa.jor.br\/\",\"name\":\"Comunidade Ativa\",\"description\":\"\",\"publisher\":{\"@id\":\"https:\/\/www.comunidadeativa.jor.br\/#organization\"},\"potentialAction\":[{\"@type\":\"SearchAction\",\"target\":{\"@type\":\"EntryPoint\",\"urlTemplate\":\"https:\/\/www.comunidadeativa.jor.br\/?s={search_term_string}\"},\"query-input\":{\"@type\":\"PropertyValueSpecification\",\"valueRequired\":true,\"valueName\":\"search_term_string\"}}],\"inLanguage\":\"pt-BR\"},{\"@type\":\"Organization\",\"@id\":\"https:\/\/www.comunidadeativa.jor.br\/#organization\",\"name\":\"Comunidade Ativa\",\"url\":\"https:\/\/www.comunidadeativa.jor.br\/\",\"logo\":{\"@type\":\"ImageObject\",\"inLanguage\":\"pt-BR\",\"@id\":\"https:\/\/www.comunidadeativa.jor.br\/#\/schema\/logo\/image\/\",\"url\":\"https:\/\/www.comunidadeativa.jor.br\/wp-content\/uploads\/2018\/03\/cropped-LOGOPNG-1.png\",\"contentUrl\":\"https:\/\/www.comunidadeativa.jor.br\/wp-content\/uploads\/2018\/03\/cropped-LOGOPNG-1.png\",\"width\":318,\"height\":90,\"caption\":\"Comunidade Ativa\"},\"image\":{\"@id\":\"https:\/\/www.comunidadeativa.jor.br\/#\/schema\/logo\/image\/\"},\"sameAs\":[\"https:\/\/www.facebook.com\/comunidadeativa\"]},{\"@type\":\"Person\",\"@id\":\"https:\/\/www.comunidadeativa.jor.br\/#\/schema\/person\/dcaa1f1c51c1f0c47a33b2b734cad6e1\",\"name\":\"Comunidade Ativa\",\"image\":{\"@type\":\"ImageObject\",\"inLanguage\":\"pt-BR\",\"@id\":\"https:\/\/www.comunidadeativa.jor.br\/#\/schema\/person\/image\/\",\"url\":\"https:\/\/secure.gravatar.com\/avatar\/09a9a1f85fedf41e81b47f7c1d40084f?s=96&d=mm&r=g\",\"contentUrl\":\"https:\/\/secure.gravatar.com\/avatar\/09a9a1f85fedf41e81b47f7c1d40084f?s=96&d=mm&r=g\",\"caption\":\"Comunidade Ativa\"},\"url\":\"https:\/\/www.comunidadeativa.jor.br\/index.php\/author\/casalberto\/\"}]}<\/script>\n<!-- \/ Yoast SEO plugin. -->","yoast_head_json":{"title":"O descarte correto de equipamentos eletroeletr\u00f4nicos pode render bilh\u00f5es de d\u00f3lares - Comunidade Ativa","robots":{"index":"index","follow":"follow","max-snippet":"max-snippet:-1","max-image-preview":"max-image-preview:large","max-video-preview":"max-video-preview:-1"},"canonical":"https:\/\/www.comunidadeativa.jor.br\/index.php\/2021\/03\/26\/o-descarte-correto-de-equipamentos-eletroeletronicos-pode-render-bilhoes-de-dolares\/","og_locale":"pt_BR","og_type":"article","og_title":"O descarte correto de equipamentos eletroeletr\u00f4nicos pode render bilh\u00f5es de d\u00f3lares - Comunidade Ativa","og_description":"por Carlos Alberto Rocha* Enquanto a fam\u00edlia se alegra com a chegada da TV 8 k, a ind\u00fastria j\u00e1 desenvolveu","og_url":"https:\/\/www.comunidadeativa.jor.br\/index.php\/2021\/03\/26\/o-descarte-correto-de-equipamentos-eletroeletronicos-pode-render-bilhoes-de-dolares\/","og_site_name":"Comunidade Ativa","article_publisher":"https:\/\/www.facebook.com\/comunidadeativa","article_published_time":"2021-03-26T22:33:50+00:00","article_modified_time":"2023-08-11T20:05:23+00:00","og_image":[{"width":640,"height":352,"url":"https:\/\/www.comunidadeativa.jor.br\/wp-content\/uploads\/2021\/03\/capa-18.jpg","type":"image\/jpeg"}],"author":"Comunidade Ativa","twitter_card":"summary_large_image","twitter_misc":{"Escrito por":"Comunidade Ativa","Est. tempo de leitura":"7 minutos"},"schema":{"@context":"https:\/\/schema.org","@graph":[{"@type":"Article","@id":"https:\/\/www.comunidadeativa.jor.br\/index.php\/2021\/03\/26\/o-descarte-correto-de-equipamentos-eletroeletronicos-pode-render-bilhoes-de-dolares\/#article","isPartOf":{"@id":"https:\/\/www.comunidadeativa.jor.br\/index.php\/2021\/03\/26\/o-descarte-correto-de-equipamentos-eletroeletronicos-pode-render-bilhoes-de-dolares\/"},"author":{"name":"Comunidade Ativa","@id":"https:\/\/www.comunidadeativa.jor.br\/#\/schema\/person\/dcaa1f1c51c1f0c47a33b2b734cad6e1"},"headline":"O descarte correto de equipamentos eletroeletr\u00f4nicos pode render bilh\u00f5es de d\u00f3lares","datePublished":"2021-03-26T22:33:50+00:00","dateModified":"2023-08-11T20:05:23+00:00","mainEntityOfPage":{"@id":"https:\/\/www.comunidadeativa.jor.br\/index.php\/2021\/03\/26\/o-descarte-correto-de-equipamentos-eletroeletronicos-pode-render-bilhoes-de-dolares\/"},"wordCount":1451,"publisher":{"@id":"https:\/\/www.comunidadeativa.jor.br\/#organization"},"image":{"@id":"https:\/\/www.comunidadeativa.jor.br\/index.php\/2021\/03\/26\/o-descarte-correto-de-equipamentos-eletroeletronicos-pode-render-bilhoes-de-dolares\/#primaryimage"},"thumbnailUrl":"https:\/\/www.comunidadeativa.jor.br\/wp-content\/uploads\/2021\/03\/capa-18.jpg","articleSection":["Meio Ambiente"],"inLanguage":"pt-BR"},{"@type":"WebPage","@id":"https:\/\/www.comunidadeativa.jor.br\/index.php\/2021\/03\/26\/o-descarte-correto-de-equipamentos-eletroeletronicos-pode-render-bilhoes-de-dolares\/","url":"https:\/\/www.comunidadeativa.jor.br\/index.php\/2021\/03\/26\/o-descarte-correto-de-equipamentos-eletroeletronicos-pode-render-bilhoes-de-dolares\/","name":"O descarte correto de equipamentos eletroeletr\u00f4nicos pode render bilh\u00f5es de d\u00f3lares - Comunidade Ativa","isPartOf":{"@id":"https:\/\/www.comunidadeativa.jor.br\/#website"},"primaryImageOfPage":{"@id":"https:\/\/www.comunidadeativa.jor.br\/index.php\/2021\/03\/26\/o-descarte-correto-de-equipamentos-eletroeletronicos-pode-render-bilhoes-de-dolares\/#primaryimage"},"image":{"@id":"https:\/\/www.comunidadeativa.jor.br\/index.php\/2021\/03\/26\/o-descarte-correto-de-equipamentos-eletroeletronicos-pode-render-bilhoes-de-dolares\/#primaryimage"},"thumbnailUrl":"https:\/\/www.comunidadeativa.jor.br\/wp-content\/uploads\/2021\/03\/capa-18.jpg","datePublished":"2021-03-26T22:33:50+00:00","dateModified":"2023-08-11T20:05:23+00:00","breadcrumb":{"@id":"https:\/\/www.comunidadeativa.jor.br\/index.php\/2021\/03\/26\/o-descarte-correto-de-equipamentos-eletroeletronicos-pode-render-bilhoes-de-dolares\/#breadcrumb"},"inLanguage":"pt-BR","potentialAction":[{"@type":"ReadAction","target":["https:\/\/www.comunidadeativa.jor.br\/index.php\/2021\/03\/26\/o-descarte-correto-de-equipamentos-eletroeletronicos-pode-render-bilhoes-de-dolares\/"]}]},{"@type":"ImageObject","inLanguage":"pt-BR","@id":"https:\/\/www.comunidadeativa.jor.br\/index.php\/2021\/03\/26\/o-descarte-correto-de-equipamentos-eletroeletronicos-pode-render-bilhoes-de-dolares\/#primaryimage","url":"https:\/\/www.comunidadeativa.jor.br\/wp-content\/uploads\/2021\/03\/capa-18.jpg","contentUrl":"https:\/\/www.comunidadeativa.jor.br\/wp-content\/uploads\/2021\/03\/capa-18.jpg","width":640,"height":352},{"@type":"BreadcrumbList","@id":"https:\/\/www.comunidadeativa.jor.br\/index.php\/2021\/03\/26\/o-descarte-correto-de-equipamentos-eletroeletronicos-pode-render-bilhoes-de-dolares\/#breadcrumb","itemListElement":[{"@type":"ListItem","position":1,"name":"In\u00edcio","item":"https:\/\/www.comunidadeativa.jor.br\/"},{"@type":"ListItem","position":2,"name":"O descarte correto de equipamentos eletroeletr\u00f4nicos pode render bilh\u00f5es de d\u00f3lares"}]},{"@type":"WebSite","@id":"https:\/\/www.comunidadeativa.jor.br\/#website","url":"https:\/\/www.comunidadeativa.jor.br\/","name":"Comunidade Ativa","description":"","publisher":{"@id":"https:\/\/www.comunidadeativa.jor.br\/#organization"},"potentialAction":[{"@type":"SearchAction","target":{"@type":"EntryPoint","urlTemplate":"https:\/\/www.comunidadeativa.jor.br\/?s={search_term_string}"},"query-input":{"@type":"PropertyValueSpecification","valueRequired":true,"valueName":"search_term_string"}}],"inLanguage":"pt-BR"},{"@type":"Organization","@id":"https:\/\/www.comunidadeativa.jor.br\/#organization","name":"Comunidade Ativa","url":"https:\/\/www.comunidadeativa.jor.br\/","logo":{"@type":"ImageObject","inLanguage":"pt-BR","@id":"https:\/\/www.comunidadeativa.jor.br\/#\/schema\/logo\/image\/","url":"https:\/\/www.comunidadeativa.jor.br\/wp-content\/uploads\/2018\/03\/cropped-LOGOPNG-1.png","contentUrl":"https:\/\/www.comunidadeativa.jor.br\/wp-content\/uploads\/2018\/03\/cropped-LOGOPNG-1.png","width":318,"height":90,"caption":"Comunidade Ativa"},"image":{"@id":"https:\/\/www.comunidadeativa.jor.br\/#\/schema\/logo\/image\/"},"sameAs":["https:\/\/www.facebook.com\/comunidadeativa"]},{"@type":"Person","@id":"https:\/\/www.comunidadeativa.jor.br\/#\/schema\/person\/dcaa1f1c51c1f0c47a33b2b734cad6e1","name":"Comunidade Ativa","image":{"@type":"ImageObject","inLanguage":"pt-BR","@id":"https:\/\/www.comunidadeativa.jor.br\/#\/schema\/person\/image\/","url":"https:\/\/secure.gravatar.com\/avatar\/09a9a1f85fedf41e81b47f7c1d40084f?s=96&d=mm&r=g","contentUrl":"https:\/\/secure.gravatar.com\/avatar\/09a9a1f85fedf41e81b47f7c1d40084f?s=96&d=mm&r=g","caption":"Comunidade Ativa"},"url":"https:\/\/www.comunidadeativa.jor.br\/index.php\/author\/casalberto\/"}]}},"_links":{"self":[{"href":"https:\/\/www.comunidadeativa.jor.br\/index.php\/wp-json\/wp\/v2\/posts\/1879","targetHints":{"allow":["GET"]}}],"collection":[{"href":"https:\/\/www.comunidadeativa.jor.br\/index.php\/wp-json\/wp\/v2\/posts"}],"about":[{"href":"https:\/\/www.comunidadeativa.jor.br\/index.php\/wp-json\/wp\/v2\/types\/post"}],"author":[{"embeddable":true,"href":"https:\/\/www.comunidadeativa.jor.br\/index.php\/wp-json\/wp\/v2\/users\/1"}],"replies":[{"embeddable":true,"href":"https:\/\/www.comunidadeativa.jor.br\/index.php\/wp-json\/wp\/v2\/comments?post=1879"}],"version-history":[{"count":3,"href":"https:\/\/www.comunidadeativa.jor.br\/index.php\/wp-json\/wp\/v2\/posts\/1879\/revisions"}],"predecessor-version":[{"id":3814,"href":"https:\/\/www.comunidadeativa.jor.br\/index.php\/wp-json\/wp\/v2\/posts\/1879\/revisions\/3814"}],"wp:featuredmedia":[{"embeddable":true,"href":"https:\/\/www.comunidadeativa.jor.br\/index.php\/wp-json\/wp\/v2\/media\/1881"}],"wp:attachment":[{"href":"https:\/\/www.comunidadeativa.jor.br\/index.php\/wp-json\/wp\/v2\/media?parent=1879"}],"wp:term":[{"taxonomy":"category","embeddable":true,"href":"https:\/\/www.comunidadeativa.jor.br\/index.php\/wp-json\/wp\/v2\/categories?post=1879"},{"taxonomy":"post_tag","embeddable":true,"href":"https:\/\/www.comunidadeativa.jor.br\/index.php\/wp-json\/wp\/v2\/tags?post=1879"}],"curies":[{"name":"wp","href":"https:\/\/api.w.org\/{rel}","templated":true}]}}