{"id":1931,"date":"2021-04-06T12:21:56","date_gmt":"2021-04-06T15:21:56","guid":{"rendered":"https:\/\/www.comunidadeativa.jor.br\/?p=1931"},"modified":"2023-08-11T17:07:11","modified_gmt":"2023-08-11T20:07:11","slug":"mostra-cigana-comeca-nessa-terca-feira-6","status":"publish","type":"post","link":"https:\/\/www.comunidadeativa.jor.br\/index.php\/2021\/04\/06\/mostra-cigana-comeca-nessa-terca-feira-6\/","title":{"rendered":"Mostra Cigana on-line come\u00e7a nessa ter\u00e7a-feira, 6"},"content":{"rendered":"<p>Segundo o IBGE, <a href=\"https:\/\/ufmg.br\/comunicacao\/noticias\/pesquisadora-da-ufmg-fala-sobre-povos-ciganos#:~:text=No%20Brasil%2C%20cerca%20de%20800,ciganos%2C%20de%20acordo%20com%20IBGE.\" target=\"_blank\" rel=\"noopener\">atualmente no Brasil, entre 800 mil e 1 milh\u00e3o de pessoas se identificam como ciganas<\/a>. Em Minas Gerais, a comunidade \u00e9 representada principalmente pela etnia Calon, que, vinda de Portugal foi a mais numerosa a chegar no pa\u00eds ainda no s\u00e9culo 16. Contudo, mesmo com tanta antiguidade em territ\u00f3rio nacional e sendo parte efetiva do povo brasileiro, os ciganos continuam cercados de por preconceitos sociais.<\/p>\n<p>A fim de resgatar a mem\u00f3ria da popula\u00e7\u00e3o cigana e com o prop\u00f3sito de dar visibilidade ao potencial cultural que ela apresenta, entre os dias 6 e 10 de abril, o Circuito Municipal de Cultura realizar\u00e1 a <em>Mostra Cigana<\/em>, que ser\u00e1 totalmente on-line e gratuita. O evento contar\u00e1 com programa\u00e7\u00e3o audiovisual e com bate-papo sobre as tem\u00e1ticas inerentes \u00e0 cultura dos ciganos.<\/p>\n<h6>Ciganos de Minas e do Brasil<\/h6>\n<p>J\u00e1 no dia 6, ter\u00e7a-feira, a \u201cConversa de Barraca: Hist\u00f3ria e Cultura dos Povos Ciganos no Brasil e Minas Gerais\u201d, reunir\u00e1 a lideran\u00e7a cigana Valdinalva Caldas, a Nalva Cigana, que \u00e9 presidente Associa\u00e7\u00e3o Estadual Cultural de Direitos do Povo Cigano, e a historiadora Alenice Baeta. O encontro ocorrer\u00e1 a partir das 19h e ser\u00e1 mediado pela antrop\u00f3loga Juliana Campos, que, h\u00e1 oito anos, trabalha com os ciganos Calon em Minas Gerais. \u201c\u00c9 muito importante que as pessoas tenham mais conhecimento sobre os ciganos. Muita gente nem sabe sobre a presen\u00e7a desses povos na cidade, que ainda sofrem muito preconceito por conta de estere\u00f3tipos\u201d, diz Juliana.<\/p>\n<p>Audiovisual<\/p>\n<p>\u00c0s 18h dos dias 8, quinta, e 10, s\u00e1bado, a Mostra Cigana apresentar\u00e1 v\u00eddeos produzidos entre 2017 e 2020 pelo diretor de cinema e roteirista mineiro Jo\u00e3o Borges, cujas abordagens observam diferentes aspectos da cultura cigana. O primeiro v\u00eddeo, <em>Tradi\u00e7\u00f5es<\/em>, tem como foco a mem\u00f3ria, o futuro e a rela\u00e7\u00e3o com a morte vistos na tradi\u00e7\u00e3o dos ciganos. O segundo, <em>Festa de Casamento<\/em>, trata de um ritual especialmente sagrado na cultura cigana. \u201cVenho pesquisando as comunidades ciganas da etnia Calon h\u00e1 mais de cinco anos. Nesse per\u00edodo, fiz v\u00e1rias imers\u00f5es nos acampamentos, registrando o cotidiano, as festas, as lutas e fazendo entrevistas\u201d, diz Borges.<\/p>\n<p>Para o diretor, como consequ\u00eancia de uma intensa transforma\u00e7\u00e3o cultural que vem ocorrendo nos \u00faltimos 20 anos, os ciganos est\u00e3o abandonando a caracter\u00edstica itinerante e se tornando-se sedent\u00e1rios. \u201cOs ciganos s\u00e3o parte fundamental do caldeir\u00e3o cultural que comp\u00f5e a sociedade brasileira. Temos uma vis\u00e3o rom\u00e2ntica desta cultura, al\u00e9m de uma s\u00e9rie de preconceitos e mitos que habitam o imagin\u00e1rio coletivo da sociedade brasileira. Portanto, a iniciativa do Circuito Municipal de Cultura \u00e9 fundamental para dar visibilidade aos povos ciganos e na luta contra a ciganofobia\u201d, destaca.<\/p>\n<p>A Mostra Cigana ser\u00e1 apresentada pelo <a href=\"https:\/\/www.facebook.com\/circuitomunicipaldeculturabh\" target=\"_blank\" rel=\"noopener\">Facebook<\/a>, pelo <a href=\"http:\/\/portalbelohorizonte.com.br\/circuitomunicipaldecultura\" target=\"_blank\" rel=\"noopener\">site do Circuito Municipal de Cultura<\/a> e pelo <a href=\"https:\/\/www.youtube.com\/channel\/UCkusuxV_Zhz6MA49f2bDHeQ\" target=\"_blank\" rel=\"noopener\">canal da Funda\u00e7\u00e3o Municipal de Cultura (FMC) no YouTube<\/a>. O Circuito Municipal de Cultura \u00e9 realizado pela Secretaria Municipal de Cultura (SMC) e pela FMC em parceria com o Centro de Interca\u0302mbio e Refere\u0302ncia Cultural (CIRC).<\/p>\n<form style=\"padding-left: 80px;\" action=\"https:\/\/pagseguro.uol.com.br\/checkout\/v2\/donation.html\" method=\"post\">\n<hr \/>\n<\/form>\n","protected":false},"excerpt":{"rendered":"<p>Segundo o IBGE, atualmente no Brasil, entre 800 mil e 1 milh\u00e3o de pessoas se identificam como ciganas. Em Minas<\/p>\n","protected":false},"author":1,"featured_media":1932,"comment_status":"closed","ping_status":"open","sticky":false,"template":"","format":"standard","meta":{"footnotes":""},"categories":[15],"tags":[],"class_list":["post-1931","post","type-post","status-publish","format-standard","has-post-thumbnail","hentry","category-cultura"],"yoast_head":"<!-- This site is optimized with the Yoast SEO plugin v26.0 - https:\/\/yoast.com\/wordpress\/plugins\/seo\/ -->\n<title>Mostra Cigana on-line come\u00e7a nessa ter\u00e7a-feira, 6 - Comunidade Ativa<\/title>\n<meta name=\"robots\" content=\"index, follow, max-snippet:-1, max-image-preview:large, max-video-preview:-1\" \/>\n<link rel=\"canonical\" href=\"https:\/\/www.comunidadeativa.jor.br\/index.php\/2021\/04\/06\/mostra-cigana-comeca-nessa-terca-feira-6\/\" \/>\n<meta property=\"og:locale\" content=\"pt_BR\" \/>\n<meta property=\"og:type\" content=\"article\" \/>\n<meta property=\"og:title\" content=\"Mostra Cigana on-line come\u00e7a nessa ter\u00e7a-feira, 6 - Comunidade Ativa\" \/>\n<meta property=\"og:description\" content=\"Segundo o IBGE, atualmente no Brasil, entre 800 mil e 1 milh\u00e3o de pessoas se identificam como ciganas. Em Minas\" \/>\n<meta property=\"og:url\" content=\"https:\/\/www.comunidadeativa.jor.br\/index.php\/2021\/04\/06\/mostra-cigana-comeca-nessa-terca-feira-6\/\" \/>\n<meta property=\"og:site_name\" content=\"Comunidade Ativa\" \/>\n<meta property=\"article:publisher\" content=\"https:\/\/www.facebook.com\/comunidadeativa\" \/>\n<meta property=\"article:published_time\" content=\"2021-04-06T15:21:56+00:00\" \/>\n<meta property=\"article:modified_time\" content=\"2023-08-11T20:07:11+00:00\" \/>\n<meta property=\"og:image\" content=\"https:\/\/www.comunidadeativa.jor.br\/wp-content\/uploads\/2021\/04\/capa-3.jpg\" \/>\n\t<meta property=\"og:image:width\" content=\"640\" \/>\n\t<meta property=\"og:image:height\" content=\"352\" \/>\n\t<meta property=\"og:image:type\" content=\"image\/jpeg\" \/>\n<meta name=\"author\" content=\"Comunidade Ativa\" \/>\n<meta name=\"twitter:card\" content=\"summary_large_image\" \/>\n<meta name=\"twitter:label1\" content=\"Escrito por\" \/>\n\t<meta name=\"twitter:data1\" content=\"Comunidade Ativa\" \/>\n\t<meta name=\"twitter:label2\" content=\"Est. tempo de leitura\" \/>\n\t<meta name=\"twitter:data2\" content=\"3 minutos\" \/>\n<script type=\"application\/ld+json\" class=\"yoast-schema-graph\">{\"@context\":\"https:\/\/schema.org\",\"@graph\":[{\"@type\":\"Article\",\"@id\":\"https:\/\/www.comunidadeativa.jor.br\/index.php\/2021\/04\/06\/mostra-cigana-comeca-nessa-terca-feira-6\/#article\",\"isPartOf\":{\"@id\":\"https:\/\/www.comunidadeativa.jor.br\/index.php\/2021\/04\/06\/mostra-cigana-comeca-nessa-terca-feira-6\/\"},\"author\":{\"name\":\"Comunidade Ativa\",\"@id\":\"https:\/\/www.comunidadeativa.jor.br\/#\/schema\/person\/dcaa1f1c51c1f0c47a33b2b734cad6e1\"},\"headline\":\"Mostra Cigana on-line come\u00e7a nessa ter\u00e7a-feira, 6\",\"datePublished\":\"2021-04-06T15:21:56+00:00\",\"dateModified\":\"2023-08-11T20:07:11+00:00\",\"mainEntityOfPage\":{\"@id\":\"https:\/\/www.comunidadeativa.jor.br\/index.php\/2021\/04\/06\/mostra-cigana-comeca-nessa-terca-feira-6\/\"},\"wordCount\":518,\"publisher\":{\"@id\":\"https:\/\/www.comunidadeativa.jor.br\/#organization\"},\"image\":{\"@id\":\"https:\/\/www.comunidadeativa.jor.br\/index.php\/2021\/04\/06\/mostra-cigana-comeca-nessa-terca-feira-6\/#primaryimage\"},\"thumbnailUrl\":\"https:\/\/www.comunidadeativa.jor.br\/wp-content\/uploads\/2021\/04\/capa-3.jpg\",\"articleSection\":[\"Cultura\"],\"inLanguage\":\"pt-BR\"},{\"@type\":\"WebPage\",\"@id\":\"https:\/\/www.comunidadeativa.jor.br\/index.php\/2021\/04\/06\/mostra-cigana-comeca-nessa-terca-feira-6\/\",\"url\":\"https:\/\/www.comunidadeativa.jor.br\/index.php\/2021\/04\/06\/mostra-cigana-comeca-nessa-terca-feira-6\/\",\"name\":\"Mostra Cigana on-line come\u00e7a nessa ter\u00e7a-feira, 6 - Comunidade Ativa\",\"isPartOf\":{\"@id\":\"https:\/\/www.comunidadeativa.jor.br\/#website\"},\"primaryImageOfPage\":{\"@id\":\"https:\/\/www.comunidadeativa.jor.br\/index.php\/2021\/04\/06\/mostra-cigana-comeca-nessa-terca-feira-6\/#primaryimage\"},\"image\":{\"@id\":\"https:\/\/www.comunidadeativa.jor.br\/index.php\/2021\/04\/06\/mostra-cigana-comeca-nessa-terca-feira-6\/#primaryimage\"},\"thumbnailUrl\":\"https:\/\/www.comunidadeativa.jor.br\/wp-content\/uploads\/2021\/04\/capa-3.jpg\",\"datePublished\":\"2021-04-06T15:21:56+00:00\",\"dateModified\":\"2023-08-11T20:07:11+00:00\",\"breadcrumb\":{\"@id\":\"https:\/\/www.comunidadeativa.jor.br\/index.php\/2021\/04\/06\/mostra-cigana-comeca-nessa-terca-feira-6\/#breadcrumb\"},\"inLanguage\":\"pt-BR\",\"potentialAction\":[{\"@type\":\"ReadAction\",\"target\":[\"https:\/\/www.comunidadeativa.jor.br\/index.php\/2021\/04\/06\/mostra-cigana-comeca-nessa-terca-feira-6\/\"]}]},{\"@type\":\"ImageObject\",\"inLanguage\":\"pt-BR\",\"@id\":\"https:\/\/www.comunidadeativa.jor.br\/index.php\/2021\/04\/06\/mostra-cigana-comeca-nessa-terca-feira-6\/#primaryimage\",\"url\":\"https:\/\/www.comunidadeativa.jor.br\/wp-content\/uploads\/2021\/04\/capa-3.jpg\",\"contentUrl\":\"https:\/\/www.comunidadeativa.jor.br\/wp-content\/uploads\/2021\/04\/capa-3.jpg\",\"width\":640,\"height\":352},{\"@type\":\"BreadcrumbList\",\"@id\":\"https:\/\/www.comunidadeativa.jor.br\/index.php\/2021\/04\/06\/mostra-cigana-comeca-nessa-terca-feira-6\/#breadcrumb\",\"itemListElement\":[{\"@type\":\"ListItem\",\"position\":1,\"name\":\"In\u00edcio\",\"item\":\"https:\/\/www.comunidadeativa.jor.br\/\"},{\"@type\":\"ListItem\",\"position\":2,\"name\":\"Mostra Cigana on-line come\u00e7a nessa ter\u00e7a-feira, 6\"}]},{\"@type\":\"WebSite\",\"@id\":\"https:\/\/www.comunidadeativa.jor.br\/#website\",\"url\":\"https:\/\/www.comunidadeativa.jor.br\/\",\"name\":\"Comunidade Ativa\",\"description\":\"\",\"publisher\":{\"@id\":\"https:\/\/www.comunidadeativa.jor.br\/#organization\"},\"potentialAction\":[{\"@type\":\"SearchAction\",\"target\":{\"@type\":\"EntryPoint\",\"urlTemplate\":\"https:\/\/www.comunidadeativa.jor.br\/?s={search_term_string}\"},\"query-input\":{\"@type\":\"PropertyValueSpecification\",\"valueRequired\":true,\"valueName\":\"search_term_string\"}}],\"inLanguage\":\"pt-BR\"},{\"@type\":\"Organization\",\"@id\":\"https:\/\/www.comunidadeativa.jor.br\/#organization\",\"name\":\"Comunidade Ativa\",\"url\":\"https:\/\/www.comunidadeativa.jor.br\/\",\"logo\":{\"@type\":\"ImageObject\",\"inLanguage\":\"pt-BR\",\"@id\":\"https:\/\/www.comunidadeativa.jor.br\/#\/schema\/logo\/image\/\",\"url\":\"https:\/\/www.comunidadeativa.jor.br\/wp-content\/uploads\/2018\/03\/cropped-LOGOPNG-1.png\",\"contentUrl\":\"https:\/\/www.comunidadeativa.jor.br\/wp-content\/uploads\/2018\/03\/cropped-LOGOPNG-1.png\",\"width\":318,\"height\":90,\"caption\":\"Comunidade Ativa\"},\"image\":{\"@id\":\"https:\/\/www.comunidadeativa.jor.br\/#\/schema\/logo\/image\/\"},\"sameAs\":[\"https:\/\/www.facebook.com\/comunidadeativa\"]},{\"@type\":\"Person\",\"@id\":\"https:\/\/www.comunidadeativa.jor.br\/#\/schema\/person\/dcaa1f1c51c1f0c47a33b2b734cad6e1\",\"name\":\"Comunidade Ativa\",\"image\":{\"@type\":\"ImageObject\",\"inLanguage\":\"pt-BR\",\"@id\":\"https:\/\/www.comunidadeativa.jor.br\/#\/schema\/person\/image\/\",\"url\":\"https:\/\/secure.gravatar.com\/avatar\/09a9a1f85fedf41e81b47f7c1d40084f?s=96&d=mm&r=g\",\"contentUrl\":\"https:\/\/secure.gravatar.com\/avatar\/09a9a1f85fedf41e81b47f7c1d40084f?s=96&d=mm&r=g\",\"caption\":\"Comunidade Ativa\"},\"url\":\"https:\/\/www.comunidadeativa.jor.br\/index.php\/author\/casalberto\/\"}]}<\/script>\n<!-- \/ Yoast SEO plugin. -->","yoast_head_json":{"title":"Mostra Cigana on-line come\u00e7a nessa ter\u00e7a-feira, 6 - Comunidade Ativa","robots":{"index":"index","follow":"follow","max-snippet":"max-snippet:-1","max-image-preview":"max-image-preview:large","max-video-preview":"max-video-preview:-1"},"canonical":"https:\/\/www.comunidadeativa.jor.br\/index.php\/2021\/04\/06\/mostra-cigana-comeca-nessa-terca-feira-6\/","og_locale":"pt_BR","og_type":"article","og_title":"Mostra Cigana on-line come\u00e7a nessa ter\u00e7a-feira, 6 - Comunidade Ativa","og_description":"Segundo o IBGE, atualmente no Brasil, entre 800 mil e 1 milh\u00e3o de pessoas se identificam como ciganas. Em Minas","og_url":"https:\/\/www.comunidadeativa.jor.br\/index.php\/2021\/04\/06\/mostra-cigana-comeca-nessa-terca-feira-6\/","og_site_name":"Comunidade Ativa","article_publisher":"https:\/\/www.facebook.com\/comunidadeativa","article_published_time":"2021-04-06T15:21:56+00:00","article_modified_time":"2023-08-11T20:07:11+00:00","og_image":[{"width":640,"height":352,"url":"https:\/\/www.comunidadeativa.jor.br\/wp-content\/uploads\/2021\/04\/capa-3.jpg","type":"image\/jpeg"}],"author":"Comunidade Ativa","twitter_card":"summary_large_image","twitter_misc":{"Escrito por":"Comunidade Ativa","Est. tempo de leitura":"3 minutos"},"schema":{"@context":"https:\/\/schema.org","@graph":[{"@type":"Article","@id":"https:\/\/www.comunidadeativa.jor.br\/index.php\/2021\/04\/06\/mostra-cigana-comeca-nessa-terca-feira-6\/#article","isPartOf":{"@id":"https:\/\/www.comunidadeativa.jor.br\/index.php\/2021\/04\/06\/mostra-cigana-comeca-nessa-terca-feira-6\/"},"author":{"name":"Comunidade Ativa","@id":"https:\/\/www.comunidadeativa.jor.br\/#\/schema\/person\/dcaa1f1c51c1f0c47a33b2b734cad6e1"},"headline":"Mostra Cigana on-line come\u00e7a nessa ter\u00e7a-feira, 6","datePublished":"2021-04-06T15:21:56+00:00","dateModified":"2023-08-11T20:07:11+00:00","mainEntityOfPage":{"@id":"https:\/\/www.comunidadeativa.jor.br\/index.php\/2021\/04\/06\/mostra-cigana-comeca-nessa-terca-feira-6\/"},"wordCount":518,"publisher":{"@id":"https:\/\/www.comunidadeativa.jor.br\/#organization"},"image":{"@id":"https:\/\/www.comunidadeativa.jor.br\/index.php\/2021\/04\/06\/mostra-cigana-comeca-nessa-terca-feira-6\/#primaryimage"},"thumbnailUrl":"https:\/\/www.comunidadeativa.jor.br\/wp-content\/uploads\/2021\/04\/capa-3.jpg","articleSection":["Cultura"],"inLanguage":"pt-BR"},{"@type":"WebPage","@id":"https:\/\/www.comunidadeativa.jor.br\/index.php\/2021\/04\/06\/mostra-cigana-comeca-nessa-terca-feira-6\/","url":"https:\/\/www.comunidadeativa.jor.br\/index.php\/2021\/04\/06\/mostra-cigana-comeca-nessa-terca-feira-6\/","name":"Mostra Cigana on-line come\u00e7a nessa ter\u00e7a-feira, 6 - Comunidade Ativa","isPartOf":{"@id":"https:\/\/www.comunidadeativa.jor.br\/#website"},"primaryImageOfPage":{"@id":"https:\/\/www.comunidadeativa.jor.br\/index.php\/2021\/04\/06\/mostra-cigana-comeca-nessa-terca-feira-6\/#primaryimage"},"image":{"@id":"https:\/\/www.comunidadeativa.jor.br\/index.php\/2021\/04\/06\/mostra-cigana-comeca-nessa-terca-feira-6\/#primaryimage"},"thumbnailUrl":"https:\/\/www.comunidadeativa.jor.br\/wp-content\/uploads\/2021\/04\/capa-3.jpg","datePublished":"2021-04-06T15:21:56+00:00","dateModified":"2023-08-11T20:07:11+00:00","breadcrumb":{"@id":"https:\/\/www.comunidadeativa.jor.br\/index.php\/2021\/04\/06\/mostra-cigana-comeca-nessa-terca-feira-6\/#breadcrumb"},"inLanguage":"pt-BR","potentialAction":[{"@type":"ReadAction","target":["https:\/\/www.comunidadeativa.jor.br\/index.php\/2021\/04\/06\/mostra-cigana-comeca-nessa-terca-feira-6\/"]}]},{"@type":"ImageObject","inLanguage":"pt-BR","@id":"https:\/\/www.comunidadeativa.jor.br\/index.php\/2021\/04\/06\/mostra-cigana-comeca-nessa-terca-feira-6\/#primaryimage","url":"https:\/\/www.comunidadeativa.jor.br\/wp-content\/uploads\/2021\/04\/capa-3.jpg","contentUrl":"https:\/\/www.comunidadeativa.jor.br\/wp-content\/uploads\/2021\/04\/capa-3.jpg","width":640,"height":352},{"@type":"BreadcrumbList","@id":"https:\/\/www.comunidadeativa.jor.br\/index.php\/2021\/04\/06\/mostra-cigana-comeca-nessa-terca-feira-6\/#breadcrumb","itemListElement":[{"@type":"ListItem","position":1,"name":"In\u00edcio","item":"https:\/\/www.comunidadeativa.jor.br\/"},{"@type":"ListItem","position":2,"name":"Mostra Cigana on-line come\u00e7a nessa ter\u00e7a-feira, 6"}]},{"@type":"WebSite","@id":"https:\/\/www.comunidadeativa.jor.br\/#website","url":"https:\/\/www.comunidadeativa.jor.br\/","name":"Comunidade Ativa","description":"","publisher":{"@id":"https:\/\/www.comunidadeativa.jor.br\/#organization"},"potentialAction":[{"@type":"SearchAction","target":{"@type":"EntryPoint","urlTemplate":"https:\/\/www.comunidadeativa.jor.br\/?s={search_term_string}"},"query-input":{"@type":"PropertyValueSpecification","valueRequired":true,"valueName":"search_term_string"}}],"inLanguage":"pt-BR"},{"@type":"Organization","@id":"https:\/\/www.comunidadeativa.jor.br\/#organization","name":"Comunidade Ativa","url":"https:\/\/www.comunidadeativa.jor.br\/","logo":{"@type":"ImageObject","inLanguage":"pt-BR","@id":"https:\/\/www.comunidadeativa.jor.br\/#\/schema\/logo\/image\/","url":"https:\/\/www.comunidadeativa.jor.br\/wp-content\/uploads\/2018\/03\/cropped-LOGOPNG-1.png","contentUrl":"https:\/\/www.comunidadeativa.jor.br\/wp-content\/uploads\/2018\/03\/cropped-LOGOPNG-1.png","width":318,"height":90,"caption":"Comunidade Ativa"},"image":{"@id":"https:\/\/www.comunidadeativa.jor.br\/#\/schema\/logo\/image\/"},"sameAs":["https:\/\/www.facebook.com\/comunidadeativa"]},{"@type":"Person","@id":"https:\/\/www.comunidadeativa.jor.br\/#\/schema\/person\/dcaa1f1c51c1f0c47a33b2b734cad6e1","name":"Comunidade Ativa","image":{"@type":"ImageObject","inLanguage":"pt-BR","@id":"https:\/\/www.comunidadeativa.jor.br\/#\/schema\/person\/image\/","url":"https:\/\/secure.gravatar.com\/avatar\/09a9a1f85fedf41e81b47f7c1d40084f?s=96&d=mm&r=g","contentUrl":"https:\/\/secure.gravatar.com\/avatar\/09a9a1f85fedf41e81b47f7c1d40084f?s=96&d=mm&r=g","caption":"Comunidade Ativa"},"url":"https:\/\/www.comunidadeativa.jor.br\/index.php\/author\/casalberto\/"}]}},"_links":{"self":[{"href":"https:\/\/www.comunidadeativa.jor.br\/index.php\/wp-json\/wp\/v2\/posts\/1931","targetHints":{"allow":["GET"]}}],"collection":[{"href":"https:\/\/www.comunidadeativa.jor.br\/index.php\/wp-json\/wp\/v2\/posts"}],"about":[{"href":"https:\/\/www.comunidadeativa.jor.br\/index.php\/wp-json\/wp\/v2\/types\/post"}],"author":[{"embeddable":true,"href":"https:\/\/www.comunidadeativa.jor.br\/index.php\/wp-json\/wp\/v2\/users\/1"}],"replies":[{"embeddable":true,"href":"https:\/\/www.comunidadeativa.jor.br\/index.php\/wp-json\/wp\/v2\/comments?post=1931"}],"version-history":[{"count":4,"href":"https:\/\/www.comunidadeativa.jor.br\/index.php\/wp-json\/wp\/v2\/posts\/1931\/revisions"}],"predecessor-version":[{"id":3819,"href":"https:\/\/www.comunidadeativa.jor.br\/index.php\/wp-json\/wp\/v2\/posts\/1931\/revisions\/3819"}],"wp:featuredmedia":[{"embeddable":true,"href":"https:\/\/www.comunidadeativa.jor.br\/index.php\/wp-json\/wp\/v2\/media\/1932"}],"wp:attachment":[{"href":"https:\/\/www.comunidadeativa.jor.br\/index.php\/wp-json\/wp\/v2\/media?parent=1931"}],"wp:term":[{"taxonomy":"category","embeddable":true,"href":"https:\/\/www.comunidadeativa.jor.br\/index.php\/wp-json\/wp\/v2\/categories?post=1931"},{"taxonomy":"post_tag","embeddable":true,"href":"https:\/\/www.comunidadeativa.jor.br\/index.php\/wp-json\/wp\/v2\/tags?post=1931"}],"curies":[{"name":"wp","href":"https:\/\/api.w.org\/{rel}","templated":true}]}}