{"id":1936,"date":"2021-04-07T13:08:03","date_gmt":"2021-04-07T16:08:03","guid":{"rendered":"https:\/\/www.comunidadeativa.jor.br\/?p=1936"},"modified":"2021-04-07T13:08:03","modified_gmt":"2021-04-07T16:08:03","slug":"o-sempre-um-papo-desta-quarta-sera-com-a-escritora-marina-colansanti","status":"publish","type":"post","link":"https:\/\/www.comunidadeativa.jor.br\/index.php\/2021\/04\/07\/o-sempre-um-papo-desta-quarta-sera-com-a-escritora-marina-colansanti\/","title":{"rendered":"O Sempre um Papo desta quarta ser\u00e1 com a escritora Marina Colansanti"},"content":{"rendered":"<p>O Sempre Um Papo desta quarta-feira, 07, ser\u00e1 com a escritora Marina Colasanti. Dona de uma carreira premiada como autora de poesias, contos, literatura infantil e infanto-juvenil, ela conversar\u00e1 com o jornalista Afonso Borges sobre o seu \u00faltimo livro,\u00a0 Mais Longa Vida, lan\u00e7ado pela Editora Record no ano passado.<\/p>\n<p>Nascida em 1937 na cidade de Asmara, capital da Eritr\u00e9ia, na \u00c1frica, quando crian\u00e7a, Marina Colansanti tamb\u00e9m morou em Tr\u00edpoli, na L\u00edbia, e na It\u00e1lia, a terra natal dos pais. Por\u00e9m, dada as dificuldades vividas na Europa do p\u00f3s-guerra, o pai, Manfredo Colansanti, decidiu se mudar com a fam\u00edlia para o Rio de Janeiro em 1948, onde se tornou ator e jornalista reconhecido.<\/p>\n<p>Marina se formou em Artes Pl\u00e1sticas, mas acabou seguindo os passos do pai no jornalismo. Em 1962, come\u00e7ou a atuar como redatora do Jornal do Brasil, onde tamb\u00e9m foi cronista, colunista, ilustradora e editora infantil e de esportes. Permanece no JB at\u00e9 1973.<\/p>\n<p>Tamb\u00e9m como jornalista, entre os anos 1970 e 1980, assinou in\u00fameras se\u00e7\u00f5es em v\u00e1rias revistas de sucesso \u2014 Fatos e Fotos, Ele e Ela, Cl\u00e1udia, Manchete, entre outras \u2014, apresentando um desempenho que lhe renderam o Pr\u00eamio Abril de Jornalismo em 1978, 1980 e 1982. Marina tamb\u00e9m atuou como redatora, apresentadora e editora de programas de televis\u00e3o e traduziu importantes obras da literatura universal \u2014 incluindo <em>As Aventuras de Pin\u00f3quio<\/em>, de Carlo Callodi e <em>Alice no Pa\u00eds das Maravilhas<\/em>, de Lewis Caroll.<\/p>\n<p>Como autora, publicou mais de 50 t\u00edtulos no Brasil e no exterior, se tornando uma das mais premiadas escritoras brasileiras. Na obra de Marina Colansanti se destacam os t\u00edtulos <em>Entre a Espada e a Rosa<\/em> e <em>Rota de Colis\u00e3o<\/em>, ambos de 1994, <em>Ana Z, Aonde Vai Voc\u00ea?<\/em>, de 1997,\u00a0 <em>Eu Sei Mas N\u00e3o Devia<\/em>, de 2010, <em>Passageira Em Tr\u00e2nsito<\/em>, de 2011 e <em>Antes de Virar Gigante<\/em> de 2014.<\/p>\n<p>Em<em> Mais longa vida<\/em>,\u00a0 sua obra mais recente, impera a delicadeza. No livro, a autora transborda sua ampla cultura liter\u00e1ria e sua intimidade com a poesia italiana e luso-brasileira. Ao escrever sobre temas como fam\u00edlia, amor, perdas, viagens, saudade e sobre tantos outros que perpassam uma vida plena, Marina reveste de simplicidade o que \u00e9 altamente complexo e invoca um di\u00e1logo raro, nas tramas da alma, da terra e da l\u00edngua.<\/p>\n<p>O Sempre Um Papo com Marina Colasanti desta quarta-feira pode ser acompanhado a partir das 19h pelo canis do programa no <a href=\"https:\/\/www.youtube.com\/results?search_query=sempre+um+papo\" target=\"_blank\" rel=\"noopener\">Youtube<\/a>, Facebook e no Instagram.<\/p>\n","protected":false},"excerpt":{"rendered":"<p>O Sempre Um Papo desta quarta-feira, 07, ser\u00e1 com a escritora Marina Colasanti. Dona de uma carreira premiada como autora<\/p>\n","protected":false},"author":1,"featured_media":1937,"comment_status":"closed","ping_status":"open","sticky":false,"template":"","format":"standard","meta":{"footnotes":""},"categories":[15],"tags":[],"class_list":["post-1936","post","type-post","status-publish","format-standard","has-post-thumbnail","hentry","category-cultura"],"yoast_head":"<!-- This site is optimized with the Yoast SEO plugin v26.0 - https:\/\/yoast.com\/wordpress\/plugins\/seo\/ -->\n<title>O Sempre um Papo desta quarta ser\u00e1 com a escritora Marina Colansanti - Comunidade Ativa<\/title>\n<meta name=\"robots\" content=\"index, follow, max-snippet:-1, max-image-preview:large, max-video-preview:-1\" \/>\n<link rel=\"canonical\" href=\"https:\/\/www.comunidadeativa.jor.br\/index.php\/2021\/04\/07\/o-sempre-um-papo-desta-quarta-sera-com-a-escritora-marina-colansanti\/\" \/>\n<meta property=\"og:locale\" content=\"pt_BR\" \/>\n<meta property=\"og:type\" content=\"article\" \/>\n<meta property=\"og:title\" content=\"O Sempre um Papo desta quarta ser\u00e1 com a escritora Marina Colansanti - Comunidade Ativa\" \/>\n<meta property=\"og:description\" content=\"O Sempre Um Papo desta quarta-feira, 07, ser\u00e1 com a escritora Marina Colasanti. Dona de uma carreira premiada como autora\" \/>\n<meta property=\"og:url\" content=\"https:\/\/www.comunidadeativa.jor.br\/index.php\/2021\/04\/07\/o-sempre-um-papo-desta-quarta-sera-com-a-escritora-marina-colansanti\/\" \/>\n<meta property=\"og:site_name\" content=\"Comunidade Ativa\" \/>\n<meta property=\"article:publisher\" content=\"https:\/\/www.facebook.com\/comunidadeativa\" \/>\n<meta property=\"article:published_time\" content=\"2021-04-07T16:08:03+00:00\" \/>\n<meta property=\"og:image\" content=\"https:\/\/www.comunidadeativa.jor.br\/wp-content\/uploads\/2021\/04\/capa-4.jpg\" \/>\n\t<meta property=\"og:image:width\" content=\"640\" \/>\n\t<meta property=\"og:image:height\" content=\"352\" \/>\n\t<meta property=\"og:image:type\" content=\"image\/jpeg\" \/>\n<meta name=\"author\" content=\"Comunidade Ativa\" \/>\n<meta name=\"twitter:card\" content=\"summary_large_image\" \/>\n<meta name=\"twitter:label1\" content=\"Escrito por\" \/>\n\t<meta name=\"twitter:data1\" content=\"Comunidade Ativa\" \/>\n\t<meta name=\"twitter:label2\" content=\"Est. tempo de leitura\" \/>\n\t<meta name=\"twitter:data2\" content=\"2 minutos\" \/>\n<script type=\"application\/ld+json\" class=\"yoast-schema-graph\">{\"@context\":\"https:\/\/schema.org\",\"@graph\":[{\"@type\":\"Article\",\"@id\":\"https:\/\/www.comunidadeativa.jor.br\/index.php\/2021\/04\/07\/o-sempre-um-papo-desta-quarta-sera-com-a-escritora-marina-colansanti\/#article\",\"isPartOf\":{\"@id\":\"https:\/\/www.comunidadeativa.jor.br\/index.php\/2021\/04\/07\/o-sempre-um-papo-desta-quarta-sera-com-a-escritora-marina-colansanti\/\"},\"author\":{\"name\":\"Comunidade Ativa\",\"@id\":\"https:\/\/www.comunidadeativa.jor.br\/#\/schema\/person\/dcaa1f1c51c1f0c47a33b2b734cad6e1\"},\"headline\":\"O Sempre um Papo desta quarta ser\u00e1 com a escritora Marina Colansanti\",\"datePublished\":\"2021-04-07T16:08:03+00:00\",\"mainEntityOfPage\":{\"@id\":\"https:\/\/www.comunidadeativa.jor.br\/index.php\/2021\/04\/07\/o-sempre-um-papo-desta-quarta-sera-com-a-escritora-marina-colansanti\/\"},\"wordCount\":426,\"publisher\":{\"@id\":\"https:\/\/www.comunidadeativa.jor.br\/#organization\"},\"image\":{\"@id\":\"https:\/\/www.comunidadeativa.jor.br\/index.php\/2021\/04\/07\/o-sempre-um-papo-desta-quarta-sera-com-a-escritora-marina-colansanti\/#primaryimage\"},\"thumbnailUrl\":\"https:\/\/www.comunidadeativa.jor.br\/wp-content\/uploads\/2021\/04\/capa-4.jpg\",\"articleSection\":[\"Cultura\"],\"inLanguage\":\"pt-BR\"},{\"@type\":\"WebPage\",\"@id\":\"https:\/\/www.comunidadeativa.jor.br\/index.php\/2021\/04\/07\/o-sempre-um-papo-desta-quarta-sera-com-a-escritora-marina-colansanti\/\",\"url\":\"https:\/\/www.comunidadeativa.jor.br\/index.php\/2021\/04\/07\/o-sempre-um-papo-desta-quarta-sera-com-a-escritora-marina-colansanti\/\",\"name\":\"O Sempre um Papo desta quarta ser\u00e1 com a escritora Marina Colansanti - Comunidade Ativa\",\"isPartOf\":{\"@id\":\"https:\/\/www.comunidadeativa.jor.br\/#website\"},\"primaryImageOfPage\":{\"@id\":\"https:\/\/www.comunidadeativa.jor.br\/index.php\/2021\/04\/07\/o-sempre-um-papo-desta-quarta-sera-com-a-escritora-marina-colansanti\/#primaryimage\"},\"image\":{\"@id\":\"https:\/\/www.comunidadeativa.jor.br\/index.php\/2021\/04\/07\/o-sempre-um-papo-desta-quarta-sera-com-a-escritora-marina-colansanti\/#primaryimage\"},\"thumbnailUrl\":\"https:\/\/www.comunidadeativa.jor.br\/wp-content\/uploads\/2021\/04\/capa-4.jpg\",\"datePublished\":\"2021-04-07T16:08:03+00:00\",\"breadcrumb\":{\"@id\":\"https:\/\/www.comunidadeativa.jor.br\/index.php\/2021\/04\/07\/o-sempre-um-papo-desta-quarta-sera-com-a-escritora-marina-colansanti\/#breadcrumb\"},\"inLanguage\":\"pt-BR\",\"potentialAction\":[{\"@type\":\"ReadAction\",\"target\":[\"https:\/\/www.comunidadeativa.jor.br\/index.php\/2021\/04\/07\/o-sempre-um-papo-desta-quarta-sera-com-a-escritora-marina-colansanti\/\"]}]},{\"@type\":\"ImageObject\",\"inLanguage\":\"pt-BR\",\"@id\":\"https:\/\/www.comunidadeativa.jor.br\/index.php\/2021\/04\/07\/o-sempre-um-papo-desta-quarta-sera-com-a-escritora-marina-colansanti\/#primaryimage\",\"url\":\"https:\/\/www.comunidadeativa.jor.br\/wp-content\/uploads\/2021\/04\/capa-4.jpg\",\"contentUrl\":\"https:\/\/www.comunidadeativa.jor.br\/wp-content\/uploads\/2021\/04\/capa-4.jpg\",\"width\":640,\"height\":352},{\"@type\":\"BreadcrumbList\",\"@id\":\"https:\/\/www.comunidadeativa.jor.br\/index.php\/2021\/04\/07\/o-sempre-um-papo-desta-quarta-sera-com-a-escritora-marina-colansanti\/#breadcrumb\",\"itemListElement\":[{\"@type\":\"ListItem\",\"position\":1,\"name\":\"In\u00edcio\",\"item\":\"https:\/\/www.comunidadeativa.jor.br\/\"},{\"@type\":\"ListItem\",\"position\":2,\"name\":\"O Sempre um Papo desta quarta ser\u00e1 com a escritora Marina Colansanti\"}]},{\"@type\":\"WebSite\",\"@id\":\"https:\/\/www.comunidadeativa.jor.br\/#website\",\"url\":\"https:\/\/www.comunidadeativa.jor.br\/\",\"name\":\"Comunidade Ativa\",\"description\":\"\",\"publisher\":{\"@id\":\"https:\/\/www.comunidadeativa.jor.br\/#organization\"},\"potentialAction\":[{\"@type\":\"SearchAction\",\"target\":{\"@type\":\"EntryPoint\",\"urlTemplate\":\"https:\/\/www.comunidadeativa.jor.br\/?s={search_term_string}\"},\"query-input\":{\"@type\":\"PropertyValueSpecification\",\"valueRequired\":true,\"valueName\":\"search_term_string\"}}],\"inLanguage\":\"pt-BR\"},{\"@type\":\"Organization\",\"@id\":\"https:\/\/www.comunidadeativa.jor.br\/#organization\",\"name\":\"Comunidade Ativa\",\"url\":\"https:\/\/www.comunidadeativa.jor.br\/\",\"logo\":{\"@type\":\"ImageObject\",\"inLanguage\":\"pt-BR\",\"@id\":\"https:\/\/www.comunidadeativa.jor.br\/#\/schema\/logo\/image\/\",\"url\":\"https:\/\/www.comunidadeativa.jor.br\/wp-content\/uploads\/2018\/03\/cropped-LOGOPNG-1.png\",\"contentUrl\":\"https:\/\/www.comunidadeativa.jor.br\/wp-content\/uploads\/2018\/03\/cropped-LOGOPNG-1.png\",\"width\":318,\"height\":90,\"caption\":\"Comunidade Ativa\"},\"image\":{\"@id\":\"https:\/\/www.comunidadeativa.jor.br\/#\/schema\/logo\/image\/\"},\"sameAs\":[\"https:\/\/www.facebook.com\/comunidadeativa\"]},{\"@type\":\"Person\",\"@id\":\"https:\/\/www.comunidadeativa.jor.br\/#\/schema\/person\/dcaa1f1c51c1f0c47a33b2b734cad6e1\",\"name\":\"Comunidade Ativa\",\"image\":{\"@type\":\"ImageObject\",\"inLanguage\":\"pt-BR\",\"@id\":\"https:\/\/www.comunidadeativa.jor.br\/#\/schema\/person\/image\/\",\"url\":\"https:\/\/secure.gravatar.com\/avatar\/09a9a1f85fedf41e81b47f7c1d40084f?s=96&d=mm&r=g\",\"contentUrl\":\"https:\/\/secure.gravatar.com\/avatar\/09a9a1f85fedf41e81b47f7c1d40084f?s=96&d=mm&r=g\",\"caption\":\"Comunidade Ativa\"},\"url\":\"https:\/\/www.comunidadeativa.jor.br\/index.php\/author\/casalberto\/\"}]}<\/script>\n<!-- \/ Yoast SEO plugin. -->","yoast_head_json":{"title":"O Sempre um Papo desta quarta ser\u00e1 com a escritora Marina Colansanti - Comunidade Ativa","robots":{"index":"index","follow":"follow","max-snippet":"max-snippet:-1","max-image-preview":"max-image-preview:large","max-video-preview":"max-video-preview:-1"},"canonical":"https:\/\/www.comunidadeativa.jor.br\/index.php\/2021\/04\/07\/o-sempre-um-papo-desta-quarta-sera-com-a-escritora-marina-colansanti\/","og_locale":"pt_BR","og_type":"article","og_title":"O Sempre um Papo desta quarta ser\u00e1 com a escritora Marina Colansanti - Comunidade Ativa","og_description":"O Sempre Um Papo desta quarta-feira, 07, ser\u00e1 com a escritora Marina Colasanti. Dona de uma carreira premiada como autora","og_url":"https:\/\/www.comunidadeativa.jor.br\/index.php\/2021\/04\/07\/o-sempre-um-papo-desta-quarta-sera-com-a-escritora-marina-colansanti\/","og_site_name":"Comunidade Ativa","article_publisher":"https:\/\/www.facebook.com\/comunidadeativa","article_published_time":"2021-04-07T16:08:03+00:00","og_image":[{"width":640,"height":352,"url":"https:\/\/www.comunidadeativa.jor.br\/wp-content\/uploads\/2021\/04\/capa-4.jpg","type":"image\/jpeg"}],"author":"Comunidade Ativa","twitter_card":"summary_large_image","twitter_misc":{"Escrito por":"Comunidade Ativa","Est. tempo de leitura":"2 minutos"},"schema":{"@context":"https:\/\/schema.org","@graph":[{"@type":"Article","@id":"https:\/\/www.comunidadeativa.jor.br\/index.php\/2021\/04\/07\/o-sempre-um-papo-desta-quarta-sera-com-a-escritora-marina-colansanti\/#article","isPartOf":{"@id":"https:\/\/www.comunidadeativa.jor.br\/index.php\/2021\/04\/07\/o-sempre-um-papo-desta-quarta-sera-com-a-escritora-marina-colansanti\/"},"author":{"name":"Comunidade Ativa","@id":"https:\/\/www.comunidadeativa.jor.br\/#\/schema\/person\/dcaa1f1c51c1f0c47a33b2b734cad6e1"},"headline":"O Sempre um Papo desta quarta ser\u00e1 com a escritora Marina Colansanti","datePublished":"2021-04-07T16:08:03+00:00","mainEntityOfPage":{"@id":"https:\/\/www.comunidadeativa.jor.br\/index.php\/2021\/04\/07\/o-sempre-um-papo-desta-quarta-sera-com-a-escritora-marina-colansanti\/"},"wordCount":426,"publisher":{"@id":"https:\/\/www.comunidadeativa.jor.br\/#organization"},"image":{"@id":"https:\/\/www.comunidadeativa.jor.br\/index.php\/2021\/04\/07\/o-sempre-um-papo-desta-quarta-sera-com-a-escritora-marina-colansanti\/#primaryimage"},"thumbnailUrl":"https:\/\/www.comunidadeativa.jor.br\/wp-content\/uploads\/2021\/04\/capa-4.jpg","articleSection":["Cultura"],"inLanguage":"pt-BR"},{"@type":"WebPage","@id":"https:\/\/www.comunidadeativa.jor.br\/index.php\/2021\/04\/07\/o-sempre-um-papo-desta-quarta-sera-com-a-escritora-marina-colansanti\/","url":"https:\/\/www.comunidadeativa.jor.br\/index.php\/2021\/04\/07\/o-sempre-um-papo-desta-quarta-sera-com-a-escritora-marina-colansanti\/","name":"O Sempre um Papo desta quarta ser\u00e1 com a escritora Marina Colansanti - Comunidade Ativa","isPartOf":{"@id":"https:\/\/www.comunidadeativa.jor.br\/#website"},"primaryImageOfPage":{"@id":"https:\/\/www.comunidadeativa.jor.br\/index.php\/2021\/04\/07\/o-sempre-um-papo-desta-quarta-sera-com-a-escritora-marina-colansanti\/#primaryimage"},"image":{"@id":"https:\/\/www.comunidadeativa.jor.br\/index.php\/2021\/04\/07\/o-sempre-um-papo-desta-quarta-sera-com-a-escritora-marina-colansanti\/#primaryimage"},"thumbnailUrl":"https:\/\/www.comunidadeativa.jor.br\/wp-content\/uploads\/2021\/04\/capa-4.jpg","datePublished":"2021-04-07T16:08:03+00:00","breadcrumb":{"@id":"https:\/\/www.comunidadeativa.jor.br\/index.php\/2021\/04\/07\/o-sempre-um-papo-desta-quarta-sera-com-a-escritora-marina-colansanti\/#breadcrumb"},"inLanguage":"pt-BR","potentialAction":[{"@type":"ReadAction","target":["https:\/\/www.comunidadeativa.jor.br\/index.php\/2021\/04\/07\/o-sempre-um-papo-desta-quarta-sera-com-a-escritora-marina-colansanti\/"]}]},{"@type":"ImageObject","inLanguage":"pt-BR","@id":"https:\/\/www.comunidadeativa.jor.br\/index.php\/2021\/04\/07\/o-sempre-um-papo-desta-quarta-sera-com-a-escritora-marina-colansanti\/#primaryimage","url":"https:\/\/www.comunidadeativa.jor.br\/wp-content\/uploads\/2021\/04\/capa-4.jpg","contentUrl":"https:\/\/www.comunidadeativa.jor.br\/wp-content\/uploads\/2021\/04\/capa-4.jpg","width":640,"height":352},{"@type":"BreadcrumbList","@id":"https:\/\/www.comunidadeativa.jor.br\/index.php\/2021\/04\/07\/o-sempre-um-papo-desta-quarta-sera-com-a-escritora-marina-colansanti\/#breadcrumb","itemListElement":[{"@type":"ListItem","position":1,"name":"In\u00edcio","item":"https:\/\/www.comunidadeativa.jor.br\/"},{"@type":"ListItem","position":2,"name":"O Sempre um Papo desta quarta ser\u00e1 com a escritora Marina Colansanti"}]},{"@type":"WebSite","@id":"https:\/\/www.comunidadeativa.jor.br\/#website","url":"https:\/\/www.comunidadeativa.jor.br\/","name":"Comunidade Ativa","description":"","publisher":{"@id":"https:\/\/www.comunidadeativa.jor.br\/#organization"},"potentialAction":[{"@type":"SearchAction","target":{"@type":"EntryPoint","urlTemplate":"https:\/\/www.comunidadeativa.jor.br\/?s={search_term_string}"},"query-input":{"@type":"PropertyValueSpecification","valueRequired":true,"valueName":"search_term_string"}}],"inLanguage":"pt-BR"},{"@type":"Organization","@id":"https:\/\/www.comunidadeativa.jor.br\/#organization","name":"Comunidade Ativa","url":"https:\/\/www.comunidadeativa.jor.br\/","logo":{"@type":"ImageObject","inLanguage":"pt-BR","@id":"https:\/\/www.comunidadeativa.jor.br\/#\/schema\/logo\/image\/","url":"https:\/\/www.comunidadeativa.jor.br\/wp-content\/uploads\/2018\/03\/cropped-LOGOPNG-1.png","contentUrl":"https:\/\/www.comunidadeativa.jor.br\/wp-content\/uploads\/2018\/03\/cropped-LOGOPNG-1.png","width":318,"height":90,"caption":"Comunidade Ativa"},"image":{"@id":"https:\/\/www.comunidadeativa.jor.br\/#\/schema\/logo\/image\/"},"sameAs":["https:\/\/www.facebook.com\/comunidadeativa"]},{"@type":"Person","@id":"https:\/\/www.comunidadeativa.jor.br\/#\/schema\/person\/dcaa1f1c51c1f0c47a33b2b734cad6e1","name":"Comunidade Ativa","image":{"@type":"ImageObject","inLanguage":"pt-BR","@id":"https:\/\/www.comunidadeativa.jor.br\/#\/schema\/person\/image\/","url":"https:\/\/secure.gravatar.com\/avatar\/09a9a1f85fedf41e81b47f7c1d40084f?s=96&d=mm&r=g","contentUrl":"https:\/\/secure.gravatar.com\/avatar\/09a9a1f85fedf41e81b47f7c1d40084f?s=96&d=mm&r=g","caption":"Comunidade Ativa"},"url":"https:\/\/www.comunidadeativa.jor.br\/index.php\/author\/casalberto\/"}]}},"_links":{"self":[{"href":"https:\/\/www.comunidadeativa.jor.br\/index.php\/wp-json\/wp\/v2\/posts\/1936","targetHints":{"allow":["GET"]}}],"collection":[{"href":"https:\/\/www.comunidadeativa.jor.br\/index.php\/wp-json\/wp\/v2\/posts"}],"about":[{"href":"https:\/\/www.comunidadeativa.jor.br\/index.php\/wp-json\/wp\/v2\/types\/post"}],"author":[{"embeddable":true,"href":"https:\/\/www.comunidadeativa.jor.br\/index.php\/wp-json\/wp\/v2\/users\/1"}],"replies":[{"embeddable":true,"href":"https:\/\/www.comunidadeativa.jor.br\/index.php\/wp-json\/wp\/v2\/comments?post=1936"}],"version-history":[{"count":1,"href":"https:\/\/www.comunidadeativa.jor.br\/index.php\/wp-json\/wp\/v2\/posts\/1936\/revisions"}],"predecessor-version":[{"id":1938,"href":"https:\/\/www.comunidadeativa.jor.br\/index.php\/wp-json\/wp\/v2\/posts\/1936\/revisions\/1938"}],"wp:featuredmedia":[{"embeddable":true,"href":"https:\/\/www.comunidadeativa.jor.br\/index.php\/wp-json\/wp\/v2\/media\/1937"}],"wp:attachment":[{"href":"https:\/\/www.comunidadeativa.jor.br\/index.php\/wp-json\/wp\/v2\/media?parent=1936"}],"wp:term":[{"taxonomy":"category","embeddable":true,"href":"https:\/\/www.comunidadeativa.jor.br\/index.php\/wp-json\/wp\/v2\/categories?post=1936"},{"taxonomy":"post_tag","embeddable":true,"href":"https:\/\/www.comunidadeativa.jor.br\/index.php\/wp-json\/wp\/v2\/tags?post=1936"}],"curies":[{"name":"wp","href":"https:\/\/api.w.org\/{rel}","templated":true}]}}