{"id":1940,"date":"2021-04-08T13:37:57","date_gmt":"2021-04-08T16:37:57","guid":{"rendered":"https:\/\/www.comunidadeativa.jor.br\/?p=1940"},"modified":"2023-08-11T17:07:33","modified_gmt":"2023-08-11T20:07:33","slug":"gerson-pianetti-especialista-na-analise-de-medicamentos-fala-sobre-a-ivermectina-e-cloroquina-no-tratamento-da-covid-19","status":"publish","type":"post","link":"https:\/\/www.comunidadeativa.jor.br\/index.php\/2021\/04\/08\/gerson-pianetti-especialista-na-analise-de-medicamentos-fala-sobre-a-ivermectina-e-cloroquina-no-tratamento-da-covid-19\/","title":{"rendered":"Gerson Pianetti, especialista na an\u00e1lise de medicamentos, fala sobre a ivermectina e cloroquina no tratamento da Covid-19"},"content":{"rendered":"<p>Ainda que tenha a efic\u00e1cia sistematicamente negada em v\u00e1rias frentes cient\u00edficas, o chamado \u201ckit Covid\u201d continua gerando argumenta\u00e7\u00f5es favor\u00e1veis ao uso de medicamentos como a ivermectina e a cloroquina na preven\u00e7\u00e3o e no tratamento da Covid-19, o que ocorre tanto no meio m\u00e9dico quanto entre a popula\u00e7\u00e3o em geral. Para esclarecer o assunto, o programa<a href=\"https:\/\/www.medicina.ufmg.br\/radio\/2021\/03\/26\/kit-covid-o-que-a-ciencia-diz\/\" target=\"_blank\" rel=\"noopener\"> Sa\u00fade com Ci\u00eancia<\/a>, da Faculdade de Medicina da UFMG, entre os dias 29 de mar\u00e7o e 2 de abril, fez uma s\u00e9rie de entrevistas com o professor Gerson Pianetti, que \u00e9 titular da Faculdade de Farm\u00e1cia daquela universidade e atua na an\u00e1lise de f\u00e1rmacos e de medicamentos.<\/p>\n<p>Confira a seguir um resumo do que Pianetti disse.<\/p>\n<h6>A origem da indica\u00e7\u00e3o da ivermectina<\/h6>\n<p>Como consequ\u00eancia da busca por medicamentos j\u00e1 dispon\u00edveis no mercado e que pudessem apresentar efic\u00e1cia no combate \u00e0 Covid-19, <a href=\"https:\/\/www.sciencedirect.com\/science\/article\/pii\/S0166354220302011?via%3Dihub\" target=\"_blank\" rel=\"noopener\">um estudo realizado na Austr\u00e1lia no ano passado e publicado na revista Sciense Direct<\/a> observou que, de fato, ensaios laboratoriais <em>in vitro<\/em> detectaram que a ivermectina inibia a a\u00e7\u00e3o do coronav\u00edrus.\u00a0 Entretanto, na entrevista, Pianetti destacou que resultados obtidos em ensaios laboratoriais, necessariamente, n\u00e3o se repetem quando o experimento \u00e9 realizado com seres vivos. \u201cAquilo que \u00e9 feito<em>\u00a0in vitro<\/em>\u00a0somente \u00e9 publicado para te dar um norte para saber se vale a pena fazer\u00a0<em>in vivo\u00a0<\/em>ou n\u00e3o\u201d, disse o professor.<\/p>\n<p>Segundo Pianetti, a dose do medicamento utilizado nos ensaios de laborat\u00f3rio foi 18 vezes maior do aquela \u00e9 que conceb\u00edvel para uso em seres humanos. Destacando uma m\u00e1xima farmac\u00eautica proferida f\u00edsico alem\u00e3o Paracelso, que disse que a diferen\u00e7a entre o rem\u00e9dio e o veneno est\u00e1 na dosagem utilizada, o professor alertou para os riscos de uso excessivo de um f\u00e1rmaco. \u201cImagina o que acontece no seu organismo se voc\u00ea tomar uma dose. Agora imagina se voc\u00ea tomar uma superdose\u201d, ressaltou.<\/p>\n<h6>Sem efeito de preven\u00e7\u00e3o ou de cura, mas com efeito sobre o organismo<\/h6>\n<p>Fazendo refer\u00eancia a outro\u00a0<a href=\"https:\/\/jamanetwork.com\/journals\/jama\/fullarticle\/2777389\" aria-label=\"estudo (abre numa nova aba)\">estudo<\/a> mais recente publicado na revista Revista da Associa\u00e7\u00e3o M\u00e9dica Americana (JAMA), Pianetti apontou evid\u00eancias de que o uso ou n\u00e3o da ivermectina n\u00e3o fez diferen\u00e7a no tratamento ou na preven\u00e7\u00e3o da Covid-19. &#8220;Mas n\u00e3o nos esque\u00e7amos de que, a partir do momento que um medicamento entra no seu organismo, ele afeta o circuito interno que, queira ou n\u00e3o queira, vai passar pelo f\u00edgado\u201d, disse.<\/p>\n<p>Nesse aspecto, o professor ressaltou que, em vez de provocar efeitos ben\u00e9ficos no combate \u00e0 Covid-19, ao contr\u00e1rio, o uso indevido do medicamento tende a ser mal\u00e9fico, uma vez que j\u00e1 foi associado a casos de hepatite medicamentosa.<\/p>\n<h6>E a cloroquina?<\/h6>\n<p>Tamb\u00e9m presentes no tal \u201ckit Covid\u201d, a cloroquina e a hidroxicloroquina s\u00e3o medicamentos indicados para tratar doen\u00e7as como mal\u00e1ria e artrite reum\u00e1tica. H\u00e1 meses, o uso dessas subst\u00e2ncias no tratamento da Covid-19 vem sendo criticado por cientistas e por entidades brasileiras e internacionais, incluindo a\u00a0 <a href=\"https:\/\/www.paho.org\/pt\/brasil\">Organiza\u00e7\u00e3o Mundial da Sa\u00fade<\/a>\u00a0(OMS).<\/p>\n<p>Contrariando a insistente as argumenta\u00e7\u00f5es de alguns m\u00e9dicos e de muitos leigos, Pianetti apontou os resultados de um <a href=\"https:\/\/www.bmj.com\/content\/372\/bmj.n526\">estudo<\/a> sobre a efic\u00e1cia desses medicamentos no tratamento da Covid-19. De acordo com o estudo, o grupo de pacientes que utilizou as subst\u00e2ncias obteve melhora id\u00eantica \u00e0 daquele que n\u00e3o usou o rem\u00e9dio. &#8220;Ent\u00e3o, se n\u00e3o teve uma diferen\u00e7a estaticamente significativa, voc\u00ea descarta, porque n\u00e3o se toma medica\u00e7\u00e3o \u00e0 toa, sendo que o medicamento vai fazer um efeito negativo em outra regi\u00e3o do organismo\u201d, disse o professor.<\/p>\n<h6>Alerta<\/h6>\n<p>Al\u00e9m de descartar qualquer benef\u00edcio no combate \u00e0 Covid-19, Gerson Pianetti alertou para os riscos existentes no uso da ivermectina de forma inadequada, principalmente quando ocorre em dosagens excessivas, o que pode provocar s\u00e9rios danos ao f\u00edgado. <strong>\u201c<\/strong>Se voc\u00ea vai tomar por conta de um problema de verme, toma dois ou tr\u00eas comprimidos e acabou. Agora esse pessoal que est\u00e1 tomando um por dia, durante 15, 20 dias, n\u00e3o sabe o que est\u00e1 fazendo com f\u00edgado dele daqui para frente, porque vai ter comprometimento\u201d, frisou o professor.<\/p>\n<p>Segundo Pianetti, o mesmo raciocioc\u00ednio se aplica \u00e0 <a href=\"https:\/\/bit.ly\/3dneJkp\">cloroquina<\/a> e \u00e0 hidroxicloroquina, que tamb\u00e9m podem levar a s\u00e9rios comprometimentos hep\u00e1ticos e causar hepatite medicamentosa, se utilizados de formas que n\u00e3o sejam aquelas prescritas na bula. \u201cN\u00e3o existe essa de que se bem n\u00e3o faz, mal tamb\u00e9m n\u00e3o faz, porque vai causar danos sim\u201d, concluiu.<\/p>\n<p>&nbsp;<\/p>\n","protected":false},"excerpt":{"rendered":"<p>Ainda que tenha a efic\u00e1cia sistematicamente negada em v\u00e1rias frentes cient\u00edficas, o chamado \u201ckit Covid\u201d continua gerando argumenta\u00e7\u00f5es favor\u00e1veis ao<\/p>\n","protected":false},"author":1,"featured_media":1941,"comment_status":"closed","ping_status":"open","sticky":false,"template":"","format":"standard","meta":{"footnotes":""},"categories":[9],"tags":[],"class_list":["post-1940","post","type-post","status-publish","format-standard","has-post-thumbnail","hentry","category-saude-qualidade-de-vida"],"yoast_head":"<!-- This site is optimized with the Yoast SEO plugin v26.0 - https:\/\/yoast.com\/wordpress\/plugins\/seo\/ -->\n<title>Gerson Pianetti, especialista na an\u00e1lise de medicamentos, fala sobre a ivermectina e cloroquina no tratamento da Covid-19 - Comunidade Ativa<\/title>\n<meta name=\"robots\" content=\"index, follow, max-snippet:-1, max-image-preview:large, max-video-preview:-1\" \/>\n<link rel=\"canonical\" href=\"https:\/\/www.comunidadeativa.jor.br\/index.php\/2021\/04\/08\/gerson-pianetti-especialista-na-analise-de-medicamentos-fala-sobre-a-ivermectina-e-cloroquina-no-tratamento-da-covid-19\/\" \/>\n<meta property=\"og:locale\" content=\"pt_BR\" \/>\n<meta property=\"og:type\" content=\"article\" \/>\n<meta property=\"og:title\" content=\"Gerson Pianetti, especialista na an\u00e1lise de medicamentos, fala sobre a ivermectina e cloroquina no tratamento da Covid-19 - Comunidade Ativa\" \/>\n<meta property=\"og:description\" content=\"Ainda que tenha a efic\u00e1cia sistematicamente negada em v\u00e1rias frentes cient\u00edficas, o chamado \u201ckit Covid\u201d continua gerando argumenta\u00e7\u00f5es favor\u00e1veis ao\" \/>\n<meta property=\"og:url\" content=\"https:\/\/www.comunidadeativa.jor.br\/index.php\/2021\/04\/08\/gerson-pianetti-especialista-na-analise-de-medicamentos-fala-sobre-a-ivermectina-e-cloroquina-no-tratamento-da-covid-19\/\" \/>\n<meta property=\"og:site_name\" content=\"Comunidade Ativa\" \/>\n<meta property=\"article:publisher\" content=\"https:\/\/www.facebook.com\/comunidadeativa\" \/>\n<meta property=\"article:published_time\" content=\"2021-04-08T16:37:57+00:00\" \/>\n<meta property=\"article:modified_time\" content=\"2023-08-11T20:07:33+00:00\" \/>\n<meta property=\"og:image\" content=\"https:\/\/www.comunidadeativa.jor.br\/wp-content\/uploads\/2021\/04\/capa-5.jpg\" \/>\n\t<meta property=\"og:image:width\" content=\"640\" \/>\n\t<meta property=\"og:image:height\" content=\"352\" \/>\n\t<meta property=\"og:image:type\" content=\"image\/jpeg\" \/>\n<meta name=\"author\" content=\"Comunidade Ativa\" \/>\n<meta name=\"twitter:card\" content=\"summary_large_image\" \/>\n<meta name=\"twitter:label1\" content=\"Escrito por\" \/>\n\t<meta name=\"twitter:data1\" content=\"Comunidade Ativa\" \/>\n\t<meta name=\"twitter:label2\" content=\"Est. tempo de leitura\" \/>\n\t<meta name=\"twitter:data2\" content=\"4 minutos\" \/>\n<script type=\"application\/ld+json\" class=\"yoast-schema-graph\">{\"@context\":\"https:\/\/schema.org\",\"@graph\":[{\"@type\":\"Article\",\"@id\":\"https:\/\/www.comunidadeativa.jor.br\/index.php\/2021\/04\/08\/gerson-pianetti-especialista-na-analise-de-medicamentos-fala-sobre-a-ivermectina-e-cloroquina-no-tratamento-da-covid-19\/#article\",\"isPartOf\":{\"@id\":\"https:\/\/www.comunidadeativa.jor.br\/index.php\/2021\/04\/08\/gerson-pianetti-especialista-na-analise-de-medicamentos-fala-sobre-a-ivermectina-e-cloroquina-no-tratamento-da-covid-19\/\"},\"author\":{\"name\":\"Comunidade Ativa\",\"@id\":\"https:\/\/www.comunidadeativa.jor.br\/#\/schema\/person\/dcaa1f1c51c1f0c47a33b2b734cad6e1\"},\"headline\":\"Gerson Pianetti, especialista na an\u00e1lise de medicamentos, fala sobre a ivermectina e cloroquina no tratamento da Covid-19\",\"datePublished\":\"2021-04-08T16:37:57+00:00\",\"dateModified\":\"2023-08-11T20:07:33+00:00\",\"mainEntityOfPage\":{\"@id\":\"https:\/\/www.comunidadeativa.jor.br\/index.php\/2021\/04\/08\/gerson-pianetti-especialista-na-analise-de-medicamentos-fala-sobre-a-ivermectina-e-cloroquina-no-tratamento-da-covid-19\/\"},\"wordCount\":786,\"publisher\":{\"@id\":\"https:\/\/www.comunidadeativa.jor.br\/#organization\"},\"image\":{\"@id\":\"https:\/\/www.comunidadeativa.jor.br\/index.php\/2021\/04\/08\/gerson-pianetti-especialista-na-analise-de-medicamentos-fala-sobre-a-ivermectina-e-cloroquina-no-tratamento-da-covid-19\/#primaryimage\"},\"thumbnailUrl\":\"https:\/\/www.comunidadeativa.jor.br\/wp-content\/uploads\/2021\/04\/capa-5.jpg\",\"articleSection\":[\"Sa\u00fade &amp; Qualidade de Vida\"],\"inLanguage\":\"pt-BR\"},{\"@type\":\"WebPage\",\"@id\":\"https:\/\/www.comunidadeativa.jor.br\/index.php\/2021\/04\/08\/gerson-pianetti-especialista-na-analise-de-medicamentos-fala-sobre-a-ivermectina-e-cloroquina-no-tratamento-da-covid-19\/\",\"url\":\"https:\/\/www.comunidadeativa.jor.br\/index.php\/2021\/04\/08\/gerson-pianetti-especialista-na-analise-de-medicamentos-fala-sobre-a-ivermectina-e-cloroquina-no-tratamento-da-covid-19\/\",\"name\":\"Gerson Pianetti, especialista na an\u00e1lise de medicamentos, fala sobre a ivermectina e cloroquina no tratamento da Covid-19 - Comunidade Ativa\",\"isPartOf\":{\"@id\":\"https:\/\/www.comunidadeativa.jor.br\/#website\"},\"primaryImageOfPage\":{\"@id\":\"https:\/\/www.comunidadeativa.jor.br\/index.php\/2021\/04\/08\/gerson-pianetti-especialista-na-analise-de-medicamentos-fala-sobre-a-ivermectina-e-cloroquina-no-tratamento-da-covid-19\/#primaryimage\"},\"image\":{\"@id\":\"https:\/\/www.comunidadeativa.jor.br\/index.php\/2021\/04\/08\/gerson-pianetti-especialista-na-analise-de-medicamentos-fala-sobre-a-ivermectina-e-cloroquina-no-tratamento-da-covid-19\/#primaryimage\"},\"thumbnailUrl\":\"https:\/\/www.comunidadeativa.jor.br\/wp-content\/uploads\/2021\/04\/capa-5.jpg\",\"datePublished\":\"2021-04-08T16:37:57+00:00\",\"dateModified\":\"2023-08-11T20:07:33+00:00\",\"breadcrumb\":{\"@id\":\"https:\/\/www.comunidadeativa.jor.br\/index.php\/2021\/04\/08\/gerson-pianetti-especialista-na-analise-de-medicamentos-fala-sobre-a-ivermectina-e-cloroquina-no-tratamento-da-covid-19\/#breadcrumb\"},\"inLanguage\":\"pt-BR\",\"potentialAction\":[{\"@type\":\"ReadAction\",\"target\":[\"https:\/\/www.comunidadeativa.jor.br\/index.php\/2021\/04\/08\/gerson-pianetti-especialista-na-analise-de-medicamentos-fala-sobre-a-ivermectina-e-cloroquina-no-tratamento-da-covid-19\/\"]}]},{\"@type\":\"ImageObject\",\"inLanguage\":\"pt-BR\",\"@id\":\"https:\/\/www.comunidadeativa.jor.br\/index.php\/2021\/04\/08\/gerson-pianetti-especialista-na-analise-de-medicamentos-fala-sobre-a-ivermectina-e-cloroquina-no-tratamento-da-covid-19\/#primaryimage\",\"url\":\"https:\/\/www.comunidadeativa.jor.br\/wp-content\/uploads\/2021\/04\/capa-5.jpg\",\"contentUrl\":\"https:\/\/www.comunidadeativa.jor.br\/wp-content\/uploads\/2021\/04\/capa-5.jpg\",\"width\":640,\"height\":352},{\"@type\":\"BreadcrumbList\",\"@id\":\"https:\/\/www.comunidadeativa.jor.br\/index.php\/2021\/04\/08\/gerson-pianetti-especialista-na-analise-de-medicamentos-fala-sobre-a-ivermectina-e-cloroquina-no-tratamento-da-covid-19\/#breadcrumb\",\"itemListElement\":[{\"@type\":\"ListItem\",\"position\":1,\"name\":\"In\u00edcio\",\"item\":\"https:\/\/www.comunidadeativa.jor.br\/\"},{\"@type\":\"ListItem\",\"position\":2,\"name\":\"Gerson Pianetti, especialista na an\u00e1lise de medicamentos, fala sobre a ivermectina e cloroquina no tratamento da Covid-19\"}]},{\"@type\":\"WebSite\",\"@id\":\"https:\/\/www.comunidadeativa.jor.br\/#website\",\"url\":\"https:\/\/www.comunidadeativa.jor.br\/\",\"name\":\"Comunidade Ativa\",\"description\":\"\",\"publisher\":{\"@id\":\"https:\/\/www.comunidadeativa.jor.br\/#organization\"},\"potentialAction\":[{\"@type\":\"SearchAction\",\"target\":{\"@type\":\"EntryPoint\",\"urlTemplate\":\"https:\/\/www.comunidadeativa.jor.br\/?s={search_term_string}\"},\"query-input\":{\"@type\":\"PropertyValueSpecification\",\"valueRequired\":true,\"valueName\":\"search_term_string\"}}],\"inLanguage\":\"pt-BR\"},{\"@type\":\"Organization\",\"@id\":\"https:\/\/www.comunidadeativa.jor.br\/#organization\",\"name\":\"Comunidade Ativa\",\"url\":\"https:\/\/www.comunidadeativa.jor.br\/\",\"logo\":{\"@type\":\"ImageObject\",\"inLanguage\":\"pt-BR\",\"@id\":\"https:\/\/www.comunidadeativa.jor.br\/#\/schema\/logo\/image\/\",\"url\":\"https:\/\/www.comunidadeativa.jor.br\/wp-content\/uploads\/2018\/03\/cropped-LOGOPNG-1.png\",\"contentUrl\":\"https:\/\/www.comunidadeativa.jor.br\/wp-content\/uploads\/2018\/03\/cropped-LOGOPNG-1.png\",\"width\":318,\"height\":90,\"caption\":\"Comunidade Ativa\"},\"image\":{\"@id\":\"https:\/\/www.comunidadeativa.jor.br\/#\/schema\/logo\/image\/\"},\"sameAs\":[\"https:\/\/www.facebook.com\/comunidadeativa\"]},{\"@type\":\"Person\",\"@id\":\"https:\/\/www.comunidadeativa.jor.br\/#\/schema\/person\/dcaa1f1c51c1f0c47a33b2b734cad6e1\",\"name\":\"Comunidade Ativa\",\"image\":{\"@type\":\"ImageObject\",\"inLanguage\":\"pt-BR\",\"@id\":\"https:\/\/www.comunidadeativa.jor.br\/#\/schema\/person\/image\/\",\"url\":\"https:\/\/secure.gravatar.com\/avatar\/09a9a1f85fedf41e81b47f7c1d40084f?s=96&d=mm&r=g\",\"contentUrl\":\"https:\/\/secure.gravatar.com\/avatar\/09a9a1f85fedf41e81b47f7c1d40084f?s=96&d=mm&r=g\",\"caption\":\"Comunidade Ativa\"},\"url\":\"https:\/\/www.comunidadeativa.jor.br\/index.php\/author\/casalberto\/\"}]}<\/script>\n<!-- \/ Yoast SEO plugin. -->","yoast_head_json":{"title":"Gerson Pianetti, especialista na an\u00e1lise de medicamentos, fala sobre a ivermectina e cloroquina no tratamento da Covid-19 - Comunidade Ativa","robots":{"index":"index","follow":"follow","max-snippet":"max-snippet:-1","max-image-preview":"max-image-preview:large","max-video-preview":"max-video-preview:-1"},"canonical":"https:\/\/www.comunidadeativa.jor.br\/index.php\/2021\/04\/08\/gerson-pianetti-especialista-na-analise-de-medicamentos-fala-sobre-a-ivermectina-e-cloroquina-no-tratamento-da-covid-19\/","og_locale":"pt_BR","og_type":"article","og_title":"Gerson Pianetti, especialista na an\u00e1lise de medicamentos, fala sobre a ivermectina e cloroquina no tratamento da Covid-19 - Comunidade Ativa","og_description":"Ainda que tenha a efic\u00e1cia sistematicamente negada em v\u00e1rias frentes cient\u00edficas, o chamado \u201ckit Covid\u201d continua gerando argumenta\u00e7\u00f5es favor\u00e1veis ao","og_url":"https:\/\/www.comunidadeativa.jor.br\/index.php\/2021\/04\/08\/gerson-pianetti-especialista-na-analise-de-medicamentos-fala-sobre-a-ivermectina-e-cloroquina-no-tratamento-da-covid-19\/","og_site_name":"Comunidade Ativa","article_publisher":"https:\/\/www.facebook.com\/comunidadeativa","article_published_time":"2021-04-08T16:37:57+00:00","article_modified_time":"2023-08-11T20:07:33+00:00","og_image":[{"width":640,"height":352,"url":"https:\/\/www.comunidadeativa.jor.br\/wp-content\/uploads\/2021\/04\/capa-5.jpg","type":"image\/jpeg"}],"author":"Comunidade Ativa","twitter_card":"summary_large_image","twitter_misc":{"Escrito por":"Comunidade Ativa","Est. tempo de leitura":"4 minutos"},"schema":{"@context":"https:\/\/schema.org","@graph":[{"@type":"Article","@id":"https:\/\/www.comunidadeativa.jor.br\/index.php\/2021\/04\/08\/gerson-pianetti-especialista-na-analise-de-medicamentos-fala-sobre-a-ivermectina-e-cloroquina-no-tratamento-da-covid-19\/#article","isPartOf":{"@id":"https:\/\/www.comunidadeativa.jor.br\/index.php\/2021\/04\/08\/gerson-pianetti-especialista-na-analise-de-medicamentos-fala-sobre-a-ivermectina-e-cloroquina-no-tratamento-da-covid-19\/"},"author":{"name":"Comunidade Ativa","@id":"https:\/\/www.comunidadeativa.jor.br\/#\/schema\/person\/dcaa1f1c51c1f0c47a33b2b734cad6e1"},"headline":"Gerson Pianetti, especialista na an\u00e1lise de medicamentos, fala sobre a ivermectina e cloroquina no tratamento da Covid-19","datePublished":"2021-04-08T16:37:57+00:00","dateModified":"2023-08-11T20:07:33+00:00","mainEntityOfPage":{"@id":"https:\/\/www.comunidadeativa.jor.br\/index.php\/2021\/04\/08\/gerson-pianetti-especialista-na-analise-de-medicamentos-fala-sobre-a-ivermectina-e-cloroquina-no-tratamento-da-covid-19\/"},"wordCount":786,"publisher":{"@id":"https:\/\/www.comunidadeativa.jor.br\/#organization"},"image":{"@id":"https:\/\/www.comunidadeativa.jor.br\/index.php\/2021\/04\/08\/gerson-pianetti-especialista-na-analise-de-medicamentos-fala-sobre-a-ivermectina-e-cloroquina-no-tratamento-da-covid-19\/#primaryimage"},"thumbnailUrl":"https:\/\/www.comunidadeativa.jor.br\/wp-content\/uploads\/2021\/04\/capa-5.jpg","articleSection":["Sa\u00fade &amp; Qualidade de Vida"],"inLanguage":"pt-BR"},{"@type":"WebPage","@id":"https:\/\/www.comunidadeativa.jor.br\/index.php\/2021\/04\/08\/gerson-pianetti-especialista-na-analise-de-medicamentos-fala-sobre-a-ivermectina-e-cloroquina-no-tratamento-da-covid-19\/","url":"https:\/\/www.comunidadeativa.jor.br\/index.php\/2021\/04\/08\/gerson-pianetti-especialista-na-analise-de-medicamentos-fala-sobre-a-ivermectina-e-cloroquina-no-tratamento-da-covid-19\/","name":"Gerson Pianetti, especialista na an\u00e1lise de medicamentos, fala sobre a ivermectina e cloroquina no tratamento da Covid-19 - Comunidade Ativa","isPartOf":{"@id":"https:\/\/www.comunidadeativa.jor.br\/#website"},"primaryImageOfPage":{"@id":"https:\/\/www.comunidadeativa.jor.br\/index.php\/2021\/04\/08\/gerson-pianetti-especialista-na-analise-de-medicamentos-fala-sobre-a-ivermectina-e-cloroquina-no-tratamento-da-covid-19\/#primaryimage"},"image":{"@id":"https:\/\/www.comunidadeativa.jor.br\/index.php\/2021\/04\/08\/gerson-pianetti-especialista-na-analise-de-medicamentos-fala-sobre-a-ivermectina-e-cloroquina-no-tratamento-da-covid-19\/#primaryimage"},"thumbnailUrl":"https:\/\/www.comunidadeativa.jor.br\/wp-content\/uploads\/2021\/04\/capa-5.jpg","datePublished":"2021-04-08T16:37:57+00:00","dateModified":"2023-08-11T20:07:33+00:00","breadcrumb":{"@id":"https:\/\/www.comunidadeativa.jor.br\/index.php\/2021\/04\/08\/gerson-pianetti-especialista-na-analise-de-medicamentos-fala-sobre-a-ivermectina-e-cloroquina-no-tratamento-da-covid-19\/#breadcrumb"},"inLanguage":"pt-BR","potentialAction":[{"@type":"ReadAction","target":["https:\/\/www.comunidadeativa.jor.br\/index.php\/2021\/04\/08\/gerson-pianetti-especialista-na-analise-de-medicamentos-fala-sobre-a-ivermectina-e-cloroquina-no-tratamento-da-covid-19\/"]}]},{"@type":"ImageObject","inLanguage":"pt-BR","@id":"https:\/\/www.comunidadeativa.jor.br\/index.php\/2021\/04\/08\/gerson-pianetti-especialista-na-analise-de-medicamentos-fala-sobre-a-ivermectina-e-cloroquina-no-tratamento-da-covid-19\/#primaryimage","url":"https:\/\/www.comunidadeativa.jor.br\/wp-content\/uploads\/2021\/04\/capa-5.jpg","contentUrl":"https:\/\/www.comunidadeativa.jor.br\/wp-content\/uploads\/2021\/04\/capa-5.jpg","width":640,"height":352},{"@type":"BreadcrumbList","@id":"https:\/\/www.comunidadeativa.jor.br\/index.php\/2021\/04\/08\/gerson-pianetti-especialista-na-analise-de-medicamentos-fala-sobre-a-ivermectina-e-cloroquina-no-tratamento-da-covid-19\/#breadcrumb","itemListElement":[{"@type":"ListItem","position":1,"name":"In\u00edcio","item":"https:\/\/www.comunidadeativa.jor.br\/"},{"@type":"ListItem","position":2,"name":"Gerson Pianetti, especialista na an\u00e1lise de medicamentos, fala sobre a ivermectina e cloroquina no tratamento da Covid-19"}]},{"@type":"WebSite","@id":"https:\/\/www.comunidadeativa.jor.br\/#website","url":"https:\/\/www.comunidadeativa.jor.br\/","name":"Comunidade Ativa","description":"","publisher":{"@id":"https:\/\/www.comunidadeativa.jor.br\/#organization"},"potentialAction":[{"@type":"SearchAction","target":{"@type":"EntryPoint","urlTemplate":"https:\/\/www.comunidadeativa.jor.br\/?s={search_term_string}"},"query-input":{"@type":"PropertyValueSpecification","valueRequired":true,"valueName":"search_term_string"}}],"inLanguage":"pt-BR"},{"@type":"Organization","@id":"https:\/\/www.comunidadeativa.jor.br\/#organization","name":"Comunidade Ativa","url":"https:\/\/www.comunidadeativa.jor.br\/","logo":{"@type":"ImageObject","inLanguage":"pt-BR","@id":"https:\/\/www.comunidadeativa.jor.br\/#\/schema\/logo\/image\/","url":"https:\/\/www.comunidadeativa.jor.br\/wp-content\/uploads\/2018\/03\/cropped-LOGOPNG-1.png","contentUrl":"https:\/\/www.comunidadeativa.jor.br\/wp-content\/uploads\/2018\/03\/cropped-LOGOPNG-1.png","width":318,"height":90,"caption":"Comunidade Ativa"},"image":{"@id":"https:\/\/www.comunidadeativa.jor.br\/#\/schema\/logo\/image\/"},"sameAs":["https:\/\/www.facebook.com\/comunidadeativa"]},{"@type":"Person","@id":"https:\/\/www.comunidadeativa.jor.br\/#\/schema\/person\/dcaa1f1c51c1f0c47a33b2b734cad6e1","name":"Comunidade Ativa","image":{"@type":"ImageObject","inLanguage":"pt-BR","@id":"https:\/\/www.comunidadeativa.jor.br\/#\/schema\/person\/image\/","url":"https:\/\/secure.gravatar.com\/avatar\/09a9a1f85fedf41e81b47f7c1d40084f?s=96&d=mm&r=g","contentUrl":"https:\/\/secure.gravatar.com\/avatar\/09a9a1f85fedf41e81b47f7c1d40084f?s=96&d=mm&r=g","caption":"Comunidade Ativa"},"url":"https:\/\/www.comunidadeativa.jor.br\/index.php\/author\/casalberto\/"}]}},"_links":{"self":[{"href":"https:\/\/www.comunidadeativa.jor.br\/index.php\/wp-json\/wp\/v2\/posts\/1940","targetHints":{"allow":["GET"]}}],"collection":[{"href":"https:\/\/www.comunidadeativa.jor.br\/index.php\/wp-json\/wp\/v2\/posts"}],"about":[{"href":"https:\/\/www.comunidadeativa.jor.br\/index.php\/wp-json\/wp\/v2\/types\/post"}],"author":[{"embeddable":true,"href":"https:\/\/www.comunidadeativa.jor.br\/index.php\/wp-json\/wp\/v2\/users\/1"}],"replies":[{"embeddable":true,"href":"https:\/\/www.comunidadeativa.jor.br\/index.php\/wp-json\/wp\/v2\/comments?post=1940"}],"version-history":[{"count":2,"href":"https:\/\/www.comunidadeativa.jor.br\/index.php\/wp-json\/wp\/v2\/posts\/1940\/revisions"}],"predecessor-version":[{"id":3820,"href":"https:\/\/www.comunidadeativa.jor.br\/index.php\/wp-json\/wp\/v2\/posts\/1940\/revisions\/3820"}],"wp:featuredmedia":[{"embeddable":true,"href":"https:\/\/www.comunidadeativa.jor.br\/index.php\/wp-json\/wp\/v2\/media\/1941"}],"wp:attachment":[{"href":"https:\/\/www.comunidadeativa.jor.br\/index.php\/wp-json\/wp\/v2\/media?parent=1940"}],"wp:term":[{"taxonomy":"category","embeddable":true,"href":"https:\/\/www.comunidadeativa.jor.br\/index.php\/wp-json\/wp\/v2\/categories?post=1940"},{"taxonomy":"post_tag","embeddable":true,"href":"https:\/\/www.comunidadeativa.jor.br\/index.php\/wp-json\/wp\/v2\/tags?post=1940"}],"curies":[{"name":"wp","href":"https:\/\/api.w.org\/{rel}","templated":true}]}}