{"id":1943,"date":"2021-04-09T16:55:29","date_gmt":"2021-04-09T19:55:29","guid":{"rendered":"https:\/\/www.comunidadeativa.jor.br\/?p=1943"},"modified":"2023-08-11T17:07:46","modified_gmt":"2023-08-11T20:07:46","slug":"o-lockdown-funciona-confira-o-que-aconteceu-na-inglaterra-e-em-bh","status":"publish","type":"post","link":"https:\/\/www.comunidadeativa.jor.br\/index.php\/2021\/04\/09\/o-lockdown-funciona-confira-o-que-aconteceu-na-inglaterra-e-em-bh\/","title":{"rendered":"O lockdown funciona? Confira o que aconteceu na Inglaterra e em BH"},"content":{"rendered":"<p>O chamado <em>lockdown<\/em>, medida que determina o bloqueio de atividades e impede a livre circula\u00e7\u00e3o das pessoas, \u00e9 um rem\u00e9dio extremamente amargo e com s\u00e9rios efeitos colaterais sobre a economia e tamb\u00e9m sobre a sa\u00fade da popula\u00e7\u00e3o. Ent\u00e3o, ser\u00e1 que, pelo ponto de vista do combate \u00e0 pandemia, \u00e9 compensador adot\u00e1-lo?<\/p>\n<p>Em busca de algumas respostas, o Comunidade Ativa observou duas situa\u00e7\u00f5es. A primeira, mas ampla e que abrange um per\u00edodo mais longo, verifica os fatos ocorridos na Inglaterra ao longo de um ano. A segunda, localizada, busca as informa\u00e7\u00f5es do \u00faltimo m\u00eas sobre a pandemia aqui mesmo, em Belo Horizonte.<\/p>\n<h6>Mudan\u00e7a de opini\u00e3o na Inglaterra<\/h6>\n<p>Logo no in\u00edcio da pandemia, com o apoio dos assessores na \u00e1rea m\u00e9dica e cient\u00edfica, <a href=\"https:\/\/oglobo.globo.com\/sociedade\/coronavirus\/cientistas-criticam-boris-johnson-por-estrategia-contra-coronavirus-que-evita-quarentena-nao-restringe-aglomeracoes-24306531\" target=\"_blank\" rel=\"noopener\">o primeiro ministro ingl\u00eas Boris Johnson apostou na chamada \u201cimunidade de rebanho\u201d<\/a> como uma sa\u00edda eficaz para o surto de Covid-19 na Inglaterra. Johnson acreditava que, com o v\u00edrus circulando livremente, quando 60% da popula\u00e7\u00e3o inglesa j\u00e1 tivesse sido infectada, haveria uma rea\u00e7\u00e3o de imunidade coletiva que, naturalmente, bloquearia o avan\u00e7o da doen\u00e7a.<\/p>\n<p>Entretanto, poucos dias antes de ele mesmo ser diagnosticado com a Covid-19, diante da acelera\u00e7\u00e3o do \u00edndice de cont\u00e1gios \u2014 que, naquela \u00e9poca, estava na casa dos 3 mil novos casos di\u00e1rios \u2014 e perante o aumento no n\u00famero de hospitaliza\u00e7\u00f5es e de mortes em consequ\u00eancia da doen\u00e7a, no dia 23 de mar\u00e7o de 2020, o chefe do governo ingl\u00eas mudou de opini\u00e3o e decretou o <a href=\"https:\/\/www.bbc.com\/news\/uk-56491532\" target=\"_blank\" rel=\"noopener\">primeiro lockdown nacional em seu pa\u00eds<\/a>. A medida levou cerca de um m\u00eas para surtir efeito, mas, <a href=\"https:\/\/coronavirus.jhu.edu\/map.html\" target=\"_blank\" rel=\"noopener\">como mostra o gr\u00e1fico dispon\u00edvel no site da Universidade John Hopkins que aborda a evolu\u00e7\u00e3o da pandemia em todo o mundo<\/a>, no final de abril, o n\u00famero de cont\u00e1gios di\u00e1rios come\u00e7ou a cair na Inglaterra \u2014 foi reduzido a pouco mais de 400 casos em um dia \u2014 e atingiu um ponto de relativa estabilidade, que se manteve at\u00e9 meados de agosto.<\/p>\n<h6>Continua o sobe e desce<\/h6>\n<p>Entendendo que a situa\u00e7\u00e3o estava controlada, entre junho e julho, <a href=\"https:\/\/agenciabrasil.ebc.com.br\/internacional\/noticia\/2020-06\/inglaterra-vai-reabrir-cinemas-museus-e-galerias-no-dia-4-de-julho\" target=\"_blank\" rel=\"noopener\">as autoridades permitiram que, gradativamente, as atividades econ\u00f4micas voltassem a alguma normalidade<\/a>, inclusive com a reabertura de cinemas, de bares e de restaurantes. Lembrando que naquela \u00e9poca a vacina\u00e7\u00e3o ainda n\u00e3o havia sido iniciada, infelizmente, o resultado do relaxamento foi o pior poss\u00edvel.<\/p>\n<p>No in\u00edcio de setembro, os \u00edndices ingleses da pandemia come\u00e7aram a se elevar de maneira assustadora \u2014 o n\u00famero de novos casos di\u00e1rios, por exemplo, saiu de 1 mil em agosto para mais de 7 mil em setembro. Os dias foram passando e os cont\u00e1gios continuaram se intensificando, ultrapassando a casa dos 20 mil novos casos di\u00e1rios em outubro, o que levou \u00e0 decreta\u00e7\u00e3o do segundo lockdown nacional ingl\u00eas, em 04 de novembro. Na ocasi\u00e3o, entendo que o v\u00edrus na est\u00e1 \u00e0 merc\u00ea das vontades ou das necessidades humanas, B<a href=\"https:\/\/www.rfi.fr\/br\/europa\/20201031-ap%C3%B3s-a-fran%C3%A7a-agora-%C3%A9-a-vez-da-inglaterra-anunciar-novo-lockdown-para-conter-2%C2%AA-onda-de-covid-19\" target=\"_blank\" rel=\"noopener\">oris Johnson declarou: &#8220;Temos que ser humildes diante da natureza&#8221;<\/a>.<\/p>\n<p>J\u00e1 em dezembro, ainda que de maneira menos significativa do que aconteceu na primeira onda, os \u00edndices de transmiss\u00e3o novamente voltaram a cair. Por volta do dia 15, o n\u00famero de novos cont\u00e1gios di\u00e1rios foi reduzido para cerca de 14 mil, o que ainda era bastante elevado, na compara\u00e7\u00e3o com os dados de meses anteriores. Mas j\u00e1 representavam uma conquista.<\/p>\n<p>Com base nessa melhora, mesmo com o quadro ainda n\u00e3o sendo muito animador, a proximidade das festas de final de levou o governo ingl\u00eas a novamente relaxar as restri\u00e7\u00f5es de circula\u00e7\u00e3o, o que custou muitas vidas mais aos ingleses.<\/p>\n<h6>Bloqueio com refor\u00e7o da vacina<\/h6>\n<p>O \u00faltimo avan\u00e7o da pandemia sobre a Inglaterra foi catastr\u00f3fico. Em poucos dias, o novo coronav\u00edrus passou a infectar cerca de 60 mil pessoas diariamente no pa\u00eds, provocando uma crise at\u00e9 ent\u00e3o in\u00e9dita. Diante da explos\u00e3o da doen\u00e7a, <a href=\"https:\/\/www.cnnbrasil.com.br\/internacional\/2021\/01\/04\/boris-johnson-anuncia-novo-lockdown-em-toda-inglaterra\" target=\"_blank\" rel=\"noopener\">no dia 4 de janeiro, o governo decretou o terceiro lockdown nacional<\/a> e, desta vez, j\u00e1 contando com o refor\u00e7o das vacinas.<\/p>\n<figure id=\"attachment_1944\" aria-describedby=\"caption-attachment-1944\" style=\"width: 343px\" class=\"wp-caption alignright\"><img loading=\"lazy\" decoding=\"async\" class=\" wp-image-1944\" src=\"https:\/\/www.comunidadeativa.jor.br\/wp-content\/uploads\/2021\/04\/coviduk.jpg\" alt=\"\" width=\"343\" height=\"217\" srcset=\"https:\/\/www.comunidadeativa.jor.br\/wp-content\/uploads\/2021\/04\/coviduk.jpg 442w, https:\/\/www.comunidadeativa.jor.br\/wp-content\/uploads\/2021\/04\/coviduk-300x190.jpg 300w\" sizes=\"auto, (max-width: 343px) 100vw, 343px\" \/><figcaption id=\"caption-attachment-1944\" class=\"wp-caption-text\">O gr\u00e1fico da Universidade John Hopkins mostra o sob e desce da pandemia na Inglaterra (Imagem: Reprodu\u00e7\u00e3o)<\/figcaption><\/figure>\n<p>O resultado do bloqueio mais uma vez foi sentido, mas de uma forma muito mais consistente do que as anteriores e o n\u00famero de novos casos despencou. Ap\u00f3s o pico de mais de 68 mil novos infectados pela Covid-19 em um \u00fanico dia registrados em 8 de janeiro, a contamina\u00e7\u00e3o foi abaixando dia a dia, at\u00e9 que cerca de 14 mil ingleses contra\u00edram a doen\u00e7a em 8 de fevereiro. Com a vacina\u00e7\u00e3o e as restri\u00e7\u00f5es mantidas, o n\u00famero de novos cont\u00e1gios di\u00e1rios continuou caindo: foram pouco mais de 5 mil infectados em 8 de mar\u00e7o e exatos 3.124 novos casos no dia 8 de abril.<\/p>\n<p><a href=\"https:\/\/agenciabrasil.ebc.com.br\/internacional\/noticia\/2021-03\/pandemia-inglaterra-ameniza-lockdown-mas-premie-johnson-pede-cautela\" target=\"_blank\" rel=\"noopener\">No \u00faltimo dia 29 de mar\u00e7o<\/a>, as restri\u00e7\u00f5es foram novamente relaxadas, havendo agora a expectativa de que os n\u00fameros possam ser verdadeiramente controlados. Afinal, al\u00e9m dos resultados obtidos pelo \u00faltimo per\u00edodo de bloqueio das atividades, houve uma evolu\u00e7\u00e3o significativa na vacina\u00e7\u00e3o do povo ingl\u00eas.<\/p>\n<p>Em 8 de abril, <a href=\"https:\/\/ourworldindata.org\/covid-vaccinations\" target=\"_blank\" rel=\"noopener\">46,85% da popula\u00e7\u00e3o brit\u00e2nica j\u00e1 havia sido vacinada com pelo menos uma dose<\/a>. O Reino Unido \u00e9 a segunda na\u00e7\u00e3o que mais vacinou em termos percentuais, ficando atr\u00e1s apenas de Israel, que j\u00e1 conta 61,18% da popula\u00e7\u00e3o vacinada. Na mesma data o Brasil estava com 9,12% da popula\u00e7\u00e3o vacinada.<\/p>\n<p>Em <a href=\"https:\/\/www.bbc.com\/portuguese\/internacional-56527281\" target=\"_blank\" rel=\"noopener\">declara\u00e7\u00e3o \u00e0 BBC, a pesquisadora Julii Brainard<\/a> relacionou o bloqueio somado \u00e0 vacina\u00e7\u00e3o com os bons resultados que est\u00e3o sendo experimentados na Inglaterra nos \u00faltimos dias. \u201cSe voc\u00ea comparar os lockdowns que foram implementados \u2014 o de mar\u00e7o do ano passado com o de janeiro deste ano \u2014 vai perceber que, na primeira vez, a queda no n\u00famero de casos foi bem mais lenta. Agora os n\u00fameros ca\u00edram bem mais rapidamente, apesar de as condi\u00e7\u00f5es serem diferentes. E qual foi a grande diferen\u00e7a entre os dois lockdowns? \u00c9 que agora temos a vacina\u00e7\u00e3o acontecendo, o que acelerou a queda&#8221;, disse Julii.<\/p>\n<h6>O quadro mais recente em Belo Horizonte<\/h6>\n<p>Desde o dia 20 de abril de 2020, de segunda a sexta-feira, a Prefeitura Municipal de Belo Horizonte (PBH) publica um <a href=\"https:\/\/prefeitura.pbh.gov.br\/saude\/coronavirus\" target=\"_blank\" rel=\"noopener\">boletim epidemiol\u00f3gico di\u00e1rio<\/a> que apresenta a situa\u00e7\u00e3o da pandemia na capital. Entre os v\u00e1rios dados publicados, est\u00e1 um que resume a situa\u00e7\u00e3o de transmiss\u00e3o da doen\u00e7a que \u00e9 o chamado \u201c\u00edndice RT\u201d ou \u201cn\u00famero m\u00e9dio de transmiss\u00e3o por infectado\u201d. Em resumo, o \u00edndice RT permite entender se a pandemia est\u00e1 acelerando ou desacelerando em meio a uma determinada popula\u00e7\u00e3o.<\/p>\n<p><a href=\"https:\/\/prefeitura.pbh.gov.br\/sites\/default\/files\/estrutura-de-governo\/saude\/2021\/boletim_epidemiologico_assistencial_227_covid-19_15-03-2021.pdf\" target=\"_blank\" rel=\"noopener\">No \u00faltimo dia 15 de mar\u00e7o<\/a>, o \u00edndice RT divulgado pelo Boletim Epidemiol\u00f3gico da PBH era 1,28 \u2014 ou seja, cada 100 pessoas contaminadas naquele dia transmitiam o v\u00edrus para outras 128 pessoas \u2014, significando uma acelera\u00e7\u00e3o do cont\u00e1gio pela Covid-19 na cidade. Dois dias antes, no s\u00e1bado, 13, novamente passaram a vigorar as medidas mais restritivas de funcionamento do com\u00e9rcio e da circula\u00e7\u00e3o de pessoas na capital.<\/p>\n<figure id=\"attachment_1945\" aria-describedby=\"caption-attachment-1945\" style=\"width: 279px\" class=\"wp-caption alignright\"><img loading=\"lazy\" decoding=\"async\" class=\" wp-image-1945\" src=\"https:\/\/www.comunidadeativa.jor.br\/wp-content\/uploads\/2021\/04\/ret.jpg\" alt=\"\" width=\"279\" height=\"266\" srcset=\"https:\/\/www.comunidadeativa.jor.br\/wp-content\/uploads\/2021\/04\/ret.jpg 397w, https:\/\/www.comunidadeativa.jor.br\/wp-content\/uploads\/2021\/04\/ret-300x286.jpg 300w\" sizes=\"auto, (max-width: 279px) 100vw, 279px\" \/><figcaption id=\"caption-attachment-1945\" class=\"wp-caption-text\">\u00c0 esquerda, o \u00edndice RT no dia 15 de mar\u00e7o x a situa\u00e7\u00e3o em 8 de abril, ap\u00f3s 26 dias de bloqueio em BH (Imagem: Reprodu\u00e7\u00e3o &#8211; Fonte: PBH)<\/figcaption><\/figure>\n<p><a href=\"https:\/\/prefeitura.pbh.gov.br\/sites\/default\/files\/estrutura-de-governo\/saude\/2021\/boletim_epidemiologico_assistencial_244_covid-19_08-04-2021.pdf\" target=\"_blank\" rel=\"noopener\">J\u00e1 em 8 de mar\u00e7o<\/a>, 26 dias ap\u00f3s serem adotadas as restri\u00e7\u00f5es, o \u00edndice RT marcava 0,95, mostrando a evidente desacelera\u00e7\u00e3o do cont\u00e1gio em BH. O mesmo boletim divulgou que 379.167 belo-horizontinos j\u00e1 haviam recebido pelo menos uma dose da vacina, enquanto 118.494 j\u00e1 haviam completado a imuniza\u00e7\u00e3o com a segunda dose.<\/p>\n<p>Tomando como refer\u00eancia a situa\u00e7\u00e3o da vacina\u00e7\u00e3o inglesa, o quadro ainda \u00e9 bastante modesto na capital mineira, onde temos 14% dos 2,7 milh\u00f5es de habitantes vacinados com a primeira dose e 4,35% com segunda dose. Contudo, esses n\u00fameros j\u00e1 denotam algum avan\u00e7o tamb\u00e9m por aqui.<\/p>\n<p>Fica a expectativa de que, a exemplo do que j\u00e1 vem acontecendo em outros pa\u00edses, como na Inglaterra, em Belo Horizonte e em todo o Brasil logo se repita o sucesso da combina\u00e7\u00e3o &#8220;lockdown\/vacina\u00e7\u00e3o&#8221;, permitindo assim que o rem\u00e9dio amargo que a sociedade est\u00e1 sendo obrigada a tomar logo possa ser suspenso definitivamente. Que isso ocorra com a maior brevidade poss\u00edvel.<\/p>\n<p>&nbsp;<\/p>\n<p><strong><em>Uma dica<\/em><\/strong><\/p>\n<p><em>Para mais informa\u00e7\u00f5es sobre os temas abordados nessa mat\u00e9ria, acesse os links dispon\u00edveis ao longo do texto. Eles remetem \u00e0s fontes utilizadas aqui.\u00a0<\/em><\/p>\n<p><em>Uma dica: os artigos fora da p\u00e1gina do Comunidade Ativa que n\u00e3o estiverem em portugu\u00eas podem ser traduzidos automaticamente pelo navegador pelo seu navegador. Pra isso, basta clicar com o bot\u00e3o direito em qualquer ponto do texto a ser traduzido e escolher a op\u00e7\u00e3o \u201cTraduzir para o portugu\u00eas\u201d.\u00a0<\/em><\/p>\n<p>&nbsp;<\/p>\n<p>&nbsp;<\/p>\n","protected":false},"excerpt":{"rendered":"<p>O chamado lockdown, medida que determina o bloqueio de atividades e impede a livre circula\u00e7\u00e3o das pessoas, \u00e9 um rem\u00e9dio<\/p>\n","protected":false},"author":1,"featured_media":1946,"comment_status":"closed","ping_status":"open","sticky":false,"template":"","format":"standard","meta":{"footnotes":""},"categories":[9],"tags":[],"class_list":["post-1943","post","type-post","status-publish","format-standard","has-post-thumbnail","hentry","category-saude-qualidade-de-vida"],"yoast_head":"<!-- This site is optimized with the Yoast SEO plugin v26.0 - https:\/\/yoast.com\/wordpress\/plugins\/seo\/ -->\n<title>O lockdown funciona? Confira o que aconteceu na Inglaterra e em BH - Comunidade Ativa<\/title>\n<meta name=\"robots\" content=\"index, follow, max-snippet:-1, max-image-preview:large, max-video-preview:-1\" \/>\n<link rel=\"canonical\" href=\"https:\/\/www.comunidadeativa.jor.br\/index.php\/2021\/04\/09\/o-lockdown-funciona-confira-o-que-aconteceu-na-inglaterra-e-em-bh\/\" \/>\n<meta property=\"og:locale\" content=\"pt_BR\" \/>\n<meta property=\"og:type\" content=\"article\" \/>\n<meta property=\"og:title\" content=\"O lockdown funciona? Confira o que aconteceu na Inglaterra e em BH - Comunidade Ativa\" \/>\n<meta property=\"og:description\" content=\"O chamado lockdown, medida que determina o bloqueio de atividades e impede a livre circula\u00e7\u00e3o das pessoas, \u00e9 um rem\u00e9dio\" \/>\n<meta property=\"og:url\" content=\"https:\/\/www.comunidadeativa.jor.br\/index.php\/2021\/04\/09\/o-lockdown-funciona-confira-o-que-aconteceu-na-inglaterra-e-em-bh\/\" \/>\n<meta property=\"og:site_name\" content=\"Comunidade Ativa\" \/>\n<meta property=\"article:publisher\" content=\"https:\/\/www.facebook.com\/comunidadeativa\" \/>\n<meta property=\"article:published_time\" content=\"2021-04-09T19:55:29+00:00\" \/>\n<meta property=\"article:modified_time\" content=\"2023-08-11T20:07:46+00:00\" \/>\n<meta property=\"og:image\" content=\"https:\/\/www.comunidadeativa.jor.br\/wp-content\/uploads\/2021\/04\/capa-6.jpg\" \/>\n\t<meta property=\"og:image:width\" content=\"640\" \/>\n\t<meta property=\"og:image:height\" content=\"352\" \/>\n\t<meta property=\"og:image:type\" content=\"image\/jpeg\" \/>\n<meta name=\"author\" content=\"Comunidade Ativa\" \/>\n<meta name=\"twitter:card\" content=\"summary_large_image\" \/>\n<meta name=\"twitter:label1\" content=\"Escrito por\" \/>\n\t<meta name=\"twitter:data1\" content=\"Comunidade Ativa\" \/>\n\t<meta name=\"twitter:label2\" content=\"Est. tempo de leitura\" \/>\n\t<meta name=\"twitter:data2\" content=\"7 minutos\" \/>\n<script type=\"application\/ld+json\" class=\"yoast-schema-graph\">{\"@context\":\"https:\/\/schema.org\",\"@graph\":[{\"@type\":\"Article\",\"@id\":\"https:\/\/www.comunidadeativa.jor.br\/index.php\/2021\/04\/09\/o-lockdown-funciona-confira-o-que-aconteceu-na-inglaterra-e-em-bh\/#article\",\"isPartOf\":{\"@id\":\"https:\/\/www.comunidadeativa.jor.br\/index.php\/2021\/04\/09\/o-lockdown-funciona-confira-o-que-aconteceu-na-inglaterra-e-em-bh\/\"},\"author\":{\"name\":\"Comunidade Ativa\",\"@id\":\"https:\/\/www.comunidadeativa.jor.br\/#\/schema\/person\/dcaa1f1c51c1f0c47a33b2b734cad6e1\"},\"headline\":\"O lockdown funciona? Confira o que aconteceu na Inglaterra e em BH\",\"datePublished\":\"2021-04-09T19:55:29+00:00\",\"dateModified\":\"2023-08-11T20:07:46+00:00\",\"mainEntityOfPage\":{\"@id\":\"https:\/\/www.comunidadeativa.jor.br\/index.php\/2021\/04\/09\/o-lockdown-funciona-confira-o-que-aconteceu-na-inglaterra-e-em-bh\/\"},\"wordCount\":1505,\"publisher\":{\"@id\":\"https:\/\/www.comunidadeativa.jor.br\/#organization\"},\"image\":{\"@id\":\"https:\/\/www.comunidadeativa.jor.br\/index.php\/2021\/04\/09\/o-lockdown-funciona-confira-o-que-aconteceu-na-inglaterra-e-em-bh\/#primaryimage\"},\"thumbnailUrl\":\"https:\/\/www.comunidadeativa.jor.br\/wp-content\/uploads\/2021\/04\/capa-6.jpg\",\"articleSection\":[\"Sa\u00fade &amp; Qualidade de Vida\"],\"inLanguage\":\"pt-BR\"},{\"@type\":\"WebPage\",\"@id\":\"https:\/\/www.comunidadeativa.jor.br\/index.php\/2021\/04\/09\/o-lockdown-funciona-confira-o-que-aconteceu-na-inglaterra-e-em-bh\/\",\"url\":\"https:\/\/www.comunidadeativa.jor.br\/index.php\/2021\/04\/09\/o-lockdown-funciona-confira-o-que-aconteceu-na-inglaterra-e-em-bh\/\",\"name\":\"O lockdown funciona? Confira o que aconteceu na Inglaterra e em BH - Comunidade Ativa\",\"isPartOf\":{\"@id\":\"https:\/\/www.comunidadeativa.jor.br\/#website\"},\"primaryImageOfPage\":{\"@id\":\"https:\/\/www.comunidadeativa.jor.br\/index.php\/2021\/04\/09\/o-lockdown-funciona-confira-o-que-aconteceu-na-inglaterra-e-em-bh\/#primaryimage\"},\"image\":{\"@id\":\"https:\/\/www.comunidadeativa.jor.br\/index.php\/2021\/04\/09\/o-lockdown-funciona-confira-o-que-aconteceu-na-inglaterra-e-em-bh\/#primaryimage\"},\"thumbnailUrl\":\"https:\/\/www.comunidadeativa.jor.br\/wp-content\/uploads\/2021\/04\/capa-6.jpg\",\"datePublished\":\"2021-04-09T19:55:29+00:00\",\"dateModified\":\"2023-08-11T20:07:46+00:00\",\"breadcrumb\":{\"@id\":\"https:\/\/www.comunidadeativa.jor.br\/index.php\/2021\/04\/09\/o-lockdown-funciona-confira-o-que-aconteceu-na-inglaterra-e-em-bh\/#breadcrumb\"},\"inLanguage\":\"pt-BR\",\"potentialAction\":[{\"@type\":\"ReadAction\",\"target\":[\"https:\/\/www.comunidadeativa.jor.br\/index.php\/2021\/04\/09\/o-lockdown-funciona-confira-o-que-aconteceu-na-inglaterra-e-em-bh\/\"]}]},{\"@type\":\"ImageObject\",\"inLanguage\":\"pt-BR\",\"@id\":\"https:\/\/www.comunidadeativa.jor.br\/index.php\/2021\/04\/09\/o-lockdown-funciona-confira-o-que-aconteceu-na-inglaterra-e-em-bh\/#primaryimage\",\"url\":\"https:\/\/www.comunidadeativa.jor.br\/wp-content\/uploads\/2021\/04\/capa-6.jpg\",\"contentUrl\":\"https:\/\/www.comunidadeativa.jor.br\/wp-content\/uploads\/2021\/04\/capa-6.jpg\",\"width\":640,\"height\":352},{\"@type\":\"BreadcrumbList\",\"@id\":\"https:\/\/www.comunidadeativa.jor.br\/index.php\/2021\/04\/09\/o-lockdown-funciona-confira-o-que-aconteceu-na-inglaterra-e-em-bh\/#breadcrumb\",\"itemListElement\":[{\"@type\":\"ListItem\",\"position\":1,\"name\":\"In\u00edcio\",\"item\":\"https:\/\/www.comunidadeativa.jor.br\/\"},{\"@type\":\"ListItem\",\"position\":2,\"name\":\"O lockdown funciona? Confira o que aconteceu na Inglaterra e em BH\"}]},{\"@type\":\"WebSite\",\"@id\":\"https:\/\/www.comunidadeativa.jor.br\/#website\",\"url\":\"https:\/\/www.comunidadeativa.jor.br\/\",\"name\":\"Comunidade Ativa\",\"description\":\"\",\"publisher\":{\"@id\":\"https:\/\/www.comunidadeativa.jor.br\/#organization\"},\"potentialAction\":[{\"@type\":\"SearchAction\",\"target\":{\"@type\":\"EntryPoint\",\"urlTemplate\":\"https:\/\/www.comunidadeativa.jor.br\/?s={search_term_string}\"},\"query-input\":{\"@type\":\"PropertyValueSpecification\",\"valueRequired\":true,\"valueName\":\"search_term_string\"}}],\"inLanguage\":\"pt-BR\"},{\"@type\":\"Organization\",\"@id\":\"https:\/\/www.comunidadeativa.jor.br\/#organization\",\"name\":\"Comunidade Ativa\",\"url\":\"https:\/\/www.comunidadeativa.jor.br\/\",\"logo\":{\"@type\":\"ImageObject\",\"inLanguage\":\"pt-BR\",\"@id\":\"https:\/\/www.comunidadeativa.jor.br\/#\/schema\/logo\/image\/\",\"url\":\"https:\/\/www.comunidadeativa.jor.br\/wp-content\/uploads\/2018\/03\/cropped-LOGOPNG-1.png\",\"contentUrl\":\"https:\/\/www.comunidadeativa.jor.br\/wp-content\/uploads\/2018\/03\/cropped-LOGOPNG-1.png\",\"width\":318,\"height\":90,\"caption\":\"Comunidade Ativa\"},\"image\":{\"@id\":\"https:\/\/www.comunidadeativa.jor.br\/#\/schema\/logo\/image\/\"},\"sameAs\":[\"https:\/\/www.facebook.com\/comunidadeativa\"]},{\"@type\":\"Person\",\"@id\":\"https:\/\/www.comunidadeativa.jor.br\/#\/schema\/person\/dcaa1f1c51c1f0c47a33b2b734cad6e1\",\"name\":\"Comunidade Ativa\",\"image\":{\"@type\":\"ImageObject\",\"inLanguage\":\"pt-BR\",\"@id\":\"https:\/\/www.comunidadeativa.jor.br\/#\/schema\/person\/image\/\",\"url\":\"https:\/\/secure.gravatar.com\/avatar\/09a9a1f85fedf41e81b47f7c1d40084f?s=96&d=mm&r=g\",\"contentUrl\":\"https:\/\/secure.gravatar.com\/avatar\/09a9a1f85fedf41e81b47f7c1d40084f?s=96&d=mm&r=g\",\"caption\":\"Comunidade Ativa\"},\"url\":\"https:\/\/www.comunidadeativa.jor.br\/index.php\/author\/casalberto\/\"}]}<\/script>\n<!-- \/ Yoast SEO plugin. -->","yoast_head_json":{"title":"O lockdown funciona? Confira o que aconteceu na Inglaterra e em BH - Comunidade Ativa","robots":{"index":"index","follow":"follow","max-snippet":"max-snippet:-1","max-image-preview":"max-image-preview:large","max-video-preview":"max-video-preview:-1"},"canonical":"https:\/\/www.comunidadeativa.jor.br\/index.php\/2021\/04\/09\/o-lockdown-funciona-confira-o-que-aconteceu-na-inglaterra-e-em-bh\/","og_locale":"pt_BR","og_type":"article","og_title":"O lockdown funciona? Confira o que aconteceu na Inglaterra e em BH - Comunidade Ativa","og_description":"O chamado lockdown, medida que determina o bloqueio de atividades e impede a livre circula\u00e7\u00e3o das pessoas, \u00e9 um rem\u00e9dio","og_url":"https:\/\/www.comunidadeativa.jor.br\/index.php\/2021\/04\/09\/o-lockdown-funciona-confira-o-que-aconteceu-na-inglaterra-e-em-bh\/","og_site_name":"Comunidade Ativa","article_publisher":"https:\/\/www.facebook.com\/comunidadeativa","article_published_time":"2021-04-09T19:55:29+00:00","article_modified_time":"2023-08-11T20:07:46+00:00","og_image":[{"width":640,"height":352,"url":"https:\/\/www.comunidadeativa.jor.br\/wp-content\/uploads\/2021\/04\/capa-6.jpg","type":"image\/jpeg"}],"author":"Comunidade Ativa","twitter_card":"summary_large_image","twitter_misc":{"Escrito por":"Comunidade Ativa","Est. tempo de leitura":"7 minutos"},"schema":{"@context":"https:\/\/schema.org","@graph":[{"@type":"Article","@id":"https:\/\/www.comunidadeativa.jor.br\/index.php\/2021\/04\/09\/o-lockdown-funciona-confira-o-que-aconteceu-na-inglaterra-e-em-bh\/#article","isPartOf":{"@id":"https:\/\/www.comunidadeativa.jor.br\/index.php\/2021\/04\/09\/o-lockdown-funciona-confira-o-que-aconteceu-na-inglaterra-e-em-bh\/"},"author":{"name":"Comunidade Ativa","@id":"https:\/\/www.comunidadeativa.jor.br\/#\/schema\/person\/dcaa1f1c51c1f0c47a33b2b734cad6e1"},"headline":"O lockdown funciona? Confira o que aconteceu na Inglaterra e em BH","datePublished":"2021-04-09T19:55:29+00:00","dateModified":"2023-08-11T20:07:46+00:00","mainEntityOfPage":{"@id":"https:\/\/www.comunidadeativa.jor.br\/index.php\/2021\/04\/09\/o-lockdown-funciona-confira-o-que-aconteceu-na-inglaterra-e-em-bh\/"},"wordCount":1505,"publisher":{"@id":"https:\/\/www.comunidadeativa.jor.br\/#organization"},"image":{"@id":"https:\/\/www.comunidadeativa.jor.br\/index.php\/2021\/04\/09\/o-lockdown-funciona-confira-o-que-aconteceu-na-inglaterra-e-em-bh\/#primaryimage"},"thumbnailUrl":"https:\/\/www.comunidadeativa.jor.br\/wp-content\/uploads\/2021\/04\/capa-6.jpg","articleSection":["Sa\u00fade &amp; Qualidade de Vida"],"inLanguage":"pt-BR"},{"@type":"WebPage","@id":"https:\/\/www.comunidadeativa.jor.br\/index.php\/2021\/04\/09\/o-lockdown-funciona-confira-o-que-aconteceu-na-inglaterra-e-em-bh\/","url":"https:\/\/www.comunidadeativa.jor.br\/index.php\/2021\/04\/09\/o-lockdown-funciona-confira-o-que-aconteceu-na-inglaterra-e-em-bh\/","name":"O lockdown funciona? Confira o que aconteceu na Inglaterra e em BH - Comunidade Ativa","isPartOf":{"@id":"https:\/\/www.comunidadeativa.jor.br\/#website"},"primaryImageOfPage":{"@id":"https:\/\/www.comunidadeativa.jor.br\/index.php\/2021\/04\/09\/o-lockdown-funciona-confira-o-que-aconteceu-na-inglaterra-e-em-bh\/#primaryimage"},"image":{"@id":"https:\/\/www.comunidadeativa.jor.br\/index.php\/2021\/04\/09\/o-lockdown-funciona-confira-o-que-aconteceu-na-inglaterra-e-em-bh\/#primaryimage"},"thumbnailUrl":"https:\/\/www.comunidadeativa.jor.br\/wp-content\/uploads\/2021\/04\/capa-6.jpg","datePublished":"2021-04-09T19:55:29+00:00","dateModified":"2023-08-11T20:07:46+00:00","breadcrumb":{"@id":"https:\/\/www.comunidadeativa.jor.br\/index.php\/2021\/04\/09\/o-lockdown-funciona-confira-o-que-aconteceu-na-inglaterra-e-em-bh\/#breadcrumb"},"inLanguage":"pt-BR","potentialAction":[{"@type":"ReadAction","target":["https:\/\/www.comunidadeativa.jor.br\/index.php\/2021\/04\/09\/o-lockdown-funciona-confira-o-que-aconteceu-na-inglaterra-e-em-bh\/"]}]},{"@type":"ImageObject","inLanguage":"pt-BR","@id":"https:\/\/www.comunidadeativa.jor.br\/index.php\/2021\/04\/09\/o-lockdown-funciona-confira-o-que-aconteceu-na-inglaterra-e-em-bh\/#primaryimage","url":"https:\/\/www.comunidadeativa.jor.br\/wp-content\/uploads\/2021\/04\/capa-6.jpg","contentUrl":"https:\/\/www.comunidadeativa.jor.br\/wp-content\/uploads\/2021\/04\/capa-6.jpg","width":640,"height":352},{"@type":"BreadcrumbList","@id":"https:\/\/www.comunidadeativa.jor.br\/index.php\/2021\/04\/09\/o-lockdown-funciona-confira-o-que-aconteceu-na-inglaterra-e-em-bh\/#breadcrumb","itemListElement":[{"@type":"ListItem","position":1,"name":"In\u00edcio","item":"https:\/\/www.comunidadeativa.jor.br\/"},{"@type":"ListItem","position":2,"name":"O lockdown funciona? Confira o que aconteceu na Inglaterra e em BH"}]},{"@type":"WebSite","@id":"https:\/\/www.comunidadeativa.jor.br\/#website","url":"https:\/\/www.comunidadeativa.jor.br\/","name":"Comunidade Ativa","description":"","publisher":{"@id":"https:\/\/www.comunidadeativa.jor.br\/#organization"},"potentialAction":[{"@type":"SearchAction","target":{"@type":"EntryPoint","urlTemplate":"https:\/\/www.comunidadeativa.jor.br\/?s={search_term_string}"},"query-input":{"@type":"PropertyValueSpecification","valueRequired":true,"valueName":"search_term_string"}}],"inLanguage":"pt-BR"},{"@type":"Organization","@id":"https:\/\/www.comunidadeativa.jor.br\/#organization","name":"Comunidade Ativa","url":"https:\/\/www.comunidadeativa.jor.br\/","logo":{"@type":"ImageObject","inLanguage":"pt-BR","@id":"https:\/\/www.comunidadeativa.jor.br\/#\/schema\/logo\/image\/","url":"https:\/\/www.comunidadeativa.jor.br\/wp-content\/uploads\/2018\/03\/cropped-LOGOPNG-1.png","contentUrl":"https:\/\/www.comunidadeativa.jor.br\/wp-content\/uploads\/2018\/03\/cropped-LOGOPNG-1.png","width":318,"height":90,"caption":"Comunidade Ativa"},"image":{"@id":"https:\/\/www.comunidadeativa.jor.br\/#\/schema\/logo\/image\/"},"sameAs":["https:\/\/www.facebook.com\/comunidadeativa"]},{"@type":"Person","@id":"https:\/\/www.comunidadeativa.jor.br\/#\/schema\/person\/dcaa1f1c51c1f0c47a33b2b734cad6e1","name":"Comunidade Ativa","image":{"@type":"ImageObject","inLanguage":"pt-BR","@id":"https:\/\/www.comunidadeativa.jor.br\/#\/schema\/person\/image\/","url":"https:\/\/secure.gravatar.com\/avatar\/09a9a1f85fedf41e81b47f7c1d40084f?s=96&d=mm&r=g","contentUrl":"https:\/\/secure.gravatar.com\/avatar\/09a9a1f85fedf41e81b47f7c1d40084f?s=96&d=mm&r=g","caption":"Comunidade Ativa"},"url":"https:\/\/www.comunidadeativa.jor.br\/index.php\/author\/casalberto\/"}]}},"_links":{"self":[{"href":"https:\/\/www.comunidadeativa.jor.br\/index.php\/wp-json\/wp\/v2\/posts\/1943","targetHints":{"allow":["GET"]}}],"collection":[{"href":"https:\/\/www.comunidadeativa.jor.br\/index.php\/wp-json\/wp\/v2\/posts"}],"about":[{"href":"https:\/\/www.comunidadeativa.jor.br\/index.php\/wp-json\/wp\/v2\/types\/post"}],"author":[{"embeddable":true,"href":"https:\/\/www.comunidadeativa.jor.br\/index.php\/wp-json\/wp\/v2\/users\/1"}],"replies":[{"embeddable":true,"href":"https:\/\/www.comunidadeativa.jor.br\/index.php\/wp-json\/wp\/v2\/comments?post=1943"}],"version-history":[{"count":2,"href":"https:\/\/www.comunidadeativa.jor.br\/index.php\/wp-json\/wp\/v2\/posts\/1943\/revisions"}],"predecessor-version":[{"id":3821,"href":"https:\/\/www.comunidadeativa.jor.br\/index.php\/wp-json\/wp\/v2\/posts\/1943\/revisions\/3821"}],"wp:featuredmedia":[{"embeddable":true,"href":"https:\/\/www.comunidadeativa.jor.br\/index.php\/wp-json\/wp\/v2\/media\/1946"}],"wp:attachment":[{"href":"https:\/\/www.comunidadeativa.jor.br\/index.php\/wp-json\/wp\/v2\/media?parent=1943"}],"wp:term":[{"taxonomy":"category","embeddable":true,"href":"https:\/\/www.comunidadeativa.jor.br\/index.php\/wp-json\/wp\/v2\/categories?post=1943"},{"taxonomy":"post_tag","embeddable":true,"href":"https:\/\/www.comunidadeativa.jor.br\/index.php\/wp-json\/wp\/v2\/tags?post=1943"}],"curies":[{"name":"wp","href":"https:\/\/api.w.org\/{rel}","templated":true}]}}