{"id":1948,"date":"2021-04-12T12:19:54","date_gmt":"2021-04-12T15:19:54","guid":{"rendered":"https:\/\/www.comunidadeativa.jor.br\/?p=1948"},"modified":"2021-04-12T12:20:15","modified_gmt":"2021-04-12T15:20:15","slug":"de-terca-a-quinta-a-jornada-da-alimentacao-oferecera-um-ciclo-de-palestras-gratuitos-para-o-setor-gastronomico-de-bh","status":"publish","type":"post","link":"https:\/\/www.comunidadeativa.jor.br\/index.php\/2021\/04\/12\/de-terca-a-quinta-a-jornada-da-alimentacao-oferecera-um-ciclo-de-palestras-gratuitos-para-o-setor-gastronomico-de-bh\/","title":{"rendered":"De ter\u00e7a a quinta, a Jornada da Alimenta\u00e7\u00e3o oferecer\u00e1 um ciclo de palestras gratuitas para o setor gastron\u00f4mico de BH"},"content":{"rendered":"<p>Para se adaptarem \u00e0s regras de isolamento impostas pela pandemia, bares, restaurantes e lanchonetes tiveram que reestruturar a forma de atendimento \u00e0 clientela. Os estabelecimentos que j\u00e1 mantinham o atendimento via delivery n\u00e3o est\u00e3o enfrentando tanta dificuldade no processo, havendo apenas a necessidade de priorizar o modelo de neg\u00f3cio. Entretanto, os mais tradicionais, que atuavam somente por meio do contato presencial com os clientes est\u00e3o atravessando uma fase mais complicada na adapta\u00e7\u00e3o. Por\u00e9m, de ter\u00e7a (13) a quinta-feira (15) eles poder\u00e3o contar com o apoio de quem entende do assunto.<\/p>\n<h5>Jornada da Alimenta\u00e7\u00e3o<\/h5>\n<p>Pretendendo auxiliar os empreendedores as \u00e1reas de alimenta\u00e7\u00e3o a tra\u00e7arem estrat\u00e9gias de gest\u00e3o e ampliarem as vendas por meio da entrega de seus produtos, a Prefeitura Municipal de belo Horizonte (PBH), por meio da Belotur, firmou parceria com o Sebrae Minas para a realiza\u00e7\u00e3o da <em>Jornada da Alimenta\u00e7\u00e3o<\/em>, um ciclo de capacita\u00e7\u00e3o gratuito que ser\u00e1 transmitido ao vivo pelo <a href=\"http:\/\/www.youtube.com\/sembraeminas\" target=\"_blank\" rel=\"noopener\">YouTube<\/a> entre as 15h e \u00e0s 16h dos dias 13 a 15 de abril. O evento oferecer\u00e1 palestras de especialistas e de empreendedores convidados que falar\u00e3o sobre as boas pr\u00e1ticas que adotaram por meio das consultorias do Sebrae. Ser\u00e3o abordados temas como atratividade do card\u00e1pio, perfil dos clientes e delivery, entre outros.<\/p>\n<h5>Diagn\u00f3stico e apoio<\/h5>\n<p>Para Gilberto Castro, presidente da Belotur, a pandemia acelerou a digitaliza\u00e7\u00e3o dos neg\u00f3cios e servi\u00e7os nos mais variados setores da economia, o que levou a PBH a buscar promover a capacita\u00e7\u00e3o do setor gastron\u00f4mico, que tem grande destaque na capital. \u201cDesde o ano passado, a Belotur, em parceria com o Sebrae, iniciou um importante projeto de diagn\u00f3stico da reputa\u00e7\u00e3o digital da gastronomia de Belo Horizonte. Depois de atender e capacitar cerca de 150 estabelecimentos nos \u00faltimos meses, foi pensada a realiza\u00e7\u00e3o desta Jornada da Alimenta\u00e7\u00e3o considerando os desafios e dores resultantes da escuta dos empreendedores deste segmento\u201d, diz Castro.<\/p>\n<p>De acordo com Renato Lana, analista do Sebrae Minas, os empreendedores que participarem da jornada aprender\u00e3o, por exemplo, a criar conte\u00fados para redes sociais e descobrir\u00e3o formas de melhorar o atendimento, a entrega, a gest\u00e3o e a opera\u00e7\u00e3o do neg\u00f3cio de delivery. \u201cNesse momento de pandemia, \u00e9 importante que toda a equipe esteja alinhada ao prop\u00f3sito da empresa e \u00e0s expectativas do cliente\u201d, considera Lana.<\/p>\n<h5>Prepara Gastronomia<\/h5>\n<p>A Jornada da Alimenta\u00e7\u00e3o est\u00e1 inserida no contexto do programa <em>Prepara Gastronomia<\/em>, que visa apoiar os pequenos neg\u00f3cios do setor gastron\u00f4mico a se reestruturarem e a planejarem a retomada das atividades de forma segura, tanto para a clientela quanto para os funcion\u00e1rios. A partir desta a\u00e7\u00e3o, empreendedores e empres\u00e1rios ter\u00e3o acesso a conte\u00fados voltados especificamente para o segmento da alimenta\u00e7\u00e3o. Al\u00e9m das palestras e cursos online, o programa tamb\u00e9m oferece acesso a e-books, artigos, planilhas e a v\u00eddeos informativos.<\/p>\n<h5>Programa\u00e7\u00e3o<\/h5>\n<p><strong>Ter\u00e7a, 13\/04<br \/>\n<\/strong>Como aumentar suas vendas pelo delivery\/aplicativo?<br \/>\n<strong>Quarta, 14\/04<\/strong><br \/>\nSeu card\u00e1pio \u00e9 atraente? Dicas para lucrar mais.<br \/>\n<strong>Quinta, 15\/04<\/strong><br \/>\nO que o seu cliente compra e o que o seu funcion\u00e1rio vende?<\/p>\n<p><strong>Hor\u00e1rio<br \/>\n<\/strong>Sempre de 15h \u00e0s 16h.<\/p>\n<p>Transmiss\u00e3o:\u00a0<a href=\"http:\/\/youtube.com\/sebraeminas\">youtube.com\/sebraeminas\u00a0<\/a><\/p>\n<p>&nbsp;<\/p>\n","protected":false},"excerpt":{"rendered":"<p>Para se adaptarem \u00e0s regras de isolamento impostas pela pandemia, bares, restaurantes e lanchonetes tiveram que reestruturar a forma de<\/p>\n","protected":false},"author":1,"featured_media":1949,"comment_status":"closed","ping_status":"open","sticky":false,"template":"","format":"standard","meta":{"footnotes":""},"categories":[15],"tags":[],"class_list":["post-1948","post","type-post","status-publish","format-standard","has-post-thumbnail","hentry","category-cultura"],"yoast_head":"<!-- This site is optimized with the Yoast SEO plugin v26.0 - https:\/\/yoast.com\/wordpress\/plugins\/seo\/ -->\n<title>De ter\u00e7a a quinta, a Jornada da Alimenta\u00e7\u00e3o oferecer\u00e1 um ciclo de palestras gratuitas para o setor gastron\u00f4mico de BH - Comunidade Ativa<\/title>\n<meta name=\"robots\" content=\"index, follow, max-snippet:-1, max-image-preview:large, max-video-preview:-1\" \/>\n<link rel=\"canonical\" href=\"https:\/\/www.comunidadeativa.jor.br\/index.php\/2021\/04\/12\/de-terca-a-quinta-a-jornada-da-alimentacao-oferecera-um-ciclo-de-palestras-gratuitos-para-o-setor-gastronomico-de-bh\/\" \/>\n<meta property=\"og:locale\" content=\"pt_BR\" \/>\n<meta property=\"og:type\" content=\"article\" \/>\n<meta property=\"og:title\" content=\"De ter\u00e7a a quinta, a Jornada da Alimenta\u00e7\u00e3o oferecer\u00e1 um ciclo de palestras gratuitas para o setor gastron\u00f4mico de BH - Comunidade Ativa\" \/>\n<meta property=\"og:description\" content=\"Para se adaptarem \u00e0s regras de isolamento impostas pela pandemia, bares, restaurantes e lanchonetes tiveram que reestruturar a forma de\" \/>\n<meta property=\"og:url\" content=\"https:\/\/www.comunidadeativa.jor.br\/index.php\/2021\/04\/12\/de-terca-a-quinta-a-jornada-da-alimentacao-oferecera-um-ciclo-de-palestras-gratuitos-para-o-setor-gastronomico-de-bh\/\" \/>\n<meta property=\"og:site_name\" content=\"Comunidade Ativa\" \/>\n<meta property=\"article:publisher\" content=\"https:\/\/www.facebook.com\/comunidadeativa\" \/>\n<meta property=\"article:published_time\" content=\"2021-04-12T15:19:54+00:00\" \/>\n<meta property=\"article:modified_time\" content=\"2021-04-12T15:20:15+00:00\" \/>\n<meta property=\"og:image\" content=\"https:\/\/www.comunidadeativa.jor.br\/wp-content\/uploads\/2021\/04\/capa-7.jpg\" \/>\n\t<meta property=\"og:image:width\" content=\"640\" \/>\n\t<meta property=\"og:image:height\" content=\"352\" \/>\n\t<meta property=\"og:image:type\" content=\"image\/jpeg\" \/>\n<meta name=\"author\" content=\"Comunidade Ativa\" \/>\n<meta name=\"twitter:card\" content=\"summary_large_image\" \/>\n<meta name=\"twitter:label1\" content=\"Escrito por\" \/>\n\t<meta name=\"twitter:data1\" content=\"Comunidade Ativa\" \/>\n\t<meta name=\"twitter:label2\" content=\"Est. tempo de leitura\" \/>\n\t<meta name=\"twitter:data2\" content=\"3 minutos\" \/>\n<script type=\"application\/ld+json\" class=\"yoast-schema-graph\">{\"@context\":\"https:\/\/schema.org\",\"@graph\":[{\"@type\":\"Article\",\"@id\":\"https:\/\/www.comunidadeativa.jor.br\/index.php\/2021\/04\/12\/de-terca-a-quinta-a-jornada-da-alimentacao-oferecera-um-ciclo-de-palestras-gratuitos-para-o-setor-gastronomico-de-bh\/#article\",\"isPartOf\":{\"@id\":\"https:\/\/www.comunidadeativa.jor.br\/index.php\/2021\/04\/12\/de-terca-a-quinta-a-jornada-da-alimentacao-oferecera-um-ciclo-de-palestras-gratuitos-para-o-setor-gastronomico-de-bh\/\"},\"author\":{\"name\":\"Comunidade Ativa\",\"@id\":\"https:\/\/www.comunidadeativa.jor.br\/#\/schema\/person\/dcaa1f1c51c1f0c47a33b2b734cad6e1\"},\"headline\":\"De ter\u00e7a a quinta, a Jornada da Alimenta\u00e7\u00e3o oferecer\u00e1 um ciclo de palestras gratuitas para o setor gastron\u00f4mico de BH\",\"datePublished\":\"2021-04-12T15:19:54+00:00\",\"dateModified\":\"2021-04-12T15:20:15+00:00\",\"mainEntityOfPage\":{\"@id\":\"https:\/\/www.comunidadeativa.jor.br\/index.php\/2021\/04\/12\/de-terca-a-quinta-a-jornada-da-alimentacao-oferecera-um-ciclo-de-palestras-gratuitos-para-o-setor-gastronomico-de-bh\/\"},\"wordCount\":565,\"publisher\":{\"@id\":\"https:\/\/www.comunidadeativa.jor.br\/#organization\"},\"image\":{\"@id\":\"https:\/\/www.comunidadeativa.jor.br\/index.php\/2021\/04\/12\/de-terca-a-quinta-a-jornada-da-alimentacao-oferecera-um-ciclo-de-palestras-gratuitos-para-o-setor-gastronomico-de-bh\/#primaryimage\"},\"thumbnailUrl\":\"https:\/\/www.comunidadeativa.jor.br\/wp-content\/uploads\/2021\/04\/capa-7.jpg\",\"articleSection\":[\"Cultura\"],\"inLanguage\":\"pt-BR\"},{\"@type\":\"WebPage\",\"@id\":\"https:\/\/www.comunidadeativa.jor.br\/index.php\/2021\/04\/12\/de-terca-a-quinta-a-jornada-da-alimentacao-oferecera-um-ciclo-de-palestras-gratuitos-para-o-setor-gastronomico-de-bh\/\",\"url\":\"https:\/\/www.comunidadeativa.jor.br\/index.php\/2021\/04\/12\/de-terca-a-quinta-a-jornada-da-alimentacao-oferecera-um-ciclo-de-palestras-gratuitos-para-o-setor-gastronomico-de-bh\/\",\"name\":\"De ter\u00e7a a quinta, a Jornada da Alimenta\u00e7\u00e3o oferecer\u00e1 um ciclo de palestras gratuitas para o setor gastron\u00f4mico de BH - Comunidade Ativa\",\"isPartOf\":{\"@id\":\"https:\/\/www.comunidadeativa.jor.br\/#website\"},\"primaryImageOfPage\":{\"@id\":\"https:\/\/www.comunidadeativa.jor.br\/index.php\/2021\/04\/12\/de-terca-a-quinta-a-jornada-da-alimentacao-oferecera-um-ciclo-de-palestras-gratuitos-para-o-setor-gastronomico-de-bh\/#primaryimage\"},\"image\":{\"@id\":\"https:\/\/www.comunidadeativa.jor.br\/index.php\/2021\/04\/12\/de-terca-a-quinta-a-jornada-da-alimentacao-oferecera-um-ciclo-de-palestras-gratuitos-para-o-setor-gastronomico-de-bh\/#primaryimage\"},\"thumbnailUrl\":\"https:\/\/www.comunidadeativa.jor.br\/wp-content\/uploads\/2021\/04\/capa-7.jpg\",\"datePublished\":\"2021-04-12T15:19:54+00:00\",\"dateModified\":\"2021-04-12T15:20:15+00:00\",\"breadcrumb\":{\"@id\":\"https:\/\/www.comunidadeativa.jor.br\/index.php\/2021\/04\/12\/de-terca-a-quinta-a-jornada-da-alimentacao-oferecera-um-ciclo-de-palestras-gratuitos-para-o-setor-gastronomico-de-bh\/#breadcrumb\"},\"inLanguage\":\"pt-BR\",\"potentialAction\":[{\"@type\":\"ReadAction\",\"target\":[\"https:\/\/www.comunidadeativa.jor.br\/index.php\/2021\/04\/12\/de-terca-a-quinta-a-jornada-da-alimentacao-oferecera-um-ciclo-de-palestras-gratuitos-para-o-setor-gastronomico-de-bh\/\"]}]},{\"@type\":\"ImageObject\",\"inLanguage\":\"pt-BR\",\"@id\":\"https:\/\/www.comunidadeativa.jor.br\/index.php\/2021\/04\/12\/de-terca-a-quinta-a-jornada-da-alimentacao-oferecera-um-ciclo-de-palestras-gratuitos-para-o-setor-gastronomico-de-bh\/#primaryimage\",\"url\":\"https:\/\/www.comunidadeativa.jor.br\/wp-content\/uploads\/2021\/04\/capa-7.jpg\",\"contentUrl\":\"https:\/\/www.comunidadeativa.jor.br\/wp-content\/uploads\/2021\/04\/capa-7.jpg\",\"width\":640,\"height\":352},{\"@type\":\"BreadcrumbList\",\"@id\":\"https:\/\/www.comunidadeativa.jor.br\/index.php\/2021\/04\/12\/de-terca-a-quinta-a-jornada-da-alimentacao-oferecera-um-ciclo-de-palestras-gratuitos-para-o-setor-gastronomico-de-bh\/#breadcrumb\",\"itemListElement\":[{\"@type\":\"ListItem\",\"position\":1,\"name\":\"In\u00edcio\",\"item\":\"https:\/\/www.comunidadeativa.jor.br\/\"},{\"@type\":\"ListItem\",\"position\":2,\"name\":\"De ter\u00e7a a quinta, a Jornada da Alimenta\u00e7\u00e3o oferecer\u00e1 um ciclo de palestras gratuitas para o setor gastron\u00f4mico de BH\"}]},{\"@type\":\"WebSite\",\"@id\":\"https:\/\/www.comunidadeativa.jor.br\/#website\",\"url\":\"https:\/\/www.comunidadeativa.jor.br\/\",\"name\":\"Comunidade Ativa\",\"description\":\"\",\"publisher\":{\"@id\":\"https:\/\/www.comunidadeativa.jor.br\/#organization\"},\"potentialAction\":[{\"@type\":\"SearchAction\",\"target\":{\"@type\":\"EntryPoint\",\"urlTemplate\":\"https:\/\/www.comunidadeativa.jor.br\/?s={search_term_string}\"},\"query-input\":{\"@type\":\"PropertyValueSpecification\",\"valueRequired\":true,\"valueName\":\"search_term_string\"}}],\"inLanguage\":\"pt-BR\"},{\"@type\":\"Organization\",\"@id\":\"https:\/\/www.comunidadeativa.jor.br\/#organization\",\"name\":\"Comunidade Ativa\",\"url\":\"https:\/\/www.comunidadeativa.jor.br\/\",\"logo\":{\"@type\":\"ImageObject\",\"inLanguage\":\"pt-BR\",\"@id\":\"https:\/\/www.comunidadeativa.jor.br\/#\/schema\/logo\/image\/\",\"url\":\"https:\/\/www.comunidadeativa.jor.br\/wp-content\/uploads\/2018\/03\/cropped-LOGOPNG-1.png\",\"contentUrl\":\"https:\/\/www.comunidadeativa.jor.br\/wp-content\/uploads\/2018\/03\/cropped-LOGOPNG-1.png\",\"width\":318,\"height\":90,\"caption\":\"Comunidade Ativa\"},\"image\":{\"@id\":\"https:\/\/www.comunidadeativa.jor.br\/#\/schema\/logo\/image\/\"},\"sameAs\":[\"https:\/\/www.facebook.com\/comunidadeativa\"]},{\"@type\":\"Person\",\"@id\":\"https:\/\/www.comunidadeativa.jor.br\/#\/schema\/person\/dcaa1f1c51c1f0c47a33b2b734cad6e1\",\"name\":\"Comunidade Ativa\",\"image\":{\"@type\":\"ImageObject\",\"inLanguage\":\"pt-BR\",\"@id\":\"https:\/\/www.comunidadeativa.jor.br\/#\/schema\/person\/image\/\",\"url\":\"https:\/\/secure.gravatar.com\/avatar\/09a9a1f85fedf41e81b47f7c1d40084f?s=96&d=mm&r=g\",\"contentUrl\":\"https:\/\/secure.gravatar.com\/avatar\/09a9a1f85fedf41e81b47f7c1d40084f?s=96&d=mm&r=g\",\"caption\":\"Comunidade Ativa\"},\"url\":\"https:\/\/www.comunidadeativa.jor.br\/index.php\/author\/casalberto\/\"}]}<\/script>\n<!-- \/ Yoast SEO plugin. -->","yoast_head_json":{"title":"De ter\u00e7a a quinta, a Jornada da Alimenta\u00e7\u00e3o oferecer\u00e1 um ciclo de palestras gratuitas para o setor gastron\u00f4mico de BH - Comunidade Ativa","robots":{"index":"index","follow":"follow","max-snippet":"max-snippet:-1","max-image-preview":"max-image-preview:large","max-video-preview":"max-video-preview:-1"},"canonical":"https:\/\/www.comunidadeativa.jor.br\/index.php\/2021\/04\/12\/de-terca-a-quinta-a-jornada-da-alimentacao-oferecera-um-ciclo-de-palestras-gratuitos-para-o-setor-gastronomico-de-bh\/","og_locale":"pt_BR","og_type":"article","og_title":"De ter\u00e7a a quinta, a Jornada da Alimenta\u00e7\u00e3o oferecer\u00e1 um ciclo de palestras gratuitas para o setor gastron\u00f4mico de BH - Comunidade Ativa","og_description":"Para se adaptarem \u00e0s regras de isolamento impostas pela pandemia, bares, restaurantes e lanchonetes tiveram que reestruturar a forma de","og_url":"https:\/\/www.comunidadeativa.jor.br\/index.php\/2021\/04\/12\/de-terca-a-quinta-a-jornada-da-alimentacao-oferecera-um-ciclo-de-palestras-gratuitos-para-o-setor-gastronomico-de-bh\/","og_site_name":"Comunidade Ativa","article_publisher":"https:\/\/www.facebook.com\/comunidadeativa","article_published_time":"2021-04-12T15:19:54+00:00","article_modified_time":"2021-04-12T15:20:15+00:00","og_image":[{"width":640,"height":352,"url":"https:\/\/www.comunidadeativa.jor.br\/wp-content\/uploads\/2021\/04\/capa-7.jpg","type":"image\/jpeg"}],"author":"Comunidade Ativa","twitter_card":"summary_large_image","twitter_misc":{"Escrito por":"Comunidade Ativa","Est. tempo de leitura":"3 minutos"},"schema":{"@context":"https:\/\/schema.org","@graph":[{"@type":"Article","@id":"https:\/\/www.comunidadeativa.jor.br\/index.php\/2021\/04\/12\/de-terca-a-quinta-a-jornada-da-alimentacao-oferecera-um-ciclo-de-palestras-gratuitos-para-o-setor-gastronomico-de-bh\/#article","isPartOf":{"@id":"https:\/\/www.comunidadeativa.jor.br\/index.php\/2021\/04\/12\/de-terca-a-quinta-a-jornada-da-alimentacao-oferecera-um-ciclo-de-palestras-gratuitos-para-o-setor-gastronomico-de-bh\/"},"author":{"name":"Comunidade Ativa","@id":"https:\/\/www.comunidadeativa.jor.br\/#\/schema\/person\/dcaa1f1c51c1f0c47a33b2b734cad6e1"},"headline":"De ter\u00e7a a quinta, a Jornada da Alimenta\u00e7\u00e3o oferecer\u00e1 um ciclo de palestras gratuitas para o setor gastron\u00f4mico de BH","datePublished":"2021-04-12T15:19:54+00:00","dateModified":"2021-04-12T15:20:15+00:00","mainEntityOfPage":{"@id":"https:\/\/www.comunidadeativa.jor.br\/index.php\/2021\/04\/12\/de-terca-a-quinta-a-jornada-da-alimentacao-oferecera-um-ciclo-de-palestras-gratuitos-para-o-setor-gastronomico-de-bh\/"},"wordCount":565,"publisher":{"@id":"https:\/\/www.comunidadeativa.jor.br\/#organization"},"image":{"@id":"https:\/\/www.comunidadeativa.jor.br\/index.php\/2021\/04\/12\/de-terca-a-quinta-a-jornada-da-alimentacao-oferecera-um-ciclo-de-palestras-gratuitos-para-o-setor-gastronomico-de-bh\/#primaryimage"},"thumbnailUrl":"https:\/\/www.comunidadeativa.jor.br\/wp-content\/uploads\/2021\/04\/capa-7.jpg","articleSection":["Cultura"],"inLanguage":"pt-BR"},{"@type":"WebPage","@id":"https:\/\/www.comunidadeativa.jor.br\/index.php\/2021\/04\/12\/de-terca-a-quinta-a-jornada-da-alimentacao-oferecera-um-ciclo-de-palestras-gratuitos-para-o-setor-gastronomico-de-bh\/","url":"https:\/\/www.comunidadeativa.jor.br\/index.php\/2021\/04\/12\/de-terca-a-quinta-a-jornada-da-alimentacao-oferecera-um-ciclo-de-palestras-gratuitos-para-o-setor-gastronomico-de-bh\/","name":"De ter\u00e7a a quinta, a Jornada da Alimenta\u00e7\u00e3o oferecer\u00e1 um ciclo de palestras gratuitas para o setor gastron\u00f4mico de BH - Comunidade Ativa","isPartOf":{"@id":"https:\/\/www.comunidadeativa.jor.br\/#website"},"primaryImageOfPage":{"@id":"https:\/\/www.comunidadeativa.jor.br\/index.php\/2021\/04\/12\/de-terca-a-quinta-a-jornada-da-alimentacao-oferecera-um-ciclo-de-palestras-gratuitos-para-o-setor-gastronomico-de-bh\/#primaryimage"},"image":{"@id":"https:\/\/www.comunidadeativa.jor.br\/index.php\/2021\/04\/12\/de-terca-a-quinta-a-jornada-da-alimentacao-oferecera-um-ciclo-de-palestras-gratuitos-para-o-setor-gastronomico-de-bh\/#primaryimage"},"thumbnailUrl":"https:\/\/www.comunidadeativa.jor.br\/wp-content\/uploads\/2021\/04\/capa-7.jpg","datePublished":"2021-04-12T15:19:54+00:00","dateModified":"2021-04-12T15:20:15+00:00","breadcrumb":{"@id":"https:\/\/www.comunidadeativa.jor.br\/index.php\/2021\/04\/12\/de-terca-a-quinta-a-jornada-da-alimentacao-oferecera-um-ciclo-de-palestras-gratuitos-para-o-setor-gastronomico-de-bh\/#breadcrumb"},"inLanguage":"pt-BR","potentialAction":[{"@type":"ReadAction","target":["https:\/\/www.comunidadeativa.jor.br\/index.php\/2021\/04\/12\/de-terca-a-quinta-a-jornada-da-alimentacao-oferecera-um-ciclo-de-palestras-gratuitos-para-o-setor-gastronomico-de-bh\/"]}]},{"@type":"ImageObject","inLanguage":"pt-BR","@id":"https:\/\/www.comunidadeativa.jor.br\/index.php\/2021\/04\/12\/de-terca-a-quinta-a-jornada-da-alimentacao-oferecera-um-ciclo-de-palestras-gratuitos-para-o-setor-gastronomico-de-bh\/#primaryimage","url":"https:\/\/www.comunidadeativa.jor.br\/wp-content\/uploads\/2021\/04\/capa-7.jpg","contentUrl":"https:\/\/www.comunidadeativa.jor.br\/wp-content\/uploads\/2021\/04\/capa-7.jpg","width":640,"height":352},{"@type":"BreadcrumbList","@id":"https:\/\/www.comunidadeativa.jor.br\/index.php\/2021\/04\/12\/de-terca-a-quinta-a-jornada-da-alimentacao-oferecera-um-ciclo-de-palestras-gratuitos-para-o-setor-gastronomico-de-bh\/#breadcrumb","itemListElement":[{"@type":"ListItem","position":1,"name":"In\u00edcio","item":"https:\/\/www.comunidadeativa.jor.br\/"},{"@type":"ListItem","position":2,"name":"De ter\u00e7a a quinta, a Jornada da Alimenta\u00e7\u00e3o oferecer\u00e1 um ciclo de palestras gratuitas para o setor gastron\u00f4mico de BH"}]},{"@type":"WebSite","@id":"https:\/\/www.comunidadeativa.jor.br\/#website","url":"https:\/\/www.comunidadeativa.jor.br\/","name":"Comunidade Ativa","description":"","publisher":{"@id":"https:\/\/www.comunidadeativa.jor.br\/#organization"},"potentialAction":[{"@type":"SearchAction","target":{"@type":"EntryPoint","urlTemplate":"https:\/\/www.comunidadeativa.jor.br\/?s={search_term_string}"},"query-input":{"@type":"PropertyValueSpecification","valueRequired":true,"valueName":"search_term_string"}}],"inLanguage":"pt-BR"},{"@type":"Organization","@id":"https:\/\/www.comunidadeativa.jor.br\/#organization","name":"Comunidade Ativa","url":"https:\/\/www.comunidadeativa.jor.br\/","logo":{"@type":"ImageObject","inLanguage":"pt-BR","@id":"https:\/\/www.comunidadeativa.jor.br\/#\/schema\/logo\/image\/","url":"https:\/\/www.comunidadeativa.jor.br\/wp-content\/uploads\/2018\/03\/cropped-LOGOPNG-1.png","contentUrl":"https:\/\/www.comunidadeativa.jor.br\/wp-content\/uploads\/2018\/03\/cropped-LOGOPNG-1.png","width":318,"height":90,"caption":"Comunidade Ativa"},"image":{"@id":"https:\/\/www.comunidadeativa.jor.br\/#\/schema\/logo\/image\/"},"sameAs":["https:\/\/www.facebook.com\/comunidadeativa"]},{"@type":"Person","@id":"https:\/\/www.comunidadeativa.jor.br\/#\/schema\/person\/dcaa1f1c51c1f0c47a33b2b734cad6e1","name":"Comunidade Ativa","image":{"@type":"ImageObject","inLanguage":"pt-BR","@id":"https:\/\/www.comunidadeativa.jor.br\/#\/schema\/person\/image\/","url":"https:\/\/secure.gravatar.com\/avatar\/09a9a1f85fedf41e81b47f7c1d40084f?s=96&d=mm&r=g","contentUrl":"https:\/\/secure.gravatar.com\/avatar\/09a9a1f85fedf41e81b47f7c1d40084f?s=96&d=mm&r=g","caption":"Comunidade Ativa"},"url":"https:\/\/www.comunidadeativa.jor.br\/index.php\/author\/casalberto\/"}]}},"_links":{"self":[{"href":"https:\/\/www.comunidadeativa.jor.br\/index.php\/wp-json\/wp\/v2\/posts\/1948","targetHints":{"allow":["GET"]}}],"collection":[{"href":"https:\/\/www.comunidadeativa.jor.br\/index.php\/wp-json\/wp\/v2\/posts"}],"about":[{"href":"https:\/\/www.comunidadeativa.jor.br\/index.php\/wp-json\/wp\/v2\/types\/post"}],"author":[{"embeddable":true,"href":"https:\/\/www.comunidadeativa.jor.br\/index.php\/wp-json\/wp\/v2\/users\/1"}],"replies":[{"embeddable":true,"href":"https:\/\/www.comunidadeativa.jor.br\/index.php\/wp-json\/wp\/v2\/comments?post=1948"}],"version-history":[{"count":2,"href":"https:\/\/www.comunidadeativa.jor.br\/index.php\/wp-json\/wp\/v2\/posts\/1948\/revisions"}],"predecessor-version":[{"id":1951,"href":"https:\/\/www.comunidadeativa.jor.br\/index.php\/wp-json\/wp\/v2\/posts\/1948\/revisions\/1951"}],"wp:featuredmedia":[{"embeddable":true,"href":"https:\/\/www.comunidadeativa.jor.br\/index.php\/wp-json\/wp\/v2\/media\/1949"}],"wp:attachment":[{"href":"https:\/\/www.comunidadeativa.jor.br\/index.php\/wp-json\/wp\/v2\/media?parent=1948"}],"wp:term":[{"taxonomy":"category","embeddable":true,"href":"https:\/\/www.comunidadeativa.jor.br\/index.php\/wp-json\/wp\/v2\/categories?post=1948"},{"taxonomy":"post_tag","embeddable":true,"href":"https:\/\/www.comunidadeativa.jor.br\/index.php\/wp-json\/wp\/v2\/tags?post=1948"}],"curies":[{"name":"wp","href":"https:\/\/api.w.org\/{rel}","templated":true}]}}