{"id":1979,"date":"2021-04-20T13:21:35","date_gmt":"2021-04-20T16:21:35","guid":{"rendered":"https:\/\/www.comunidadeativa.jor.br\/?p=1979"},"modified":"2023-08-11T18:00:07","modified_gmt":"2023-08-11T21:00:07","slug":"confira-quais-comorbidades-sao-consideradas-pelo-ministerio-da-saude-no-criterio-para-a-aplicacao-da-vacina-contra-a-covid-19","status":"publish","type":"post","link":"https:\/\/www.comunidadeativa.jor.br\/index.php\/2021\/04\/20\/confira-quais-comorbidades-sao-consideradas-pelo-ministerio-da-saude-no-criterio-para-a-aplicacao-da-vacina-contra-a-covid-19\/","title":{"rendered":"Confira quais comorbidades s\u00e3o consideradas pelo Minist\u00e9rio da Sa\u00fade no crit\u00e9rio para a aplica\u00e7\u00e3o da vacina contra a Covid-19"},"content":{"rendered":"<p>Ainda que com velocidade aqu\u00e9m daquela que a popula\u00e7\u00e3o gostaria, a vacina\u00e7\u00e3o contra a Covid-19 continua avan\u00e7ando no Brasil. Segundo o Minist\u00e9rio da Sa\u00fade (MS), na manh\u00e3 desta ter\u00e7a-feira, 20, mais de 53,5 milh\u00f5es de doses haviam sido distribu\u00eddas para todo o pa\u00eds, com 33,4 milh\u00f5es delas j\u00e1 aplicadas. O levantamento <a href=\"https:\/\/ourworldindata.org\/covid-vaccinations\" target=\"_blank\" rel=\"noopener\"><em>Our World in Data<\/em><\/a>, da Universidade de Oxford, indica que 11,66% da popula\u00e7\u00e3o brasileira j\u00e1 receberam pelo menos uma dose da vacina. Pelo levantamento, o pa\u00eds \u00e9 o 12\u00ba colocado no ranking mundial de vacina\u00e7\u00e3o, considerando o percentual da popula\u00e7\u00e3o imunizada.<\/p>\n<p>De acordo com a Prefeitura Municipal de Belo Horizonte (PBH), at\u00e9 a mesma data, 464.745 belo-horizontinos j\u00e1 haviam recebido pelo menos a primeira dose de uma das cerca de 900 mil que foram destinadas \u00e0 capital no escopo do <a href=\"http:\/\/www.saude.pi.gov.br\/uploads\/warning_document\/file\/641\/Plano_Nacional_de_Vacina%C3%A7%C3%A3o_Covid19.pdf\" target=\"_blank\" rel=\"noopener\">Plano Nacional de Operacionaliza\u00e7\u00e3o da Vacina\u00e7\u00e3o Contra a Covid-19<\/a>, definido pelo MS. Outros 140.5312 moradores de BH tamb\u00e9m j\u00e1 haviam recebido a segunda dose e completaram o ciclo de imuniza\u00e7\u00e3o.<\/p>\n<h5>Programa\u00e7\u00e3o e grupos priorit\u00e1rios<\/h5>\n<p>Conforme ocorre a distribui\u00e7\u00e3o das vacinas, o Plano do MS indica que cabe a cada prefeitura definir o andamento da vacina\u00e7\u00e3o no \u00e2mbito do munic\u00edpio. Entretanto, a ordena\u00e7\u00e3o das aplica\u00e7\u00f5es deve ser direcionada para os grupos priorit\u00e1rios, que totalizam mais de 77 milh\u00f5es de pessoas no Brasil.<\/p>\n<p>Obedecendo a esse crit\u00e9rio, na ter\u00e7a-feira, 20, e na quarta, 21, BH vacinar\u00e1 idosos com 62 anos. Na quinta, 22, e na sexta, 23, ser\u00e1 a vez das pessoas com 61 anos.<\/p>\n<p style=\"padding-left: 80px;\"><em>O hor\u00e1rio de atendimento \u00e9 7h30 \u00e0s 16h30 nos postos de sa\u00fade e outros postos fixos e de 8h \u00e0s 16h30 nos postos drive-thru. <a href=\"https:\/\/www.comunidadeativa.jor.br\/index.php\/2021\/03\/25\/todas-as-informacoes-com-os-links-da-pbh-sobre-a-vacinacao-e-outros-assuntos-relacionados-a-covid-19-na-capital\/\" target=\"_blank\" rel=\"noopener\">Clique aqui<\/a> e confira os locais de vacina\u00e7\u00e3o e outras informa\u00e7\u00f5es sobre a campanha em BH.<\/em><\/p>\n<p>Na sequ\u00eancia, o pr\u00f3ximo grupo priorit\u00e1rio a ser vacinado ser\u00e1 o dos idosos com 60 anos, seguindo ent\u00e3o para as pessoas com comorbidades. N\u00e3o h\u00e1 ainda data definida para as aplica\u00e7\u00f5es na capital. Entretanto, se for mantido o ritmo que vem sendo seguido pela PBH, essa etapa deve ser iniciada dentro em breve, o que torna conveniente que a popula\u00e7\u00e3o j\u00e1 se informe sobre os crit\u00e9rios que ser\u00e3o adotados.<\/p>\n<h5>O grupo das comorbidades<\/h5>\n<p>De forma resumida, a Secretaria Municipal de Sa\u00fade de Belo Horizonte classifica o grupo das comorbidades como sendo aquele que inclui pessoas que apresentem pelo menos uma das condi\u00e7\u00f5es a seguir:<\/p>\n<ul>\n<li>diabetes mellitus;<\/li>\n<li>hipertens\u00e3o arterial est\u00e1gio 3 (press\u00e3o arterial maior que 180 por 110);<\/li>\n<li>hipertens\u00e3o arterial est\u00e1gios 1* e 2** com les\u00e3o em \u00f3rg\u00e3o-alvo, como cora\u00e7\u00e3o e\/ou comorbidades;<br \/>\n*(press\u00e3o arterial maior que 130 por 90 e menor que 160 por 100)<br \/>\n** (press\u00e3o arterial maior que 160 por 100 e menor que 180 por 110)<\/li>\n<li>hipertens\u00e3o resistente (pacientes que, mesmo utilizando tr\u00eas ou mais medicamentos anti-hipertensivos, incluindo um diur\u00e9tico, apresentam uma press\u00e3o arterial n\u00e3o controlada;<\/li>\n<li>doen\u00e7a pulmonar obstrutiva cr\u00f4nica;<\/li>\n<li>insufici\u00eancia renal;<\/li>\n<li>doen\u00e7as cardiovasculares e cerebrovasculares;<\/li>\n<li>indiv\u00edduos transplantados de \u00f3rg\u00e3o s\u00f3lido ou de medula \u00f3ssea;<\/li>\n<li>indiv\u00edduos imunossuprimidos;<\/li>\n<li>anemia falciforme;<\/li>\n<li>obesidade grau 3 (\u00cdndice de Massa Corporal \u226540);<\/li>\n<li>S\u00edndrome de Down.<\/li>\n<\/ul>\n<p>Entretanto, o Plano do MS, que deve servir de base para que a PBH estabele\u00e7a os crit\u00e9rios de autoriza\u00e7\u00e3o para aplica\u00e7\u00e3o da vacina, \u00e9 mais detalhado. Confira no quadro abaixo.<\/p>\n<figure id=\"attachment_1980\" aria-describedby=\"caption-attachment-1980\" style=\"width: 687px\" class=\"wp-caption aligncenter\"><img loading=\"lazy\" decoding=\"async\" class=\"size-full wp-image-1980\" src=\"https:\/\/www.comunidadeativa.jor.br\/wp-content\/uploads\/2021\/04\/comorbidades.jpg\" alt=\"\" width=\"687\" height=\"1701\" srcset=\"https:\/\/www.comunidadeativa.jor.br\/wp-content\/uploads\/2021\/04\/comorbidades.jpg 687w, https:\/\/www.comunidadeativa.jor.br\/wp-content\/uploads\/2021\/04\/comorbidades-121x300.jpg 121w, https:\/\/www.comunidadeativa.jor.br\/wp-content\/uploads\/2021\/04\/comorbidades-414x1024.jpg 414w, https:\/\/www.comunidadeativa.jor.br\/wp-content\/uploads\/2021\/04\/comorbidades-620x1536.jpg 620w\" sizes=\"auto, (max-width: 687px) 100vw, 687px\" \/><figcaption id=\"caption-attachment-1980\" class=\"wp-caption-text\">Fonte: <a href=\"http:\/\/www.saude.pi.gov.br\/uploads\/warning_document\/file\/641\/Plano_Nacional_de_Vacina%C3%A7%C3%A3o_Covid19.pdf\" target=\"_blank\" rel=\"noopener\">Minist\u00e9rio da Sa\u00fade<\/a><\/figcaption><\/figure>\n<p>A PBH ainda n\u00e3o divulgou em detalhes os crit\u00e9rios de avalia\u00e7\u00e3o das comorbidades no momento da aplica\u00e7\u00e3o da vacina. Contudo, a capital deve seguir a tend\u00eancia de outros munic\u00edpios, como o do Rio de Janeiro que exigir\u00e1 a apresenta\u00e7\u00e3o de atestado m\u00e9dico que comprove a doen\u00e7a ou, na falta, receitu\u00e1rios m\u00e9dicos recentes ou exames de comprova\u00e7\u00e3o.<\/p>\n<p>&nbsp;<\/p>\n","protected":false},"excerpt":{"rendered":"<p>Ainda que com velocidade aqu\u00e9m daquela que a popula\u00e7\u00e3o gostaria, a vacina\u00e7\u00e3o contra a Covid-19 continua avan\u00e7ando no Brasil. Segundo<\/p>\n","protected":false},"author":1,"featured_media":1981,"comment_status":"closed","ping_status":"open","sticky":false,"template":"","format":"standard","meta":{"footnotes":""},"categories":[9],"tags":[],"class_list":["post-1979","post","type-post","status-publish","format-standard","has-post-thumbnail","hentry","category-saude-qualidade-de-vida"],"yoast_head":"<!-- This site is optimized with the Yoast SEO plugin v26.0 - https:\/\/yoast.com\/wordpress\/plugins\/seo\/ -->\n<title>Confira quais comorbidades s\u00e3o consideradas pelo Minist\u00e9rio da Sa\u00fade no crit\u00e9rio para a aplica\u00e7\u00e3o da vacina contra a Covid-19 - Comunidade Ativa<\/title>\n<meta name=\"robots\" content=\"index, follow, max-snippet:-1, max-image-preview:large, max-video-preview:-1\" \/>\n<link rel=\"canonical\" href=\"https:\/\/www.comunidadeativa.jor.br\/index.php\/2021\/04\/20\/confira-quais-comorbidades-sao-consideradas-pelo-ministerio-da-saude-no-criterio-para-a-aplicacao-da-vacina-contra-a-covid-19\/\" \/>\n<meta property=\"og:locale\" content=\"pt_BR\" \/>\n<meta property=\"og:type\" content=\"article\" \/>\n<meta property=\"og:title\" content=\"Confira quais comorbidades s\u00e3o consideradas pelo Minist\u00e9rio da Sa\u00fade no crit\u00e9rio para a aplica\u00e7\u00e3o da vacina contra a Covid-19 - Comunidade Ativa\" \/>\n<meta property=\"og:description\" content=\"Ainda que com velocidade aqu\u00e9m daquela que a popula\u00e7\u00e3o gostaria, a vacina\u00e7\u00e3o contra a Covid-19 continua avan\u00e7ando no Brasil. Segundo\" \/>\n<meta property=\"og:url\" content=\"https:\/\/www.comunidadeativa.jor.br\/index.php\/2021\/04\/20\/confira-quais-comorbidades-sao-consideradas-pelo-ministerio-da-saude-no-criterio-para-a-aplicacao-da-vacina-contra-a-covid-19\/\" \/>\n<meta property=\"og:site_name\" content=\"Comunidade Ativa\" \/>\n<meta property=\"article:publisher\" content=\"https:\/\/www.facebook.com\/comunidadeativa\" \/>\n<meta property=\"article:published_time\" content=\"2021-04-20T16:21:35+00:00\" \/>\n<meta property=\"article:modified_time\" content=\"2023-08-11T21:00:07+00:00\" \/>\n<meta property=\"og:image\" content=\"https:\/\/www.comunidadeativa.jor.br\/wp-content\/uploads\/2021\/04\/capa-13.jpg\" \/>\n\t<meta property=\"og:image:width\" content=\"640\" \/>\n\t<meta property=\"og:image:height\" content=\"352\" \/>\n\t<meta property=\"og:image:type\" content=\"image\/jpeg\" \/>\n<meta name=\"author\" content=\"Comunidade Ativa\" \/>\n<meta name=\"twitter:card\" content=\"summary_large_image\" \/>\n<meta name=\"twitter:label1\" content=\"Escrito por\" \/>\n\t<meta name=\"twitter:data1\" content=\"Comunidade Ativa\" \/>\n\t<meta name=\"twitter:label2\" content=\"Est. tempo de leitura\" \/>\n\t<meta name=\"twitter:data2\" content=\"3 minutos\" \/>\n<script type=\"application\/ld+json\" class=\"yoast-schema-graph\">{\"@context\":\"https:\/\/schema.org\",\"@graph\":[{\"@type\":\"Article\",\"@id\":\"https:\/\/www.comunidadeativa.jor.br\/index.php\/2021\/04\/20\/confira-quais-comorbidades-sao-consideradas-pelo-ministerio-da-saude-no-criterio-para-a-aplicacao-da-vacina-contra-a-covid-19\/#article\",\"isPartOf\":{\"@id\":\"https:\/\/www.comunidadeativa.jor.br\/index.php\/2021\/04\/20\/confira-quais-comorbidades-sao-consideradas-pelo-ministerio-da-saude-no-criterio-para-a-aplicacao-da-vacina-contra-a-covid-19\/\"},\"author\":{\"name\":\"Comunidade Ativa\",\"@id\":\"https:\/\/www.comunidadeativa.jor.br\/#\/schema\/person\/dcaa1f1c51c1f0c47a33b2b734cad6e1\"},\"headline\":\"Confira quais comorbidades s\u00e3o consideradas pelo Minist\u00e9rio da Sa\u00fade no crit\u00e9rio para a aplica\u00e7\u00e3o da vacina contra a Covid-19\",\"datePublished\":\"2021-04-20T16:21:35+00:00\",\"dateModified\":\"2023-08-11T21:00:07+00:00\",\"mainEntityOfPage\":{\"@id\":\"https:\/\/www.comunidadeativa.jor.br\/index.php\/2021\/04\/20\/confira-quais-comorbidades-sao-consideradas-pelo-ministerio-da-saude-no-criterio-para-a-aplicacao-da-vacina-contra-a-covid-19\/\"},\"wordCount\":670,\"publisher\":{\"@id\":\"https:\/\/www.comunidadeativa.jor.br\/#organization\"},\"image\":{\"@id\":\"https:\/\/www.comunidadeativa.jor.br\/index.php\/2021\/04\/20\/confira-quais-comorbidades-sao-consideradas-pelo-ministerio-da-saude-no-criterio-para-a-aplicacao-da-vacina-contra-a-covid-19\/#primaryimage\"},\"thumbnailUrl\":\"https:\/\/www.comunidadeativa.jor.br\/wp-content\/uploads\/2021\/04\/capa-13.jpg\",\"articleSection\":[\"Sa\u00fade &amp; Qualidade de Vida\"],\"inLanguage\":\"pt-BR\"},{\"@type\":\"WebPage\",\"@id\":\"https:\/\/www.comunidadeativa.jor.br\/index.php\/2021\/04\/20\/confira-quais-comorbidades-sao-consideradas-pelo-ministerio-da-saude-no-criterio-para-a-aplicacao-da-vacina-contra-a-covid-19\/\",\"url\":\"https:\/\/www.comunidadeativa.jor.br\/index.php\/2021\/04\/20\/confira-quais-comorbidades-sao-consideradas-pelo-ministerio-da-saude-no-criterio-para-a-aplicacao-da-vacina-contra-a-covid-19\/\",\"name\":\"Confira quais comorbidades s\u00e3o consideradas pelo Minist\u00e9rio da Sa\u00fade no crit\u00e9rio para a aplica\u00e7\u00e3o da vacina contra a Covid-19 - Comunidade Ativa\",\"isPartOf\":{\"@id\":\"https:\/\/www.comunidadeativa.jor.br\/#website\"},\"primaryImageOfPage\":{\"@id\":\"https:\/\/www.comunidadeativa.jor.br\/index.php\/2021\/04\/20\/confira-quais-comorbidades-sao-consideradas-pelo-ministerio-da-saude-no-criterio-para-a-aplicacao-da-vacina-contra-a-covid-19\/#primaryimage\"},\"image\":{\"@id\":\"https:\/\/www.comunidadeativa.jor.br\/index.php\/2021\/04\/20\/confira-quais-comorbidades-sao-consideradas-pelo-ministerio-da-saude-no-criterio-para-a-aplicacao-da-vacina-contra-a-covid-19\/#primaryimage\"},\"thumbnailUrl\":\"https:\/\/www.comunidadeativa.jor.br\/wp-content\/uploads\/2021\/04\/capa-13.jpg\",\"datePublished\":\"2021-04-20T16:21:35+00:00\",\"dateModified\":\"2023-08-11T21:00:07+00:00\",\"breadcrumb\":{\"@id\":\"https:\/\/www.comunidadeativa.jor.br\/index.php\/2021\/04\/20\/confira-quais-comorbidades-sao-consideradas-pelo-ministerio-da-saude-no-criterio-para-a-aplicacao-da-vacina-contra-a-covid-19\/#breadcrumb\"},\"inLanguage\":\"pt-BR\",\"potentialAction\":[{\"@type\":\"ReadAction\",\"target\":[\"https:\/\/www.comunidadeativa.jor.br\/index.php\/2021\/04\/20\/confira-quais-comorbidades-sao-consideradas-pelo-ministerio-da-saude-no-criterio-para-a-aplicacao-da-vacina-contra-a-covid-19\/\"]}]},{\"@type\":\"ImageObject\",\"inLanguage\":\"pt-BR\",\"@id\":\"https:\/\/www.comunidadeativa.jor.br\/index.php\/2021\/04\/20\/confira-quais-comorbidades-sao-consideradas-pelo-ministerio-da-saude-no-criterio-para-a-aplicacao-da-vacina-contra-a-covid-19\/#primaryimage\",\"url\":\"https:\/\/www.comunidadeativa.jor.br\/wp-content\/uploads\/2021\/04\/capa-13.jpg\",\"contentUrl\":\"https:\/\/www.comunidadeativa.jor.br\/wp-content\/uploads\/2021\/04\/capa-13.jpg\",\"width\":640,\"height\":352},{\"@type\":\"BreadcrumbList\",\"@id\":\"https:\/\/www.comunidadeativa.jor.br\/index.php\/2021\/04\/20\/confira-quais-comorbidades-sao-consideradas-pelo-ministerio-da-saude-no-criterio-para-a-aplicacao-da-vacina-contra-a-covid-19\/#breadcrumb\",\"itemListElement\":[{\"@type\":\"ListItem\",\"position\":1,\"name\":\"In\u00edcio\",\"item\":\"https:\/\/www.comunidadeativa.jor.br\/\"},{\"@type\":\"ListItem\",\"position\":2,\"name\":\"Confira quais comorbidades s\u00e3o consideradas pelo Minist\u00e9rio da Sa\u00fade no crit\u00e9rio para a aplica\u00e7\u00e3o da vacina contra a Covid-19\"}]},{\"@type\":\"WebSite\",\"@id\":\"https:\/\/www.comunidadeativa.jor.br\/#website\",\"url\":\"https:\/\/www.comunidadeativa.jor.br\/\",\"name\":\"Comunidade Ativa\",\"description\":\"\",\"publisher\":{\"@id\":\"https:\/\/www.comunidadeativa.jor.br\/#organization\"},\"potentialAction\":[{\"@type\":\"SearchAction\",\"target\":{\"@type\":\"EntryPoint\",\"urlTemplate\":\"https:\/\/www.comunidadeativa.jor.br\/?s={search_term_string}\"},\"query-input\":{\"@type\":\"PropertyValueSpecification\",\"valueRequired\":true,\"valueName\":\"search_term_string\"}}],\"inLanguage\":\"pt-BR\"},{\"@type\":\"Organization\",\"@id\":\"https:\/\/www.comunidadeativa.jor.br\/#organization\",\"name\":\"Comunidade Ativa\",\"url\":\"https:\/\/www.comunidadeativa.jor.br\/\",\"logo\":{\"@type\":\"ImageObject\",\"inLanguage\":\"pt-BR\",\"@id\":\"https:\/\/www.comunidadeativa.jor.br\/#\/schema\/logo\/image\/\",\"url\":\"https:\/\/www.comunidadeativa.jor.br\/wp-content\/uploads\/2018\/03\/cropped-LOGOPNG-1.png\",\"contentUrl\":\"https:\/\/www.comunidadeativa.jor.br\/wp-content\/uploads\/2018\/03\/cropped-LOGOPNG-1.png\",\"width\":318,\"height\":90,\"caption\":\"Comunidade Ativa\"},\"image\":{\"@id\":\"https:\/\/www.comunidadeativa.jor.br\/#\/schema\/logo\/image\/\"},\"sameAs\":[\"https:\/\/www.facebook.com\/comunidadeativa\"]},{\"@type\":\"Person\",\"@id\":\"https:\/\/www.comunidadeativa.jor.br\/#\/schema\/person\/dcaa1f1c51c1f0c47a33b2b734cad6e1\",\"name\":\"Comunidade Ativa\",\"image\":{\"@type\":\"ImageObject\",\"inLanguage\":\"pt-BR\",\"@id\":\"https:\/\/www.comunidadeativa.jor.br\/#\/schema\/person\/image\/\",\"url\":\"https:\/\/secure.gravatar.com\/avatar\/09a9a1f85fedf41e81b47f7c1d40084f?s=96&d=mm&r=g\",\"contentUrl\":\"https:\/\/secure.gravatar.com\/avatar\/09a9a1f85fedf41e81b47f7c1d40084f?s=96&d=mm&r=g\",\"caption\":\"Comunidade Ativa\"},\"url\":\"https:\/\/www.comunidadeativa.jor.br\/index.php\/author\/casalberto\/\"}]}<\/script>\n<!-- \/ Yoast SEO plugin. -->","yoast_head_json":{"title":"Confira quais comorbidades s\u00e3o consideradas pelo Minist\u00e9rio da Sa\u00fade no crit\u00e9rio para a aplica\u00e7\u00e3o da vacina contra a Covid-19 - Comunidade Ativa","robots":{"index":"index","follow":"follow","max-snippet":"max-snippet:-1","max-image-preview":"max-image-preview:large","max-video-preview":"max-video-preview:-1"},"canonical":"https:\/\/www.comunidadeativa.jor.br\/index.php\/2021\/04\/20\/confira-quais-comorbidades-sao-consideradas-pelo-ministerio-da-saude-no-criterio-para-a-aplicacao-da-vacina-contra-a-covid-19\/","og_locale":"pt_BR","og_type":"article","og_title":"Confira quais comorbidades s\u00e3o consideradas pelo Minist\u00e9rio da Sa\u00fade no crit\u00e9rio para a aplica\u00e7\u00e3o da vacina contra a Covid-19 - Comunidade Ativa","og_description":"Ainda que com velocidade aqu\u00e9m daquela que a popula\u00e7\u00e3o gostaria, a vacina\u00e7\u00e3o contra a Covid-19 continua avan\u00e7ando no Brasil. Segundo","og_url":"https:\/\/www.comunidadeativa.jor.br\/index.php\/2021\/04\/20\/confira-quais-comorbidades-sao-consideradas-pelo-ministerio-da-saude-no-criterio-para-a-aplicacao-da-vacina-contra-a-covid-19\/","og_site_name":"Comunidade Ativa","article_publisher":"https:\/\/www.facebook.com\/comunidadeativa","article_published_time":"2021-04-20T16:21:35+00:00","article_modified_time":"2023-08-11T21:00:07+00:00","og_image":[{"width":640,"height":352,"url":"https:\/\/www.comunidadeativa.jor.br\/wp-content\/uploads\/2021\/04\/capa-13.jpg","type":"image\/jpeg"}],"author":"Comunidade Ativa","twitter_card":"summary_large_image","twitter_misc":{"Escrito por":"Comunidade Ativa","Est. tempo de leitura":"3 minutos"},"schema":{"@context":"https:\/\/schema.org","@graph":[{"@type":"Article","@id":"https:\/\/www.comunidadeativa.jor.br\/index.php\/2021\/04\/20\/confira-quais-comorbidades-sao-consideradas-pelo-ministerio-da-saude-no-criterio-para-a-aplicacao-da-vacina-contra-a-covid-19\/#article","isPartOf":{"@id":"https:\/\/www.comunidadeativa.jor.br\/index.php\/2021\/04\/20\/confira-quais-comorbidades-sao-consideradas-pelo-ministerio-da-saude-no-criterio-para-a-aplicacao-da-vacina-contra-a-covid-19\/"},"author":{"name":"Comunidade Ativa","@id":"https:\/\/www.comunidadeativa.jor.br\/#\/schema\/person\/dcaa1f1c51c1f0c47a33b2b734cad6e1"},"headline":"Confira quais comorbidades s\u00e3o consideradas pelo Minist\u00e9rio da Sa\u00fade no crit\u00e9rio para a aplica\u00e7\u00e3o da vacina contra a Covid-19","datePublished":"2021-04-20T16:21:35+00:00","dateModified":"2023-08-11T21:00:07+00:00","mainEntityOfPage":{"@id":"https:\/\/www.comunidadeativa.jor.br\/index.php\/2021\/04\/20\/confira-quais-comorbidades-sao-consideradas-pelo-ministerio-da-saude-no-criterio-para-a-aplicacao-da-vacina-contra-a-covid-19\/"},"wordCount":670,"publisher":{"@id":"https:\/\/www.comunidadeativa.jor.br\/#organization"},"image":{"@id":"https:\/\/www.comunidadeativa.jor.br\/index.php\/2021\/04\/20\/confira-quais-comorbidades-sao-consideradas-pelo-ministerio-da-saude-no-criterio-para-a-aplicacao-da-vacina-contra-a-covid-19\/#primaryimage"},"thumbnailUrl":"https:\/\/www.comunidadeativa.jor.br\/wp-content\/uploads\/2021\/04\/capa-13.jpg","articleSection":["Sa\u00fade &amp; Qualidade de Vida"],"inLanguage":"pt-BR"},{"@type":"WebPage","@id":"https:\/\/www.comunidadeativa.jor.br\/index.php\/2021\/04\/20\/confira-quais-comorbidades-sao-consideradas-pelo-ministerio-da-saude-no-criterio-para-a-aplicacao-da-vacina-contra-a-covid-19\/","url":"https:\/\/www.comunidadeativa.jor.br\/index.php\/2021\/04\/20\/confira-quais-comorbidades-sao-consideradas-pelo-ministerio-da-saude-no-criterio-para-a-aplicacao-da-vacina-contra-a-covid-19\/","name":"Confira quais comorbidades s\u00e3o consideradas pelo Minist\u00e9rio da Sa\u00fade no crit\u00e9rio para a aplica\u00e7\u00e3o da vacina contra a Covid-19 - Comunidade Ativa","isPartOf":{"@id":"https:\/\/www.comunidadeativa.jor.br\/#website"},"primaryImageOfPage":{"@id":"https:\/\/www.comunidadeativa.jor.br\/index.php\/2021\/04\/20\/confira-quais-comorbidades-sao-consideradas-pelo-ministerio-da-saude-no-criterio-para-a-aplicacao-da-vacina-contra-a-covid-19\/#primaryimage"},"image":{"@id":"https:\/\/www.comunidadeativa.jor.br\/index.php\/2021\/04\/20\/confira-quais-comorbidades-sao-consideradas-pelo-ministerio-da-saude-no-criterio-para-a-aplicacao-da-vacina-contra-a-covid-19\/#primaryimage"},"thumbnailUrl":"https:\/\/www.comunidadeativa.jor.br\/wp-content\/uploads\/2021\/04\/capa-13.jpg","datePublished":"2021-04-20T16:21:35+00:00","dateModified":"2023-08-11T21:00:07+00:00","breadcrumb":{"@id":"https:\/\/www.comunidadeativa.jor.br\/index.php\/2021\/04\/20\/confira-quais-comorbidades-sao-consideradas-pelo-ministerio-da-saude-no-criterio-para-a-aplicacao-da-vacina-contra-a-covid-19\/#breadcrumb"},"inLanguage":"pt-BR","potentialAction":[{"@type":"ReadAction","target":["https:\/\/www.comunidadeativa.jor.br\/index.php\/2021\/04\/20\/confira-quais-comorbidades-sao-consideradas-pelo-ministerio-da-saude-no-criterio-para-a-aplicacao-da-vacina-contra-a-covid-19\/"]}]},{"@type":"ImageObject","inLanguage":"pt-BR","@id":"https:\/\/www.comunidadeativa.jor.br\/index.php\/2021\/04\/20\/confira-quais-comorbidades-sao-consideradas-pelo-ministerio-da-saude-no-criterio-para-a-aplicacao-da-vacina-contra-a-covid-19\/#primaryimage","url":"https:\/\/www.comunidadeativa.jor.br\/wp-content\/uploads\/2021\/04\/capa-13.jpg","contentUrl":"https:\/\/www.comunidadeativa.jor.br\/wp-content\/uploads\/2021\/04\/capa-13.jpg","width":640,"height":352},{"@type":"BreadcrumbList","@id":"https:\/\/www.comunidadeativa.jor.br\/index.php\/2021\/04\/20\/confira-quais-comorbidades-sao-consideradas-pelo-ministerio-da-saude-no-criterio-para-a-aplicacao-da-vacina-contra-a-covid-19\/#breadcrumb","itemListElement":[{"@type":"ListItem","position":1,"name":"In\u00edcio","item":"https:\/\/www.comunidadeativa.jor.br\/"},{"@type":"ListItem","position":2,"name":"Confira quais comorbidades s\u00e3o consideradas pelo Minist\u00e9rio da Sa\u00fade no crit\u00e9rio para a aplica\u00e7\u00e3o da vacina contra a Covid-19"}]},{"@type":"WebSite","@id":"https:\/\/www.comunidadeativa.jor.br\/#website","url":"https:\/\/www.comunidadeativa.jor.br\/","name":"Comunidade Ativa","description":"","publisher":{"@id":"https:\/\/www.comunidadeativa.jor.br\/#organization"},"potentialAction":[{"@type":"SearchAction","target":{"@type":"EntryPoint","urlTemplate":"https:\/\/www.comunidadeativa.jor.br\/?s={search_term_string}"},"query-input":{"@type":"PropertyValueSpecification","valueRequired":true,"valueName":"search_term_string"}}],"inLanguage":"pt-BR"},{"@type":"Organization","@id":"https:\/\/www.comunidadeativa.jor.br\/#organization","name":"Comunidade Ativa","url":"https:\/\/www.comunidadeativa.jor.br\/","logo":{"@type":"ImageObject","inLanguage":"pt-BR","@id":"https:\/\/www.comunidadeativa.jor.br\/#\/schema\/logo\/image\/","url":"https:\/\/www.comunidadeativa.jor.br\/wp-content\/uploads\/2018\/03\/cropped-LOGOPNG-1.png","contentUrl":"https:\/\/www.comunidadeativa.jor.br\/wp-content\/uploads\/2018\/03\/cropped-LOGOPNG-1.png","width":318,"height":90,"caption":"Comunidade Ativa"},"image":{"@id":"https:\/\/www.comunidadeativa.jor.br\/#\/schema\/logo\/image\/"},"sameAs":["https:\/\/www.facebook.com\/comunidadeativa"]},{"@type":"Person","@id":"https:\/\/www.comunidadeativa.jor.br\/#\/schema\/person\/dcaa1f1c51c1f0c47a33b2b734cad6e1","name":"Comunidade Ativa","image":{"@type":"ImageObject","inLanguage":"pt-BR","@id":"https:\/\/www.comunidadeativa.jor.br\/#\/schema\/person\/image\/","url":"https:\/\/secure.gravatar.com\/avatar\/09a9a1f85fedf41e81b47f7c1d40084f?s=96&d=mm&r=g","contentUrl":"https:\/\/secure.gravatar.com\/avatar\/09a9a1f85fedf41e81b47f7c1d40084f?s=96&d=mm&r=g","caption":"Comunidade Ativa"},"url":"https:\/\/www.comunidadeativa.jor.br\/index.php\/author\/casalberto\/"}]}},"_links":{"self":[{"href":"https:\/\/www.comunidadeativa.jor.br\/index.php\/wp-json\/wp\/v2\/posts\/1979","targetHints":{"allow":["GET"]}}],"collection":[{"href":"https:\/\/www.comunidadeativa.jor.br\/index.php\/wp-json\/wp\/v2\/posts"}],"about":[{"href":"https:\/\/www.comunidadeativa.jor.br\/index.php\/wp-json\/wp\/v2\/types\/post"}],"author":[{"embeddable":true,"href":"https:\/\/www.comunidadeativa.jor.br\/index.php\/wp-json\/wp\/v2\/users\/1"}],"replies":[{"embeddable":true,"href":"https:\/\/www.comunidadeativa.jor.br\/index.php\/wp-json\/wp\/v2\/comments?post=1979"}],"version-history":[{"count":2,"href":"https:\/\/www.comunidadeativa.jor.br\/index.php\/wp-json\/wp\/v2\/posts\/1979\/revisions"}],"predecessor-version":[{"id":3825,"href":"https:\/\/www.comunidadeativa.jor.br\/index.php\/wp-json\/wp\/v2\/posts\/1979\/revisions\/3825"}],"wp:featuredmedia":[{"embeddable":true,"href":"https:\/\/www.comunidadeativa.jor.br\/index.php\/wp-json\/wp\/v2\/media\/1981"}],"wp:attachment":[{"href":"https:\/\/www.comunidadeativa.jor.br\/index.php\/wp-json\/wp\/v2\/media?parent=1979"}],"wp:term":[{"taxonomy":"category","embeddable":true,"href":"https:\/\/www.comunidadeativa.jor.br\/index.php\/wp-json\/wp\/v2\/categories?post=1979"},{"taxonomy":"post_tag","embeddable":true,"href":"https:\/\/www.comunidadeativa.jor.br\/index.php\/wp-json\/wp\/v2\/tags?post=1979"}],"curies":[{"name":"wp","href":"https:\/\/api.w.org\/{rel}","templated":true}]}}