{"id":1998,"date":"2021-04-26T10:00:01","date_gmt":"2021-04-26T13:00:01","guid":{"rendered":"https:\/\/www.comunidadeativa.jor.br\/?p=1998"},"modified":"2023-08-11T18:00:36","modified_gmt":"2023-08-11T21:00:36","slug":"campanha-doe-cobertores-da-amoran-comeca-nessa-segunda-participe","status":"publish","type":"post","link":"https:\/\/www.comunidadeativa.jor.br\/index.php\/2021\/04\/26\/campanha-doe-cobertores-da-amoran-comeca-nessa-segunda-participe\/","title":{"rendered":"Campanha Doe Cobertores, da Amoran, come\u00e7a nessa segunda! Participe!"},"content":{"rendered":"<p>Come\u00e7a nesta segunda-feira, 26, a campanha Doe Cobertores, da Amoran, que tem como objetivo antecipar a coleta de doa\u00e7\u00f5es para o inverno e direcion\u00e1-las para quem mais precisa. \u201cEstamos iniciando a a\u00e7\u00e3o com anteced\u00eancia justamente para evitar que a parcela da popula\u00e7\u00e3o em situa\u00e7\u00e3o de rua que conseguirmos atender ou mesmo os moradores de comunidades que estejam enfrentando maior dificuldade no momento ainda tenham que passar frio, quando o inverno chegar. &#8220;Fazendo a coleta agora ser\u00e1 poss\u00edvel distribuir os cobertores no momento correto, aliviando um pouco o sofrimento desse pessoal que, com ou sem pandemia, est\u00e1 sempre em dificuldade\u201d, considera Carlos Alberto Rocha, presidente da Amoran.<\/p>\n<h5>Tradi\u00e7\u00e3o<\/h5>\n<p>Carlos Alberto destaca que esta \u00e9 uma iniciativa que vai ao encontro da tradi\u00e7\u00e3o da Associa\u00e7\u00e3o de mobilizar a comunidade dos bairros Anchieta, Cruzeiro, Carmo, Comiteco e Sion em torno de a\u00e7\u00f5es que possam minimizar as dificuldades que as pessoas mais pobres costumam enfrentar. \u201cRecebemos essa convoca\u00e7\u00e3o de uma apoiadora da Amoran, a C\u00e1ssia Duarte, e prontamente a acatamos. De fato, n\u00e3o est\u00e1 ao nosso alcance solucionar as mis\u00e9rias que a popula\u00e7\u00e3o pobre \u00e9 obrigada a enfrentar. Por\u00e9m, n\u00f3s podemos acionar as pessoas que est\u00e3o pr\u00f3ximas a n\u00f3s e que t\u00eam disposi\u00e7\u00e3o para ajudar e n\u00e3o nos furtamos a fazer isso. Felizmente, em todas as ocasi\u00f5es que assumimos esse posicionamento fomos muito bem sucedidos e conseguimos levar algum alento para os menos favorecidos\u201d, destaca o presidente.<\/p>\n<p>De fato, historicamente a Amoran se empenha em campanhas dessa natureza. Em v\u00e1rias ocasi\u00f5es foram feitas coletas de doa\u00e7\u00f5es para atender fam\u00edlias que sofreram perdas com as chuvas de ver\u00e3o e, por mais de um ano, foram coletadas chapas de Raio-X, doadas a Santa Casa de Belo Horizonte, que, por sua vez, vende o material para a reciclagem. &#8220;Mais recentemente, em 2020, a Amoran conseguiu angariar recursos suficientes para atender a 80 fam\u00edlias das vilas Acaba Mundo, no Sion, e Pindura Saia, no Cruzeiro, com a doa\u00e7\u00e3o de botij\u00f5es de g\u00e1s. N\u00f3s ficamos muito contentes por perceber que n\u00e3o falta solidariedade em nossa regi\u00e3o. Sempre que acionamos a nossa comunidade ela responde com generosidade e acreditamos de que desta vez n\u00e3o ser\u00e1 diferente\u201d, diz Carlos Alberto.<\/p>\n<h5>Direcionamento<\/h5>\n<p>Parte do material coletado ser\u00e1 distribu\u00eddo para fam\u00edlias que vivam em comunidades carentes, enquanto outra parte ser\u00e1 entregue a ONGs que atuam junto \u00e0 popula\u00e7\u00e3o em situa\u00e7\u00e3o de rua. \u201cCom o tempo, fomos adquirindo pr\u00e1tica nesse tipo de a\u00e7\u00e3o e percebemos que o que podemos fazer de melhor \u00e9 coletar as doa\u00e7\u00f5es. Disponibilizando a Amoran como um ponto de recebimento dos materiais facilitamos a vida de quem mora ou trabalha por perto e se solidariza com o pr\u00f3ximo, mas nem sempre tem tempo ou facilidade para agir. A etapa da distribui\u00e7\u00e3o ocorre de forma mais eficaz quando \u00e9 feita por quem est\u00e1 pr\u00f3ximo de quem precisa ou que \u00e9 especializado na assist\u00eancia social\u201d, destaca Carlos Alberto.<\/p>\n<p>De acordo com o presidente, nas campanhas voltadas para os afetados pela chuva, por exemplo, a Amoran encaminhou o material coletado para o Corpo de Bombeiros, que, por sua vez, direcionou as doa\u00e7\u00f5es para a Coordenadoria Estadual de Defesa Civil de Minas Gerais (Cedec). \u201cA distribui\u00e7\u00e3o dos botij\u00f5es de g\u00e1s foi feita pelas associa\u00e7\u00f5es de moradores das vilas contempladas. Agiremos da mesma forma com os cobertores. Assim, ficamos seguros de que o material chegar\u00e1 a quem de fato precisa\u201d, diz Carlos Alberto.<\/p>\n<h5>Novos ou em estado de novo, higienizados e embalados<\/h5>\n<p>As doa\u00e7\u00f5es poder\u00e3o ser entregues de segunda a sexta-feira, no hor\u00e1rio de funcionamento da Amoran, que \u00e9 de 10h \u00e0s 12h e de 14h \u00e0s 16h. \u201cPedimos encarecidamente \u00e0s pessoas que adiram a esta a\u00e7\u00e3o para que fa\u00e7am doa\u00e7\u00f5es de cobertores novos ou de usados que estejam em bom estado e devidamente higienizados e embalados. Isso n\u00e3o s\u00f3 facilita a log\u00edstica de distribui\u00e7\u00e3o como tamb\u00e9m demonstra uma considera\u00e7\u00e3o a mais pela pessoa que for usar o coberto. Al\u00e9m de aquecer o corpo de quem precisa tamb\u00e9m \u00e9 necess\u00e1rio valorizar a dignidade dessas pessoas. Em nome de todas elas, j\u00e1 antecipo o agradecimento\u201d, conclui Carlos Alberto.<\/p>\n<p>&nbsp;<\/p>\n","protected":false},"excerpt":{"rendered":"<p>Come\u00e7a nesta segunda-feira, 26, a campanha Doe Cobertores, da Amoran, que tem como objetivo antecipar a coleta de doa\u00e7\u00f5es para<\/p>\n","protected":false},"author":1,"featured_media":1999,"comment_status":"closed","ping_status":"open","sticky":false,"template":"","format":"standard","meta":{"footnotes":""},"categories":[12],"tags":[],"class_list":["post-1998","post","type-post","status-publish","format-standard","has-post-thumbnail","hentry","category-cidadania"],"yoast_head":"<!-- This site is optimized with the Yoast SEO plugin v26.0 - https:\/\/yoast.com\/wordpress\/plugins\/seo\/ -->\n<title>Campanha Doe Cobertores, da Amoran, come\u00e7a nessa segunda! Participe! - Comunidade Ativa<\/title>\n<meta name=\"robots\" content=\"index, follow, max-snippet:-1, max-image-preview:large, max-video-preview:-1\" \/>\n<link rel=\"canonical\" href=\"https:\/\/www.comunidadeativa.jor.br\/index.php\/2021\/04\/26\/campanha-doe-cobertores-da-amoran-comeca-nessa-segunda-participe\/\" \/>\n<meta property=\"og:locale\" content=\"pt_BR\" \/>\n<meta property=\"og:type\" content=\"article\" \/>\n<meta property=\"og:title\" content=\"Campanha Doe Cobertores, da Amoran, come\u00e7a nessa segunda! Participe! - Comunidade Ativa\" \/>\n<meta property=\"og:description\" content=\"Come\u00e7a nesta segunda-feira, 26, a campanha Doe Cobertores, da Amoran, que tem como objetivo antecipar a coleta de doa\u00e7\u00f5es para\" \/>\n<meta property=\"og:url\" content=\"https:\/\/www.comunidadeativa.jor.br\/index.php\/2021\/04\/26\/campanha-doe-cobertores-da-amoran-comeca-nessa-segunda-participe\/\" \/>\n<meta property=\"og:site_name\" content=\"Comunidade Ativa\" \/>\n<meta property=\"article:publisher\" content=\"https:\/\/www.facebook.com\/comunidadeativa\" \/>\n<meta property=\"article:published_time\" content=\"2021-04-26T13:00:01+00:00\" \/>\n<meta property=\"article:modified_time\" content=\"2023-08-11T21:00:36+00:00\" \/>\n<meta property=\"og:image\" content=\"https:\/\/www.comunidadeativa.jor.br\/wp-content\/uploads\/2021\/04\/capa-18.jpg\" \/>\n\t<meta property=\"og:image:width\" content=\"640\" \/>\n\t<meta property=\"og:image:height\" content=\"352\" \/>\n\t<meta property=\"og:image:type\" content=\"image\/jpeg\" \/>\n<meta name=\"author\" content=\"Comunidade Ativa\" \/>\n<meta name=\"twitter:card\" content=\"summary_large_image\" \/>\n<meta name=\"twitter:label1\" content=\"Escrito por\" \/>\n\t<meta name=\"twitter:data1\" content=\"Comunidade Ativa\" \/>\n\t<meta name=\"twitter:label2\" content=\"Est. tempo de leitura\" \/>\n\t<meta name=\"twitter:data2\" content=\"4 minutos\" \/>\n<script type=\"application\/ld+json\" class=\"yoast-schema-graph\">{\"@context\":\"https:\/\/schema.org\",\"@graph\":[{\"@type\":\"Article\",\"@id\":\"https:\/\/www.comunidadeativa.jor.br\/index.php\/2021\/04\/26\/campanha-doe-cobertores-da-amoran-comeca-nessa-segunda-participe\/#article\",\"isPartOf\":{\"@id\":\"https:\/\/www.comunidadeativa.jor.br\/index.php\/2021\/04\/26\/campanha-doe-cobertores-da-amoran-comeca-nessa-segunda-participe\/\"},\"author\":{\"name\":\"Comunidade Ativa\",\"@id\":\"https:\/\/www.comunidadeativa.jor.br\/#\/schema\/person\/dcaa1f1c51c1f0c47a33b2b734cad6e1\"},\"headline\":\"Campanha Doe Cobertores, da Amoran, come\u00e7a nessa segunda! Participe!\",\"datePublished\":\"2021-04-26T13:00:01+00:00\",\"dateModified\":\"2023-08-11T21:00:36+00:00\",\"mainEntityOfPage\":{\"@id\":\"https:\/\/www.comunidadeativa.jor.br\/index.php\/2021\/04\/26\/campanha-doe-cobertores-da-amoran-comeca-nessa-segunda-participe\/\"},\"wordCount\":741,\"publisher\":{\"@id\":\"https:\/\/www.comunidadeativa.jor.br\/#organization\"},\"image\":{\"@id\":\"https:\/\/www.comunidadeativa.jor.br\/index.php\/2021\/04\/26\/campanha-doe-cobertores-da-amoran-comeca-nessa-segunda-participe\/#primaryimage\"},\"thumbnailUrl\":\"https:\/\/www.comunidadeativa.jor.br\/wp-content\/uploads\/2021\/04\/capa-18.jpg\",\"articleSection\":[\"Cidadania\"],\"inLanguage\":\"pt-BR\"},{\"@type\":\"WebPage\",\"@id\":\"https:\/\/www.comunidadeativa.jor.br\/index.php\/2021\/04\/26\/campanha-doe-cobertores-da-amoran-comeca-nessa-segunda-participe\/\",\"url\":\"https:\/\/www.comunidadeativa.jor.br\/index.php\/2021\/04\/26\/campanha-doe-cobertores-da-amoran-comeca-nessa-segunda-participe\/\",\"name\":\"Campanha Doe Cobertores, da Amoran, come\u00e7a nessa segunda! Participe! - Comunidade Ativa\",\"isPartOf\":{\"@id\":\"https:\/\/www.comunidadeativa.jor.br\/#website\"},\"primaryImageOfPage\":{\"@id\":\"https:\/\/www.comunidadeativa.jor.br\/index.php\/2021\/04\/26\/campanha-doe-cobertores-da-amoran-comeca-nessa-segunda-participe\/#primaryimage\"},\"image\":{\"@id\":\"https:\/\/www.comunidadeativa.jor.br\/index.php\/2021\/04\/26\/campanha-doe-cobertores-da-amoran-comeca-nessa-segunda-participe\/#primaryimage\"},\"thumbnailUrl\":\"https:\/\/www.comunidadeativa.jor.br\/wp-content\/uploads\/2021\/04\/capa-18.jpg\",\"datePublished\":\"2021-04-26T13:00:01+00:00\",\"dateModified\":\"2023-08-11T21:00:36+00:00\",\"breadcrumb\":{\"@id\":\"https:\/\/www.comunidadeativa.jor.br\/index.php\/2021\/04\/26\/campanha-doe-cobertores-da-amoran-comeca-nessa-segunda-participe\/#breadcrumb\"},\"inLanguage\":\"pt-BR\",\"potentialAction\":[{\"@type\":\"ReadAction\",\"target\":[\"https:\/\/www.comunidadeativa.jor.br\/index.php\/2021\/04\/26\/campanha-doe-cobertores-da-amoran-comeca-nessa-segunda-participe\/\"]}]},{\"@type\":\"ImageObject\",\"inLanguage\":\"pt-BR\",\"@id\":\"https:\/\/www.comunidadeativa.jor.br\/index.php\/2021\/04\/26\/campanha-doe-cobertores-da-amoran-comeca-nessa-segunda-participe\/#primaryimage\",\"url\":\"https:\/\/www.comunidadeativa.jor.br\/wp-content\/uploads\/2021\/04\/capa-18.jpg\",\"contentUrl\":\"https:\/\/www.comunidadeativa.jor.br\/wp-content\/uploads\/2021\/04\/capa-18.jpg\",\"width\":640,\"height\":352},{\"@type\":\"BreadcrumbList\",\"@id\":\"https:\/\/www.comunidadeativa.jor.br\/index.php\/2021\/04\/26\/campanha-doe-cobertores-da-amoran-comeca-nessa-segunda-participe\/#breadcrumb\",\"itemListElement\":[{\"@type\":\"ListItem\",\"position\":1,\"name\":\"In\u00edcio\",\"item\":\"https:\/\/www.comunidadeativa.jor.br\/\"},{\"@type\":\"ListItem\",\"position\":2,\"name\":\"Campanha Doe Cobertores, da Amoran, come\u00e7a nessa segunda! Participe!\"}]},{\"@type\":\"WebSite\",\"@id\":\"https:\/\/www.comunidadeativa.jor.br\/#website\",\"url\":\"https:\/\/www.comunidadeativa.jor.br\/\",\"name\":\"Comunidade Ativa\",\"description\":\"\",\"publisher\":{\"@id\":\"https:\/\/www.comunidadeativa.jor.br\/#organization\"},\"potentialAction\":[{\"@type\":\"SearchAction\",\"target\":{\"@type\":\"EntryPoint\",\"urlTemplate\":\"https:\/\/www.comunidadeativa.jor.br\/?s={search_term_string}\"},\"query-input\":{\"@type\":\"PropertyValueSpecification\",\"valueRequired\":true,\"valueName\":\"search_term_string\"}}],\"inLanguage\":\"pt-BR\"},{\"@type\":\"Organization\",\"@id\":\"https:\/\/www.comunidadeativa.jor.br\/#organization\",\"name\":\"Comunidade Ativa\",\"url\":\"https:\/\/www.comunidadeativa.jor.br\/\",\"logo\":{\"@type\":\"ImageObject\",\"inLanguage\":\"pt-BR\",\"@id\":\"https:\/\/www.comunidadeativa.jor.br\/#\/schema\/logo\/image\/\",\"url\":\"https:\/\/www.comunidadeativa.jor.br\/wp-content\/uploads\/2018\/03\/cropped-LOGOPNG-1.png\",\"contentUrl\":\"https:\/\/www.comunidadeativa.jor.br\/wp-content\/uploads\/2018\/03\/cropped-LOGOPNG-1.png\",\"width\":318,\"height\":90,\"caption\":\"Comunidade Ativa\"},\"image\":{\"@id\":\"https:\/\/www.comunidadeativa.jor.br\/#\/schema\/logo\/image\/\"},\"sameAs\":[\"https:\/\/www.facebook.com\/comunidadeativa\"]},{\"@type\":\"Person\",\"@id\":\"https:\/\/www.comunidadeativa.jor.br\/#\/schema\/person\/dcaa1f1c51c1f0c47a33b2b734cad6e1\",\"name\":\"Comunidade Ativa\",\"image\":{\"@type\":\"ImageObject\",\"inLanguage\":\"pt-BR\",\"@id\":\"https:\/\/www.comunidadeativa.jor.br\/#\/schema\/person\/image\/\",\"url\":\"https:\/\/secure.gravatar.com\/avatar\/09a9a1f85fedf41e81b47f7c1d40084f?s=96&d=mm&r=g\",\"contentUrl\":\"https:\/\/secure.gravatar.com\/avatar\/09a9a1f85fedf41e81b47f7c1d40084f?s=96&d=mm&r=g\",\"caption\":\"Comunidade Ativa\"},\"url\":\"https:\/\/www.comunidadeativa.jor.br\/index.php\/author\/casalberto\/\"}]}<\/script>\n<!-- \/ Yoast SEO plugin. -->","yoast_head_json":{"title":"Campanha Doe Cobertores, da Amoran, come\u00e7a nessa segunda! Participe! - Comunidade Ativa","robots":{"index":"index","follow":"follow","max-snippet":"max-snippet:-1","max-image-preview":"max-image-preview:large","max-video-preview":"max-video-preview:-1"},"canonical":"https:\/\/www.comunidadeativa.jor.br\/index.php\/2021\/04\/26\/campanha-doe-cobertores-da-amoran-comeca-nessa-segunda-participe\/","og_locale":"pt_BR","og_type":"article","og_title":"Campanha Doe Cobertores, da Amoran, come\u00e7a nessa segunda! Participe! - Comunidade Ativa","og_description":"Come\u00e7a nesta segunda-feira, 26, a campanha Doe Cobertores, da Amoran, que tem como objetivo antecipar a coleta de doa\u00e7\u00f5es para","og_url":"https:\/\/www.comunidadeativa.jor.br\/index.php\/2021\/04\/26\/campanha-doe-cobertores-da-amoran-comeca-nessa-segunda-participe\/","og_site_name":"Comunidade Ativa","article_publisher":"https:\/\/www.facebook.com\/comunidadeativa","article_published_time":"2021-04-26T13:00:01+00:00","article_modified_time":"2023-08-11T21:00:36+00:00","og_image":[{"width":640,"height":352,"url":"https:\/\/www.comunidadeativa.jor.br\/wp-content\/uploads\/2021\/04\/capa-18.jpg","type":"image\/jpeg"}],"author":"Comunidade Ativa","twitter_card":"summary_large_image","twitter_misc":{"Escrito por":"Comunidade Ativa","Est. tempo de leitura":"4 minutos"},"schema":{"@context":"https:\/\/schema.org","@graph":[{"@type":"Article","@id":"https:\/\/www.comunidadeativa.jor.br\/index.php\/2021\/04\/26\/campanha-doe-cobertores-da-amoran-comeca-nessa-segunda-participe\/#article","isPartOf":{"@id":"https:\/\/www.comunidadeativa.jor.br\/index.php\/2021\/04\/26\/campanha-doe-cobertores-da-amoran-comeca-nessa-segunda-participe\/"},"author":{"name":"Comunidade Ativa","@id":"https:\/\/www.comunidadeativa.jor.br\/#\/schema\/person\/dcaa1f1c51c1f0c47a33b2b734cad6e1"},"headline":"Campanha Doe Cobertores, da Amoran, come\u00e7a nessa segunda! Participe!","datePublished":"2021-04-26T13:00:01+00:00","dateModified":"2023-08-11T21:00:36+00:00","mainEntityOfPage":{"@id":"https:\/\/www.comunidadeativa.jor.br\/index.php\/2021\/04\/26\/campanha-doe-cobertores-da-amoran-comeca-nessa-segunda-participe\/"},"wordCount":741,"publisher":{"@id":"https:\/\/www.comunidadeativa.jor.br\/#organization"},"image":{"@id":"https:\/\/www.comunidadeativa.jor.br\/index.php\/2021\/04\/26\/campanha-doe-cobertores-da-amoran-comeca-nessa-segunda-participe\/#primaryimage"},"thumbnailUrl":"https:\/\/www.comunidadeativa.jor.br\/wp-content\/uploads\/2021\/04\/capa-18.jpg","articleSection":["Cidadania"],"inLanguage":"pt-BR"},{"@type":"WebPage","@id":"https:\/\/www.comunidadeativa.jor.br\/index.php\/2021\/04\/26\/campanha-doe-cobertores-da-amoran-comeca-nessa-segunda-participe\/","url":"https:\/\/www.comunidadeativa.jor.br\/index.php\/2021\/04\/26\/campanha-doe-cobertores-da-amoran-comeca-nessa-segunda-participe\/","name":"Campanha Doe Cobertores, da Amoran, come\u00e7a nessa segunda! Participe! - Comunidade Ativa","isPartOf":{"@id":"https:\/\/www.comunidadeativa.jor.br\/#website"},"primaryImageOfPage":{"@id":"https:\/\/www.comunidadeativa.jor.br\/index.php\/2021\/04\/26\/campanha-doe-cobertores-da-amoran-comeca-nessa-segunda-participe\/#primaryimage"},"image":{"@id":"https:\/\/www.comunidadeativa.jor.br\/index.php\/2021\/04\/26\/campanha-doe-cobertores-da-amoran-comeca-nessa-segunda-participe\/#primaryimage"},"thumbnailUrl":"https:\/\/www.comunidadeativa.jor.br\/wp-content\/uploads\/2021\/04\/capa-18.jpg","datePublished":"2021-04-26T13:00:01+00:00","dateModified":"2023-08-11T21:00:36+00:00","breadcrumb":{"@id":"https:\/\/www.comunidadeativa.jor.br\/index.php\/2021\/04\/26\/campanha-doe-cobertores-da-amoran-comeca-nessa-segunda-participe\/#breadcrumb"},"inLanguage":"pt-BR","potentialAction":[{"@type":"ReadAction","target":["https:\/\/www.comunidadeativa.jor.br\/index.php\/2021\/04\/26\/campanha-doe-cobertores-da-amoran-comeca-nessa-segunda-participe\/"]}]},{"@type":"ImageObject","inLanguage":"pt-BR","@id":"https:\/\/www.comunidadeativa.jor.br\/index.php\/2021\/04\/26\/campanha-doe-cobertores-da-amoran-comeca-nessa-segunda-participe\/#primaryimage","url":"https:\/\/www.comunidadeativa.jor.br\/wp-content\/uploads\/2021\/04\/capa-18.jpg","contentUrl":"https:\/\/www.comunidadeativa.jor.br\/wp-content\/uploads\/2021\/04\/capa-18.jpg","width":640,"height":352},{"@type":"BreadcrumbList","@id":"https:\/\/www.comunidadeativa.jor.br\/index.php\/2021\/04\/26\/campanha-doe-cobertores-da-amoran-comeca-nessa-segunda-participe\/#breadcrumb","itemListElement":[{"@type":"ListItem","position":1,"name":"In\u00edcio","item":"https:\/\/www.comunidadeativa.jor.br\/"},{"@type":"ListItem","position":2,"name":"Campanha Doe Cobertores, da Amoran, come\u00e7a nessa segunda! Participe!"}]},{"@type":"WebSite","@id":"https:\/\/www.comunidadeativa.jor.br\/#website","url":"https:\/\/www.comunidadeativa.jor.br\/","name":"Comunidade Ativa","description":"","publisher":{"@id":"https:\/\/www.comunidadeativa.jor.br\/#organization"},"potentialAction":[{"@type":"SearchAction","target":{"@type":"EntryPoint","urlTemplate":"https:\/\/www.comunidadeativa.jor.br\/?s={search_term_string}"},"query-input":{"@type":"PropertyValueSpecification","valueRequired":true,"valueName":"search_term_string"}}],"inLanguage":"pt-BR"},{"@type":"Organization","@id":"https:\/\/www.comunidadeativa.jor.br\/#organization","name":"Comunidade Ativa","url":"https:\/\/www.comunidadeativa.jor.br\/","logo":{"@type":"ImageObject","inLanguage":"pt-BR","@id":"https:\/\/www.comunidadeativa.jor.br\/#\/schema\/logo\/image\/","url":"https:\/\/www.comunidadeativa.jor.br\/wp-content\/uploads\/2018\/03\/cropped-LOGOPNG-1.png","contentUrl":"https:\/\/www.comunidadeativa.jor.br\/wp-content\/uploads\/2018\/03\/cropped-LOGOPNG-1.png","width":318,"height":90,"caption":"Comunidade Ativa"},"image":{"@id":"https:\/\/www.comunidadeativa.jor.br\/#\/schema\/logo\/image\/"},"sameAs":["https:\/\/www.facebook.com\/comunidadeativa"]},{"@type":"Person","@id":"https:\/\/www.comunidadeativa.jor.br\/#\/schema\/person\/dcaa1f1c51c1f0c47a33b2b734cad6e1","name":"Comunidade Ativa","image":{"@type":"ImageObject","inLanguage":"pt-BR","@id":"https:\/\/www.comunidadeativa.jor.br\/#\/schema\/person\/image\/","url":"https:\/\/secure.gravatar.com\/avatar\/09a9a1f85fedf41e81b47f7c1d40084f?s=96&d=mm&r=g","contentUrl":"https:\/\/secure.gravatar.com\/avatar\/09a9a1f85fedf41e81b47f7c1d40084f?s=96&d=mm&r=g","caption":"Comunidade Ativa"},"url":"https:\/\/www.comunidadeativa.jor.br\/index.php\/author\/casalberto\/"}]}},"_links":{"self":[{"href":"https:\/\/www.comunidadeativa.jor.br\/index.php\/wp-json\/wp\/v2\/posts\/1998","targetHints":{"allow":["GET"]}}],"collection":[{"href":"https:\/\/www.comunidadeativa.jor.br\/index.php\/wp-json\/wp\/v2\/posts"}],"about":[{"href":"https:\/\/www.comunidadeativa.jor.br\/index.php\/wp-json\/wp\/v2\/types\/post"}],"author":[{"embeddable":true,"href":"https:\/\/www.comunidadeativa.jor.br\/index.php\/wp-json\/wp\/v2\/users\/1"}],"replies":[{"embeddable":true,"href":"https:\/\/www.comunidadeativa.jor.br\/index.php\/wp-json\/wp\/v2\/comments?post=1998"}],"version-history":[{"count":2,"href":"https:\/\/www.comunidadeativa.jor.br\/index.php\/wp-json\/wp\/v2\/posts\/1998\/revisions"}],"predecessor-version":[{"id":3827,"href":"https:\/\/www.comunidadeativa.jor.br\/index.php\/wp-json\/wp\/v2\/posts\/1998\/revisions\/3827"}],"wp:featuredmedia":[{"embeddable":true,"href":"https:\/\/www.comunidadeativa.jor.br\/index.php\/wp-json\/wp\/v2\/media\/1999"}],"wp:attachment":[{"href":"https:\/\/www.comunidadeativa.jor.br\/index.php\/wp-json\/wp\/v2\/media?parent=1998"}],"wp:term":[{"taxonomy":"category","embeddable":true,"href":"https:\/\/www.comunidadeativa.jor.br\/index.php\/wp-json\/wp\/v2\/categories?post=1998"},{"taxonomy":"post_tag","embeddable":true,"href":"https:\/\/www.comunidadeativa.jor.br\/index.php\/wp-json\/wp\/v2\/tags?post=1998"}],"curies":[{"name":"wp","href":"https:\/\/api.w.org\/{rel}","templated":true}]}}