{"id":2001,"date":"2021-04-28T10:00:00","date_gmt":"2021-04-28T13:00:00","guid":{"rendered":"https:\/\/www.comunidadeativa.jor.br\/?p=2001"},"modified":"2023-08-11T18:01:08","modified_gmt":"2023-08-11T21:01:08","slug":"a-agua-fluoretada-no-combate-as-caries","status":"publish","type":"post","link":"https:\/\/www.comunidadeativa.jor.br\/index.php\/2021\/04\/28\/a-agua-fluoretada-no-combate-as-caries\/","title":{"rendered":"A \u00e1gua fluoretada no combate \u00e0s c\u00e1ries"},"content":{"rendered":"<p>Na primeira metade do s\u00e9culo 19, estudos j\u00e1 indicavam haver uma conex\u00e3o entre a presen\u00e7a do fl\u00faor com a redu\u00e7\u00e3o da incid\u00eancia de c\u00e1ries. Por\u00e9m, foi somente no final dos anos 1930 que esta rela\u00e7\u00e3o passou a ser levada mais a s\u00e9rio pelas autoridades de sa\u00fade p\u00fablica dos Estados Unidos, que se viram diante das conclus\u00f5es das pesquisas desenvolvidas pelo dentista Henry Trendley Dean.<\/p>\n<h5>Do preju\u00edzo ao benef\u00edcio<\/h5>\n<p>\u00c9 interessante observar que Dean, que mais tarde se tornaria \u00a0diretor do Instituto Nacional de Pesquisas Odontol\u00f3gicas norte-americano, iniciou suas investiga\u00e7\u00f5es procurando compreender quais danos a chamada <a href=\"https:\/\/www.saudebemestar.pt\/pt\/medicina\/dentaria\/fluorose\/#:~:text=A%20fluorose%20dent%C3%A1ria%20%C3%A9%20uma,manchas%20e%2Fou%20defeitos%20anat%C3%B3micos.\" target=\"_blank\" rel=\"noopener\"><em>fluorose dent\u00e1ria<\/em><\/a> \u2014 doen\u00e7a provocada pelo excesso de fl\u00faor na dieta do paciente \u2014 causava sobre a denti\u00e7\u00e3o. Contudo, como resultado, o dentista acabou percebendo quais seriam as dosagens ideais da ingest\u00e3o de fl\u00faor para que a c\u00e1rie dent\u00e1ria fosse evitada.<\/p>\n<p>Em 1945, a cidade de <a href=\"http:\/\/cienciaecultura.bvs.br\/scielo.php?script=sci_arttext&amp;pid=S0009-67252015000200004\" target=\"_blank\" rel=\"noopener\">Grand Rapids, no estado norte-americano do Michingan, se tornaria a primeira a do mundo a fornecer \u00e0 popula\u00e7\u00e3o a \u00e1gua fluoretada artificialmente<\/a>. Em 1951, a fluoreta\u00e7\u00e3o da \u00e1gua se tornaria uma pol\u00edtica de sa\u00fade p\u00fablica do governo dos Estados Unidos.<\/p>\n<h5>No Brasil \u00e9 lei<\/h5>\n<p>No Brasil o processo come\u00e7ou a ser adotado em 1953, na cidade de Baixo Guandu, no Esp\u00edrito Santo. Por\u00e9m, somente em 1974, por for\u00e7a da <a href=\"http:\/\/www.planalto.gov.br\/ccivil_03\/leis\/l6050.htm\" target=\"_blank\" rel=\"noopener\">Lei Federal n\u00ba 6.050<\/a>, a fluoreta\u00e7\u00e3o passou a ser obrigat\u00f3ria no pa\u00eds naqueles munic\u00edpios que disp\u00f5em de tratamento de \u00e1gua. Ainda assim, h\u00e1 cidades que n\u00e3o adotam este expediente, que \u00e9 endossado tanto pela Organiza\u00e7\u00e3o Mundial de Sa\u00fade quanto pelo Minist\u00e9rio da Sa\u00fade e pela Associa\u00e7\u00e3o Brasileira de Odontologia.<\/p>\n<h5>A\u00e7\u00e3o do fl\u00faor<\/h5>\n<p>De fato, o fl\u00faor ajuda a prevenir as caries quando se concentra nos ossos em crescimento e nos dentes em desenvolvimento das crian\u00e7as, contribuindo para endurecer o esmalte dos dentes de leite e dos permanentes que ainda n\u00e3o nasceram. O fl\u00faor tamb\u00e9m ajuda a endurecer o esmalte dos dentes permanentes que j\u00e1 se formaram, o que \u00e9 bastante oportuno.<\/p>\n<p>Afinal, em combina\u00e7\u00e3o com a saliva, o fl\u00faor atua durante os processos de mineraliza\u00e7\u00e3o e de desmineraliza\u00e7\u00e3o dos dentes, que ocorrem naturalmente na boca. Na primeira etapa, quando a saliva est\u00e1 menos \u00e1cida, o que ocorre durante a aus\u00eancia de alimentos, h\u00e1 a deposi\u00e7\u00e3o de minerais na denti\u00e7\u00e3o \u2014 c\u00e1lcio e f\u00f3sforo \u2014 que se tornam mais duros na presen\u00e7a do fl\u00faor. Na etapa seguinte, quando h\u00e1 a ingest\u00e3o de alimentos, a acidez da saliva aumenta, atacando os minerais que, endurecidos se tornaram mais resistentes ao ataque.<\/p>\n<h5>Em BH<\/h5>\n<p>Desde 1975, a Copasa faz a fluoreta\u00e7\u00e3o da \u00e1gua que \u00e9 distribu\u00edda para Belo Horizonte, n\u00e3o havendo registro significativo da interrup\u00e7\u00e3o desse processo na capital. Pelos par\u00e2metros da empresa, o teor \u00f3timo de fl\u00faor \u00e9 de 0,74 ppmF (partes por milh\u00e3o \u2013 Fl\u00faor), podendo haver uma oscila\u00e7\u00e3o entre 0,6 a 0,8 ppmF.<\/p>\n<p><a href=\"http:\/\/periodicos.pucminas.br\/index.php\/Arquivobrasileirodontologia\/article\/view\/5737\/5567#:~:text=O%20teor%20%C3%B3timo%20de%20fl%C3%BAor,6%20a%200%2C8%20ppmF8.\" target=\"_blank\" rel=\"noopener\">Em 2012, um estudo baseado na PUC Minas<\/a> avaliou se os \u00edndices de fluoreta\u00e7\u00e3o declarados pela Copasa coincidiam com o que de fato \u00e9 entregue nos oito distritos sanit\u00e1rios belo-horizontinos. Como conclus\u00e3o, as pesquisadoras descobriram que a \u00e1gua que consumimos em Belo Horizonte \u00e9 fluoretada em n\u00edveis satisfat\u00f3rios em todos os distritos.<\/p>\n<p>Entretanto, o uso de um creme dental com fl\u00faor ajuda a refor\u00e7ar a aplica\u00e7\u00e3o deste elemento t\u00e3o importante para a sa\u00fade bucal.<\/p>\n<p>&nbsp;<\/p>\n<p>&nbsp;<\/p>\n<p>&nbsp;<\/p>\n","protected":false},"excerpt":{"rendered":"<p>Na primeira metade do s\u00e9culo 19, estudos j\u00e1 indicavam haver uma conex\u00e3o entre a presen\u00e7a do fl\u00faor com a redu\u00e7\u00e3o<\/p>\n","protected":false},"author":1,"featured_media":2002,"comment_status":"closed","ping_status":"open","sticky":false,"template":"","format":"standard","meta":{"footnotes":""},"categories":[9],"tags":[],"class_list":["post-2001","post","type-post","status-publish","format-standard","has-post-thumbnail","hentry","category-saude-qualidade-de-vida"],"yoast_head":"<!-- This site is optimized with the Yoast SEO plugin v26.0 - https:\/\/yoast.com\/wordpress\/plugins\/seo\/ -->\n<title>A \u00e1gua fluoretada no combate \u00e0s c\u00e1ries - Comunidade Ativa<\/title>\n<meta name=\"robots\" content=\"index, follow, max-snippet:-1, max-image-preview:large, max-video-preview:-1\" \/>\n<link rel=\"canonical\" href=\"https:\/\/www.comunidadeativa.jor.br\/index.php\/2021\/04\/28\/a-agua-fluoretada-no-combate-as-caries\/\" \/>\n<meta property=\"og:locale\" content=\"pt_BR\" \/>\n<meta property=\"og:type\" content=\"article\" \/>\n<meta property=\"og:title\" content=\"A \u00e1gua fluoretada no combate \u00e0s c\u00e1ries - Comunidade Ativa\" \/>\n<meta property=\"og:description\" content=\"Na primeira metade do s\u00e9culo 19, estudos j\u00e1 indicavam haver uma conex\u00e3o entre a presen\u00e7a do fl\u00faor com a redu\u00e7\u00e3o\" \/>\n<meta property=\"og:url\" content=\"https:\/\/www.comunidadeativa.jor.br\/index.php\/2021\/04\/28\/a-agua-fluoretada-no-combate-as-caries\/\" \/>\n<meta property=\"og:site_name\" content=\"Comunidade Ativa\" \/>\n<meta property=\"article:publisher\" content=\"https:\/\/www.facebook.com\/comunidadeativa\" \/>\n<meta property=\"article:published_time\" content=\"2021-04-28T13:00:00+00:00\" \/>\n<meta property=\"article:modified_time\" content=\"2023-08-11T21:01:08+00:00\" \/>\n<meta property=\"og:image\" content=\"https:\/\/www.comunidadeativa.jor.br\/wp-content\/uploads\/2021\/04\/capa-19.jpg\" \/>\n\t<meta property=\"og:image:width\" content=\"640\" \/>\n\t<meta property=\"og:image:height\" content=\"352\" \/>\n\t<meta property=\"og:image:type\" content=\"image\/jpeg\" \/>\n<meta name=\"author\" content=\"Comunidade Ativa\" \/>\n<meta name=\"twitter:card\" content=\"summary_large_image\" \/>\n<meta name=\"twitter:label1\" content=\"Escrito por\" \/>\n\t<meta name=\"twitter:data1\" content=\"Comunidade Ativa\" \/>\n\t<meta name=\"twitter:label2\" content=\"Est. tempo de leitura\" \/>\n\t<meta name=\"twitter:data2\" content=\"3 minutos\" \/>\n<script type=\"application\/ld+json\" class=\"yoast-schema-graph\">{\"@context\":\"https:\/\/schema.org\",\"@graph\":[{\"@type\":\"Article\",\"@id\":\"https:\/\/www.comunidadeativa.jor.br\/index.php\/2021\/04\/28\/a-agua-fluoretada-no-combate-as-caries\/#article\",\"isPartOf\":{\"@id\":\"https:\/\/www.comunidadeativa.jor.br\/index.php\/2021\/04\/28\/a-agua-fluoretada-no-combate-as-caries\/\"},\"author\":{\"name\":\"Comunidade Ativa\",\"@id\":\"https:\/\/www.comunidadeativa.jor.br\/#\/schema\/person\/dcaa1f1c51c1f0c47a33b2b734cad6e1\"},\"headline\":\"A \u00e1gua fluoretada no combate \u00e0s c\u00e1ries\",\"datePublished\":\"2021-04-28T13:00:00+00:00\",\"dateModified\":\"2023-08-11T21:01:08+00:00\",\"mainEntityOfPage\":{\"@id\":\"https:\/\/www.comunidadeativa.jor.br\/index.php\/2021\/04\/28\/a-agua-fluoretada-no-combate-as-caries\/\"},\"wordCount\":604,\"publisher\":{\"@id\":\"https:\/\/www.comunidadeativa.jor.br\/#organization\"},\"image\":{\"@id\":\"https:\/\/www.comunidadeativa.jor.br\/index.php\/2021\/04\/28\/a-agua-fluoretada-no-combate-as-caries\/#primaryimage\"},\"thumbnailUrl\":\"https:\/\/www.comunidadeativa.jor.br\/wp-content\/uploads\/2021\/04\/capa-19.jpg\",\"articleSection\":[\"Sa\u00fade &amp; Qualidade de Vida\"],\"inLanguage\":\"pt-BR\"},{\"@type\":\"WebPage\",\"@id\":\"https:\/\/www.comunidadeativa.jor.br\/index.php\/2021\/04\/28\/a-agua-fluoretada-no-combate-as-caries\/\",\"url\":\"https:\/\/www.comunidadeativa.jor.br\/index.php\/2021\/04\/28\/a-agua-fluoretada-no-combate-as-caries\/\",\"name\":\"A \u00e1gua fluoretada no combate \u00e0s c\u00e1ries - Comunidade Ativa\",\"isPartOf\":{\"@id\":\"https:\/\/www.comunidadeativa.jor.br\/#website\"},\"primaryImageOfPage\":{\"@id\":\"https:\/\/www.comunidadeativa.jor.br\/index.php\/2021\/04\/28\/a-agua-fluoretada-no-combate-as-caries\/#primaryimage\"},\"image\":{\"@id\":\"https:\/\/www.comunidadeativa.jor.br\/index.php\/2021\/04\/28\/a-agua-fluoretada-no-combate-as-caries\/#primaryimage\"},\"thumbnailUrl\":\"https:\/\/www.comunidadeativa.jor.br\/wp-content\/uploads\/2021\/04\/capa-19.jpg\",\"datePublished\":\"2021-04-28T13:00:00+00:00\",\"dateModified\":\"2023-08-11T21:01:08+00:00\",\"breadcrumb\":{\"@id\":\"https:\/\/www.comunidadeativa.jor.br\/index.php\/2021\/04\/28\/a-agua-fluoretada-no-combate-as-caries\/#breadcrumb\"},\"inLanguage\":\"pt-BR\",\"potentialAction\":[{\"@type\":\"ReadAction\",\"target\":[\"https:\/\/www.comunidadeativa.jor.br\/index.php\/2021\/04\/28\/a-agua-fluoretada-no-combate-as-caries\/\"]}]},{\"@type\":\"ImageObject\",\"inLanguage\":\"pt-BR\",\"@id\":\"https:\/\/www.comunidadeativa.jor.br\/index.php\/2021\/04\/28\/a-agua-fluoretada-no-combate-as-caries\/#primaryimage\",\"url\":\"https:\/\/www.comunidadeativa.jor.br\/wp-content\/uploads\/2021\/04\/capa-19.jpg\",\"contentUrl\":\"https:\/\/www.comunidadeativa.jor.br\/wp-content\/uploads\/2021\/04\/capa-19.jpg\",\"width\":640,\"height\":352},{\"@type\":\"BreadcrumbList\",\"@id\":\"https:\/\/www.comunidadeativa.jor.br\/index.php\/2021\/04\/28\/a-agua-fluoretada-no-combate-as-caries\/#breadcrumb\",\"itemListElement\":[{\"@type\":\"ListItem\",\"position\":1,\"name\":\"In\u00edcio\",\"item\":\"https:\/\/www.comunidadeativa.jor.br\/\"},{\"@type\":\"ListItem\",\"position\":2,\"name\":\"A \u00e1gua fluoretada no combate \u00e0s c\u00e1ries\"}]},{\"@type\":\"WebSite\",\"@id\":\"https:\/\/www.comunidadeativa.jor.br\/#website\",\"url\":\"https:\/\/www.comunidadeativa.jor.br\/\",\"name\":\"Comunidade Ativa\",\"description\":\"\",\"publisher\":{\"@id\":\"https:\/\/www.comunidadeativa.jor.br\/#organization\"},\"potentialAction\":[{\"@type\":\"SearchAction\",\"target\":{\"@type\":\"EntryPoint\",\"urlTemplate\":\"https:\/\/www.comunidadeativa.jor.br\/?s={search_term_string}\"},\"query-input\":{\"@type\":\"PropertyValueSpecification\",\"valueRequired\":true,\"valueName\":\"search_term_string\"}}],\"inLanguage\":\"pt-BR\"},{\"@type\":\"Organization\",\"@id\":\"https:\/\/www.comunidadeativa.jor.br\/#organization\",\"name\":\"Comunidade Ativa\",\"url\":\"https:\/\/www.comunidadeativa.jor.br\/\",\"logo\":{\"@type\":\"ImageObject\",\"inLanguage\":\"pt-BR\",\"@id\":\"https:\/\/www.comunidadeativa.jor.br\/#\/schema\/logo\/image\/\",\"url\":\"https:\/\/www.comunidadeativa.jor.br\/wp-content\/uploads\/2018\/03\/cropped-LOGOPNG-1.png\",\"contentUrl\":\"https:\/\/www.comunidadeativa.jor.br\/wp-content\/uploads\/2018\/03\/cropped-LOGOPNG-1.png\",\"width\":318,\"height\":90,\"caption\":\"Comunidade Ativa\"},\"image\":{\"@id\":\"https:\/\/www.comunidadeativa.jor.br\/#\/schema\/logo\/image\/\"},\"sameAs\":[\"https:\/\/www.facebook.com\/comunidadeativa\"]},{\"@type\":\"Person\",\"@id\":\"https:\/\/www.comunidadeativa.jor.br\/#\/schema\/person\/dcaa1f1c51c1f0c47a33b2b734cad6e1\",\"name\":\"Comunidade Ativa\",\"image\":{\"@type\":\"ImageObject\",\"inLanguage\":\"pt-BR\",\"@id\":\"https:\/\/www.comunidadeativa.jor.br\/#\/schema\/person\/image\/\",\"url\":\"https:\/\/secure.gravatar.com\/avatar\/09a9a1f85fedf41e81b47f7c1d40084f?s=96&d=mm&r=g\",\"contentUrl\":\"https:\/\/secure.gravatar.com\/avatar\/09a9a1f85fedf41e81b47f7c1d40084f?s=96&d=mm&r=g\",\"caption\":\"Comunidade Ativa\"},\"url\":\"https:\/\/www.comunidadeativa.jor.br\/index.php\/author\/casalberto\/\"}]}<\/script>\n<!-- \/ Yoast SEO plugin. -->","yoast_head_json":{"title":"A \u00e1gua fluoretada no combate \u00e0s c\u00e1ries - Comunidade Ativa","robots":{"index":"index","follow":"follow","max-snippet":"max-snippet:-1","max-image-preview":"max-image-preview:large","max-video-preview":"max-video-preview:-1"},"canonical":"https:\/\/www.comunidadeativa.jor.br\/index.php\/2021\/04\/28\/a-agua-fluoretada-no-combate-as-caries\/","og_locale":"pt_BR","og_type":"article","og_title":"A \u00e1gua fluoretada no combate \u00e0s c\u00e1ries - Comunidade Ativa","og_description":"Na primeira metade do s\u00e9culo 19, estudos j\u00e1 indicavam haver uma conex\u00e3o entre a presen\u00e7a do fl\u00faor com a redu\u00e7\u00e3o","og_url":"https:\/\/www.comunidadeativa.jor.br\/index.php\/2021\/04\/28\/a-agua-fluoretada-no-combate-as-caries\/","og_site_name":"Comunidade Ativa","article_publisher":"https:\/\/www.facebook.com\/comunidadeativa","article_published_time":"2021-04-28T13:00:00+00:00","article_modified_time":"2023-08-11T21:01:08+00:00","og_image":[{"width":640,"height":352,"url":"https:\/\/www.comunidadeativa.jor.br\/wp-content\/uploads\/2021\/04\/capa-19.jpg","type":"image\/jpeg"}],"author":"Comunidade Ativa","twitter_card":"summary_large_image","twitter_misc":{"Escrito por":"Comunidade Ativa","Est. tempo de leitura":"3 minutos"},"schema":{"@context":"https:\/\/schema.org","@graph":[{"@type":"Article","@id":"https:\/\/www.comunidadeativa.jor.br\/index.php\/2021\/04\/28\/a-agua-fluoretada-no-combate-as-caries\/#article","isPartOf":{"@id":"https:\/\/www.comunidadeativa.jor.br\/index.php\/2021\/04\/28\/a-agua-fluoretada-no-combate-as-caries\/"},"author":{"name":"Comunidade Ativa","@id":"https:\/\/www.comunidadeativa.jor.br\/#\/schema\/person\/dcaa1f1c51c1f0c47a33b2b734cad6e1"},"headline":"A \u00e1gua fluoretada no combate \u00e0s c\u00e1ries","datePublished":"2021-04-28T13:00:00+00:00","dateModified":"2023-08-11T21:01:08+00:00","mainEntityOfPage":{"@id":"https:\/\/www.comunidadeativa.jor.br\/index.php\/2021\/04\/28\/a-agua-fluoretada-no-combate-as-caries\/"},"wordCount":604,"publisher":{"@id":"https:\/\/www.comunidadeativa.jor.br\/#organization"},"image":{"@id":"https:\/\/www.comunidadeativa.jor.br\/index.php\/2021\/04\/28\/a-agua-fluoretada-no-combate-as-caries\/#primaryimage"},"thumbnailUrl":"https:\/\/www.comunidadeativa.jor.br\/wp-content\/uploads\/2021\/04\/capa-19.jpg","articleSection":["Sa\u00fade &amp; Qualidade de Vida"],"inLanguage":"pt-BR"},{"@type":"WebPage","@id":"https:\/\/www.comunidadeativa.jor.br\/index.php\/2021\/04\/28\/a-agua-fluoretada-no-combate-as-caries\/","url":"https:\/\/www.comunidadeativa.jor.br\/index.php\/2021\/04\/28\/a-agua-fluoretada-no-combate-as-caries\/","name":"A \u00e1gua fluoretada no combate \u00e0s c\u00e1ries - Comunidade Ativa","isPartOf":{"@id":"https:\/\/www.comunidadeativa.jor.br\/#website"},"primaryImageOfPage":{"@id":"https:\/\/www.comunidadeativa.jor.br\/index.php\/2021\/04\/28\/a-agua-fluoretada-no-combate-as-caries\/#primaryimage"},"image":{"@id":"https:\/\/www.comunidadeativa.jor.br\/index.php\/2021\/04\/28\/a-agua-fluoretada-no-combate-as-caries\/#primaryimage"},"thumbnailUrl":"https:\/\/www.comunidadeativa.jor.br\/wp-content\/uploads\/2021\/04\/capa-19.jpg","datePublished":"2021-04-28T13:00:00+00:00","dateModified":"2023-08-11T21:01:08+00:00","breadcrumb":{"@id":"https:\/\/www.comunidadeativa.jor.br\/index.php\/2021\/04\/28\/a-agua-fluoretada-no-combate-as-caries\/#breadcrumb"},"inLanguage":"pt-BR","potentialAction":[{"@type":"ReadAction","target":["https:\/\/www.comunidadeativa.jor.br\/index.php\/2021\/04\/28\/a-agua-fluoretada-no-combate-as-caries\/"]}]},{"@type":"ImageObject","inLanguage":"pt-BR","@id":"https:\/\/www.comunidadeativa.jor.br\/index.php\/2021\/04\/28\/a-agua-fluoretada-no-combate-as-caries\/#primaryimage","url":"https:\/\/www.comunidadeativa.jor.br\/wp-content\/uploads\/2021\/04\/capa-19.jpg","contentUrl":"https:\/\/www.comunidadeativa.jor.br\/wp-content\/uploads\/2021\/04\/capa-19.jpg","width":640,"height":352},{"@type":"BreadcrumbList","@id":"https:\/\/www.comunidadeativa.jor.br\/index.php\/2021\/04\/28\/a-agua-fluoretada-no-combate-as-caries\/#breadcrumb","itemListElement":[{"@type":"ListItem","position":1,"name":"In\u00edcio","item":"https:\/\/www.comunidadeativa.jor.br\/"},{"@type":"ListItem","position":2,"name":"A \u00e1gua fluoretada no combate \u00e0s c\u00e1ries"}]},{"@type":"WebSite","@id":"https:\/\/www.comunidadeativa.jor.br\/#website","url":"https:\/\/www.comunidadeativa.jor.br\/","name":"Comunidade Ativa","description":"","publisher":{"@id":"https:\/\/www.comunidadeativa.jor.br\/#organization"},"potentialAction":[{"@type":"SearchAction","target":{"@type":"EntryPoint","urlTemplate":"https:\/\/www.comunidadeativa.jor.br\/?s={search_term_string}"},"query-input":{"@type":"PropertyValueSpecification","valueRequired":true,"valueName":"search_term_string"}}],"inLanguage":"pt-BR"},{"@type":"Organization","@id":"https:\/\/www.comunidadeativa.jor.br\/#organization","name":"Comunidade Ativa","url":"https:\/\/www.comunidadeativa.jor.br\/","logo":{"@type":"ImageObject","inLanguage":"pt-BR","@id":"https:\/\/www.comunidadeativa.jor.br\/#\/schema\/logo\/image\/","url":"https:\/\/www.comunidadeativa.jor.br\/wp-content\/uploads\/2018\/03\/cropped-LOGOPNG-1.png","contentUrl":"https:\/\/www.comunidadeativa.jor.br\/wp-content\/uploads\/2018\/03\/cropped-LOGOPNG-1.png","width":318,"height":90,"caption":"Comunidade Ativa"},"image":{"@id":"https:\/\/www.comunidadeativa.jor.br\/#\/schema\/logo\/image\/"},"sameAs":["https:\/\/www.facebook.com\/comunidadeativa"]},{"@type":"Person","@id":"https:\/\/www.comunidadeativa.jor.br\/#\/schema\/person\/dcaa1f1c51c1f0c47a33b2b734cad6e1","name":"Comunidade Ativa","image":{"@type":"ImageObject","inLanguage":"pt-BR","@id":"https:\/\/www.comunidadeativa.jor.br\/#\/schema\/person\/image\/","url":"https:\/\/secure.gravatar.com\/avatar\/09a9a1f85fedf41e81b47f7c1d40084f?s=96&d=mm&r=g","contentUrl":"https:\/\/secure.gravatar.com\/avatar\/09a9a1f85fedf41e81b47f7c1d40084f?s=96&d=mm&r=g","caption":"Comunidade Ativa"},"url":"https:\/\/www.comunidadeativa.jor.br\/index.php\/author\/casalberto\/"}]}},"_links":{"self":[{"href":"https:\/\/www.comunidadeativa.jor.br\/index.php\/wp-json\/wp\/v2\/posts\/2001","targetHints":{"allow":["GET"]}}],"collection":[{"href":"https:\/\/www.comunidadeativa.jor.br\/index.php\/wp-json\/wp\/v2\/posts"}],"about":[{"href":"https:\/\/www.comunidadeativa.jor.br\/index.php\/wp-json\/wp\/v2\/types\/post"}],"author":[{"embeddable":true,"href":"https:\/\/www.comunidadeativa.jor.br\/index.php\/wp-json\/wp\/v2\/users\/1"}],"replies":[{"embeddable":true,"href":"https:\/\/www.comunidadeativa.jor.br\/index.php\/wp-json\/wp\/v2\/comments?post=2001"}],"version-history":[{"count":2,"href":"https:\/\/www.comunidadeativa.jor.br\/index.php\/wp-json\/wp\/v2\/posts\/2001\/revisions"}],"predecessor-version":[{"id":3829,"href":"https:\/\/www.comunidadeativa.jor.br\/index.php\/wp-json\/wp\/v2\/posts\/2001\/revisions\/3829"}],"wp:featuredmedia":[{"embeddable":true,"href":"https:\/\/www.comunidadeativa.jor.br\/index.php\/wp-json\/wp\/v2\/media\/2002"}],"wp:attachment":[{"href":"https:\/\/www.comunidadeativa.jor.br\/index.php\/wp-json\/wp\/v2\/media?parent=2001"}],"wp:term":[{"taxonomy":"category","embeddable":true,"href":"https:\/\/www.comunidadeativa.jor.br\/index.php\/wp-json\/wp\/v2\/categories?post=2001"},{"taxonomy":"post_tag","embeddable":true,"href":"https:\/\/www.comunidadeativa.jor.br\/index.php\/wp-json\/wp\/v2\/tags?post=2001"}],"curies":[{"name":"wp","href":"https:\/\/api.w.org\/{rel}","templated":true}]}}