{"id":2031,"date":"2021-05-05T13:25:17","date_gmt":"2021-05-05T16:25:17","guid":{"rendered":"https:\/\/www.comunidadeativa.jor.br\/?p=2031"},"modified":"2023-08-11T18:03:45","modified_gmt":"2023-08-11T21:03:45","slug":"dificuldade-de-analisar-riscos-colaterais-da-pandemia-esta-associado-a-insuficiencia-de-informacoes-diz-pesquisa","status":"publish","type":"post","link":"https:\/\/www.comunidadeativa.jor.br\/index.php\/2021\/05\/05\/dificuldade-de-analisar-riscos-colaterais-da-pandemia-esta-associado-a-insuficiencia-de-informacoes-diz-pesquisa\/","title":{"rendered":"Dificuldade de analisar riscos colaterais da pandemia est\u00e1 associado \u00e0 insufici\u00eancia de informa\u00e7\u00f5es, diz pesquisa"},"content":{"rendered":"<p>Usar m\u00e1scara adianta? Distanciamento social resolve? Al\u00e9m disso, o que ser\u00e1 da economia? Como ficar\u00e1 a educa\u00e7\u00e3o das crian\u00e7as e dos jovens? Estas s\u00e3o apenas algumas das m\u00faltiplas d\u00favidas que est\u00e3o confundindo as pessoas no mundo inteiro e o motivo de tanta incerteza pode estar na falta de informa\u00e7\u00e3o qualificada sobre a pandemia e sobre os efeitos colaterais que ela gera sobre a sociedade.<\/p>\n<p><a href=\"https:\/\/theconversation.com\/profiles\/kathleen-h-pine-1215702\">Kathleen Pine<\/a>, professora de Inform\u00e1tica e Sa\u00fade da Universidade do Arizona, <a href=\"https:\/\/theconversation.com\/profiles\/myeong-lee-1219255\">Myeong Lee<\/a>, professor de Ci\u00eancia da Informa\u00e7\u00e3o na Universidade George Mason, ambas nos Estados Unidos, e <a href=\"https:\/\/theconversation.com\/profiles\/kathryn-henne-13115\">Kathryn Henne<\/a>, professora da Escola de Regula\u00e7\u00e3o e Governan\u00e7a Global da Universidade da Austr\u00e1lia <a href=\"https:\/\/theconversation.com\/people-have-had-a-hard-time-weighing-pandemic-risks-because-they-havent-gotten-information-they-needed-when-they-needed-it-157538\" target=\"_blank\" rel=\"noopener\">chegaram a esta conclus\u00e3o a partir de entrevistas que realizaram com um grupo heterog\u00eaneo de 40 pessoas<\/a> de v\u00e1rias partes dos Estados Unidos, que foram selecionadas de maneira a apresentarem a maior diversidade de idade, localiza\u00e7\u00e3o geografia e dificuldades que est\u00e3o enfrentando durante a pandemia. Interessado em <a href=\"https:\/\/myeonglee.com\/\">informa\u00e7\u00e3o<\/a>\u00a0,\u00a0<a href=\"https:\/\/scholar.google.com\/citations?user=pb761jkAAAAJ&amp;hl=en\">pol\u00edtica e comportamento humano<\/a>, o trio est\u00e1 finalizando uma pesquisa sobre os trabalhos de risco que est\u00e3o sendo realizados nesse per\u00edodo de surto da Covid-19, que deve ser publicado em breve,e\u00a0 o resultados do levantamento integram os dados que consideraram no estudo.<\/p>\n<h5>Al\u00e9m da \u201csa\u00fade x economia\u201d<\/h5>\n<p>De fato, os pesquisadores perceberam que os problemas econ\u00f4micos figuram entre as preocupa\u00e7\u00f5es dominantes dos entrevistados. Perda de emprego, de renda, dificuldade de encontrar trabalho e recess\u00e3o econ\u00f4mica foram os temas mais frequentes nas respostas do grupo abordado. Entretanto, os riscos de doen\u00e7as secund\u00e1rias, amea\u00e7as ao bem-estar social e comportamental e a possibilidade da eros\u00e3o das institui\u00e7\u00f5es tamb\u00e9m foram mencionados como motivos que est\u00e3o gerando ansiedade nas pessoas.<\/p>\n<p>A perspectiva de n\u00e3o estar bem, de sofrer com uma doen\u00e7a grave e de morrer e o consenso a respeito da maior amea\u00e7a sobre idosos e pessoas com condi\u00e7\u00f5es m\u00e9dicas subjacentes ficaram evidentes como riscos que contrair Covid implicam. Por\u00e9m, outros temas relacionados \u00e0s amea\u00e7as da doen\u00e7a para a sociedade como um todo e para determinados grupos econ\u00f4micos tamb\u00e9m foram mencionados.<\/p>\n<p>Muitos expressaram preocupa\u00e7\u00e3o com riscos secund\u00e1rios \u2014 como os decorrentes do estresse e por morte por outras doen\u00e7as, como consequ\u00eancia do colapso no sistema de sa\u00fade. Preocupa\u00e7\u00f5es com o bem-estar social e com o comportamento das pessoas e sobre o risco de surgirem doen\u00e7as mentais tamb\u00e9m foram percebidas entre as afli\u00e7\u00f5es dos participantes da pesquisa.<\/p>\n<p>As amea\u00e7as econ\u00f4micas abrangiam preocupa\u00e7\u00f5es com perda de emprego e renda, recess\u00e3o e incapacidade de encontrar trabalho. Como se referiram \u00e0 doen\u00e7a, os participantes enquadraram o risco econ\u00f4mico de forma ampla em termos de sociedade e especificamente em rela\u00e7\u00e3o a certas popula\u00e7\u00f5es, como rec\u00e9m-formados, <a href=\"https:\/\/www.wsj.com\/articles\/millennials-covid-financial-crisis-fall-behind-jobless-11596811470\">millennials<\/a>\u00a0, propriet\u00e1rios de neg\u00f3cios e pessoas pobres.<\/p>\n<p>Tamb\u00e9m foram expressadas preocupa\u00e7\u00f5es especiais com a possibilidade de colapso das institui\u00e7\u00f5es, das empresas, dos sistemas educacionais e das artes. Houve que expressasse preocupa\u00e7\u00e3o maior com as potenciais mudan\u00e7as sociais que podem advir da pandemia do que com o pr\u00f3prio v\u00edrus.<\/p>\n<h5>Falha na distribui\u00e7\u00e3o das informa\u00e7\u00f5es<\/h5>\n<p>Para a maior parte dos entrevistados, as informa\u00e7\u00f5es dispon\u00edveis sobre a Covid-19 abordam apenas a doen\u00e7a em si, deixando de lado os demais riscos que est\u00e3o associados \u00e0 pandemia. Ainda assim, muitas vezes h\u00e1 conflito entre as informa\u00e7\u00f5es recebidas. Os participantes da pesquisa disseram ter recebido poucas informa\u00e7\u00f5es \u00fateis sobre como gerenciar as amea\u00e7as colaterais que est\u00e3o percebendo.<\/p>\n<p>De acordo com os pesquisadores, a falta de informa\u00e7\u00f5es que validem os demais riscos alimentou a sensa\u00e7\u00e3o de que as autoridades n\u00e3o est\u00e3o tratando das amea\u00e7as urgentes. O trio concluiu que o aconselhamento sobre como lidar com a Covid sem reconhecer outras amea\u00e7as contribui para a perda de confian\u00e7a e, por sua vez, pode prejudicar a aceita\u00e7\u00e3o das diretrizes que deve ser seguidas no combate \u00e0 pandemia.<\/p>\n<p>Os professores verificaram que as pessoas percebem que as mensagens sobre o COVID-19 s\u00e3o <a href=\"https:\/\/doi.org\/10.1371\/journal.pone.0240776\">fragmentadas e conflitantes<\/a>. Para eles, isso \u00e9 perigoso, uma vez que estudos anteriores revelaram que a exposi\u00e7\u00e3o a mensagens de sa\u00fade inconsistentes leva \u00e0 <a href=\"https:\/\/digest.bps.org.uk\/2015\/08\/13\/surprising-or-contradictory-health-news-stories-encourage-readers-to-be-sceptical-about-science\/\">diminui\u00e7\u00e3o da confian\u00e7a nas fontes <\/a>\u00a0.<\/p>\n<p>O grupo entrevistado pelo trio revelou que, diante das informa\u00e7\u00f5es muito gerais obtidas a partir das fontes oficiais, as pessoas acabam recorrendo \u00e0s redes sociais em busca da compreens\u00e3o sobre os riscos. Ou seja, o relato de uma prima que \u00e9 enfermeira e trabalha na linha de frente, por exemplo, tende a suprir a defici\u00eancia de dados mais claros e precisos sobre os fatos.<\/p>\n<p>Os pesquisadores descobriram que a comunica\u00e7\u00e3o informal com especialistas \u00e9 importante, mas, muitas vezes, esquecida. Eles acreditam que reconhecer o trabalho informal que os profissionais especializados desenvolvem e criar estrat\u00e9gias para apoi\u00e1-los pode favorecer a gest\u00e3o de risco para a popula\u00e7\u00e3o e aliviar a ansiedade durante esse per\u00edodo incerto.<\/p>\n<p>Nesse sentido, para os professores, os canais informais criados por m\u00e9dicos, por exemplo, que muitas vezes traduzem para seus grupos de relacionamento nas redes sociais as notas t\u00e9cnicas relacionadas \u00e0 Covid-19, tamb\u00e9m poderiam servir para distribuir as demais informa\u00e7\u00f5es\u00a0 \u00fateis ao gerenciamento das outras amea\u00e7as que cercam a pandemia.<\/p>\n<p>Talvez, com isso, pelo menos o espa\u00e7o que hoje \u00e9, em grande parte, ocupado pela desinforma\u00e7\u00e3o sofreria uma concorr\u00eancia qualificada. Por\u00e9m, enquanto a informa\u00e7\u00e3o oficial n\u00e3o chega de forma clara e qualificada, incluindo outros temas que n\u00e3o sejam os espec\u00edficos da doen\u00e7a, que s\u00e3o important\u00edssimos, o cidad\u00e3o deve ficar muito atento para tudo o que consome como informa\u00e7\u00e3o e, mais ainda, com aquilo que divulga.<\/p>\n<p>&nbsp;<\/p>\n<p><em>Para mais informa\u00e7\u00f5es sobre os temas abordados nessa mat\u00e9ria, acesse os links dispon\u00edveis ao longo do texto. Eles remetem \u00e0s fontes utilizadas aqui.\u00a0<\/em><\/p>\n<p><em>Uma dica: os artigos fora da p\u00e1gina do Comunidade Ativa que n\u00e3o estiverem em portugu\u00eas podem ser traduzidos automaticamente pelo navegador pelo seu navegador. Pra isso, basta clicar com o bot\u00e3o direito em qualquer ponto do texto a ser traduzido e escolher a op\u00e7\u00e3o \u201cTraduzir para o portugu\u00eas\u201d.\u00a0<\/em><\/p>\n<p>&nbsp;<\/p>\n","protected":false},"excerpt":{"rendered":"<p>Usar m\u00e1scara adianta? Distanciamento social resolve? Al\u00e9m disso, o que ser\u00e1 da economia? Como ficar\u00e1 a educa\u00e7\u00e3o das crian\u00e7as e<\/p>\n","protected":false},"author":1,"featured_media":2032,"comment_status":"closed","ping_status":"open","sticky":false,"template":"","format":"standard","meta":{"footnotes":""},"categories":[2,6,9],"tags":[],"class_list":["post-2031","post","type-post","status-publish","format-standard","has-post-thumbnail","hentry","category-recentes","category-artigo","category-saude-qualidade-de-vida"],"yoast_head":"<!-- This site is optimized with the Yoast SEO plugin v26.0 - https:\/\/yoast.com\/wordpress\/plugins\/seo\/ -->\n<title>Dificuldade de analisar riscos colaterais da pandemia est\u00e1 associado \u00e0 insufici\u00eancia de informa\u00e7\u00f5es, diz pesquisa - Comunidade Ativa<\/title>\n<meta name=\"robots\" content=\"index, follow, max-snippet:-1, max-image-preview:large, max-video-preview:-1\" \/>\n<link rel=\"canonical\" href=\"https:\/\/www.comunidadeativa.jor.br\/index.php\/2021\/05\/05\/dificuldade-de-analisar-riscos-colaterais-da-pandemia-esta-associado-a-insuficiencia-de-informacoes-diz-pesquisa\/\" \/>\n<meta property=\"og:locale\" content=\"pt_BR\" \/>\n<meta property=\"og:type\" content=\"article\" \/>\n<meta property=\"og:title\" content=\"Dificuldade de analisar riscos colaterais da pandemia est\u00e1 associado \u00e0 insufici\u00eancia de informa\u00e7\u00f5es, diz pesquisa - Comunidade Ativa\" \/>\n<meta property=\"og:description\" content=\"Usar m\u00e1scara adianta? Distanciamento social resolve? Al\u00e9m disso, o que ser\u00e1 da economia? Como ficar\u00e1 a educa\u00e7\u00e3o das crian\u00e7as e\" \/>\n<meta property=\"og:url\" content=\"https:\/\/www.comunidadeativa.jor.br\/index.php\/2021\/05\/05\/dificuldade-de-analisar-riscos-colaterais-da-pandemia-esta-associado-a-insuficiencia-de-informacoes-diz-pesquisa\/\" \/>\n<meta property=\"og:site_name\" content=\"Comunidade Ativa\" \/>\n<meta property=\"article:publisher\" content=\"https:\/\/www.facebook.com\/comunidadeativa\" \/>\n<meta property=\"article:published_time\" content=\"2021-05-05T16:25:17+00:00\" \/>\n<meta property=\"article:modified_time\" content=\"2023-08-11T21:03:45+00:00\" \/>\n<meta property=\"og:image\" content=\"https:\/\/www.comunidadeativa.jor.br\/wp-content\/uploads\/2021\/05\/capa-1.jpg\" \/>\n\t<meta property=\"og:image:width\" content=\"640\" \/>\n\t<meta property=\"og:image:height\" content=\"352\" \/>\n\t<meta property=\"og:image:type\" content=\"image\/jpeg\" \/>\n<meta name=\"author\" content=\"Comunidade Ativa\" \/>\n<meta name=\"twitter:card\" content=\"summary_large_image\" \/>\n<meta name=\"twitter:label1\" content=\"Escrito por\" \/>\n\t<meta name=\"twitter:data1\" content=\"Comunidade Ativa\" \/>\n\t<meta name=\"twitter:label2\" content=\"Est. tempo de leitura\" \/>\n\t<meta name=\"twitter:data2\" content=\"5 minutos\" \/>\n<script type=\"application\/ld+json\" class=\"yoast-schema-graph\">{\"@context\":\"https:\/\/schema.org\",\"@graph\":[{\"@type\":\"Article\",\"@id\":\"https:\/\/www.comunidadeativa.jor.br\/index.php\/2021\/05\/05\/dificuldade-de-analisar-riscos-colaterais-da-pandemia-esta-associado-a-insuficiencia-de-informacoes-diz-pesquisa\/#article\",\"isPartOf\":{\"@id\":\"https:\/\/www.comunidadeativa.jor.br\/index.php\/2021\/05\/05\/dificuldade-de-analisar-riscos-colaterais-da-pandemia-esta-associado-a-insuficiencia-de-informacoes-diz-pesquisa\/\"},\"author\":{\"name\":\"Comunidade Ativa\",\"@id\":\"https:\/\/www.comunidadeativa.jor.br\/#\/schema\/person\/dcaa1f1c51c1f0c47a33b2b734cad6e1\"},\"headline\":\"Dificuldade de analisar riscos colaterais da pandemia est\u00e1 associado \u00e0 insufici\u00eancia de informa\u00e7\u00f5es, diz pesquisa\",\"datePublished\":\"2021-05-05T16:25:17+00:00\",\"dateModified\":\"2023-08-11T21:03:45+00:00\",\"mainEntityOfPage\":{\"@id\":\"https:\/\/www.comunidadeativa.jor.br\/index.php\/2021\/05\/05\/dificuldade-de-analisar-riscos-colaterais-da-pandemia-esta-associado-a-insuficiencia-de-informacoes-diz-pesquisa\/\"},\"wordCount\":1089,\"publisher\":{\"@id\":\"https:\/\/www.comunidadeativa.jor.br\/#organization\"},\"image\":{\"@id\":\"https:\/\/www.comunidadeativa.jor.br\/index.php\/2021\/05\/05\/dificuldade-de-analisar-riscos-colaterais-da-pandemia-esta-associado-a-insuficiencia-de-informacoes-diz-pesquisa\/#primaryimage\"},\"thumbnailUrl\":\"https:\/\/www.comunidadeativa.jor.br\/wp-content\/uploads\/2021\/05\/capa-1.jpg\",\"articleSection\":[\"Recentes\",\"Recentes\",\"Sa\u00fade &amp; Qualidade de Vida\"],\"inLanguage\":\"pt-BR\"},{\"@type\":\"WebPage\",\"@id\":\"https:\/\/www.comunidadeativa.jor.br\/index.php\/2021\/05\/05\/dificuldade-de-analisar-riscos-colaterais-da-pandemia-esta-associado-a-insuficiencia-de-informacoes-diz-pesquisa\/\",\"url\":\"https:\/\/www.comunidadeativa.jor.br\/index.php\/2021\/05\/05\/dificuldade-de-analisar-riscos-colaterais-da-pandemia-esta-associado-a-insuficiencia-de-informacoes-diz-pesquisa\/\",\"name\":\"Dificuldade de analisar riscos colaterais da pandemia est\u00e1 associado \u00e0 insufici\u00eancia de informa\u00e7\u00f5es, diz pesquisa - Comunidade Ativa\",\"isPartOf\":{\"@id\":\"https:\/\/www.comunidadeativa.jor.br\/#website\"},\"primaryImageOfPage\":{\"@id\":\"https:\/\/www.comunidadeativa.jor.br\/index.php\/2021\/05\/05\/dificuldade-de-analisar-riscos-colaterais-da-pandemia-esta-associado-a-insuficiencia-de-informacoes-diz-pesquisa\/#primaryimage\"},\"image\":{\"@id\":\"https:\/\/www.comunidadeativa.jor.br\/index.php\/2021\/05\/05\/dificuldade-de-analisar-riscos-colaterais-da-pandemia-esta-associado-a-insuficiencia-de-informacoes-diz-pesquisa\/#primaryimage\"},\"thumbnailUrl\":\"https:\/\/www.comunidadeativa.jor.br\/wp-content\/uploads\/2021\/05\/capa-1.jpg\",\"datePublished\":\"2021-05-05T16:25:17+00:00\",\"dateModified\":\"2023-08-11T21:03:45+00:00\",\"breadcrumb\":{\"@id\":\"https:\/\/www.comunidadeativa.jor.br\/index.php\/2021\/05\/05\/dificuldade-de-analisar-riscos-colaterais-da-pandemia-esta-associado-a-insuficiencia-de-informacoes-diz-pesquisa\/#breadcrumb\"},\"inLanguage\":\"pt-BR\",\"potentialAction\":[{\"@type\":\"ReadAction\",\"target\":[\"https:\/\/www.comunidadeativa.jor.br\/index.php\/2021\/05\/05\/dificuldade-de-analisar-riscos-colaterais-da-pandemia-esta-associado-a-insuficiencia-de-informacoes-diz-pesquisa\/\"]}]},{\"@type\":\"ImageObject\",\"inLanguage\":\"pt-BR\",\"@id\":\"https:\/\/www.comunidadeativa.jor.br\/index.php\/2021\/05\/05\/dificuldade-de-analisar-riscos-colaterais-da-pandemia-esta-associado-a-insuficiencia-de-informacoes-diz-pesquisa\/#primaryimage\",\"url\":\"https:\/\/www.comunidadeativa.jor.br\/wp-content\/uploads\/2021\/05\/capa-1.jpg\",\"contentUrl\":\"https:\/\/www.comunidadeativa.jor.br\/wp-content\/uploads\/2021\/05\/capa-1.jpg\",\"width\":640,\"height\":352},{\"@type\":\"BreadcrumbList\",\"@id\":\"https:\/\/www.comunidadeativa.jor.br\/index.php\/2021\/05\/05\/dificuldade-de-analisar-riscos-colaterais-da-pandemia-esta-associado-a-insuficiencia-de-informacoes-diz-pesquisa\/#breadcrumb\",\"itemListElement\":[{\"@type\":\"ListItem\",\"position\":1,\"name\":\"In\u00edcio\",\"item\":\"https:\/\/www.comunidadeativa.jor.br\/\"},{\"@type\":\"ListItem\",\"position\":2,\"name\":\"Dificuldade de analisar riscos colaterais da pandemia est\u00e1 associado \u00e0 insufici\u00eancia de informa\u00e7\u00f5es, diz pesquisa\"}]},{\"@type\":\"WebSite\",\"@id\":\"https:\/\/www.comunidadeativa.jor.br\/#website\",\"url\":\"https:\/\/www.comunidadeativa.jor.br\/\",\"name\":\"Comunidade Ativa\",\"description\":\"\",\"publisher\":{\"@id\":\"https:\/\/www.comunidadeativa.jor.br\/#organization\"},\"potentialAction\":[{\"@type\":\"SearchAction\",\"target\":{\"@type\":\"EntryPoint\",\"urlTemplate\":\"https:\/\/www.comunidadeativa.jor.br\/?s={search_term_string}\"},\"query-input\":{\"@type\":\"PropertyValueSpecification\",\"valueRequired\":true,\"valueName\":\"search_term_string\"}}],\"inLanguage\":\"pt-BR\"},{\"@type\":\"Organization\",\"@id\":\"https:\/\/www.comunidadeativa.jor.br\/#organization\",\"name\":\"Comunidade Ativa\",\"url\":\"https:\/\/www.comunidadeativa.jor.br\/\",\"logo\":{\"@type\":\"ImageObject\",\"inLanguage\":\"pt-BR\",\"@id\":\"https:\/\/www.comunidadeativa.jor.br\/#\/schema\/logo\/image\/\",\"url\":\"https:\/\/www.comunidadeativa.jor.br\/wp-content\/uploads\/2018\/03\/cropped-LOGOPNG-1.png\",\"contentUrl\":\"https:\/\/www.comunidadeativa.jor.br\/wp-content\/uploads\/2018\/03\/cropped-LOGOPNG-1.png\",\"width\":318,\"height\":90,\"caption\":\"Comunidade Ativa\"},\"image\":{\"@id\":\"https:\/\/www.comunidadeativa.jor.br\/#\/schema\/logo\/image\/\"},\"sameAs\":[\"https:\/\/www.facebook.com\/comunidadeativa\"]},{\"@type\":\"Person\",\"@id\":\"https:\/\/www.comunidadeativa.jor.br\/#\/schema\/person\/dcaa1f1c51c1f0c47a33b2b734cad6e1\",\"name\":\"Comunidade Ativa\",\"image\":{\"@type\":\"ImageObject\",\"inLanguage\":\"pt-BR\",\"@id\":\"https:\/\/www.comunidadeativa.jor.br\/#\/schema\/person\/image\/\",\"url\":\"https:\/\/secure.gravatar.com\/avatar\/09a9a1f85fedf41e81b47f7c1d40084f?s=96&d=mm&r=g\",\"contentUrl\":\"https:\/\/secure.gravatar.com\/avatar\/09a9a1f85fedf41e81b47f7c1d40084f?s=96&d=mm&r=g\",\"caption\":\"Comunidade Ativa\"},\"url\":\"https:\/\/www.comunidadeativa.jor.br\/index.php\/author\/casalberto\/\"}]}<\/script>\n<!-- \/ Yoast SEO plugin. -->","yoast_head_json":{"title":"Dificuldade de analisar riscos colaterais da pandemia est\u00e1 associado \u00e0 insufici\u00eancia de informa\u00e7\u00f5es, diz pesquisa - Comunidade Ativa","robots":{"index":"index","follow":"follow","max-snippet":"max-snippet:-1","max-image-preview":"max-image-preview:large","max-video-preview":"max-video-preview:-1"},"canonical":"https:\/\/www.comunidadeativa.jor.br\/index.php\/2021\/05\/05\/dificuldade-de-analisar-riscos-colaterais-da-pandemia-esta-associado-a-insuficiencia-de-informacoes-diz-pesquisa\/","og_locale":"pt_BR","og_type":"article","og_title":"Dificuldade de analisar riscos colaterais da pandemia est\u00e1 associado \u00e0 insufici\u00eancia de informa\u00e7\u00f5es, diz pesquisa - Comunidade Ativa","og_description":"Usar m\u00e1scara adianta? Distanciamento social resolve? Al\u00e9m disso, o que ser\u00e1 da economia? Como ficar\u00e1 a educa\u00e7\u00e3o das crian\u00e7as e","og_url":"https:\/\/www.comunidadeativa.jor.br\/index.php\/2021\/05\/05\/dificuldade-de-analisar-riscos-colaterais-da-pandemia-esta-associado-a-insuficiencia-de-informacoes-diz-pesquisa\/","og_site_name":"Comunidade Ativa","article_publisher":"https:\/\/www.facebook.com\/comunidadeativa","article_published_time":"2021-05-05T16:25:17+00:00","article_modified_time":"2023-08-11T21:03:45+00:00","og_image":[{"width":640,"height":352,"url":"https:\/\/www.comunidadeativa.jor.br\/wp-content\/uploads\/2021\/05\/capa-1.jpg","type":"image\/jpeg"}],"author":"Comunidade Ativa","twitter_card":"summary_large_image","twitter_misc":{"Escrito por":"Comunidade Ativa","Est. tempo de leitura":"5 minutos"},"schema":{"@context":"https:\/\/schema.org","@graph":[{"@type":"Article","@id":"https:\/\/www.comunidadeativa.jor.br\/index.php\/2021\/05\/05\/dificuldade-de-analisar-riscos-colaterais-da-pandemia-esta-associado-a-insuficiencia-de-informacoes-diz-pesquisa\/#article","isPartOf":{"@id":"https:\/\/www.comunidadeativa.jor.br\/index.php\/2021\/05\/05\/dificuldade-de-analisar-riscos-colaterais-da-pandemia-esta-associado-a-insuficiencia-de-informacoes-diz-pesquisa\/"},"author":{"name":"Comunidade Ativa","@id":"https:\/\/www.comunidadeativa.jor.br\/#\/schema\/person\/dcaa1f1c51c1f0c47a33b2b734cad6e1"},"headline":"Dificuldade de analisar riscos colaterais da pandemia est\u00e1 associado \u00e0 insufici\u00eancia de informa\u00e7\u00f5es, diz pesquisa","datePublished":"2021-05-05T16:25:17+00:00","dateModified":"2023-08-11T21:03:45+00:00","mainEntityOfPage":{"@id":"https:\/\/www.comunidadeativa.jor.br\/index.php\/2021\/05\/05\/dificuldade-de-analisar-riscos-colaterais-da-pandemia-esta-associado-a-insuficiencia-de-informacoes-diz-pesquisa\/"},"wordCount":1089,"publisher":{"@id":"https:\/\/www.comunidadeativa.jor.br\/#organization"},"image":{"@id":"https:\/\/www.comunidadeativa.jor.br\/index.php\/2021\/05\/05\/dificuldade-de-analisar-riscos-colaterais-da-pandemia-esta-associado-a-insuficiencia-de-informacoes-diz-pesquisa\/#primaryimage"},"thumbnailUrl":"https:\/\/www.comunidadeativa.jor.br\/wp-content\/uploads\/2021\/05\/capa-1.jpg","articleSection":["Recentes","Recentes","Sa\u00fade &amp; Qualidade de Vida"],"inLanguage":"pt-BR"},{"@type":"WebPage","@id":"https:\/\/www.comunidadeativa.jor.br\/index.php\/2021\/05\/05\/dificuldade-de-analisar-riscos-colaterais-da-pandemia-esta-associado-a-insuficiencia-de-informacoes-diz-pesquisa\/","url":"https:\/\/www.comunidadeativa.jor.br\/index.php\/2021\/05\/05\/dificuldade-de-analisar-riscos-colaterais-da-pandemia-esta-associado-a-insuficiencia-de-informacoes-diz-pesquisa\/","name":"Dificuldade de analisar riscos colaterais da pandemia est\u00e1 associado \u00e0 insufici\u00eancia de informa\u00e7\u00f5es, diz pesquisa - Comunidade Ativa","isPartOf":{"@id":"https:\/\/www.comunidadeativa.jor.br\/#website"},"primaryImageOfPage":{"@id":"https:\/\/www.comunidadeativa.jor.br\/index.php\/2021\/05\/05\/dificuldade-de-analisar-riscos-colaterais-da-pandemia-esta-associado-a-insuficiencia-de-informacoes-diz-pesquisa\/#primaryimage"},"image":{"@id":"https:\/\/www.comunidadeativa.jor.br\/index.php\/2021\/05\/05\/dificuldade-de-analisar-riscos-colaterais-da-pandemia-esta-associado-a-insuficiencia-de-informacoes-diz-pesquisa\/#primaryimage"},"thumbnailUrl":"https:\/\/www.comunidadeativa.jor.br\/wp-content\/uploads\/2021\/05\/capa-1.jpg","datePublished":"2021-05-05T16:25:17+00:00","dateModified":"2023-08-11T21:03:45+00:00","breadcrumb":{"@id":"https:\/\/www.comunidadeativa.jor.br\/index.php\/2021\/05\/05\/dificuldade-de-analisar-riscos-colaterais-da-pandemia-esta-associado-a-insuficiencia-de-informacoes-diz-pesquisa\/#breadcrumb"},"inLanguage":"pt-BR","potentialAction":[{"@type":"ReadAction","target":["https:\/\/www.comunidadeativa.jor.br\/index.php\/2021\/05\/05\/dificuldade-de-analisar-riscos-colaterais-da-pandemia-esta-associado-a-insuficiencia-de-informacoes-diz-pesquisa\/"]}]},{"@type":"ImageObject","inLanguage":"pt-BR","@id":"https:\/\/www.comunidadeativa.jor.br\/index.php\/2021\/05\/05\/dificuldade-de-analisar-riscos-colaterais-da-pandemia-esta-associado-a-insuficiencia-de-informacoes-diz-pesquisa\/#primaryimage","url":"https:\/\/www.comunidadeativa.jor.br\/wp-content\/uploads\/2021\/05\/capa-1.jpg","contentUrl":"https:\/\/www.comunidadeativa.jor.br\/wp-content\/uploads\/2021\/05\/capa-1.jpg","width":640,"height":352},{"@type":"BreadcrumbList","@id":"https:\/\/www.comunidadeativa.jor.br\/index.php\/2021\/05\/05\/dificuldade-de-analisar-riscos-colaterais-da-pandemia-esta-associado-a-insuficiencia-de-informacoes-diz-pesquisa\/#breadcrumb","itemListElement":[{"@type":"ListItem","position":1,"name":"In\u00edcio","item":"https:\/\/www.comunidadeativa.jor.br\/"},{"@type":"ListItem","position":2,"name":"Dificuldade de analisar riscos colaterais da pandemia est\u00e1 associado \u00e0 insufici\u00eancia de informa\u00e7\u00f5es, diz pesquisa"}]},{"@type":"WebSite","@id":"https:\/\/www.comunidadeativa.jor.br\/#website","url":"https:\/\/www.comunidadeativa.jor.br\/","name":"Comunidade Ativa","description":"","publisher":{"@id":"https:\/\/www.comunidadeativa.jor.br\/#organization"},"potentialAction":[{"@type":"SearchAction","target":{"@type":"EntryPoint","urlTemplate":"https:\/\/www.comunidadeativa.jor.br\/?s={search_term_string}"},"query-input":{"@type":"PropertyValueSpecification","valueRequired":true,"valueName":"search_term_string"}}],"inLanguage":"pt-BR"},{"@type":"Organization","@id":"https:\/\/www.comunidadeativa.jor.br\/#organization","name":"Comunidade Ativa","url":"https:\/\/www.comunidadeativa.jor.br\/","logo":{"@type":"ImageObject","inLanguage":"pt-BR","@id":"https:\/\/www.comunidadeativa.jor.br\/#\/schema\/logo\/image\/","url":"https:\/\/www.comunidadeativa.jor.br\/wp-content\/uploads\/2018\/03\/cropped-LOGOPNG-1.png","contentUrl":"https:\/\/www.comunidadeativa.jor.br\/wp-content\/uploads\/2018\/03\/cropped-LOGOPNG-1.png","width":318,"height":90,"caption":"Comunidade Ativa"},"image":{"@id":"https:\/\/www.comunidadeativa.jor.br\/#\/schema\/logo\/image\/"},"sameAs":["https:\/\/www.facebook.com\/comunidadeativa"]},{"@type":"Person","@id":"https:\/\/www.comunidadeativa.jor.br\/#\/schema\/person\/dcaa1f1c51c1f0c47a33b2b734cad6e1","name":"Comunidade Ativa","image":{"@type":"ImageObject","inLanguage":"pt-BR","@id":"https:\/\/www.comunidadeativa.jor.br\/#\/schema\/person\/image\/","url":"https:\/\/secure.gravatar.com\/avatar\/09a9a1f85fedf41e81b47f7c1d40084f?s=96&d=mm&r=g","contentUrl":"https:\/\/secure.gravatar.com\/avatar\/09a9a1f85fedf41e81b47f7c1d40084f?s=96&d=mm&r=g","caption":"Comunidade Ativa"},"url":"https:\/\/www.comunidadeativa.jor.br\/index.php\/author\/casalberto\/"}]}},"_links":{"self":[{"href":"https:\/\/www.comunidadeativa.jor.br\/index.php\/wp-json\/wp\/v2\/posts\/2031","targetHints":{"allow":["GET"]}}],"collection":[{"href":"https:\/\/www.comunidadeativa.jor.br\/index.php\/wp-json\/wp\/v2\/posts"}],"about":[{"href":"https:\/\/www.comunidadeativa.jor.br\/index.php\/wp-json\/wp\/v2\/types\/post"}],"author":[{"embeddable":true,"href":"https:\/\/www.comunidadeativa.jor.br\/index.php\/wp-json\/wp\/v2\/users\/1"}],"replies":[{"embeddable":true,"href":"https:\/\/www.comunidadeativa.jor.br\/index.php\/wp-json\/wp\/v2\/comments?post=2031"}],"version-history":[{"count":2,"href":"https:\/\/www.comunidadeativa.jor.br\/index.php\/wp-json\/wp\/v2\/posts\/2031\/revisions"}],"predecessor-version":[{"id":3834,"href":"https:\/\/www.comunidadeativa.jor.br\/index.php\/wp-json\/wp\/v2\/posts\/2031\/revisions\/3834"}],"wp:featuredmedia":[{"embeddable":true,"href":"https:\/\/www.comunidadeativa.jor.br\/index.php\/wp-json\/wp\/v2\/media\/2032"}],"wp:attachment":[{"href":"https:\/\/www.comunidadeativa.jor.br\/index.php\/wp-json\/wp\/v2\/media?parent=2031"}],"wp:term":[{"taxonomy":"category","embeddable":true,"href":"https:\/\/www.comunidadeativa.jor.br\/index.php\/wp-json\/wp\/v2\/categories?post=2031"},{"taxonomy":"post_tag","embeddable":true,"href":"https:\/\/www.comunidadeativa.jor.br\/index.php\/wp-json\/wp\/v2\/tags?post=2031"}],"curies":[{"name":"wp","href":"https:\/\/api.w.org\/{rel}","templated":true}]}}