{"id":2034,"date":"2021-05-06T12:19:38","date_gmt":"2021-05-06T15:19:38","guid":{"rendered":"https:\/\/www.comunidadeativa.jor.br\/?p=2034"},"modified":"2023-08-11T18:03:53","modified_gmt":"2023-08-11T21:03:53","slug":"novas-medidas-de-flexibilizacao-do-comercio-em-bh-foram-anunciadas-por-kalil-na-manha-desta-quinta-6-de-abril","status":"publish","type":"post","link":"https:\/\/www.comunidadeativa.jor.br\/index.php\/2021\/05\/06\/novas-medidas-de-flexibilizacao-do-comercio-em-bh-foram-anunciadas-por-kalil-na-manha-desta-quinta-6-de-abril\/","title":{"rendered":"Novas medidas de flexibiliza\u00e7\u00e3o do com\u00e9rcio em BH foram anunciadas por Kalil na manh\u00e3 desta quinta (6 de maio)"},"content":{"rendered":"<p>Em entrevista coletiva concedida na manh\u00e3 desta quinta-feira, 6, o prefeito Alexandre Kalil anunciou novas medidas relacionadas \u00e0 estrat\u00e9gia de combate \u00e0 pandemia em Belo Horizonte. Em linhas gerais, o prefeito comunicou que, a partir do pr\u00f3ximo s\u00e1bado, 8, a flexibiliza\u00e7\u00e3o das atividades na capital ser\u00e1 aumentada.<\/p>\n<p>Nesse sentido, os bares e restaurantes poder\u00e3o funcionar de segunda a s\u00e1bado de 11h \u00e0s as 19h e feiras ser\u00e3o reabertas. Os clubes tamb\u00e9m poder\u00e3o funcionar normalmente. Haver\u00e1 tamb\u00e9m a normaliza\u00e7\u00e3o do funcionamento de padarias, supermercados, lojas de material de constru\u00e7\u00e3o e de outros estabelecimentos considerados essenciais, inclusive aos domingos, com hor\u00e1rio permitido at\u00e9 as 22h.<\/p>\n<h5>Alerta para o Dia das M\u00e3es<\/h5>\n<p>Segundo informa\u00e7\u00f5es do secret\u00e1rio de Planejamento da Prefeitura Municipal de Belo Horizonte (PBH), Andr\u00e9 Reis, a m\u00e9dia de idade das pessoas que est\u00e3o internadas por Covid-19 na capital \u00e9 de 42 anos. O secret\u00e1rio entende que isso significa que o n\u00famero de jovens acometidos pela doen\u00e7a em BH vem aumentando significativamente.<\/p>\n<p>Baseado nesta situa\u00e7\u00e3o, Kalil alertou os jovens a respeito dos riscos que correm e citou a morte do ator Paulo Gustavo, ocorrida na \u00faltima ter\u00e7a-feira, 4, como um exemplo de que a Covid-19 est\u00e1 afetando tamb\u00e9m a faixa et\u00e1ria mais baixa e fez um alerta para o Dia das M\u00e3es. \u201cSobre festas, viagens, praia, irresponsabilidade e negacionismo eu me nego a falar, porque n\u00e3o vou jogar perolas a porcos. Mas, muitos de voc\u00eas, principalmente os mais jovens, v\u00e3o se encontrar com as m\u00e3es. Ou n\u00e3o. A morte do ator Paulo Gustavo \u00e9 simplesmente uma morte como tantas outras, de um rapaz que n\u00e3o passar\u00e1 o Dia das M\u00e3es com a m\u00e3e dele\u201d, ressaltou o prefeito.<\/p>\n<p>Em vez de visitarem as m\u00e3es no pr\u00f3ximo domingo, Kalil apelou para a criatividade dos filhos para que fa\u00e7am lives ou usem a imagina\u00e7\u00e3o para substitu\u00edrem o encontro presencial por outra forma de comemora\u00e7\u00e3o.<\/p>\n<h5>Pode voltar a fechar<\/h5>\n<p>Segundo Kalil, apesar de os dados da pandemia ainda estarem altos em BH, a queda acentuada dos indicadores levou o Comit\u00ea de Enfrentamento \u00e0 Covid-19 na capital a sinalizar sobre a possibilidade de aumentar a flexibiliza\u00e7\u00e3o. \u201cN\u00f3s estamos a\u00ed, nas v\u00e9speras do Dia das M\u00e3es e hoje podemos dizer que o planejamento feito por esse comit\u00ea e essa prefeitura foi feito para que o com\u00e9rcio aproveitasse a segunda data mais importante do com\u00e9rcio, bares, restaurantes de BH\u201d, disse o prefeito.<\/p>\n<p>Entretanto, Kalil destacou que, da mesma forma que a cidade est\u00e1 sendo reaberta, poder\u00e1 ser fechada novamente. \u00a0\u201cSe abrimos, podemos fechar. N\u00e3o vamos tomar gol aos 45 minutos do segundo tempo\u201d, avisou o prefeito.<\/p>\n<p>Com rela\u00e7\u00e3o \u00e0s manifesta\u00e7\u00f5es do presidente Bolsonaro sobre a possibilidade de interferir na autonomia dos munic\u00edpios no controle das atividades locais, Kalil disse que esse \u00e9 um assunto para ser tratado em Bras\u00edlia, pelo Supremo Tribunal Federal (STF). Para que as medidas adotadas n\u00e3o resultem na eleva\u00e7\u00e3o dos n\u00fameros da pandemia em Belo Horizonte, Kalil fez um apelo \u00e0 popula\u00e7\u00e3o, com \u00eanfase para os empres\u00e1rios, para que sejam mantidas as medidas de preven\u00e7\u00e3o \u00e0 Covid-19.<\/p>\n<h5>Outras medidas e vacina\u00e7\u00e3o<\/h5>\n<p>Segundo o prefeito, a PBH n\u00e3o fechou a cidade simplesmente, uma vez que uma s\u00e9rie de medidas foram adotadas no combate \u00e0 pandemia. Kalil disse que, desde o in\u00edcio do surto de Covid-19, na capital foram distribu\u00eddas mais de 3 milh\u00f5es de cestas b\u00e1sicas, servidas 900 mil toneladas de alimentos nos restaurantes populares e quase 7 milh\u00f5es de refei\u00e7\u00f5es \u00e0 popula\u00e7\u00e3o em situa\u00e7\u00e3o de rua. De acordo com o prefeito, foram entregues 600 mil kits de higiene a fam\u00edlias carentes, com um total de R$ 275 milh\u00f5es investidos em todas as a\u00e7\u00f5es.<\/p>\n<p>Com rela\u00e7\u00e3o \u00e0 interrup\u00e7\u00e3o na aplica\u00e7\u00e3o da segunda dose da vacina em BH, Kalil transferiu a responsabilidade para o Minist\u00e9rio da Sa\u00fade (MS). O prefeito disse que, em ocasi\u00f5es anteriores, mesmo contrariando a orienta\u00e7\u00e3o do MS, que ordenava a aplica\u00e7\u00e3o de todas as doses dos lotes recebidos, a PBH reservou doses para o refor\u00e7o da imuniza\u00e7\u00e3o, o que n\u00e3o se repetiu no lote que apresentou o problema. \u201cRecebemos um documento oficial recomendando que o lote 7 era pra aplicar todas as doses. Entendemos que era um documento respons\u00e1vel e fizemos isso. O ideal \u00e9 que o documento fosse respons\u00e1vel. E n\u00f3s n\u00e3o recebemos um documento oficial respons\u00e1vel\u201d, disse Kalil, justificando a falta das vacinas para a segunda dose.<\/p>\n<p>Entretanto, o prefeito tranquilizou a popula\u00e7\u00e3o. \u201cAcredito que no in\u00edcio da semana que vem voltamos a aplicar a segunda dose. N\u00e3o h\u00e1 problema de atraso de uma semana\u201d, afirmou.<\/p>\n","protected":false},"excerpt":{"rendered":"<p>Em entrevista coletiva concedida na manh\u00e3 desta quinta-feira, 6, o prefeito Alexandre Kalil anunciou novas medidas relacionadas \u00e0 estrat\u00e9gia de<\/p>\n","protected":false},"author":1,"featured_media":2035,"comment_status":"closed","ping_status":"open","sticky":false,"template":"","format":"standard","meta":{"footnotes":""},"categories":[12],"tags":[],"class_list":["post-2034","post","type-post","status-publish","format-standard","has-post-thumbnail","hentry","category-cidadania"],"yoast_head":"<!-- This site is optimized with the Yoast SEO plugin v26.0 - https:\/\/yoast.com\/wordpress\/plugins\/seo\/ -->\n<title>Novas medidas de flexibiliza\u00e7\u00e3o do com\u00e9rcio em BH foram anunciadas por Kalil na manh\u00e3 desta quinta (6 de maio) - Comunidade Ativa<\/title>\n<meta name=\"robots\" content=\"index, follow, max-snippet:-1, max-image-preview:large, max-video-preview:-1\" \/>\n<link rel=\"canonical\" href=\"https:\/\/www.comunidadeativa.jor.br\/index.php\/2021\/05\/06\/novas-medidas-de-flexibilizacao-do-comercio-em-bh-foram-anunciadas-por-kalil-na-manha-desta-quinta-6-de-abril\/\" \/>\n<meta property=\"og:locale\" content=\"pt_BR\" \/>\n<meta property=\"og:type\" content=\"article\" \/>\n<meta property=\"og:title\" content=\"Novas medidas de flexibiliza\u00e7\u00e3o do com\u00e9rcio em BH foram anunciadas por Kalil na manh\u00e3 desta quinta (6 de maio) - Comunidade Ativa\" \/>\n<meta property=\"og:description\" content=\"Em entrevista coletiva concedida na manh\u00e3 desta quinta-feira, 6, o prefeito Alexandre Kalil anunciou novas medidas relacionadas \u00e0 estrat\u00e9gia de\" \/>\n<meta property=\"og:url\" content=\"https:\/\/www.comunidadeativa.jor.br\/index.php\/2021\/05\/06\/novas-medidas-de-flexibilizacao-do-comercio-em-bh-foram-anunciadas-por-kalil-na-manha-desta-quinta-6-de-abril\/\" \/>\n<meta property=\"og:site_name\" content=\"Comunidade Ativa\" \/>\n<meta property=\"article:publisher\" content=\"https:\/\/www.facebook.com\/comunidadeativa\" \/>\n<meta property=\"article:published_time\" content=\"2021-05-06T15:19:38+00:00\" \/>\n<meta property=\"article:modified_time\" content=\"2023-08-11T21:03:53+00:00\" \/>\n<meta property=\"og:image\" content=\"https:\/\/www.comunidadeativa.jor.br\/wp-content\/uploads\/2021\/05\/capa-2.jpg\" \/>\n\t<meta property=\"og:image:width\" content=\"640\" \/>\n\t<meta property=\"og:image:height\" content=\"352\" \/>\n\t<meta property=\"og:image:type\" content=\"image\/jpeg\" \/>\n<meta name=\"author\" content=\"Comunidade Ativa\" \/>\n<meta name=\"twitter:card\" content=\"summary_large_image\" \/>\n<meta name=\"twitter:label1\" content=\"Escrito por\" \/>\n\t<meta name=\"twitter:data1\" content=\"Comunidade Ativa\" \/>\n\t<meta name=\"twitter:label2\" content=\"Est. tempo de leitura\" \/>\n\t<meta name=\"twitter:data2\" content=\"4 minutos\" \/>\n<script type=\"application\/ld+json\" class=\"yoast-schema-graph\">{\"@context\":\"https:\/\/schema.org\",\"@graph\":[{\"@type\":\"Article\",\"@id\":\"https:\/\/www.comunidadeativa.jor.br\/index.php\/2021\/05\/06\/novas-medidas-de-flexibilizacao-do-comercio-em-bh-foram-anunciadas-por-kalil-na-manha-desta-quinta-6-de-abril\/#article\",\"isPartOf\":{\"@id\":\"https:\/\/www.comunidadeativa.jor.br\/index.php\/2021\/05\/06\/novas-medidas-de-flexibilizacao-do-comercio-em-bh-foram-anunciadas-por-kalil-na-manha-desta-quinta-6-de-abril\/\"},\"author\":{\"name\":\"Comunidade Ativa\",\"@id\":\"https:\/\/www.comunidadeativa.jor.br\/#\/schema\/person\/dcaa1f1c51c1f0c47a33b2b734cad6e1\"},\"headline\":\"Novas medidas de flexibiliza\u00e7\u00e3o do com\u00e9rcio em BH foram anunciadas por Kalil na manh\u00e3 desta quinta (6 de maio)\",\"datePublished\":\"2021-05-06T15:19:38+00:00\",\"dateModified\":\"2023-08-11T21:03:53+00:00\",\"mainEntityOfPage\":{\"@id\":\"https:\/\/www.comunidadeativa.jor.br\/index.php\/2021\/05\/06\/novas-medidas-de-flexibilizacao-do-comercio-em-bh-foram-anunciadas-por-kalil-na-manha-desta-quinta-6-de-abril\/\"},\"wordCount\":832,\"publisher\":{\"@id\":\"https:\/\/www.comunidadeativa.jor.br\/#organization\"},\"image\":{\"@id\":\"https:\/\/www.comunidadeativa.jor.br\/index.php\/2021\/05\/06\/novas-medidas-de-flexibilizacao-do-comercio-em-bh-foram-anunciadas-por-kalil-na-manha-desta-quinta-6-de-abril\/#primaryimage\"},\"thumbnailUrl\":\"https:\/\/www.comunidadeativa.jor.br\/wp-content\/uploads\/2021\/05\/capa-2.jpg\",\"articleSection\":[\"Cidadania\"],\"inLanguage\":\"pt-BR\"},{\"@type\":\"WebPage\",\"@id\":\"https:\/\/www.comunidadeativa.jor.br\/index.php\/2021\/05\/06\/novas-medidas-de-flexibilizacao-do-comercio-em-bh-foram-anunciadas-por-kalil-na-manha-desta-quinta-6-de-abril\/\",\"url\":\"https:\/\/www.comunidadeativa.jor.br\/index.php\/2021\/05\/06\/novas-medidas-de-flexibilizacao-do-comercio-em-bh-foram-anunciadas-por-kalil-na-manha-desta-quinta-6-de-abril\/\",\"name\":\"Novas medidas de flexibiliza\u00e7\u00e3o do com\u00e9rcio em BH foram anunciadas por Kalil na manh\u00e3 desta quinta (6 de maio) - Comunidade Ativa\",\"isPartOf\":{\"@id\":\"https:\/\/www.comunidadeativa.jor.br\/#website\"},\"primaryImageOfPage\":{\"@id\":\"https:\/\/www.comunidadeativa.jor.br\/index.php\/2021\/05\/06\/novas-medidas-de-flexibilizacao-do-comercio-em-bh-foram-anunciadas-por-kalil-na-manha-desta-quinta-6-de-abril\/#primaryimage\"},\"image\":{\"@id\":\"https:\/\/www.comunidadeativa.jor.br\/index.php\/2021\/05\/06\/novas-medidas-de-flexibilizacao-do-comercio-em-bh-foram-anunciadas-por-kalil-na-manha-desta-quinta-6-de-abril\/#primaryimage\"},\"thumbnailUrl\":\"https:\/\/www.comunidadeativa.jor.br\/wp-content\/uploads\/2021\/05\/capa-2.jpg\",\"datePublished\":\"2021-05-06T15:19:38+00:00\",\"dateModified\":\"2023-08-11T21:03:53+00:00\",\"breadcrumb\":{\"@id\":\"https:\/\/www.comunidadeativa.jor.br\/index.php\/2021\/05\/06\/novas-medidas-de-flexibilizacao-do-comercio-em-bh-foram-anunciadas-por-kalil-na-manha-desta-quinta-6-de-abril\/#breadcrumb\"},\"inLanguage\":\"pt-BR\",\"potentialAction\":[{\"@type\":\"ReadAction\",\"target\":[\"https:\/\/www.comunidadeativa.jor.br\/index.php\/2021\/05\/06\/novas-medidas-de-flexibilizacao-do-comercio-em-bh-foram-anunciadas-por-kalil-na-manha-desta-quinta-6-de-abril\/\"]}]},{\"@type\":\"ImageObject\",\"inLanguage\":\"pt-BR\",\"@id\":\"https:\/\/www.comunidadeativa.jor.br\/index.php\/2021\/05\/06\/novas-medidas-de-flexibilizacao-do-comercio-em-bh-foram-anunciadas-por-kalil-na-manha-desta-quinta-6-de-abril\/#primaryimage\",\"url\":\"https:\/\/www.comunidadeativa.jor.br\/wp-content\/uploads\/2021\/05\/capa-2.jpg\",\"contentUrl\":\"https:\/\/www.comunidadeativa.jor.br\/wp-content\/uploads\/2021\/05\/capa-2.jpg\",\"width\":640,\"height\":352},{\"@type\":\"BreadcrumbList\",\"@id\":\"https:\/\/www.comunidadeativa.jor.br\/index.php\/2021\/05\/06\/novas-medidas-de-flexibilizacao-do-comercio-em-bh-foram-anunciadas-por-kalil-na-manha-desta-quinta-6-de-abril\/#breadcrumb\",\"itemListElement\":[{\"@type\":\"ListItem\",\"position\":1,\"name\":\"In\u00edcio\",\"item\":\"https:\/\/www.comunidadeativa.jor.br\/\"},{\"@type\":\"ListItem\",\"position\":2,\"name\":\"Novas medidas de flexibiliza\u00e7\u00e3o do com\u00e9rcio em BH foram anunciadas por Kalil na manh\u00e3 desta quinta (6 de maio)\"}]},{\"@type\":\"WebSite\",\"@id\":\"https:\/\/www.comunidadeativa.jor.br\/#website\",\"url\":\"https:\/\/www.comunidadeativa.jor.br\/\",\"name\":\"Comunidade Ativa\",\"description\":\"\",\"publisher\":{\"@id\":\"https:\/\/www.comunidadeativa.jor.br\/#organization\"},\"potentialAction\":[{\"@type\":\"SearchAction\",\"target\":{\"@type\":\"EntryPoint\",\"urlTemplate\":\"https:\/\/www.comunidadeativa.jor.br\/?s={search_term_string}\"},\"query-input\":{\"@type\":\"PropertyValueSpecification\",\"valueRequired\":true,\"valueName\":\"search_term_string\"}}],\"inLanguage\":\"pt-BR\"},{\"@type\":\"Organization\",\"@id\":\"https:\/\/www.comunidadeativa.jor.br\/#organization\",\"name\":\"Comunidade Ativa\",\"url\":\"https:\/\/www.comunidadeativa.jor.br\/\",\"logo\":{\"@type\":\"ImageObject\",\"inLanguage\":\"pt-BR\",\"@id\":\"https:\/\/www.comunidadeativa.jor.br\/#\/schema\/logo\/image\/\",\"url\":\"https:\/\/www.comunidadeativa.jor.br\/wp-content\/uploads\/2018\/03\/cropped-LOGOPNG-1.png\",\"contentUrl\":\"https:\/\/www.comunidadeativa.jor.br\/wp-content\/uploads\/2018\/03\/cropped-LOGOPNG-1.png\",\"width\":318,\"height\":90,\"caption\":\"Comunidade Ativa\"},\"image\":{\"@id\":\"https:\/\/www.comunidadeativa.jor.br\/#\/schema\/logo\/image\/\"},\"sameAs\":[\"https:\/\/www.facebook.com\/comunidadeativa\"]},{\"@type\":\"Person\",\"@id\":\"https:\/\/www.comunidadeativa.jor.br\/#\/schema\/person\/dcaa1f1c51c1f0c47a33b2b734cad6e1\",\"name\":\"Comunidade Ativa\",\"image\":{\"@type\":\"ImageObject\",\"inLanguage\":\"pt-BR\",\"@id\":\"https:\/\/www.comunidadeativa.jor.br\/#\/schema\/person\/image\/\",\"url\":\"https:\/\/secure.gravatar.com\/avatar\/09a9a1f85fedf41e81b47f7c1d40084f?s=96&d=mm&r=g\",\"contentUrl\":\"https:\/\/secure.gravatar.com\/avatar\/09a9a1f85fedf41e81b47f7c1d40084f?s=96&d=mm&r=g\",\"caption\":\"Comunidade Ativa\"},\"url\":\"https:\/\/www.comunidadeativa.jor.br\/index.php\/author\/casalberto\/\"}]}<\/script>\n<!-- \/ Yoast SEO plugin. -->","yoast_head_json":{"title":"Novas medidas de flexibiliza\u00e7\u00e3o do com\u00e9rcio em BH foram anunciadas por Kalil na manh\u00e3 desta quinta (6 de maio) - Comunidade Ativa","robots":{"index":"index","follow":"follow","max-snippet":"max-snippet:-1","max-image-preview":"max-image-preview:large","max-video-preview":"max-video-preview:-1"},"canonical":"https:\/\/www.comunidadeativa.jor.br\/index.php\/2021\/05\/06\/novas-medidas-de-flexibilizacao-do-comercio-em-bh-foram-anunciadas-por-kalil-na-manha-desta-quinta-6-de-abril\/","og_locale":"pt_BR","og_type":"article","og_title":"Novas medidas de flexibiliza\u00e7\u00e3o do com\u00e9rcio em BH foram anunciadas por Kalil na manh\u00e3 desta quinta (6 de maio) - Comunidade Ativa","og_description":"Em entrevista coletiva concedida na manh\u00e3 desta quinta-feira, 6, o prefeito Alexandre Kalil anunciou novas medidas relacionadas \u00e0 estrat\u00e9gia de","og_url":"https:\/\/www.comunidadeativa.jor.br\/index.php\/2021\/05\/06\/novas-medidas-de-flexibilizacao-do-comercio-em-bh-foram-anunciadas-por-kalil-na-manha-desta-quinta-6-de-abril\/","og_site_name":"Comunidade Ativa","article_publisher":"https:\/\/www.facebook.com\/comunidadeativa","article_published_time":"2021-05-06T15:19:38+00:00","article_modified_time":"2023-08-11T21:03:53+00:00","og_image":[{"width":640,"height":352,"url":"https:\/\/www.comunidadeativa.jor.br\/wp-content\/uploads\/2021\/05\/capa-2.jpg","type":"image\/jpeg"}],"author":"Comunidade Ativa","twitter_card":"summary_large_image","twitter_misc":{"Escrito por":"Comunidade Ativa","Est. tempo de leitura":"4 minutos"},"schema":{"@context":"https:\/\/schema.org","@graph":[{"@type":"Article","@id":"https:\/\/www.comunidadeativa.jor.br\/index.php\/2021\/05\/06\/novas-medidas-de-flexibilizacao-do-comercio-em-bh-foram-anunciadas-por-kalil-na-manha-desta-quinta-6-de-abril\/#article","isPartOf":{"@id":"https:\/\/www.comunidadeativa.jor.br\/index.php\/2021\/05\/06\/novas-medidas-de-flexibilizacao-do-comercio-em-bh-foram-anunciadas-por-kalil-na-manha-desta-quinta-6-de-abril\/"},"author":{"name":"Comunidade Ativa","@id":"https:\/\/www.comunidadeativa.jor.br\/#\/schema\/person\/dcaa1f1c51c1f0c47a33b2b734cad6e1"},"headline":"Novas medidas de flexibiliza\u00e7\u00e3o do com\u00e9rcio em BH foram anunciadas por Kalil na manh\u00e3 desta quinta (6 de maio)","datePublished":"2021-05-06T15:19:38+00:00","dateModified":"2023-08-11T21:03:53+00:00","mainEntityOfPage":{"@id":"https:\/\/www.comunidadeativa.jor.br\/index.php\/2021\/05\/06\/novas-medidas-de-flexibilizacao-do-comercio-em-bh-foram-anunciadas-por-kalil-na-manha-desta-quinta-6-de-abril\/"},"wordCount":832,"publisher":{"@id":"https:\/\/www.comunidadeativa.jor.br\/#organization"},"image":{"@id":"https:\/\/www.comunidadeativa.jor.br\/index.php\/2021\/05\/06\/novas-medidas-de-flexibilizacao-do-comercio-em-bh-foram-anunciadas-por-kalil-na-manha-desta-quinta-6-de-abril\/#primaryimage"},"thumbnailUrl":"https:\/\/www.comunidadeativa.jor.br\/wp-content\/uploads\/2021\/05\/capa-2.jpg","articleSection":["Cidadania"],"inLanguage":"pt-BR"},{"@type":"WebPage","@id":"https:\/\/www.comunidadeativa.jor.br\/index.php\/2021\/05\/06\/novas-medidas-de-flexibilizacao-do-comercio-em-bh-foram-anunciadas-por-kalil-na-manha-desta-quinta-6-de-abril\/","url":"https:\/\/www.comunidadeativa.jor.br\/index.php\/2021\/05\/06\/novas-medidas-de-flexibilizacao-do-comercio-em-bh-foram-anunciadas-por-kalil-na-manha-desta-quinta-6-de-abril\/","name":"Novas medidas de flexibiliza\u00e7\u00e3o do com\u00e9rcio em BH foram anunciadas por Kalil na manh\u00e3 desta quinta (6 de maio) - Comunidade Ativa","isPartOf":{"@id":"https:\/\/www.comunidadeativa.jor.br\/#website"},"primaryImageOfPage":{"@id":"https:\/\/www.comunidadeativa.jor.br\/index.php\/2021\/05\/06\/novas-medidas-de-flexibilizacao-do-comercio-em-bh-foram-anunciadas-por-kalil-na-manha-desta-quinta-6-de-abril\/#primaryimage"},"image":{"@id":"https:\/\/www.comunidadeativa.jor.br\/index.php\/2021\/05\/06\/novas-medidas-de-flexibilizacao-do-comercio-em-bh-foram-anunciadas-por-kalil-na-manha-desta-quinta-6-de-abril\/#primaryimage"},"thumbnailUrl":"https:\/\/www.comunidadeativa.jor.br\/wp-content\/uploads\/2021\/05\/capa-2.jpg","datePublished":"2021-05-06T15:19:38+00:00","dateModified":"2023-08-11T21:03:53+00:00","breadcrumb":{"@id":"https:\/\/www.comunidadeativa.jor.br\/index.php\/2021\/05\/06\/novas-medidas-de-flexibilizacao-do-comercio-em-bh-foram-anunciadas-por-kalil-na-manha-desta-quinta-6-de-abril\/#breadcrumb"},"inLanguage":"pt-BR","potentialAction":[{"@type":"ReadAction","target":["https:\/\/www.comunidadeativa.jor.br\/index.php\/2021\/05\/06\/novas-medidas-de-flexibilizacao-do-comercio-em-bh-foram-anunciadas-por-kalil-na-manha-desta-quinta-6-de-abril\/"]}]},{"@type":"ImageObject","inLanguage":"pt-BR","@id":"https:\/\/www.comunidadeativa.jor.br\/index.php\/2021\/05\/06\/novas-medidas-de-flexibilizacao-do-comercio-em-bh-foram-anunciadas-por-kalil-na-manha-desta-quinta-6-de-abril\/#primaryimage","url":"https:\/\/www.comunidadeativa.jor.br\/wp-content\/uploads\/2021\/05\/capa-2.jpg","contentUrl":"https:\/\/www.comunidadeativa.jor.br\/wp-content\/uploads\/2021\/05\/capa-2.jpg","width":640,"height":352},{"@type":"BreadcrumbList","@id":"https:\/\/www.comunidadeativa.jor.br\/index.php\/2021\/05\/06\/novas-medidas-de-flexibilizacao-do-comercio-em-bh-foram-anunciadas-por-kalil-na-manha-desta-quinta-6-de-abril\/#breadcrumb","itemListElement":[{"@type":"ListItem","position":1,"name":"In\u00edcio","item":"https:\/\/www.comunidadeativa.jor.br\/"},{"@type":"ListItem","position":2,"name":"Novas medidas de flexibiliza\u00e7\u00e3o do com\u00e9rcio em BH foram anunciadas por Kalil na manh\u00e3 desta quinta (6 de maio)"}]},{"@type":"WebSite","@id":"https:\/\/www.comunidadeativa.jor.br\/#website","url":"https:\/\/www.comunidadeativa.jor.br\/","name":"Comunidade Ativa","description":"","publisher":{"@id":"https:\/\/www.comunidadeativa.jor.br\/#organization"},"potentialAction":[{"@type":"SearchAction","target":{"@type":"EntryPoint","urlTemplate":"https:\/\/www.comunidadeativa.jor.br\/?s={search_term_string}"},"query-input":{"@type":"PropertyValueSpecification","valueRequired":true,"valueName":"search_term_string"}}],"inLanguage":"pt-BR"},{"@type":"Organization","@id":"https:\/\/www.comunidadeativa.jor.br\/#organization","name":"Comunidade Ativa","url":"https:\/\/www.comunidadeativa.jor.br\/","logo":{"@type":"ImageObject","inLanguage":"pt-BR","@id":"https:\/\/www.comunidadeativa.jor.br\/#\/schema\/logo\/image\/","url":"https:\/\/www.comunidadeativa.jor.br\/wp-content\/uploads\/2018\/03\/cropped-LOGOPNG-1.png","contentUrl":"https:\/\/www.comunidadeativa.jor.br\/wp-content\/uploads\/2018\/03\/cropped-LOGOPNG-1.png","width":318,"height":90,"caption":"Comunidade Ativa"},"image":{"@id":"https:\/\/www.comunidadeativa.jor.br\/#\/schema\/logo\/image\/"},"sameAs":["https:\/\/www.facebook.com\/comunidadeativa"]},{"@type":"Person","@id":"https:\/\/www.comunidadeativa.jor.br\/#\/schema\/person\/dcaa1f1c51c1f0c47a33b2b734cad6e1","name":"Comunidade Ativa","image":{"@type":"ImageObject","inLanguage":"pt-BR","@id":"https:\/\/www.comunidadeativa.jor.br\/#\/schema\/person\/image\/","url":"https:\/\/secure.gravatar.com\/avatar\/09a9a1f85fedf41e81b47f7c1d40084f?s=96&d=mm&r=g","contentUrl":"https:\/\/secure.gravatar.com\/avatar\/09a9a1f85fedf41e81b47f7c1d40084f?s=96&d=mm&r=g","caption":"Comunidade Ativa"},"url":"https:\/\/www.comunidadeativa.jor.br\/index.php\/author\/casalberto\/"}]}},"_links":{"self":[{"href":"https:\/\/www.comunidadeativa.jor.br\/index.php\/wp-json\/wp\/v2\/posts\/2034","targetHints":{"allow":["GET"]}}],"collection":[{"href":"https:\/\/www.comunidadeativa.jor.br\/index.php\/wp-json\/wp\/v2\/posts"}],"about":[{"href":"https:\/\/www.comunidadeativa.jor.br\/index.php\/wp-json\/wp\/v2\/types\/post"}],"author":[{"embeddable":true,"href":"https:\/\/www.comunidadeativa.jor.br\/index.php\/wp-json\/wp\/v2\/users\/1"}],"replies":[{"embeddable":true,"href":"https:\/\/www.comunidadeativa.jor.br\/index.php\/wp-json\/wp\/v2\/comments?post=2034"}],"version-history":[{"count":9,"href":"https:\/\/www.comunidadeativa.jor.br\/index.php\/wp-json\/wp\/v2\/posts\/2034\/revisions"}],"predecessor-version":[{"id":3835,"href":"https:\/\/www.comunidadeativa.jor.br\/index.php\/wp-json\/wp\/v2\/posts\/2034\/revisions\/3835"}],"wp:featuredmedia":[{"embeddable":true,"href":"https:\/\/www.comunidadeativa.jor.br\/index.php\/wp-json\/wp\/v2\/media\/2035"}],"wp:attachment":[{"href":"https:\/\/www.comunidadeativa.jor.br\/index.php\/wp-json\/wp\/v2\/media?parent=2034"}],"wp:term":[{"taxonomy":"category","embeddable":true,"href":"https:\/\/www.comunidadeativa.jor.br\/index.php\/wp-json\/wp\/v2\/categories?post=2034"},{"taxonomy":"post_tag","embeddable":true,"href":"https:\/\/www.comunidadeativa.jor.br\/index.php\/wp-json\/wp\/v2\/tags?post=2034"}],"curies":[{"name":"wp","href":"https:\/\/api.w.org\/{rel}","templated":true}]}}