{"id":2047,"date":"2021-05-10T12:57:00","date_gmt":"2021-05-10T15:57:00","guid":{"rendered":"https:\/\/www.comunidadeativa.jor.br\/?p=2047"},"modified":"2023-08-11T18:04:27","modified_gmt":"2023-08-11T21:04:27","slug":"o-novo-coronavirus-pode-permanecer-no-ar-por-horas-diz-orgao-sanitario-do-governo-dos-estados-unidos","status":"publish","type":"post","link":"https:\/\/www.comunidadeativa.jor.br\/index.php\/2021\/05\/10\/o-novo-coronavirus-pode-permanecer-no-ar-por-horas-diz-orgao-sanitario-do-governo-dos-estados-unidos\/","title":{"rendered":"O novo coronav\u00edrus pode permanecer no ar por horas, diz \u00f3rg\u00e3o sanit\u00e1rio do governo dos Estados Unidos"},"content":{"rendered":"<p>O Centro de Controle e Preven\u00e7\u00e3o de Doen\u00e7as dos Estados Unidos (CDC, na sigla em ingl\u00eas) atualizou na \u00faltima sexta (7 de maio) as c<a href=\"https:\/\/www.cdc.gov\/coronavirus\/2019-ncov\/science\/science-briefs\/sars-cov-2-transmission.html\" target=\"_blank\" rel=\"noopener\">onsidera\u00e7\u00f5es sobre as possibilidades de transmiss\u00e3o da Covid-19<\/a>. Segundo o CDC, o novo resumo cient\u00edfico foi atualizado visando refletir o conhecimento mais recente sobre as formas como o cont\u00e1gio pelo SARS-CoV-2, o v\u00edrus causador da doen\u00e7a, pode ocorrer.<\/p>\n<p>O CDC informa que os modos de transmiss\u00e3o pelo novo coronav\u00edrus foram classificados como <em>inala\u00e7\u00e3o do v\u00edrus, deposi\u00e7\u00e3o do v\u00edrus nas membranas mucosas expostas e tocar nas membranas com m\u00e3os contaminadas<\/em>. O \u00f3rg\u00e3o sanit\u00e1rio americano destacou ainda que, em determinadas condi\u00e7\u00f5es, o v\u00edrus pode permanecer no ar por horas e que o risco de cont\u00e1gio est\u00e1 associado \u00e0 carga viral existente no ambiente.<\/p>\n<p>Entretanto, ainda que tenham surgido novos entendimentos sobre os mecanismos de transmiss\u00e3o, o CDC reafirma que as medidas de preven\u00e7\u00e3o j\u00e1 consagradas continuam v\u00e1lidas.<\/p>\n<h5>Formas de cont\u00e1gio<\/h5>\n<p>Segundo o CDC, os estudos confirmam que a exposi\u00e7\u00e3o aos fluidos respirat\u00f3rios infectados pelo v\u00edrus pode ocorrer de tr\u00eas formas:<\/p>\n<ul>\n<li>pela inala\u00e7\u00e3o de got\u00edculas respirat\u00f3rias muito pequenas e de part\u00edculas de aerossol suspensa no ar;<\/li>\n<li>pela deposi\u00e7\u00e3o dessas part\u00edculas na mucosa da boca, nariz ou olhos, seja por respingos diretos ou por sprays;<\/li>\n<li>ao tocar as mucosas com as m\u00e3os contaminadas por esses fluidos.<\/li>\n<\/ul>\n<p>O \u00f3rg\u00e3o destaca que os fluidos s\u00e3o liberados durante a respira\u00e7\u00e3o tranquila ou quando a pessoa fala, canta, espirra, tosse ou faz exerc\u00edcios. Nesse momento, uma pessoa infectada pode liberar gotas grandes e pequenas contaminadas pelo v\u00edrus. As maiores permanecem no ar por segundos e minutos. As got\u00edculas e as part\u00edculas de aerossol, por sua vez, podem permanecer suspensas no ar por minutos e at\u00e9 por horas.<\/p>\n<p>O CDC destaca que uma forma de transmiss\u00e3o n\u00e3o exclui a outra. Ou seja, mais de uma pode acontecer ao mesmo tempo e cada uma delas apresenta riscos espec\u00edficos.<\/p>\n<p>Os estudos verificados pelo CDC indicam que inalar got\u00edculas ou part\u00edculas de aerossol apresenta risco maior em dist\u00e2ncias inferiores a dois metros (a rigor, seis p\u00e9s ou 1,8 metros) da pessoa infectada. Indicam tamb\u00e9m que a\u00a0deposi\u00e7\u00e3o do v\u00edrus por meio de respingos e borrifos que s\u00e3o exalados pela pessoa infectada tamb\u00e9m \u00e9 maior quando h\u00e1 proximidade com a pessoa, onde haver\u00e1 maior concentra\u00e7\u00e3o do material contaminado.<\/p>\n<p>As m\u00e3os podem ser contaminadas diretamente por esse material, quando \u00e9 exalado por pessoa infectada, ou indiretamente, ao tocar uma superf\u00edcie que contenha o fluido.<\/p>\n<h5>Cont\u00e1gio a dist\u00e2ncia maior que dois metros<\/h5>\n<p>\u00c9 poss\u00edvel contrair o v\u00edrus a dist\u00e2ncia maior que dois metros da pessoa contaminada, diz o CDC. O \u00f3rg\u00e3o destaca que, embora o risco de transmiss\u00e3o a dist\u00e2ncias inferiores seja maior, o cont\u00e1gio em dist\u00e2ncias maiores foi repetidamente documentado em determinadas circunst\u00e2ncias que podem ser evitadas.<\/p>\n<p>Segundo o CDC, os eventos registrados envolviam a presen\u00e7a de uma pessoa infectada exalando v\u00edrus em ambientes fechados por mais de 15 minutos e, em alguns casos, por horas. Em situa\u00e7\u00f5es assim, a concentra\u00e7\u00e3o do v\u00edrus no ar foi suficiente para transmitir a doen\u00e7a a dist\u00e2ncias superiores a dois metros.<\/p>\n<p>Em alguns casos, pessoas que passaram por aquele espa\u00e7o logo ap\u00f3s a sa\u00edda da pessoa infectada contra\u00edram a doen\u00e7a.\u00a0De acordo com relat\u00f3rios publicados, os fatores que aumentam o risco de infec\u00e7\u00e3o por SARS-CoV-2 nessas circunst\u00e2ncias incluem:<\/p>\n<ul>\n<li><strong>haver espa\u00e7o fechado, com ventila\u00e7\u00e3o ou tratamento de ar inadequados<\/strong>, onde os fluidos respirat\u00f3rios contaminados possam se acumular no ambiente a\u00e9reo;<\/li>\n<li><strong>haver aumento na exala\u00e7\u00e3o dos fluidos, <\/strong>o que pode acontecer quando a pessoa infectada faz um esfor\u00e7o f\u00edsico maior ou aumenta o tom de voz \u2014 o que ocorre, por exemplo, quando ela est\u00e1 se exercitando, gritando, cantando;<\/li>\n<li><strong>haver exposi\u00e7\u00e3o prolongada<\/strong> a essas condi\u00e7\u00f5es \u2014 normalmente, superior a 15 minutos.<\/li>\n<\/ul>\n<h5>Concentra\u00e7\u00e3o do v\u00edrus<\/h5>\n<p>J\u00e1 se sabia anteriormente que a gravidade da Covid-19 est\u00e1 associada \u00e0 quantidade de v\u00edrus que uma pessoa contrai. A esta informa\u00e7\u00e3o, os estudos mais recentes analisados pelo CDC acrescentaram que o risco de infec\u00e7\u00e3o pelo SARS-CoV-2 tamb\u00e9m aumenta quando a pessoa \u00e9 exposta a maior concentra\u00e7\u00e3o de v\u00edrus.<\/p>\n<p>O \u00f3rg\u00e3o destaca que, uma vez que as got\u00edculas e part\u00edculas infecciosas s\u00e3o exaladas, elas se movem para fora da fonte com um determinado alcance. Por isso, o risco de infec\u00e7\u00e3o diminui com o aumento da dist\u00e2ncia da fonte e o aumento do tempo ap\u00f3s a expira\u00e7\u00e3o.<\/p>\n<p>Contudo, o CDC destaca os dois processos relacionados abaixo como sendo principais para determinar a quantidade de v\u00edrus \u00e0 qual uma pessoa fica exposta ao respirar ou ao tocar uma superf\u00edcie contaminada:<\/p>\n<ol>\n<li><strong>Perda progressiva de viabilidade do v\u00edrus infectar algu\u00e9m<br \/>\n<\/strong>Quando expostos a fatores ambientais \u2014 como temperatura, umidade e radia\u00e7\u00e3o ultravioleta (da luz solar, por exemplo) \u2014progressivamente, o v\u00edrus vai perdendo a capacidade infecciosa. Portanto, quanto mais tempo o v\u00edrus fica exposto, menor \u00e9 a sua viabilidade e menor se torna a concentra\u00e7\u00e3o viral em um ambiente.<\/li>\n<li><strong>Diminui\u00e7\u00e3o progressiva da concentra\u00e7\u00e3o de v\u00edrus no ar, que ocorre conforme: <\/strong><\/li>\n<\/ol>\n<ul>\n<li>a for\u00e7a da gravidade faz com que got\u00edculas respirat\u00f3rias maiores e mais pesadas que estejam contaminadas caiam no solo ou sobre outras superf\u00edcies;<\/li>\n<li>as got\u00edculas muito pequenas e part\u00edculas de aerossol suspensas v\u00e3o se misturando e se diluindo quando h\u00e1 volume e fluxo de ar crescente no ambiente onde est\u00e3o.<\/li>\n<\/ul>\n<p>O CDC ressalta que esta mistura n\u00e3o \u00e9 necessariamente uniforme e pode ser influenciada pela varia\u00e7\u00e3o de temperatura, que pode acontecer de forma diferentes entre pontos de um mesmo ambiente, e pelo forma inicial das exala\u00e7\u00f5es. Portanto, a diminui\u00e7\u00e3o da concentra\u00e7\u00e3o de v\u00edrus em um ambiente vai depender tamb\u00e9m de acordo com esses fatores.<\/p>\n<h5>Quanto tempo dura o risco no ar e em superf\u00edcies<\/h5>\n<p><a href=\"https:\/\/www.cdc.gov\/coronavirus\/2019-ncov\/more\/science-and-research\/surface-transmission.html\" target=\"_blank\" rel=\"noopener\">Outro resumo recente do CDC, publicado no dia 5 de maio<\/a>, destaca que a perman\u00eancia do v\u00edrus em um ambiente fechado pode ocorrer por intervalos que vairam de minutos a horas, o que depender\u00e1 de v\u00e1rios fatores \u2014 carga viral, ventila\u00e7\u00e3o, temperatura, entre outros. Segundo o \u00f3rg\u00e3o, \u00e9 baixo o risco de contrair a doen\u00e7a entrando em um ambiente onde uma pessoa contaminada tenha estado a mais de 24 horas. Contudo, o risco existe e quanto mais ventilado o ambiente for, menor ser\u00e1 a possibilidade de cont\u00e1gio ao longo do tempo.<\/p>\n<p>Segundo o CDC, o uso de m\u00e1scara de forma consistente e correta pode reduzir substancialmente a quantidade de v\u00edrus em ambientes fechados, incluindo a quantidade de v\u00edrus que atinge as superf\u00edcies.<\/p>\n<p>Com rela\u00e7\u00e3o \u00e0 deposi\u00e7\u00e3o do SARS-CoV-2 sobre superf\u00edcies, o CDC analisou estudos que demonstram que h\u00e1 diferen\u00e7as nos riscos apresentados por superf\u00edcies porosas com rela\u00e7\u00e3o \u00e0s n\u00e3o porosas. Ainda que esses riscos sejam baixos, se comparados a outras formas de cont\u00e1gio, eles existem.<\/p>\n<p>Em superf\u00edcies n\u00e3o porosas \u2014 como a\u00e7o, pl\u00e1stico e vidros \u2014 o SARS-CoV-2 pode permanecer ativo por dias ou at\u00e9 por semanas, dependendo das condi\u00e7\u00f5es ambientais. Nas porosas o v\u00edrus permanece ativo por minutos ou por horas e h\u00e1 estudos que relacionam esta diferen\u00e7a \u00e0 maior capacidade de evapora\u00e7\u00e3o dos fluidos que as \u00faltimas apresentam.<\/p>\n<p>De qualquer forma, a recomenda\u00e7\u00e3o para que as superf\u00edcies sejam higienizadas permanece. O processo de higieniza\u00e7\u00e3o pode inativar o v\u00edrus \u2014 pelo contato com produto de limpeza \u2014 ou remov\u00ea-lo mecanicamente.<\/p>\n<p>Portanto, diante dos \u00faltimos resumos do CDC, al\u00e9m de mantermos as medidas j\u00e1 bastante propagadas \u2014 usar m\u00e1scara de forma correta e constante, higienizar as m\u00e3os e manter a dist\u00e2ncia de outras pessoas \u2014, como recursos adicionais na preven\u00e7\u00e3o \u00e0 Covid-19, devemos continuar higienizando as superf\u00edcies e cuidar para que os ambientes estejam sempre bem ventilados.<\/p>\n<p><strong><em>Uma dica<\/em><\/strong><\/p>\n<p><em>Para mais informa\u00e7\u00f5es sobre os temas abordados nessa mat\u00e9ria, acesse os links dispon\u00edveis ao longo do texto. Eles remetem \u00e0s fontes utilizadas aqui.\u00a0<\/em><\/p>\n<p><em>Uma dica: os artigos fora da p\u00e1gina do Comunidade Ativa que n\u00e3o estiverem em portugu\u00eas podem ser traduzidos automaticamente pelo navegador pelo seu navegador. Pra isso, basta clicar com o bot\u00e3o direito em qualquer ponto do texto a ser traduzido e escolher a op\u00e7\u00e3o \u201cTraduzir para o portugu\u00eas\u201d.\u00a0<\/em><\/p>\n<p>&nbsp;<\/p>\n","protected":false},"excerpt":{"rendered":"<p>O Centro de Controle e Preven\u00e7\u00e3o de Doen\u00e7as dos Estados Unidos (CDC, na sigla em ingl\u00eas) atualizou na \u00faltima sexta<\/p>\n","protected":false},"author":1,"featured_media":2048,"comment_status":"closed","ping_status":"open","sticky":false,"template":"","format":"standard","meta":{"footnotes":""},"categories":[9],"tags":[],"class_list":["post-2047","post","type-post","status-publish","format-standard","has-post-thumbnail","hentry","category-saude-qualidade-de-vida"],"yoast_head":"<!-- This site is optimized with the Yoast SEO plugin v26.0 - https:\/\/yoast.com\/wordpress\/plugins\/seo\/ -->\n<title>O novo coronav\u00edrus pode permanecer no ar por horas, diz \u00f3rg\u00e3o sanit\u00e1rio do governo dos Estados Unidos - Comunidade Ativa<\/title>\n<meta name=\"robots\" content=\"index, follow, max-snippet:-1, max-image-preview:large, max-video-preview:-1\" \/>\n<link rel=\"canonical\" href=\"https:\/\/www.comunidadeativa.jor.br\/index.php\/2021\/05\/10\/o-novo-coronavirus-pode-permanecer-no-ar-por-horas-diz-orgao-sanitario-do-governo-dos-estados-unidos\/\" \/>\n<meta property=\"og:locale\" content=\"pt_BR\" \/>\n<meta property=\"og:type\" content=\"article\" \/>\n<meta property=\"og:title\" content=\"O novo coronav\u00edrus pode permanecer no ar por horas, diz \u00f3rg\u00e3o sanit\u00e1rio do governo dos Estados Unidos - Comunidade Ativa\" \/>\n<meta property=\"og:description\" content=\"O Centro de Controle e Preven\u00e7\u00e3o de Doen\u00e7as dos Estados Unidos (CDC, na sigla em ingl\u00eas) atualizou na \u00faltima sexta\" \/>\n<meta property=\"og:url\" content=\"https:\/\/www.comunidadeativa.jor.br\/index.php\/2021\/05\/10\/o-novo-coronavirus-pode-permanecer-no-ar-por-horas-diz-orgao-sanitario-do-governo-dos-estados-unidos\/\" \/>\n<meta property=\"og:site_name\" content=\"Comunidade Ativa\" \/>\n<meta property=\"article:publisher\" content=\"https:\/\/www.facebook.com\/comunidadeativa\" \/>\n<meta property=\"article:published_time\" content=\"2021-05-10T15:57:00+00:00\" \/>\n<meta property=\"article:modified_time\" content=\"2023-08-11T21:04:27+00:00\" \/>\n<meta property=\"og:image\" content=\"https:\/\/www.comunidadeativa.jor.br\/wp-content\/uploads\/2021\/05\/capa-4.jpg\" \/>\n\t<meta property=\"og:image:width\" content=\"640\" \/>\n\t<meta property=\"og:image:height\" content=\"352\" \/>\n\t<meta property=\"og:image:type\" content=\"image\/jpeg\" \/>\n<meta name=\"author\" content=\"Comunidade Ativa\" \/>\n<meta name=\"twitter:card\" content=\"summary_large_image\" \/>\n<meta name=\"twitter:label1\" content=\"Escrito por\" \/>\n\t<meta name=\"twitter:data1\" content=\"Comunidade Ativa\" \/>\n\t<meta name=\"twitter:label2\" content=\"Est. tempo de leitura\" \/>\n\t<meta name=\"twitter:data2\" content=\"7 minutos\" \/>\n<script type=\"application\/ld+json\" class=\"yoast-schema-graph\">{\"@context\":\"https:\/\/schema.org\",\"@graph\":[{\"@type\":\"Article\",\"@id\":\"https:\/\/www.comunidadeativa.jor.br\/index.php\/2021\/05\/10\/o-novo-coronavirus-pode-permanecer-no-ar-por-horas-diz-orgao-sanitario-do-governo-dos-estados-unidos\/#article\",\"isPartOf\":{\"@id\":\"https:\/\/www.comunidadeativa.jor.br\/index.php\/2021\/05\/10\/o-novo-coronavirus-pode-permanecer-no-ar-por-horas-diz-orgao-sanitario-do-governo-dos-estados-unidos\/\"},\"author\":{\"name\":\"Comunidade Ativa\",\"@id\":\"https:\/\/www.comunidadeativa.jor.br\/#\/schema\/person\/dcaa1f1c51c1f0c47a33b2b734cad6e1\"},\"headline\":\"O novo coronav\u00edrus pode permanecer no ar por horas, diz \u00f3rg\u00e3o sanit\u00e1rio do governo dos Estados Unidos\",\"datePublished\":\"2021-05-10T15:57:00+00:00\",\"dateModified\":\"2023-08-11T21:04:27+00:00\",\"mainEntityOfPage\":{\"@id\":\"https:\/\/www.comunidadeativa.jor.br\/index.php\/2021\/05\/10\/o-novo-coronavirus-pode-permanecer-no-ar-por-horas-diz-orgao-sanitario-do-governo-dos-estados-unidos\/\"},\"wordCount\":1482,\"publisher\":{\"@id\":\"https:\/\/www.comunidadeativa.jor.br\/#organization\"},\"image\":{\"@id\":\"https:\/\/www.comunidadeativa.jor.br\/index.php\/2021\/05\/10\/o-novo-coronavirus-pode-permanecer-no-ar-por-horas-diz-orgao-sanitario-do-governo-dos-estados-unidos\/#primaryimage\"},\"thumbnailUrl\":\"https:\/\/www.comunidadeativa.jor.br\/wp-content\/uploads\/2021\/05\/capa-4.jpg\",\"articleSection\":[\"Sa\u00fade &amp; Qualidade de Vida\"],\"inLanguage\":\"pt-BR\"},{\"@type\":\"WebPage\",\"@id\":\"https:\/\/www.comunidadeativa.jor.br\/index.php\/2021\/05\/10\/o-novo-coronavirus-pode-permanecer-no-ar-por-horas-diz-orgao-sanitario-do-governo-dos-estados-unidos\/\",\"url\":\"https:\/\/www.comunidadeativa.jor.br\/index.php\/2021\/05\/10\/o-novo-coronavirus-pode-permanecer-no-ar-por-horas-diz-orgao-sanitario-do-governo-dos-estados-unidos\/\",\"name\":\"O novo coronav\u00edrus pode permanecer no ar por horas, diz \u00f3rg\u00e3o sanit\u00e1rio do governo dos Estados Unidos - Comunidade Ativa\",\"isPartOf\":{\"@id\":\"https:\/\/www.comunidadeativa.jor.br\/#website\"},\"primaryImageOfPage\":{\"@id\":\"https:\/\/www.comunidadeativa.jor.br\/index.php\/2021\/05\/10\/o-novo-coronavirus-pode-permanecer-no-ar-por-horas-diz-orgao-sanitario-do-governo-dos-estados-unidos\/#primaryimage\"},\"image\":{\"@id\":\"https:\/\/www.comunidadeativa.jor.br\/index.php\/2021\/05\/10\/o-novo-coronavirus-pode-permanecer-no-ar-por-horas-diz-orgao-sanitario-do-governo-dos-estados-unidos\/#primaryimage\"},\"thumbnailUrl\":\"https:\/\/www.comunidadeativa.jor.br\/wp-content\/uploads\/2021\/05\/capa-4.jpg\",\"datePublished\":\"2021-05-10T15:57:00+00:00\",\"dateModified\":\"2023-08-11T21:04:27+00:00\",\"breadcrumb\":{\"@id\":\"https:\/\/www.comunidadeativa.jor.br\/index.php\/2021\/05\/10\/o-novo-coronavirus-pode-permanecer-no-ar-por-horas-diz-orgao-sanitario-do-governo-dos-estados-unidos\/#breadcrumb\"},\"inLanguage\":\"pt-BR\",\"potentialAction\":[{\"@type\":\"ReadAction\",\"target\":[\"https:\/\/www.comunidadeativa.jor.br\/index.php\/2021\/05\/10\/o-novo-coronavirus-pode-permanecer-no-ar-por-horas-diz-orgao-sanitario-do-governo-dos-estados-unidos\/\"]}]},{\"@type\":\"ImageObject\",\"inLanguage\":\"pt-BR\",\"@id\":\"https:\/\/www.comunidadeativa.jor.br\/index.php\/2021\/05\/10\/o-novo-coronavirus-pode-permanecer-no-ar-por-horas-diz-orgao-sanitario-do-governo-dos-estados-unidos\/#primaryimage\",\"url\":\"https:\/\/www.comunidadeativa.jor.br\/wp-content\/uploads\/2021\/05\/capa-4.jpg\",\"contentUrl\":\"https:\/\/www.comunidadeativa.jor.br\/wp-content\/uploads\/2021\/05\/capa-4.jpg\",\"width\":640,\"height\":352},{\"@type\":\"BreadcrumbList\",\"@id\":\"https:\/\/www.comunidadeativa.jor.br\/index.php\/2021\/05\/10\/o-novo-coronavirus-pode-permanecer-no-ar-por-horas-diz-orgao-sanitario-do-governo-dos-estados-unidos\/#breadcrumb\",\"itemListElement\":[{\"@type\":\"ListItem\",\"position\":1,\"name\":\"In\u00edcio\",\"item\":\"https:\/\/www.comunidadeativa.jor.br\/\"},{\"@type\":\"ListItem\",\"position\":2,\"name\":\"O novo coronav\u00edrus pode permanecer no ar por horas, diz \u00f3rg\u00e3o sanit\u00e1rio do governo dos Estados Unidos\"}]},{\"@type\":\"WebSite\",\"@id\":\"https:\/\/www.comunidadeativa.jor.br\/#website\",\"url\":\"https:\/\/www.comunidadeativa.jor.br\/\",\"name\":\"Comunidade Ativa\",\"description\":\"\",\"publisher\":{\"@id\":\"https:\/\/www.comunidadeativa.jor.br\/#organization\"},\"potentialAction\":[{\"@type\":\"SearchAction\",\"target\":{\"@type\":\"EntryPoint\",\"urlTemplate\":\"https:\/\/www.comunidadeativa.jor.br\/?s={search_term_string}\"},\"query-input\":{\"@type\":\"PropertyValueSpecification\",\"valueRequired\":true,\"valueName\":\"search_term_string\"}}],\"inLanguage\":\"pt-BR\"},{\"@type\":\"Organization\",\"@id\":\"https:\/\/www.comunidadeativa.jor.br\/#organization\",\"name\":\"Comunidade Ativa\",\"url\":\"https:\/\/www.comunidadeativa.jor.br\/\",\"logo\":{\"@type\":\"ImageObject\",\"inLanguage\":\"pt-BR\",\"@id\":\"https:\/\/www.comunidadeativa.jor.br\/#\/schema\/logo\/image\/\",\"url\":\"https:\/\/www.comunidadeativa.jor.br\/wp-content\/uploads\/2018\/03\/cropped-LOGOPNG-1.png\",\"contentUrl\":\"https:\/\/www.comunidadeativa.jor.br\/wp-content\/uploads\/2018\/03\/cropped-LOGOPNG-1.png\",\"width\":318,\"height\":90,\"caption\":\"Comunidade Ativa\"},\"image\":{\"@id\":\"https:\/\/www.comunidadeativa.jor.br\/#\/schema\/logo\/image\/\"},\"sameAs\":[\"https:\/\/www.facebook.com\/comunidadeativa\"]},{\"@type\":\"Person\",\"@id\":\"https:\/\/www.comunidadeativa.jor.br\/#\/schema\/person\/dcaa1f1c51c1f0c47a33b2b734cad6e1\",\"name\":\"Comunidade Ativa\",\"image\":{\"@type\":\"ImageObject\",\"inLanguage\":\"pt-BR\",\"@id\":\"https:\/\/www.comunidadeativa.jor.br\/#\/schema\/person\/image\/\",\"url\":\"https:\/\/secure.gravatar.com\/avatar\/09a9a1f85fedf41e81b47f7c1d40084f?s=96&d=mm&r=g\",\"contentUrl\":\"https:\/\/secure.gravatar.com\/avatar\/09a9a1f85fedf41e81b47f7c1d40084f?s=96&d=mm&r=g\",\"caption\":\"Comunidade Ativa\"},\"url\":\"https:\/\/www.comunidadeativa.jor.br\/index.php\/author\/casalberto\/\"}]}<\/script>\n<!-- \/ Yoast SEO plugin. -->","yoast_head_json":{"title":"O novo coronav\u00edrus pode permanecer no ar por horas, diz \u00f3rg\u00e3o sanit\u00e1rio do governo dos Estados Unidos - Comunidade Ativa","robots":{"index":"index","follow":"follow","max-snippet":"max-snippet:-1","max-image-preview":"max-image-preview:large","max-video-preview":"max-video-preview:-1"},"canonical":"https:\/\/www.comunidadeativa.jor.br\/index.php\/2021\/05\/10\/o-novo-coronavirus-pode-permanecer-no-ar-por-horas-diz-orgao-sanitario-do-governo-dos-estados-unidos\/","og_locale":"pt_BR","og_type":"article","og_title":"O novo coronav\u00edrus pode permanecer no ar por horas, diz \u00f3rg\u00e3o sanit\u00e1rio do governo dos Estados Unidos - Comunidade Ativa","og_description":"O Centro de Controle e Preven\u00e7\u00e3o de Doen\u00e7as dos Estados Unidos (CDC, na sigla em ingl\u00eas) atualizou na \u00faltima sexta","og_url":"https:\/\/www.comunidadeativa.jor.br\/index.php\/2021\/05\/10\/o-novo-coronavirus-pode-permanecer-no-ar-por-horas-diz-orgao-sanitario-do-governo-dos-estados-unidos\/","og_site_name":"Comunidade Ativa","article_publisher":"https:\/\/www.facebook.com\/comunidadeativa","article_published_time":"2021-05-10T15:57:00+00:00","article_modified_time":"2023-08-11T21:04:27+00:00","og_image":[{"width":640,"height":352,"url":"https:\/\/www.comunidadeativa.jor.br\/wp-content\/uploads\/2021\/05\/capa-4.jpg","type":"image\/jpeg"}],"author":"Comunidade Ativa","twitter_card":"summary_large_image","twitter_misc":{"Escrito por":"Comunidade Ativa","Est. tempo de leitura":"7 minutos"},"schema":{"@context":"https:\/\/schema.org","@graph":[{"@type":"Article","@id":"https:\/\/www.comunidadeativa.jor.br\/index.php\/2021\/05\/10\/o-novo-coronavirus-pode-permanecer-no-ar-por-horas-diz-orgao-sanitario-do-governo-dos-estados-unidos\/#article","isPartOf":{"@id":"https:\/\/www.comunidadeativa.jor.br\/index.php\/2021\/05\/10\/o-novo-coronavirus-pode-permanecer-no-ar-por-horas-diz-orgao-sanitario-do-governo-dos-estados-unidos\/"},"author":{"name":"Comunidade Ativa","@id":"https:\/\/www.comunidadeativa.jor.br\/#\/schema\/person\/dcaa1f1c51c1f0c47a33b2b734cad6e1"},"headline":"O novo coronav\u00edrus pode permanecer no ar por horas, diz \u00f3rg\u00e3o sanit\u00e1rio do governo dos Estados Unidos","datePublished":"2021-05-10T15:57:00+00:00","dateModified":"2023-08-11T21:04:27+00:00","mainEntityOfPage":{"@id":"https:\/\/www.comunidadeativa.jor.br\/index.php\/2021\/05\/10\/o-novo-coronavirus-pode-permanecer-no-ar-por-horas-diz-orgao-sanitario-do-governo-dos-estados-unidos\/"},"wordCount":1482,"publisher":{"@id":"https:\/\/www.comunidadeativa.jor.br\/#organization"},"image":{"@id":"https:\/\/www.comunidadeativa.jor.br\/index.php\/2021\/05\/10\/o-novo-coronavirus-pode-permanecer-no-ar-por-horas-diz-orgao-sanitario-do-governo-dos-estados-unidos\/#primaryimage"},"thumbnailUrl":"https:\/\/www.comunidadeativa.jor.br\/wp-content\/uploads\/2021\/05\/capa-4.jpg","articleSection":["Sa\u00fade &amp; Qualidade de Vida"],"inLanguage":"pt-BR"},{"@type":"WebPage","@id":"https:\/\/www.comunidadeativa.jor.br\/index.php\/2021\/05\/10\/o-novo-coronavirus-pode-permanecer-no-ar-por-horas-diz-orgao-sanitario-do-governo-dos-estados-unidos\/","url":"https:\/\/www.comunidadeativa.jor.br\/index.php\/2021\/05\/10\/o-novo-coronavirus-pode-permanecer-no-ar-por-horas-diz-orgao-sanitario-do-governo-dos-estados-unidos\/","name":"O novo coronav\u00edrus pode permanecer no ar por horas, diz \u00f3rg\u00e3o sanit\u00e1rio do governo dos Estados Unidos - Comunidade Ativa","isPartOf":{"@id":"https:\/\/www.comunidadeativa.jor.br\/#website"},"primaryImageOfPage":{"@id":"https:\/\/www.comunidadeativa.jor.br\/index.php\/2021\/05\/10\/o-novo-coronavirus-pode-permanecer-no-ar-por-horas-diz-orgao-sanitario-do-governo-dos-estados-unidos\/#primaryimage"},"image":{"@id":"https:\/\/www.comunidadeativa.jor.br\/index.php\/2021\/05\/10\/o-novo-coronavirus-pode-permanecer-no-ar-por-horas-diz-orgao-sanitario-do-governo-dos-estados-unidos\/#primaryimage"},"thumbnailUrl":"https:\/\/www.comunidadeativa.jor.br\/wp-content\/uploads\/2021\/05\/capa-4.jpg","datePublished":"2021-05-10T15:57:00+00:00","dateModified":"2023-08-11T21:04:27+00:00","breadcrumb":{"@id":"https:\/\/www.comunidadeativa.jor.br\/index.php\/2021\/05\/10\/o-novo-coronavirus-pode-permanecer-no-ar-por-horas-diz-orgao-sanitario-do-governo-dos-estados-unidos\/#breadcrumb"},"inLanguage":"pt-BR","potentialAction":[{"@type":"ReadAction","target":["https:\/\/www.comunidadeativa.jor.br\/index.php\/2021\/05\/10\/o-novo-coronavirus-pode-permanecer-no-ar-por-horas-diz-orgao-sanitario-do-governo-dos-estados-unidos\/"]}]},{"@type":"ImageObject","inLanguage":"pt-BR","@id":"https:\/\/www.comunidadeativa.jor.br\/index.php\/2021\/05\/10\/o-novo-coronavirus-pode-permanecer-no-ar-por-horas-diz-orgao-sanitario-do-governo-dos-estados-unidos\/#primaryimage","url":"https:\/\/www.comunidadeativa.jor.br\/wp-content\/uploads\/2021\/05\/capa-4.jpg","contentUrl":"https:\/\/www.comunidadeativa.jor.br\/wp-content\/uploads\/2021\/05\/capa-4.jpg","width":640,"height":352},{"@type":"BreadcrumbList","@id":"https:\/\/www.comunidadeativa.jor.br\/index.php\/2021\/05\/10\/o-novo-coronavirus-pode-permanecer-no-ar-por-horas-diz-orgao-sanitario-do-governo-dos-estados-unidos\/#breadcrumb","itemListElement":[{"@type":"ListItem","position":1,"name":"In\u00edcio","item":"https:\/\/www.comunidadeativa.jor.br\/"},{"@type":"ListItem","position":2,"name":"O novo coronav\u00edrus pode permanecer no ar por horas, diz \u00f3rg\u00e3o sanit\u00e1rio do governo dos Estados Unidos"}]},{"@type":"WebSite","@id":"https:\/\/www.comunidadeativa.jor.br\/#website","url":"https:\/\/www.comunidadeativa.jor.br\/","name":"Comunidade Ativa","description":"","publisher":{"@id":"https:\/\/www.comunidadeativa.jor.br\/#organization"},"potentialAction":[{"@type":"SearchAction","target":{"@type":"EntryPoint","urlTemplate":"https:\/\/www.comunidadeativa.jor.br\/?s={search_term_string}"},"query-input":{"@type":"PropertyValueSpecification","valueRequired":true,"valueName":"search_term_string"}}],"inLanguage":"pt-BR"},{"@type":"Organization","@id":"https:\/\/www.comunidadeativa.jor.br\/#organization","name":"Comunidade Ativa","url":"https:\/\/www.comunidadeativa.jor.br\/","logo":{"@type":"ImageObject","inLanguage":"pt-BR","@id":"https:\/\/www.comunidadeativa.jor.br\/#\/schema\/logo\/image\/","url":"https:\/\/www.comunidadeativa.jor.br\/wp-content\/uploads\/2018\/03\/cropped-LOGOPNG-1.png","contentUrl":"https:\/\/www.comunidadeativa.jor.br\/wp-content\/uploads\/2018\/03\/cropped-LOGOPNG-1.png","width":318,"height":90,"caption":"Comunidade Ativa"},"image":{"@id":"https:\/\/www.comunidadeativa.jor.br\/#\/schema\/logo\/image\/"},"sameAs":["https:\/\/www.facebook.com\/comunidadeativa"]},{"@type":"Person","@id":"https:\/\/www.comunidadeativa.jor.br\/#\/schema\/person\/dcaa1f1c51c1f0c47a33b2b734cad6e1","name":"Comunidade Ativa","image":{"@type":"ImageObject","inLanguage":"pt-BR","@id":"https:\/\/www.comunidadeativa.jor.br\/#\/schema\/person\/image\/","url":"https:\/\/secure.gravatar.com\/avatar\/09a9a1f85fedf41e81b47f7c1d40084f?s=96&d=mm&r=g","contentUrl":"https:\/\/secure.gravatar.com\/avatar\/09a9a1f85fedf41e81b47f7c1d40084f?s=96&d=mm&r=g","caption":"Comunidade Ativa"},"url":"https:\/\/www.comunidadeativa.jor.br\/index.php\/author\/casalberto\/"}]}},"_links":{"self":[{"href":"https:\/\/www.comunidadeativa.jor.br\/index.php\/wp-json\/wp\/v2\/posts\/2047","targetHints":{"allow":["GET"]}}],"collection":[{"href":"https:\/\/www.comunidadeativa.jor.br\/index.php\/wp-json\/wp\/v2\/posts"}],"about":[{"href":"https:\/\/www.comunidadeativa.jor.br\/index.php\/wp-json\/wp\/v2\/types\/post"}],"author":[{"embeddable":true,"href":"https:\/\/www.comunidadeativa.jor.br\/index.php\/wp-json\/wp\/v2\/users\/1"}],"replies":[{"embeddable":true,"href":"https:\/\/www.comunidadeativa.jor.br\/index.php\/wp-json\/wp\/v2\/comments?post=2047"}],"version-history":[{"count":3,"href":"https:\/\/www.comunidadeativa.jor.br\/index.php\/wp-json\/wp\/v2\/posts\/2047\/revisions"}],"predecessor-version":[{"id":3837,"href":"https:\/\/www.comunidadeativa.jor.br\/index.php\/wp-json\/wp\/v2\/posts\/2047\/revisions\/3837"}],"wp:featuredmedia":[{"embeddable":true,"href":"https:\/\/www.comunidadeativa.jor.br\/index.php\/wp-json\/wp\/v2\/media\/2048"}],"wp:attachment":[{"href":"https:\/\/www.comunidadeativa.jor.br\/index.php\/wp-json\/wp\/v2\/media?parent=2047"}],"wp:term":[{"taxonomy":"category","embeddable":true,"href":"https:\/\/www.comunidadeativa.jor.br\/index.php\/wp-json\/wp\/v2\/categories?post=2047"},{"taxonomy":"post_tag","embeddable":true,"href":"https:\/\/www.comunidadeativa.jor.br\/index.php\/wp-json\/wp\/v2\/tags?post=2047"}],"curies":[{"name":"wp","href":"https:\/\/api.w.org\/{rel}","templated":true}]}}