{"id":2083,"date":"2021-05-18T13:49:16","date_gmt":"2021-05-18T16:49:16","guid":{"rendered":"https:\/\/www.comunidadeativa.jor.br\/?p=2083"},"modified":"2023-08-11T18:06:10","modified_gmt":"2023-08-11T21:06:10","slug":"esta-pensando-em-fazer-um-implante-de-dentes-confira-tudo-o-que-voce-precisa-saber-sobre-o-procedimento","status":"publish","type":"post","link":"https:\/\/www.comunidadeativa.jor.br\/index.php\/2021\/05\/18\/esta-pensando-em-fazer-um-implante-de-dentes-confira-tudo-o-que-voce-precisa-saber-sobre-o-procedimento\/","title":{"rendered":"Est\u00e1 pensando em fazer um implante de dentes? Confira tudo o que voc\u00ea precisa saber sobre o procedimento!"},"content":{"rendered":"<p>Acidentes, doen\u00e7as periodontais ou outras que afetem a sa\u00fade bucal s\u00e3o as causas da perda de um ou de mais dentes, o que, naturalmente, exigem repara\u00e7\u00e3o. Afinal, tanto por motivos funcionais, da mastiga\u00e7\u00e3o, quanto por raz\u00f5es est\u00e9ticas, uma boa denti\u00e7\u00e3o \u00e9 algo indispens\u00e1vel para a sa\u00fade e para a autoestima das pessoas.<\/p>\n<p>Ocorre que, at\u00e9 os anos 1980, no Brasil, as pr\u00f3teses m\u00f3veis figuravam como as \u00fanicas alternativas para a substitui\u00e7\u00e3o total ou parcial dos dentes. Essa situa\u00e7\u00e3o come\u00e7aria a mudar no final da d\u00e9cada, quando come\u00e7aram a ser realizadas as primeiras cirurgias de implante dent\u00e1rio no pa\u00eds.<\/p>\n<p>De l\u00e1 pra c\u00e1 muita coisa mudou. A tecnologia evoluiu e a habilidade dos profissionais se desenvolveu ao mais alto n\u00edvel que a pr\u00e1tica domina na atualidade. Assim, os sorrisos voltaram a ser t\u00e3o naturais e seguros quanto eram com a denti\u00e7\u00e3o original ou, em alguns casos, at\u00e9 melhores.<\/p>\n<p>Mas, afinal, como ocorre esse processo? O Comunidade Ativa foi buscar as informa\u00e7\u00f5es pra voc\u00ea.<\/p>\n<h5>O implante dent\u00e1rio<\/h5>\n<p>Basicamente, a ideia \u00e9 muito simples. Com o implante dent\u00e1rio \u00e9 feita introdu\u00e7\u00e3o de uma pe\u00e7a artificial na maxila ou na mand\u00edbula do paciente, o pino, que far\u00e1 as vezes da raiz do dente. Os pinos t\u00eam a apar\u00eancia e tamb\u00e9m a fun\u00e7\u00e3o de um parafuso e s\u00e3o confeccionados com tit\u00e2nio puro. Para implant\u00e1-los, \u00e9 feita uma pequena cirurgia de inser\u00e7\u00e3o da pe\u00e7a na estrutura \u00f3ssea.<\/p>\n<p>O dente artificial, geralmente feito de resina ou de porcelana \u2014 os mesmos materiais utilizados nas pe\u00e7as que fazem a recomposi\u00e7\u00e3o de dentes danificados \u2014, \u00e9 preparado com anteced\u00eancia, para, em seguida, ser aparafusado no pino.<\/p>\n<p>O procedimento de implante do pino, que \u00e9 realizado no consult\u00f3rio em um primeiro momento, ser\u00e1 seguido de uma etapa de extrema import\u00e2ncia, que diz respeito \u00e0 integra\u00e7\u00e3o \u00f3ssea da pe\u00e7a implantada.<\/p>\n<h5>Integra\u00e7\u00e3o do implante<\/h5>\n<p>Nessa etapa ocorre a cicatriza\u00e7\u00e3o do osso \u00e0 volta do pino implantado, fazendo com que ele fique perfeitamente integrado \u00e0 estrutura \u00f3ssea. Por esse motivo, a conclus\u00e3o de todo o processo de implante dura um determinado tempo, que varia de paciente para paciente.<\/p>\n<p>Durante esse per\u00edodo, \u00e0 pe\u00e7a ser\u00e1 fixada uma pr\u00f3tese provis\u00f3ria, que impedir\u00e1 a sobrecarga sobre o pino implantado. Esta \u00e9 uma fase crucial, que exige cuidados do paciente para que o implante cicatrize perfeitamente e apresente uma boa repara\u00e7\u00e3o.<\/p>\n<p>Finalizada a recupera\u00e7\u00e3o \u00f3ssea, o pino ter\u00e1 se juntado ao osso, ficando fixo, sem mobilidade e sem apresentar qualquer sensa\u00e7\u00e3o durante a mastiga\u00e7\u00e3o.<\/p>\n<h5>Quanto tempo dura o processo?<\/h5>\n<p>Como j\u00e1 foi dito, todo o procedimento vai durar um tempo que ser\u00e1 vari\u00e1vel de acordo com cada pessoa e de acordo com o tipo de interven\u00e7\u00e3o a ser feita. Portanto, caso haja a necessidade de se fazer o implante de apenas um dente, o processo durar\u00e1 uma se\u00e7\u00e3o no consult\u00f3rio e a fase necess\u00e1ria \u00e0 integra\u00e7\u00e3o do pino. Por\u00e9m, \u00e9 claro, se v\u00e1rios dentes precisam ser implantados \u2014 h\u00e1 casos em que toda a denti\u00e7\u00e3o \u00e9 substitu\u00edda por implantes \u2014, o tempo demandado ser\u00e1 proporcionalmente maior.<\/p>\n<p>A qualidade da ossatura do paciente \u00e9 outro fator que influencia o tempo de dura\u00e7\u00e3o do processo e h\u00e1 tamb\u00e9m diferen\u00e7a entre a condi\u00e7\u00e3o do implante na maxila com rela\u00e7\u00e3o ao procedimento na mand\u00edbula. Isso porque o osso da mand\u00edbula \u00e9 mais duro, menos poroso, do que o da maxila, o que o torna mais favor\u00e1vel \u00e0 fixa\u00e7\u00e3o do pino no primeiro caso.<\/p>\n<p>Contudo, em linhas gerais, quando h\u00e1 necessidade de se fazer o implante de v\u00e1rios ou de todos os dentes, o procedimento costuma acontecer em prazo de dois a tr\u00eas meses, se for na regi\u00e3o inferior, e de quatro a seis meses, na regi\u00e3o superior. Em grande parte das vezes, o implante de todos os dentes, caso seja necess\u00e1rio, n\u00e3o \u00e9 realizado em um \u00fanico dia. Por\u00e9m, em determinadas circunst\u00e2ncias \u00e9 at\u00e9 poss\u00edvel que isso ocorra.<\/p>\n<h5>N\u00e3o h\u00e1 rejei\u00e7\u00e3o do implante<\/h5>\n<p>A possibilidade de haver rejei\u00e7\u00e3o da pe\u00e7a implantada praticamente n\u00e3o existe. Como o tit\u00e2nio \u00e9 um metal que apresenta alto n\u00edvel de biocompatibilidade \u2014 ou seja, que n\u00e3o causa danos ao sistema biol\u00f3gico \u2014, o organismo n\u00e3o tem motivos para rejeit\u00e1-lo.<\/p>\n<p>Por\u00e9m, isso n\u00e3o significa que 100% dos pacientes possam fazer um implante dent\u00e1rio, uma vez que h\u00e1 outros fatores que precisam ser considerados.<\/p>\n<h5>Limita\u00e7\u00f5es<\/h5>\n<p>Ainda que de baixo impacto, o implante dent\u00e1rio implica em uma cirurgia, o que significa algum risco, que precisa ser avaliado. Por isso, o procedimento costuma ser contraindicado para pacientes com problemas card\u00edacos mais graves.<\/p>\n<p>O mesmo vale para crian\u00e7as e para quem tenha expectativas exageradas quanto aos resultados est\u00e9ticos. H\u00e1 tamb\u00e9m fatores transit\u00f3rios que podem contraindicar o implante em determinado momento, mas que podem ser superados, permitindo que o procedimento seja realizado em outra ocasi\u00e3o.<\/p>\n<p>Por isso, a an\u00e1lise pr\u00e9via das condi\u00e7\u00f5es do paciente se apresenta como uma fator fundamental para definir a forma como o procedimento ser\u00e1 realizado, quando pode ser realizado.<\/p>\n<h5>Pode dar errado?<\/h5>\n<p>O \u00edndice de sucesso dos implantes em situa\u00e7\u00f5es normais \u00e9 de 98%. Como o bom resultado do procedimento est\u00e1 associado \u00e0 cicatriza\u00e7\u00e3o do osso, os 2% que n\u00e3o d\u00e3o certo, na maioria das vezes, ocorrem em fun\u00e7\u00e3o de algum descuido do paciente.<\/p>\n<p>Apenas para pacientes fumantes ou que fa\u00e7am uso constante de \u00e1lcool o \u00edndice de insucesso pode chegar a significativos 15%.<\/p>\n<h5>A dor n\u00e3o \u00e9 um problema<\/h5>\n<p>A dor costuma ser uma grande preocupa\u00e7\u00e3o para quem pretende recorrer ao implante dent\u00e1rio, mas n\u00e3o h\u00e1 motivos para que ela ocorra.\u00a0 Na maior parte das vezes, tanto o procedimento quanto a recupera\u00e7\u00e3o n\u00e3o ocorrem de forma significativamente dolorosa.<\/p>\n<p>\u00c9 preciso considerar que a dor \u00e9 presente onde h\u00e1 inerva\u00e7\u00e3o, o que n\u00e3o acontece com os ossos. Portanto, qualquer fonte de dor ser\u00e1 proveniente das gengivas, que, na atualidade, j\u00e1 n\u00e3o sofrem grandes interven\u00e7\u00f5es durante os procedimentos de implante de dentes.<\/p>\n<p>Al\u00e9m disso, como h\u00e1 a anestesia local, o desconforto que pode existir \u00e9 praticamente o mesmo que surge na maior parte dos procedimentos dent\u00e1rios menos invasivos. O p\u00f3s-operat\u00f3rio, por sua vez, tamb\u00e9m costuma ser bastante tranquilo, sendo recomendado o uso de analg\u00e9sico, antibi\u00f3tico e anti-inflamat\u00f3rio na recupera\u00e7\u00e3o.<\/p>\n<p>De modo geral, p\u00f3s um dia de repouso, o paciente estar\u00e1 apto a retomar as atividades de trabalho e de estudo de forma relativamente normal. A \u00fanica recomenda\u00e7\u00e3o \u00e9 para que haja modera\u00e7\u00e3o os esfor\u00e7os f\u00edsicos.<\/p>\n","protected":false},"excerpt":{"rendered":"<p>Acidentes, doen\u00e7as periodontais ou outras que afetem a sa\u00fade bucal s\u00e3o as causas da perda de um ou de mais<\/p>\n","protected":false},"author":1,"featured_media":2089,"comment_status":"closed","ping_status":"open","sticky":false,"template":"","format":"standard","meta":{"footnotes":""},"categories":[9],"tags":[],"class_list":["post-2083","post","type-post","status-publish","format-standard","has-post-thumbnail","hentry","category-saude-qualidade-de-vida"],"yoast_head":"<!-- This site is optimized with the Yoast SEO plugin v26.0 - https:\/\/yoast.com\/wordpress\/plugins\/seo\/ -->\n<title>Est\u00e1 pensando em fazer um implante de dentes? Confira tudo o que voc\u00ea precisa saber sobre o procedimento! - Comunidade Ativa<\/title>\n<meta name=\"robots\" content=\"index, follow, max-snippet:-1, max-image-preview:large, max-video-preview:-1\" \/>\n<link rel=\"canonical\" href=\"https:\/\/www.comunidadeativa.jor.br\/index.php\/2021\/05\/18\/esta-pensando-em-fazer-um-implante-de-dentes-confira-tudo-o-que-voce-precisa-saber-sobre-o-procedimento\/\" \/>\n<meta property=\"og:locale\" content=\"pt_BR\" \/>\n<meta property=\"og:type\" content=\"article\" \/>\n<meta property=\"og:title\" content=\"Est\u00e1 pensando em fazer um implante de dentes? Confira tudo o que voc\u00ea precisa saber sobre o procedimento! - Comunidade Ativa\" \/>\n<meta property=\"og:description\" content=\"Acidentes, doen\u00e7as periodontais ou outras que afetem a sa\u00fade bucal s\u00e3o as causas da perda de um ou de mais\" \/>\n<meta property=\"og:url\" content=\"https:\/\/www.comunidadeativa.jor.br\/index.php\/2021\/05\/18\/esta-pensando-em-fazer-um-implante-de-dentes-confira-tudo-o-que-voce-precisa-saber-sobre-o-procedimento\/\" \/>\n<meta property=\"og:site_name\" content=\"Comunidade Ativa\" \/>\n<meta property=\"article:publisher\" content=\"https:\/\/www.facebook.com\/comunidadeativa\" \/>\n<meta property=\"article:published_time\" content=\"2021-05-18T16:49:16+00:00\" \/>\n<meta property=\"article:modified_time\" content=\"2023-08-11T21:06:10+00:00\" \/>\n<meta property=\"og:image\" content=\"https:\/\/www.comunidadeativa.jor.br\/wp-content\/uploads\/2021\/05\/capa-10.jpg\" \/>\n\t<meta property=\"og:image:width\" content=\"640\" \/>\n\t<meta property=\"og:image:height\" content=\"352\" \/>\n\t<meta property=\"og:image:type\" content=\"image\/jpeg\" \/>\n<meta name=\"author\" content=\"Comunidade Ativa\" \/>\n<meta name=\"twitter:card\" content=\"summary_large_image\" \/>\n<meta name=\"twitter:label1\" content=\"Escrito por\" \/>\n\t<meta name=\"twitter:data1\" content=\"Comunidade Ativa\" \/>\n\t<meta name=\"twitter:label2\" content=\"Est. tempo de leitura\" \/>\n\t<meta name=\"twitter:data2\" content=\"6 minutos\" \/>\n<script type=\"application\/ld+json\" class=\"yoast-schema-graph\">{\"@context\":\"https:\/\/schema.org\",\"@graph\":[{\"@type\":\"Article\",\"@id\":\"https:\/\/www.comunidadeativa.jor.br\/index.php\/2021\/05\/18\/esta-pensando-em-fazer-um-implante-de-dentes-confira-tudo-o-que-voce-precisa-saber-sobre-o-procedimento\/#article\",\"isPartOf\":{\"@id\":\"https:\/\/www.comunidadeativa.jor.br\/index.php\/2021\/05\/18\/esta-pensando-em-fazer-um-implante-de-dentes-confira-tudo-o-que-voce-precisa-saber-sobre-o-procedimento\/\"},\"author\":{\"name\":\"Comunidade Ativa\",\"@id\":\"https:\/\/www.comunidadeativa.jor.br\/#\/schema\/person\/dcaa1f1c51c1f0c47a33b2b734cad6e1\"},\"headline\":\"Est\u00e1 pensando em fazer um implante de dentes? Confira tudo o que voc\u00ea precisa saber sobre o procedimento!\",\"datePublished\":\"2021-05-18T16:49:16+00:00\",\"dateModified\":\"2023-08-11T21:06:10+00:00\",\"mainEntityOfPage\":{\"@id\":\"https:\/\/www.comunidadeativa.jor.br\/index.php\/2021\/05\/18\/esta-pensando-em-fazer-um-implante-de-dentes-confira-tudo-o-que-voce-precisa-saber-sobre-o-procedimento\/\"},\"wordCount\":1165,\"publisher\":{\"@id\":\"https:\/\/www.comunidadeativa.jor.br\/#organization\"},\"image\":{\"@id\":\"https:\/\/www.comunidadeativa.jor.br\/index.php\/2021\/05\/18\/esta-pensando-em-fazer-um-implante-de-dentes-confira-tudo-o-que-voce-precisa-saber-sobre-o-procedimento\/#primaryimage\"},\"thumbnailUrl\":\"https:\/\/www.comunidadeativa.jor.br\/wp-content\/uploads\/2021\/05\/capa-10.jpg\",\"articleSection\":[\"Sa\u00fade &amp; Qualidade de Vida\"],\"inLanguage\":\"pt-BR\"},{\"@type\":\"WebPage\",\"@id\":\"https:\/\/www.comunidadeativa.jor.br\/index.php\/2021\/05\/18\/esta-pensando-em-fazer-um-implante-de-dentes-confira-tudo-o-que-voce-precisa-saber-sobre-o-procedimento\/\",\"url\":\"https:\/\/www.comunidadeativa.jor.br\/index.php\/2021\/05\/18\/esta-pensando-em-fazer-um-implante-de-dentes-confira-tudo-o-que-voce-precisa-saber-sobre-o-procedimento\/\",\"name\":\"Est\u00e1 pensando em fazer um implante de dentes? Confira tudo o que voc\u00ea precisa saber sobre o procedimento! - Comunidade Ativa\",\"isPartOf\":{\"@id\":\"https:\/\/www.comunidadeativa.jor.br\/#website\"},\"primaryImageOfPage\":{\"@id\":\"https:\/\/www.comunidadeativa.jor.br\/index.php\/2021\/05\/18\/esta-pensando-em-fazer-um-implante-de-dentes-confira-tudo-o-que-voce-precisa-saber-sobre-o-procedimento\/#primaryimage\"},\"image\":{\"@id\":\"https:\/\/www.comunidadeativa.jor.br\/index.php\/2021\/05\/18\/esta-pensando-em-fazer-um-implante-de-dentes-confira-tudo-o-que-voce-precisa-saber-sobre-o-procedimento\/#primaryimage\"},\"thumbnailUrl\":\"https:\/\/www.comunidadeativa.jor.br\/wp-content\/uploads\/2021\/05\/capa-10.jpg\",\"datePublished\":\"2021-05-18T16:49:16+00:00\",\"dateModified\":\"2023-08-11T21:06:10+00:00\",\"breadcrumb\":{\"@id\":\"https:\/\/www.comunidadeativa.jor.br\/index.php\/2021\/05\/18\/esta-pensando-em-fazer-um-implante-de-dentes-confira-tudo-o-que-voce-precisa-saber-sobre-o-procedimento\/#breadcrumb\"},\"inLanguage\":\"pt-BR\",\"potentialAction\":[{\"@type\":\"ReadAction\",\"target\":[\"https:\/\/www.comunidadeativa.jor.br\/index.php\/2021\/05\/18\/esta-pensando-em-fazer-um-implante-de-dentes-confira-tudo-o-que-voce-precisa-saber-sobre-o-procedimento\/\"]}]},{\"@type\":\"ImageObject\",\"inLanguage\":\"pt-BR\",\"@id\":\"https:\/\/www.comunidadeativa.jor.br\/index.php\/2021\/05\/18\/esta-pensando-em-fazer-um-implante-de-dentes-confira-tudo-o-que-voce-precisa-saber-sobre-o-procedimento\/#primaryimage\",\"url\":\"https:\/\/www.comunidadeativa.jor.br\/wp-content\/uploads\/2021\/05\/capa-10.jpg\",\"contentUrl\":\"https:\/\/www.comunidadeativa.jor.br\/wp-content\/uploads\/2021\/05\/capa-10.jpg\",\"width\":640,\"height\":352},{\"@type\":\"BreadcrumbList\",\"@id\":\"https:\/\/www.comunidadeativa.jor.br\/index.php\/2021\/05\/18\/esta-pensando-em-fazer-um-implante-de-dentes-confira-tudo-o-que-voce-precisa-saber-sobre-o-procedimento\/#breadcrumb\",\"itemListElement\":[{\"@type\":\"ListItem\",\"position\":1,\"name\":\"In\u00edcio\",\"item\":\"https:\/\/www.comunidadeativa.jor.br\/\"},{\"@type\":\"ListItem\",\"position\":2,\"name\":\"Est\u00e1 pensando em fazer um implante de dentes? Confira tudo o que voc\u00ea precisa saber sobre o procedimento!\"}]},{\"@type\":\"WebSite\",\"@id\":\"https:\/\/www.comunidadeativa.jor.br\/#website\",\"url\":\"https:\/\/www.comunidadeativa.jor.br\/\",\"name\":\"Comunidade Ativa\",\"description\":\"\",\"publisher\":{\"@id\":\"https:\/\/www.comunidadeativa.jor.br\/#organization\"},\"potentialAction\":[{\"@type\":\"SearchAction\",\"target\":{\"@type\":\"EntryPoint\",\"urlTemplate\":\"https:\/\/www.comunidadeativa.jor.br\/?s={search_term_string}\"},\"query-input\":{\"@type\":\"PropertyValueSpecification\",\"valueRequired\":true,\"valueName\":\"search_term_string\"}}],\"inLanguage\":\"pt-BR\"},{\"@type\":\"Organization\",\"@id\":\"https:\/\/www.comunidadeativa.jor.br\/#organization\",\"name\":\"Comunidade Ativa\",\"url\":\"https:\/\/www.comunidadeativa.jor.br\/\",\"logo\":{\"@type\":\"ImageObject\",\"inLanguage\":\"pt-BR\",\"@id\":\"https:\/\/www.comunidadeativa.jor.br\/#\/schema\/logo\/image\/\",\"url\":\"https:\/\/www.comunidadeativa.jor.br\/wp-content\/uploads\/2018\/03\/cropped-LOGOPNG-1.png\",\"contentUrl\":\"https:\/\/www.comunidadeativa.jor.br\/wp-content\/uploads\/2018\/03\/cropped-LOGOPNG-1.png\",\"width\":318,\"height\":90,\"caption\":\"Comunidade Ativa\"},\"image\":{\"@id\":\"https:\/\/www.comunidadeativa.jor.br\/#\/schema\/logo\/image\/\"},\"sameAs\":[\"https:\/\/www.facebook.com\/comunidadeativa\"]},{\"@type\":\"Person\",\"@id\":\"https:\/\/www.comunidadeativa.jor.br\/#\/schema\/person\/dcaa1f1c51c1f0c47a33b2b734cad6e1\",\"name\":\"Comunidade Ativa\",\"image\":{\"@type\":\"ImageObject\",\"inLanguage\":\"pt-BR\",\"@id\":\"https:\/\/www.comunidadeativa.jor.br\/#\/schema\/person\/image\/\",\"url\":\"https:\/\/secure.gravatar.com\/avatar\/09a9a1f85fedf41e81b47f7c1d40084f?s=96&d=mm&r=g\",\"contentUrl\":\"https:\/\/secure.gravatar.com\/avatar\/09a9a1f85fedf41e81b47f7c1d40084f?s=96&d=mm&r=g\",\"caption\":\"Comunidade Ativa\"},\"url\":\"https:\/\/www.comunidadeativa.jor.br\/index.php\/author\/casalberto\/\"}]}<\/script>\n<!-- \/ Yoast SEO plugin. -->","yoast_head_json":{"title":"Est\u00e1 pensando em fazer um implante de dentes? Confira tudo o que voc\u00ea precisa saber sobre o procedimento! - Comunidade Ativa","robots":{"index":"index","follow":"follow","max-snippet":"max-snippet:-1","max-image-preview":"max-image-preview:large","max-video-preview":"max-video-preview:-1"},"canonical":"https:\/\/www.comunidadeativa.jor.br\/index.php\/2021\/05\/18\/esta-pensando-em-fazer-um-implante-de-dentes-confira-tudo-o-que-voce-precisa-saber-sobre-o-procedimento\/","og_locale":"pt_BR","og_type":"article","og_title":"Est\u00e1 pensando em fazer um implante de dentes? Confira tudo o que voc\u00ea precisa saber sobre o procedimento! - Comunidade Ativa","og_description":"Acidentes, doen\u00e7as periodontais ou outras que afetem a sa\u00fade bucal s\u00e3o as causas da perda de um ou de mais","og_url":"https:\/\/www.comunidadeativa.jor.br\/index.php\/2021\/05\/18\/esta-pensando-em-fazer-um-implante-de-dentes-confira-tudo-o-que-voce-precisa-saber-sobre-o-procedimento\/","og_site_name":"Comunidade Ativa","article_publisher":"https:\/\/www.facebook.com\/comunidadeativa","article_published_time":"2021-05-18T16:49:16+00:00","article_modified_time":"2023-08-11T21:06:10+00:00","og_image":[{"width":640,"height":352,"url":"https:\/\/www.comunidadeativa.jor.br\/wp-content\/uploads\/2021\/05\/capa-10.jpg","type":"image\/jpeg"}],"author":"Comunidade Ativa","twitter_card":"summary_large_image","twitter_misc":{"Escrito por":"Comunidade Ativa","Est. tempo de leitura":"6 minutos"},"schema":{"@context":"https:\/\/schema.org","@graph":[{"@type":"Article","@id":"https:\/\/www.comunidadeativa.jor.br\/index.php\/2021\/05\/18\/esta-pensando-em-fazer-um-implante-de-dentes-confira-tudo-o-que-voce-precisa-saber-sobre-o-procedimento\/#article","isPartOf":{"@id":"https:\/\/www.comunidadeativa.jor.br\/index.php\/2021\/05\/18\/esta-pensando-em-fazer-um-implante-de-dentes-confira-tudo-o-que-voce-precisa-saber-sobre-o-procedimento\/"},"author":{"name":"Comunidade Ativa","@id":"https:\/\/www.comunidadeativa.jor.br\/#\/schema\/person\/dcaa1f1c51c1f0c47a33b2b734cad6e1"},"headline":"Est\u00e1 pensando em fazer um implante de dentes? Confira tudo o que voc\u00ea precisa saber sobre o procedimento!","datePublished":"2021-05-18T16:49:16+00:00","dateModified":"2023-08-11T21:06:10+00:00","mainEntityOfPage":{"@id":"https:\/\/www.comunidadeativa.jor.br\/index.php\/2021\/05\/18\/esta-pensando-em-fazer-um-implante-de-dentes-confira-tudo-o-que-voce-precisa-saber-sobre-o-procedimento\/"},"wordCount":1165,"publisher":{"@id":"https:\/\/www.comunidadeativa.jor.br\/#organization"},"image":{"@id":"https:\/\/www.comunidadeativa.jor.br\/index.php\/2021\/05\/18\/esta-pensando-em-fazer-um-implante-de-dentes-confira-tudo-o-que-voce-precisa-saber-sobre-o-procedimento\/#primaryimage"},"thumbnailUrl":"https:\/\/www.comunidadeativa.jor.br\/wp-content\/uploads\/2021\/05\/capa-10.jpg","articleSection":["Sa\u00fade &amp; Qualidade de Vida"],"inLanguage":"pt-BR"},{"@type":"WebPage","@id":"https:\/\/www.comunidadeativa.jor.br\/index.php\/2021\/05\/18\/esta-pensando-em-fazer-um-implante-de-dentes-confira-tudo-o-que-voce-precisa-saber-sobre-o-procedimento\/","url":"https:\/\/www.comunidadeativa.jor.br\/index.php\/2021\/05\/18\/esta-pensando-em-fazer-um-implante-de-dentes-confira-tudo-o-que-voce-precisa-saber-sobre-o-procedimento\/","name":"Est\u00e1 pensando em fazer um implante de dentes? Confira tudo o que voc\u00ea precisa saber sobre o procedimento! - Comunidade Ativa","isPartOf":{"@id":"https:\/\/www.comunidadeativa.jor.br\/#website"},"primaryImageOfPage":{"@id":"https:\/\/www.comunidadeativa.jor.br\/index.php\/2021\/05\/18\/esta-pensando-em-fazer-um-implante-de-dentes-confira-tudo-o-que-voce-precisa-saber-sobre-o-procedimento\/#primaryimage"},"image":{"@id":"https:\/\/www.comunidadeativa.jor.br\/index.php\/2021\/05\/18\/esta-pensando-em-fazer-um-implante-de-dentes-confira-tudo-o-que-voce-precisa-saber-sobre-o-procedimento\/#primaryimage"},"thumbnailUrl":"https:\/\/www.comunidadeativa.jor.br\/wp-content\/uploads\/2021\/05\/capa-10.jpg","datePublished":"2021-05-18T16:49:16+00:00","dateModified":"2023-08-11T21:06:10+00:00","breadcrumb":{"@id":"https:\/\/www.comunidadeativa.jor.br\/index.php\/2021\/05\/18\/esta-pensando-em-fazer-um-implante-de-dentes-confira-tudo-o-que-voce-precisa-saber-sobre-o-procedimento\/#breadcrumb"},"inLanguage":"pt-BR","potentialAction":[{"@type":"ReadAction","target":["https:\/\/www.comunidadeativa.jor.br\/index.php\/2021\/05\/18\/esta-pensando-em-fazer-um-implante-de-dentes-confira-tudo-o-que-voce-precisa-saber-sobre-o-procedimento\/"]}]},{"@type":"ImageObject","inLanguage":"pt-BR","@id":"https:\/\/www.comunidadeativa.jor.br\/index.php\/2021\/05\/18\/esta-pensando-em-fazer-um-implante-de-dentes-confira-tudo-o-que-voce-precisa-saber-sobre-o-procedimento\/#primaryimage","url":"https:\/\/www.comunidadeativa.jor.br\/wp-content\/uploads\/2021\/05\/capa-10.jpg","contentUrl":"https:\/\/www.comunidadeativa.jor.br\/wp-content\/uploads\/2021\/05\/capa-10.jpg","width":640,"height":352},{"@type":"BreadcrumbList","@id":"https:\/\/www.comunidadeativa.jor.br\/index.php\/2021\/05\/18\/esta-pensando-em-fazer-um-implante-de-dentes-confira-tudo-o-que-voce-precisa-saber-sobre-o-procedimento\/#breadcrumb","itemListElement":[{"@type":"ListItem","position":1,"name":"In\u00edcio","item":"https:\/\/www.comunidadeativa.jor.br\/"},{"@type":"ListItem","position":2,"name":"Est\u00e1 pensando em fazer um implante de dentes? Confira tudo o que voc\u00ea precisa saber sobre o procedimento!"}]},{"@type":"WebSite","@id":"https:\/\/www.comunidadeativa.jor.br\/#website","url":"https:\/\/www.comunidadeativa.jor.br\/","name":"Comunidade Ativa","description":"","publisher":{"@id":"https:\/\/www.comunidadeativa.jor.br\/#organization"},"potentialAction":[{"@type":"SearchAction","target":{"@type":"EntryPoint","urlTemplate":"https:\/\/www.comunidadeativa.jor.br\/?s={search_term_string}"},"query-input":{"@type":"PropertyValueSpecification","valueRequired":true,"valueName":"search_term_string"}}],"inLanguage":"pt-BR"},{"@type":"Organization","@id":"https:\/\/www.comunidadeativa.jor.br\/#organization","name":"Comunidade Ativa","url":"https:\/\/www.comunidadeativa.jor.br\/","logo":{"@type":"ImageObject","inLanguage":"pt-BR","@id":"https:\/\/www.comunidadeativa.jor.br\/#\/schema\/logo\/image\/","url":"https:\/\/www.comunidadeativa.jor.br\/wp-content\/uploads\/2018\/03\/cropped-LOGOPNG-1.png","contentUrl":"https:\/\/www.comunidadeativa.jor.br\/wp-content\/uploads\/2018\/03\/cropped-LOGOPNG-1.png","width":318,"height":90,"caption":"Comunidade Ativa"},"image":{"@id":"https:\/\/www.comunidadeativa.jor.br\/#\/schema\/logo\/image\/"},"sameAs":["https:\/\/www.facebook.com\/comunidadeativa"]},{"@type":"Person","@id":"https:\/\/www.comunidadeativa.jor.br\/#\/schema\/person\/dcaa1f1c51c1f0c47a33b2b734cad6e1","name":"Comunidade Ativa","image":{"@type":"ImageObject","inLanguage":"pt-BR","@id":"https:\/\/www.comunidadeativa.jor.br\/#\/schema\/person\/image\/","url":"https:\/\/secure.gravatar.com\/avatar\/09a9a1f85fedf41e81b47f7c1d40084f?s=96&d=mm&r=g","contentUrl":"https:\/\/secure.gravatar.com\/avatar\/09a9a1f85fedf41e81b47f7c1d40084f?s=96&d=mm&r=g","caption":"Comunidade Ativa"},"url":"https:\/\/www.comunidadeativa.jor.br\/index.php\/author\/casalberto\/"}]}},"_links":{"self":[{"href":"https:\/\/www.comunidadeativa.jor.br\/index.php\/wp-json\/wp\/v2\/posts\/2083","targetHints":{"allow":["GET"]}}],"collection":[{"href":"https:\/\/www.comunidadeativa.jor.br\/index.php\/wp-json\/wp\/v2\/posts"}],"about":[{"href":"https:\/\/www.comunidadeativa.jor.br\/index.php\/wp-json\/wp\/v2\/types\/post"}],"author":[{"embeddable":true,"href":"https:\/\/www.comunidadeativa.jor.br\/index.php\/wp-json\/wp\/v2\/users\/1"}],"replies":[{"embeddable":true,"href":"https:\/\/www.comunidadeativa.jor.br\/index.php\/wp-json\/wp\/v2\/comments?post=2083"}],"version-history":[{"count":2,"href":"https:\/\/www.comunidadeativa.jor.br\/index.php\/wp-json\/wp\/v2\/posts\/2083\/revisions"}],"predecessor-version":[{"id":3843,"href":"https:\/\/www.comunidadeativa.jor.br\/index.php\/wp-json\/wp\/v2\/posts\/2083\/revisions\/3843"}],"wp:featuredmedia":[{"embeddable":true,"href":"https:\/\/www.comunidadeativa.jor.br\/index.php\/wp-json\/wp\/v2\/media\/2089"}],"wp:attachment":[{"href":"https:\/\/www.comunidadeativa.jor.br\/index.php\/wp-json\/wp\/v2\/media?parent=2083"}],"wp:term":[{"taxonomy":"category","embeddable":true,"href":"https:\/\/www.comunidadeativa.jor.br\/index.php\/wp-json\/wp\/v2\/categories?post=2083"},{"taxonomy":"post_tag","embeddable":true,"href":"https:\/\/www.comunidadeativa.jor.br\/index.php\/wp-json\/wp\/v2\/tags?post=2083"}],"curies":[{"name":"wp","href":"https:\/\/api.w.org\/{rel}","templated":true}]}}