{"id":2144,"date":"2021-06-01T10:00:52","date_gmt":"2021-06-01T13:00:52","guid":{"rendered":"https:\/\/www.comunidadeativa.jor.br\/?p=2144"},"modified":"2023-08-11T18:35:50","modified_gmt":"2023-08-11T21:35:50","slug":"invista-na-gestao-sustentavel-do-seu-condominio-o-meio-ambiente-e-o-seus-condominos-vao-agradecer","status":"publish","type":"post","link":"https:\/\/www.comunidadeativa.jor.br\/index.php\/2021\/06\/01\/invista-na-gestao-sustentavel-do-seu-condominio-o-meio-ambiente-e-o-seus-condominos-vao-agradecer\/","title":{"rendered":"Invista na gest\u00e3o sustent\u00e1vel do seu condom\u00ednio. O meio ambiente e o seus cond\u00f4minos v\u00e3o agradecer!"},"content":{"rendered":"<p>Muito mais do que uma palavra da moda, a sustentabilidade \u00e9 necess\u00e1ria em todos os segmentos da sociedade. Ela significa que um processo, qualquer que seja, tem condi\u00e7\u00f5es de se manter por longo per\u00edodo, sem que isso signifique um peso que n\u00e3o possa ser suportado pelo meio ambiente, pela sociedade ou pela economia.<\/p>\n<p>Esta \u00e9 uma realidade que tamb\u00e9m deve fazer parte do planejamento dos condom\u00ednios. Afinal, como grandes consumidores que s\u00e3o, os condom\u00ednios que n\u00e3o pensam em ser sustent\u00e1veis t\u00eam grande potencial para causarem impactos muito negativos em v\u00e1rios n\u00edveis. Nesse aspecto, inclusive internamente, podem acarretar preju\u00edzos para o pr\u00f3prio caixa, inviabilizando a gest\u00e3o.<\/p>\n<p>Para evitar que isso ocorra, existem solu\u00e7\u00f5es que preveem o uso eficiente dos recursos consumidos pelo condom\u00ednio. Como consequ\u00eancia, al\u00e9m de elas reduzirem gastos e de valorizarem o patrim\u00f4nio dos propriet\u00e1rios, estimulam a ado\u00e7\u00e3o de boas pr\u00e1ticas entre cond\u00f4minos e funcion\u00e1rios.<\/p>\n<p>Confira a seguir algumas dicas que ajudar\u00e3o a manter a gest\u00e3o sustent\u00e1vel do condom\u00ednio.<\/p>\n<h5>Implante a medi\u00e7\u00e3o individualizada de \u00e1gua e de g\u00e1s<\/h5>\n<p>Em uma sociedade sustent\u00e1vel a aten\u00e7\u00e3o com o consumo consciente deve ser uma constante. Ocorre que a plena percep\u00e7\u00e3o do consumo pr\u00f3prio se torna prejudicada quando as pessoas n\u00e3o t\u00eam meios para medir diretamente o quanto consomem individualmente.<\/p>\n<p>Em um condom\u00ednio onde n\u00e3o h\u00e1 medi\u00e7\u00e3o de \u00e1gua ou de g\u00e1s individualizada esta situa\u00e7\u00e3o \u00e9 bastante frequente. Sem saberem o quanto consomem \u2014 e o quanto custa o pr\u00f3prio consumo \u2014 as pessoas acabam n\u00e3o se dedicando \u00e0s estrat\u00e9gias de economia, o que pode prejudicar o consumo total.<\/p>\n<p>Caso n\u00e3o existam, a sa\u00edda est\u00e1 na implanta\u00e7\u00e3o de medidores individualizados de \u00e1gua e de g\u00e1s. Al\u00e9m de tirar esta conta dos custos do condom\u00ednio, o que provocar\u00e1 uma redu\u00e7\u00e3o consider\u00e1vel no valor da taxa condominial, essa solu\u00e7\u00e3o tamb\u00e9m estimular\u00e1 as pessoas a terem maior cuidado na hora de consumir, tornando-as mais conscientes sobre a import\u00e2ncia desse aspecto na vida delas mesmas e de toda a sociedade.<\/p>\n<h5>Monitore o consumo da energia<\/h5>\n<p>\u00c9 poss\u00edvel implantar dispositivos de monitoramento que verificam a forma como a energia que est\u00e1 sendo comprada da distribuidora chega ao condom\u00ednio. Ao mesmo tempo, os equipamentos tamb\u00e9m acompanham os v\u00e1rios pontos de consumo existentes no condom\u00ednio \u2014 como elevadores, ilumina\u00e7\u00e3o das \u00e1reas comuns, bombas d\u2019\u00e1gua e outras instala\u00e7\u00f5es el\u00e9tricas \u2014 permitindo detectar eventuais situa\u00e7\u00f5es at\u00edpicas de consumo.<\/p>\n<p>Com base nos dados apurados tamb\u00e9m \u00e9 poss\u00edvel programar com maior exatid\u00e3o as manuten\u00e7\u00f5es preventivas, evitando que ocorram surtos el\u00e9tricos ou acidentes.<\/p>\n<h5>Use o sol a seu favor<\/h5>\n<p>Os aquecedores solares j\u00e1 n\u00e3o s\u00e3o tanta novidade e podem significar uma economia consider\u00e1vel, sobretudo para os condom\u00ednios que utilizam \u00e1gua quente em \u00e1reas comuns e que apresentam grande consumo \u2014 como naqueles que mant\u00eam piscinas aquecidas.<\/p>\n<p>Ainda que sejam mais recentes, os pain\u00e9is fotovoltaicos tamb\u00e9m j\u00e1 est\u00e3o bastante difundidos. Eles possibilitam ao condom\u00ednio utilizar uma energia completamente limpa e renov\u00e1vel, que representar\u00e1 uma economia de at\u00e9 40% nas contas e garantir\u00e1 uma relativa autonomia com rela\u00e7\u00e3o \u00e0s distribuidoras, evitando tamb\u00e9m os grandes impactos das bandeiras tarif\u00e1rias.<\/p>\n<h5>Monitore a \u00e1gua<\/h5>\n<p>A vaz\u00e3o e os par\u00e2metros de qualidade da \u00e1gua \u2014 como o pH e a turbidez \u2014 podem ser acompanhados por sensores que conseguem informar as condi\u00e7\u00f5es do abastecimento nas unidades, verificando tamb\u00e9m qualquer anomalia no fornecimento. Assim, \u00e9 poss\u00edvel manter constante avalia\u00e7\u00e3o do circuito hidr\u00e1ulico do condom\u00ednio, favorecendo o servi\u00e7o.<\/p>\n<h5>Elimine ao m\u00e1ximo a papelada<\/h5>\n<p>Or\u00e7amentos, planilhas, contratos, ordens de servi\u00e7o, entre outros documentos, s\u00e3o fontes frequentes de dor de cabe\u00e7a. Al\u00e9m da necessidade do armazenamento f\u00edsico, que nem sempre \u00e9 funcional, tamb\u00e9m geram um consumo significativo de papel.<\/p>\n<p>A informatiza\u00e7\u00e3o de todos os sistemas de gest\u00e3o do condom\u00ednio permite que esse tipo de consumo, se n\u00e3o for eliminado completamente, seja nivelado ao m\u00ednimo.<\/p>\n<p>&nbsp;<\/p>\n<p>&nbsp;<\/p>\n","protected":false},"excerpt":{"rendered":"<p>Muito mais do que uma palavra da moda, a sustentabilidade \u00e9 necess\u00e1ria em todos os segmentos da sociedade. Ela significa<\/p>\n","protected":false},"author":1,"featured_media":2145,"comment_status":"closed","ping_status":"open","sticky":false,"template":"","format":"standard","meta":{"footnotes":""},"categories":[16],"tags":[],"class_list":["post-2144","post","type-post","status-publish","format-standard","has-post-thumbnail","hentry","category-condominios"],"yoast_head":"<!-- This site is optimized with the Yoast SEO plugin v26.0 - https:\/\/yoast.com\/wordpress\/plugins\/seo\/ -->\n<title>Invista na gest\u00e3o sustent\u00e1vel do seu condom\u00ednio. O meio ambiente e o seus cond\u00f4minos v\u00e3o agradecer! - Comunidade Ativa<\/title>\n<meta name=\"robots\" content=\"index, follow, max-snippet:-1, max-image-preview:large, max-video-preview:-1\" \/>\n<link rel=\"canonical\" href=\"https:\/\/www.comunidadeativa.jor.br\/index.php\/2021\/06\/01\/invista-na-gestao-sustentavel-do-seu-condominio-o-meio-ambiente-e-o-seus-condominos-vao-agradecer\/\" \/>\n<meta property=\"og:locale\" content=\"pt_BR\" \/>\n<meta property=\"og:type\" content=\"article\" \/>\n<meta property=\"og:title\" content=\"Invista na gest\u00e3o sustent\u00e1vel do seu condom\u00ednio. O meio ambiente e o seus cond\u00f4minos v\u00e3o agradecer! - Comunidade Ativa\" \/>\n<meta property=\"og:description\" content=\"Muito mais do que uma palavra da moda, a sustentabilidade \u00e9 necess\u00e1ria em todos os segmentos da sociedade. Ela significa\" \/>\n<meta property=\"og:url\" content=\"https:\/\/www.comunidadeativa.jor.br\/index.php\/2021\/06\/01\/invista-na-gestao-sustentavel-do-seu-condominio-o-meio-ambiente-e-o-seus-condominos-vao-agradecer\/\" \/>\n<meta property=\"og:site_name\" content=\"Comunidade Ativa\" \/>\n<meta property=\"article:publisher\" content=\"https:\/\/www.facebook.com\/comunidadeativa\" \/>\n<meta property=\"article:published_time\" content=\"2021-06-01T13:00:52+00:00\" \/>\n<meta property=\"article:modified_time\" content=\"2023-08-11T21:35:50+00:00\" \/>\n<meta property=\"og:image\" content=\"https:\/\/www.comunidadeativa.jor.br\/wp-content\/uploads\/2021\/05\/capa1-9.jpg\" \/>\n\t<meta property=\"og:image:width\" content=\"640\" \/>\n\t<meta property=\"og:image:height\" content=\"352\" \/>\n\t<meta property=\"og:image:type\" content=\"image\/jpeg\" \/>\n<meta name=\"author\" content=\"Comunidade Ativa\" \/>\n<meta name=\"twitter:card\" content=\"summary_large_image\" \/>\n<meta name=\"twitter:label1\" content=\"Escrito por\" \/>\n\t<meta name=\"twitter:data1\" content=\"Comunidade Ativa\" \/>\n\t<meta name=\"twitter:label2\" content=\"Est. tempo de leitura\" \/>\n\t<meta name=\"twitter:data2\" content=\"4 minutos\" \/>\n<script type=\"application\/ld+json\" class=\"yoast-schema-graph\">{\"@context\":\"https:\/\/schema.org\",\"@graph\":[{\"@type\":\"Article\",\"@id\":\"https:\/\/www.comunidadeativa.jor.br\/index.php\/2021\/06\/01\/invista-na-gestao-sustentavel-do-seu-condominio-o-meio-ambiente-e-o-seus-condominos-vao-agradecer\/#article\",\"isPartOf\":{\"@id\":\"https:\/\/www.comunidadeativa.jor.br\/index.php\/2021\/06\/01\/invista-na-gestao-sustentavel-do-seu-condominio-o-meio-ambiente-e-o-seus-condominos-vao-agradecer\/\"},\"author\":{\"name\":\"Comunidade Ativa\",\"@id\":\"https:\/\/www.comunidadeativa.jor.br\/#\/schema\/person\/dcaa1f1c51c1f0c47a33b2b734cad6e1\"},\"headline\":\"Invista na gest\u00e3o sustent\u00e1vel do seu condom\u00ednio. O meio ambiente e o seus cond\u00f4minos v\u00e3o agradecer!\",\"datePublished\":\"2021-06-01T13:00:52+00:00\",\"dateModified\":\"2023-08-11T21:35:50+00:00\",\"mainEntityOfPage\":{\"@id\":\"https:\/\/www.comunidadeativa.jor.br\/index.php\/2021\/06\/01\/invista-na-gestao-sustentavel-do-seu-condominio-o-meio-ambiente-e-o-seus-condominos-vao-agradecer\/\"},\"wordCount\":735,\"publisher\":{\"@id\":\"https:\/\/www.comunidadeativa.jor.br\/#organization\"},\"image\":{\"@id\":\"https:\/\/www.comunidadeativa.jor.br\/index.php\/2021\/06\/01\/invista-na-gestao-sustentavel-do-seu-condominio-o-meio-ambiente-e-o-seus-condominos-vao-agradecer\/#primaryimage\"},\"thumbnailUrl\":\"https:\/\/www.comunidadeativa.jor.br\/wp-content\/uploads\/2021\/05\/capa1-9.jpg\",\"articleSection\":[\"Condom\u00ednios\"],\"inLanguage\":\"pt-BR\"},{\"@type\":\"WebPage\",\"@id\":\"https:\/\/www.comunidadeativa.jor.br\/index.php\/2021\/06\/01\/invista-na-gestao-sustentavel-do-seu-condominio-o-meio-ambiente-e-o-seus-condominos-vao-agradecer\/\",\"url\":\"https:\/\/www.comunidadeativa.jor.br\/index.php\/2021\/06\/01\/invista-na-gestao-sustentavel-do-seu-condominio-o-meio-ambiente-e-o-seus-condominos-vao-agradecer\/\",\"name\":\"Invista na gest\u00e3o sustent\u00e1vel do seu condom\u00ednio. O meio ambiente e o seus cond\u00f4minos v\u00e3o agradecer! - Comunidade Ativa\",\"isPartOf\":{\"@id\":\"https:\/\/www.comunidadeativa.jor.br\/#website\"},\"primaryImageOfPage\":{\"@id\":\"https:\/\/www.comunidadeativa.jor.br\/index.php\/2021\/06\/01\/invista-na-gestao-sustentavel-do-seu-condominio-o-meio-ambiente-e-o-seus-condominos-vao-agradecer\/#primaryimage\"},\"image\":{\"@id\":\"https:\/\/www.comunidadeativa.jor.br\/index.php\/2021\/06\/01\/invista-na-gestao-sustentavel-do-seu-condominio-o-meio-ambiente-e-o-seus-condominos-vao-agradecer\/#primaryimage\"},\"thumbnailUrl\":\"https:\/\/www.comunidadeativa.jor.br\/wp-content\/uploads\/2021\/05\/capa1-9.jpg\",\"datePublished\":\"2021-06-01T13:00:52+00:00\",\"dateModified\":\"2023-08-11T21:35:50+00:00\",\"breadcrumb\":{\"@id\":\"https:\/\/www.comunidadeativa.jor.br\/index.php\/2021\/06\/01\/invista-na-gestao-sustentavel-do-seu-condominio-o-meio-ambiente-e-o-seus-condominos-vao-agradecer\/#breadcrumb\"},\"inLanguage\":\"pt-BR\",\"potentialAction\":[{\"@type\":\"ReadAction\",\"target\":[\"https:\/\/www.comunidadeativa.jor.br\/index.php\/2021\/06\/01\/invista-na-gestao-sustentavel-do-seu-condominio-o-meio-ambiente-e-o-seus-condominos-vao-agradecer\/\"]}]},{\"@type\":\"ImageObject\",\"inLanguage\":\"pt-BR\",\"@id\":\"https:\/\/www.comunidadeativa.jor.br\/index.php\/2021\/06\/01\/invista-na-gestao-sustentavel-do-seu-condominio-o-meio-ambiente-e-o-seus-condominos-vao-agradecer\/#primaryimage\",\"url\":\"https:\/\/www.comunidadeativa.jor.br\/wp-content\/uploads\/2021\/05\/capa1-9.jpg\",\"contentUrl\":\"https:\/\/www.comunidadeativa.jor.br\/wp-content\/uploads\/2021\/05\/capa1-9.jpg\",\"width\":640,\"height\":352},{\"@type\":\"BreadcrumbList\",\"@id\":\"https:\/\/www.comunidadeativa.jor.br\/index.php\/2021\/06\/01\/invista-na-gestao-sustentavel-do-seu-condominio-o-meio-ambiente-e-o-seus-condominos-vao-agradecer\/#breadcrumb\",\"itemListElement\":[{\"@type\":\"ListItem\",\"position\":1,\"name\":\"In\u00edcio\",\"item\":\"https:\/\/www.comunidadeativa.jor.br\/\"},{\"@type\":\"ListItem\",\"position\":2,\"name\":\"Invista na gest\u00e3o sustent\u00e1vel do seu condom\u00ednio. O meio ambiente e o seus cond\u00f4minos v\u00e3o agradecer!\"}]},{\"@type\":\"WebSite\",\"@id\":\"https:\/\/www.comunidadeativa.jor.br\/#website\",\"url\":\"https:\/\/www.comunidadeativa.jor.br\/\",\"name\":\"Comunidade Ativa\",\"description\":\"\",\"publisher\":{\"@id\":\"https:\/\/www.comunidadeativa.jor.br\/#organization\"},\"potentialAction\":[{\"@type\":\"SearchAction\",\"target\":{\"@type\":\"EntryPoint\",\"urlTemplate\":\"https:\/\/www.comunidadeativa.jor.br\/?s={search_term_string}\"},\"query-input\":{\"@type\":\"PropertyValueSpecification\",\"valueRequired\":true,\"valueName\":\"search_term_string\"}}],\"inLanguage\":\"pt-BR\"},{\"@type\":\"Organization\",\"@id\":\"https:\/\/www.comunidadeativa.jor.br\/#organization\",\"name\":\"Comunidade Ativa\",\"url\":\"https:\/\/www.comunidadeativa.jor.br\/\",\"logo\":{\"@type\":\"ImageObject\",\"inLanguage\":\"pt-BR\",\"@id\":\"https:\/\/www.comunidadeativa.jor.br\/#\/schema\/logo\/image\/\",\"url\":\"https:\/\/www.comunidadeativa.jor.br\/wp-content\/uploads\/2018\/03\/cropped-LOGOPNG-1.png\",\"contentUrl\":\"https:\/\/www.comunidadeativa.jor.br\/wp-content\/uploads\/2018\/03\/cropped-LOGOPNG-1.png\",\"width\":318,\"height\":90,\"caption\":\"Comunidade Ativa\"},\"image\":{\"@id\":\"https:\/\/www.comunidadeativa.jor.br\/#\/schema\/logo\/image\/\"},\"sameAs\":[\"https:\/\/www.facebook.com\/comunidadeativa\"]},{\"@type\":\"Person\",\"@id\":\"https:\/\/www.comunidadeativa.jor.br\/#\/schema\/person\/dcaa1f1c51c1f0c47a33b2b734cad6e1\",\"name\":\"Comunidade Ativa\",\"image\":{\"@type\":\"ImageObject\",\"inLanguage\":\"pt-BR\",\"@id\":\"https:\/\/www.comunidadeativa.jor.br\/#\/schema\/person\/image\/\",\"url\":\"https:\/\/secure.gravatar.com\/avatar\/09a9a1f85fedf41e81b47f7c1d40084f?s=96&d=mm&r=g\",\"contentUrl\":\"https:\/\/secure.gravatar.com\/avatar\/09a9a1f85fedf41e81b47f7c1d40084f?s=96&d=mm&r=g\",\"caption\":\"Comunidade Ativa\"},\"url\":\"https:\/\/www.comunidadeativa.jor.br\/index.php\/author\/casalberto\/\"}]}<\/script>\n<!-- \/ Yoast SEO plugin. -->","yoast_head_json":{"title":"Invista na gest\u00e3o sustent\u00e1vel do seu condom\u00ednio. O meio ambiente e o seus cond\u00f4minos v\u00e3o agradecer! - Comunidade Ativa","robots":{"index":"index","follow":"follow","max-snippet":"max-snippet:-1","max-image-preview":"max-image-preview:large","max-video-preview":"max-video-preview:-1"},"canonical":"https:\/\/www.comunidadeativa.jor.br\/index.php\/2021\/06\/01\/invista-na-gestao-sustentavel-do-seu-condominio-o-meio-ambiente-e-o-seus-condominos-vao-agradecer\/","og_locale":"pt_BR","og_type":"article","og_title":"Invista na gest\u00e3o sustent\u00e1vel do seu condom\u00ednio. O meio ambiente e o seus cond\u00f4minos v\u00e3o agradecer! - Comunidade Ativa","og_description":"Muito mais do que uma palavra da moda, a sustentabilidade \u00e9 necess\u00e1ria em todos os segmentos da sociedade. Ela significa","og_url":"https:\/\/www.comunidadeativa.jor.br\/index.php\/2021\/06\/01\/invista-na-gestao-sustentavel-do-seu-condominio-o-meio-ambiente-e-o-seus-condominos-vao-agradecer\/","og_site_name":"Comunidade Ativa","article_publisher":"https:\/\/www.facebook.com\/comunidadeativa","article_published_time":"2021-06-01T13:00:52+00:00","article_modified_time":"2023-08-11T21:35:50+00:00","og_image":[{"width":640,"height":352,"url":"https:\/\/www.comunidadeativa.jor.br\/wp-content\/uploads\/2021\/05\/capa1-9.jpg","type":"image\/jpeg"}],"author":"Comunidade Ativa","twitter_card":"summary_large_image","twitter_misc":{"Escrito por":"Comunidade Ativa","Est. tempo de leitura":"4 minutos"},"schema":{"@context":"https:\/\/schema.org","@graph":[{"@type":"Article","@id":"https:\/\/www.comunidadeativa.jor.br\/index.php\/2021\/06\/01\/invista-na-gestao-sustentavel-do-seu-condominio-o-meio-ambiente-e-o-seus-condominos-vao-agradecer\/#article","isPartOf":{"@id":"https:\/\/www.comunidadeativa.jor.br\/index.php\/2021\/06\/01\/invista-na-gestao-sustentavel-do-seu-condominio-o-meio-ambiente-e-o-seus-condominos-vao-agradecer\/"},"author":{"name":"Comunidade Ativa","@id":"https:\/\/www.comunidadeativa.jor.br\/#\/schema\/person\/dcaa1f1c51c1f0c47a33b2b734cad6e1"},"headline":"Invista na gest\u00e3o sustent\u00e1vel do seu condom\u00ednio. O meio ambiente e o seus cond\u00f4minos v\u00e3o agradecer!","datePublished":"2021-06-01T13:00:52+00:00","dateModified":"2023-08-11T21:35:50+00:00","mainEntityOfPage":{"@id":"https:\/\/www.comunidadeativa.jor.br\/index.php\/2021\/06\/01\/invista-na-gestao-sustentavel-do-seu-condominio-o-meio-ambiente-e-o-seus-condominos-vao-agradecer\/"},"wordCount":735,"publisher":{"@id":"https:\/\/www.comunidadeativa.jor.br\/#organization"},"image":{"@id":"https:\/\/www.comunidadeativa.jor.br\/index.php\/2021\/06\/01\/invista-na-gestao-sustentavel-do-seu-condominio-o-meio-ambiente-e-o-seus-condominos-vao-agradecer\/#primaryimage"},"thumbnailUrl":"https:\/\/www.comunidadeativa.jor.br\/wp-content\/uploads\/2021\/05\/capa1-9.jpg","articleSection":["Condom\u00ednios"],"inLanguage":"pt-BR"},{"@type":"WebPage","@id":"https:\/\/www.comunidadeativa.jor.br\/index.php\/2021\/06\/01\/invista-na-gestao-sustentavel-do-seu-condominio-o-meio-ambiente-e-o-seus-condominos-vao-agradecer\/","url":"https:\/\/www.comunidadeativa.jor.br\/index.php\/2021\/06\/01\/invista-na-gestao-sustentavel-do-seu-condominio-o-meio-ambiente-e-o-seus-condominos-vao-agradecer\/","name":"Invista na gest\u00e3o sustent\u00e1vel do seu condom\u00ednio. O meio ambiente e o seus cond\u00f4minos v\u00e3o agradecer! - Comunidade Ativa","isPartOf":{"@id":"https:\/\/www.comunidadeativa.jor.br\/#website"},"primaryImageOfPage":{"@id":"https:\/\/www.comunidadeativa.jor.br\/index.php\/2021\/06\/01\/invista-na-gestao-sustentavel-do-seu-condominio-o-meio-ambiente-e-o-seus-condominos-vao-agradecer\/#primaryimage"},"image":{"@id":"https:\/\/www.comunidadeativa.jor.br\/index.php\/2021\/06\/01\/invista-na-gestao-sustentavel-do-seu-condominio-o-meio-ambiente-e-o-seus-condominos-vao-agradecer\/#primaryimage"},"thumbnailUrl":"https:\/\/www.comunidadeativa.jor.br\/wp-content\/uploads\/2021\/05\/capa1-9.jpg","datePublished":"2021-06-01T13:00:52+00:00","dateModified":"2023-08-11T21:35:50+00:00","breadcrumb":{"@id":"https:\/\/www.comunidadeativa.jor.br\/index.php\/2021\/06\/01\/invista-na-gestao-sustentavel-do-seu-condominio-o-meio-ambiente-e-o-seus-condominos-vao-agradecer\/#breadcrumb"},"inLanguage":"pt-BR","potentialAction":[{"@type":"ReadAction","target":["https:\/\/www.comunidadeativa.jor.br\/index.php\/2021\/06\/01\/invista-na-gestao-sustentavel-do-seu-condominio-o-meio-ambiente-e-o-seus-condominos-vao-agradecer\/"]}]},{"@type":"ImageObject","inLanguage":"pt-BR","@id":"https:\/\/www.comunidadeativa.jor.br\/index.php\/2021\/06\/01\/invista-na-gestao-sustentavel-do-seu-condominio-o-meio-ambiente-e-o-seus-condominos-vao-agradecer\/#primaryimage","url":"https:\/\/www.comunidadeativa.jor.br\/wp-content\/uploads\/2021\/05\/capa1-9.jpg","contentUrl":"https:\/\/www.comunidadeativa.jor.br\/wp-content\/uploads\/2021\/05\/capa1-9.jpg","width":640,"height":352},{"@type":"BreadcrumbList","@id":"https:\/\/www.comunidadeativa.jor.br\/index.php\/2021\/06\/01\/invista-na-gestao-sustentavel-do-seu-condominio-o-meio-ambiente-e-o-seus-condominos-vao-agradecer\/#breadcrumb","itemListElement":[{"@type":"ListItem","position":1,"name":"In\u00edcio","item":"https:\/\/www.comunidadeativa.jor.br\/"},{"@type":"ListItem","position":2,"name":"Invista na gest\u00e3o sustent\u00e1vel do seu condom\u00ednio. O meio ambiente e o seus cond\u00f4minos v\u00e3o agradecer!"}]},{"@type":"WebSite","@id":"https:\/\/www.comunidadeativa.jor.br\/#website","url":"https:\/\/www.comunidadeativa.jor.br\/","name":"Comunidade Ativa","description":"","publisher":{"@id":"https:\/\/www.comunidadeativa.jor.br\/#organization"},"potentialAction":[{"@type":"SearchAction","target":{"@type":"EntryPoint","urlTemplate":"https:\/\/www.comunidadeativa.jor.br\/?s={search_term_string}"},"query-input":{"@type":"PropertyValueSpecification","valueRequired":true,"valueName":"search_term_string"}}],"inLanguage":"pt-BR"},{"@type":"Organization","@id":"https:\/\/www.comunidadeativa.jor.br\/#organization","name":"Comunidade Ativa","url":"https:\/\/www.comunidadeativa.jor.br\/","logo":{"@type":"ImageObject","inLanguage":"pt-BR","@id":"https:\/\/www.comunidadeativa.jor.br\/#\/schema\/logo\/image\/","url":"https:\/\/www.comunidadeativa.jor.br\/wp-content\/uploads\/2018\/03\/cropped-LOGOPNG-1.png","contentUrl":"https:\/\/www.comunidadeativa.jor.br\/wp-content\/uploads\/2018\/03\/cropped-LOGOPNG-1.png","width":318,"height":90,"caption":"Comunidade Ativa"},"image":{"@id":"https:\/\/www.comunidadeativa.jor.br\/#\/schema\/logo\/image\/"},"sameAs":["https:\/\/www.facebook.com\/comunidadeativa"]},{"@type":"Person","@id":"https:\/\/www.comunidadeativa.jor.br\/#\/schema\/person\/dcaa1f1c51c1f0c47a33b2b734cad6e1","name":"Comunidade Ativa","image":{"@type":"ImageObject","inLanguage":"pt-BR","@id":"https:\/\/www.comunidadeativa.jor.br\/#\/schema\/person\/image\/","url":"https:\/\/secure.gravatar.com\/avatar\/09a9a1f85fedf41e81b47f7c1d40084f?s=96&d=mm&r=g","contentUrl":"https:\/\/secure.gravatar.com\/avatar\/09a9a1f85fedf41e81b47f7c1d40084f?s=96&d=mm&r=g","caption":"Comunidade Ativa"},"url":"https:\/\/www.comunidadeativa.jor.br\/index.php\/author\/casalberto\/"}]}},"_links":{"self":[{"href":"https:\/\/www.comunidadeativa.jor.br\/index.php\/wp-json\/wp\/v2\/posts\/2144","targetHints":{"allow":["GET"]}}],"collection":[{"href":"https:\/\/www.comunidadeativa.jor.br\/index.php\/wp-json\/wp\/v2\/posts"}],"about":[{"href":"https:\/\/www.comunidadeativa.jor.br\/index.php\/wp-json\/wp\/v2\/types\/post"}],"author":[{"embeddable":true,"href":"https:\/\/www.comunidadeativa.jor.br\/index.php\/wp-json\/wp\/v2\/users\/1"}],"replies":[{"embeddable":true,"href":"https:\/\/www.comunidadeativa.jor.br\/index.php\/wp-json\/wp\/v2\/comments?post=2144"}],"version-history":[{"count":2,"href":"https:\/\/www.comunidadeativa.jor.br\/index.php\/wp-json\/wp\/v2\/posts\/2144\/revisions"}],"predecessor-version":[{"id":3852,"href":"https:\/\/www.comunidadeativa.jor.br\/index.php\/wp-json\/wp\/v2\/posts\/2144\/revisions\/3852"}],"wp:featuredmedia":[{"embeddable":true,"href":"https:\/\/www.comunidadeativa.jor.br\/index.php\/wp-json\/wp\/v2\/media\/2145"}],"wp:attachment":[{"href":"https:\/\/www.comunidadeativa.jor.br\/index.php\/wp-json\/wp\/v2\/media?parent=2144"}],"wp:term":[{"taxonomy":"category","embeddable":true,"href":"https:\/\/www.comunidadeativa.jor.br\/index.php\/wp-json\/wp\/v2\/categories?post=2144"},{"taxonomy":"post_tag","embeddable":true,"href":"https:\/\/www.comunidadeativa.jor.br\/index.php\/wp-json\/wp\/v2\/tags?post=2144"}],"curies":[{"name":"wp","href":"https:\/\/api.w.org\/{rel}","templated":true}]}}