{"id":2165,"date":"2021-06-08T10:12:50","date_gmt":"2021-06-08T13:12:50","guid":{"rendered":"https:\/\/www.comunidadeativa.jor.br\/?p=2165"},"modified":"2023-08-11T18:36:50","modified_gmt":"2023-08-11T21:36:50","slug":"facetas-ultrafinas-garantem-rapidez-na-renovacao-do-sorriso","status":"publish","type":"post","link":"https:\/\/www.comunidadeativa.jor.br\/index.php\/2021\/06\/08\/facetas-ultrafinas-garantem-rapidez-na-renovacao-do-sorriso\/","title":{"rendered":"Facetas ultrafinas garantem rapidez na renova\u00e7\u00e3o do sorriso"},"content":{"rendered":"<p>Al\u00e9m das fun\u00e7\u00f5es b\u00e1sicas de mastiga\u00e7\u00e3o e de atuar como auxiliares no processo da fala, garantindo a possibilidade da dic\u00e7\u00e3o correta das palavras, os dentes tamb\u00e9m cumprem papel est\u00e9tico fundamental. De fato, a boa impress\u00e3o que um belo sorriso transmite, em geral, facilita as rela\u00e7\u00f5es pessoais e profissionais, o que torna a aten\u00e7\u00e3o com a sa\u00fade bucal ainda mais necess\u00e1ria.<\/p>\n<p>Contudo, como n\u00e3o s\u00e3o todas as pessoas que podem usufruir naturalmente desta condi\u00e7\u00e3o, a odontologia faz uso de t\u00e9cnicas variadas, que permitem que os pacientes consigam obter uma denti\u00e7\u00e3o apresent\u00e1vel. Em casos extremos pode ser necess\u00e1ria a substitui\u00e7\u00e3o da denti\u00e7\u00e3o natural por implantes dent\u00e1rios. Em outras situa\u00e7\u00f5es, um simples clareamento pode apresentar \u00f3timos resultados. Por\u00e9m, existem casos intermedi\u00e1rios, para as quais as lentes de contato dentais se apresentam com boas solu\u00e7\u00f5es.<\/p>\n<h5>Facetas ultrafinas<\/h5>\n<p>As tais lentes de contato, como s\u00e3o conhecidas popularmente, tecnicamente s\u00e3o denominadas \u201cfacetas de cer\u00e2mica odontol\u00f3gica ultrafinas\u201d. De fato, elas s\u00e3o pe\u00e7as produzidas com material cer\u00e2mico que apresentam espessura bastante reduzida e que s\u00e3o colocadas como uma cobertura sobre os dentes, promovendo um consider\u00e1vel ganho est\u00e9tico e ajudando a conservar a estrutura original da denti\u00e7\u00e3o original.<\/p>\n<p>Diferentes das facetas de cer\u00e2mica, as facetas ultrafinas, que t\u00eam entre 0,3 e 0,5 mil\u00edmetros de espessura, exigem um preparo que provoca pouco desgaste nos dentes. J\u00e1 as facetas, com espessura de 7 mil\u00edmetros, s\u00e3o utilizadas em dentes que apresentam quadros de deforma\u00e7\u00e3o mais s\u00e9rios, exigindo maior interven\u00e7\u00e3o sobre a denti\u00e7\u00e3o.<\/p>\n<p>Ao mesmo tempo em que as facetas ultrafinas escondem os defeitos de colora\u00e7\u00e3o dos dentes originais, elas tamb\u00e9m conseguem retificar problemas cr\u00f4nicos diversos \u2014 como os existentes em linhas de sorriso, de dentes curtos e diastemas, que \u00e9 o espa\u00e7amento excessivo entre dentes, entre outros.<\/p>\n<h5>A aplica\u00e7\u00e3o das facetas<\/h5>\n<p>A coloca\u00e7\u00e3o das facetas ultrafinas \u00e9 um processo relativamente simples. Como qualquer procedimento odontol\u00f3gico, na primeira etapa, o dentista far\u00e1 uma an\u00e1lise da arcada dent\u00e1ria do paciente, o que \u00e9 necess\u00e1rio para que seja verificado a melhor solu\u00e7\u00e3o a ser adotada para o caso espec\u00edfico. Em geral, na mesma consulta \u00e9 feita a escolha da colora\u00e7\u00e3o das lentes que ser\u00e3o aplicadas e realizada a moldagem do dente.<\/p>\n<p>Em seguida, o molde ser\u00e1 enviado para o t\u00e9cnico que far\u00e1 a prepara\u00e7\u00e3o da faceta. Por fim, em nova consulta, as lentes de contato ser\u00e3o fixadas aos dentes.<\/p>\n<h5>Benef\u00edcios das facetas ultrafinas<\/h5>\n<p>Como o tratamento \u00e9 r\u00e1pido e muito pouco invasivo, em curt\u00edssimo prazo, o paciente consegue obter uma denti\u00e7\u00e3o mais harm\u00f4nica sem nenhum estresse. Al\u00e9m disso, considerando que o material cer\u00e2mico \u00e9 resistente \u00e0 pigmenta\u00e7\u00e3o dos alimentos e n\u00e3o altera a colora\u00e7\u00e3o, dispensa os clareamentos futuros.<\/p>\n<p>Tamb\u00e9m \u00e9 importante considerar que as pe\u00e7as, que d\u00e3o um novo formato \u00e0 denti\u00e7\u00e3o e escondem os defeitos dos dentes originais, n\u00e3o exigem manuten\u00e7\u00e3o. Tecnicamente, se n\u00e3o sofrerem nenhum dano mec\u00e2nico e forem adequadamente higienizadas, podem durar por 20 anos ou mais.<\/p>\n<p>Por\u00e9m, vale destacar que a durabilidade das facetas ultrafinas est\u00e1 condicionada \u00e0 aten\u00e7\u00e3o do paciente com higiene bucal e a mastiga\u00e7\u00e3o. Em hip\u00f3tese alguma, o uso do recurso significa que os cuidados com a escova\u00e7\u00e3o, com o uso de fio dental e com a visita\u00e7\u00e3o regular ao dentista possam ser dispensados. Ao contr\u00e1rio, eles devem ser rigorosamente mantidos, uma vez que a lente de contato n\u00e3o impedir\u00e1 outros danos na boca \u2014 como as doen\u00e7as periodontais \u2014 caso a higieniza\u00e7\u00e3o n\u00e3o ocorra de forma correta.<\/p>\n<p>Ao mesmo tempo, da mesma forma como podem danificar a denti\u00e7\u00e3o natural, alguns h\u00e1bitos impr\u00f3prios que algumas pessoas t\u00eam \u2014 como o de abrir embalagens com os dentes \u2014 podem causar danos \u00e0s facetas.<\/p>\n<h5>Existem restri\u00e7\u00f5es<\/h5>\n<p>H\u00e1 casos espec\u00edficos em que a faceta ultrafina n\u00e3o aparece como a solu\u00e7\u00e3o indicada, o que ser\u00e1 definido pelo dentista. Quando o paciente apresenta os dentes com grandes fraturas, extensas les\u00f5es de c\u00e1ries e restaura\u00e7\u00f5es significativas, por exemplo, o uso da t\u00e9cnica n\u00e3o \u00e9 vi\u00e1vel.<\/p>\n<p>Pessoas que sofrem com doen\u00e7as periodontais e que n\u00e3o fazem uma higiene bucal minimamente apropriada muitas vezes tamb\u00e9m n\u00e3o podem aplicar as facetas cer\u00e2micas. O mesmo pode ser dito sobre quem apresenta graus severos de bruxismo \u2014 h\u00e1bito de ranger os dentes \u00e0 noite \u2014 ou de briquismo \u2014 h\u00e1bito diurno de apertar os dentes.<\/p>\n<p>De modo geral, n\u00e3o existe nenhuma restri\u00e7\u00e3o alimentar para quem utiliza lentes de contato nos dentes. Contudo, \u00e9 conveniente evitar o consumo excessivo de alimentos e de bebidas que possam manchar os dentes originais \u2014 como a\u00e7a\u00ed, caf\u00e9, refrigerantes e sucos de caixinha, por exemplo. Ao mesmo tempo, alimentos excessivamente duros, o que tamb\u00e9m \u00e9 contraindicado at\u00e9 mesmo para as pessoas que n\u00e3o utilizam lentes na denti\u00e7\u00e3o, tamb\u00e9m devem ser evitados.<\/p>\n<p>&nbsp;<\/p>\n<p>&nbsp;<\/p>\n<p>&nbsp;<\/p>\n","protected":false},"excerpt":{"rendered":"<p>Al\u00e9m das fun\u00e7\u00f5es b\u00e1sicas de mastiga\u00e7\u00e3o e de atuar como auxiliares no processo da fala, garantindo a possibilidade da dic\u00e7\u00e3o<\/p>\n","protected":false},"author":1,"featured_media":2166,"comment_status":"closed","ping_status":"open","sticky":false,"template":"","format":"standard","meta":{"footnotes":""},"categories":[9],"tags":[],"class_list":["post-2165","post","type-post","status-publish","format-standard","has-post-thumbnail","hentry","category-saude-qualidade-de-vida"],"yoast_head":"<!-- This site is optimized with the Yoast SEO plugin v26.0 - https:\/\/yoast.com\/wordpress\/plugins\/seo\/ -->\n<title>Facetas ultrafinas garantem rapidez na renova\u00e7\u00e3o do sorriso - Comunidade Ativa<\/title>\n<meta name=\"robots\" content=\"index, follow, max-snippet:-1, max-image-preview:large, max-video-preview:-1\" \/>\n<link rel=\"canonical\" href=\"https:\/\/www.comunidadeativa.jor.br\/index.php\/2021\/06\/08\/facetas-ultrafinas-garantem-rapidez-na-renovacao-do-sorriso\/\" \/>\n<meta property=\"og:locale\" content=\"pt_BR\" \/>\n<meta property=\"og:type\" content=\"article\" \/>\n<meta property=\"og:title\" content=\"Facetas ultrafinas garantem rapidez na renova\u00e7\u00e3o do sorriso - Comunidade Ativa\" \/>\n<meta property=\"og:description\" content=\"Al\u00e9m das fun\u00e7\u00f5es b\u00e1sicas de mastiga\u00e7\u00e3o e de atuar como auxiliares no processo da fala, garantindo a possibilidade da dic\u00e7\u00e3o\" \/>\n<meta property=\"og:url\" content=\"https:\/\/www.comunidadeativa.jor.br\/index.php\/2021\/06\/08\/facetas-ultrafinas-garantem-rapidez-na-renovacao-do-sorriso\/\" \/>\n<meta property=\"og:site_name\" content=\"Comunidade Ativa\" \/>\n<meta property=\"article:publisher\" content=\"https:\/\/www.facebook.com\/comunidadeativa\" \/>\n<meta property=\"article:published_time\" content=\"2021-06-08T13:12:50+00:00\" \/>\n<meta property=\"article:modified_time\" content=\"2023-08-11T21:36:50+00:00\" \/>\n<meta property=\"og:image\" content=\"https:\/\/www.comunidadeativa.jor.br\/wp-content\/uploads\/2021\/06\/capa1-4.jpg\" \/>\n\t<meta property=\"og:image:width\" content=\"640\" \/>\n\t<meta property=\"og:image:height\" content=\"352\" \/>\n\t<meta property=\"og:image:type\" content=\"image\/jpeg\" \/>\n<meta name=\"author\" content=\"Comunidade Ativa\" \/>\n<meta name=\"twitter:card\" content=\"summary_large_image\" \/>\n<meta name=\"twitter:label1\" content=\"Escrito por\" \/>\n\t<meta name=\"twitter:data1\" content=\"Comunidade Ativa\" \/>\n\t<meta name=\"twitter:label2\" content=\"Est. tempo de leitura\" \/>\n\t<meta name=\"twitter:data2\" content=\"4 minutos\" \/>\n<script type=\"application\/ld+json\" class=\"yoast-schema-graph\">{\"@context\":\"https:\/\/schema.org\",\"@graph\":[{\"@type\":\"Article\",\"@id\":\"https:\/\/www.comunidadeativa.jor.br\/index.php\/2021\/06\/08\/facetas-ultrafinas-garantem-rapidez-na-renovacao-do-sorriso\/#article\",\"isPartOf\":{\"@id\":\"https:\/\/www.comunidadeativa.jor.br\/index.php\/2021\/06\/08\/facetas-ultrafinas-garantem-rapidez-na-renovacao-do-sorriso\/\"},\"author\":{\"name\":\"Comunidade Ativa\",\"@id\":\"https:\/\/www.comunidadeativa.jor.br\/#\/schema\/person\/dcaa1f1c51c1f0c47a33b2b734cad6e1\"},\"headline\":\"Facetas ultrafinas garantem rapidez na renova\u00e7\u00e3o do sorriso\",\"datePublished\":\"2021-06-08T13:12:50+00:00\",\"dateModified\":\"2023-08-11T21:36:50+00:00\",\"mainEntityOfPage\":{\"@id\":\"https:\/\/www.comunidadeativa.jor.br\/index.php\/2021\/06\/08\/facetas-ultrafinas-garantem-rapidez-na-renovacao-do-sorriso\/\"},\"wordCount\":872,\"publisher\":{\"@id\":\"https:\/\/www.comunidadeativa.jor.br\/#organization\"},\"image\":{\"@id\":\"https:\/\/www.comunidadeativa.jor.br\/index.php\/2021\/06\/08\/facetas-ultrafinas-garantem-rapidez-na-renovacao-do-sorriso\/#primaryimage\"},\"thumbnailUrl\":\"https:\/\/www.comunidadeativa.jor.br\/wp-content\/uploads\/2021\/06\/capa1-4.jpg\",\"articleSection\":[\"Sa\u00fade &amp; Qualidade de Vida\"],\"inLanguage\":\"pt-BR\"},{\"@type\":\"WebPage\",\"@id\":\"https:\/\/www.comunidadeativa.jor.br\/index.php\/2021\/06\/08\/facetas-ultrafinas-garantem-rapidez-na-renovacao-do-sorriso\/\",\"url\":\"https:\/\/www.comunidadeativa.jor.br\/index.php\/2021\/06\/08\/facetas-ultrafinas-garantem-rapidez-na-renovacao-do-sorriso\/\",\"name\":\"Facetas ultrafinas garantem rapidez na renova\u00e7\u00e3o do sorriso - Comunidade Ativa\",\"isPartOf\":{\"@id\":\"https:\/\/www.comunidadeativa.jor.br\/#website\"},\"primaryImageOfPage\":{\"@id\":\"https:\/\/www.comunidadeativa.jor.br\/index.php\/2021\/06\/08\/facetas-ultrafinas-garantem-rapidez-na-renovacao-do-sorriso\/#primaryimage\"},\"image\":{\"@id\":\"https:\/\/www.comunidadeativa.jor.br\/index.php\/2021\/06\/08\/facetas-ultrafinas-garantem-rapidez-na-renovacao-do-sorriso\/#primaryimage\"},\"thumbnailUrl\":\"https:\/\/www.comunidadeativa.jor.br\/wp-content\/uploads\/2021\/06\/capa1-4.jpg\",\"datePublished\":\"2021-06-08T13:12:50+00:00\",\"dateModified\":\"2023-08-11T21:36:50+00:00\",\"breadcrumb\":{\"@id\":\"https:\/\/www.comunidadeativa.jor.br\/index.php\/2021\/06\/08\/facetas-ultrafinas-garantem-rapidez-na-renovacao-do-sorriso\/#breadcrumb\"},\"inLanguage\":\"pt-BR\",\"potentialAction\":[{\"@type\":\"ReadAction\",\"target\":[\"https:\/\/www.comunidadeativa.jor.br\/index.php\/2021\/06\/08\/facetas-ultrafinas-garantem-rapidez-na-renovacao-do-sorriso\/\"]}]},{\"@type\":\"ImageObject\",\"inLanguage\":\"pt-BR\",\"@id\":\"https:\/\/www.comunidadeativa.jor.br\/index.php\/2021\/06\/08\/facetas-ultrafinas-garantem-rapidez-na-renovacao-do-sorriso\/#primaryimage\",\"url\":\"https:\/\/www.comunidadeativa.jor.br\/wp-content\/uploads\/2021\/06\/capa1-4.jpg\",\"contentUrl\":\"https:\/\/www.comunidadeativa.jor.br\/wp-content\/uploads\/2021\/06\/capa1-4.jpg\",\"width\":640,\"height\":352},{\"@type\":\"BreadcrumbList\",\"@id\":\"https:\/\/www.comunidadeativa.jor.br\/index.php\/2021\/06\/08\/facetas-ultrafinas-garantem-rapidez-na-renovacao-do-sorriso\/#breadcrumb\",\"itemListElement\":[{\"@type\":\"ListItem\",\"position\":1,\"name\":\"In\u00edcio\",\"item\":\"https:\/\/www.comunidadeativa.jor.br\/\"},{\"@type\":\"ListItem\",\"position\":2,\"name\":\"Facetas ultrafinas garantem rapidez na renova\u00e7\u00e3o do sorriso\"}]},{\"@type\":\"WebSite\",\"@id\":\"https:\/\/www.comunidadeativa.jor.br\/#website\",\"url\":\"https:\/\/www.comunidadeativa.jor.br\/\",\"name\":\"Comunidade Ativa\",\"description\":\"\",\"publisher\":{\"@id\":\"https:\/\/www.comunidadeativa.jor.br\/#organization\"},\"potentialAction\":[{\"@type\":\"SearchAction\",\"target\":{\"@type\":\"EntryPoint\",\"urlTemplate\":\"https:\/\/www.comunidadeativa.jor.br\/?s={search_term_string}\"},\"query-input\":{\"@type\":\"PropertyValueSpecification\",\"valueRequired\":true,\"valueName\":\"search_term_string\"}}],\"inLanguage\":\"pt-BR\"},{\"@type\":\"Organization\",\"@id\":\"https:\/\/www.comunidadeativa.jor.br\/#organization\",\"name\":\"Comunidade Ativa\",\"url\":\"https:\/\/www.comunidadeativa.jor.br\/\",\"logo\":{\"@type\":\"ImageObject\",\"inLanguage\":\"pt-BR\",\"@id\":\"https:\/\/www.comunidadeativa.jor.br\/#\/schema\/logo\/image\/\",\"url\":\"https:\/\/www.comunidadeativa.jor.br\/wp-content\/uploads\/2018\/03\/cropped-LOGOPNG-1.png\",\"contentUrl\":\"https:\/\/www.comunidadeativa.jor.br\/wp-content\/uploads\/2018\/03\/cropped-LOGOPNG-1.png\",\"width\":318,\"height\":90,\"caption\":\"Comunidade Ativa\"},\"image\":{\"@id\":\"https:\/\/www.comunidadeativa.jor.br\/#\/schema\/logo\/image\/\"},\"sameAs\":[\"https:\/\/www.facebook.com\/comunidadeativa\"]},{\"@type\":\"Person\",\"@id\":\"https:\/\/www.comunidadeativa.jor.br\/#\/schema\/person\/dcaa1f1c51c1f0c47a33b2b734cad6e1\",\"name\":\"Comunidade Ativa\",\"image\":{\"@type\":\"ImageObject\",\"inLanguage\":\"pt-BR\",\"@id\":\"https:\/\/www.comunidadeativa.jor.br\/#\/schema\/person\/image\/\",\"url\":\"https:\/\/secure.gravatar.com\/avatar\/09a9a1f85fedf41e81b47f7c1d40084f?s=96&d=mm&r=g\",\"contentUrl\":\"https:\/\/secure.gravatar.com\/avatar\/09a9a1f85fedf41e81b47f7c1d40084f?s=96&d=mm&r=g\",\"caption\":\"Comunidade Ativa\"},\"url\":\"https:\/\/www.comunidadeativa.jor.br\/index.php\/author\/casalberto\/\"}]}<\/script>\n<!-- \/ Yoast SEO plugin. -->","yoast_head_json":{"title":"Facetas ultrafinas garantem rapidez na renova\u00e7\u00e3o do sorriso - Comunidade Ativa","robots":{"index":"index","follow":"follow","max-snippet":"max-snippet:-1","max-image-preview":"max-image-preview:large","max-video-preview":"max-video-preview:-1"},"canonical":"https:\/\/www.comunidadeativa.jor.br\/index.php\/2021\/06\/08\/facetas-ultrafinas-garantem-rapidez-na-renovacao-do-sorriso\/","og_locale":"pt_BR","og_type":"article","og_title":"Facetas ultrafinas garantem rapidez na renova\u00e7\u00e3o do sorriso - Comunidade Ativa","og_description":"Al\u00e9m das fun\u00e7\u00f5es b\u00e1sicas de mastiga\u00e7\u00e3o e de atuar como auxiliares no processo da fala, garantindo a possibilidade da dic\u00e7\u00e3o","og_url":"https:\/\/www.comunidadeativa.jor.br\/index.php\/2021\/06\/08\/facetas-ultrafinas-garantem-rapidez-na-renovacao-do-sorriso\/","og_site_name":"Comunidade Ativa","article_publisher":"https:\/\/www.facebook.com\/comunidadeativa","article_published_time":"2021-06-08T13:12:50+00:00","article_modified_time":"2023-08-11T21:36:50+00:00","og_image":[{"width":640,"height":352,"url":"https:\/\/www.comunidadeativa.jor.br\/wp-content\/uploads\/2021\/06\/capa1-4.jpg","type":"image\/jpeg"}],"author":"Comunidade Ativa","twitter_card":"summary_large_image","twitter_misc":{"Escrito por":"Comunidade Ativa","Est. tempo de leitura":"4 minutos"},"schema":{"@context":"https:\/\/schema.org","@graph":[{"@type":"Article","@id":"https:\/\/www.comunidadeativa.jor.br\/index.php\/2021\/06\/08\/facetas-ultrafinas-garantem-rapidez-na-renovacao-do-sorriso\/#article","isPartOf":{"@id":"https:\/\/www.comunidadeativa.jor.br\/index.php\/2021\/06\/08\/facetas-ultrafinas-garantem-rapidez-na-renovacao-do-sorriso\/"},"author":{"name":"Comunidade Ativa","@id":"https:\/\/www.comunidadeativa.jor.br\/#\/schema\/person\/dcaa1f1c51c1f0c47a33b2b734cad6e1"},"headline":"Facetas ultrafinas garantem rapidez na renova\u00e7\u00e3o do sorriso","datePublished":"2021-06-08T13:12:50+00:00","dateModified":"2023-08-11T21:36:50+00:00","mainEntityOfPage":{"@id":"https:\/\/www.comunidadeativa.jor.br\/index.php\/2021\/06\/08\/facetas-ultrafinas-garantem-rapidez-na-renovacao-do-sorriso\/"},"wordCount":872,"publisher":{"@id":"https:\/\/www.comunidadeativa.jor.br\/#organization"},"image":{"@id":"https:\/\/www.comunidadeativa.jor.br\/index.php\/2021\/06\/08\/facetas-ultrafinas-garantem-rapidez-na-renovacao-do-sorriso\/#primaryimage"},"thumbnailUrl":"https:\/\/www.comunidadeativa.jor.br\/wp-content\/uploads\/2021\/06\/capa1-4.jpg","articleSection":["Sa\u00fade &amp; Qualidade de Vida"],"inLanguage":"pt-BR"},{"@type":"WebPage","@id":"https:\/\/www.comunidadeativa.jor.br\/index.php\/2021\/06\/08\/facetas-ultrafinas-garantem-rapidez-na-renovacao-do-sorriso\/","url":"https:\/\/www.comunidadeativa.jor.br\/index.php\/2021\/06\/08\/facetas-ultrafinas-garantem-rapidez-na-renovacao-do-sorriso\/","name":"Facetas ultrafinas garantem rapidez na renova\u00e7\u00e3o do sorriso - Comunidade Ativa","isPartOf":{"@id":"https:\/\/www.comunidadeativa.jor.br\/#website"},"primaryImageOfPage":{"@id":"https:\/\/www.comunidadeativa.jor.br\/index.php\/2021\/06\/08\/facetas-ultrafinas-garantem-rapidez-na-renovacao-do-sorriso\/#primaryimage"},"image":{"@id":"https:\/\/www.comunidadeativa.jor.br\/index.php\/2021\/06\/08\/facetas-ultrafinas-garantem-rapidez-na-renovacao-do-sorriso\/#primaryimage"},"thumbnailUrl":"https:\/\/www.comunidadeativa.jor.br\/wp-content\/uploads\/2021\/06\/capa1-4.jpg","datePublished":"2021-06-08T13:12:50+00:00","dateModified":"2023-08-11T21:36:50+00:00","breadcrumb":{"@id":"https:\/\/www.comunidadeativa.jor.br\/index.php\/2021\/06\/08\/facetas-ultrafinas-garantem-rapidez-na-renovacao-do-sorriso\/#breadcrumb"},"inLanguage":"pt-BR","potentialAction":[{"@type":"ReadAction","target":["https:\/\/www.comunidadeativa.jor.br\/index.php\/2021\/06\/08\/facetas-ultrafinas-garantem-rapidez-na-renovacao-do-sorriso\/"]}]},{"@type":"ImageObject","inLanguage":"pt-BR","@id":"https:\/\/www.comunidadeativa.jor.br\/index.php\/2021\/06\/08\/facetas-ultrafinas-garantem-rapidez-na-renovacao-do-sorriso\/#primaryimage","url":"https:\/\/www.comunidadeativa.jor.br\/wp-content\/uploads\/2021\/06\/capa1-4.jpg","contentUrl":"https:\/\/www.comunidadeativa.jor.br\/wp-content\/uploads\/2021\/06\/capa1-4.jpg","width":640,"height":352},{"@type":"BreadcrumbList","@id":"https:\/\/www.comunidadeativa.jor.br\/index.php\/2021\/06\/08\/facetas-ultrafinas-garantem-rapidez-na-renovacao-do-sorriso\/#breadcrumb","itemListElement":[{"@type":"ListItem","position":1,"name":"In\u00edcio","item":"https:\/\/www.comunidadeativa.jor.br\/"},{"@type":"ListItem","position":2,"name":"Facetas ultrafinas garantem rapidez na renova\u00e7\u00e3o do sorriso"}]},{"@type":"WebSite","@id":"https:\/\/www.comunidadeativa.jor.br\/#website","url":"https:\/\/www.comunidadeativa.jor.br\/","name":"Comunidade Ativa","description":"","publisher":{"@id":"https:\/\/www.comunidadeativa.jor.br\/#organization"},"potentialAction":[{"@type":"SearchAction","target":{"@type":"EntryPoint","urlTemplate":"https:\/\/www.comunidadeativa.jor.br\/?s={search_term_string}"},"query-input":{"@type":"PropertyValueSpecification","valueRequired":true,"valueName":"search_term_string"}}],"inLanguage":"pt-BR"},{"@type":"Organization","@id":"https:\/\/www.comunidadeativa.jor.br\/#organization","name":"Comunidade Ativa","url":"https:\/\/www.comunidadeativa.jor.br\/","logo":{"@type":"ImageObject","inLanguage":"pt-BR","@id":"https:\/\/www.comunidadeativa.jor.br\/#\/schema\/logo\/image\/","url":"https:\/\/www.comunidadeativa.jor.br\/wp-content\/uploads\/2018\/03\/cropped-LOGOPNG-1.png","contentUrl":"https:\/\/www.comunidadeativa.jor.br\/wp-content\/uploads\/2018\/03\/cropped-LOGOPNG-1.png","width":318,"height":90,"caption":"Comunidade Ativa"},"image":{"@id":"https:\/\/www.comunidadeativa.jor.br\/#\/schema\/logo\/image\/"},"sameAs":["https:\/\/www.facebook.com\/comunidadeativa"]},{"@type":"Person","@id":"https:\/\/www.comunidadeativa.jor.br\/#\/schema\/person\/dcaa1f1c51c1f0c47a33b2b734cad6e1","name":"Comunidade Ativa","image":{"@type":"ImageObject","inLanguage":"pt-BR","@id":"https:\/\/www.comunidadeativa.jor.br\/#\/schema\/person\/image\/","url":"https:\/\/secure.gravatar.com\/avatar\/09a9a1f85fedf41e81b47f7c1d40084f?s=96&d=mm&r=g","contentUrl":"https:\/\/secure.gravatar.com\/avatar\/09a9a1f85fedf41e81b47f7c1d40084f?s=96&d=mm&r=g","caption":"Comunidade Ativa"},"url":"https:\/\/www.comunidadeativa.jor.br\/index.php\/author\/casalberto\/"}]}},"_links":{"self":[{"href":"https:\/\/www.comunidadeativa.jor.br\/index.php\/wp-json\/wp\/v2\/posts\/2165","targetHints":{"allow":["GET"]}}],"collection":[{"href":"https:\/\/www.comunidadeativa.jor.br\/index.php\/wp-json\/wp\/v2\/posts"}],"about":[{"href":"https:\/\/www.comunidadeativa.jor.br\/index.php\/wp-json\/wp\/v2\/types\/post"}],"author":[{"embeddable":true,"href":"https:\/\/www.comunidadeativa.jor.br\/index.php\/wp-json\/wp\/v2\/users\/1"}],"replies":[{"embeddable":true,"href":"https:\/\/www.comunidadeativa.jor.br\/index.php\/wp-json\/wp\/v2\/comments?post=2165"}],"version-history":[{"count":2,"href":"https:\/\/www.comunidadeativa.jor.br\/index.php\/wp-json\/wp\/v2\/posts\/2165\/revisions"}],"predecessor-version":[{"id":3856,"href":"https:\/\/www.comunidadeativa.jor.br\/index.php\/wp-json\/wp\/v2\/posts\/2165\/revisions\/3856"}],"wp:featuredmedia":[{"embeddable":true,"href":"https:\/\/www.comunidadeativa.jor.br\/index.php\/wp-json\/wp\/v2\/media\/2166"}],"wp:attachment":[{"href":"https:\/\/www.comunidadeativa.jor.br\/index.php\/wp-json\/wp\/v2\/media?parent=2165"}],"wp:term":[{"taxonomy":"category","embeddable":true,"href":"https:\/\/www.comunidadeativa.jor.br\/index.php\/wp-json\/wp\/v2\/categories?post=2165"},{"taxonomy":"post_tag","embeddable":true,"href":"https:\/\/www.comunidadeativa.jor.br\/index.php\/wp-json\/wp\/v2\/tags?post=2165"}],"curies":[{"name":"wp","href":"https:\/\/api.w.org\/{rel}","templated":true}]}}