{"id":2183,"date":"2021-06-14T13:01:47","date_gmt":"2021-06-14T16:01:47","guid":{"rendered":"https:\/\/www.comunidadeativa.jor.br\/?p=2183"},"modified":"2023-08-11T18:38:03","modified_gmt":"2023-08-11T21:38:03","slug":"as-novidades-e-as-velhas-informacoes-sobre-o-uso-da-mascara-na-pandemia","status":"publish","type":"post","link":"https:\/\/www.comunidadeativa.jor.br\/index.php\/2021\/06\/14\/as-novidades-e-as-velhas-informacoes-sobre-o-uso-da-mascara-na-pandemia\/","title":{"rendered":"Com a vacina\u00e7\u00e3o, o que muda nas considera\u00e7\u00f5es sobre o uso de m\u00e1scaras?"},"content":{"rendered":"<p>Desde o in\u00edcio da pandemia, quando o uso de m\u00e1scara foi apontado como um dos poucos recursos dispon\u00edveis para a preven\u00e7\u00e3o \u00e0 Covid-19 que t\u00eam alguma efic\u00e1cia comprovada, parece que estamos vivendo um eterno loop, que sempre nos devolve ao princ\u00edpio de uma discuss\u00e3o totalmente improdutiva. Felizmente, para quem j\u00e1 compreendeu a maneira como o SARS-CoV-2 e tantos outros v\u00edrus se propagam \u2014 e at\u00e9 para quem n\u00e3o entendeu, mas aceita as afirma\u00e7\u00f5es de quem conhece o assunto \u2014 a conversa est\u00e1 superada e a m\u00e1scara vem sendo usada regularmente, sem nenhum problema.<\/p>\n<p>Por outro lado, quem se sente especialmente desconfort\u00e1vel com o equipamento e para quem leva o assunto para outros campos de discuss\u00e3o, que nada t\u00eam a ver com os aspectos sanit\u00e1rios, as m\u00e1scaras continuam sendo motivo de resist\u00eancia e at\u00e9 de rebeldia. Com a libera\u00e7\u00e3o do uso nos Estados Unidos, o tema ganhou nova for\u00e7a e, com o acr\u00e9scimo de novas considera\u00e7\u00f5es, como as relacionadas \u00e0s vacinas, velhos questionamentos voltaram \u00e0 tona.<\/p>\n<p>Ent\u00e3o, diante do avan\u00e7o no processo de vacina\u00e7\u00e3o no Brasil, vale a pena revisar o que a ci\u00eancia \u2014 sempre a ci\u00eancia \u2014 j\u00e1 havia afirmado sobre o uso de m\u00e1scaras e o que h\u00e1 de novo nessa pauta.<\/p>\n<h5>O que j\u00e1 falamos no Comunidade Ativa<\/h5>\n<p>H\u00e1 um ano, sempre com as refer\u00eancias para as fontes inclu\u00eddas em links nas pr\u00f3prias mat\u00e9rias, <a href=\"https:\/\/www.comunidadeativa.jor.br\/?s=m%C3%A1scara\" target=\"_blank\" rel=\"noopener\">temos publicado uma s\u00e9rie de considera\u00e7\u00f5es cient\u00edficas e legais sobre o uso de m\u00e1scaras<\/a>. Nesse sentido, j\u00e1 destacamos, por exemplo, as<a href=\"https:\/\/www.comunidadeativa.jor.br\/index.php\/2020\/07\/04\/atencao-para-as-informacoes-falsas-sobre-o-uso-de-mascaras\/\" target=\"_blank\" rel=\"noopener\"> informa\u00e7\u00f5es falsas sobre o assunto<\/a> \u2014 como as que dizem que m\u00e1scaras prejudicam a oxigena\u00e7\u00e3o do sangue e que fazem com que aspiremos o g\u00e1s carb\u00f4nico da nossa pr\u00f3pria respira\u00e7\u00e3o. Tamb\u00e9m <a href=\"https:\/\/www.comunidadeativa.jor.br\/index.php\/2021\/01\/06\/por-que-ha-quem-resista-tanto-ao-uso-de-mascara-a-psicologia-explica\/\" target=\"_blank\" rel=\"noopener\">abordamos as motiva\u00e7\u00f5es psicol\u00f3gicas que levam as pessoas a resistirem ao uso do equipamento<\/a> e verificamos o que os especialistas dizem sobre as<a href=\"https:\/\/www.comunidadeativa.jor.br\/index.php\/2020\/08\/14\/o-uso-de-mascara-pode-abrandar-os-efeitos-da-covid-19-diz-estudo\/\" target=\"_blank\" rel=\"noopener\"> formas como a m\u00e1scara atua na preven\u00e7\u00e3o<\/a>.<\/p>\n<p>Sobre esse \u00faltimo aspecto, vale ressaltar que as pesquisas j\u00e1 relacionaram a gravidade dos casos de Covid-19 \u00e0 concentra\u00e7\u00e3o de v\u00edrus que uma pessoa contrai. Portanto, tendo em vista que a m\u00e1scara funciona como uma barreira para as cargas virais, mesmo aquelas que n\u00e3o conseguem impedir a transmiss\u00e3o se mostram \u00fateis ao evitar que uma grande quantidade de v\u00edrus seja contra\u00edda. Assim, ainda que a doen\u00e7a se manifeste, ela ocorrer\u00e1 de forma mais branda, o que refor\u00e7a a necessidade das m\u00e1scaras.<\/p>\n<p>Ainda, vale lembrar que apresentamos informa\u00e7\u00f5es sobre os tipos de m\u00e1scaras e a <a href=\"https:\/\/www.comunidadeativa.jor.br\/index.php\/2021\/02\/19\/com-mais-camadas-mascaras-de-pano-sao-eficientes-no-combate-ao-coronavirus\/\" target=\"_blank\" rel=\"noopener\">maior efic\u00e1cia da sobreposi\u00e7\u00e3o de camadas<\/a>, quando a m\u00e1scara utilizada for de pano ou do tipo que n\u00e3o filtra t\u00e3o bem as part\u00edculas \u2014 como as N95 conseguem fazer, por exemplo. \u00a0Ao mesmo tempo, verificamos o que a<a href=\"https:\/\/www.comunidadeativa.jor.br\/index.php\/2020\/06\/24\/zema-determina-que-pm-fiscalize-o-uso-de-mascara-no-estado\/\" target=\"_blank\" rel=\"noopener\"> legisla\u00e7\u00e3o mineira<\/a> e do <a href=\"https:\/\/www.comunidadeativa.jor.br\/index.php\/2020\/07\/03\/vetos-presidenciais-nao-alteram-a-obrigatoriedade-do-uso-de-mascaras-em-bh\/\" target=\"_blank\" rel=\"noopener\">Munic\u00edpio de Belo Horizonte<\/a> dizem sobre as m\u00e1scaras, que continuam obrigat\u00f3rias em todo o estado.<\/p>\n<p>Com rela\u00e7\u00e3o a estas e a outras pautas que verificamos, todas as informa\u00e7\u00f5es continuam v\u00e1lidas.<\/p>\n<h5>A amea\u00e7a do v\u00edrus permanece mesmo ap\u00f3s a vacina<\/h5>\n<p><a href=\"https:\/\/www.comunidadeativa.jor.br\/index.php\/2021\/02\/03\/depois-de-vacinados-quando-ficaremos-livres-das-mascaras-e-do-distanciamento-social\/\" target=\"_blank\" rel=\"noopener\">Quando ficaremos livres das m\u00e1scaras?<\/a> Esse \u00e9 um assunto que tamb\u00e9m foi abordado pelo Comunidade Ativa em mat\u00e9ria anterior, mas que, recentemente, ganhou nova dimens\u00e3o ap\u00f3s a libera\u00e7\u00e3o do uso do equipamento nos Estados Unidos. Mostrada com alarde festivo pela imprensa, inclusive aqui no Brasil, a medida adotada pelo Centro de Controle e Preven\u00e7\u00e3o de Doen\u00e7as daquele pa\u00eds (CDC, na sigla em ingl\u00eas) causou apreens\u00e3o em alguns infectologistas, que consideram a decis\u00e3o precipitada.<\/p>\n<p>Entre os cr\u00edticos da libera\u00e7\u00e3o est\u00e1 o <a href=\"https:\/\/fas.org\/expert\/eric-feigl-ding\/\" target=\"_blank\" rel=\"noopener\">m\u00e9dico epidemiologista Eric Feigl-Ding<\/a>, que, em <a href=\"https:\/\/news.yahoo.com\/doctor-says-cdc-made-grave-200133064.html\" target=\"_blank\" rel=\"noopener\">entrevista \u00e0 rede de televis\u00e3o CBS<\/a>, foi incisivo quanto \u00e0 decis\u00e3o do CDC. \u201cAcho que o CDC cometeu um erro grave. Sabemos que menos da metade dos americanos est\u00e1 totalmente vacinada. Sabemos que crian\u00e7as menores de 12 anos sequer podem ser vacinadas. Sabemos tamb\u00e9m que muitas pessoas com baixa imunidade n\u00e3o s\u00e3o capazes de montar uma defesa suficiente, mesmo com vacinas. Essas pessoas precisam contar com a imunidade natural que ser\u00e1 obtida se a maioria de n\u00f3s for vacinada\u201d, observou o cientista.<\/p>\n<p>Al\u00e9m disso, Feigl-Ding alertou para a possibilidade de as pessoas n\u00e3o serem honestas com rela\u00e7\u00e3o \u00e0 pr\u00f3pria vacina\u00e7\u00e3o. \u201cSe voc\u00ea vai a uma mercearia e v\u00ea algu\u00e9m sem m\u00e1scara n\u00e3o sabe se a pessoa n\u00e3o est\u00e1 usando porque est\u00e1 vacinada ou porque \u00e9 contra a m\u00e1scara, ou \u00e9 antivacina ou resistente \u00e0 vacina. Isso \u00e9 um problema. H\u00e1 muitos de n\u00f3s vulner\u00e1veis e o v\u00edrus se espalha muito mais r\u00e1pido do que antes e est\u00e1 potencialmente mais suscet\u00edvel \u00e0s crian\u00e7as\u201d, alertou o epidemiologista.<\/p>\n<h5>Vacinados tamb\u00e9m podem transmitir<\/h5>\n<p>Na entrevista dada \u00e0 rep\u00f3rter Tanya Rivero, Feigl-Ding apontou um <a href=\"https:\/\/www.cnbc.com\/2021\/05\/18\/new-york-yankees-breakthrough-covid-cases-in-vaccinated-team-members.html\" target=\"_blank\" rel=\"noopener\">caso ocorrido com time de beisebol New York Yankees<\/a>, que, em maio, registrou nove casos de infectados entre atletas e membros da equipe t\u00e9cnica que j\u00e1 estavam vacinados. \u201cMesmo se voc\u00ea for vacinado, voc\u00ea pode levar o v\u00edrus para algu\u00e9m em sua casa que n\u00e3o esteja vacinado e que seja vulner\u00e1vel. \u00c9 outro problema. A vacina protege contra doen\u00e7as graves, mas n\u00e3o protege 100% de carreg\u00e1-la para outras pessoas. Vimos isso na equipe do New York Yankees, que estava totalmente vacinada\u201d, lembra o cientista.<\/p>\n<p>Em <a href=\"https:\/\/theconversation.com\/can-people-vaccinated-against-covid-19-still-spread-the-coronavirus-161166\" target=\"_blank\" rel=\"noopener\">artigo para o site The Conversation<\/a>, o especialista em vacinas e coordenador de pesquisas da Universidade Vanderbilt, nos Estados Unidos, <a href=\"https:\/\/theconversation.com\/profiles\/sanjay-mishra-986951\" target=\"_blank\" rel=\"noopener\">Sanjay Mishra<\/a>, faz observa\u00e7\u00f5es nesse mesmo sentido. Para Mishra, ainda que as vacinas representem uma conquista de grande valor para o combate \u00e0 pandemia, elas n\u00e3o devem significar motivo para, por ora, abrirmos m\u00e3o dos demais mecanismos de preven\u00e7\u00e3o. \u201cAs vacinas podem ser \u00f3timas para evitar que voc\u00ea adoe\u00e7a. Por\u00e9m, ao mesmo tempo, n\u00e3o impedem necessariamente que voc\u00ea fique infectado ou que voc\u00ea espalhe o v\u00edrus\u201d, resume o especialista.<\/p>\n<p>Segundo Mishra, evid\u00eancias preliminares parecem sugerir que as vacinas diminuem a probabilidade de algu\u00e9m vacinado transmitir o coronav\u00edrus. &#8220;Mas, a prova ainda n\u00e3o \u00e9 s\u00f3lida. Pessoas n\u00e3o vacinadas ainda devem ser cuidadosas quanto ao uso de m\u00e1scara, distanciamento f\u00edsico e outras precau\u00e7\u00f5es contra o coronav\u00edrus\u201d, recomenda.<\/p>\n<p>Portanto, observando as velhas e as novas considera\u00e7\u00f5es sobre o uso de m\u00e1scara, a conclus\u00e3o n\u00e3o \u00e9 nada dif\u00edcil de obter. Mesmo que a pessoa esteja vacinada, manter o uso da m\u00e1scara continua prevenindo que ela contraia o v\u00edrus e que o transmita para quem ainda n\u00e3o se vacinou \u2014 ou que vacinou, mas tem a imunidade comprometida.<\/p>\n<p>Sendo assim, a recomenda\u00e7\u00e3o n\u00e3o mudou: mesmo se voc\u00ea j\u00e1 recebeu a vacina, continue usando m\u00e1scara. Agora, al\u00e9m da utilidade pr\u00e1tica, de prevenir a transmiss\u00e3o do v\u00edrus, a m\u00e1scara funciona como um s\u00edmbolo claro de que voc\u00ea \u00e9 uma pessoa que se importa com quem est\u00e1 \u00e0 sua volta.<\/p>\n<p>&nbsp;<\/p>\n<p><strong><em>Uma dica<\/em><\/strong><\/p>\n<p><em>Para mais informa\u00e7\u00f5es sobre os temas abordados nessa mat\u00e9ria, acesse os links dispon\u00edveis ao longo do texto. Eles remetem \u00e0s fontes utilizadas aqui.\u00a0<\/em><\/p>\n<p><em>Uma dica: os artigos fora da p\u00e1gina do Comunidade Ativa que n\u00e3o estiverem em portugu\u00eas podem ser traduzidos automaticamente pelo navegador pelo seu navegador. Pra isso, basta clicar com o bot\u00e3o direito em qualquer ponto do texto a ser traduzido e escolher a op\u00e7\u00e3o \u201cTraduzir para o portugu\u00eas\u201d.\u00a0<\/em><\/p>\n<p>&nbsp;<\/p>\n<p>&nbsp;<\/p>\n<p>&nbsp;<\/p>\n<p>&nbsp;<\/p>\n","protected":false},"excerpt":{"rendered":"<p>Desde o in\u00edcio da pandemia, quando o uso de m\u00e1scara foi apontado como um dos poucos recursos dispon\u00edveis para a<\/p>\n","protected":false},"author":1,"featured_media":2184,"comment_status":"closed","ping_status":"open","sticky":false,"template":"","format":"standard","meta":{"footnotes":""},"categories":[9],"tags":[],"class_list":["post-2183","post","type-post","status-publish","format-standard","has-post-thumbnail","hentry","category-saude-qualidade-de-vida"],"yoast_head":"<!-- This site is optimized with the Yoast SEO plugin v26.0 - https:\/\/yoast.com\/wordpress\/plugins\/seo\/ -->\n<title>Com a vacina\u00e7\u00e3o, o que muda nas considera\u00e7\u00f5es sobre o uso de m\u00e1scaras? - Comunidade Ativa<\/title>\n<meta name=\"robots\" content=\"index, follow, max-snippet:-1, max-image-preview:large, max-video-preview:-1\" \/>\n<link rel=\"canonical\" href=\"https:\/\/www.comunidadeativa.jor.br\/index.php\/2021\/06\/14\/as-novidades-e-as-velhas-informacoes-sobre-o-uso-da-mascara-na-pandemia\/\" \/>\n<meta property=\"og:locale\" content=\"pt_BR\" \/>\n<meta property=\"og:type\" content=\"article\" \/>\n<meta property=\"og:title\" content=\"Com a vacina\u00e7\u00e3o, o que muda nas considera\u00e7\u00f5es sobre o uso de m\u00e1scaras? - Comunidade Ativa\" \/>\n<meta property=\"og:description\" content=\"Desde o in\u00edcio da pandemia, quando o uso de m\u00e1scara foi apontado como um dos poucos recursos dispon\u00edveis para a\" \/>\n<meta property=\"og:url\" content=\"https:\/\/www.comunidadeativa.jor.br\/index.php\/2021\/06\/14\/as-novidades-e-as-velhas-informacoes-sobre-o-uso-da-mascara-na-pandemia\/\" \/>\n<meta property=\"og:site_name\" content=\"Comunidade Ativa\" \/>\n<meta property=\"article:publisher\" content=\"https:\/\/www.facebook.com\/comunidadeativa\" \/>\n<meta property=\"article:published_time\" content=\"2021-06-14T16:01:47+00:00\" \/>\n<meta property=\"article:modified_time\" content=\"2023-08-11T21:38:03+00:00\" \/>\n<meta property=\"og:image\" content=\"https:\/\/www.comunidadeativa.jor.br\/wp-content\/uploads\/2021\/06\/capa1-8.jpg\" \/>\n\t<meta property=\"og:image:width\" content=\"640\" \/>\n\t<meta property=\"og:image:height\" content=\"352\" \/>\n\t<meta property=\"og:image:type\" content=\"image\/jpeg\" \/>\n<meta name=\"author\" content=\"Comunidade Ativa\" \/>\n<meta name=\"twitter:card\" content=\"summary_large_image\" \/>\n<meta name=\"twitter:label1\" content=\"Escrito por\" \/>\n\t<meta name=\"twitter:data1\" content=\"Comunidade Ativa\" \/>\n\t<meta name=\"twitter:label2\" content=\"Est. tempo de leitura\" \/>\n\t<meta name=\"twitter:data2\" content=\"6 minutos\" \/>\n<script type=\"application\/ld+json\" class=\"yoast-schema-graph\">{\"@context\":\"https:\/\/schema.org\",\"@graph\":[{\"@type\":\"Article\",\"@id\":\"https:\/\/www.comunidadeativa.jor.br\/index.php\/2021\/06\/14\/as-novidades-e-as-velhas-informacoes-sobre-o-uso-da-mascara-na-pandemia\/#article\",\"isPartOf\":{\"@id\":\"https:\/\/www.comunidadeativa.jor.br\/index.php\/2021\/06\/14\/as-novidades-e-as-velhas-informacoes-sobre-o-uso-da-mascara-na-pandemia\/\"},\"author\":{\"name\":\"Comunidade Ativa\",\"@id\":\"https:\/\/www.comunidadeativa.jor.br\/#\/schema\/person\/dcaa1f1c51c1f0c47a33b2b734cad6e1\"},\"headline\":\"Com a vacina\u00e7\u00e3o, o que muda nas considera\u00e7\u00f5es sobre o uso de m\u00e1scaras?\",\"datePublished\":\"2021-06-14T16:01:47+00:00\",\"dateModified\":\"2023-08-11T21:38:03+00:00\",\"mainEntityOfPage\":{\"@id\":\"https:\/\/www.comunidadeativa.jor.br\/index.php\/2021\/06\/14\/as-novidades-e-as-velhas-informacoes-sobre-o-uso-da-mascara-na-pandemia\/\"},\"wordCount\":1311,\"publisher\":{\"@id\":\"https:\/\/www.comunidadeativa.jor.br\/#organization\"},\"image\":{\"@id\":\"https:\/\/www.comunidadeativa.jor.br\/index.php\/2021\/06\/14\/as-novidades-e-as-velhas-informacoes-sobre-o-uso-da-mascara-na-pandemia\/#primaryimage\"},\"thumbnailUrl\":\"https:\/\/www.comunidadeativa.jor.br\/wp-content\/uploads\/2021\/06\/capa1-8.jpg\",\"articleSection\":[\"Sa\u00fade &amp; Qualidade de Vida\"],\"inLanguage\":\"pt-BR\"},{\"@type\":\"WebPage\",\"@id\":\"https:\/\/www.comunidadeativa.jor.br\/index.php\/2021\/06\/14\/as-novidades-e-as-velhas-informacoes-sobre-o-uso-da-mascara-na-pandemia\/\",\"url\":\"https:\/\/www.comunidadeativa.jor.br\/index.php\/2021\/06\/14\/as-novidades-e-as-velhas-informacoes-sobre-o-uso-da-mascara-na-pandemia\/\",\"name\":\"Com a vacina\u00e7\u00e3o, o que muda nas considera\u00e7\u00f5es sobre o uso de m\u00e1scaras? - Comunidade Ativa\",\"isPartOf\":{\"@id\":\"https:\/\/www.comunidadeativa.jor.br\/#website\"},\"primaryImageOfPage\":{\"@id\":\"https:\/\/www.comunidadeativa.jor.br\/index.php\/2021\/06\/14\/as-novidades-e-as-velhas-informacoes-sobre-o-uso-da-mascara-na-pandemia\/#primaryimage\"},\"image\":{\"@id\":\"https:\/\/www.comunidadeativa.jor.br\/index.php\/2021\/06\/14\/as-novidades-e-as-velhas-informacoes-sobre-o-uso-da-mascara-na-pandemia\/#primaryimage\"},\"thumbnailUrl\":\"https:\/\/www.comunidadeativa.jor.br\/wp-content\/uploads\/2021\/06\/capa1-8.jpg\",\"datePublished\":\"2021-06-14T16:01:47+00:00\",\"dateModified\":\"2023-08-11T21:38:03+00:00\",\"breadcrumb\":{\"@id\":\"https:\/\/www.comunidadeativa.jor.br\/index.php\/2021\/06\/14\/as-novidades-e-as-velhas-informacoes-sobre-o-uso-da-mascara-na-pandemia\/#breadcrumb\"},\"inLanguage\":\"pt-BR\",\"potentialAction\":[{\"@type\":\"ReadAction\",\"target\":[\"https:\/\/www.comunidadeativa.jor.br\/index.php\/2021\/06\/14\/as-novidades-e-as-velhas-informacoes-sobre-o-uso-da-mascara-na-pandemia\/\"]}]},{\"@type\":\"ImageObject\",\"inLanguage\":\"pt-BR\",\"@id\":\"https:\/\/www.comunidadeativa.jor.br\/index.php\/2021\/06\/14\/as-novidades-e-as-velhas-informacoes-sobre-o-uso-da-mascara-na-pandemia\/#primaryimage\",\"url\":\"https:\/\/www.comunidadeativa.jor.br\/wp-content\/uploads\/2021\/06\/capa1-8.jpg\",\"contentUrl\":\"https:\/\/www.comunidadeativa.jor.br\/wp-content\/uploads\/2021\/06\/capa1-8.jpg\",\"width\":640,\"height\":352},{\"@type\":\"BreadcrumbList\",\"@id\":\"https:\/\/www.comunidadeativa.jor.br\/index.php\/2021\/06\/14\/as-novidades-e-as-velhas-informacoes-sobre-o-uso-da-mascara-na-pandemia\/#breadcrumb\",\"itemListElement\":[{\"@type\":\"ListItem\",\"position\":1,\"name\":\"In\u00edcio\",\"item\":\"https:\/\/www.comunidadeativa.jor.br\/\"},{\"@type\":\"ListItem\",\"position\":2,\"name\":\"Com a vacina\u00e7\u00e3o, o que muda nas considera\u00e7\u00f5es sobre o uso de m\u00e1scaras?\"}]},{\"@type\":\"WebSite\",\"@id\":\"https:\/\/www.comunidadeativa.jor.br\/#website\",\"url\":\"https:\/\/www.comunidadeativa.jor.br\/\",\"name\":\"Comunidade Ativa\",\"description\":\"\",\"publisher\":{\"@id\":\"https:\/\/www.comunidadeativa.jor.br\/#organization\"},\"potentialAction\":[{\"@type\":\"SearchAction\",\"target\":{\"@type\":\"EntryPoint\",\"urlTemplate\":\"https:\/\/www.comunidadeativa.jor.br\/?s={search_term_string}\"},\"query-input\":{\"@type\":\"PropertyValueSpecification\",\"valueRequired\":true,\"valueName\":\"search_term_string\"}}],\"inLanguage\":\"pt-BR\"},{\"@type\":\"Organization\",\"@id\":\"https:\/\/www.comunidadeativa.jor.br\/#organization\",\"name\":\"Comunidade Ativa\",\"url\":\"https:\/\/www.comunidadeativa.jor.br\/\",\"logo\":{\"@type\":\"ImageObject\",\"inLanguage\":\"pt-BR\",\"@id\":\"https:\/\/www.comunidadeativa.jor.br\/#\/schema\/logo\/image\/\",\"url\":\"https:\/\/www.comunidadeativa.jor.br\/wp-content\/uploads\/2018\/03\/cropped-LOGOPNG-1.png\",\"contentUrl\":\"https:\/\/www.comunidadeativa.jor.br\/wp-content\/uploads\/2018\/03\/cropped-LOGOPNG-1.png\",\"width\":318,\"height\":90,\"caption\":\"Comunidade Ativa\"},\"image\":{\"@id\":\"https:\/\/www.comunidadeativa.jor.br\/#\/schema\/logo\/image\/\"},\"sameAs\":[\"https:\/\/www.facebook.com\/comunidadeativa\"]},{\"@type\":\"Person\",\"@id\":\"https:\/\/www.comunidadeativa.jor.br\/#\/schema\/person\/dcaa1f1c51c1f0c47a33b2b734cad6e1\",\"name\":\"Comunidade Ativa\",\"image\":{\"@type\":\"ImageObject\",\"inLanguage\":\"pt-BR\",\"@id\":\"https:\/\/www.comunidadeativa.jor.br\/#\/schema\/person\/image\/\",\"url\":\"https:\/\/secure.gravatar.com\/avatar\/09a9a1f85fedf41e81b47f7c1d40084f?s=96&d=mm&r=g\",\"contentUrl\":\"https:\/\/secure.gravatar.com\/avatar\/09a9a1f85fedf41e81b47f7c1d40084f?s=96&d=mm&r=g\",\"caption\":\"Comunidade Ativa\"},\"url\":\"https:\/\/www.comunidadeativa.jor.br\/index.php\/author\/casalberto\/\"}]}<\/script>\n<!-- \/ Yoast SEO plugin. -->","yoast_head_json":{"title":"Com a vacina\u00e7\u00e3o, o que muda nas considera\u00e7\u00f5es sobre o uso de m\u00e1scaras? - Comunidade Ativa","robots":{"index":"index","follow":"follow","max-snippet":"max-snippet:-1","max-image-preview":"max-image-preview:large","max-video-preview":"max-video-preview:-1"},"canonical":"https:\/\/www.comunidadeativa.jor.br\/index.php\/2021\/06\/14\/as-novidades-e-as-velhas-informacoes-sobre-o-uso-da-mascara-na-pandemia\/","og_locale":"pt_BR","og_type":"article","og_title":"Com a vacina\u00e7\u00e3o, o que muda nas considera\u00e7\u00f5es sobre o uso de m\u00e1scaras? - Comunidade Ativa","og_description":"Desde o in\u00edcio da pandemia, quando o uso de m\u00e1scara foi apontado como um dos poucos recursos dispon\u00edveis para a","og_url":"https:\/\/www.comunidadeativa.jor.br\/index.php\/2021\/06\/14\/as-novidades-e-as-velhas-informacoes-sobre-o-uso-da-mascara-na-pandemia\/","og_site_name":"Comunidade Ativa","article_publisher":"https:\/\/www.facebook.com\/comunidadeativa","article_published_time":"2021-06-14T16:01:47+00:00","article_modified_time":"2023-08-11T21:38:03+00:00","og_image":[{"width":640,"height":352,"url":"https:\/\/www.comunidadeativa.jor.br\/wp-content\/uploads\/2021\/06\/capa1-8.jpg","type":"image\/jpeg"}],"author":"Comunidade Ativa","twitter_card":"summary_large_image","twitter_misc":{"Escrito por":"Comunidade Ativa","Est. tempo de leitura":"6 minutos"},"schema":{"@context":"https:\/\/schema.org","@graph":[{"@type":"Article","@id":"https:\/\/www.comunidadeativa.jor.br\/index.php\/2021\/06\/14\/as-novidades-e-as-velhas-informacoes-sobre-o-uso-da-mascara-na-pandemia\/#article","isPartOf":{"@id":"https:\/\/www.comunidadeativa.jor.br\/index.php\/2021\/06\/14\/as-novidades-e-as-velhas-informacoes-sobre-o-uso-da-mascara-na-pandemia\/"},"author":{"name":"Comunidade Ativa","@id":"https:\/\/www.comunidadeativa.jor.br\/#\/schema\/person\/dcaa1f1c51c1f0c47a33b2b734cad6e1"},"headline":"Com a vacina\u00e7\u00e3o, o que muda nas considera\u00e7\u00f5es sobre o uso de m\u00e1scaras?","datePublished":"2021-06-14T16:01:47+00:00","dateModified":"2023-08-11T21:38:03+00:00","mainEntityOfPage":{"@id":"https:\/\/www.comunidadeativa.jor.br\/index.php\/2021\/06\/14\/as-novidades-e-as-velhas-informacoes-sobre-o-uso-da-mascara-na-pandemia\/"},"wordCount":1311,"publisher":{"@id":"https:\/\/www.comunidadeativa.jor.br\/#organization"},"image":{"@id":"https:\/\/www.comunidadeativa.jor.br\/index.php\/2021\/06\/14\/as-novidades-e-as-velhas-informacoes-sobre-o-uso-da-mascara-na-pandemia\/#primaryimage"},"thumbnailUrl":"https:\/\/www.comunidadeativa.jor.br\/wp-content\/uploads\/2021\/06\/capa1-8.jpg","articleSection":["Sa\u00fade &amp; Qualidade de Vida"],"inLanguage":"pt-BR"},{"@type":"WebPage","@id":"https:\/\/www.comunidadeativa.jor.br\/index.php\/2021\/06\/14\/as-novidades-e-as-velhas-informacoes-sobre-o-uso-da-mascara-na-pandemia\/","url":"https:\/\/www.comunidadeativa.jor.br\/index.php\/2021\/06\/14\/as-novidades-e-as-velhas-informacoes-sobre-o-uso-da-mascara-na-pandemia\/","name":"Com a vacina\u00e7\u00e3o, o que muda nas considera\u00e7\u00f5es sobre o uso de m\u00e1scaras? - Comunidade Ativa","isPartOf":{"@id":"https:\/\/www.comunidadeativa.jor.br\/#website"},"primaryImageOfPage":{"@id":"https:\/\/www.comunidadeativa.jor.br\/index.php\/2021\/06\/14\/as-novidades-e-as-velhas-informacoes-sobre-o-uso-da-mascara-na-pandemia\/#primaryimage"},"image":{"@id":"https:\/\/www.comunidadeativa.jor.br\/index.php\/2021\/06\/14\/as-novidades-e-as-velhas-informacoes-sobre-o-uso-da-mascara-na-pandemia\/#primaryimage"},"thumbnailUrl":"https:\/\/www.comunidadeativa.jor.br\/wp-content\/uploads\/2021\/06\/capa1-8.jpg","datePublished":"2021-06-14T16:01:47+00:00","dateModified":"2023-08-11T21:38:03+00:00","breadcrumb":{"@id":"https:\/\/www.comunidadeativa.jor.br\/index.php\/2021\/06\/14\/as-novidades-e-as-velhas-informacoes-sobre-o-uso-da-mascara-na-pandemia\/#breadcrumb"},"inLanguage":"pt-BR","potentialAction":[{"@type":"ReadAction","target":["https:\/\/www.comunidadeativa.jor.br\/index.php\/2021\/06\/14\/as-novidades-e-as-velhas-informacoes-sobre-o-uso-da-mascara-na-pandemia\/"]}]},{"@type":"ImageObject","inLanguage":"pt-BR","@id":"https:\/\/www.comunidadeativa.jor.br\/index.php\/2021\/06\/14\/as-novidades-e-as-velhas-informacoes-sobre-o-uso-da-mascara-na-pandemia\/#primaryimage","url":"https:\/\/www.comunidadeativa.jor.br\/wp-content\/uploads\/2021\/06\/capa1-8.jpg","contentUrl":"https:\/\/www.comunidadeativa.jor.br\/wp-content\/uploads\/2021\/06\/capa1-8.jpg","width":640,"height":352},{"@type":"BreadcrumbList","@id":"https:\/\/www.comunidadeativa.jor.br\/index.php\/2021\/06\/14\/as-novidades-e-as-velhas-informacoes-sobre-o-uso-da-mascara-na-pandemia\/#breadcrumb","itemListElement":[{"@type":"ListItem","position":1,"name":"In\u00edcio","item":"https:\/\/www.comunidadeativa.jor.br\/"},{"@type":"ListItem","position":2,"name":"Com a vacina\u00e7\u00e3o, o que muda nas considera\u00e7\u00f5es sobre o uso de m\u00e1scaras?"}]},{"@type":"WebSite","@id":"https:\/\/www.comunidadeativa.jor.br\/#website","url":"https:\/\/www.comunidadeativa.jor.br\/","name":"Comunidade Ativa","description":"","publisher":{"@id":"https:\/\/www.comunidadeativa.jor.br\/#organization"},"potentialAction":[{"@type":"SearchAction","target":{"@type":"EntryPoint","urlTemplate":"https:\/\/www.comunidadeativa.jor.br\/?s={search_term_string}"},"query-input":{"@type":"PropertyValueSpecification","valueRequired":true,"valueName":"search_term_string"}}],"inLanguage":"pt-BR"},{"@type":"Organization","@id":"https:\/\/www.comunidadeativa.jor.br\/#organization","name":"Comunidade Ativa","url":"https:\/\/www.comunidadeativa.jor.br\/","logo":{"@type":"ImageObject","inLanguage":"pt-BR","@id":"https:\/\/www.comunidadeativa.jor.br\/#\/schema\/logo\/image\/","url":"https:\/\/www.comunidadeativa.jor.br\/wp-content\/uploads\/2018\/03\/cropped-LOGOPNG-1.png","contentUrl":"https:\/\/www.comunidadeativa.jor.br\/wp-content\/uploads\/2018\/03\/cropped-LOGOPNG-1.png","width":318,"height":90,"caption":"Comunidade Ativa"},"image":{"@id":"https:\/\/www.comunidadeativa.jor.br\/#\/schema\/logo\/image\/"},"sameAs":["https:\/\/www.facebook.com\/comunidadeativa"]},{"@type":"Person","@id":"https:\/\/www.comunidadeativa.jor.br\/#\/schema\/person\/dcaa1f1c51c1f0c47a33b2b734cad6e1","name":"Comunidade Ativa","image":{"@type":"ImageObject","inLanguage":"pt-BR","@id":"https:\/\/www.comunidadeativa.jor.br\/#\/schema\/person\/image\/","url":"https:\/\/secure.gravatar.com\/avatar\/09a9a1f85fedf41e81b47f7c1d40084f?s=96&d=mm&r=g","contentUrl":"https:\/\/secure.gravatar.com\/avatar\/09a9a1f85fedf41e81b47f7c1d40084f?s=96&d=mm&r=g","caption":"Comunidade Ativa"},"url":"https:\/\/www.comunidadeativa.jor.br\/index.php\/author\/casalberto\/"}]}},"_links":{"self":[{"href":"https:\/\/www.comunidadeativa.jor.br\/index.php\/wp-json\/wp\/v2\/posts\/2183","targetHints":{"allow":["GET"]}}],"collection":[{"href":"https:\/\/www.comunidadeativa.jor.br\/index.php\/wp-json\/wp\/v2\/posts"}],"about":[{"href":"https:\/\/www.comunidadeativa.jor.br\/index.php\/wp-json\/wp\/v2\/types\/post"}],"author":[{"embeddable":true,"href":"https:\/\/www.comunidadeativa.jor.br\/index.php\/wp-json\/wp\/v2\/users\/1"}],"replies":[{"embeddable":true,"href":"https:\/\/www.comunidadeativa.jor.br\/index.php\/wp-json\/wp\/v2\/comments?post=2183"}],"version-history":[{"count":5,"href":"https:\/\/www.comunidadeativa.jor.br\/index.php\/wp-json\/wp\/v2\/posts\/2183\/revisions"}],"predecessor-version":[{"id":3859,"href":"https:\/\/www.comunidadeativa.jor.br\/index.php\/wp-json\/wp\/v2\/posts\/2183\/revisions\/3859"}],"wp:featuredmedia":[{"embeddable":true,"href":"https:\/\/www.comunidadeativa.jor.br\/index.php\/wp-json\/wp\/v2\/media\/2184"}],"wp:attachment":[{"href":"https:\/\/www.comunidadeativa.jor.br\/index.php\/wp-json\/wp\/v2\/media?parent=2183"}],"wp:term":[{"taxonomy":"category","embeddable":true,"href":"https:\/\/www.comunidadeativa.jor.br\/index.php\/wp-json\/wp\/v2\/categories?post=2183"},{"taxonomy":"post_tag","embeddable":true,"href":"https:\/\/www.comunidadeativa.jor.br\/index.php\/wp-json\/wp\/v2\/tags?post=2183"}],"curies":[{"name":"wp","href":"https:\/\/api.w.org\/{rel}","templated":true}]}}