{"id":2192,"date":"2021-06-16T10:09:02","date_gmt":"2021-06-16T13:09:02","guid":{"rendered":"https:\/\/www.comunidadeativa.jor.br\/?p=2192"},"modified":"2023-08-11T18:38:24","modified_gmt":"2023-08-11T21:38:24","slug":"estao-abertas-as-inscricoes-para-o-i-congresso-internacional-dance-comciencia-que-sera-realizado-virtualmente-em-bh","status":"publish","type":"post","link":"https:\/\/www.comunidadeativa.jor.br\/index.php\/2021\/06\/16\/estao-abertas-as-inscricoes-para-o-i-congresso-internacional-dance-comciencia-que-sera-realizado-virtualmente-em-bh\/","title":{"rendered":"Est\u00e3o abertas as inscri\u00e7\u00f5es para o I Congresso Internacional Dance comCi\u00eancia, que ser\u00e1 realizado virtualmente, em BH"},"content":{"rendered":"<p>At\u00e9 o pr\u00f3ximo dia 20, est\u00e3o abertas as inscri\u00e7\u00f5es para o <em>I Congresso Internacional Dance comCi\u00eancia<\/em>, que ser\u00e1 realizado entre os dias 21 e 27 de junho pela <a href=\"https:\/\/bastidorestreinamento.com\/\" target=\"_blank\" rel=\"noopener\">Plataforma EaD Bastidores<\/a>. Pioneiro no pa\u00eds, o evento \u00e9 gratuito e integra a \u00faltima etapa do I Festival Dance comCi\u00eancia, iniciado em maio.<\/p>\n<p>A iniciativa tem como prop\u00f3sito oferecer aos participantes conte\u00fados sobre as Ci\u00eancias da Dan\u00e7a. Portanto, ap\u00f3s a abertura, que contar\u00e1 com uma programa\u00e7\u00e3o surpresa, ser\u00e3o oferecidas aulas te\u00f3rico-pr\u00e1ticas de dan\u00e7a contempor\u00e2nea, ballet cl\u00e1ssico, prepara\u00e7\u00e3o f\u00edsica e dan\u00e7a a dois.<\/p>\n<p>Durante o Congresso, haver\u00e1 tamb\u00e9m a apresenta\u00e7\u00e3o de pesquisas sobre sa\u00fade, biomec\u00e2nica, psicologia, fisiologia e fisioterapia aplicadas a bailarinos, com destaque para uma an\u00e1lise a respeito do m\u00e9todo <em>Best Performance and Movement (BPM)<\/em>.<\/p>\n<h5>Prepara\u00e7\u00e3o f\u00edsica para bailarinos<\/h5>\n<p><span lang=\"PT-BR\">De acordo com a doutora em dan\u00e7a B\u00e1rbara Pessali-Marques, que desenvolveu o m\u00e9todo BPM e \u00e9 idealizadora do Festival Dance comCi\u00eancia, contrariando o que leigos e alguns profissionais da \u00e1rea pensam, pesquisas recentes na \u00e1rea da les\u00e3o e treinamento com bailarinos revelam que o ballet cl\u00e1ssico e outras formas de manifesta\u00e7\u00e3o da dan\u00e7a n\u00e3o s\u00e3o suficientes para preparar o corpo do bailarino para as demandas f\u00edsicas que ele recebe. Portanto, para que haja uma carreira longa e saud\u00e1vel, seria necess\u00e1rio buscar treinamentos complementares para alcan\u00e7ar os n\u00edveis pretendidos.<\/span><\/p>\n<p><span lang=\"PT-BR\">Ap\u00f3s pesquisas laboratoriais e cl\u00ednicas realizadas por mais de 10 anos, B\u00e1rbara desenvolveu e patenteou o\u00a0 BPM, m\u00e9todo de treinamento f\u00edsico espec\u00edfico para bailarinos que tem exerc\u00edcios criados de acordo com as demandas da dan\u00e7a. <\/span><span lang=\"PT-BR\">Os exerc\u00edcios, que visam aprimorar a t\u00e9cnica da dan\u00e7a, tiveram como inspira\u00e7\u00e3o passos do ballet cl\u00e1ssico, da dan\u00e7a contempor\u00e2nea e exerc\u00edcios utilizados no treinamento de for\u00e7a, resist\u00eancia e flexibilidade.\u00a0<\/span><\/p>\n<p>B\u00e1rbara destaca o estudo que est\u00e1 sendo desenvolvido sobre o efeito do BPM para trabalhar a resist\u00eancia de for\u00e7a e a capacidade aer\u00f3bica de bailarinos de diversas modalidades e n\u00edveis de dan\u00e7a. &#8220;O objetivo \u00e9 criar um modelo que possa ser facilmente aplicado em escolas de dan\u00e7a ou pelos bailarinos. Tamb\u00e9m, que seja acess\u00edvel e produza resultados f\u00edsicos, auxiliando na pr\u00e1tica da dan\u00e7a por meio da diminui\u00e7\u00e3o do \u00edndice de les\u00f5es e do aumento do desempenho\u201d, ela diz.<\/p>\n<p>A doutora acredita que a pesquisa se fez necess\u00e1ria perante estudos que comprovam a import\u00e2ncia da prepara\u00e7\u00e3o f\u00edsica de bailarinos. \u201cA maior parte dos artistas n\u00e3o realiza treinamentos complementares por falta de acesso, de conhecimento e da prioriza\u00e7\u00e3o nas rotinas\u201d, destaca.<\/p>\n<h5>Mais informa\u00e7\u00f5es e inscri\u00e7\u00f5es para o Congresso<\/h5>\n<p>As palestras do I Congresso Internacional Dance comCi\u00eancia ser\u00e3o proferidas por pesquisadores brasileiros e internacionais renomados, que abordar\u00e3o tem\u00e1ticas diversas relacionadas \u00e0 dan\u00e7a. Al\u00e9m de um workshop sobre ballet cl\u00e1ssico, temas como <em>Organiza\u00e7\u00e3o corporal para dan\u00e7as a dois e estrutura do abra\u00e7o para maior conforto e melhoramento da conex\u00e3o utilizando as diferencia\u00e7\u00f5es de forr\u00f3 e bolero<\/em>,\u00a0<em>Capacidade de for\u00e7a como aliada ao desempenho est\u00e9tico do bailarino\u00a0<\/em>e\u00a0<em>Dor, les\u00e3o, falta de preparo f\u00edsico e sua rela\u00e7\u00e3o com a qualidade de vida em bailarinas<\/em> est\u00e3o entre os pain\u00e9is que ser\u00e3o apresentados ao longo do evento.<\/p>\n<p>Ao final do Congresso, os participantes receber\u00e3o certifica\u00e7\u00e3o.\u00a0<a href=\"https:\/\/bastidorestreinamento.com\/cursos\/\" target=\"_blank\" rel=\"noopener\">Clique aqui<\/a> para acessar a programa\u00e7\u00e3o completa e para realizar a sua inscri\u00e7\u00e3o.<\/p>\n<p>&nbsp;<\/p>\n","protected":false},"excerpt":{"rendered":"<p>At\u00e9 o pr\u00f3ximo dia 20, est\u00e3o abertas as inscri\u00e7\u00f5es para o I Congresso Internacional Dance comCi\u00eancia, que ser\u00e1 realizado entre<\/p>\n","protected":false},"author":1,"featured_media":2194,"comment_status":"closed","ping_status":"open","sticky":false,"template":"","format":"standard","meta":{"footnotes":""},"categories":[15],"tags":[],"class_list":["post-2192","post","type-post","status-publish","format-standard","has-post-thumbnail","hentry","category-cultura"],"yoast_head":"<!-- This site is optimized with the Yoast SEO plugin v26.0 - https:\/\/yoast.com\/wordpress\/plugins\/seo\/ -->\n<title>Est\u00e3o abertas as inscri\u00e7\u00f5es para o I Congresso Internacional Dance comCi\u00eancia, que ser\u00e1 realizado virtualmente, em BH - Comunidade Ativa<\/title>\n<meta name=\"robots\" content=\"index, follow, max-snippet:-1, max-image-preview:large, max-video-preview:-1\" \/>\n<link rel=\"canonical\" href=\"https:\/\/www.comunidadeativa.jor.br\/index.php\/2021\/06\/16\/estao-abertas-as-inscricoes-para-o-i-congresso-internacional-dance-comciencia-que-sera-realizado-virtualmente-em-bh\/\" \/>\n<meta property=\"og:locale\" content=\"pt_BR\" \/>\n<meta property=\"og:type\" content=\"article\" \/>\n<meta property=\"og:title\" content=\"Est\u00e3o abertas as inscri\u00e7\u00f5es para o I Congresso Internacional Dance comCi\u00eancia, que ser\u00e1 realizado virtualmente, em BH - Comunidade Ativa\" \/>\n<meta property=\"og:description\" content=\"At\u00e9 o pr\u00f3ximo dia 20, est\u00e3o abertas as inscri\u00e7\u00f5es para o I Congresso Internacional Dance comCi\u00eancia, que ser\u00e1 realizado entre\" \/>\n<meta property=\"og:url\" content=\"https:\/\/www.comunidadeativa.jor.br\/index.php\/2021\/06\/16\/estao-abertas-as-inscricoes-para-o-i-congresso-internacional-dance-comciencia-que-sera-realizado-virtualmente-em-bh\/\" \/>\n<meta property=\"og:site_name\" content=\"Comunidade Ativa\" \/>\n<meta property=\"article:publisher\" content=\"https:\/\/www.facebook.com\/comunidadeativa\" \/>\n<meta property=\"article:published_time\" content=\"2021-06-16T13:09:02+00:00\" \/>\n<meta property=\"article:modified_time\" content=\"2023-08-11T21:38:24+00:00\" \/>\n<meta property=\"og:image\" content=\"https:\/\/www.comunidadeativa.jor.br\/wp-content\/uploads\/2021\/06\/capa1-10.jpg\" \/>\n\t<meta property=\"og:image:width\" content=\"640\" \/>\n\t<meta property=\"og:image:height\" content=\"352\" \/>\n\t<meta property=\"og:image:type\" content=\"image\/jpeg\" \/>\n<meta name=\"author\" content=\"Comunidade Ativa\" \/>\n<meta name=\"twitter:card\" content=\"summary_large_image\" \/>\n<meta name=\"twitter:label1\" content=\"Escrito por\" \/>\n\t<meta name=\"twitter:data1\" content=\"Comunidade Ativa\" \/>\n\t<meta name=\"twitter:label2\" content=\"Est. tempo de leitura\" \/>\n\t<meta name=\"twitter:data2\" content=\"3 minutos\" \/>\n<script type=\"application\/ld+json\" class=\"yoast-schema-graph\">{\"@context\":\"https:\/\/schema.org\",\"@graph\":[{\"@type\":\"Article\",\"@id\":\"https:\/\/www.comunidadeativa.jor.br\/index.php\/2021\/06\/16\/estao-abertas-as-inscricoes-para-o-i-congresso-internacional-dance-comciencia-que-sera-realizado-virtualmente-em-bh\/#article\",\"isPartOf\":{\"@id\":\"https:\/\/www.comunidadeativa.jor.br\/index.php\/2021\/06\/16\/estao-abertas-as-inscricoes-para-o-i-congresso-internacional-dance-comciencia-que-sera-realizado-virtualmente-em-bh\/\"},\"author\":{\"name\":\"Comunidade Ativa\",\"@id\":\"https:\/\/www.comunidadeativa.jor.br\/#\/schema\/person\/dcaa1f1c51c1f0c47a33b2b734cad6e1\"},\"headline\":\"Est\u00e3o abertas as inscri\u00e7\u00f5es para o I Congresso Internacional Dance comCi\u00eancia, que ser\u00e1 realizado virtualmente, em BH\",\"datePublished\":\"2021-06-16T13:09:02+00:00\",\"dateModified\":\"2023-08-11T21:38:24+00:00\",\"mainEntityOfPage\":{\"@id\":\"https:\/\/www.comunidadeativa.jor.br\/index.php\/2021\/06\/16\/estao-abertas-as-inscricoes-para-o-i-congresso-internacional-dance-comciencia-que-sera-realizado-virtualmente-em-bh\/\"},\"wordCount\":641,\"publisher\":{\"@id\":\"https:\/\/www.comunidadeativa.jor.br\/#organization\"},\"image\":{\"@id\":\"https:\/\/www.comunidadeativa.jor.br\/index.php\/2021\/06\/16\/estao-abertas-as-inscricoes-para-o-i-congresso-internacional-dance-comciencia-que-sera-realizado-virtualmente-em-bh\/#primaryimage\"},\"thumbnailUrl\":\"https:\/\/www.comunidadeativa.jor.br\/wp-content\/uploads\/2021\/06\/capa1-10.jpg\",\"articleSection\":[\"Cultura\"],\"inLanguage\":\"pt-BR\"},{\"@type\":\"WebPage\",\"@id\":\"https:\/\/www.comunidadeativa.jor.br\/index.php\/2021\/06\/16\/estao-abertas-as-inscricoes-para-o-i-congresso-internacional-dance-comciencia-que-sera-realizado-virtualmente-em-bh\/\",\"url\":\"https:\/\/www.comunidadeativa.jor.br\/index.php\/2021\/06\/16\/estao-abertas-as-inscricoes-para-o-i-congresso-internacional-dance-comciencia-que-sera-realizado-virtualmente-em-bh\/\",\"name\":\"Est\u00e3o abertas as inscri\u00e7\u00f5es para o I Congresso Internacional Dance comCi\u00eancia, que ser\u00e1 realizado virtualmente, em BH - Comunidade Ativa\",\"isPartOf\":{\"@id\":\"https:\/\/www.comunidadeativa.jor.br\/#website\"},\"primaryImageOfPage\":{\"@id\":\"https:\/\/www.comunidadeativa.jor.br\/index.php\/2021\/06\/16\/estao-abertas-as-inscricoes-para-o-i-congresso-internacional-dance-comciencia-que-sera-realizado-virtualmente-em-bh\/#primaryimage\"},\"image\":{\"@id\":\"https:\/\/www.comunidadeativa.jor.br\/index.php\/2021\/06\/16\/estao-abertas-as-inscricoes-para-o-i-congresso-internacional-dance-comciencia-que-sera-realizado-virtualmente-em-bh\/#primaryimage\"},\"thumbnailUrl\":\"https:\/\/www.comunidadeativa.jor.br\/wp-content\/uploads\/2021\/06\/capa1-10.jpg\",\"datePublished\":\"2021-06-16T13:09:02+00:00\",\"dateModified\":\"2023-08-11T21:38:24+00:00\",\"breadcrumb\":{\"@id\":\"https:\/\/www.comunidadeativa.jor.br\/index.php\/2021\/06\/16\/estao-abertas-as-inscricoes-para-o-i-congresso-internacional-dance-comciencia-que-sera-realizado-virtualmente-em-bh\/#breadcrumb\"},\"inLanguage\":\"pt-BR\",\"potentialAction\":[{\"@type\":\"ReadAction\",\"target\":[\"https:\/\/www.comunidadeativa.jor.br\/index.php\/2021\/06\/16\/estao-abertas-as-inscricoes-para-o-i-congresso-internacional-dance-comciencia-que-sera-realizado-virtualmente-em-bh\/\"]}]},{\"@type\":\"ImageObject\",\"inLanguage\":\"pt-BR\",\"@id\":\"https:\/\/www.comunidadeativa.jor.br\/index.php\/2021\/06\/16\/estao-abertas-as-inscricoes-para-o-i-congresso-internacional-dance-comciencia-que-sera-realizado-virtualmente-em-bh\/#primaryimage\",\"url\":\"https:\/\/www.comunidadeativa.jor.br\/wp-content\/uploads\/2021\/06\/capa1-10.jpg\",\"contentUrl\":\"https:\/\/www.comunidadeativa.jor.br\/wp-content\/uploads\/2021\/06\/capa1-10.jpg\",\"width\":640,\"height\":352},{\"@type\":\"BreadcrumbList\",\"@id\":\"https:\/\/www.comunidadeativa.jor.br\/index.php\/2021\/06\/16\/estao-abertas-as-inscricoes-para-o-i-congresso-internacional-dance-comciencia-que-sera-realizado-virtualmente-em-bh\/#breadcrumb\",\"itemListElement\":[{\"@type\":\"ListItem\",\"position\":1,\"name\":\"In\u00edcio\",\"item\":\"https:\/\/www.comunidadeativa.jor.br\/\"},{\"@type\":\"ListItem\",\"position\":2,\"name\":\"Est\u00e3o abertas as inscri\u00e7\u00f5es para o I Congresso Internacional Dance comCi\u00eancia, que ser\u00e1 realizado virtualmente, em BH\"}]},{\"@type\":\"WebSite\",\"@id\":\"https:\/\/www.comunidadeativa.jor.br\/#website\",\"url\":\"https:\/\/www.comunidadeativa.jor.br\/\",\"name\":\"Comunidade Ativa\",\"description\":\"\",\"publisher\":{\"@id\":\"https:\/\/www.comunidadeativa.jor.br\/#organization\"},\"potentialAction\":[{\"@type\":\"SearchAction\",\"target\":{\"@type\":\"EntryPoint\",\"urlTemplate\":\"https:\/\/www.comunidadeativa.jor.br\/?s={search_term_string}\"},\"query-input\":{\"@type\":\"PropertyValueSpecification\",\"valueRequired\":true,\"valueName\":\"search_term_string\"}}],\"inLanguage\":\"pt-BR\"},{\"@type\":\"Organization\",\"@id\":\"https:\/\/www.comunidadeativa.jor.br\/#organization\",\"name\":\"Comunidade Ativa\",\"url\":\"https:\/\/www.comunidadeativa.jor.br\/\",\"logo\":{\"@type\":\"ImageObject\",\"inLanguage\":\"pt-BR\",\"@id\":\"https:\/\/www.comunidadeativa.jor.br\/#\/schema\/logo\/image\/\",\"url\":\"https:\/\/www.comunidadeativa.jor.br\/wp-content\/uploads\/2018\/03\/cropped-LOGOPNG-1.png\",\"contentUrl\":\"https:\/\/www.comunidadeativa.jor.br\/wp-content\/uploads\/2018\/03\/cropped-LOGOPNG-1.png\",\"width\":318,\"height\":90,\"caption\":\"Comunidade Ativa\"},\"image\":{\"@id\":\"https:\/\/www.comunidadeativa.jor.br\/#\/schema\/logo\/image\/\"},\"sameAs\":[\"https:\/\/www.facebook.com\/comunidadeativa\"]},{\"@type\":\"Person\",\"@id\":\"https:\/\/www.comunidadeativa.jor.br\/#\/schema\/person\/dcaa1f1c51c1f0c47a33b2b734cad6e1\",\"name\":\"Comunidade Ativa\",\"image\":{\"@type\":\"ImageObject\",\"inLanguage\":\"pt-BR\",\"@id\":\"https:\/\/www.comunidadeativa.jor.br\/#\/schema\/person\/image\/\",\"url\":\"https:\/\/secure.gravatar.com\/avatar\/09a9a1f85fedf41e81b47f7c1d40084f?s=96&d=mm&r=g\",\"contentUrl\":\"https:\/\/secure.gravatar.com\/avatar\/09a9a1f85fedf41e81b47f7c1d40084f?s=96&d=mm&r=g\",\"caption\":\"Comunidade Ativa\"},\"url\":\"https:\/\/www.comunidadeativa.jor.br\/index.php\/author\/casalberto\/\"}]}<\/script>\n<!-- \/ Yoast SEO plugin. -->","yoast_head_json":{"title":"Est\u00e3o abertas as inscri\u00e7\u00f5es para o I Congresso Internacional Dance comCi\u00eancia, que ser\u00e1 realizado virtualmente, em BH - Comunidade Ativa","robots":{"index":"index","follow":"follow","max-snippet":"max-snippet:-1","max-image-preview":"max-image-preview:large","max-video-preview":"max-video-preview:-1"},"canonical":"https:\/\/www.comunidadeativa.jor.br\/index.php\/2021\/06\/16\/estao-abertas-as-inscricoes-para-o-i-congresso-internacional-dance-comciencia-que-sera-realizado-virtualmente-em-bh\/","og_locale":"pt_BR","og_type":"article","og_title":"Est\u00e3o abertas as inscri\u00e7\u00f5es para o I Congresso Internacional Dance comCi\u00eancia, que ser\u00e1 realizado virtualmente, em BH - Comunidade Ativa","og_description":"At\u00e9 o pr\u00f3ximo dia 20, est\u00e3o abertas as inscri\u00e7\u00f5es para o I Congresso Internacional Dance comCi\u00eancia, que ser\u00e1 realizado entre","og_url":"https:\/\/www.comunidadeativa.jor.br\/index.php\/2021\/06\/16\/estao-abertas-as-inscricoes-para-o-i-congresso-internacional-dance-comciencia-que-sera-realizado-virtualmente-em-bh\/","og_site_name":"Comunidade Ativa","article_publisher":"https:\/\/www.facebook.com\/comunidadeativa","article_published_time":"2021-06-16T13:09:02+00:00","article_modified_time":"2023-08-11T21:38:24+00:00","og_image":[{"width":640,"height":352,"url":"https:\/\/www.comunidadeativa.jor.br\/wp-content\/uploads\/2021\/06\/capa1-10.jpg","type":"image\/jpeg"}],"author":"Comunidade Ativa","twitter_card":"summary_large_image","twitter_misc":{"Escrito por":"Comunidade Ativa","Est. tempo de leitura":"3 minutos"},"schema":{"@context":"https:\/\/schema.org","@graph":[{"@type":"Article","@id":"https:\/\/www.comunidadeativa.jor.br\/index.php\/2021\/06\/16\/estao-abertas-as-inscricoes-para-o-i-congresso-internacional-dance-comciencia-que-sera-realizado-virtualmente-em-bh\/#article","isPartOf":{"@id":"https:\/\/www.comunidadeativa.jor.br\/index.php\/2021\/06\/16\/estao-abertas-as-inscricoes-para-o-i-congresso-internacional-dance-comciencia-que-sera-realizado-virtualmente-em-bh\/"},"author":{"name":"Comunidade Ativa","@id":"https:\/\/www.comunidadeativa.jor.br\/#\/schema\/person\/dcaa1f1c51c1f0c47a33b2b734cad6e1"},"headline":"Est\u00e3o abertas as inscri\u00e7\u00f5es para o I Congresso Internacional Dance comCi\u00eancia, que ser\u00e1 realizado virtualmente, em BH","datePublished":"2021-06-16T13:09:02+00:00","dateModified":"2023-08-11T21:38:24+00:00","mainEntityOfPage":{"@id":"https:\/\/www.comunidadeativa.jor.br\/index.php\/2021\/06\/16\/estao-abertas-as-inscricoes-para-o-i-congresso-internacional-dance-comciencia-que-sera-realizado-virtualmente-em-bh\/"},"wordCount":641,"publisher":{"@id":"https:\/\/www.comunidadeativa.jor.br\/#organization"},"image":{"@id":"https:\/\/www.comunidadeativa.jor.br\/index.php\/2021\/06\/16\/estao-abertas-as-inscricoes-para-o-i-congresso-internacional-dance-comciencia-que-sera-realizado-virtualmente-em-bh\/#primaryimage"},"thumbnailUrl":"https:\/\/www.comunidadeativa.jor.br\/wp-content\/uploads\/2021\/06\/capa1-10.jpg","articleSection":["Cultura"],"inLanguage":"pt-BR"},{"@type":"WebPage","@id":"https:\/\/www.comunidadeativa.jor.br\/index.php\/2021\/06\/16\/estao-abertas-as-inscricoes-para-o-i-congresso-internacional-dance-comciencia-que-sera-realizado-virtualmente-em-bh\/","url":"https:\/\/www.comunidadeativa.jor.br\/index.php\/2021\/06\/16\/estao-abertas-as-inscricoes-para-o-i-congresso-internacional-dance-comciencia-que-sera-realizado-virtualmente-em-bh\/","name":"Est\u00e3o abertas as inscri\u00e7\u00f5es para o I Congresso Internacional Dance comCi\u00eancia, que ser\u00e1 realizado virtualmente, em BH - Comunidade Ativa","isPartOf":{"@id":"https:\/\/www.comunidadeativa.jor.br\/#website"},"primaryImageOfPage":{"@id":"https:\/\/www.comunidadeativa.jor.br\/index.php\/2021\/06\/16\/estao-abertas-as-inscricoes-para-o-i-congresso-internacional-dance-comciencia-que-sera-realizado-virtualmente-em-bh\/#primaryimage"},"image":{"@id":"https:\/\/www.comunidadeativa.jor.br\/index.php\/2021\/06\/16\/estao-abertas-as-inscricoes-para-o-i-congresso-internacional-dance-comciencia-que-sera-realizado-virtualmente-em-bh\/#primaryimage"},"thumbnailUrl":"https:\/\/www.comunidadeativa.jor.br\/wp-content\/uploads\/2021\/06\/capa1-10.jpg","datePublished":"2021-06-16T13:09:02+00:00","dateModified":"2023-08-11T21:38:24+00:00","breadcrumb":{"@id":"https:\/\/www.comunidadeativa.jor.br\/index.php\/2021\/06\/16\/estao-abertas-as-inscricoes-para-o-i-congresso-internacional-dance-comciencia-que-sera-realizado-virtualmente-em-bh\/#breadcrumb"},"inLanguage":"pt-BR","potentialAction":[{"@type":"ReadAction","target":["https:\/\/www.comunidadeativa.jor.br\/index.php\/2021\/06\/16\/estao-abertas-as-inscricoes-para-o-i-congresso-internacional-dance-comciencia-que-sera-realizado-virtualmente-em-bh\/"]}]},{"@type":"ImageObject","inLanguage":"pt-BR","@id":"https:\/\/www.comunidadeativa.jor.br\/index.php\/2021\/06\/16\/estao-abertas-as-inscricoes-para-o-i-congresso-internacional-dance-comciencia-que-sera-realizado-virtualmente-em-bh\/#primaryimage","url":"https:\/\/www.comunidadeativa.jor.br\/wp-content\/uploads\/2021\/06\/capa1-10.jpg","contentUrl":"https:\/\/www.comunidadeativa.jor.br\/wp-content\/uploads\/2021\/06\/capa1-10.jpg","width":640,"height":352},{"@type":"BreadcrumbList","@id":"https:\/\/www.comunidadeativa.jor.br\/index.php\/2021\/06\/16\/estao-abertas-as-inscricoes-para-o-i-congresso-internacional-dance-comciencia-que-sera-realizado-virtualmente-em-bh\/#breadcrumb","itemListElement":[{"@type":"ListItem","position":1,"name":"In\u00edcio","item":"https:\/\/www.comunidadeativa.jor.br\/"},{"@type":"ListItem","position":2,"name":"Est\u00e3o abertas as inscri\u00e7\u00f5es para o I Congresso Internacional Dance comCi\u00eancia, que ser\u00e1 realizado virtualmente, em BH"}]},{"@type":"WebSite","@id":"https:\/\/www.comunidadeativa.jor.br\/#website","url":"https:\/\/www.comunidadeativa.jor.br\/","name":"Comunidade Ativa","description":"","publisher":{"@id":"https:\/\/www.comunidadeativa.jor.br\/#organization"},"potentialAction":[{"@type":"SearchAction","target":{"@type":"EntryPoint","urlTemplate":"https:\/\/www.comunidadeativa.jor.br\/?s={search_term_string}"},"query-input":{"@type":"PropertyValueSpecification","valueRequired":true,"valueName":"search_term_string"}}],"inLanguage":"pt-BR"},{"@type":"Organization","@id":"https:\/\/www.comunidadeativa.jor.br\/#organization","name":"Comunidade Ativa","url":"https:\/\/www.comunidadeativa.jor.br\/","logo":{"@type":"ImageObject","inLanguage":"pt-BR","@id":"https:\/\/www.comunidadeativa.jor.br\/#\/schema\/logo\/image\/","url":"https:\/\/www.comunidadeativa.jor.br\/wp-content\/uploads\/2018\/03\/cropped-LOGOPNG-1.png","contentUrl":"https:\/\/www.comunidadeativa.jor.br\/wp-content\/uploads\/2018\/03\/cropped-LOGOPNG-1.png","width":318,"height":90,"caption":"Comunidade Ativa"},"image":{"@id":"https:\/\/www.comunidadeativa.jor.br\/#\/schema\/logo\/image\/"},"sameAs":["https:\/\/www.facebook.com\/comunidadeativa"]},{"@type":"Person","@id":"https:\/\/www.comunidadeativa.jor.br\/#\/schema\/person\/dcaa1f1c51c1f0c47a33b2b734cad6e1","name":"Comunidade Ativa","image":{"@type":"ImageObject","inLanguage":"pt-BR","@id":"https:\/\/www.comunidadeativa.jor.br\/#\/schema\/person\/image\/","url":"https:\/\/secure.gravatar.com\/avatar\/09a9a1f85fedf41e81b47f7c1d40084f?s=96&d=mm&r=g","contentUrl":"https:\/\/secure.gravatar.com\/avatar\/09a9a1f85fedf41e81b47f7c1d40084f?s=96&d=mm&r=g","caption":"Comunidade Ativa"},"url":"https:\/\/www.comunidadeativa.jor.br\/index.php\/author\/casalberto\/"}]}},"_links":{"self":[{"href":"https:\/\/www.comunidadeativa.jor.br\/index.php\/wp-json\/wp\/v2\/posts\/2192","targetHints":{"allow":["GET"]}}],"collection":[{"href":"https:\/\/www.comunidadeativa.jor.br\/index.php\/wp-json\/wp\/v2\/posts"}],"about":[{"href":"https:\/\/www.comunidadeativa.jor.br\/index.php\/wp-json\/wp\/v2\/types\/post"}],"author":[{"embeddable":true,"href":"https:\/\/www.comunidadeativa.jor.br\/index.php\/wp-json\/wp\/v2\/users\/1"}],"replies":[{"embeddable":true,"href":"https:\/\/www.comunidadeativa.jor.br\/index.php\/wp-json\/wp\/v2\/comments?post=2192"}],"version-history":[{"count":2,"href":"https:\/\/www.comunidadeativa.jor.br\/index.php\/wp-json\/wp\/v2\/posts\/2192\/revisions"}],"predecessor-version":[{"id":3861,"href":"https:\/\/www.comunidadeativa.jor.br\/index.php\/wp-json\/wp\/v2\/posts\/2192\/revisions\/3861"}],"wp:featuredmedia":[{"embeddable":true,"href":"https:\/\/www.comunidadeativa.jor.br\/index.php\/wp-json\/wp\/v2\/media\/2194"}],"wp:attachment":[{"href":"https:\/\/www.comunidadeativa.jor.br\/index.php\/wp-json\/wp\/v2\/media?parent=2192"}],"wp:term":[{"taxonomy":"category","embeddable":true,"href":"https:\/\/www.comunidadeativa.jor.br\/index.php\/wp-json\/wp\/v2\/categories?post=2192"},{"taxonomy":"post_tag","embeddable":true,"href":"https:\/\/www.comunidadeativa.jor.br\/index.php\/wp-json\/wp\/v2\/tags?post=2192"}],"curies":[{"name":"wp","href":"https:\/\/api.w.org\/{rel}","templated":true}]}}