{"id":2196,"date":"2021-06-17T10:00:13","date_gmt":"2021-06-17T13:00:13","guid":{"rendered":"https:\/\/www.comunidadeativa.jor.br\/?p=2196"},"modified":"2023-08-11T18:38:35","modified_gmt":"2023-08-11T21:38:35","slug":"conflitos-gerados-por-pets-em-condominios-do-rigor-da-lei-ao-bom-senso","status":"publish","type":"post","link":"https:\/\/www.comunidadeativa.jor.br\/index.php\/2021\/06\/17\/conflitos-gerados-por-pets-em-condominios-do-rigor-da-lei-ao-bom-senso\/","title":{"rendered":"Conflitos gerados por pets em condom\u00ednios: do rigor da lei ao bom senso"},"content":{"rendered":"<p>O Brasil tem hoje perto de 140 milh\u00f5es de animais de estima\u00e7\u00e3o, o que representa mais de 65% da popula\u00e7\u00e3o humana do pa\u00eds. No total, h\u00e1 cerca de 54 milh\u00f5es de c\u00e3es e algo em torno de 24 milh\u00f5es de gatos, sendo o restante composto por aves, r\u00e9pteis e outros bichos. Os dados s\u00e3o do <a href=\"http:\/\/institutopetbrasil.com\/imprensa\/censo-pet-1393-milhoes-de-animais-de-estimacao-no-brasil\/\" target=\"_blank\" rel=\"noopener\">Instituto Pet Brasil<\/a>, que fez uma estimativa atualizada de informa\u00e7\u00f5es obtidas em levantamentos do IBGE.<\/p>\n<p>De acordo a \u00faltima <a href=\"https:\/\/www.ibge.gov.br\/estatisticas\/sociais\/saude\/9160-pesquisa-nacional-de-saude.html?=&amp;t=microdados\" target=\"_blank\" rel=\"noopener\">Pesquisa Nacional de Sa\u00fade (PNS)<\/a>, do pr\u00f3prio IBGE, em 2019, 46,1% dos lares brasileiros mantinham pelo menos um cachorro, enquanto em 19,3% dos domic\u00edlios havia pelo menos um gato. No total, quase 48 milh\u00f5es de resid\u00eancias no Brasil tinham no m\u00ednimo um cachorro ou um gato e \u00e9 prov\u00e1vel que esse n\u00famero tenha aumentado significativamente ao longo da <a href=\"https:\/\/www.comunidadeativa.jor.br\/index.php\/2021\/03\/29\/adocao-de-pet-durante-a-pandemia-e-muito-benefica-mas-implica-em-responsabilidades\/\" target=\"_blank\" rel=\"noopener\">pandemia, que vem estimulando a ado\u00e7\u00e3o de pets<\/a>.<\/p>\n<p>Com isso, naturalmente, a conviv\u00eancia das pessoas com animais dom\u00e9sticos vem se tornando uma realidade cada vez mais presente na sociedade, o que ocorre inclusive nos condom\u00ednios. Contudo, enquanto nas casas o relacionamento com os bichos se restringe \u00e0s pessoas que nelas residem, nas unidades multifamiliares ele se amplia para os vizinhos. Inclusive, para aqueles que n\u00e3o gostam de animais, o que cria uma fonte frequente de conflitos.<\/p>\n<p>Mas, como lidar com essa situa\u00e7\u00e3o?<\/p>\n<h5>Antes de tudo, o bom senso<\/h5>\n<p>Como j\u00e1 foi a<a href=\"https:\/\/www.comunidadeativa.jor.br\/index.php\/2021\/05\/11\/sete-dicas-para-administrar-conflitos-no-condominio\/\" target=\"_blank\" rel=\"noopener\">bordado anteriormente pelo Comunidade Ativa<\/a>, a resolu\u00e7\u00e3o dos problemas condominiais, em grande parte das vezes, pode surgir de uma boa conversa com os envolvidos, o que, sem d\u00favida, representa a melhor sa\u00edda, inclusive para os conflitos gerados pelos pets. Antes que os atritos aconte\u00e7am, tamb\u00e9m \u00e9 conveniente que o condom\u00ednio inclua em suas regras internas as normas relacionadas \u00e0 presen\u00e7a dos animais nas \u00e1reas comuns e aos comportamentos que n\u00e3o ser\u00e3o tolerados nas unidades privativas, o que deve estar de acordo com a legisla\u00e7\u00e3o.<\/p>\n<p>Portanto, nas negocia\u00e7\u00f5es que envolvam os tutores dos pets e as pessoas incomodadas, ser\u00e1 necess\u00e1rio considerar tanto os benef\u00edcios que os animais proporcionam a uns quanto os riscos e os eventuais inc\u00f4modos que possam causar a outros.\u00a0Em grande parte das vezes, conversar individualmente com o tutor ou com a tutora do animal dom\u00e9stico que est\u00e1 causando um eventual problema pode ser suficiente para resolver a situa\u00e7\u00e3o. O mesmo se aplica a cond\u00f4minos intolerantes, que simplesmente n\u00e3o suportam a presen\u00e7a de animais e que, por isso, se tornam implicantes.<\/p>\n<p>Contudo, caso a solu\u00e7\u00e3o n\u00e3o surja por meio de um negocia\u00e7\u00e3o e se aplica\u00e7\u00e3o das regras n\u00e3o for suficiente, restam as alternativas legais.<\/p>\n<h5>Dentro dos limites da lei<\/h5>\n<p>Antes de tudo, \u00e9 preciso ter em mente que, de acordo com o Artigo 1228 do <a href=\"https:\/\/www2.senado.leg.br\/bdsf\/bitstream\/handle\/id\/70327\/C%C3%B3digo%20Civil%202%20ed.pdf?sequence=1&amp;isAllowed=y\" target=\"_blank\" rel=\"noopener\">C\u00f3digo Civil Brasileiro<\/a>, \u00e9 garantido a qualquer cond\u00f4mino manter o animal dentro do apartamento e utilizar as \u00e1reas de acesso do condom\u00ednio. \u201cO entendimento hoje se d\u00e1 embasado em jurisprud\u00eancia. Por isso, n\u00e3o cabe ao condom\u00ednio proibir a presen\u00e7a dos animais nos apartamentos\u201d, explica em <a href=\"https:\/\/condominiosc.com.br\/jornal-dos-condominios\/juridico\/3509-pets-nos-condominios-eles-tem-direitos-mas-tambem-tem-deveres?utm_campaign=news_240&amp;utm_medium=email&amp;utm_source=RD+Station\" target=\"_blank\" rel=\"noopener\">mat\u00e9ria do Jornal dos Condom\u00ednios<\/a> o advogado e especialista em Direito Civil e Imobili\u00e1rio Gustavo Camacho.<\/p>\n<p>Por\u00e9m, Camacho destaca que, tentando evitar problemas futuros, h\u00e1 condom\u00ednios que inserem em suas conven\u00e7\u00f5es e regulamentos restri\u00e7\u00f5es que excedem as limita\u00e7\u00f5es legais. Por exemplo, h\u00e1 regulamentos que tentam barrar a circula\u00e7\u00e3o de animais em \u00e1reas comuns, o que \u00e9 at\u00e9 poss\u00edvel, desde que elas n\u00e3o sirvam ao acesso \u00e0s unidades. \u201cA validade da lei se d\u00e1 pela aplica\u00e7\u00e3o hier\u00e1rquica. Ou seja, a conven\u00e7\u00e3o ou regimento interno n\u00e3o podem se contrapor ao que determina a Constitui\u00e7\u00e3o Federal, C\u00f3digo Civil e demais legisla\u00e7\u00f5es hierarquicamente superiores, sob pena de anulabilidade\u201d, informa o advogado.<\/p>\n<h5>Direito ao sossego<\/h5>\n<p>O mesmo racioc\u00ednio se aplica \u00e0 presen\u00e7a do animal, que tamb\u00e9m n\u00e3o pode ser imposta em preju\u00edzo do sossego e das condi\u00e7\u00f5es de moradia da vizinhan\u00e7a. Camacho considera que o barulho, o mau cheiro e a agressividade dos animais figuram entre as principais reclama\u00e7\u00f5es nesse aspecto. \u201cEssas s\u00e3o, certamente, as tr\u00eas reclama\u00e7\u00f5es mais comuns. Para todas elas h\u00e1 iniciativas do condom\u00ednio como di\u00e1logo, notifica\u00e7\u00f5es e multas que ir\u00e3o tentar conciliar os interesses e resolver os impasses. Caso n\u00e3o solucionado, a\u00ed sim se pode pensar em uma \u00faltima alternativa vi\u00e1vel, com medidas mais dr\u00e1sticas, levando essa quest\u00e3o para uma disputa judicial\u201d, admite.<\/p>\n<p>Para levar os casos \u00e0 Justi\u00e7a, o advogado explica que o reclamante deve reunir provas documentais que confirmem os problemas causados pelo animal . \u201cNa a\u00e7\u00e3o vamos reunir os registros de reclama\u00e7\u00e3o dos moradores ao condom\u00ednio, as notifica\u00e7\u00f5es da administra\u00e7\u00e3o para que a unidade se adequasse, provas como v\u00eddeos, \u00e1udios e relatos de testemunhas. Com a comprova\u00e7\u00e3o do problema pode at\u00e9 ocorrer a determina\u00e7\u00e3o de que o animal seja retirado do condom\u00ednio\u201d, diz Camacho.<\/p>\n<h5>Boas atitudes dos tutores podem evitar medidas dr\u00e1sticas<\/h5>\n<p>Portanto, para evitar que uma situa\u00e7\u00e3o n\u00e3o seja resolvida com intelig\u00eancia e di\u00e1logo e que leve \u00e0 ado\u00e7\u00e3o de medidas mais radicais \u2014 como a retirada do animal do condom\u00ednio \u2014, \u00e9 conveniente que, al\u00e9m de protegerem os pr\u00f3prios direitos, os tutores tamb\u00e9m tenham considera\u00e7\u00e3o pelos vizinhos e procurem resolver os impasses da melhor forma. De acordo com a m\u00e9dica veterin\u00e1ria Camila Bonatto, que tamb\u00e9m participa da mat\u00e9ria do Jornal dos Condom\u00ednios, problemas como latidos em excesso, mau cheiro e agressividade, por exemplo, podem ser resolvidos por abordagens cl\u00ednicas. \u201cO tratamento varia conforme o problema. Por exemplo, para o mau cheiro adaptar a alimenta\u00e7\u00e3o investindo em ra\u00e7\u00f5es especiais pode garantir uma redu\u00e7\u00e3o do odor do animal. J\u00e1 para a redu\u00e7\u00e3o do barulho, atividades f\u00edsicas podem auxiliar\u201d, conta a veterin\u00e1ria.<\/p>\n<p>Camila considera que boa parte dos problemas relacionados a barulhos e \u00a0agressividade ocorrem porque o animal passa muito tempo ocioso e sozinho no apartamento. \u201cTemos que ter em mente que os animais dom\u00e9sticos, como c\u00e3es e gatos, necessitam por natureza do conv\u00edvio coletivo e assim precisam se movimentar. Passar muito tempo sozinho vai gerando uma situa\u00e7\u00e3o de estresse ao animal, que fica mais irritado, barulhento ou arredio\u201d, observa.<\/p>\n<p>Portanto, segundo Camila, passear mais com o pet pode afastar desgastes desnecess\u00e1rios no condom\u00ednio. \u201cAssim, se evita que ele fique sozinho. Ele vai gastar a energia, liberar endorfina e, por consequ\u00eancia, ficar mais tranquilo quando estiver no apartamento\u201d, conclui a veterin\u00e1ria.<\/p>\n<p>&nbsp;<\/p>\n<p>&nbsp;<\/p>\n","protected":false},"excerpt":{"rendered":"<p>O Brasil tem hoje perto de 140 milh\u00f5es de animais de estima\u00e7\u00e3o, o que representa mais de 65% da popula\u00e7\u00e3o<\/p>\n","protected":false},"author":1,"featured_media":2197,"comment_status":"closed","ping_status":"open","sticky":false,"template":"","format":"standard","meta":{"footnotes":""},"categories":[16],"tags":[],"class_list":["post-2196","post","type-post","status-publish","format-standard","has-post-thumbnail","hentry","category-condominios"],"yoast_head":"<!-- This site is optimized with the Yoast SEO plugin v26.0 - https:\/\/yoast.com\/wordpress\/plugins\/seo\/ -->\n<title>Conflitos gerados por pets em condom\u00ednios: do rigor da lei ao bom senso - Comunidade Ativa<\/title>\n<meta name=\"robots\" content=\"index, follow, max-snippet:-1, max-image-preview:large, max-video-preview:-1\" \/>\n<link rel=\"canonical\" href=\"https:\/\/www.comunidadeativa.jor.br\/index.php\/2021\/06\/17\/conflitos-gerados-por-pets-em-condominios-do-rigor-da-lei-ao-bom-senso\/\" \/>\n<meta property=\"og:locale\" content=\"pt_BR\" \/>\n<meta property=\"og:type\" content=\"article\" \/>\n<meta property=\"og:title\" content=\"Conflitos gerados por pets em condom\u00ednios: do rigor da lei ao bom senso - Comunidade Ativa\" \/>\n<meta property=\"og:description\" content=\"O Brasil tem hoje perto de 140 milh\u00f5es de animais de estima\u00e7\u00e3o, o que representa mais de 65% da popula\u00e7\u00e3o\" \/>\n<meta property=\"og:url\" content=\"https:\/\/www.comunidadeativa.jor.br\/index.php\/2021\/06\/17\/conflitos-gerados-por-pets-em-condominios-do-rigor-da-lei-ao-bom-senso\/\" \/>\n<meta property=\"og:site_name\" content=\"Comunidade Ativa\" \/>\n<meta property=\"article:publisher\" content=\"https:\/\/www.facebook.com\/comunidadeativa\" \/>\n<meta property=\"article:published_time\" content=\"2021-06-17T13:00:13+00:00\" \/>\n<meta property=\"article:modified_time\" content=\"2023-08-11T21:38:35+00:00\" \/>\n<meta property=\"og:image\" content=\"https:\/\/www.comunidadeativa.jor.br\/wp-content\/uploads\/2021\/06\/capa1-11.jpg\" \/>\n\t<meta property=\"og:image:width\" content=\"640\" \/>\n\t<meta property=\"og:image:height\" content=\"352\" \/>\n\t<meta property=\"og:image:type\" content=\"image\/jpeg\" \/>\n<meta name=\"author\" content=\"Comunidade Ativa\" \/>\n<meta name=\"twitter:card\" content=\"summary_large_image\" \/>\n<meta name=\"twitter:label1\" content=\"Escrito por\" \/>\n\t<meta name=\"twitter:data1\" content=\"Comunidade Ativa\" \/>\n\t<meta name=\"twitter:label2\" content=\"Est. tempo de leitura\" \/>\n\t<meta name=\"twitter:data2\" content=\"6 minutos\" \/>\n<script type=\"application\/ld+json\" class=\"yoast-schema-graph\">{\"@context\":\"https:\/\/schema.org\",\"@graph\":[{\"@type\":\"Article\",\"@id\":\"https:\/\/www.comunidadeativa.jor.br\/index.php\/2021\/06\/17\/conflitos-gerados-por-pets-em-condominios-do-rigor-da-lei-ao-bom-senso\/#article\",\"isPartOf\":{\"@id\":\"https:\/\/www.comunidadeativa.jor.br\/index.php\/2021\/06\/17\/conflitos-gerados-por-pets-em-condominios-do-rigor-da-lei-ao-bom-senso\/\"},\"author\":{\"name\":\"Comunidade Ativa\",\"@id\":\"https:\/\/www.comunidadeativa.jor.br\/#\/schema\/person\/dcaa1f1c51c1f0c47a33b2b734cad6e1\"},\"headline\":\"Conflitos gerados por pets em condom\u00ednios: do rigor da lei ao bom senso\",\"datePublished\":\"2021-06-17T13:00:13+00:00\",\"dateModified\":\"2023-08-11T21:38:35+00:00\",\"mainEntityOfPage\":{\"@id\":\"https:\/\/www.comunidadeativa.jor.br\/index.php\/2021\/06\/17\/conflitos-gerados-por-pets-em-condominios-do-rigor-da-lei-ao-bom-senso\/\"},\"wordCount\":1143,\"publisher\":{\"@id\":\"https:\/\/www.comunidadeativa.jor.br\/#organization\"},\"image\":{\"@id\":\"https:\/\/www.comunidadeativa.jor.br\/index.php\/2021\/06\/17\/conflitos-gerados-por-pets-em-condominios-do-rigor-da-lei-ao-bom-senso\/#primaryimage\"},\"thumbnailUrl\":\"https:\/\/www.comunidadeativa.jor.br\/wp-content\/uploads\/2021\/06\/capa1-11.jpg\",\"articleSection\":[\"Condom\u00ednios\"],\"inLanguage\":\"pt-BR\"},{\"@type\":\"WebPage\",\"@id\":\"https:\/\/www.comunidadeativa.jor.br\/index.php\/2021\/06\/17\/conflitos-gerados-por-pets-em-condominios-do-rigor-da-lei-ao-bom-senso\/\",\"url\":\"https:\/\/www.comunidadeativa.jor.br\/index.php\/2021\/06\/17\/conflitos-gerados-por-pets-em-condominios-do-rigor-da-lei-ao-bom-senso\/\",\"name\":\"Conflitos gerados por pets em condom\u00ednios: do rigor da lei ao bom senso - Comunidade Ativa\",\"isPartOf\":{\"@id\":\"https:\/\/www.comunidadeativa.jor.br\/#website\"},\"primaryImageOfPage\":{\"@id\":\"https:\/\/www.comunidadeativa.jor.br\/index.php\/2021\/06\/17\/conflitos-gerados-por-pets-em-condominios-do-rigor-da-lei-ao-bom-senso\/#primaryimage\"},\"image\":{\"@id\":\"https:\/\/www.comunidadeativa.jor.br\/index.php\/2021\/06\/17\/conflitos-gerados-por-pets-em-condominios-do-rigor-da-lei-ao-bom-senso\/#primaryimage\"},\"thumbnailUrl\":\"https:\/\/www.comunidadeativa.jor.br\/wp-content\/uploads\/2021\/06\/capa1-11.jpg\",\"datePublished\":\"2021-06-17T13:00:13+00:00\",\"dateModified\":\"2023-08-11T21:38:35+00:00\",\"breadcrumb\":{\"@id\":\"https:\/\/www.comunidadeativa.jor.br\/index.php\/2021\/06\/17\/conflitos-gerados-por-pets-em-condominios-do-rigor-da-lei-ao-bom-senso\/#breadcrumb\"},\"inLanguage\":\"pt-BR\",\"potentialAction\":[{\"@type\":\"ReadAction\",\"target\":[\"https:\/\/www.comunidadeativa.jor.br\/index.php\/2021\/06\/17\/conflitos-gerados-por-pets-em-condominios-do-rigor-da-lei-ao-bom-senso\/\"]}]},{\"@type\":\"ImageObject\",\"inLanguage\":\"pt-BR\",\"@id\":\"https:\/\/www.comunidadeativa.jor.br\/index.php\/2021\/06\/17\/conflitos-gerados-por-pets-em-condominios-do-rigor-da-lei-ao-bom-senso\/#primaryimage\",\"url\":\"https:\/\/www.comunidadeativa.jor.br\/wp-content\/uploads\/2021\/06\/capa1-11.jpg\",\"contentUrl\":\"https:\/\/www.comunidadeativa.jor.br\/wp-content\/uploads\/2021\/06\/capa1-11.jpg\",\"width\":640,\"height\":352},{\"@type\":\"BreadcrumbList\",\"@id\":\"https:\/\/www.comunidadeativa.jor.br\/index.php\/2021\/06\/17\/conflitos-gerados-por-pets-em-condominios-do-rigor-da-lei-ao-bom-senso\/#breadcrumb\",\"itemListElement\":[{\"@type\":\"ListItem\",\"position\":1,\"name\":\"In\u00edcio\",\"item\":\"https:\/\/www.comunidadeativa.jor.br\/\"},{\"@type\":\"ListItem\",\"position\":2,\"name\":\"Conflitos gerados por pets em condom\u00ednios: do rigor da lei ao bom senso\"}]},{\"@type\":\"WebSite\",\"@id\":\"https:\/\/www.comunidadeativa.jor.br\/#website\",\"url\":\"https:\/\/www.comunidadeativa.jor.br\/\",\"name\":\"Comunidade Ativa\",\"description\":\"\",\"publisher\":{\"@id\":\"https:\/\/www.comunidadeativa.jor.br\/#organization\"},\"potentialAction\":[{\"@type\":\"SearchAction\",\"target\":{\"@type\":\"EntryPoint\",\"urlTemplate\":\"https:\/\/www.comunidadeativa.jor.br\/?s={search_term_string}\"},\"query-input\":{\"@type\":\"PropertyValueSpecification\",\"valueRequired\":true,\"valueName\":\"search_term_string\"}}],\"inLanguage\":\"pt-BR\"},{\"@type\":\"Organization\",\"@id\":\"https:\/\/www.comunidadeativa.jor.br\/#organization\",\"name\":\"Comunidade Ativa\",\"url\":\"https:\/\/www.comunidadeativa.jor.br\/\",\"logo\":{\"@type\":\"ImageObject\",\"inLanguage\":\"pt-BR\",\"@id\":\"https:\/\/www.comunidadeativa.jor.br\/#\/schema\/logo\/image\/\",\"url\":\"https:\/\/www.comunidadeativa.jor.br\/wp-content\/uploads\/2018\/03\/cropped-LOGOPNG-1.png\",\"contentUrl\":\"https:\/\/www.comunidadeativa.jor.br\/wp-content\/uploads\/2018\/03\/cropped-LOGOPNG-1.png\",\"width\":318,\"height\":90,\"caption\":\"Comunidade Ativa\"},\"image\":{\"@id\":\"https:\/\/www.comunidadeativa.jor.br\/#\/schema\/logo\/image\/\"},\"sameAs\":[\"https:\/\/www.facebook.com\/comunidadeativa\"]},{\"@type\":\"Person\",\"@id\":\"https:\/\/www.comunidadeativa.jor.br\/#\/schema\/person\/dcaa1f1c51c1f0c47a33b2b734cad6e1\",\"name\":\"Comunidade Ativa\",\"image\":{\"@type\":\"ImageObject\",\"inLanguage\":\"pt-BR\",\"@id\":\"https:\/\/www.comunidadeativa.jor.br\/#\/schema\/person\/image\/\",\"url\":\"https:\/\/secure.gravatar.com\/avatar\/09a9a1f85fedf41e81b47f7c1d40084f?s=96&d=mm&r=g\",\"contentUrl\":\"https:\/\/secure.gravatar.com\/avatar\/09a9a1f85fedf41e81b47f7c1d40084f?s=96&d=mm&r=g\",\"caption\":\"Comunidade Ativa\"},\"url\":\"https:\/\/www.comunidadeativa.jor.br\/index.php\/author\/casalberto\/\"}]}<\/script>\n<!-- \/ Yoast SEO plugin. -->","yoast_head_json":{"title":"Conflitos gerados por pets em condom\u00ednios: do rigor da lei ao bom senso - Comunidade Ativa","robots":{"index":"index","follow":"follow","max-snippet":"max-snippet:-1","max-image-preview":"max-image-preview:large","max-video-preview":"max-video-preview:-1"},"canonical":"https:\/\/www.comunidadeativa.jor.br\/index.php\/2021\/06\/17\/conflitos-gerados-por-pets-em-condominios-do-rigor-da-lei-ao-bom-senso\/","og_locale":"pt_BR","og_type":"article","og_title":"Conflitos gerados por pets em condom\u00ednios: do rigor da lei ao bom senso - Comunidade Ativa","og_description":"O Brasil tem hoje perto de 140 milh\u00f5es de animais de estima\u00e7\u00e3o, o que representa mais de 65% da popula\u00e7\u00e3o","og_url":"https:\/\/www.comunidadeativa.jor.br\/index.php\/2021\/06\/17\/conflitos-gerados-por-pets-em-condominios-do-rigor-da-lei-ao-bom-senso\/","og_site_name":"Comunidade Ativa","article_publisher":"https:\/\/www.facebook.com\/comunidadeativa","article_published_time":"2021-06-17T13:00:13+00:00","article_modified_time":"2023-08-11T21:38:35+00:00","og_image":[{"width":640,"height":352,"url":"https:\/\/www.comunidadeativa.jor.br\/wp-content\/uploads\/2021\/06\/capa1-11.jpg","type":"image\/jpeg"}],"author":"Comunidade Ativa","twitter_card":"summary_large_image","twitter_misc":{"Escrito por":"Comunidade Ativa","Est. tempo de leitura":"6 minutos"},"schema":{"@context":"https:\/\/schema.org","@graph":[{"@type":"Article","@id":"https:\/\/www.comunidadeativa.jor.br\/index.php\/2021\/06\/17\/conflitos-gerados-por-pets-em-condominios-do-rigor-da-lei-ao-bom-senso\/#article","isPartOf":{"@id":"https:\/\/www.comunidadeativa.jor.br\/index.php\/2021\/06\/17\/conflitos-gerados-por-pets-em-condominios-do-rigor-da-lei-ao-bom-senso\/"},"author":{"name":"Comunidade Ativa","@id":"https:\/\/www.comunidadeativa.jor.br\/#\/schema\/person\/dcaa1f1c51c1f0c47a33b2b734cad6e1"},"headline":"Conflitos gerados por pets em condom\u00ednios: do rigor da lei ao bom senso","datePublished":"2021-06-17T13:00:13+00:00","dateModified":"2023-08-11T21:38:35+00:00","mainEntityOfPage":{"@id":"https:\/\/www.comunidadeativa.jor.br\/index.php\/2021\/06\/17\/conflitos-gerados-por-pets-em-condominios-do-rigor-da-lei-ao-bom-senso\/"},"wordCount":1143,"publisher":{"@id":"https:\/\/www.comunidadeativa.jor.br\/#organization"},"image":{"@id":"https:\/\/www.comunidadeativa.jor.br\/index.php\/2021\/06\/17\/conflitos-gerados-por-pets-em-condominios-do-rigor-da-lei-ao-bom-senso\/#primaryimage"},"thumbnailUrl":"https:\/\/www.comunidadeativa.jor.br\/wp-content\/uploads\/2021\/06\/capa1-11.jpg","articleSection":["Condom\u00ednios"],"inLanguage":"pt-BR"},{"@type":"WebPage","@id":"https:\/\/www.comunidadeativa.jor.br\/index.php\/2021\/06\/17\/conflitos-gerados-por-pets-em-condominios-do-rigor-da-lei-ao-bom-senso\/","url":"https:\/\/www.comunidadeativa.jor.br\/index.php\/2021\/06\/17\/conflitos-gerados-por-pets-em-condominios-do-rigor-da-lei-ao-bom-senso\/","name":"Conflitos gerados por pets em condom\u00ednios: do rigor da lei ao bom senso - Comunidade Ativa","isPartOf":{"@id":"https:\/\/www.comunidadeativa.jor.br\/#website"},"primaryImageOfPage":{"@id":"https:\/\/www.comunidadeativa.jor.br\/index.php\/2021\/06\/17\/conflitos-gerados-por-pets-em-condominios-do-rigor-da-lei-ao-bom-senso\/#primaryimage"},"image":{"@id":"https:\/\/www.comunidadeativa.jor.br\/index.php\/2021\/06\/17\/conflitos-gerados-por-pets-em-condominios-do-rigor-da-lei-ao-bom-senso\/#primaryimage"},"thumbnailUrl":"https:\/\/www.comunidadeativa.jor.br\/wp-content\/uploads\/2021\/06\/capa1-11.jpg","datePublished":"2021-06-17T13:00:13+00:00","dateModified":"2023-08-11T21:38:35+00:00","breadcrumb":{"@id":"https:\/\/www.comunidadeativa.jor.br\/index.php\/2021\/06\/17\/conflitos-gerados-por-pets-em-condominios-do-rigor-da-lei-ao-bom-senso\/#breadcrumb"},"inLanguage":"pt-BR","potentialAction":[{"@type":"ReadAction","target":["https:\/\/www.comunidadeativa.jor.br\/index.php\/2021\/06\/17\/conflitos-gerados-por-pets-em-condominios-do-rigor-da-lei-ao-bom-senso\/"]}]},{"@type":"ImageObject","inLanguage":"pt-BR","@id":"https:\/\/www.comunidadeativa.jor.br\/index.php\/2021\/06\/17\/conflitos-gerados-por-pets-em-condominios-do-rigor-da-lei-ao-bom-senso\/#primaryimage","url":"https:\/\/www.comunidadeativa.jor.br\/wp-content\/uploads\/2021\/06\/capa1-11.jpg","contentUrl":"https:\/\/www.comunidadeativa.jor.br\/wp-content\/uploads\/2021\/06\/capa1-11.jpg","width":640,"height":352},{"@type":"BreadcrumbList","@id":"https:\/\/www.comunidadeativa.jor.br\/index.php\/2021\/06\/17\/conflitos-gerados-por-pets-em-condominios-do-rigor-da-lei-ao-bom-senso\/#breadcrumb","itemListElement":[{"@type":"ListItem","position":1,"name":"In\u00edcio","item":"https:\/\/www.comunidadeativa.jor.br\/"},{"@type":"ListItem","position":2,"name":"Conflitos gerados por pets em condom\u00ednios: do rigor da lei ao bom senso"}]},{"@type":"WebSite","@id":"https:\/\/www.comunidadeativa.jor.br\/#website","url":"https:\/\/www.comunidadeativa.jor.br\/","name":"Comunidade Ativa","description":"","publisher":{"@id":"https:\/\/www.comunidadeativa.jor.br\/#organization"},"potentialAction":[{"@type":"SearchAction","target":{"@type":"EntryPoint","urlTemplate":"https:\/\/www.comunidadeativa.jor.br\/?s={search_term_string}"},"query-input":{"@type":"PropertyValueSpecification","valueRequired":true,"valueName":"search_term_string"}}],"inLanguage":"pt-BR"},{"@type":"Organization","@id":"https:\/\/www.comunidadeativa.jor.br\/#organization","name":"Comunidade Ativa","url":"https:\/\/www.comunidadeativa.jor.br\/","logo":{"@type":"ImageObject","inLanguage":"pt-BR","@id":"https:\/\/www.comunidadeativa.jor.br\/#\/schema\/logo\/image\/","url":"https:\/\/www.comunidadeativa.jor.br\/wp-content\/uploads\/2018\/03\/cropped-LOGOPNG-1.png","contentUrl":"https:\/\/www.comunidadeativa.jor.br\/wp-content\/uploads\/2018\/03\/cropped-LOGOPNG-1.png","width":318,"height":90,"caption":"Comunidade Ativa"},"image":{"@id":"https:\/\/www.comunidadeativa.jor.br\/#\/schema\/logo\/image\/"},"sameAs":["https:\/\/www.facebook.com\/comunidadeativa"]},{"@type":"Person","@id":"https:\/\/www.comunidadeativa.jor.br\/#\/schema\/person\/dcaa1f1c51c1f0c47a33b2b734cad6e1","name":"Comunidade Ativa","image":{"@type":"ImageObject","inLanguage":"pt-BR","@id":"https:\/\/www.comunidadeativa.jor.br\/#\/schema\/person\/image\/","url":"https:\/\/secure.gravatar.com\/avatar\/09a9a1f85fedf41e81b47f7c1d40084f?s=96&d=mm&r=g","contentUrl":"https:\/\/secure.gravatar.com\/avatar\/09a9a1f85fedf41e81b47f7c1d40084f?s=96&d=mm&r=g","caption":"Comunidade Ativa"},"url":"https:\/\/www.comunidadeativa.jor.br\/index.php\/author\/casalberto\/"}]}},"_links":{"self":[{"href":"https:\/\/www.comunidadeativa.jor.br\/index.php\/wp-json\/wp\/v2\/posts\/2196","targetHints":{"allow":["GET"]}}],"collection":[{"href":"https:\/\/www.comunidadeativa.jor.br\/index.php\/wp-json\/wp\/v2\/posts"}],"about":[{"href":"https:\/\/www.comunidadeativa.jor.br\/index.php\/wp-json\/wp\/v2\/types\/post"}],"author":[{"embeddable":true,"href":"https:\/\/www.comunidadeativa.jor.br\/index.php\/wp-json\/wp\/v2\/users\/1"}],"replies":[{"embeddable":true,"href":"https:\/\/www.comunidadeativa.jor.br\/index.php\/wp-json\/wp\/v2\/comments?post=2196"}],"version-history":[{"count":2,"href":"https:\/\/www.comunidadeativa.jor.br\/index.php\/wp-json\/wp\/v2\/posts\/2196\/revisions"}],"predecessor-version":[{"id":3862,"href":"https:\/\/www.comunidadeativa.jor.br\/index.php\/wp-json\/wp\/v2\/posts\/2196\/revisions\/3862"}],"wp:featuredmedia":[{"embeddable":true,"href":"https:\/\/www.comunidadeativa.jor.br\/index.php\/wp-json\/wp\/v2\/media\/2197"}],"wp:attachment":[{"href":"https:\/\/www.comunidadeativa.jor.br\/index.php\/wp-json\/wp\/v2\/media?parent=2196"}],"wp:term":[{"taxonomy":"category","embeddable":true,"href":"https:\/\/www.comunidadeativa.jor.br\/index.php\/wp-json\/wp\/v2\/categories?post=2196"},{"taxonomy":"post_tag","embeddable":true,"href":"https:\/\/www.comunidadeativa.jor.br\/index.php\/wp-json\/wp\/v2\/tags?post=2196"}],"curies":[{"name":"wp","href":"https:\/\/api.w.org\/{rel}","templated":true}]}}