{"id":2203,"date":"2021-06-21T10:00:59","date_gmt":"2021-06-21T13:00:59","guid":{"rendered":"https:\/\/www.comunidadeativa.jor.br\/?p=2203"},"modified":"2023-08-11T18:38:52","modified_gmt":"2023-08-11T21:38:52","slug":"segundo-o-banco-mundial-bh-tem-o-segundo-melhor-ambiente-de-negocios-entre-as-capitais-brasileiras","status":"publish","type":"post","link":"https:\/\/www.comunidadeativa.jor.br\/index.php\/2021\/06\/21\/segundo-o-banco-mundial-bh-tem-o-segundo-melhor-ambiente-de-negocios-entre-as-capitais-brasileiras\/","title":{"rendered":"Segundo o Banco Mundial, BH tem o segundo melhor ambiente de neg\u00f3cios entre as capitais brasileiras"},"content":{"rendered":"<p>O relat\u00f3rio <a href=\"https:\/\/portugues.doingbusiness.org\/pt\/reports\/subnational-reports\/brazil#\" target=\"_blank\" rel=\"noopener\"><em>Doing Business Subnacional Brasil 2021<\/em><\/a>, apresentado no \u00faltimo dia 15 de junho pelo Banco Mundial, apontou Belo Horizonte como uma das cidades que t\u00eam os melhores ambientes para os neg\u00f3cios no Brasil. Por meio de uma an\u00e1lise comparativa feita sobre os 26 estados brasileiros e o Distrito Federal, a pesquisa mediu a regulamenta\u00e7\u00e3o das atividades de pequenos e m\u00e9dios empreendimentos em cinco \u00e1reas \u2014 abertura de empresas, obten\u00e7\u00e3o de alvar\u00e1s de constru\u00e7\u00e3o, registro de propriedades, pagamento de impostos e execu\u00e7\u00e3o de contratos.<\/p>\n<h5>Metodologia<\/h5>\n<p>A partir do estudo de um caso espec\u00edfico, o levantamento de dados buscou uniformizar as an\u00e1lises feitas sobre todas as capitais do pa\u00eds, observando as etapas de pr\u00e9-registro, registro e p\u00f3s-registro de empresas. Para o caso estudado, foi conclu\u00eddo que em nove dias e meio seria poss\u00edvel abrir o novo empreendimento na capital mineira, enquanto em algumas das outras cidades analisadas esse prazo poderia chegar a um m\u00eas. Por\u00e9m, segundo informa\u00e7\u00f5es da Prefeitura Municipal de Belo Horizonte (PBH), para empresas menos complexas do que a considerada na\u00a0 an\u00e1lise, o pr\u00e9-registro e o registro podem ser obtidos com apenas um dia.<\/p>\n<p>O Doing Business Subnacional Brasil 2021 tamb\u00e9m observou os procedimentos exigidos pelos governos federal, estaduais e municipais, o que permitiu um relat\u00f3rio detalhado sobre as atividades empresariais e as exig\u00eancias em diferentes cidades e regi\u00f5es do pa\u00eds. Com isso, foi poss\u00edvel fornecer dados sobre a facilidade de se fazer neg\u00f3cios, classificar as capitais sob esse crit\u00e9rio e recomendar reformas que permitam melhorar o desempenho das \u00e1reas analisadas.<\/p>\n<h5>BH entre as melhores<\/h5>\n<p>Belo Horizonte conquistou o primeiro lugar na facilidade de registro do Microempreendedor Individual (MEI), o que, na compara\u00e7\u00e3o com outras capitais, pode ser feito a partir do menor n\u00famero de procedimentos que s\u00e3o exigidos pela PBH. A n\u00e3o vincula\u00e7\u00e3o da regularidade do im\u00f3vel onde o empreendimento ser\u00e1 instalado com a abertura da empresa, o que elimina esse poss\u00edvel entrave na etapa de registro e que \u00e9 cobrado em outras cidades, foi outro diferencial apontado pelo relat\u00f3rio como um facilitador da vida dos empreendedores belo-horizontinos.<\/p>\n<p>No ranking geral, Belo Horizonte ficou em segundo lugar, perdendo apenas para S\u00e3o Paulo, sendo seguida por Boa Vista (RR) e Curitiba (PR).<\/p>\n<h5>Desburocratiza\u00e7\u00e3o<\/h5>\n<p>Para o secret\u00e1rio municipal adjunto de Planejamento, Or\u00e7amento e Gest\u00e3o, Jean Mattos, os resultados obtidos pela capital no Doing Business Subnacional refletem as conquistas de Belo Horizonte na desburocratiza\u00e7\u00e3o de processos. \u201cOs resultados materializam os esfor\u00e7os que est\u00e3o sendo empreendidos pela PBH de desburocratizar e simplificar o ambiente de neg\u00f3cios para os empreendedores, reduzindo e digitalizando procedimentos, bem como prazos e custos para os empreendedores\u201d, destaca Mattos.<\/p>\n<p>O secret\u00e1rio explica ainda que BH conta com outras facilidades para o empreendedor, que n\u00e3o foram considerados pelo estudo, como a dispensa de Alvar\u00e1 de Localiza\u00e7\u00e3o e Funcionamento para diversas atividades, bem como a emiss\u00e3o autom\u00e1tica do alvar\u00e1 pela internet. Segundo Mattos, esses crit\u00e9rios atendem a mais de 93% do total das aberturas de empresas na cidade.<\/p>\n<h5>Melhorando o ambiente de neg\u00f3cios<\/h5>\n<p>Criado em 2017, o programa Melhoria de Ambiente de Neg\u00f3cios da PBH tem como objetivo desburocratizar, simplificar e digitalizar a rela\u00e7\u00e3o dos empreendedores com a Prefeitura. A proposta \u00e9 reduzir exig\u00eancias, prazos e custos para quem desenvolve um neg\u00f3cio e gera empregos e renda na cidade.<\/p>\n<p>Segundo a PBH, o programa simplificou mais de 300 servi\u00e7os simplificados, com a elimina\u00e7\u00e3o de exig\u00eancias desproporcionais, como firma reconhecida, autentica\u00e7\u00f5es e c\u00f3pias de documentos. Al\u00e9m disso, dispensou a necessidade de alvar\u00e1s e de licen\u00e7as para 275 atividades de baixo risco.<\/p>\n<p>Entre outras medidas, a iniciativa tamb\u00e9m implantou o Servi\u00e7o de Nota Fiscal para o Microempreendedor Individual e reduziu de 15 para tr\u00eas dias a emiss\u00e3o da resposta dos requerimentos de Alvar\u00e1 de Localiza\u00e7\u00e3o e Funcionamento que demandam algum tipo de an\u00e1lise pr\u00e9via da Secretaria Municipal de Pol\u00edtica Urbana.<\/p>\n<p>&nbsp;<\/p>\n<hr \/>\n<p style=\"padding-left: 80px;\"><em>Colabore com a produ\u00e7\u00e3o do Comunidade Ativa fazendo uma doa\u00e7\u00e3o com qualquer valor.<br \/>\n<\/em>Pelo Pix, use a chave casalbertorocha@gmail.com ou clique no bot\u00e3o abaixo para contribuir usando cart\u00e3o ou boleto.<\/p>\n<p><!-- INICIO FORMULARIO BOTAO PAGSEGURO --><\/p>\n<form style=\"padding-left: 80px;\" action=\"https:\/\/pagseguro.uol.com.br\/checkout\/v2\/donation.html\" method=\"post\"><input alt=\"Pague com PagSeguro - \u00e9 r\u00e1pido, gr\u00e1tis e seguro!\" name=\"submit\" src=\"https:\/\/stc.pagseguro.uol.com.br\/public\/img\/botoes\/doacoes\/209x48-doar-assina.gif\" type=\"image\" \/><!-- FINAL FORMULARIO BOTAO PAGSEGURO --><\/p>\n<hr \/>\n<\/form>\n<p>&nbsp;<\/p>\n","protected":false},"excerpt":{"rendered":"<p>O relat\u00f3rio Doing Business Subnacional Brasil 2021, apresentado no \u00faltimo dia 15 de junho pelo Banco Mundial, apontou Belo Horizonte<\/p>\n","protected":false},"author":1,"featured_media":2204,"comment_status":"closed","ping_status":"open","sticky":false,"template":"","format":"standard","meta":{"footnotes":""},"categories":[12],"tags":[],"class_list":["post-2203","post","type-post","status-publish","format-standard","has-post-thumbnail","hentry","category-cidadania"],"yoast_head":"<!-- This site is optimized with the Yoast SEO plugin v26.0 - https:\/\/yoast.com\/wordpress\/plugins\/seo\/ -->\n<title>Segundo o Banco Mundial, BH tem o segundo melhor ambiente de neg\u00f3cios entre as capitais brasileiras - Comunidade Ativa<\/title>\n<meta name=\"robots\" content=\"index, follow, max-snippet:-1, max-image-preview:large, max-video-preview:-1\" \/>\n<link rel=\"canonical\" href=\"https:\/\/www.comunidadeativa.jor.br\/index.php\/2021\/06\/21\/segundo-o-banco-mundial-bh-tem-o-segundo-melhor-ambiente-de-negocios-entre-as-capitais-brasileiras\/\" \/>\n<meta property=\"og:locale\" content=\"pt_BR\" \/>\n<meta property=\"og:type\" content=\"article\" \/>\n<meta property=\"og:title\" content=\"Segundo o Banco Mundial, BH tem o segundo melhor ambiente de neg\u00f3cios entre as capitais brasileiras - Comunidade Ativa\" \/>\n<meta property=\"og:description\" content=\"O relat\u00f3rio Doing Business Subnacional Brasil 2021, apresentado no \u00faltimo dia 15 de junho pelo Banco Mundial, apontou Belo Horizonte\" \/>\n<meta property=\"og:url\" content=\"https:\/\/www.comunidadeativa.jor.br\/index.php\/2021\/06\/21\/segundo-o-banco-mundial-bh-tem-o-segundo-melhor-ambiente-de-negocios-entre-as-capitais-brasileiras\/\" \/>\n<meta property=\"og:site_name\" content=\"Comunidade Ativa\" \/>\n<meta property=\"article:publisher\" content=\"https:\/\/www.facebook.com\/comunidadeativa\" \/>\n<meta property=\"article:published_time\" content=\"2021-06-21T13:00:59+00:00\" \/>\n<meta property=\"article:modified_time\" content=\"2023-08-11T21:38:52+00:00\" \/>\n<meta property=\"og:image\" content=\"https:\/\/www.comunidadeativa.jor.br\/wp-content\/uploads\/2021\/06\/capa1-13.jpg\" \/>\n\t<meta property=\"og:image:width\" content=\"640\" \/>\n\t<meta property=\"og:image:height\" content=\"352\" \/>\n\t<meta property=\"og:image:type\" content=\"image\/jpeg\" \/>\n<meta name=\"author\" content=\"Comunidade Ativa\" \/>\n<meta name=\"twitter:card\" content=\"summary_large_image\" \/>\n<meta name=\"twitter:label1\" content=\"Escrito por\" \/>\n\t<meta name=\"twitter:data1\" content=\"Comunidade Ativa\" \/>\n\t<meta name=\"twitter:label2\" content=\"Est. tempo de leitura\" \/>\n\t<meta name=\"twitter:data2\" content=\"4 minutos\" \/>\n<script type=\"application\/ld+json\" class=\"yoast-schema-graph\">{\"@context\":\"https:\/\/schema.org\",\"@graph\":[{\"@type\":\"Article\",\"@id\":\"https:\/\/www.comunidadeativa.jor.br\/index.php\/2021\/06\/21\/segundo-o-banco-mundial-bh-tem-o-segundo-melhor-ambiente-de-negocios-entre-as-capitais-brasileiras\/#article\",\"isPartOf\":{\"@id\":\"https:\/\/www.comunidadeativa.jor.br\/index.php\/2021\/06\/21\/segundo-o-banco-mundial-bh-tem-o-segundo-melhor-ambiente-de-negocios-entre-as-capitais-brasileiras\/\"},\"author\":{\"name\":\"Comunidade Ativa\",\"@id\":\"https:\/\/www.comunidadeativa.jor.br\/#\/schema\/person\/dcaa1f1c51c1f0c47a33b2b734cad6e1\"},\"headline\":\"Segundo o Banco Mundial, BH tem o segundo melhor ambiente de neg\u00f3cios entre as capitais brasileiras\",\"datePublished\":\"2021-06-21T13:00:59+00:00\",\"dateModified\":\"2023-08-11T21:38:52+00:00\",\"mainEntityOfPage\":{\"@id\":\"https:\/\/www.comunidadeativa.jor.br\/index.php\/2021\/06\/21\/segundo-o-banco-mundial-bh-tem-o-segundo-melhor-ambiente-de-negocios-entre-as-capitais-brasileiras\/\"},\"wordCount\":745,\"publisher\":{\"@id\":\"https:\/\/www.comunidadeativa.jor.br\/#organization\"},\"image\":{\"@id\":\"https:\/\/www.comunidadeativa.jor.br\/index.php\/2021\/06\/21\/segundo-o-banco-mundial-bh-tem-o-segundo-melhor-ambiente-de-negocios-entre-as-capitais-brasileiras\/#primaryimage\"},\"thumbnailUrl\":\"https:\/\/www.comunidadeativa.jor.br\/wp-content\/uploads\/2021\/06\/capa1-13.jpg\",\"articleSection\":[\"Cidadania\"],\"inLanguage\":\"pt-BR\"},{\"@type\":\"WebPage\",\"@id\":\"https:\/\/www.comunidadeativa.jor.br\/index.php\/2021\/06\/21\/segundo-o-banco-mundial-bh-tem-o-segundo-melhor-ambiente-de-negocios-entre-as-capitais-brasileiras\/\",\"url\":\"https:\/\/www.comunidadeativa.jor.br\/index.php\/2021\/06\/21\/segundo-o-banco-mundial-bh-tem-o-segundo-melhor-ambiente-de-negocios-entre-as-capitais-brasileiras\/\",\"name\":\"Segundo o Banco Mundial, BH tem o segundo melhor ambiente de neg\u00f3cios entre as capitais brasileiras - Comunidade Ativa\",\"isPartOf\":{\"@id\":\"https:\/\/www.comunidadeativa.jor.br\/#website\"},\"primaryImageOfPage\":{\"@id\":\"https:\/\/www.comunidadeativa.jor.br\/index.php\/2021\/06\/21\/segundo-o-banco-mundial-bh-tem-o-segundo-melhor-ambiente-de-negocios-entre-as-capitais-brasileiras\/#primaryimage\"},\"image\":{\"@id\":\"https:\/\/www.comunidadeativa.jor.br\/index.php\/2021\/06\/21\/segundo-o-banco-mundial-bh-tem-o-segundo-melhor-ambiente-de-negocios-entre-as-capitais-brasileiras\/#primaryimage\"},\"thumbnailUrl\":\"https:\/\/www.comunidadeativa.jor.br\/wp-content\/uploads\/2021\/06\/capa1-13.jpg\",\"datePublished\":\"2021-06-21T13:00:59+00:00\",\"dateModified\":\"2023-08-11T21:38:52+00:00\",\"breadcrumb\":{\"@id\":\"https:\/\/www.comunidadeativa.jor.br\/index.php\/2021\/06\/21\/segundo-o-banco-mundial-bh-tem-o-segundo-melhor-ambiente-de-negocios-entre-as-capitais-brasileiras\/#breadcrumb\"},\"inLanguage\":\"pt-BR\",\"potentialAction\":[{\"@type\":\"ReadAction\",\"target\":[\"https:\/\/www.comunidadeativa.jor.br\/index.php\/2021\/06\/21\/segundo-o-banco-mundial-bh-tem-o-segundo-melhor-ambiente-de-negocios-entre-as-capitais-brasileiras\/\"]}]},{\"@type\":\"ImageObject\",\"inLanguage\":\"pt-BR\",\"@id\":\"https:\/\/www.comunidadeativa.jor.br\/index.php\/2021\/06\/21\/segundo-o-banco-mundial-bh-tem-o-segundo-melhor-ambiente-de-negocios-entre-as-capitais-brasileiras\/#primaryimage\",\"url\":\"https:\/\/www.comunidadeativa.jor.br\/wp-content\/uploads\/2021\/06\/capa1-13.jpg\",\"contentUrl\":\"https:\/\/www.comunidadeativa.jor.br\/wp-content\/uploads\/2021\/06\/capa1-13.jpg\",\"width\":640,\"height\":352},{\"@type\":\"BreadcrumbList\",\"@id\":\"https:\/\/www.comunidadeativa.jor.br\/index.php\/2021\/06\/21\/segundo-o-banco-mundial-bh-tem-o-segundo-melhor-ambiente-de-negocios-entre-as-capitais-brasileiras\/#breadcrumb\",\"itemListElement\":[{\"@type\":\"ListItem\",\"position\":1,\"name\":\"In\u00edcio\",\"item\":\"https:\/\/www.comunidadeativa.jor.br\/\"},{\"@type\":\"ListItem\",\"position\":2,\"name\":\"Segundo o Banco Mundial, BH tem o segundo melhor ambiente de neg\u00f3cios entre as capitais brasileiras\"}]},{\"@type\":\"WebSite\",\"@id\":\"https:\/\/www.comunidadeativa.jor.br\/#website\",\"url\":\"https:\/\/www.comunidadeativa.jor.br\/\",\"name\":\"Comunidade Ativa\",\"description\":\"\",\"publisher\":{\"@id\":\"https:\/\/www.comunidadeativa.jor.br\/#organization\"},\"potentialAction\":[{\"@type\":\"SearchAction\",\"target\":{\"@type\":\"EntryPoint\",\"urlTemplate\":\"https:\/\/www.comunidadeativa.jor.br\/?s={search_term_string}\"},\"query-input\":{\"@type\":\"PropertyValueSpecification\",\"valueRequired\":true,\"valueName\":\"search_term_string\"}}],\"inLanguage\":\"pt-BR\"},{\"@type\":\"Organization\",\"@id\":\"https:\/\/www.comunidadeativa.jor.br\/#organization\",\"name\":\"Comunidade Ativa\",\"url\":\"https:\/\/www.comunidadeativa.jor.br\/\",\"logo\":{\"@type\":\"ImageObject\",\"inLanguage\":\"pt-BR\",\"@id\":\"https:\/\/www.comunidadeativa.jor.br\/#\/schema\/logo\/image\/\",\"url\":\"https:\/\/www.comunidadeativa.jor.br\/wp-content\/uploads\/2018\/03\/cropped-LOGOPNG-1.png\",\"contentUrl\":\"https:\/\/www.comunidadeativa.jor.br\/wp-content\/uploads\/2018\/03\/cropped-LOGOPNG-1.png\",\"width\":318,\"height\":90,\"caption\":\"Comunidade Ativa\"},\"image\":{\"@id\":\"https:\/\/www.comunidadeativa.jor.br\/#\/schema\/logo\/image\/\"},\"sameAs\":[\"https:\/\/www.facebook.com\/comunidadeativa\"]},{\"@type\":\"Person\",\"@id\":\"https:\/\/www.comunidadeativa.jor.br\/#\/schema\/person\/dcaa1f1c51c1f0c47a33b2b734cad6e1\",\"name\":\"Comunidade Ativa\",\"image\":{\"@type\":\"ImageObject\",\"inLanguage\":\"pt-BR\",\"@id\":\"https:\/\/www.comunidadeativa.jor.br\/#\/schema\/person\/image\/\",\"url\":\"https:\/\/secure.gravatar.com\/avatar\/09a9a1f85fedf41e81b47f7c1d40084f?s=96&d=mm&r=g\",\"contentUrl\":\"https:\/\/secure.gravatar.com\/avatar\/09a9a1f85fedf41e81b47f7c1d40084f?s=96&d=mm&r=g\",\"caption\":\"Comunidade Ativa\"},\"url\":\"https:\/\/www.comunidadeativa.jor.br\/index.php\/author\/casalberto\/\"}]}<\/script>\n<!-- \/ Yoast SEO plugin. -->","yoast_head_json":{"title":"Segundo o Banco Mundial, BH tem o segundo melhor ambiente de neg\u00f3cios entre as capitais brasileiras - Comunidade Ativa","robots":{"index":"index","follow":"follow","max-snippet":"max-snippet:-1","max-image-preview":"max-image-preview:large","max-video-preview":"max-video-preview:-1"},"canonical":"https:\/\/www.comunidadeativa.jor.br\/index.php\/2021\/06\/21\/segundo-o-banco-mundial-bh-tem-o-segundo-melhor-ambiente-de-negocios-entre-as-capitais-brasileiras\/","og_locale":"pt_BR","og_type":"article","og_title":"Segundo o Banco Mundial, BH tem o segundo melhor ambiente de neg\u00f3cios entre as capitais brasileiras - Comunidade Ativa","og_description":"O relat\u00f3rio Doing Business Subnacional Brasil 2021, apresentado no \u00faltimo dia 15 de junho pelo Banco Mundial, apontou Belo Horizonte","og_url":"https:\/\/www.comunidadeativa.jor.br\/index.php\/2021\/06\/21\/segundo-o-banco-mundial-bh-tem-o-segundo-melhor-ambiente-de-negocios-entre-as-capitais-brasileiras\/","og_site_name":"Comunidade Ativa","article_publisher":"https:\/\/www.facebook.com\/comunidadeativa","article_published_time":"2021-06-21T13:00:59+00:00","article_modified_time":"2023-08-11T21:38:52+00:00","og_image":[{"width":640,"height":352,"url":"https:\/\/www.comunidadeativa.jor.br\/wp-content\/uploads\/2021\/06\/capa1-13.jpg","type":"image\/jpeg"}],"author":"Comunidade Ativa","twitter_card":"summary_large_image","twitter_misc":{"Escrito por":"Comunidade Ativa","Est. tempo de leitura":"4 minutos"},"schema":{"@context":"https:\/\/schema.org","@graph":[{"@type":"Article","@id":"https:\/\/www.comunidadeativa.jor.br\/index.php\/2021\/06\/21\/segundo-o-banco-mundial-bh-tem-o-segundo-melhor-ambiente-de-negocios-entre-as-capitais-brasileiras\/#article","isPartOf":{"@id":"https:\/\/www.comunidadeativa.jor.br\/index.php\/2021\/06\/21\/segundo-o-banco-mundial-bh-tem-o-segundo-melhor-ambiente-de-negocios-entre-as-capitais-brasileiras\/"},"author":{"name":"Comunidade Ativa","@id":"https:\/\/www.comunidadeativa.jor.br\/#\/schema\/person\/dcaa1f1c51c1f0c47a33b2b734cad6e1"},"headline":"Segundo o Banco Mundial, BH tem o segundo melhor ambiente de neg\u00f3cios entre as capitais brasileiras","datePublished":"2021-06-21T13:00:59+00:00","dateModified":"2023-08-11T21:38:52+00:00","mainEntityOfPage":{"@id":"https:\/\/www.comunidadeativa.jor.br\/index.php\/2021\/06\/21\/segundo-o-banco-mundial-bh-tem-o-segundo-melhor-ambiente-de-negocios-entre-as-capitais-brasileiras\/"},"wordCount":745,"publisher":{"@id":"https:\/\/www.comunidadeativa.jor.br\/#organization"},"image":{"@id":"https:\/\/www.comunidadeativa.jor.br\/index.php\/2021\/06\/21\/segundo-o-banco-mundial-bh-tem-o-segundo-melhor-ambiente-de-negocios-entre-as-capitais-brasileiras\/#primaryimage"},"thumbnailUrl":"https:\/\/www.comunidadeativa.jor.br\/wp-content\/uploads\/2021\/06\/capa1-13.jpg","articleSection":["Cidadania"],"inLanguage":"pt-BR"},{"@type":"WebPage","@id":"https:\/\/www.comunidadeativa.jor.br\/index.php\/2021\/06\/21\/segundo-o-banco-mundial-bh-tem-o-segundo-melhor-ambiente-de-negocios-entre-as-capitais-brasileiras\/","url":"https:\/\/www.comunidadeativa.jor.br\/index.php\/2021\/06\/21\/segundo-o-banco-mundial-bh-tem-o-segundo-melhor-ambiente-de-negocios-entre-as-capitais-brasileiras\/","name":"Segundo o Banco Mundial, BH tem o segundo melhor ambiente de neg\u00f3cios entre as capitais brasileiras - Comunidade Ativa","isPartOf":{"@id":"https:\/\/www.comunidadeativa.jor.br\/#website"},"primaryImageOfPage":{"@id":"https:\/\/www.comunidadeativa.jor.br\/index.php\/2021\/06\/21\/segundo-o-banco-mundial-bh-tem-o-segundo-melhor-ambiente-de-negocios-entre-as-capitais-brasileiras\/#primaryimage"},"image":{"@id":"https:\/\/www.comunidadeativa.jor.br\/index.php\/2021\/06\/21\/segundo-o-banco-mundial-bh-tem-o-segundo-melhor-ambiente-de-negocios-entre-as-capitais-brasileiras\/#primaryimage"},"thumbnailUrl":"https:\/\/www.comunidadeativa.jor.br\/wp-content\/uploads\/2021\/06\/capa1-13.jpg","datePublished":"2021-06-21T13:00:59+00:00","dateModified":"2023-08-11T21:38:52+00:00","breadcrumb":{"@id":"https:\/\/www.comunidadeativa.jor.br\/index.php\/2021\/06\/21\/segundo-o-banco-mundial-bh-tem-o-segundo-melhor-ambiente-de-negocios-entre-as-capitais-brasileiras\/#breadcrumb"},"inLanguage":"pt-BR","potentialAction":[{"@type":"ReadAction","target":["https:\/\/www.comunidadeativa.jor.br\/index.php\/2021\/06\/21\/segundo-o-banco-mundial-bh-tem-o-segundo-melhor-ambiente-de-negocios-entre-as-capitais-brasileiras\/"]}]},{"@type":"ImageObject","inLanguage":"pt-BR","@id":"https:\/\/www.comunidadeativa.jor.br\/index.php\/2021\/06\/21\/segundo-o-banco-mundial-bh-tem-o-segundo-melhor-ambiente-de-negocios-entre-as-capitais-brasileiras\/#primaryimage","url":"https:\/\/www.comunidadeativa.jor.br\/wp-content\/uploads\/2021\/06\/capa1-13.jpg","contentUrl":"https:\/\/www.comunidadeativa.jor.br\/wp-content\/uploads\/2021\/06\/capa1-13.jpg","width":640,"height":352},{"@type":"BreadcrumbList","@id":"https:\/\/www.comunidadeativa.jor.br\/index.php\/2021\/06\/21\/segundo-o-banco-mundial-bh-tem-o-segundo-melhor-ambiente-de-negocios-entre-as-capitais-brasileiras\/#breadcrumb","itemListElement":[{"@type":"ListItem","position":1,"name":"In\u00edcio","item":"https:\/\/www.comunidadeativa.jor.br\/"},{"@type":"ListItem","position":2,"name":"Segundo o Banco Mundial, BH tem o segundo melhor ambiente de neg\u00f3cios entre as capitais brasileiras"}]},{"@type":"WebSite","@id":"https:\/\/www.comunidadeativa.jor.br\/#website","url":"https:\/\/www.comunidadeativa.jor.br\/","name":"Comunidade Ativa","description":"","publisher":{"@id":"https:\/\/www.comunidadeativa.jor.br\/#organization"},"potentialAction":[{"@type":"SearchAction","target":{"@type":"EntryPoint","urlTemplate":"https:\/\/www.comunidadeativa.jor.br\/?s={search_term_string}"},"query-input":{"@type":"PropertyValueSpecification","valueRequired":true,"valueName":"search_term_string"}}],"inLanguage":"pt-BR"},{"@type":"Organization","@id":"https:\/\/www.comunidadeativa.jor.br\/#organization","name":"Comunidade Ativa","url":"https:\/\/www.comunidadeativa.jor.br\/","logo":{"@type":"ImageObject","inLanguage":"pt-BR","@id":"https:\/\/www.comunidadeativa.jor.br\/#\/schema\/logo\/image\/","url":"https:\/\/www.comunidadeativa.jor.br\/wp-content\/uploads\/2018\/03\/cropped-LOGOPNG-1.png","contentUrl":"https:\/\/www.comunidadeativa.jor.br\/wp-content\/uploads\/2018\/03\/cropped-LOGOPNG-1.png","width":318,"height":90,"caption":"Comunidade Ativa"},"image":{"@id":"https:\/\/www.comunidadeativa.jor.br\/#\/schema\/logo\/image\/"},"sameAs":["https:\/\/www.facebook.com\/comunidadeativa"]},{"@type":"Person","@id":"https:\/\/www.comunidadeativa.jor.br\/#\/schema\/person\/dcaa1f1c51c1f0c47a33b2b734cad6e1","name":"Comunidade Ativa","image":{"@type":"ImageObject","inLanguage":"pt-BR","@id":"https:\/\/www.comunidadeativa.jor.br\/#\/schema\/person\/image\/","url":"https:\/\/secure.gravatar.com\/avatar\/09a9a1f85fedf41e81b47f7c1d40084f?s=96&d=mm&r=g","contentUrl":"https:\/\/secure.gravatar.com\/avatar\/09a9a1f85fedf41e81b47f7c1d40084f?s=96&d=mm&r=g","caption":"Comunidade Ativa"},"url":"https:\/\/www.comunidadeativa.jor.br\/index.php\/author\/casalberto\/"}]}},"_links":{"self":[{"href":"https:\/\/www.comunidadeativa.jor.br\/index.php\/wp-json\/wp\/v2\/posts\/2203","targetHints":{"allow":["GET"]}}],"collection":[{"href":"https:\/\/www.comunidadeativa.jor.br\/index.php\/wp-json\/wp\/v2\/posts"}],"about":[{"href":"https:\/\/www.comunidadeativa.jor.br\/index.php\/wp-json\/wp\/v2\/types\/post"}],"author":[{"embeddable":true,"href":"https:\/\/www.comunidadeativa.jor.br\/index.php\/wp-json\/wp\/v2\/users\/1"}],"replies":[{"embeddable":true,"href":"https:\/\/www.comunidadeativa.jor.br\/index.php\/wp-json\/wp\/v2\/comments?post=2203"}],"version-history":[{"count":2,"href":"https:\/\/www.comunidadeativa.jor.br\/index.php\/wp-json\/wp\/v2\/posts\/2203\/revisions"}],"predecessor-version":[{"id":3864,"href":"https:\/\/www.comunidadeativa.jor.br\/index.php\/wp-json\/wp\/v2\/posts\/2203\/revisions\/3864"}],"wp:featuredmedia":[{"embeddable":true,"href":"https:\/\/www.comunidadeativa.jor.br\/index.php\/wp-json\/wp\/v2\/media\/2204"}],"wp:attachment":[{"href":"https:\/\/www.comunidadeativa.jor.br\/index.php\/wp-json\/wp\/v2\/media?parent=2203"}],"wp:term":[{"taxonomy":"category","embeddable":true,"href":"https:\/\/www.comunidadeativa.jor.br\/index.php\/wp-json\/wp\/v2\/categories?post=2203"},{"taxonomy":"post_tag","embeddable":true,"href":"https:\/\/www.comunidadeativa.jor.br\/index.php\/wp-json\/wp\/v2\/tags?post=2203"}],"curies":[{"name":"wp","href":"https:\/\/api.w.org\/{rel}","templated":true}]}}