{"id":2211,"date":"2021-06-23T12:37:56","date_gmt":"2021-06-23T15:37:56","guid":{"rendered":"https:\/\/www.comunidadeativa.jor.br\/?p=2211"},"modified":"2023-08-11T18:39:16","modified_gmt":"2023-08-11T21:39:16","slug":"secult-lanca-edital-para-estudos-de-ocupacao-de-imoveis-na-praca-da-liberdade","status":"publish","type":"post","link":"https:\/\/www.comunidadeativa.jor.br\/index.php\/2021\/06\/23\/secult-lanca-edital-para-estudos-de-ocupacao-de-imoveis-na-praca-da-liberdade\/","title":{"rendered":"Secult lan\u00e7a edital para estudos de ocupa\u00e7\u00e3o de im\u00f3veis na Pra\u00e7a da Liberdade"},"content":{"rendered":"<p>A Secretaria de Estado de Cultura e Turismo (Secult) do Estado de Minas Gerais lan\u00e7ar\u00e1 nesta quarta-feira (23) o edital do Procedimento de Manifesta\u00e7\u00e3o de Interesse (PMI) 01\/2021, que prev\u00ea a apresenta\u00e7\u00e3o de projetos de estudos que tenham por finalidade auxiliar a administra\u00e7\u00e3o p\u00fablica na estrutura\u00e7\u00e3o da concess\u00e3o dos im\u00f3veis na Pra\u00e7a da Liberdade. Poder\u00e3o participar do processo de sele\u00e7\u00e3o pessoas f\u00edsicas e jur\u00eddicas que cumpram o estabelecido no edital.<\/p>\n<p>Os im\u00f3veis dispon\u00edveis s\u00e3o o Palacete Dantas e o Solar Narbona, ambos localizados no mesmo terreno, na Pra\u00e7a da Liberdade, 280, a Casa Azul, na Rua da Bahia, 2287, e a Casa Amarela, na Rua Santa Rita Dur\u00e3o, 1275. As edifica\u00e7\u00f5es pertencentes ao Estado fazem parte do Circuito Liberdade e est\u00e3o situados na \u00c1rea de Diretrizes Especiais da Avenida do Contorno. Esta \u00e1rea corresponde ao plano de urbaniza\u00e7\u00e3o de Aar\u00e3o Reis que definiu a cria\u00e7\u00e3o de Belo Horizonte, o que significa que os im\u00f3veis representa especial valor hist\u00f3rico e cultural para a capital.<\/p>\n<h5>Hist\u00f3ria, cultura, arte e turismo<\/h5>\n<p>Para o secret\u00e1rio de Cultura e Turismo, Le\u00f4nidas Oliveira, as edifica\u00e7\u00f5es est\u00e3o em regi\u00e3o privilegiada da cidade, onde h\u00e1 frui\u00e7\u00e3o da cultura e das artes de forma integrada ao turismo. \u201cA ocupa\u00e7\u00e3o estrat\u00e9gica e planejada desses locais vai contribuir para enriquecer ainda mais o entorno da Pra\u00e7a da Liberdade, com foco no Circuito Liberdade, agregando valor aos servi\u00e7os e atra\u00e7\u00f5es do complexo tur\u00edstico-cultural. Estamos falando de uma regi\u00e3o de import\u00e2ncia hist\u00f3rica, com patrim\u00f4nio protegido e t\u00e3o representativo para os mineiros. Os estudos ir\u00e3o subsidiar a Secult no que diz respeito \u00e0 concess\u00e3o desses locais, com o objetivo de preservar o patrim\u00f4nio hist\u00f3rico-cultural e art\u00edstico e estimular usos voltados ao lazer, turismo e \u00e0 cultura\u201d, afirma o secret\u00e1rio.<\/p>\n<p>A iniciativa da Secult tem apoio do Instituto Estadual do Patrimo\u0302nio Histo\u0301rico e Arti\u0301stico de Minas Gerais\u00a0(Iepha-MG) e da Secretaria de Estado de Infraestrutura e Mobilidade (Seinfra).<\/p>\n<h5>Diretrizes<\/h5>\n<p>A expectativa da Secult \u00e9 de receber estudos que apresentem a melhor solu\u00e7\u00e3o para subsidiar a modelagem de concess\u00e3o dos im\u00f3veis, que n\u00e3o envolvam o aporte de recursos pelo Estado em sua implementa\u00e7\u00e3o e que apresentem solu\u00e7\u00f5es que contribuam para a efici\u00eancia no uso em harmonia com as especificidades da regi\u00e3o em que se situam. As an\u00e1lises devem se pautar pela premissa de que o im\u00f3vel se insere no per\u00edmetro do Circuito Liberdade, um complexo voltado para a difus\u00e3o e frui\u00e7\u00e3o culturais, para o desenvolvimento tur\u00edstico, para a preserva\u00e7\u00e3o do patrim\u00f4nio hist\u00f3rico e cultural, bem como para atividades de lazer e recrea\u00e7\u00e3o.<\/p>\n<p>Segundo a Secult, o PMI 01\/2021 ser\u00e1 conduzido por uma comiss\u00e3o especialmente designada para a atividade, com conhecimento na aprecia\u00e7\u00e3o dos documentos de autoriza\u00e7\u00e3o dos interessados e na an\u00e1lise e na sele\u00e7\u00e3o dos estudos. A Comiss\u00e3o de Avalia\u00e7\u00e3o ser\u00e1 formada por t\u00e9cnicos da Secult e do Iepha-MG, podendo ainda ser solicitada a participa\u00e7\u00e3o de integrantes de outros \u00f3rg\u00e3os ou entidades do Estado.<\/p>\n<p>Ap\u00f3s o lan\u00e7amento \u2014 que acontecer\u00e1 \u00e0s 14h, com transmiss\u00e3o ao vivo pelo <a href=\"https:\/\/www.youtube.com\/channel\/UCGDJypu8h8TqqO0o6BW5mPw\">canal da Secul no YouTube<\/a> \u2014 o edital ser\u00e1 disponibilizado no site daquela secretaria (<a href=\"http:\/\/www.secult.mg.gov.br\">www.secult.mg.gov.br<\/a>).<\/p>\n<p>&nbsp;<\/p>\n<form style=\"padding-left: 80px;\" action=\"https:\/\/pagseguro.uol.com.br\/checkout\/v2\/donation.html\" method=\"post\">\n<hr \/>\n<\/form>\n<p>&nbsp;<\/p>\n","protected":false},"excerpt":{"rendered":"<p>A Secretaria de Estado de Cultura e Turismo (Secult) do Estado de Minas Gerais lan\u00e7ar\u00e1 nesta quarta-feira (23) o edital<\/p>\n","protected":false},"author":1,"featured_media":2212,"comment_status":"closed","ping_status":"open","sticky":false,"template":"","format":"standard","meta":{"footnotes":""},"categories":[15],"tags":[],"class_list":["post-2211","post","type-post","status-publish","format-standard","has-post-thumbnail","hentry","category-cultura"],"yoast_head":"<!-- This site is optimized with the Yoast SEO plugin v26.0 - https:\/\/yoast.com\/wordpress\/plugins\/seo\/ -->\n<title>Secult lan\u00e7a edital para estudos de ocupa\u00e7\u00e3o de im\u00f3veis na Pra\u00e7a da Liberdade - Comunidade Ativa<\/title>\n<meta name=\"robots\" content=\"index, follow, max-snippet:-1, max-image-preview:large, max-video-preview:-1\" \/>\n<link rel=\"canonical\" href=\"https:\/\/www.comunidadeativa.jor.br\/index.php\/2021\/06\/23\/secult-lanca-edital-para-estudos-de-ocupacao-de-imoveis-na-praca-da-liberdade\/\" \/>\n<meta property=\"og:locale\" content=\"pt_BR\" \/>\n<meta property=\"og:type\" content=\"article\" \/>\n<meta property=\"og:title\" content=\"Secult lan\u00e7a edital para estudos de ocupa\u00e7\u00e3o de im\u00f3veis na Pra\u00e7a da Liberdade - Comunidade Ativa\" \/>\n<meta property=\"og:description\" content=\"A Secretaria de Estado de Cultura e Turismo (Secult) do Estado de Minas Gerais lan\u00e7ar\u00e1 nesta quarta-feira (23) o edital\" \/>\n<meta property=\"og:url\" content=\"https:\/\/www.comunidadeativa.jor.br\/index.php\/2021\/06\/23\/secult-lanca-edital-para-estudos-de-ocupacao-de-imoveis-na-praca-da-liberdade\/\" \/>\n<meta property=\"og:site_name\" content=\"Comunidade Ativa\" \/>\n<meta property=\"article:publisher\" content=\"https:\/\/www.facebook.com\/comunidadeativa\" \/>\n<meta property=\"article:published_time\" content=\"2021-06-23T15:37:56+00:00\" \/>\n<meta property=\"article:modified_time\" content=\"2023-08-11T21:39:16+00:00\" \/>\n<meta property=\"og:image\" content=\"https:\/\/www.comunidadeativa.jor.br\/wp-content\/uploads\/2021\/06\/capa-1.jpg\" \/>\n\t<meta property=\"og:image:width\" content=\"640\" \/>\n\t<meta property=\"og:image:height\" content=\"352\" \/>\n\t<meta property=\"og:image:type\" content=\"image\/jpeg\" \/>\n<meta name=\"author\" content=\"Comunidade Ativa\" \/>\n<meta name=\"twitter:card\" content=\"summary_large_image\" \/>\n<meta name=\"twitter:label1\" content=\"Escrito por\" \/>\n\t<meta name=\"twitter:data1\" content=\"Comunidade Ativa\" \/>\n\t<meta name=\"twitter:label2\" content=\"Est. tempo de leitura\" \/>\n\t<meta name=\"twitter:data2\" content=\"3 minutos\" \/>\n<script type=\"application\/ld+json\" class=\"yoast-schema-graph\">{\"@context\":\"https:\/\/schema.org\",\"@graph\":[{\"@type\":\"Article\",\"@id\":\"https:\/\/www.comunidadeativa.jor.br\/index.php\/2021\/06\/23\/secult-lanca-edital-para-estudos-de-ocupacao-de-imoveis-na-praca-da-liberdade\/#article\",\"isPartOf\":{\"@id\":\"https:\/\/www.comunidadeativa.jor.br\/index.php\/2021\/06\/23\/secult-lanca-edital-para-estudos-de-ocupacao-de-imoveis-na-praca-da-liberdade\/\"},\"author\":{\"name\":\"Comunidade Ativa\",\"@id\":\"https:\/\/www.comunidadeativa.jor.br\/#\/schema\/person\/dcaa1f1c51c1f0c47a33b2b734cad6e1\"},\"headline\":\"Secult lan\u00e7a edital para estudos de ocupa\u00e7\u00e3o de im\u00f3veis na Pra\u00e7a da Liberdade\",\"datePublished\":\"2021-06-23T15:37:56+00:00\",\"dateModified\":\"2023-08-11T21:39:16+00:00\",\"mainEntityOfPage\":{\"@id\":\"https:\/\/www.comunidadeativa.jor.br\/index.php\/2021\/06\/23\/secult-lanca-edital-para-estudos-de-ocupacao-de-imoveis-na-praca-da-liberdade\/\"},\"wordCount\":601,\"publisher\":{\"@id\":\"https:\/\/www.comunidadeativa.jor.br\/#organization\"},\"image\":{\"@id\":\"https:\/\/www.comunidadeativa.jor.br\/index.php\/2021\/06\/23\/secult-lanca-edital-para-estudos-de-ocupacao-de-imoveis-na-praca-da-liberdade\/#primaryimage\"},\"thumbnailUrl\":\"https:\/\/www.comunidadeativa.jor.br\/wp-content\/uploads\/2021\/06\/capa-1.jpg\",\"articleSection\":[\"Cultura\"],\"inLanguage\":\"pt-BR\"},{\"@type\":\"WebPage\",\"@id\":\"https:\/\/www.comunidadeativa.jor.br\/index.php\/2021\/06\/23\/secult-lanca-edital-para-estudos-de-ocupacao-de-imoveis-na-praca-da-liberdade\/\",\"url\":\"https:\/\/www.comunidadeativa.jor.br\/index.php\/2021\/06\/23\/secult-lanca-edital-para-estudos-de-ocupacao-de-imoveis-na-praca-da-liberdade\/\",\"name\":\"Secult lan\u00e7a edital para estudos de ocupa\u00e7\u00e3o de im\u00f3veis na Pra\u00e7a da Liberdade - Comunidade Ativa\",\"isPartOf\":{\"@id\":\"https:\/\/www.comunidadeativa.jor.br\/#website\"},\"primaryImageOfPage\":{\"@id\":\"https:\/\/www.comunidadeativa.jor.br\/index.php\/2021\/06\/23\/secult-lanca-edital-para-estudos-de-ocupacao-de-imoveis-na-praca-da-liberdade\/#primaryimage\"},\"image\":{\"@id\":\"https:\/\/www.comunidadeativa.jor.br\/index.php\/2021\/06\/23\/secult-lanca-edital-para-estudos-de-ocupacao-de-imoveis-na-praca-da-liberdade\/#primaryimage\"},\"thumbnailUrl\":\"https:\/\/www.comunidadeativa.jor.br\/wp-content\/uploads\/2021\/06\/capa-1.jpg\",\"datePublished\":\"2021-06-23T15:37:56+00:00\",\"dateModified\":\"2023-08-11T21:39:16+00:00\",\"breadcrumb\":{\"@id\":\"https:\/\/www.comunidadeativa.jor.br\/index.php\/2021\/06\/23\/secult-lanca-edital-para-estudos-de-ocupacao-de-imoveis-na-praca-da-liberdade\/#breadcrumb\"},\"inLanguage\":\"pt-BR\",\"potentialAction\":[{\"@type\":\"ReadAction\",\"target\":[\"https:\/\/www.comunidadeativa.jor.br\/index.php\/2021\/06\/23\/secult-lanca-edital-para-estudos-de-ocupacao-de-imoveis-na-praca-da-liberdade\/\"]}]},{\"@type\":\"ImageObject\",\"inLanguage\":\"pt-BR\",\"@id\":\"https:\/\/www.comunidadeativa.jor.br\/index.php\/2021\/06\/23\/secult-lanca-edital-para-estudos-de-ocupacao-de-imoveis-na-praca-da-liberdade\/#primaryimage\",\"url\":\"https:\/\/www.comunidadeativa.jor.br\/wp-content\/uploads\/2021\/06\/capa-1.jpg\",\"contentUrl\":\"https:\/\/www.comunidadeativa.jor.br\/wp-content\/uploads\/2021\/06\/capa-1.jpg\",\"width\":640,\"height\":352},{\"@type\":\"BreadcrumbList\",\"@id\":\"https:\/\/www.comunidadeativa.jor.br\/index.php\/2021\/06\/23\/secult-lanca-edital-para-estudos-de-ocupacao-de-imoveis-na-praca-da-liberdade\/#breadcrumb\",\"itemListElement\":[{\"@type\":\"ListItem\",\"position\":1,\"name\":\"In\u00edcio\",\"item\":\"https:\/\/www.comunidadeativa.jor.br\/\"},{\"@type\":\"ListItem\",\"position\":2,\"name\":\"Secult lan\u00e7a edital para estudos de ocupa\u00e7\u00e3o de im\u00f3veis na Pra\u00e7a da Liberdade\"}]},{\"@type\":\"WebSite\",\"@id\":\"https:\/\/www.comunidadeativa.jor.br\/#website\",\"url\":\"https:\/\/www.comunidadeativa.jor.br\/\",\"name\":\"Comunidade Ativa\",\"description\":\"\",\"publisher\":{\"@id\":\"https:\/\/www.comunidadeativa.jor.br\/#organization\"},\"potentialAction\":[{\"@type\":\"SearchAction\",\"target\":{\"@type\":\"EntryPoint\",\"urlTemplate\":\"https:\/\/www.comunidadeativa.jor.br\/?s={search_term_string}\"},\"query-input\":{\"@type\":\"PropertyValueSpecification\",\"valueRequired\":true,\"valueName\":\"search_term_string\"}}],\"inLanguage\":\"pt-BR\"},{\"@type\":\"Organization\",\"@id\":\"https:\/\/www.comunidadeativa.jor.br\/#organization\",\"name\":\"Comunidade Ativa\",\"url\":\"https:\/\/www.comunidadeativa.jor.br\/\",\"logo\":{\"@type\":\"ImageObject\",\"inLanguage\":\"pt-BR\",\"@id\":\"https:\/\/www.comunidadeativa.jor.br\/#\/schema\/logo\/image\/\",\"url\":\"https:\/\/www.comunidadeativa.jor.br\/wp-content\/uploads\/2018\/03\/cropped-LOGOPNG-1.png\",\"contentUrl\":\"https:\/\/www.comunidadeativa.jor.br\/wp-content\/uploads\/2018\/03\/cropped-LOGOPNG-1.png\",\"width\":318,\"height\":90,\"caption\":\"Comunidade Ativa\"},\"image\":{\"@id\":\"https:\/\/www.comunidadeativa.jor.br\/#\/schema\/logo\/image\/\"},\"sameAs\":[\"https:\/\/www.facebook.com\/comunidadeativa\"]},{\"@type\":\"Person\",\"@id\":\"https:\/\/www.comunidadeativa.jor.br\/#\/schema\/person\/dcaa1f1c51c1f0c47a33b2b734cad6e1\",\"name\":\"Comunidade Ativa\",\"image\":{\"@type\":\"ImageObject\",\"inLanguage\":\"pt-BR\",\"@id\":\"https:\/\/www.comunidadeativa.jor.br\/#\/schema\/person\/image\/\",\"url\":\"https:\/\/secure.gravatar.com\/avatar\/09a9a1f85fedf41e81b47f7c1d40084f?s=96&d=mm&r=g\",\"contentUrl\":\"https:\/\/secure.gravatar.com\/avatar\/09a9a1f85fedf41e81b47f7c1d40084f?s=96&d=mm&r=g\",\"caption\":\"Comunidade Ativa\"},\"url\":\"https:\/\/www.comunidadeativa.jor.br\/index.php\/author\/casalberto\/\"}]}<\/script>\n<!-- \/ Yoast SEO plugin. -->","yoast_head_json":{"title":"Secult lan\u00e7a edital para estudos de ocupa\u00e7\u00e3o de im\u00f3veis na Pra\u00e7a da Liberdade - Comunidade Ativa","robots":{"index":"index","follow":"follow","max-snippet":"max-snippet:-1","max-image-preview":"max-image-preview:large","max-video-preview":"max-video-preview:-1"},"canonical":"https:\/\/www.comunidadeativa.jor.br\/index.php\/2021\/06\/23\/secult-lanca-edital-para-estudos-de-ocupacao-de-imoveis-na-praca-da-liberdade\/","og_locale":"pt_BR","og_type":"article","og_title":"Secult lan\u00e7a edital para estudos de ocupa\u00e7\u00e3o de im\u00f3veis na Pra\u00e7a da Liberdade - Comunidade Ativa","og_description":"A Secretaria de Estado de Cultura e Turismo (Secult) do Estado de Minas Gerais lan\u00e7ar\u00e1 nesta quarta-feira (23) o edital","og_url":"https:\/\/www.comunidadeativa.jor.br\/index.php\/2021\/06\/23\/secult-lanca-edital-para-estudos-de-ocupacao-de-imoveis-na-praca-da-liberdade\/","og_site_name":"Comunidade Ativa","article_publisher":"https:\/\/www.facebook.com\/comunidadeativa","article_published_time":"2021-06-23T15:37:56+00:00","article_modified_time":"2023-08-11T21:39:16+00:00","og_image":[{"width":640,"height":352,"url":"https:\/\/www.comunidadeativa.jor.br\/wp-content\/uploads\/2021\/06\/capa-1.jpg","type":"image\/jpeg"}],"author":"Comunidade Ativa","twitter_card":"summary_large_image","twitter_misc":{"Escrito por":"Comunidade Ativa","Est. tempo de leitura":"3 minutos"},"schema":{"@context":"https:\/\/schema.org","@graph":[{"@type":"Article","@id":"https:\/\/www.comunidadeativa.jor.br\/index.php\/2021\/06\/23\/secult-lanca-edital-para-estudos-de-ocupacao-de-imoveis-na-praca-da-liberdade\/#article","isPartOf":{"@id":"https:\/\/www.comunidadeativa.jor.br\/index.php\/2021\/06\/23\/secult-lanca-edital-para-estudos-de-ocupacao-de-imoveis-na-praca-da-liberdade\/"},"author":{"name":"Comunidade Ativa","@id":"https:\/\/www.comunidadeativa.jor.br\/#\/schema\/person\/dcaa1f1c51c1f0c47a33b2b734cad6e1"},"headline":"Secult lan\u00e7a edital para estudos de ocupa\u00e7\u00e3o de im\u00f3veis na Pra\u00e7a da Liberdade","datePublished":"2021-06-23T15:37:56+00:00","dateModified":"2023-08-11T21:39:16+00:00","mainEntityOfPage":{"@id":"https:\/\/www.comunidadeativa.jor.br\/index.php\/2021\/06\/23\/secult-lanca-edital-para-estudos-de-ocupacao-de-imoveis-na-praca-da-liberdade\/"},"wordCount":601,"publisher":{"@id":"https:\/\/www.comunidadeativa.jor.br\/#organization"},"image":{"@id":"https:\/\/www.comunidadeativa.jor.br\/index.php\/2021\/06\/23\/secult-lanca-edital-para-estudos-de-ocupacao-de-imoveis-na-praca-da-liberdade\/#primaryimage"},"thumbnailUrl":"https:\/\/www.comunidadeativa.jor.br\/wp-content\/uploads\/2021\/06\/capa-1.jpg","articleSection":["Cultura"],"inLanguage":"pt-BR"},{"@type":"WebPage","@id":"https:\/\/www.comunidadeativa.jor.br\/index.php\/2021\/06\/23\/secult-lanca-edital-para-estudos-de-ocupacao-de-imoveis-na-praca-da-liberdade\/","url":"https:\/\/www.comunidadeativa.jor.br\/index.php\/2021\/06\/23\/secult-lanca-edital-para-estudos-de-ocupacao-de-imoveis-na-praca-da-liberdade\/","name":"Secult lan\u00e7a edital para estudos de ocupa\u00e7\u00e3o de im\u00f3veis na Pra\u00e7a da Liberdade - Comunidade Ativa","isPartOf":{"@id":"https:\/\/www.comunidadeativa.jor.br\/#website"},"primaryImageOfPage":{"@id":"https:\/\/www.comunidadeativa.jor.br\/index.php\/2021\/06\/23\/secult-lanca-edital-para-estudos-de-ocupacao-de-imoveis-na-praca-da-liberdade\/#primaryimage"},"image":{"@id":"https:\/\/www.comunidadeativa.jor.br\/index.php\/2021\/06\/23\/secult-lanca-edital-para-estudos-de-ocupacao-de-imoveis-na-praca-da-liberdade\/#primaryimage"},"thumbnailUrl":"https:\/\/www.comunidadeativa.jor.br\/wp-content\/uploads\/2021\/06\/capa-1.jpg","datePublished":"2021-06-23T15:37:56+00:00","dateModified":"2023-08-11T21:39:16+00:00","breadcrumb":{"@id":"https:\/\/www.comunidadeativa.jor.br\/index.php\/2021\/06\/23\/secult-lanca-edital-para-estudos-de-ocupacao-de-imoveis-na-praca-da-liberdade\/#breadcrumb"},"inLanguage":"pt-BR","potentialAction":[{"@type":"ReadAction","target":["https:\/\/www.comunidadeativa.jor.br\/index.php\/2021\/06\/23\/secult-lanca-edital-para-estudos-de-ocupacao-de-imoveis-na-praca-da-liberdade\/"]}]},{"@type":"ImageObject","inLanguage":"pt-BR","@id":"https:\/\/www.comunidadeativa.jor.br\/index.php\/2021\/06\/23\/secult-lanca-edital-para-estudos-de-ocupacao-de-imoveis-na-praca-da-liberdade\/#primaryimage","url":"https:\/\/www.comunidadeativa.jor.br\/wp-content\/uploads\/2021\/06\/capa-1.jpg","contentUrl":"https:\/\/www.comunidadeativa.jor.br\/wp-content\/uploads\/2021\/06\/capa-1.jpg","width":640,"height":352},{"@type":"BreadcrumbList","@id":"https:\/\/www.comunidadeativa.jor.br\/index.php\/2021\/06\/23\/secult-lanca-edital-para-estudos-de-ocupacao-de-imoveis-na-praca-da-liberdade\/#breadcrumb","itemListElement":[{"@type":"ListItem","position":1,"name":"In\u00edcio","item":"https:\/\/www.comunidadeativa.jor.br\/"},{"@type":"ListItem","position":2,"name":"Secult lan\u00e7a edital para estudos de ocupa\u00e7\u00e3o de im\u00f3veis na Pra\u00e7a da Liberdade"}]},{"@type":"WebSite","@id":"https:\/\/www.comunidadeativa.jor.br\/#website","url":"https:\/\/www.comunidadeativa.jor.br\/","name":"Comunidade Ativa","description":"","publisher":{"@id":"https:\/\/www.comunidadeativa.jor.br\/#organization"},"potentialAction":[{"@type":"SearchAction","target":{"@type":"EntryPoint","urlTemplate":"https:\/\/www.comunidadeativa.jor.br\/?s={search_term_string}"},"query-input":{"@type":"PropertyValueSpecification","valueRequired":true,"valueName":"search_term_string"}}],"inLanguage":"pt-BR"},{"@type":"Organization","@id":"https:\/\/www.comunidadeativa.jor.br\/#organization","name":"Comunidade Ativa","url":"https:\/\/www.comunidadeativa.jor.br\/","logo":{"@type":"ImageObject","inLanguage":"pt-BR","@id":"https:\/\/www.comunidadeativa.jor.br\/#\/schema\/logo\/image\/","url":"https:\/\/www.comunidadeativa.jor.br\/wp-content\/uploads\/2018\/03\/cropped-LOGOPNG-1.png","contentUrl":"https:\/\/www.comunidadeativa.jor.br\/wp-content\/uploads\/2018\/03\/cropped-LOGOPNG-1.png","width":318,"height":90,"caption":"Comunidade Ativa"},"image":{"@id":"https:\/\/www.comunidadeativa.jor.br\/#\/schema\/logo\/image\/"},"sameAs":["https:\/\/www.facebook.com\/comunidadeativa"]},{"@type":"Person","@id":"https:\/\/www.comunidadeativa.jor.br\/#\/schema\/person\/dcaa1f1c51c1f0c47a33b2b734cad6e1","name":"Comunidade Ativa","image":{"@type":"ImageObject","inLanguage":"pt-BR","@id":"https:\/\/www.comunidadeativa.jor.br\/#\/schema\/person\/image\/","url":"https:\/\/secure.gravatar.com\/avatar\/09a9a1f85fedf41e81b47f7c1d40084f?s=96&d=mm&r=g","contentUrl":"https:\/\/secure.gravatar.com\/avatar\/09a9a1f85fedf41e81b47f7c1d40084f?s=96&d=mm&r=g","caption":"Comunidade Ativa"},"url":"https:\/\/www.comunidadeativa.jor.br\/index.php\/author\/casalberto\/"}]}},"_links":{"self":[{"href":"https:\/\/www.comunidadeativa.jor.br\/index.php\/wp-json\/wp\/v2\/posts\/2211","targetHints":{"allow":["GET"]}}],"collection":[{"href":"https:\/\/www.comunidadeativa.jor.br\/index.php\/wp-json\/wp\/v2\/posts"}],"about":[{"href":"https:\/\/www.comunidadeativa.jor.br\/index.php\/wp-json\/wp\/v2\/types\/post"}],"author":[{"embeddable":true,"href":"https:\/\/www.comunidadeativa.jor.br\/index.php\/wp-json\/wp\/v2\/users\/1"}],"replies":[{"embeddable":true,"href":"https:\/\/www.comunidadeativa.jor.br\/index.php\/wp-json\/wp\/v2\/comments?post=2211"}],"version-history":[{"count":3,"href":"https:\/\/www.comunidadeativa.jor.br\/index.php\/wp-json\/wp\/v2\/posts\/2211\/revisions"}],"predecessor-version":[{"id":3867,"href":"https:\/\/www.comunidadeativa.jor.br\/index.php\/wp-json\/wp\/v2\/posts\/2211\/revisions\/3867"}],"wp:featuredmedia":[{"embeddable":true,"href":"https:\/\/www.comunidadeativa.jor.br\/index.php\/wp-json\/wp\/v2\/media\/2212"}],"wp:attachment":[{"href":"https:\/\/www.comunidadeativa.jor.br\/index.php\/wp-json\/wp\/v2\/media?parent=2211"}],"wp:term":[{"taxonomy":"category","embeddable":true,"href":"https:\/\/www.comunidadeativa.jor.br\/index.php\/wp-json\/wp\/v2\/categories?post=2211"},{"taxonomy":"post_tag","embeddable":true,"href":"https:\/\/www.comunidadeativa.jor.br\/index.php\/wp-json\/wp\/v2\/tags?post=2211"}],"curies":[{"name":"wp","href":"https:\/\/api.w.org\/{rel}","templated":true}]}}