{"id":2239,"date":"2021-07-02T10:00:04","date_gmt":"2021-07-02T13:00:04","guid":{"rendered":"https:\/\/www.comunidadeativa.jor.br\/?p=2239"},"modified":"2023-08-11T18:44:01","modified_gmt":"2023-08-11T21:44:01","slug":"a-hora-de-de-racionalizar-o-consumo-para-nao-ter-que-racionar-em-um-futuro-breve","status":"publish","type":"post","link":"https:\/\/www.comunidadeativa.jor.br\/index.php\/2021\/07\/02\/a-hora-de-de-racionalizar-o-consumo-para-nao-ter-que-racionar-em-um-futuro-breve\/","title":{"rendered":"A hora de de racionalizar o consumo para n\u00e3o ter que racionar em um futuro breve"},"content":{"rendered":"<p>N\u00e3o h\u00e1 d\u00favidas de que o consumo \u00e9 necess\u00e1rio e saud\u00e1vel, tanto para as pessoas quanto para a sociedade e para as economias dos pa\u00edses. Afinal, ao mesmo tempo em que ningu\u00e9m sobrevive sem consumir, o consumo gera empregos e as economias nacionais giram em torno do que os cidad\u00e3os de cada pa\u00eds consomem.<\/p>\n<p>O grande problema est\u00e1 no consumismo, que \u00e9 o consumo exagerado e desnecess\u00e1rio. Consumindo muito al\u00e9m do que precisam para atenderem as pr\u00f3prias necessidades \u2014 inclusive aquelas de lazer ou de simples prazer \u2014 as pessoas pressionam a capacidade de a Terra nos sustentar.<\/p>\n<h5>Dia da Sobrecarga da Terra<\/h5>\n<p>Sim! \u00c9 poss\u00edvel que estejamos consumindo muito al\u00e9m do que as fontes de recursos naturais s\u00e3o capazes de produzir e esse excesso vem sendo superado ano ap\u00f3s ano.<\/p>\n<p>A partir de levantamento de dados que regridem at\u00e9 1970, a organiza\u00e7\u00e3o n\u00e3o governamental \u00a0<a href=\"https:\/\/www.googleadservices.com\/pagead\/aclk?sa=L&amp;ai=DChcSEwja1L_f273xAhU2Hq0GHWWrDdAYABAAGgJwdg&amp;ae=2&amp;ohost=www.google.com&amp;cid=CAESQOD2XcaWk85rupHef-_1hZEA5jA_kDgmgTul9t2RjM1ellaxUs4fxXcdNoxy0IBzY7L6-4ieZCSBJ1acYCzwzA0&amp;sig=AOD64_2y9e1enN8IyxwDru8leOL9dElYew&amp;q&amp;adurl&amp;ved=2ahUKEwjJ9bHf273xAhXbppUCHa75DVEQ0Qx6BAgCEAE\" target=\"_blank\" rel=\"noopener\">Global Footprint Network<\/a>, que estabelece crit\u00e9rios de medida da <a href=\"https:\/\/www.comunidadeativa.jor.br\/?s=pegada+ecol%C3%B3gica\" target=\"_blank\" rel=\"noopener\">pegada ecol\u00f3gica<\/a> em todo o mundo, criou o <a href=\"https:\/\/www.overshootday.org\/about-earth-overshoot-day\/\" target=\"_blank\" rel=\"noopener\"><em>Dia de Sobrecarga da Terra<\/em><\/a> (<em>Overshoot Day<\/em>, no original em ingl\u00eas). A partir de um c\u00e1lculo que considera a capacidade do planeta de se regenerar em raz\u00e3o da pegada ecol\u00f3gica em todo o mundo, multiplicado pelo n\u00famero de dias de um ano \u2014 365 ou 366, se o ano for bissexto \u2014, eles conseguem definir em qual data de cada ano a humanidade teria consumido mais do que a Terra seria capaz de repor a partir de seus processos naturais.<\/p>\n<p>O c\u00e1lculo \u00e9:<br \/>\n<em><strong>capacidade do planeta de se regenerar \u00f7 pegada ecol\u00f3gica global x 365 (ou 366)<\/strong><\/em><\/p>\n<p>De fato, existem cr\u00edticos desse c\u00e1lculo, que o consideram exagerado ou meramente promocional. Contudo, ainda que pelo aspecto simb\u00f3lico, ele merece ser considerado.<\/p>\n<h5>A cada ano acontece mais cedo<\/h5>\n<p>O c\u00e1lculo do Dia da Sobrecarga da Terra come\u00e7ou a ser feito em 2007. Por\u00e9m, utilizando dados hist\u00f3ricos, os seus idealizadores conseguiram retroceder at\u00e9 1970, quando a humanidade estaria um vez por ano o que a Terra conseguia regenerar em um ano. A partir da\u00ed, tra\u00e7aram um gr\u00e1fico que aponta algo preocupante: a sobrecarga vem sendo antecipada no calend\u00e1rio de maneira significativa. Ou seja, a cada ano, estamos for\u00e7ando mais e mais a capacidade de sustenta\u00e7\u00e3o do planeta.<\/p>\n<p><img loading=\"lazy\" decoding=\"async\" class=\"alignnone size-full wp-image-2240\" src=\"https:\/\/www.comunidadeativa.jor.br\/wp-content\/uploads\/2021\/06\/terra.jpg\" alt=\"\" width=\"1200\" height=\"675\" srcset=\"https:\/\/www.comunidadeativa.jor.br\/wp-content\/uploads\/2021\/06\/terra.jpg 1200w, https:\/\/www.comunidadeativa.jor.br\/wp-content\/uploads\/2021\/06\/terra-300x169.jpg 300w, https:\/\/www.comunidadeativa.jor.br\/wp-content\/uploads\/2021\/06\/terra-1024x576.jpg 1024w, https:\/\/www.comunidadeativa.jor.br\/wp-content\/uploads\/2021\/06\/terra-768x432.jpg 768w\" sizes=\"auto, (max-width: 1200px) 100vw, 1200px\" \/><\/p>\n<p>Em 1970, o Dia de Sobrecarga foi registrado em 30 de dezembro, recuando para o dia 4 de novembro dez anos mais tarde. Em 1990 a sobrecarga foi atingida em 10 de outubro e em 2 de setembro no ano 2000. Em 2010 esteve no dia 6 de agosto, chegando a 26 de julho em 2019.<\/p>\n<h5>Refresco na pandemia<\/h5>\n<p>Como resultado da pandemia, que desacelerou o consumo e a produ\u00e7\u00e3o de bens e de servi\u00e7os no mundo inteiro, a Terra sentiu um al\u00edvio moment\u00e2neo. Em 2020 a sobrecarga foi registrada em 22 de agosto, mas est\u00e1 marcada para ocorrer em 29 de julho pr\u00f3ximo, quando o limite do planeta ser\u00e1 ultrapassado em 2021.<\/p>\n<p>Isso significa que estamos trabalhando em um saldo negativo consider\u00e1vel e evidente. Quando estivermos terminando o s\u00e9timo m\u00eas deste ano j\u00e1 teremos consumido tudo o que h\u00e1 Terra levaria 12 meses para produzir. Os cinco meses restantes ser\u00e3o de degrada\u00e7\u00e3o dos biomas<\/p>\n<p>Essa progress\u00e3o \u00e9 assustadora. Afinal, enquanto em 1970 e a humanidade consumia em um ano uma vez o que a Terra produzia naturalmente no mesmo per\u00edodo, no final de 2021, teremos consumido 1,7 vezes a mesma capacidade.<\/p>\n<p>Obviamente, essa voracidade de consumo coloca em risco a nossa sobreviv\u00eancia, a sobreviv\u00eancia de todas as demais esp\u00e9cies e a exist\u00eancia do planeta na forma como o conhecemos.<\/p>\n<h5>A solu\u00e7\u00e3o est\u00e1 no consumo consciente<\/h5>\n<p>N\u00e3o h\u00e1 outra sa\u00edda. A \u00fanica forma que temos para barrar a trag\u00e9dia iminente \u2014 <a href=\"https:\/\/www.comunidadeativa.jor.br\/index.php\/2020\/07\/31\/estudo-preve-colapso-da-civilizacao-em-40-anos-mas-a-historia-pode-ser-mudada\/\" target=\"_blank\" rel=\"noopener\">e, acredite, a imin\u00eancia \u00e9 real<\/a> \u2014 \u00e9 desacelerando o consumo. A boa not\u00edcia \u00e9 que isso n\u00e3o significa que tenhamos que abrir m\u00e3o daquilo que gostamos. Pelo menos, n\u00e3o por enquanto.<\/p>\n<p>No momento, basta racionalizar a forma como consumimos, eliminando os desperd\u00edcios e os excessos. Caso contr\u00e1rio, como a conta n\u00e3o fecha, em prazo relativamente curto de tempo, passaremos a conviver com racionamentos cada vez mais frequentes, o que nos for\u00e7ar\u00e1 a consumir menos pelo simples fato de n\u00e3o haver o que consumir.<\/p>\n<p>Ent\u00e3o, \u00e9 racionalizar ou racionar. A escolha \u00e9 nossa.<\/p>\n<p>&nbsp;<\/p>\n<p><strong><em>Uma dica<\/em><\/strong><\/p>\n<p><em>Para mais informa\u00e7\u00f5es sobre os temas abordados nessa mat\u00e9ria, acesse os links dispon\u00edveis ao longo do texto. Eles remetem \u00e0s fontes utilizadas aqui.\u00a0<\/em><\/p>\n<p><em>Uma dica: os artigos fora da p\u00e1gina do Comunidade Ativa que n\u00e3o estiverem em portugu\u00eas podem ser traduzidos automaticamente pelo navegador pelo seu navegador. Pra isso, basta clicar com o bot\u00e3o direito em qualquer ponto do texto a ser traduzido e escolher a op\u00e7\u00e3o \u201cTraduzir para o portugu\u00eas\u201d.\u00a0<\/em><\/p>\n<p>&nbsp;<\/p>\n","protected":false},"excerpt":{"rendered":"<p>N\u00e3o h\u00e1 d\u00favidas de que o consumo \u00e9 necess\u00e1rio e saud\u00e1vel, tanto para as pessoas quanto para a sociedade e<\/p>\n","protected":false},"author":1,"featured_media":2243,"comment_status":"closed","ping_status":"open","sticky":false,"template":"","format":"standard","meta":{"footnotes":""},"categories":[3],"tags":[],"class_list":["post-2239","post","type-post","status-publish","format-standard","has-post-thumbnail","hentry","category-meio-ambiente"],"yoast_head":"<!-- This site is optimized with the Yoast SEO plugin v26.0 - https:\/\/yoast.com\/wordpress\/plugins\/seo\/ -->\n<title>A hora de de racionalizar o consumo para n\u00e3o ter que racionar em um futuro breve - Comunidade Ativa<\/title>\n<meta name=\"robots\" content=\"index, follow, max-snippet:-1, max-image-preview:large, max-video-preview:-1\" \/>\n<link rel=\"canonical\" href=\"https:\/\/www.comunidadeativa.jor.br\/index.php\/2021\/07\/02\/a-hora-de-de-racionalizar-o-consumo-para-nao-ter-que-racionar-em-um-futuro-breve\/\" \/>\n<meta property=\"og:locale\" content=\"pt_BR\" \/>\n<meta property=\"og:type\" content=\"article\" \/>\n<meta property=\"og:title\" content=\"A hora de de racionalizar o consumo para n\u00e3o ter que racionar em um futuro breve - Comunidade Ativa\" \/>\n<meta property=\"og:description\" content=\"N\u00e3o h\u00e1 d\u00favidas de que o consumo \u00e9 necess\u00e1rio e saud\u00e1vel, tanto para as pessoas quanto para a sociedade e\" \/>\n<meta property=\"og:url\" content=\"https:\/\/www.comunidadeativa.jor.br\/index.php\/2021\/07\/02\/a-hora-de-de-racionalizar-o-consumo-para-nao-ter-que-racionar-em-um-futuro-breve\/\" \/>\n<meta property=\"og:site_name\" content=\"Comunidade Ativa\" \/>\n<meta property=\"article:publisher\" content=\"https:\/\/www.facebook.com\/comunidadeativa\" \/>\n<meta property=\"article:published_time\" content=\"2021-07-02T13:00:04+00:00\" \/>\n<meta property=\"article:modified_time\" content=\"2023-08-11T21:44:01+00:00\" \/>\n<meta property=\"og:image\" content=\"https:\/\/www.comunidadeativa.jor.br\/wp-content\/uploads\/2021\/06\/capa-7.jpg\" \/>\n\t<meta property=\"og:image:width\" content=\"640\" \/>\n\t<meta property=\"og:image:height\" content=\"352\" \/>\n\t<meta property=\"og:image:type\" content=\"image\/jpeg\" \/>\n<meta name=\"author\" content=\"Comunidade Ativa\" \/>\n<meta name=\"twitter:card\" content=\"summary_large_image\" \/>\n<meta name=\"twitter:label1\" content=\"Escrito por\" \/>\n\t<meta name=\"twitter:data1\" content=\"Comunidade Ativa\" \/>\n\t<meta name=\"twitter:label2\" content=\"Est. tempo de leitura\" \/>\n\t<meta name=\"twitter:data2\" content=\"4 minutos\" \/>\n<script type=\"application\/ld+json\" class=\"yoast-schema-graph\">{\"@context\":\"https:\/\/schema.org\",\"@graph\":[{\"@type\":\"Article\",\"@id\":\"https:\/\/www.comunidadeativa.jor.br\/index.php\/2021\/07\/02\/a-hora-de-de-racionalizar-o-consumo-para-nao-ter-que-racionar-em-um-futuro-breve\/#article\",\"isPartOf\":{\"@id\":\"https:\/\/www.comunidadeativa.jor.br\/index.php\/2021\/07\/02\/a-hora-de-de-racionalizar-o-consumo-para-nao-ter-que-racionar-em-um-futuro-breve\/\"},\"author\":{\"name\":\"Comunidade Ativa\",\"@id\":\"https:\/\/www.comunidadeativa.jor.br\/#\/schema\/person\/dcaa1f1c51c1f0c47a33b2b734cad6e1\"},\"headline\":\"A hora de de racionalizar o consumo para n\u00e3o ter que racionar em um futuro breve\",\"datePublished\":\"2021-07-02T13:00:04+00:00\",\"dateModified\":\"2023-08-11T21:44:01+00:00\",\"mainEntityOfPage\":{\"@id\":\"https:\/\/www.comunidadeativa.jor.br\/index.php\/2021\/07\/02\/a-hora-de-de-racionalizar-o-consumo-para-nao-ter-que-racionar-em-um-futuro-breve\/\"},\"wordCount\":827,\"publisher\":{\"@id\":\"https:\/\/www.comunidadeativa.jor.br\/#organization\"},\"image\":{\"@id\":\"https:\/\/www.comunidadeativa.jor.br\/index.php\/2021\/07\/02\/a-hora-de-de-racionalizar-o-consumo-para-nao-ter-que-racionar-em-um-futuro-breve\/#primaryimage\"},\"thumbnailUrl\":\"https:\/\/www.comunidadeativa.jor.br\/wp-content\/uploads\/2021\/06\/capa-7.jpg\",\"articleSection\":[\"Meio Ambiente\"],\"inLanguage\":\"pt-BR\"},{\"@type\":\"WebPage\",\"@id\":\"https:\/\/www.comunidadeativa.jor.br\/index.php\/2021\/07\/02\/a-hora-de-de-racionalizar-o-consumo-para-nao-ter-que-racionar-em-um-futuro-breve\/\",\"url\":\"https:\/\/www.comunidadeativa.jor.br\/index.php\/2021\/07\/02\/a-hora-de-de-racionalizar-o-consumo-para-nao-ter-que-racionar-em-um-futuro-breve\/\",\"name\":\"A hora de de racionalizar o consumo para n\u00e3o ter que racionar em um futuro breve - Comunidade Ativa\",\"isPartOf\":{\"@id\":\"https:\/\/www.comunidadeativa.jor.br\/#website\"},\"primaryImageOfPage\":{\"@id\":\"https:\/\/www.comunidadeativa.jor.br\/index.php\/2021\/07\/02\/a-hora-de-de-racionalizar-o-consumo-para-nao-ter-que-racionar-em-um-futuro-breve\/#primaryimage\"},\"image\":{\"@id\":\"https:\/\/www.comunidadeativa.jor.br\/index.php\/2021\/07\/02\/a-hora-de-de-racionalizar-o-consumo-para-nao-ter-que-racionar-em-um-futuro-breve\/#primaryimage\"},\"thumbnailUrl\":\"https:\/\/www.comunidadeativa.jor.br\/wp-content\/uploads\/2021\/06\/capa-7.jpg\",\"datePublished\":\"2021-07-02T13:00:04+00:00\",\"dateModified\":\"2023-08-11T21:44:01+00:00\",\"breadcrumb\":{\"@id\":\"https:\/\/www.comunidadeativa.jor.br\/index.php\/2021\/07\/02\/a-hora-de-de-racionalizar-o-consumo-para-nao-ter-que-racionar-em-um-futuro-breve\/#breadcrumb\"},\"inLanguage\":\"pt-BR\",\"potentialAction\":[{\"@type\":\"ReadAction\",\"target\":[\"https:\/\/www.comunidadeativa.jor.br\/index.php\/2021\/07\/02\/a-hora-de-de-racionalizar-o-consumo-para-nao-ter-que-racionar-em-um-futuro-breve\/\"]}]},{\"@type\":\"ImageObject\",\"inLanguage\":\"pt-BR\",\"@id\":\"https:\/\/www.comunidadeativa.jor.br\/index.php\/2021\/07\/02\/a-hora-de-de-racionalizar-o-consumo-para-nao-ter-que-racionar-em-um-futuro-breve\/#primaryimage\",\"url\":\"https:\/\/www.comunidadeativa.jor.br\/wp-content\/uploads\/2021\/06\/capa-7.jpg\",\"contentUrl\":\"https:\/\/www.comunidadeativa.jor.br\/wp-content\/uploads\/2021\/06\/capa-7.jpg\",\"width\":640,\"height\":352},{\"@type\":\"BreadcrumbList\",\"@id\":\"https:\/\/www.comunidadeativa.jor.br\/index.php\/2021\/07\/02\/a-hora-de-de-racionalizar-o-consumo-para-nao-ter-que-racionar-em-um-futuro-breve\/#breadcrumb\",\"itemListElement\":[{\"@type\":\"ListItem\",\"position\":1,\"name\":\"In\u00edcio\",\"item\":\"https:\/\/www.comunidadeativa.jor.br\/\"},{\"@type\":\"ListItem\",\"position\":2,\"name\":\"A hora de de racionalizar o consumo para n\u00e3o ter que racionar em um futuro breve\"}]},{\"@type\":\"WebSite\",\"@id\":\"https:\/\/www.comunidadeativa.jor.br\/#website\",\"url\":\"https:\/\/www.comunidadeativa.jor.br\/\",\"name\":\"Comunidade Ativa\",\"description\":\"\",\"publisher\":{\"@id\":\"https:\/\/www.comunidadeativa.jor.br\/#organization\"},\"potentialAction\":[{\"@type\":\"SearchAction\",\"target\":{\"@type\":\"EntryPoint\",\"urlTemplate\":\"https:\/\/www.comunidadeativa.jor.br\/?s={search_term_string}\"},\"query-input\":{\"@type\":\"PropertyValueSpecification\",\"valueRequired\":true,\"valueName\":\"search_term_string\"}}],\"inLanguage\":\"pt-BR\"},{\"@type\":\"Organization\",\"@id\":\"https:\/\/www.comunidadeativa.jor.br\/#organization\",\"name\":\"Comunidade Ativa\",\"url\":\"https:\/\/www.comunidadeativa.jor.br\/\",\"logo\":{\"@type\":\"ImageObject\",\"inLanguage\":\"pt-BR\",\"@id\":\"https:\/\/www.comunidadeativa.jor.br\/#\/schema\/logo\/image\/\",\"url\":\"https:\/\/www.comunidadeativa.jor.br\/wp-content\/uploads\/2018\/03\/cropped-LOGOPNG-1.png\",\"contentUrl\":\"https:\/\/www.comunidadeativa.jor.br\/wp-content\/uploads\/2018\/03\/cropped-LOGOPNG-1.png\",\"width\":318,\"height\":90,\"caption\":\"Comunidade Ativa\"},\"image\":{\"@id\":\"https:\/\/www.comunidadeativa.jor.br\/#\/schema\/logo\/image\/\"},\"sameAs\":[\"https:\/\/www.facebook.com\/comunidadeativa\"]},{\"@type\":\"Person\",\"@id\":\"https:\/\/www.comunidadeativa.jor.br\/#\/schema\/person\/dcaa1f1c51c1f0c47a33b2b734cad6e1\",\"name\":\"Comunidade Ativa\",\"image\":{\"@type\":\"ImageObject\",\"inLanguage\":\"pt-BR\",\"@id\":\"https:\/\/www.comunidadeativa.jor.br\/#\/schema\/person\/image\/\",\"url\":\"https:\/\/secure.gravatar.com\/avatar\/09a9a1f85fedf41e81b47f7c1d40084f?s=96&d=mm&r=g\",\"contentUrl\":\"https:\/\/secure.gravatar.com\/avatar\/09a9a1f85fedf41e81b47f7c1d40084f?s=96&d=mm&r=g\",\"caption\":\"Comunidade Ativa\"},\"url\":\"https:\/\/www.comunidadeativa.jor.br\/index.php\/author\/casalberto\/\"}]}<\/script>\n<!-- \/ Yoast SEO plugin. -->","yoast_head_json":{"title":"A hora de de racionalizar o consumo para n\u00e3o ter que racionar em um futuro breve - Comunidade Ativa","robots":{"index":"index","follow":"follow","max-snippet":"max-snippet:-1","max-image-preview":"max-image-preview:large","max-video-preview":"max-video-preview:-1"},"canonical":"https:\/\/www.comunidadeativa.jor.br\/index.php\/2021\/07\/02\/a-hora-de-de-racionalizar-o-consumo-para-nao-ter-que-racionar-em-um-futuro-breve\/","og_locale":"pt_BR","og_type":"article","og_title":"A hora de de racionalizar o consumo para n\u00e3o ter que racionar em um futuro breve - Comunidade Ativa","og_description":"N\u00e3o h\u00e1 d\u00favidas de que o consumo \u00e9 necess\u00e1rio e saud\u00e1vel, tanto para as pessoas quanto para a sociedade e","og_url":"https:\/\/www.comunidadeativa.jor.br\/index.php\/2021\/07\/02\/a-hora-de-de-racionalizar-o-consumo-para-nao-ter-que-racionar-em-um-futuro-breve\/","og_site_name":"Comunidade Ativa","article_publisher":"https:\/\/www.facebook.com\/comunidadeativa","article_published_time":"2021-07-02T13:00:04+00:00","article_modified_time":"2023-08-11T21:44:01+00:00","og_image":[{"width":640,"height":352,"url":"https:\/\/www.comunidadeativa.jor.br\/wp-content\/uploads\/2021\/06\/capa-7.jpg","type":"image\/jpeg"}],"author":"Comunidade Ativa","twitter_card":"summary_large_image","twitter_misc":{"Escrito por":"Comunidade Ativa","Est. tempo de leitura":"4 minutos"},"schema":{"@context":"https:\/\/schema.org","@graph":[{"@type":"Article","@id":"https:\/\/www.comunidadeativa.jor.br\/index.php\/2021\/07\/02\/a-hora-de-de-racionalizar-o-consumo-para-nao-ter-que-racionar-em-um-futuro-breve\/#article","isPartOf":{"@id":"https:\/\/www.comunidadeativa.jor.br\/index.php\/2021\/07\/02\/a-hora-de-de-racionalizar-o-consumo-para-nao-ter-que-racionar-em-um-futuro-breve\/"},"author":{"name":"Comunidade Ativa","@id":"https:\/\/www.comunidadeativa.jor.br\/#\/schema\/person\/dcaa1f1c51c1f0c47a33b2b734cad6e1"},"headline":"A hora de de racionalizar o consumo para n\u00e3o ter que racionar em um futuro breve","datePublished":"2021-07-02T13:00:04+00:00","dateModified":"2023-08-11T21:44:01+00:00","mainEntityOfPage":{"@id":"https:\/\/www.comunidadeativa.jor.br\/index.php\/2021\/07\/02\/a-hora-de-de-racionalizar-o-consumo-para-nao-ter-que-racionar-em-um-futuro-breve\/"},"wordCount":827,"publisher":{"@id":"https:\/\/www.comunidadeativa.jor.br\/#organization"},"image":{"@id":"https:\/\/www.comunidadeativa.jor.br\/index.php\/2021\/07\/02\/a-hora-de-de-racionalizar-o-consumo-para-nao-ter-que-racionar-em-um-futuro-breve\/#primaryimage"},"thumbnailUrl":"https:\/\/www.comunidadeativa.jor.br\/wp-content\/uploads\/2021\/06\/capa-7.jpg","articleSection":["Meio Ambiente"],"inLanguage":"pt-BR"},{"@type":"WebPage","@id":"https:\/\/www.comunidadeativa.jor.br\/index.php\/2021\/07\/02\/a-hora-de-de-racionalizar-o-consumo-para-nao-ter-que-racionar-em-um-futuro-breve\/","url":"https:\/\/www.comunidadeativa.jor.br\/index.php\/2021\/07\/02\/a-hora-de-de-racionalizar-o-consumo-para-nao-ter-que-racionar-em-um-futuro-breve\/","name":"A hora de de racionalizar o consumo para n\u00e3o ter que racionar em um futuro breve - Comunidade Ativa","isPartOf":{"@id":"https:\/\/www.comunidadeativa.jor.br\/#website"},"primaryImageOfPage":{"@id":"https:\/\/www.comunidadeativa.jor.br\/index.php\/2021\/07\/02\/a-hora-de-de-racionalizar-o-consumo-para-nao-ter-que-racionar-em-um-futuro-breve\/#primaryimage"},"image":{"@id":"https:\/\/www.comunidadeativa.jor.br\/index.php\/2021\/07\/02\/a-hora-de-de-racionalizar-o-consumo-para-nao-ter-que-racionar-em-um-futuro-breve\/#primaryimage"},"thumbnailUrl":"https:\/\/www.comunidadeativa.jor.br\/wp-content\/uploads\/2021\/06\/capa-7.jpg","datePublished":"2021-07-02T13:00:04+00:00","dateModified":"2023-08-11T21:44:01+00:00","breadcrumb":{"@id":"https:\/\/www.comunidadeativa.jor.br\/index.php\/2021\/07\/02\/a-hora-de-de-racionalizar-o-consumo-para-nao-ter-que-racionar-em-um-futuro-breve\/#breadcrumb"},"inLanguage":"pt-BR","potentialAction":[{"@type":"ReadAction","target":["https:\/\/www.comunidadeativa.jor.br\/index.php\/2021\/07\/02\/a-hora-de-de-racionalizar-o-consumo-para-nao-ter-que-racionar-em-um-futuro-breve\/"]}]},{"@type":"ImageObject","inLanguage":"pt-BR","@id":"https:\/\/www.comunidadeativa.jor.br\/index.php\/2021\/07\/02\/a-hora-de-de-racionalizar-o-consumo-para-nao-ter-que-racionar-em-um-futuro-breve\/#primaryimage","url":"https:\/\/www.comunidadeativa.jor.br\/wp-content\/uploads\/2021\/06\/capa-7.jpg","contentUrl":"https:\/\/www.comunidadeativa.jor.br\/wp-content\/uploads\/2021\/06\/capa-7.jpg","width":640,"height":352},{"@type":"BreadcrumbList","@id":"https:\/\/www.comunidadeativa.jor.br\/index.php\/2021\/07\/02\/a-hora-de-de-racionalizar-o-consumo-para-nao-ter-que-racionar-em-um-futuro-breve\/#breadcrumb","itemListElement":[{"@type":"ListItem","position":1,"name":"In\u00edcio","item":"https:\/\/www.comunidadeativa.jor.br\/"},{"@type":"ListItem","position":2,"name":"A hora de de racionalizar o consumo para n\u00e3o ter que racionar em um futuro breve"}]},{"@type":"WebSite","@id":"https:\/\/www.comunidadeativa.jor.br\/#website","url":"https:\/\/www.comunidadeativa.jor.br\/","name":"Comunidade Ativa","description":"","publisher":{"@id":"https:\/\/www.comunidadeativa.jor.br\/#organization"},"potentialAction":[{"@type":"SearchAction","target":{"@type":"EntryPoint","urlTemplate":"https:\/\/www.comunidadeativa.jor.br\/?s={search_term_string}"},"query-input":{"@type":"PropertyValueSpecification","valueRequired":true,"valueName":"search_term_string"}}],"inLanguage":"pt-BR"},{"@type":"Organization","@id":"https:\/\/www.comunidadeativa.jor.br\/#organization","name":"Comunidade Ativa","url":"https:\/\/www.comunidadeativa.jor.br\/","logo":{"@type":"ImageObject","inLanguage":"pt-BR","@id":"https:\/\/www.comunidadeativa.jor.br\/#\/schema\/logo\/image\/","url":"https:\/\/www.comunidadeativa.jor.br\/wp-content\/uploads\/2018\/03\/cropped-LOGOPNG-1.png","contentUrl":"https:\/\/www.comunidadeativa.jor.br\/wp-content\/uploads\/2018\/03\/cropped-LOGOPNG-1.png","width":318,"height":90,"caption":"Comunidade Ativa"},"image":{"@id":"https:\/\/www.comunidadeativa.jor.br\/#\/schema\/logo\/image\/"},"sameAs":["https:\/\/www.facebook.com\/comunidadeativa"]},{"@type":"Person","@id":"https:\/\/www.comunidadeativa.jor.br\/#\/schema\/person\/dcaa1f1c51c1f0c47a33b2b734cad6e1","name":"Comunidade Ativa","image":{"@type":"ImageObject","inLanguage":"pt-BR","@id":"https:\/\/www.comunidadeativa.jor.br\/#\/schema\/person\/image\/","url":"https:\/\/secure.gravatar.com\/avatar\/09a9a1f85fedf41e81b47f7c1d40084f?s=96&d=mm&r=g","contentUrl":"https:\/\/secure.gravatar.com\/avatar\/09a9a1f85fedf41e81b47f7c1d40084f?s=96&d=mm&r=g","caption":"Comunidade Ativa"},"url":"https:\/\/www.comunidadeativa.jor.br\/index.php\/author\/casalberto\/"}]}},"_links":{"self":[{"href":"https:\/\/www.comunidadeativa.jor.br\/index.php\/wp-json\/wp\/v2\/posts\/2239","targetHints":{"allow":["GET"]}}],"collection":[{"href":"https:\/\/www.comunidadeativa.jor.br\/index.php\/wp-json\/wp\/v2\/posts"}],"about":[{"href":"https:\/\/www.comunidadeativa.jor.br\/index.php\/wp-json\/wp\/v2\/types\/post"}],"author":[{"embeddable":true,"href":"https:\/\/www.comunidadeativa.jor.br\/index.php\/wp-json\/wp\/v2\/users\/1"}],"replies":[{"embeddable":true,"href":"https:\/\/www.comunidadeativa.jor.br\/index.php\/wp-json\/wp\/v2\/comments?post=2239"}],"version-history":[{"count":2,"href":"https:\/\/www.comunidadeativa.jor.br\/index.php\/wp-json\/wp\/v2\/posts\/2239\/revisions"}],"predecessor-version":[{"id":3875,"href":"https:\/\/www.comunidadeativa.jor.br\/index.php\/wp-json\/wp\/v2\/posts\/2239\/revisions\/3875"}],"wp:featuredmedia":[{"embeddable":true,"href":"https:\/\/www.comunidadeativa.jor.br\/index.php\/wp-json\/wp\/v2\/media\/2243"}],"wp:attachment":[{"href":"https:\/\/www.comunidadeativa.jor.br\/index.php\/wp-json\/wp\/v2\/media?parent=2239"}],"wp:term":[{"taxonomy":"category","embeddable":true,"href":"https:\/\/www.comunidadeativa.jor.br\/index.php\/wp-json\/wp\/v2\/categories?post=2239"},{"taxonomy":"post_tag","embeddable":true,"href":"https:\/\/www.comunidadeativa.jor.br\/index.php\/wp-json\/wp\/v2\/tags?post=2239"}],"curies":[{"name":"wp","href":"https:\/\/api.w.org\/{rel}","templated":true}]}}